{"id":206397,"date":"2023-06-07T07:27:00","date_gmt":"2023-06-07T07:27:00","guid":{"rendered":"https:\/\/www.webdo.tn\/fr\/blog\/tunisie-bac-2023-c-est-le-jour-j\/206397\/"},"modified":"2025-05-20T22:42:54","modified_gmt":"2025-05-20T22:42:54","slug":"tunisie-bac-2023-c-est-le-jour-j","status":"publish","type":"post","link":"https:\/\/www.webdo.tn\/fr\/actualite\/national\/tunisie-bac-2023-c-est-le-jour-j\/206397\/","title":{"rendered":"Tunisie \u2013 Bac 2023 : C\u2019est le jour J !"},"content":{"rendered":"<p>Quelque 137906 \u00e9l\u00e8ves passent \u00e0 partir d\u2019aujourd\u2019hui, mercredi 7 juin 2023, les \u00e9preuves de la session principale du baccalaur\u00e9at dont les r\u00e9sultats seront annonc\u00e9s le 25 juin en cours.<\/p>\n<p>\t\t\t\t\t\t\t\t\tLes \u00e9preuves se d\u00e9rouleront les 7, 8, 9, 12, 13 et 14 juin en cours dans 584 centres d\u2019examens \u00e0 travers le pays contre 578 centres en 2022.<\/p>\n<p>Selon les chiffres fournis lundi par le minist\u00e8re de l\u2019\u00e9ducation lors d\u2019une conf\u00e9rence de presse, le nombre de candidats au baccalaur\u00e9at en 2023 a enregistr\u00e9 une hausse de 2941 \u00e9l\u00e8ves par rapport \u00e0 2022.<\/p>\n<p>82% du total des candidats sont inscrits dans les \u00e9tablissements publics, soit 112573 \u00e9l\u00e8ves contre 18539 candidats du secteur priv\u00e9 (13%) et 6794 candidatures libres (5%).<\/p>\n<p>D\u2019apr\u00e8s les m\u00eames chiffres, la session de 2023 enregistre une hausse du nombre de candidats dans la section lettres (27149 \u00e9l\u00e8ves contre 26931 \u00e9l\u00e8ves en 2022), la section \u00e9conomie gestion (48260 contre 45655 en 2022), la section sciences techniques (17249 contre 17156 en 2022) et la section sciences de l\u2019informatique (9282 contre 8252 en 2022).<\/p>\n<p>En revanche, le nombre de candidats a baiss\u00e9 dans la section math\u00e9matiques (8673 en 2023 contre 8785 en 2022), la section sciences exp\u00e9rimentales (25987 en 2023 contre 26554 en 2022) et la section sport (1306 en 2023 contre 1632 en 2022).<\/p>\n<p>S\u2019agissant des mesures sp\u00e9cifiques, 14 candidats d\u00e9tenus passeront l\u2019examen du baccalaur\u00e9at en prison, 471 b\u00e9n\u00e9ficieront de temps suppl\u00e9mentaire, 47 auront les sujets des examens \u00e9crits en braille, 91 recevront des copies avec des \u00e9critures agrandies, 5 profiteront de la traduction en fran\u00e7ais des sujets de la philosophie pour les sections scientifiques et l\u2019histoire et g\u00e9ographie pour la section \u00e9conomie et gestion. Un seul candidat aura le droit d\u2019utiliser la tablette.<\/p>\n<p>A noter que la session de contr\u00f4le du baccalaur\u00e9at aura lieu les 03, 04, 05 et 06 juillet prochain et les r\u00e9sultats d\u00e9finitifs seront annonc\u00e9s le 16 du m\u00eame mois.<\/p>\n","protected":false},"excerpt":{"rendered":"<p>Quelque 137906 \u00e9l\u00e8ves passent \u00e0 partir d\u2019aujourd\u2019hui, mercredi, les \u00e9preuves de la session principale du baccalaur\u00e9at dont les r\u00e9sultats seront annonc\u00e9s le 25 j&#8230;<\/p>\n","protected":false},"author":3175,"featured_media":250961,"comment_status":"open","ping_status":"closed","sticky":false,"template":"","format":"standard","meta":{"footnotes":""},"categories":[44],"tags":[6371,8197,2608],"class_list":["post-206397","post","type-post","status-publish","format-standard","has-post-thumbnail","hentry","category-national","tag-bac","tag-bac-2023","tag-tunisie"],"yoast_head":"<!-- This site is optimized with the Yoast SEO Premium plugin v27.4 (Yoast SEO v27.5) - https:\/\/yoast.com\/product\/yoast-seo-premium-wordpress\/ -->\n<title>Tunisie \u2013 Bac 2023 : C\u2019est le jour J !<\/title>\n<meta name=\"description\" content=\"Quelque 137906 \u00e9l\u00e8ves passent \u00e0 partir d\u2019aujourd\u2019hui, mercredi, les \u00e9preuves de la session principale du baccalaur\u00e9at dont les r\u00e9sultats seront annonc\u00e9s le 25 j...\" \/>\n<link rel=\"canonical\" href=\"https:\/\/www.webdo.tn\/fr\/actualite\/national\/tunisie-bac-2023-c-est-le-jour-j\/206397\/\" \/>\n<meta property=\"og:locale\" content=\"fr_FR\" \/>\n<meta property=\"og:type\" content=\"article\" \/>\n<meta property=\"og:title\" content=\"Tunisie \u2013 Bac 2023 : C\u2019est le jour J !\" \/>\n<meta property=\"og:description\" content=\"Quelque 137906 \u00e9l\u00e8ves passent \u00e0 partir d\u2019aujourd\u2019hui, mercredi, les \u00e9preuves de la session principale du baccalaur\u00e9at dont les r\u00e9sultats seront annonc\u00e9s le 25 j...\" \/>\n<meta property=\"og:url\" content=\"https:\/\/www.webdo.tn\/fr\/actualite\/national\/tunisie-bac-2023-c-est-le-jour-j\/206397\/\" \/>\n<meta property=\"og:site_name\" content=\"webdo\" \/>\n<meta property=\"article:publisher\" content=\"https:\/\/www.facebook.com\/webdotn\" \/>\n<meta property=\"article:published_time\" content=\"2023-06-07T07:27:00+00:00\" \/>\n<meta property=\"article:modified_time\" content=\"2025-05-20T22:42:54+00:00\" \/>\n<meta property=\"og:image\" content=\"https:\/\/www.webdo.tn\/fr\/wp-content\/uploads\/2023\/06\/f36ddb841c59afc55bfe99d8905cd2eb.jpg\" \/>\n\t<meta property=\"og:image:width\" content=\"600\" \/>\n\t<meta property=\"og:image:height\" content=\"320\" \/>\n\t<meta property=\"og:image:type\" content=\"image\/jpeg\" \/>\n<meta name=\"author\" content=\"CL\" \/>\n<meta name=\"twitter:card\" content=\"summary_large_image\" \/>\n<meta name=\"twitter:creator\" content=\"@webdo_tn\" \/>\n<meta name=\"twitter:site\" content=\"@webdo_tn\" \/>\n<meta name=\"twitter:label1\" content=\"\u00c9crit par\" \/>\n\t<meta name=\"twitter:data1\" content=\"CL\" \/>\n\t<meta name=\"twitter:label2\" content=\"Dur\u00e9e de lecture estim\u00e9e\" \/>\n\t<meta name=\"twitter:data2\" content=\"1 minute\" \/>\n<script type=\"application\/ld+json\" class=\"yoast-schema-graph\">{\"@context\":\"https:\\\/\\\/schema.org\",\"@graph\":[{\"@type\":\"NewsArticle\",\"@id\":\"https:\\\/\\\/www.webdo.tn\\\/fr\\\/actualite\\\/national\\\/tunisie-bac-2023-c-est-le-jour-j\\\/206397\\\/#article\",\"isPartOf\":{\"@id\":\"https:\\\/\\\/www.webdo.tn\\\/fr\\\/actualite\\\/national\\\/tunisie-bac-2023-c-est-le-jour-j\\\/206397\\\/\"},\"author\":{\"name\":\"CL\",\"@id\":\"https:\\\/\\\/www.webdo.tn\\\/fr\\\/#\\\/schema\\\/person\\\/f35b42a42c5e2511bbd282959d6385cc\"},\"headline\":\"Tunisie \u2013 Bac 2023 : C\u2019est le jour J !\",\"datePublished\":\"2023-06-07T07:27:00+00:00\",\"dateModified\":\"2025-05-20T22:42:54+00:00\",\"mainEntityOfPage\":{\"@id\":\"https:\\\/\\\/www.webdo.tn\\\/fr\\\/actualite\\\/national\\\/tunisie-bac-2023-c-est-le-jour-j\\\/206397\\\/\"},\"wordCount\":301,\"commentCount\":0,\"publisher\":{\"@id\":\"https:\\\/\\\/www.webdo.tn\\\/fr\\\/#organization\"},\"image\":{\"@id\":\"https:\\\/\\\/www.webdo.tn\\\/fr\\\/actualite\\\/national\\\/tunisie-bac-2023-c-est-le-jour-j\\\/206397\\\/#primaryimage\"},\"thumbnailUrl\":\"https:\\\/\\\/www.webdo.tn\\\/fr\\\/wp-content\\\/uploads\\\/2023\\\/06\\\/f36ddb841c59afc55bfe99d8905cd2eb.jpg\",\"keywords\":[\"bac\",\"Bac 2023\",\"Tunisie\"],\"articleSection\":[\"National\"],\"inLanguage\":\"fr-FR\"},{\"@type\":\"WebPage\",\"@id\":\"https:\\\/\\\/www.webdo.tn\\\/fr\\\/actualite\\\/national\\\/tunisie-bac-2023-c-est-le-jour-j\\\/206397\\\/\",\"url\":\"https:\\\/\\\/www.webdo.tn\\\/fr\\\/actualite\\\/national\\\/tunisie-bac-2023-c-est-le-jour-j\\\/206397\\\/\",\"name\":\"Tunisie \u2013 Bac 2023 : C\u2019est le jour J !\",\"isPartOf\":{\"@id\":\"https:\\\/\\\/www.webdo.tn\\\/fr\\\/#website\"},\"primaryImageOfPage\":{\"@id\":\"https:\\\/\\\/www.webdo.tn\\\/fr\\\/actualite\\\/national\\\/tunisie-bac-2023-c-est-le-jour-j\\\/206397\\\/#primaryimage\"},\"image\":{\"@id\":\"https:\\\/\\\/www.webdo.tn\\\/fr\\\/actualite\\\/national\\\/tunisie-bac-2023-c-est-le-jour-j\\\/206397\\\/#primaryimage\"},\"thumbnailUrl\":\"https:\\\/\\\/www.webdo.tn\\\/fr\\\/wp-content\\\/uploads\\\/2023\\\/06\\\/f36ddb841c59afc55bfe99d8905cd2eb.jpg\",\"datePublished\":\"2023-06-07T07:27:00+00:00\",\"dateModified\":\"2025-05-20T22:42:54+00:00\",\"description\":\"Quelque 137906 \u00e9l\u00e8ves passent \u00e0 partir d\u2019aujourd\u2019hui, mercredi, les \u00e9preuves de la session principale du baccalaur\u00e9at dont les r\u00e9sultats seront annonc\u00e9s le 25 j...\",\"breadcrumb\":{\"@id\":\"https:\\\/\\\/www.webdo.tn\\\/fr\\\/actualite\\\/national\\\/tunisie-bac-2023-c-est-le-jour-j\\\/206397\\\/#breadcrumb\"},\"inLanguage\":\"fr-FR\",\"potentialAction\":[{\"@type\":\"ReadAction\",\"target\":[\"https:\\\/\\\/www.webdo.tn\\\/fr\\\/actualite\\\/national\\\/tunisie-bac-2023-c-est-le-jour-j\\\/206397\\\/\"]}]},{\"@type\":\"ImageObject\",\"inLanguage\":\"fr-FR\",\"@id\":\"https:\\\/\\\/www.webdo.tn\\\/fr\\\/actualite\\\/national\\\/tunisie-bac-2023-c-est-le-jour-j\\\/206397\\\/#primaryimage\",\"url\":\"https:\\\/\\\/www.webdo.tn\\\/fr\\\/wp-content\\\/uploads\\\/2023\\\/06\\\/f36ddb841c59afc55bfe99d8905cd2eb.jpg\",\"contentUrl\":\"https:\\\/\\\/www.webdo.tn\\\/fr\\\/wp-content\\\/uploads\\\/2023\\\/06\\\/f36ddb841c59afc55bfe99d8905cd2eb.jpg\",\"width\":600,\"height\":320,\"caption\":\"Tunisie \u2013 Bac 2023 : C\u2019est le jour J !\"},{\"@type\":\"BreadcrumbList\",\"@id\":\"https:\\\/\\\/www.webdo.tn\\\/fr\\\/actualite\\\/national\\\/tunisie-bac-2023-c-est-le-jour-j\\\/206397\\\/#breadcrumb\",\"itemListElement\":[{\"@type\":\"ListItem\",\"position\":1,\"name\":\"Accueil\",\"item\":\"https:\\\/\\\/www.webdo.tn\\\/fr\\\/\"},{\"@type\":\"ListItem\",\"position\":2,\"name\":\"Tunisie \u2013 Bac 2023 : C\u2019est le jour J !\"}]},{\"@type\":\"WebSite\",\"@id\":\"https:\\\/\\\/www.webdo.tn\\\/fr\\\/#website\",\"url\":\"https:\\\/\\\/www.webdo.tn\\\/fr\\\/\",\"name\":\"webdo\",\"description\":\"Tunisie - News en Tunisie et \u00e0 l&#039;international sur Webdo.tn\",\"publisher\":{\"@id\":\"https:\\\/\\\/www.webdo.tn\\\/fr\\\/#organization\"},\"potentialAction\":[{\"@type\":\"SearchAction\",\"target\":{\"@type\":\"EntryPoint\",\"urlTemplate\":\"https:\\\/\\\/www.webdo.tn\\\/fr\\\/?s={search_term_string}\"},\"query-input\":{\"@type\":\"PropertyValueSpecification\",\"valueRequired\":true,\"valueName\":\"search_term_string\"}}],\"inLanguage\":\"fr-FR\"},{\"@type\":\"Organization\",\"@id\":\"https:\\\/\\\/www.webdo.tn\\\/fr\\\/#organization\",\"name\":\"Webdo\",\"alternateName\":\"Webdo.tn\",\"url\":\"https:\\\/\\\/www.webdo.tn\\\/fr\\\/\",\"logo\":{\"@type\":\"ImageObject\",\"inLanguage\":\"fr-FR\",\"@id\":\"https:\\\/\\\/www.webdo.tn\\\/fr\\\/#\\\/schema\\\/logo\\\/image\\\/\",\"url\":\"https:\\\/\\\/www.webdo.tn\\\/fr\\\/wp-content\\\/uploads\\\/2025\\\/06\\\/Webdo-Tunisie_168377.jpg\",\"contentUrl\":\"https:\\\/\\\/www.webdo.tn\\\/fr\\\/wp-content\\\/uploads\\\/2025\\\/06\\\/Webdo-Tunisie_168377.jpg\",\"width\":301,\"height\":301,\"caption\":\"Webdo\"},\"image\":{\"@id\":\"https:\\\/\\\/www.webdo.tn\\\/fr\\\/#\\\/schema\\\/logo\\\/image\\\/\"},\"sameAs\":[\"https:\\\/\\\/www.facebook.com\\\/webdotn\",\"https:\\\/\\\/x.com\\\/webdo_tn\"],\"description\":\"Webdo est un m\u00e9dia num\u00e9rique tunisien fond\u00e9 en 2010, sp\u00e9cialis\u00e9 dans l\u2019actualit\u00e9 nationale et internationale, l\u2019\u00e9conomie, la soci\u00e9t\u00e9 et les analyses politiques. Le site s\u2019adresse \u00e0 un large public francophone et couvre l\u2019information tunisienne en temps r\u00e9el.\",\"email\":\"redac@webdo.tn\",\"legalName\":\"YNJ SARL\",\"foundingDate\":\"2010-09-06\",\"numberOfEmployees\":{\"@type\":\"QuantitativeValue\",\"minValue\":\"11\",\"maxValue\":\"50\"}},{\"@type\":\"Person\",\"@id\":\"https:\\\/\\\/www.webdo.tn\\\/fr\\\/#\\\/schema\\\/person\\\/f35b42a42c5e2511bbd282959d6385cc\",\"name\":\"CL\",\"image\":{\"@type\":\"ImageObject\",\"inLanguage\":\"fr-FR\",\"@id\":\"https:\\\/\\\/secure.gravatar.com\\\/avatar\\\/1447a49909b67aa657c488aec6512e1dd6143a480c1ecfee9b5b5cd74eb3b59e?s=96&d=mm&r=g\",\"url\":\"https:\\\/\\\/secure.gravatar.com\\\/avatar\\\/1447a49909b67aa657c488aec6512e1dd6143a480c1ecfee9b5b5cd74eb3b59e?s=96&d=mm&r=g\",\"contentUrl\":\"https:\\\/\\\/secure.gravatar.com\\\/avatar\\\/1447a49909b67aa657c488aec6512e1dd6143a480c1ecfee9b5b5cd74eb3b59e?s=96&d=mm&r=g\",\"caption\":\"CL\"},\"url\":\"https:\\\/\\\/www.webdo.tn\\\/fr\\\/actualite\\\/author\\\/cl\\\/\"}]}<\/script>\n<!-- \/ Yoast SEO Premium plugin. -->","yoast_head_json":{"title":"Tunisie \u2013 Bac 2023 : C\u2019est le jour J !","description":"Quelque 137906 \u00e9l\u00e8ves passent \u00e0 partir d\u2019aujourd\u2019hui, mercredi, les \u00e9preuves de la session principale du baccalaur\u00e9at dont les r\u00e9sultats seront annonc\u00e9s le 25 j...","canonical":"https:\/\/www.webdo.tn\/fr\/actualite\/national\/tunisie-bac-2023-c-est-le-jour-j\/206397\/","og_locale":"fr_FR","og_type":"article","og_title":"Tunisie \u2013 Bac 2023 : C\u2019est le jour J !","og_description":"Quelque 137906 \u00e9l\u00e8ves passent \u00e0 partir d\u2019aujourd\u2019hui, mercredi, les \u00e9preuves de la session principale du baccalaur\u00e9at dont les r\u00e9sultats seront annonc\u00e9s le 25 j...","og_url":"https:\/\/www.webdo.tn\/fr\/actualite\/national\/tunisie-bac-2023-c-est-le-jour-j\/206397\/","og_site_name":"webdo","article_publisher":"https:\/\/www.facebook.com\/webdotn","article_published_time":"2023-06-07T07:27:00+00:00","article_modified_time":"2025-05-20T22:42:54+00:00","og_image":[{"width":600,"height":320,"url":"https:\/\/www.webdo.tn\/fr\/wp-content\/uploads\/2023\/06\/f36ddb841c59afc55bfe99d8905cd2eb.jpg","type":"image\/jpeg"}],"author":"CL","twitter_card":"summary_large_image","twitter_creator":"@webdo_tn","twitter_site":"@webdo_tn","twitter_misc":{"\u00c9crit par":"CL","Dur\u00e9e de lecture estim\u00e9e":"1 minute"},"schema":{"@context":"https:\/\/schema.org","@graph":[{"@type":"NewsArticle","@id":"https:\/\/www.webdo.tn\/fr\/actualite\/national\/tunisie-bac-2023-c-est-le-jour-j\/206397\/#article","isPartOf":{"@id":"https:\/\/www.webdo.tn\/fr\/actualite\/national\/tunisie-bac-2023-c-est-le-jour-j\/206397\/"},"author":{"name":"CL","@id":"https:\/\/www.webdo.tn\/fr\/#\/schema\/person\/f35b42a42c5e2511bbd282959d6385cc"},"headline":"Tunisie \u2013 Bac 2023 : C\u2019est le jour J !","datePublished":"2023-06-07T07:27:00+00:00","dateModified":"2025-05-20T22:42:54+00:00","mainEntityOfPage":{"@id":"https:\/\/www.webdo.tn\/fr\/actualite\/national\/tunisie-bac-2023-c-est-le-jour-j\/206397\/"},"wordCount":301,"commentCount":0,"publisher":{"@id":"https:\/\/www.webdo.tn\/fr\/#organization"},"image":{"@id":"https:\/\/www.webdo.tn\/fr\/actualite\/national\/tunisie-bac-2023-c-est-le-jour-j\/206397\/#primaryimage"},"thumbnailUrl":"https:\/\/www.webdo.tn\/fr\/wp-content\/uploads\/2023\/06\/f36ddb841c59afc55bfe99d8905cd2eb.jpg","keywords":["bac","Bac 2023","Tunisie"],"articleSection":["National"],"inLanguage":"fr-FR"},{"@type":"WebPage","@id":"https:\/\/www.webdo.tn\/fr\/actualite\/national\/tunisie-bac-2023-c-est-le-jour-j\/206397\/","url":"https:\/\/www.webdo.tn\/fr\/actualite\/national\/tunisie-bac-2023-c-est-le-jour-j\/206397\/","name":"Tunisie \u2013 Bac 2023 : C\u2019est le jour J !","isPartOf":{"@id":"https:\/\/www.webdo.tn\/fr\/#website"},"primaryImageOfPage":{"@id":"https:\/\/www.webdo.tn\/fr\/actualite\/national\/tunisie-bac-2023-c-est-le-jour-j\/206397\/#primaryimage"},"image":{"@id":"https:\/\/www.webdo.tn\/fr\/actualite\/national\/tunisie-bac-2023-c-est-le-jour-j\/206397\/#primaryimage"},"thumbnailUrl":"https:\/\/www.webdo.tn\/fr\/wp-content\/uploads\/2023\/06\/f36ddb841c59afc55bfe99d8905cd2eb.jpg","datePublished":"2023-06-07T07:27:00+00:00","dateModified":"2025-05-20T22:42:54+00:00","description":"Quelque 137906 \u00e9l\u00e8ves passent \u00e0 partir d\u2019aujourd\u2019hui, mercredi, les \u00e9preuves de la session principale du baccalaur\u00e9at dont les r\u00e9sultats seront annonc\u00e9s le 25 j...","breadcrumb":{"@id":"https:\/\/www.webdo.tn\/fr\/actualite\/national\/tunisie-bac-2023-c-est-le-jour-j\/206397\/#breadcrumb"},"inLanguage":"fr-FR","potentialAction":[{"@type":"ReadAction","target":["https:\/\/www.webdo.tn\/fr\/actualite\/national\/tunisie-bac-2023-c-est-le-jour-j\/206397\/"]}]},{"@type":"ImageObject","inLanguage":"fr-FR","@id":"https:\/\/www.webdo.tn\/fr\/actualite\/national\/tunisie-bac-2023-c-est-le-jour-j\/206397\/#primaryimage","url":"https:\/\/www.webdo.tn\/fr\/wp-content\/uploads\/2023\/06\/f36ddb841c59afc55bfe99d8905cd2eb.jpg","contentUrl":"https:\/\/www.webdo.tn\/fr\/wp-content\/uploads\/2023\/06\/f36ddb841c59afc55bfe99d8905cd2eb.jpg","width":600,"height":320,"caption":"Tunisie \u2013 Bac 2023 : C\u2019est le jour J !"},{"@type":"BreadcrumbList","@id":"https:\/\/www.webdo.tn\/fr\/actualite\/national\/tunisie-bac-2023-c-est-le-jour-j\/206397\/#breadcrumb","itemListElement":[{"@type":"ListItem","position":1,"name":"Accueil","item":"https:\/\/www.webdo.tn\/fr\/"},{"@type":"ListItem","position":2,"name":"Tunisie \u2013 Bac 2023 : C\u2019est le jour J !"}]},{"@type":"WebSite","@id":"https:\/\/www.webdo.tn\/fr\/#website","url":"https:\/\/www.webdo.tn\/fr\/","name":"webdo","description":"Tunisie - News en Tunisie et \u00e0 l&#039;international sur Webdo.tn","publisher":{"@id":"https:\/\/www.webdo.tn\/fr\/#organization"},"potentialAction":[{"@type":"SearchAction","target":{"@type":"EntryPoint","urlTemplate":"https:\/\/www.webdo.tn\/fr\/?s={search_term_string}"},"query-input":{"@type":"PropertyValueSpecification","valueRequired":true,"valueName":"search_term_string"}}],"inLanguage":"fr-FR"},{"@type":"Organization","@id":"https:\/\/www.webdo.tn\/fr\/#organization","name":"Webdo","alternateName":"Webdo.tn","url":"https:\/\/www.webdo.tn\/fr\/","logo":{"@type":"ImageObject","inLanguage":"fr-FR","@id":"https:\/\/www.webdo.tn\/fr\/#\/schema\/logo\/image\/","url":"https:\/\/www.webdo.tn\/fr\/wp-content\/uploads\/2025\/06\/Webdo-Tunisie_168377.jpg","contentUrl":"https:\/\/www.webdo.tn\/fr\/wp-content\/uploads\/2025\/06\/Webdo-Tunisie_168377.jpg","width":301,"height":301,"caption":"Webdo"},"image":{"@id":"https:\/\/www.webdo.tn\/fr\/#\/schema\/logo\/image\/"},"sameAs":["https:\/\/www.facebook.com\/webdotn","https:\/\/x.com\/webdo_tn"],"description":"Webdo est un m\u00e9dia num\u00e9rique tunisien fond\u00e9 en 2010, sp\u00e9cialis\u00e9 dans l\u2019actualit\u00e9 nationale et internationale, l\u2019\u00e9conomie, la soci\u00e9t\u00e9 et les analyses politiques. Le site s\u2019adresse \u00e0 un large public francophone et couvre l\u2019information tunisienne en temps r\u00e9el.","email":"redac@webdo.tn","legalName":"YNJ SARL","foundingDate":"2010-09-06","numberOfEmployees":{"@type":"QuantitativeValue","minValue":"11","maxValue":"50"}},{"@type":"Person","@id":"https:\/\/www.webdo.tn\/fr\/#\/schema\/person\/f35b42a42c5e2511bbd282959d6385cc","name":"CL","image":{"@type":"ImageObject","inLanguage":"fr-FR","@id":"https:\/\/secure.gravatar.com\/avatar\/1447a49909b67aa657c488aec6512e1dd6143a480c1ecfee9b5b5cd74eb3b59e?s=96&d=mm&r=g","url":"https:\/\/secure.gravatar.com\/avatar\/1447a49909b67aa657c488aec6512e1dd6143a480c1ecfee9b5b5cd74eb3b59e?s=96&d=mm&r=g","contentUrl":"https:\/\/secure.gravatar.com\/avatar\/1447a49909b67aa657c488aec6512e1dd6143a480c1ecfee9b5b5cd74eb3b59e?s=96&d=mm&r=g","caption":"CL"},"url":"https:\/\/www.webdo.tn\/fr\/actualite\/author\/cl\/"}]}},"_links":{"self":[{"href":"https:\/\/www.webdo.tn\/fr\/wp-json\/wp\/v2\/posts\/206397","targetHints":{"allow":["GET"]}}],"collection":[{"href":"https:\/\/www.webdo.tn\/fr\/wp-json\/wp\/v2\/posts"}],"about":[{"href":"https:\/\/www.webdo.tn\/fr\/wp-json\/wp\/v2\/types\/post"}],"author":[{"embeddable":true,"href":"https:\/\/www.webdo.tn\/fr\/wp-json\/wp\/v2\/users\/3175"}],"replies":[{"embeddable":true,"href":"https:\/\/www.webdo.tn\/fr\/wp-json\/wp\/v2\/comments?post=206397"}],"version-history":[{"count":0,"href":"https:\/\/www.webdo.tn\/fr\/wp-json\/wp\/v2\/posts\/206397\/revisions"}],"wp:featuredmedia":[{"embeddable":true,"href":"https:\/\/www.webdo.tn\/fr\/wp-json\/wp\/v2\/media\/250961"}],"wp:attachment":[{"href":"https:\/\/www.webdo.tn\/fr\/wp-json\/wp\/v2\/media?parent=206397"}],"wp:term":[{"taxonomy":"category","embeddable":true,"href":"https:\/\/www.webdo.tn\/fr\/wp-json\/wp\/v2\/categories?post=206397"},{"taxonomy":"post_tag","embeddable":true,"href":"https:\/\/www.webdo.tn\/fr\/wp-json\/wp\/v2\/tags?post=206397"}],"curies":[{"name":"wp","href":"https:\/\/api.w.org\/{rel}","templated":true}]}}