{"id":206384,"date":"2023-06-06T16:09:00","date_gmt":"2023-06-06T16:09:00","guid":{"rendered":"https:\/\/www.webdo.tn\/fr\/blog\/kais-saied-tous-les-chemins-menent-a-tunis-et-non-pas-seulement-a-rome\/206384\/"},"modified":"2025-05-20T22:42:54","modified_gmt":"2025-05-20T22:42:54","slug":"kais-saied-tous-les-chemins-menent-a-tunis-et-non-pas-seulement-a-rome","status":"publish","type":"post","link":"https:\/\/www.webdo.tn\/fr\/actualite\/national\/kais-saied-tous-les-chemins-menent-a-tunis-et-non-pas-seulement-a-rome\/206384\/","title":{"rendered":"Kais Saied : \u00ab\u00a0Tous les chemins m\u00e8nent \u00e0 Tunis et non pas seulement \u00e0 Rome\u00a0\u00bb"},"content":{"rendered":"<p>Le chef de l\u2019Etat Kais Saied a re\u00e7u ce mardi 6 juin 2023 la cheffe du gouvernement italien Giorgia Meloni.<\/p>\n<p>\t\t\t\t\t\t\t\t\tDans ce contexte le pr\u00e9sident de la R\u00e9publique a expliqu\u00e9 que la Tunisie est devenue une destination pour les flux migratoire et non plus un pays de transit.<\/p>\n<p>Et d\u2019appeler dans ce sens \u00e0 des solutions collectives dans le cadre d\u2019une conf\u00e9rence mondiale sur la question migratoire. \u00ab Tous les chemins m\u00e8nent \u00e0 Tunis et non pas \u00e0 Rome seulement \u00bb, a-t-il pr\u00e9cis\u00e9.<\/p>\n<p>Kais Saied a r\u00e9it\u00e9r\u00e9 sa position contre une simple approche s\u00e9curtaire qui pourra traiter ce dossier.\u00a0<\/p>\n<p>S\u2019agissant des n\u00e9gociations avec le FMI, Kais Saied a rappel\u00e9 que la Tunisie refuse toute forme de diktat. \u00ab Cette situation est semblable \u00e0 m\u00e9decin qui prescrit des m\u00e9dicaments sans diagnostique \u00bb, a-t-il dit.<\/p>\n<p>Kais Saied n\u2019a pas rat\u00e9 cette occasion pour appeler une autre fois \u00e0 transformer les dettes de la Tunisie en projets d\u2019investissements.<\/p>\n","protected":false},"excerpt":{"rendered":"<p>Le chef de l\u2019Etat Kais Saied a re\u00e7u ce mardi 6 juin 2023 la cheffe du gouvernement italien Giorgia Meloni.<\/p>\n","protected":false},"author":3175,"featured_media":250957,"comment_status":"open","ping_status":"closed","sticky":false,"template":"","format":"standard","meta":{"footnotes":""},"categories":[44],"tags":[2660,2614,2608],"class_list":["post-206384","post","type-post","status-publish","format-standard","has-post-thumbnail","hentry","category-national","tag-italie","tag-kais-saied","tag-tunisie"],"yoast_head":"<!-- This site is optimized with the Yoast SEO Premium plugin v27.5 (Yoast SEO v27.5) - https:\/\/yoast.com\/product\/yoast-seo-premium-wordpress\/ -->\n<title>Kais Saied : Tous les chemins m\u00e8nent \u00e0 Tunis et non pas seulement \u00e0 Rome<\/title>\n<meta name=\"description\" content=\"Le chef de l\u2019Etat Kais Saied a re\u00e7u ce mardi 6 juin 2023 la cheffe du gouvernement italien Giorgia Meloni.\" \/>\n<link rel=\"canonical\" href=\"https:\/\/www.webdo.tn\/fr\/actualite\/national\/kais-saied-tous-les-chemins-menent-a-tunis-et-non-pas-seulement-a-rome\/206384\/\" \/>\n<meta property=\"og:locale\" content=\"fr_FR\" \/>\n<meta property=\"og:type\" content=\"article\" \/>\n<meta property=\"og:title\" content=\"Kais Saied : &quot;Tous les chemins m\u00e8nent \u00e0 Tunis et non pas seulement \u00e0 Rome&quot;\" \/>\n<meta property=\"og:description\" content=\"Le chef de l\u2019Etat Kais Saied a re\u00e7u ce mardi 6 juin 2023 la cheffe du gouvernement italien Giorgia Meloni.\" \/>\n<meta property=\"og:url\" content=\"https:\/\/www.webdo.tn\/fr\/actualite\/national\/kais-saied-tous-les-chemins-menent-a-tunis-et-non-pas-seulement-a-rome\/206384\/\" \/>\n<meta property=\"og:site_name\" content=\"webdo\" \/>\n<meta property=\"article:publisher\" content=\"https:\/\/www.facebook.com\/webdotn\" \/>\n<meta property=\"article:published_time\" content=\"2023-06-06T16:09:00+00:00\" \/>\n<meta property=\"article:modified_time\" content=\"2025-05-20T22:42:54+00:00\" \/>\n<meta property=\"og:image\" content=\"https:\/\/www.webdo.tn\/fr\/wp-content\/uploads\/2023\/06\/b2a0509aa4e1a4a91df299824c8f158b.jpg\" \/>\n\t<meta property=\"og:image:width\" content=\"750\" \/>\n\t<meta property=\"og:image:height\" content=\"400\" \/>\n\t<meta property=\"og:image:type\" content=\"image\/jpeg\" \/>\n<meta name=\"author\" content=\"CL\" \/>\n<meta name=\"twitter:card\" content=\"summary_large_image\" \/>\n<meta name=\"twitter:creator\" content=\"@webdo_tn\" \/>\n<meta name=\"twitter:site\" content=\"@webdo_tn\" \/>\n<meta name=\"twitter:label1\" content=\"\u00c9crit par\" \/>\n\t<meta name=\"twitter:data1\" content=\"CL\" \/>\n\t<meta name=\"twitter:label2\" content=\"Dur\u00e9e de lecture estim\u00e9e\" \/>\n\t<meta name=\"twitter:data2\" content=\"1 minute\" \/>\n<script type=\"application\/ld+json\" class=\"yoast-schema-graph\">{\"@context\":\"https:\\\/\\\/schema.org\",\"@graph\":[{\"@type\":\"NewsArticle\",\"@id\":\"https:\\\/\\\/www.webdo.tn\\\/fr\\\/actualite\\\/national\\\/kais-saied-tous-les-chemins-menent-a-tunis-et-non-pas-seulement-a-rome\\\/206384\\\/#article\",\"isPartOf\":{\"@id\":\"https:\\\/\\\/www.webdo.tn\\\/fr\\\/actualite\\\/national\\\/kais-saied-tous-les-chemins-menent-a-tunis-et-non-pas-seulement-a-rome\\\/206384\\\/\"},\"author\":{\"name\":\"CL\",\"@id\":\"https:\\\/\\\/www.webdo.tn\\\/fr\\\/#\\\/schema\\\/person\\\/f35b42a42c5e2511bbd282959d6385cc\"},\"headline\":\"Kais Saied : \u00ab\u00a0Tous les chemins m\u00e8nent \u00e0 Tunis et non pas seulement \u00e0 Rome\u00a0\u00bb\",\"datePublished\":\"2023-06-06T16:09:00+00:00\",\"dateModified\":\"2025-05-20T22:42:54+00:00\",\"mainEntityOfPage\":{\"@id\":\"https:\\\/\\\/www.webdo.tn\\\/fr\\\/actualite\\\/national\\\/kais-saied-tous-les-chemins-menent-a-tunis-et-non-pas-seulement-a-rome\\\/206384\\\/\"},\"wordCount\":175,\"commentCount\":0,\"publisher\":{\"@id\":\"https:\\\/\\\/www.webdo.tn\\\/fr\\\/#organization\"},\"image\":{\"@id\":\"https:\\\/\\\/www.webdo.tn\\\/fr\\\/actualite\\\/national\\\/kais-saied-tous-les-chemins-menent-a-tunis-et-non-pas-seulement-a-rome\\\/206384\\\/#primaryimage\"},\"thumbnailUrl\":\"https:\\\/\\\/www.webdo.tn\\\/fr\\\/wp-content\\\/uploads\\\/2023\\\/06\\\/b2a0509aa4e1a4a91df299824c8f158b.jpg\",\"keywords\":[\"Italie\",\"Kais Saied\",\"Tunisie\"],\"articleSection\":[\"National\"],\"inLanguage\":\"fr-FR\"},{\"@type\":\"WebPage\",\"@id\":\"https:\\\/\\\/www.webdo.tn\\\/fr\\\/actualite\\\/national\\\/kais-saied-tous-les-chemins-menent-a-tunis-et-non-pas-seulement-a-rome\\\/206384\\\/\",\"url\":\"https:\\\/\\\/www.webdo.tn\\\/fr\\\/actualite\\\/national\\\/kais-saied-tous-les-chemins-menent-a-tunis-et-non-pas-seulement-a-rome\\\/206384\\\/\",\"name\":\"Kais Saied : Tous les chemins m\u00e8nent \u00e0 Tunis et non pas seulement \u00e0 Rome\",\"isPartOf\":{\"@id\":\"https:\\\/\\\/www.webdo.tn\\\/fr\\\/#website\"},\"primaryImageOfPage\":{\"@id\":\"https:\\\/\\\/www.webdo.tn\\\/fr\\\/actualite\\\/national\\\/kais-saied-tous-les-chemins-menent-a-tunis-et-non-pas-seulement-a-rome\\\/206384\\\/#primaryimage\"},\"image\":{\"@id\":\"https:\\\/\\\/www.webdo.tn\\\/fr\\\/actualite\\\/national\\\/kais-saied-tous-les-chemins-menent-a-tunis-et-non-pas-seulement-a-rome\\\/206384\\\/#primaryimage\"},\"thumbnailUrl\":\"https:\\\/\\\/www.webdo.tn\\\/fr\\\/wp-content\\\/uploads\\\/2023\\\/06\\\/b2a0509aa4e1a4a91df299824c8f158b.jpg\",\"datePublished\":\"2023-06-06T16:09:00+00:00\",\"dateModified\":\"2025-05-20T22:42:54+00:00\",\"description\":\"Le chef de l\u2019Etat Kais Saied a re\u00e7u ce mardi 6 juin 2023 la cheffe du gouvernement italien Giorgia Meloni.\",\"breadcrumb\":{\"@id\":\"https:\\\/\\\/www.webdo.tn\\\/fr\\\/actualite\\\/national\\\/kais-saied-tous-les-chemins-menent-a-tunis-et-non-pas-seulement-a-rome\\\/206384\\\/#breadcrumb\"},\"inLanguage\":\"fr-FR\",\"potentialAction\":[{\"@type\":\"ReadAction\",\"target\":[\"https:\\\/\\\/www.webdo.tn\\\/fr\\\/actualite\\\/national\\\/kais-saied-tous-les-chemins-menent-a-tunis-et-non-pas-seulement-a-rome\\\/206384\\\/\"]}]},{\"@type\":\"ImageObject\",\"inLanguage\":\"fr-FR\",\"@id\":\"https:\\\/\\\/www.webdo.tn\\\/fr\\\/actualite\\\/national\\\/kais-saied-tous-les-chemins-menent-a-tunis-et-non-pas-seulement-a-rome\\\/206384\\\/#primaryimage\",\"url\":\"https:\\\/\\\/www.webdo.tn\\\/fr\\\/wp-content\\\/uploads\\\/2023\\\/06\\\/b2a0509aa4e1a4a91df299824c8f158b.jpg\",\"contentUrl\":\"https:\\\/\\\/www.webdo.tn\\\/fr\\\/wp-content\\\/uploads\\\/2023\\\/06\\\/b2a0509aa4e1a4a91df299824c8f158b.jpg\",\"width\":750,\"height\":400,\"caption\":\"Kais Saied : \\\"Tous les chemins m\u00e8nent \u00e0 Tunis et non pas seulement \u00e0 Rome\\\"\"},{\"@type\":\"BreadcrumbList\",\"@id\":\"https:\\\/\\\/www.webdo.tn\\\/fr\\\/actualite\\\/national\\\/kais-saied-tous-les-chemins-menent-a-tunis-et-non-pas-seulement-a-rome\\\/206384\\\/#breadcrumb\",\"itemListElement\":[{\"@type\":\"ListItem\",\"position\":1,\"name\":\"Accueil\",\"item\":\"https:\\\/\\\/www.webdo.tn\\\/fr\\\/\"},{\"@type\":\"ListItem\",\"position\":2,\"name\":\"Kais Saied : &#8220;Tous les chemins m\u00e8nent \u00e0 Tunis et non pas seulement \u00e0 Rome&#8221;\"}]},{\"@type\":\"WebSite\",\"@id\":\"https:\\\/\\\/www.webdo.tn\\\/fr\\\/#website\",\"url\":\"https:\\\/\\\/www.webdo.tn\\\/fr\\\/\",\"name\":\"webdo\",\"description\":\"Tunisie - News en Tunisie et \u00e0 l&#039;international sur Webdo.tn\",\"publisher\":{\"@id\":\"https:\\\/\\\/www.webdo.tn\\\/fr\\\/#organization\"},\"potentialAction\":[{\"@type\":\"SearchAction\",\"target\":{\"@type\":\"EntryPoint\",\"urlTemplate\":\"https:\\\/\\\/www.webdo.tn\\\/fr\\\/?s={search_term_string}\"},\"query-input\":{\"@type\":\"PropertyValueSpecification\",\"valueRequired\":true,\"valueName\":\"search_term_string\"}}],\"inLanguage\":\"fr-FR\"},{\"@type\":\"Organization\",\"@id\":\"https:\\\/\\\/www.webdo.tn\\\/fr\\\/#organization\",\"name\":\"Webdo\",\"alternateName\":\"Webdo.tn\",\"url\":\"https:\\\/\\\/www.webdo.tn\\\/fr\\\/\",\"logo\":{\"@type\":\"ImageObject\",\"inLanguage\":\"fr-FR\",\"@id\":\"https:\\\/\\\/www.webdo.tn\\\/fr\\\/#\\\/schema\\\/logo\\\/image\\\/\",\"url\":\"https:\\\/\\\/www.webdo.tn\\\/fr\\\/wp-content\\\/uploads\\\/2025\\\/06\\\/Webdo-Tunisie_168377.jpg\",\"contentUrl\":\"https:\\\/\\\/www.webdo.tn\\\/fr\\\/wp-content\\\/uploads\\\/2025\\\/06\\\/Webdo-Tunisie_168377.jpg\",\"width\":301,\"height\":301,\"caption\":\"Webdo\"},\"image\":{\"@id\":\"https:\\\/\\\/www.webdo.tn\\\/fr\\\/#\\\/schema\\\/logo\\\/image\\\/\"},\"sameAs\":[\"https:\\\/\\\/www.facebook.com\\\/webdotn\",\"https:\\\/\\\/x.com\\\/webdo_tn\"],\"description\":\"Webdo est un m\u00e9dia num\u00e9rique tunisien fond\u00e9 en 2010, sp\u00e9cialis\u00e9 dans l\u2019actualit\u00e9 nationale et internationale, l\u2019\u00e9conomie, la soci\u00e9t\u00e9 et les analyses politiques. Le site s\u2019adresse \u00e0 un large public francophone et couvre l\u2019information tunisienne en temps r\u00e9el.\",\"email\":\"redac@webdo.tn\",\"legalName\":\"YNJ SARL\",\"foundingDate\":\"2010-09-06\",\"numberOfEmployees\":{\"@type\":\"QuantitativeValue\",\"minValue\":\"11\",\"maxValue\":\"50\"}},{\"@type\":\"Person\",\"@id\":\"https:\\\/\\\/www.webdo.tn\\\/fr\\\/#\\\/schema\\\/person\\\/f35b42a42c5e2511bbd282959d6385cc\",\"name\":\"CL\",\"image\":{\"@type\":\"ImageObject\",\"inLanguage\":\"fr-FR\",\"@id\":\"https:\\\/\\\/secure.gravatar.com\\\/avatar\\\/1447a49909b67aa657c488aec6512e1dd6143a480c1ecfee9b5b5cd74eb3b59e?s=96&d=mm&r=g\",\"url\":\"https:\\\/\\\/secure.gravatar.com\\\/avatar\\\/1447a49909b67aa657c488aec6512e1dd6143a480c1ecfee9b5b5cd74eb3b59e?s=96&d=mm&r=g\",\"contentUrl\":\"https:\\\/\\\/secure.gravatar.com\\\/avatar\\\/1447a49909b67aa657c488aec6512e1dd6143a480c1ecfee9b5b5cd74eb3b59e?s=96&d=mm&r=g\",\"caption\":\"CL\"},\"url\":\"https:\\\/\\\/www.webdo.tn\\\/fr\\\/actualite\\\/author\\\/cl\\\/\"}]}<\/script>\n<!-- \/ Yoast SEO Premium plugin. -->","yoast_head_json":{"title":"Kais Saied : Tous les chemins m\u00e8nent \u00e0 Tunis et non pas seulement \u00e0 Rome","description":"Le chef de l\u2019Etat Kais Saied a re\u00e7u ce mardi 6 juin 2023 la cheffe du gouvernement italien Giorgia Meloni.","canonical":"https:\/\/www.webdo.tn\/fr\/actualite\/national\/kais-saied-tous-les-chemins-menent-a-tunis-et-non-pas-seulement-a-rome\/206384\/","og_locale":"fr_FR","og_type":"article","og_title":"Kais Saied : \"Tous les chemins m\u00e8nent \u00e0 Tunis et non pas seulement \u00e0 Rome\"","og_description":"Le chef de l\u2019Etat Kais Saied a re\u00e7u ce mardi 6 juin 2023 la cheffe du gouvernement italien Giorgia Meloni.","og_url":"https:\/\/www.webdo.tn\/fr\/actualite\/national\/kais-saied-tous-les-chemins-menent-a-tunis-et-non-pas-seulement-a-rome\/206384\/","og_site_name":"webdo","article_publisher":"https:\/\/www.facebook.com\/webdotn","article_published_time":"2023-06-06T16:09:00+00:00","article_modified_time":"2025-05-20T22:42:54+00:00","og_image":[{"width":750,"height":400,"url":"https:\/\/www.webdo.tn\/fr\/wp-content\/uploads\/2023\/06\/b2a0509aa4e1a4a91df299824c8f158b.jpg","type":"image\/jpeg"}],"author":"CL","twitter_card":"summary_large_image","twitter_creator":"@webdo_tn","twitter_site":"@webdo_tn","twitter_misc":{"\u00c9crit par":"CL","Dur\u00e9e de lecture estim\u00e9e":"1 minute"},"schema":{"@context":"https:\/\/schema.org","@graph":[{"@type":"NewsArticle","@id":"https:\/\/www.webdo.tn\/fr\/actualite\/national\/kais-saied-tous-les-chemins-menent-a-tunis-et-non-pas-seulement-a-rome\/206384\/#article","isPartOf":{"@id":"https:\/\/www.webdo.tn\/fr\/actualite\/national\/kais-saied-tous-les-chemins-menent-a-tunis-et-non-pas-seulement-a-rome\/206384\/"},"author":{"name":"CL","@id":"https:\/\/www.webdo.tn\/fr\/#\/schema\/person\/f35b42a42c5e2511bbd282959d6385cc"},"headline":"Kais Saied : \u00ab\u00a0Tous les chemins m\u00e8nent \u00e0 Tunis et non pas seulement \u00e0 Rome\u00a0\u00bb","datePublished":"2023-06-06T16:09:00+00:00","dateModified":"2025-05-20T22:42:54+00:00","mainEntityOfPage":{"@id":"https:\/\/www.webdo.tn\/fr\/actualite\/national\/kais-saied-tous-les-chemins-menent-a-tunis-et-non-pas-seulement-a-rome\/206384\/"},"wordCount":175,"commentCount":0,"publisher":{"@id":"https:\/\/www.webdo.tn\/fr\/#organization"},"image":{"@id":"https:\/\/www.webdo.tn\/fr\/actualite\/national\/kais-saied-tous-les-chemins-menent-a-tunis-et-non-pas-seulement-a-rome\/206384\/#primaryimage"},"thumbnailUrl":"https:\/\/www.webdo.tn\/fr\/wp-content\/uploads\/2023\/06\/b2a0509aa4e1a4a91df299824c8f158b.jpg","keywords":["Italie","Kais Saied","Tunisie"],"articleSection":["National"],"inLanguage":"fr-FR"},{"@type":"WebPage","@id":"https:\/\/www.webdo.tn\/fr\/actualite\/national\/kais-saied-tous-les-chemins-menent-a-tunis-et-non-pas-seulement-a-rome\/206384\/","url":"https:\/\/www.webdo.tn\/fr\/actualite\/national\/kais-saied-tous-les-chemins-menent-a-tunis-et-non-pas-seulement-a-rome\/206384\/","name":"Kais Saied : Tous les chemins m\u00e8nent \u00e0 Tunis et non pas seulement \u00e0 Rome","isPartOf":{"@id":"https:\/\/www.webdo.tn\/fr\/#website"},"primaryImageOfPage":{"@id":"https:\/\/www.webdo.tn\/fr\/actualite\/national\/kais-saied-tous-les-chemins-menent-a-tunis-et-non-pas-seulement-a-rome\/206384\/#primaryimage"},"image":{"@id":"https:\/\/www.webdo.tn\/fr\/actualite\/national\/kais-saied-tous-les-chemins-menent-a-tunis-et-non-pas-seulement-a-rome\/206384\/#primaryimage"},"thumbnailUrl":"https:\/\/www.webdo.tn\/fr\/wp-content\/uploads\/2023\/06\/b2a0509aa4e1a4a91df299824c8f158b.jpg","datePublished":"2023-06-06T16:09:00+00:00","dateModified":"2025-05-20T22:42:54+00:00","description":"Le chef de l\u2019Etat Kais Saied a re\u00e7u ce mardi 6 juin 2023 la cheffe du gouvernement italien Giorgia Meloni.","breadcrumb":{"@id":"https:\/\/www.webdo.tn\/fr\/actualite\/national\/kais-saied-tous-les-chemins-menent-a-tunis-et-non-pas-seulement-a-rome\/206384\/#breadcrumb"},"inLanguage":"fr-FR","potentialAction":[{"@type":"ReadAction","target":["https:\/\/www.webdo.tn\/fr\/actualite\/national\/kais-saied-tous-les-chemins-menent-a-tunis-et-non-pas-seulement-a-rome\/206384\/"]}]},{"@type":"ImageObject","inLanguage":"fr-FR","@id":"https:\/\/www.webdo.tn\/fr\/actualite\/national\/kais-saied-tous-les-chemins-menent-a-tunis-et-non-pas-seulement-a-rome\/206384\/#primaryimage","url":"https:\/\/www.webdo.tn\/fr\/wp-content\/uploads\/2023\/06\/b2a0509aa4e1a4a91df299824c8f158b.jpg","contentUrl":"https:\/\/www.webdo.tn\/fr\/wp-content\/uploads\/2023\/06\/b2a0509aa4e1a4a91df299824c8f158b.jpg","width":750,"height":400,"caption":"Kais Saied : \"Tous les chemins m\u00e8nent \u00e0 Tunis et non pas seulement \u00e0 Rome\""},{"@type":"BreadcrumbList","@id":"https:\/\/www.webdo.tn\/fr\/actualite\/national\/kais-saied-tous-les-chemins-menent-a-tunis-et-non-pas-seulement-a-rome\/206384\/#breadcrumb","itemListElement":[{"@type":"ListItem","position":1,"name":"Accueil","item":"https:\/\/www.webdo.tn\/fr\/"},{"@type":"ListItem","position":2,"name":"Kais Saied : &#8220;Tous les chemins m\u00e8nent \u00e0 Tunis et non pas seulement \u00e0 Rome&#8221;"}]},{"@type":"WebSite","@id":"https:\/\/www.webdo.tn\/fr\/#website","url":"https:\/\/www.webdo.tn\/fr\/","name":"webdo","description":"Tunisie - News en Tunisie et \u00e0 l&#039;international sur Webdo.tn","publisher":{"@id":"https:\/\/www.webdo.tn\/fr\/#organization"},"potentialAction":[{"@type":"SearchAction","target":{"@type":"EntryPoint","urlTemplate":"https:\/\/www.webdo.tn\/fr\/?s={search_term_string}"},"query-input":{"@type":"PropertyValueSpecification","valueRequired":true,"valueName":"search_term_string"}}],"inLanguage":"fr-FR"},{"@type":"Organization","@id":"https:\/\/www.webdo.tn\/fr\/#organization","name":"Webdo","alternateName":"Webdo.tn","url":"https:\/\/www.webdo.tn\/fr\/","logo":{"@type":"ImageObject","inLanguage":"fr-FR","@id":"https:\/\/www.webdo.tn\/fr\/#\/schema\/logo\/image\/","url":"https:\/\/www.webdo.tn\/fr\/wp-content\/uploads\/2025\/06\/Webdo-Tunisie_168377.jpg","contentUrl":"https:\/\/www.webdo.tn\/fr\/wp-content\/uploads\/2025\/06\/Webdo-Tunisie_168377.jpg","width":301,"height":301,"caption":"Webdo"},"image":{"@id":"https:\/\/www.webdo.tn\/fr\/#\/schema\/logo\/image\/"},"sameAs":["https:\/\/www.facebook.com\/webdotn","https:\/\/x.com\/webdo_tn"],"description":"Webdo est un m\u00e9dia num\u00e9rique tunisien fond\u00e9 en 2010, sp\u00e9cialis\u00e9 dans l\u2019actualit\u00e9 nationale et internationale, l\u2019\u00e9conomie, la soci\u00e9t\u00e9 et les analyses politiques. Le site s\u2019adresse \u00e0 un large public francophone et couvre l\u2019information tunisienne en temps r\u00e9el.","email":"redac@webdo.tn","legalName":"YNJ SARL","foundingDate":"2010-09-06","numberOfEmployees":{"@type":"QuantitativeValue","minValue":"11","maxValue":"50"}},{"@type":"Person","@id":"https:\/\/www.webdo.tn\/fr\/#\/schema\/person\/f35b42a42c5e2511bbd282959d6385cc","name":"CL","image":{"@type":"ImageObject","inLanguage":"fr-FR","@id":"https:\/\/secure.gravatar.com\/avatar\/1447a49909b67aa657c488aec6512e1dd6143a480c1ecfee9b5b5cd74eb3b59e?s=96&d=mm&r=g","url":"https:\/\/secure.gravatar.com\/avatar\/1447a49909b67aa657c488aec6512e1dd6143a480c1ecfee9b5b5cd74eb3b59e?s=96&d=mm&r=g","contentUrl":"https:\/\/secure.gravatar.com\/avatar\/1447a49909b67aa657c488aec6512e1dd6143a480c1ecfee9b5b5cd74eb3b59e?s=96&d=mm&r=g","caption":"CL"},"url":"https:\/\/www.webdo.tn\/fr\/actualite\/author\/cl\/"}]}},"_links":{"self":[{"href":"https:\/\/www.webdo.tn\/fr\/wp-json\/wp\/v2\/posts\/206384","targetHints":{"allow":["GET"]}}],"collection":[{"href":"https:\/\/www.webdo.tn\/fr\/wp-json\/wp\/v2\/posts"}],"about":[{"href":"https:\/\/www.webdo.tn\/fr\/wp-json\/wp\/v2\/types\/post"}],"author":[{"embeddable":true,"href":"https:\/\/www.webdo.tn\/fr\/wp-json\/wp\/v2\/users\/3175"}],"replies":[{"embeddable":true,"href":"https:\/\/www.webdo.tn\/fr\/wp-json\/wp\/v2\/comments?post=206384"}],"version-history":[{"count":0,"href":"https:\/\/www.webdo.tn\/fr\/wp-json\/wp\/v2\/posts\/206384\/revisions"}],"wp:featuredmedia":[{"embeddable":true,"href":"https:\/\/www.webdo.tn\/fr\/wp-json\/wp\/v2\/media\/250957"}],"wp:attachment":[{"href":"https:\/\/www.webdo.tn\/fr\/wp-json\/wp\/v2\/media?parent=206384"}],"wp:term":[{"taxonomy":"category","embeddable":true,"href":"https:\/\/www.webdo.tn\/fr\/wp-json\/wp\/v2\/categories?post=206384"},{"taxonomy":"post_tag","embeddable":true,"href":"https:\/\/www.webdo.tn\/fr\/wp-json\/wp\/v2\/tags?post=206384"}],"curies":[{"name":"wp","href":"https:\/\/api.w.org\/{rel}","templated":true}]}}