{"id":206383,"date":"2023-06-06T15:07:00","date_gmt":"2023-06-06T15:07:00","guid":{"rendered":"https:\/\/www.webdo.tn\/fr\/blog\/meloni-l-italie-appelle-a-un-package-d-aides-au-profit-de-la-tunisie\/206383\/"},"modified":"2025-05-20T22:42:53","modified_gmt":"2025-05-20T22:42:53","slug":"meloni-l-italie-appelle-a-un-package-d-aides-au-profit-de-la-tunisie","status":"publish","type":"post","link":"https:\/\/www.webdo.tn\/fr\/actualite\/national\/meloni-l-italie-appelle-a-un-package-d-aides-au-profit-de-la-tunisie\/206383\/","title":{"rendered":"Meloni : \u00ab L\u2019Italie appelle \u00e0 un package d\u2019aides au profit de la Tunisie \u00bb"},"content":{"rendered":"<p>La cheffe du gouvernement italien Giorgia Meloni a d\u00e9clar\u00e9 \u00e0 l\u2019issue de sa r\u00e9union avec le pr\u00e9sident de la R\u00e9publique que son pays poursuit ses efforts pour aider et soutenir la Tunisie.<\/p>\n<p>Selon l\u2019agence de presse officielle italienne, Meloni a appel\u00e9 \u00e0 un package d\u2019aides et de soutien au profit de la Tunisie et que l\u2019Union europ\u00e9enne travaille actuellement sur cette question.\u00a0<\/p>\n<p>\u00ab J\u2019ai dis au pr\u00e9sident de la R\u00e9publique que l\u2019Italie poursuit ses efforts pour soutenir la Tunisie et appuyer ses positions dans ses discussions avec les bailleurs de fonds \u00bb, a-t-elle dit.<\/p>\n","protected":false},"excerpt":{"rendered":"<p>La cheffe du gouvernement italien Giorgia Meloni a d\u00e9clar\u00e9 \u00e0 l\u2019issue de sa r\u00e9union avec le pr\u00e9sident de la R\u00e9publique que son pays poursuit ses efforts pour aid&#8230;<\/p>\n","protected":false},"author":3175,"featured_media":250956,"comment_status":"open","ping_status":"closed","sticky":false,"template":"","format":"standard","meta":{"footnotes":""},"categories":[44],"tags":[2660,6672,2608],"class_list":["post-206383","post","type-post","status-publish","format-standard","has-post-thumbnail","hentry","category-national","tag-italie","tag-meloni","tag-tunisie"],"yoast_head":"<!-- This site is optimized with the Yoast SEO Premium plugin v27.5 (Yoast SEO v27.5) - https:\/\/yoast.com\/product\/yoast-seo-premium-wordpress\/ -->\n<title>Meloni : \u00ab L\u2019Italie appelle \u00e0 un package d\u2019aides au profit de la Tunisie \u00bb<\/title>\n<meta name=\"description\" content=\"La cheffe du gouvernement italien Giorgia Meloni a d\u00e9clar\u00e9 \u00e0 l\u2019issue de sa r\u00e9union avec le pr\u00e9sident de la R\u00e9publique que son pays poursuit ses efforts pour aid...\" \/>\n<link rel=\"canonical\" href=\"https:\/\/www.webdo.tn\/fr\/actualite\/national\/meloni-l-italie-appelle-a-un-package-d-aides-au-profit-de-la-tunisie\/206383\/\" \/>\n<meta property=\"og:locale\" content=\"fr_FR\" \/>\n<meta property=\"og:type\" content=\"article\" \/>\n<meta property=\"og:title\" content=\"Meloni : \u00ab L\u2019Italie appelle \u00e0 un package d\u2019aides au profit de la Tunisie \u00bb\" \/>\n<meta property=\"og:description\" content=\"La cheffe du gouvernement italien Giorgia Meloni a d\u00e9clar\u00e9 \u00e0 l\u2019issue de sa r\u00e9union avec le pr\u00e9sident de la R\u00e9publique que son pays poursuit ses efforts pour aid...\" \/>\n<meta property=\"og:url\" content=\"https:\/\/www.webdo.tn\/fr\/actualite\/national\/meloni-l-italie-appelle-a-un-package-d-aides-au-profit-de-la-tunisie\/206383\/\" \/>\n<meta property=\"og:site_name\" content=\"webdo\" \/>\n<meta property=\"article:publisher\" content=\"https:\/\/www.facebook.com\/webdotn\" \/>\n<meta property=\"article:published_time\" content=\"2023-06-06T15:07:00+00:00\" \/>\n<meta property=\"article:modified_time\" content=\"2025-05-20T22:42:53+00:00\" \/>\n<meta property=\"og:image\" content=\"https:\/\/www.webdo.tn\/fr\/wp-content\/uploads\/2023\/06\/2ee31225fb5a6a51c59528b4ba009f0b.jpg\" \/>\n\t<meta property=\"og:image:width\" content=\"750\" \/>\n\t<meta property=\"og:image:height\" content=\"400\" \/>\n\t<meta property=\"og:image:type\" content=\"image\/jpeg\" \/>\n<meta name=\"author\" content=\"CL\" \/>\n<meta name=\"twitter:card\" content=\"summary_large_image\" \/>\n<meta name=\"twitter:creator\" content=\"@webdo_tn\" \/>\n<meta name=\"twitter:site\" content=\"@webdo_tn\" \/>\n<meta name=\"twitter:label1\" content=\"\u00c9crit par\" \/>\n\t<meta name=\"twitter:data1\" content=\"CL\" \/>\n\t<meta name=\"twitter:label2\" content=\"Dur\u00e9e de lecture estim\u00e9e\" \/>\n\t<meta name=\"twitter:data2\" content=\"1 minute\" \/>\n<script type=\"application\/ld+json\" class=\"yoast-schema-graph\">{\"@context\":\"https:\\\/\\\/schema.org\",\"@graph\":[{\"@type\":\"NewsArticle\",\"@id\":\"https:\\\/\\\/www.webdo.tn\\\/fr\\\/actualite\\\/national\\\/meloni-l-italie-appelle-a-un-package-d-aides-au-profit-de-la-tunisie\\\/206383\\\/#article\",\"isPartOf\":{\"@id\":\"https:\\\/\\\/www.webdo.tn\\\/fr\\\/actualite\\\/national\\\/meloni-l-italie-appelle-a-un-package-d-aides-au-profit-de-la-tunisie\\\/206383\\\/\"},\"author\":{\"name\":\"CL\",\"@id\":\"https:\\\/\\\/www.webdo.tn\\\/fr\\\/#\\\/schema\\\/person\\\/f35b42a42c5e2511bbd282959d6385cc\"},\"headline\":\"Meloni : \u00ab L\u2019Italie appelle \u00e0 un package d\u2019aides au profit de la Tunisie \u00bb\",\"datePublished\":\"2023-06-06T15:07:00+00:00\",\"dateModified\":\"2025-05-20T22:42:53+00:00\",\"mainEntityOfPage\":{\"@id\":\"https:\\\/\\\/www.webdo.tn\\\/fr\\\/actualite\\\/national\\\/meloni-l-italie-appelle-a-un-package-d-aides-au-profit-de-la-tunisie\\\/206383\\\/\"},\"wordCount\":116,\"commentCount\":0,\"publisher\":{\"@id\":\"https:\\\/\\\/www.webdo.tn\\\/fr\\\/#organization\"},\"image\":{\"@id\":\"https:\\\/\\\/www.webdo.tn\\\/fr\\\/actualite\\\/national\\\/meloni-l-italie-appelle-a-un-package-d-aides-au-profit-de-la-tunisie\\\/206383\\\/#primaryimage\"},\"thumbnailUrl\":\"https:\\\/\\\/www.webdo.tn\\\/fr\\\/wp-content\\\/uploads\\\/2023\\\/06\\\/2ee31225fb5a6a51c59528b4ba009f0b.jpg\",\"keywords\":[\"Italie\",\"Meloni\",\"Tunisie\"],\"articleSection\":[\"National\"],\"inLanguage\":\"fr-FR\"},{\"@type\":\"WebPage\",\"@id\":\"https:\\\/\\\/www.webdo.tn\\\/fr\\\/actualite\\\/national\\\/meloni-l-italie-appelle-a-un-package-d-aides-au-profit-de-la-tunisie\\\/206383\\\/\",\"url\":\"https:\\\/\\\/www.webdo.tn\\\/fr\\\/actualite\\\/national\\\/meloni-l-italie-appelle-a-un-package-d-aides-au-profit-de-la-tunisie\\\/206383\\\/\",\"name\":\"Meloni : \u00ab L\u2019Italie appelle \u00e0 un package d\u2019aides au profit de la Tunisie \u00bb\",\"isPartOf\":{\"@id\":\"https:\\\/\\\/www.webdo.tn\\\/fr\\\/#website\"},\"primaryImageOfPage\":{\"@id\":\"https:\\\/\\\/www.webdo.tn\\\/fr\\\/actualite\\\/national\\\/meloni-l-italie-appelle-a-un-package-d-aides-au-profit-de-la-tunisie\\\/206383\\\/#primaryimage\"},\"image\":{\"@id\":\"https:\\\/\\\/www.webdo.tn\\\/fr\\\/actualite\\\/national\\\/meloni-l-italie-appelle-a-un-package-d-aides-au-profit-de-la-tunisie\\\/206383\\\/#primaryimage\"},\"thumbnailUrl\":\"https:\\\/\\\/www.webdo.tn\\\/fr\\\/wp-content\\\/uploads\\\/2023\\\/06\\\/2ee31225fb5a6a51c59528b4ba009f0b.jpg\",\"datePublished\":\"2023-06-06T15:07:00+00:00\",\"dateModified\":\"2025-05-20T22:42:53+00:00\",\"description\":\"La cheffe du gouvernement italien Giorgia Meloni a d\u00e9clar\u00e9 \u00e0 l\u2019issue de sa r\u00e9union avec le pr\u00e9sident de la R\u00e9publique que son pays poursuit ses efforts pour aid...\",\"breadcrumb\":{\"@id\":\"https:\\\/\\\/www.webdo.tn\\\/fr\\\/actualite\\\/national\\\/meloni-l-italie-appelle-a-un-package-d-aides-au-profit-de-la-tunisie\\\/206383\\\/#breadcrumb\"},\"inLanguage\":\"fr-FR\",\"potentialAction\":[{\"@type\":\"ReadAction\",\"target\":[\"https:\\\/\\\/www.webdo.tn\\\/fr\\\/actualite\\\/national\\\/meloni-l-italie-appelle-a-un-package-d-aides-au-profit-de-la-tunisie\\\/206383\\\/\"]}]},{\"@type\":\"ImageObject\",\"inLanguage\":\"fr-FR\",\"@id\":\"https:\\\/\\\/www.webdo.tn\\\/fr\\\/actualite\\\/national\\\/meloni-l-italie-appelle-a-un-package-d-aides-au-profit-de-la-tunisie\\\/206383\\\/#primaryimage\",\"url\":\"https:\\\/\\\/www.webdo.tn\\\/fr\\\/wp-content\\\/uploads\\\/2023\\\/06\\\/2ee31225fb5a6a51c59528b4ba009f0b.jpg\",\"contentUrl\":\"https:\\\/\\\/www.webdo.tn\\\/fr\\\/wp-content\\\/uploads\\\/2023\\\/06\\\/2ee31225fb5a6a51c59528b4ba009f0b.jpg\",\"width\":750,\"height\":400,\"caption\":\"Meloni : \u00ab L\u2019Italie appelle \u00e0 un package d\u2019aides au profit de la Tunisie \u00bb\"},{\"@type\":\"BreadcrumbList\",\"@id\":\"https:\\\/\\\/www.webdo.tn\\\/fr\\\/actualite\\\/national\\\/meloni-l-italie-appelle-a-un-package-d-aides-au-profit-de-la-tunisie\\\/206383\\\/#breadcrumb\",\"itemListElement\":[{\"@type\":\"ListItem\",\"position\":1,\"name\":\"Accueil\",\"item\":\"https:\\\/\\\/www.webdo.tn\\\/fr\\\/\"},{\"@type\":\"ListItem\",\"position\":2,\"name\":\"Meloni : \u00ab L\u2019Italie appelle \u00e0 un package d\u2019aides au profit de la Tunisie \u00bb\"}]},{\"@type\":\"WebSite\",\"@id\":\"https:\\\/\\\/www.webdo.tn\\\/fr\\\/#website\",\"url\":\"https:\\\/\\\/www.webdo.tn\\\/fr\\\/\",\"name\":\"webdo\",\"description\":\"Tunisie - News en Tunisie et \u00e0 l&#039;international sur Webdo.tn\",\"publisher\":{\"@id\":\"https:\\\/\\\/www.webdo.tn\\\/fr\\\/#organization\"},\"potentialAction\":[{\"@type\":\"SearchAction\",\"target\":{\"@type\":\"EntryPoint\",\"urlTemplate\":\"https:\\\/\\\/www.webdo.tn\\\/fr\\\/?s={search_term_string}\"},\"query-input\":{\"@type\":\"PropertyValueSpecification\",\"valueRequired\":true,\"valueName\":\"search_term_string\"}}],\"inLanguage\":\"fr-FR\"},{\"@type\":\"Organization\",\"@id\":\"https:\\\/\\\/www.webdo.tn\\\/fr\\\/#organization\",\"name\":\"Webdo\",\"alternateName\":\"Webdo.tn\",\"url\":\"https:\\\/\\\/www.webdo.tn\\\/fr\\\/\",\"logo\":{\"@type\":\"ImageObject\",\"inLanguage\":\"fr-FR\",\"@id\":\"https:\\\/\\\/www.webdo.tn\\\/fr\\\/#\\\/schema\\\/logo\\\/image\\\/\",\"url\":\"https:\\\/\\\/www.webdo.tn\\\/fr\\\/wp-content\\\/uploads\\\/2025\\\/06\\\/Webdo-Tunisie_168377.jpg\",\"contentUrl\":\"https:\\\/\\\/www.webdo.tn\\\/fr\\\/wp-content\\\/uploads\\\/2025\\\/06\\\/Webdo-Tunisie_168377.jpg\",\"width\":301,\"height\":301,\"caption\":\"Webdo\"},\"image\":{\"@id\":\"https:\\\/\\\/www.webdo.tn\\\/fr\\\/#\\\/schema\\\/logo\\\/image\\\/\"},\"sameAs\":[\"https:\\\/\\\/www.facebook.com\\\/webdotn\",\"https:\\\/\\\/x.com\\\/webdo_tn\"],\"description\":\"Webdo est un m\u00e9dia num\u00e9rique tunisien fond\u00e9 en 2010, sp\u00e9cialis\u00e9 dans l\u2019actualit\u00e9 nationale et internationale, l\u2019\u00e9conomie, la soci\u00e9t\u00e9 et les analyses politiques. Le site s\u2019adresse \u00e0 un large public francophone et couvre l\u2019information tunisienne en temps r\u00e9el.\",\"email\":\"redac@webdo.tn\",\"legalName\":\"YNJ SARL\",\"foundingDate\":\"2010-09-06\",\"numberOfEmployees\":{\"@type\":\"QuantitativeValue\",\"minValue\":\"11\",\"maxValue\":\"50\"}},{\"@type\":\"Person\",\"@id\":\"https:\\\/\\\/www.webdo.tn\\\/fr\\\/#\\\/schema\\\/person\\\/f35b42a42c5e2511bbd282959d6385cc\",\"name\":\"CL\",\"image\":{\"@type\":\"ImageObject\",\"inLanguage\":\"fr-FR\",\"@id\":\"https:\\\/\\\/secure.gravatar.com\\\/avatar\\\/1447a49909b67aa657c488aec6512e1dd6143a480c1ecfee9b5b5cd74eb3b59e?s=96&d=mm&r=g\",\"url\":\"https:\\\/\\\/secure.gravatar.com\\\/avatar\\\/1447a49909b67aa657c488aec6512e1dd6143a480c1ecfee9b5b5cd74eb3b59e?s=96&d=mm&r=g\",\"contentUrl\":\"https:\\\/\\\/secure.gravatar.com\\\/avatar\\\/1447a49909b67aa657c488aec6512e1dd6143a480c1ecfee9b5b5cd74eb3b59e?s=96&d=mm&r=g\",\"caption\":\"CL\"},\"url\":\"https:\\\/\\\/www.webdo.tn\\\/fr\\\/actualite\\\/author\\\/cl\\\/\"}]}<\/script>\n<!-- \/ Yoast SEO Premium plugin. -->","yoast_head_json":{"title":"Meloni : \u00ab L\u2019Italie appelle \u00e0 un package d\u2019aides au profit de la Tunisie \u00bb","description":"La cheffe du gouvernement italien Giorgia Meloni a d\u00e9clar\u00e9 \u00e0 l\u2019issue de sa r\u00e9union avec le pr\u00e9sident de la R\u00e9publique que son pays poursuit ses efforts pour aid...","canonical":"https:\/\/www.webdo.tn\/fr\/actualite\/national\/meloni-l-italie-appelle-a-un-package-d-aides-au-profit-de-la-tunisie\/206383\/","og_locale":"fr_FR","og_type":"article","og_title":"Meloni : \u00ab L\u2019Italie appelle \u00e0 un package d\u2019aides au profit de la Tunisie \u00bb","og_description":"La cheffe du gouvernement italien Giorgia Meloni a d\u00e9clar\u00e9 \u00e0 l\u2019issue de sa r\u00e9union avec le pr\u00e9sident de la R\u00e9publique que son pays poursuit ses efforts pour aid...","og_url":"https:\/\/www.webdo.tn\/fr\/actualite\/national\/meloni-l-italie-appelle-a-un-package-d-aides-au-profit-de-la-tunisie\/206383\/","og_site_name":"webdo","article_publisher":"https:\/\/www.facebook.com\/webdotn","article_published_time":"2023-06-06T15:07:00+00:00","article_modified_time":"2025-05-20T22:42:53+00:00","og_image":[{"width":750,"height":400,"url":"https:\/\/www.webdo.tn\/fr\/wp-content\/uploads\/2023\/06\/2ee31225fb5a6a51c59528b4ba009f0b.jpg","type":"image\/jpeg"}],"author":"CL","twitter_card":"summary_large_image","twitter_creator":"@webdo_tn","twitter_site":"@webdo_tn","twitter_misc":{"\u00c9crit par":"CL","Dur\u00e9e de lecture estim\u00e9e":"1 minute"},"schema":{"@context":"https:\/\/schema.org","@graph":[{"@type":"NewsArticle","@id":"https:\/\/www.webdo.tn\/fr\/actualite\/national\/meloni-l-italie-appelle-a-un-package-d-aides-au-profit-de-la-tunisie\/206383\/#article","isPartOf":{"@id":"https:\/\/www.webdo.tn\/fr\/actualite\/national\/meloni-l-italie-appelle-a-un-package-d-aides-au-profit-de-la-tunisie\/206383\/"},"author":{"name":"CL","@id":"https:\/\/www.webdo.tn\/fr\/#\/schema\/person\/f35b42a42c5e2511bbd282959d6385cc"},"headline":"Meloni : \u00ab L\u2019Italie appelle \u00e0 un package d\u2019aides au profit de la Tunisie \u00bb","datePublished":"2023-06-06T15:07:00+00:00","dateModified":"2025-05-20T22:42:53+00:00","mainEntityOfPage":{"@id":"https:\/\/www.webdo.tn\/fr\/actualite\/national\/meloni-l-italie-appelle-a-un-package-d-aides-au-profit-de-la-tunisie\/206383\/"},"wordCount":116,"commentCount":0,"publisher":{"@id":"https:\/\/www.webdo.tn\/fr\/#organization"},"image":{"@id":"https:\/\/www.webdo.tn\/fr\/actualite\/national\/meloni-l-italie-appelle-a-un-package-d-aides-au-profit-de-la-tunisie\/206383\/#primaryimage"},"thumbnailUrl":"https:\/\/www.webdo.tn\/fr\/wp-content\/uploads\/2023\/06\/2ee31225fb5a6a51c59528b4ba009f0b.jpg","keywords":["Italie","Meloni","Tunisie"],"articleSection":["National"],"inLanguage":"fr-FR"},{"@type":"WebPage","@id":"https:\/\/www.webdo.tn\/fr\/actualite\/national\/meloni-l-italie-appelle-a-un-package-d-aides-au-profit-de-la-tunisie\/206383\/","url":"https:\/\/www.webdo.tn\/fr\/actualite\/national\/meloni-l-italie-appelle-a-un-package-d-aides-au-profit-de-la-tunisie\/206383\/","name":"Meloni : \u00ab L\u2019Italie appelle \u00e0 un package d\u2019aides au profit de la Tunisie \u00bb","isPartOf":{"@id":"https:\/\/www.webdo.tn\/fr\/#website"},"primaryImageOfPage":{"@id":"https:\/\/www.webdo.tn\/fr\/actualite\/national\/meloni-l-italie-appelle-a-un-package-d-aides-au-profit-de-la-tunisie\/206383\/#primaryimage"},"image":{"@id":"https:\/\/www.webdo.tn\/fr\/actualite\/national\/meloni-l-italie-appelle-a-un-package-d-aides-au-profit-de-la-tunisie\/206383\/#primaryimage"},"thumbnailUrl":"https:\/\/www.webdo.tn\/fr\/wp-content\/uploads\/2023\/06\/2ee31225fb5a6a51c59528b4ba009f0b.jpg","datePublished":"2023-06-06T15:07:00+00:00","dateModified":"2025-05-20T22:42:53+00:00","description":"La cheffe du gouvernement italien Giorgia Meloni a d\u00e9clar\u00e9 \u00e0 l\u2019issue de sa r\u00e9union avec le pr\u00e9sident de la R\u00e9publique que son pays poursuit ses efforts pour aid...","breadcrumb":{"@id":"https:\/\/www.webdo.tn\/fr\/actualite\/national\/meloni-l-italie-appelle-a-un-package-d-aides-au-profit-de-la-tunisie\/206383\/#breadcrumb"},"inLanguage":"fr-FR","potentialAction":[{"@type":"ReadAction","target":["https:\/\/www.webdo.tn\/fr\/actualite\/national\/meloni-l-italie-appelle-a-un-package-d-aides-au-profit-de-la-tunisie\/206383\/"]}]},{"@type":"ImageObject","inLanguage":"fr-FR","@id":"https:\/\/www.webdo.tn\/fr\/actualite\/national\/meloni-l-italie-appelle-a-un-package-d-aides-au-profit-de-la-tunisie\/206383\/#primaryimage","url":"https:\/\/www.webdo.tn\/fr\/wp-content\/uploads\/2023\/06\/2ee31225fb5a6a51c59528b4ba009f0b.jpg","contentUrl":"https:\/\/www.webdo.tn\/fr\/wp-content\/uploads\/2023\/06\/2ee31225fb5a6a51c59528b4ba009f0b.jpg","width":750,"height":400,"caption":"Meloni : \u00ab L\u2019Italie appelle \u00e0 un package d\u2019aides au profit de la Tunisie \u00bb"},{"@type":"BreadcrumbList","@id":"https:\/\/www.webdo.tn\/fr\/actualite\/national\/meloni-l-italie-appelle-a-un-package-d-aides-au-profit-de-la-tunisie\/206383\/#breadcrumb","itemListElement":[{"@type":"ListItem","position":1,"name":"Accueil","item":"https:\/\/www.webdo.tn\/fr\/"},{"@type":"ListItem","position":2,"name":"Meloni : \u00ab L\u2019Italie appelle \u00e0 un package d\u2019aides au profit de la Tunisie \u00bb"}]},{"@type":"WebSite","@id":"https:\/\/www.webdo.tn\/fr\/#website","url":"https:\/\/www.webdo.tn\/fr\/","name":"webdo","description":"Tunisie - News en Tunisie et \u00e0 l&#039;international sur Webdo.tn","publisher":{"@id":"https:\/\/www.webdo.tn\/fr\/#organization"},"potentialAction":[{"@type":"SearchAction","target":{"@type":"EntryPoint","urlTemplate":"https:\/\/www.webdo.tn\/fr\/?s={search_term_string}"},"query-input":{"@type":"PropertyValueSpecification","valueRequired":true,"valueName":"search_term_string"}}],"inLanguage":"fr-FR"},{"@type":"Organization","@id":"https:\/\/www.webdo.tn\/fr\/#organization","name":"Webdo","alternateName":"Webdo.tn","url":"https:\/\/www.webdo.tn\/fr\/","logo":{"@type":"ImageObject","inLanguage":"fr-FR","@id":"https:\/\/www.webdo.tn\/fr\/#\/schema\/logo\/image\/","url":"https:\/\/www.webdo.tn\/fr\/wp-content\/uploads\/2025\/06\/Webdo-Tunisie_168377.jpg","contentUrl":"https:\/\/www.webdo.tn\/fr\/wp-content\/uploads\/2025\/06\/Webdo-Tunisie_168377.jpg","width":301,"height":301,"caption":"Webdo"},"image":{"@id":"https:\/\/www.webdo.tn\/fr\/#\/schema\/logo\/image\/"},"sameAs":["https:\/\/www.facebook.com\/webdotn","https:\/\/x.com\/webdo_tn"],"description":"Webdo est un m\u00e9dia num\u00e9rique tunisien fond\u00e9 en 2010, sp\u00e9cialis\u00e9 dans l\u2019actualit\u00e9 nationale et internationale, l\u2019\u00e9conomie, la soci\u00e9t\u00e9 et les analyses politiques. Le site s\u2019adresse \u00e0 un large public francophone et couvre l\u2019information tunisienne en temps r\u00e9el.","email":"redac@webdo.tn","legalName":"YNJ SARL","foundingDate":"2010-09-06","numberOfEmployees":{"@type":"QuantitativeValue","minValue":"11","maxValue":"50"}},{"@type":"Person","@id":"https:\/\/www.webdo.tn\/fr\/#\/schema\/person\/f35b42a42c5e2511bbd282959d6385cc","name":"CL","image":{"@type":"ImageObject","inLanguage":"fr-FR","@id":"https:\/\/secure.gravatar.com\/avatar\/1447a49909b67aa657c488aec6512e1dd6143a480c1ecfee9b5b5cd74eb3b59e?s=96&d=mm&r=g","url":"https:\/\/secure.gravatar.com\/avatar\/1447a49909b67aa657c488aec6512e1dd6143a480c1ecfee9b5b5cd74eb3b59e?s=96&d=mm&r=g","contentUrl":"https:\/\/secure.gravatar.com\/avatar\/1447a49909b67aa657c488aec6512e1dd6143a480c1ecfee9b5b5cd74eb3b59e?s=96&d=mm&r=g","caption":"CL"},"url":"https:\/\/www.webdo.tn\/fr\/actualite\/author\/cl\/"}]}},"_links":{"self":[{"href":"https:\/\/www.webdo.tn\/fr\/wp-json\/wp\/v2\/posts\/206383","targetHints":{"allow":["GET"]}}],"collection":[{"href":"https:\/\/www.webdo.tn\/fr\/wp-json\/wp\/v2\/posts"}],"about":[{"href":"https:\/\/www.webdo.tn\/fr\/wp-json\/wp\/v2\/types\/post"}],"author":[{"embeddable":true,"href":"https:\/\/www.webdo.tn\/fr\/wp-json\/wp\/v2\/users\/3175"}],"replies":[{"embeddable":true,"href":"https:\/\/www.webdo.tn\/fr\/wp-json\/wp\/v2\/comments?post=206383"}],"version-history":[{"count":0,"href":"https:\/\/www.webdo.tn\/fr\/wp-json\/wp\/v2\/posts\/206383\/revisions"}],"wp:featuredmedia":[{"embeddable":true,"href":"https:\/\/www.webdo.tn\/fr\/wp-json\/wp\/v2\/media\/250956"}],"wp:attachment":[{"href":"https:\/\/www.webdo.tn\/fr\/wp-json\/wp\/v2\/media?parent=206383"}],"wp:term":[{"taxonomy":"category","embeddable":true,"href":"https:\/\/www.webdo.tn\/fr\/wp-json\/wp\/v2\/categories?post=206383"},{"taxonomy":"post_tag","embeddable":true,"href":"https:\/\/www.webdo.tn\/fr\/wp-json\/wp\/v2\/tags?post=206383"}],"curies":[{"name":"wp","href":"https:\/\/api.w.org\/{rel}","templated":true}]}}