{"id":206375,"date":"2023-06-06T12:16:00","date_gmt":"2023-06-06T12:16:00","guid":{"rendered":"https:\/\/www.webdo.tn\/fr\/blog\/giorgia-meloni-accueillie-par-najla-bouden-a-tunis-carthage\/206375\/"},"modified":"2025-05-20T21:59:10","modified_gmt":"2025-05-20T21:59:10","slug":"giorgia-meloni-accueillie-par-najla-bouden-a-tunis-carthage","status":"publish","type":"post","link":"https:\/\/www.webdo.tn\/fr\/actualite\/national\/giorgia-meloni-accueillie-par-najla-bouden-a-tunis-carthage\/206375\/","title":{"rendered":"Giorgia Meloni accueillie par Najla Bouden \u00e0 Tunis-Carthage"},"content":{"rendered":"<p>La pr\u00e9sidente du Conseil des ministres italien Giorgia Meloni est arriv\u00e9e \u00e0 Tunis o\u00f9 elle a \u00e9t\u00e9 accueillie par la cheffe du gouvernement Najla Bouden.<\/p>\n<p>\t\t\t\t\t\t\t\t\tNajla Bouden, a accueilli, ce mardi 6 juin 2023, au pavillon pr\u00e9sidentiel \u00e0 l&rsquo;a\u00e9roport Tunis-Carthage, la pr\u00e9sidente du Conseil des ministres italiens, Giorgia Meloni, indique la Pr\u00e9sidence du gouvernement.<\/p>\n<p>Giorgia Meloni effectue, rappelons-le, une visite d&rsquo;amiti\u00e9 et de travail en Tunisie, \u00e0 l&rsquo;invitation du pr\u00e9sident de la R\u00e9publique Ka\u00efs Sa\u00efed.<\/p>\n<p>Vendredi dernier, le pr\u00e9sident de la R\u00e9publique Kais Saied et la haute responsable italienne ont eu un \u00e9change t\u00e9l\u00e9phonique \u00e0 travers lequel ils ont notamment \u00e9voqu\u00e9 la question migratoire.<\/p>\n<p>Lors de son entretien attendu avec Kais Saied, Giorgia Meloni devrait \u00e9voquer cette question mais aussi celle de la grave crise \u00e9conomique que traverse la Tunisie.<\/p>\n<p>A la t\u00eate du gouvernement italien depuis octobre 2022, Georgia Meloni est la pr\u00e9sidente du parti \u00ab\u00a0Fratelli d&rsquo;Italia\u00a0\u00bb (parti d&rsquo;extr\u00eame droite).<\/p>\n","protected":false},"excerpt":{"rendered":"<p>La pr\u00e9sidente du Conseil des ministres italien Giorgia Meloni est arriv\u00e9e \u00e0 Tunis o\u00f9 elle a \u00e9t\u00e9 accueillie par la cheffe du gouvernement Najla Bouden.<\/p>\n","protected":false},"author":3162,"featured_media":250953,"comment_status":"open","ping_status":"closed","sticky":false,"template":"","format":"standard","meta":{"footnotes":""},"categories":[44],"tags":[5328,2660,2614,2615,8290,2608],"class_list":["post-206375","post","type-post","status-publish","format-standard","has-post-thumbnail","hentry","category-national","tag-giorgia-meloni","tag-italie","tag-kais-saied","tag-migration","tag-najla-bouden","tag-tunisie"],"yoast_head":"<!-- This site is optimized with the Yoast SEO Premium plugin v27.4 (Yoast SEO v27.4) - https:\/\/yoast.com\/product\/yoast-seo-premium-wordpress\/ -->\n<title>Giorgia Meloni accueillie par Najla Bouden \u00e0 Tunis-Carthage<\/title>\n<meta name=\"description\" content=\"La pr\u00e9sidente du Conseil des ministres italien Giorgia Meloni est arriv\u00e9e \u00e0 Tunis o\u00f9 elle a \u00e9t\u00e9 accueillie par la cheffe du gouvernement Najla Bouden.\" \/>\n<link rel=\"canonical\" href=\"https:\/\/www.webdo.tn\/fr\/actualite\/national\/giorgia-meloni-accueillie-par-najla-bouden-a-tunis-carthage\/206375\/\" \/>\n<meta property=\"og:locale\" content=\"fr_FR\" \/>\n<meta property=\"og:type\" content=\"article\" \/>\n<meta property=\"og:title\" content=\"Giorgia Meloni accueillie par Najla Bouden \u00e0 Tunis-Carthage\" \/>\n<meta property=\"og:description\" content=\"La pr\u00e9sidente du Conseil des ministres italien Giorgia Meloni est arriv\u00e9e \u00e0 Tunis o\u00f9 elle a \u00e9t\u00e9 accueillie par la cheffe du gouvernement Najla Bouden.\" \/>\n<meta property=\"og:url\" content=\"https:\/\/www.webdo.tn\/fr\/actualite\/national\/giorgia-meloni-accueillie-par-najla-bouden-a-tunis-carthage\/206375\/\" \/>\n<meta property=\"og:site_name\" content=\"webdo\" \/>\n<meta property=\"article:publisher\" content=\"https:\/\/www.facebook.com\/webdotn\" \/>\n<meta property=\"article:published_time\" content=\"2023-06-06T12:16:00+00:00\" \/>\n<meta property=\"article:modified_time\" content=\"2025-05-20T21:59:10+00:00\" \/>\n<meta property=\"og:image\" content=\"https:\/\/www.webdo.tn\/fr\/wp-content\/uploads\/2023\/06\/83cf657fddbf7c956958b1564abae3a0.jpg\" \/>\n\t<meta property=\"og:image:width\" content=\"750\" \/>\n\t<meta property=\"og:image:height\" content=\"400\" \/>\n\t<meta property=\"og:image:type\" content=\"image\/jpeg\" \/>\n<meta name=\"author\" content=\"MC\" \/>\n<meta name=\"twitter:card\" content=\"summary_large_image\" \/>\n<meta name=\"twitter:creator\" content=\"@webdo_tn\" \/>\n<meta name=\"twitter:site\" content=\"@webdo_tn\" \/>\n<meta name=\"twitter:label1\" content=\"\u00c9crit par\" \/>\n\t<meta name=\"twitter:data1\" content=\"MC\" \/>\n\t<meta name=\"twitter:label2\" content=\"Dur\u00e9e de lecture estim\u00e9e\" \/>\n\t<meta name=\"twitter:data2\" content=\"1 minute\" \/>\n<script type=\"application\/ld+json\" class=\"yoast-schema-graph\">{\"@context\":\"https:\\\/\\\/schema.org\",\"@graph\":[{\"@type\":\"NewsArticle\",\"@id\":\"https:\\\/\\\/www.webdo.tn\\\/fr\\\/actualite\\\/national\\\/giorgia-meloni-accueillie-par-najla-bouden-a-tunis-carthage\\\/206375\\\/#article\",\"isPartOf\":{\"@id\":\"https:\\\/\\\/www.webdo.tn\\\/fr\\\/actualite\\\/national\\\/giorgia-meloni-accueillie-par-najla-bouden-a-tunis-carthage\\\/206375\\\/\"},\"author\":{\"name\":\"MC\",\"@id\":\"https:\\\/\\\/www.webdo.tn\\\/fr\\\/#\\\/schema\\\/person\\\/2c4929cbf5a809e3bd38617c6ce150f6\"},\"headline\":\"Giorgia Meloni accueillie par Najla Bouden \u00e0 Tunis-Carthage\",\"datePublished\":\"2023-06-06T12:16:00+00:00\",\"dateModified\":\"2025-05-20T21:59:10+00:00\",\"mainEntityOfPage\":{\"@id\":\"https:\\\/\\\/www.webdo.tn\\\/fr\\\/actualite\\\/national\\\/giorgia-meloni-accueillie-par-najla-bouden-a-tunis-carthage\\\/206375\\\/\"},\"wordCount\":173,\"commentCount\":0,\"publisher\":{\"@id\":\"https:\\\/\\\/www.webdo.tn\\\/fr\\\/#organization\"},\"image\":{\"@id\":\"https:\\\/\\\/www.webdo.tn\\\/fr\\\/actualite\\\/national\\\/giorgia-meloni-accueillie-par-najla-bouden-a-tunis-carthage\\\/206375\\\/#primaryimage\"},\"thumbnailUrl\":\"https:\\\/\\\/www.webdo.tn\\\/fr\\\/wp-content\\\/uploads\\\/2023\\\/06\\\/83cf657fddbf7c956958b1564abae3a0.jpg\",\"keywords\":[\"giorgia meloni\",\"Italie\",\"Kais Saied\",\"Migration\",\"Najla Bouden\",\"Tunisie\"],\"articleSection\":[\"National\"],\"inLanguage\":\"fr-FR\"},{\"@type\":\"WebPage\",\"@id\":\"https:\\\/\\\/www.webdo.tn\\\/fr\\\/actualite\\\/national\\\/giorgia-meloni-accueillie-par-najla-bouden-a-tunis-carthage\\\/206375\\\/\",\"url\":\"https:\\\/\\\/www.webdo.tn\\\/fr\\\/actualite\\\/national\\\/giorgia-meloni-accueillie-par-najla-bouden-a-tunis-carthage\\\/206375\\\/\",\"name\":\"Giorgia Meloni accueillie par Najla Bouden \u00e0 Tunis-Carthage\",\"isPartOf\":{\"@id\":\"https:\\\/\\\/www.webdo.tn\\\/fr\\\/#website\"},\"primaryImageOfPage\":{\"@id\":\"https:\\\/\\\/www.webdo.tn\\\/fr\\\/actualite\\\/national\\\/giorgia-meloni-accueillie-par-najla-bouden-a-tunis-carthage\\\/206375\\\/#primaryimage\"},\"image\":{\"@id\":\"https:\\\/\\\/www.webdo.tn\\\/fr\\\/actualite\\\/national\\\/giorgia-meloni-accueillie-par-najla-bouden-a-tunis-carthage\\\/206375\\\/#primaryimage\"},\"thumbnailUrl\":\"https:\\\/\\\/www.webdo.tn\\\/fr\\\/wp-content\\\/uploads\\\/2023\\\/06\\\/83cf657fddbf7c956958b1564abae3a0.jpg\",\"datePublished\":\"2023-06-06T12:16:00+00:00\",\"dateModified\":\"2025-05-20T21:59:10+00:00\",\"description\":\"La pr\u00e9sidente du Conseil des ministres italien Giorgia Meloni est arriv\u00e9e \u00e0 Tunis o\u00f9 elle a \u00e9t\u00e9 accueillie par la cheffe du gouvernement Najla Bouden.\",\"breadcrumb\":{\"@id\":\"https:\\\/\\\/www.webdo.tn\\\/fr\\\/actualite\\\/national\\\/giorgia-meloni-accueillie-par-najla-bouden-a-tunis-carthage\\\/206375\\\/#breadcrumb\"},\"inLanguage\":\"fr-FR\",\"potentialAction\":[{\"@type\":\"ReadAction\",\"target\":[\"https:\\\/\\\/www.webdo.tn\\\/fr\\\/actualite\\\/national\\\/giorgia-meloni-accueillie-par-najla-bouden-a-tunis-carthage\\\/206375\\\/\"]}]},{\"@type\":\"ImageObject\",\"inLanguage\":\"fr-FR\",\"@id\":\"https:\\\/\\\/www.webdo.tn\\\/fr\\\/actualite\\\/national\\\/giorgia-meloni-accueillie-par-najla-bouden-a-tunis-carthage\\\/206375\\\/#primaryimage\",\"url\":\"https:\\\/\\\/www.webdo.tn\\\/fr\\\/wp-content\\\/uploads\\\/2023\\\/06\\\/83cf657fddbf7c956958b1564abae3a0.jpg\",\"contentUrl\":\"https:\\\/\\\/www.webdo.tn\\\/fr\\\/wp-content\\\/uploads\\\/2023\\\/06\\\/83cf657fddbf7c956958b1564abae3a0.jpg\",\"width\":750,\"height\":400,\"caption\":\"Giorgia Meloni accueillie par Najla Bouden \u00e0 Tunis-Carthage\"},{\"@type\":\"BreadcrumbList\",\"@id\":\"https:\\\/\\\/www.webdo.tn\\\/fr\\\/actualite\\\/national\\\/giorgia-meloni-accueillie-par-najla-bouden-a-tunis-carthage\\\/206375\\\/#breadcrumb\",\"itemListElement\":[{\"@type\":\"ListItem\",\"position\":1,\"name\":\"Accueil\",\"item\":\"https:\\\/\\\/www.webdo.tn\\\/fr\\\/\"},{\"@type\":\"ListItem\",\"position\":2,\"name\":\"Giorgia Meloni accueillie par Najla Bouden \u00e0 Tunis-Carthage\"}]},{\"@type\":\"WebSite\",\"@id\":\"https:\\\/\\\/www.webdo.tn\\\/fr\\\/#website\",\"url\":\"https:\\\/\\\/www.webdo.tn\\\/fr\\\/\",\"name\":\"webdo\",\"description\":\"Tunisie - News en Tunisie et \u00e0 l&#039;international sur Webdo.tn\",\"publisher\":{\"@id\":\"https:\\\/\\\/www.webdo.tn\\\/fr\\\/#organization\"},\"potentialAction\":[{\"@type\":\"SearchAction\",\"target\":{\"@type\":\"EntryPoint\",\"urlTemplate\":\"https:\\\/\\\/www.webdo.tn\\\/fr\\\/?s={search_term_string}\"},\"query-input\":{\"@type\":\"PropertyValueSpecification\",\"valueRequired\":true,\"valueName\":\"search_term_string\"}}],\"inLanguage\":\"fr-FR\"},{\"@type\":\"Organization\",\"@id\":\"https:\\\/\\\/www.webdo.tn\\\/fr\\\/#organization\",\"name\":\"Webdo\",\"alternateName\":\"Webdo.tn\",\"url\":\"https:\\\/\\\/www.webdo.tn\\\/fr\\\/\",\"logo\":{\"@type\":\"ImageObject\",\"inLanguage\":\"fr-FR\",\"@id\":\"https:\\\/\\\/www.webdo.tn\\\/fr\\\/#\\\/schema\\\/logo\\\/image\\\/\",\"url\":\"https:\\\/\\\/www.webdo.tn\\\/fr\\\/wp-content\\\/uploads\\\/2025\\\/06\\\/Webdo-Tunisie_168377.jpg\",\"contentUrl\":\"https:\\\/\\\/www.webdo.tn\\\/fr\\\/wp-content\\\/uploads\\\/2025\\\/06\\\/Webdo-Tunisie_168377.jpg\",\"width\":301,\"height\":301,\"caption\":\"Webdo\"},\"image\":{\"@id\":\"https:\\\/\\\/www.webdo.tn\\\/fr\\\/#\\\/schema\\\/logo\\\/image\\\/\"},\"sameAs\":[\"https:\\\/\\\/www.facebook.com\\\/webdotn\",\"https:\\\/\\\/x.com\\\/webdo_tn\"],\"description\":\"Webdo est un m\u00e9dia num\u00e9rique tunisien fond\u00e9 en 2010, sp\u00e9cialis\u00e9 dans l\u2019actualit\u00e9 nationale et internationale, l\u2019\u00e9conomie, la soci\u00e9t\u00e9 et les analyses politiques. Le site s\u2019adresse \u00e0 un large public francophone et couvre l\u2019information tunisienne en temps r\u00e9el.\",\"email\":\"redac@webdo.tn\",\"legalName\":\"YNJ SARL\",\"foundingDate\":\"2010-09-06\",\"numberOfEmployees\":{\"@type\":\"QuantitativeValue\",\"minValue\":\"11\",\"maxValue\":\"50\"}},{\"@type\":\"Person\",\"@id\":\"https:\\\/\\\/www.webdo.tn\\\/fr\\\/#\\\/schema\\\/person\\\/2c4929cbf5a809e3bd38617c6ce150f6\",\"name\":\"MC\",\"image\":{\"@type\":\"ImageObject\",\"inLanguage\":\"fr-FR\",\"@id\":\"https:\\\/\\\/secure.gravatar.com\\\/avatar\\\/a545bbb6f84efdd5553dbbc2895e3ca8f1d12c5215e00a041c9670b54aa9b18a?s=96&d=mm&r=g\",\"url\":\"https:\\\/\\\/secure.gravatar.com\\\/avatar\\\/a545bbb6f84efdd5553dbbc2895e3ca8f1d12c5215e00a041c9670b54aa9b18a?s=96&d=mm&r=g\",\"contentUrl\":\"https:\\\/\\\/secure.gravatar.com\\\/avatar\\\/a545bbb6f84efdd5553dbbc2895e3ca8f1d12c5215e00a041c9670b54aa9b18a?s=96&d=mm&r=g\",\"caption\":\"MC\"},\"url\":\"https:\\\/\\\/www.webdo.tn\\\/fr\\\/actualite\\\/author\\\/mc\\\/\"}]}<\/script>\n<!-- \/ Yoast SEO Premium plugin. -->","yoast_head_json":{"title":"Giorgia Meloni accueillie par Najla Bouden \u00e0 Tunis-Carthage","description":"La pr\u00e9sidente du Conseil des ministres italien Giorgia Meloni est arriv\u00e9e \u00e0 Tunis o\u00f9 elle a \u00e9t\u00e9 accueillie par la cheffe du gouvernement Najla Bouden.","canonical":"https:\/\/www.webdo.tn\/fr\/actualite\/national\/giorgia-meloni-accueillie-par-najla-bouden-a-tunis-carthage\/206375\/","og_locale":"fr_FR","og_type":"article","og_title":"Giorgia Meloni accueillie par Najla Bouden \u00e0 Tunis-Carthage","og_description":"La pr\u00e9sidente du Conseil des ministres italien Giorgia Meloni est arriv\u00e9e \u00e0 Tunis o\u00f9 elle a \u00e9t\u00e9 accueillie par la cheffe du gouvernement Najla Bouden.","og_url":"https:\/\/www.webdo.tn\/fr\/actualite\/national\/giorgia-meloni-accueillie-par-najla-bouden-a-tunis-carthage\/206375\/","og_site_name":"webdo","article_publisher":"https:\/\/www.facebook.com\/webdotn","article_published_time":"2023-06-06T12:16:00+00:00","article_modified_time":"2025-05-20T21:59:10+00:00","og_image":[{"width":750,"height":400,"url":"https:\/\/www.webdo.tn\/fr\/wp-content\/uploads\/2023\/06\/83cf657fddbf7c956958b1564abae3a0.jpg","type":"image\/jpeg"}],"author":"MC","twitter_card":"summary_large_image","twitter_creator":"@webdo_tn","twitter_site":"@webdo_tn","twitter_misc":{"\u00c9crit par":"MC","Dur\u00e9e de lecture estim\u00e9e":"1 minute"},"schema":{"@context":"https:\/\/schema.org","@graph":[{"@type":"NewsArticle","@id":"https:\/\/www.webdo.tn\/fr\/actualite\/national\/giorgia-meloni-accueillie-par-najla-bouden-a-tunis-carthage\/206375\/#article","isPartOf":{"@id":"https:\/\/www.webdo.tn\/fr\/actualite\/national\/giorgia-meloni-accueillie-par-najla-bouden-a-tunis-carthage\/206375\/"},"author":{"name":"MC","@id":"https:\/\/www.webdo.tn\/fr\/#\/schema\/person\/2c4929cbf5a809e3bd38617c6ce150f6"},"headline":"Giorgia Meloni accueillie par Najla Bouden \u00e0 Tunis-Carthage","datePublished":"2023-06-06T12:16:00+00:00","dateModified":"2025-05-20T21:59:10+00:00","mainEntityOfPage":{"@id":"https:\/\/www.webdo.tn\/fr\/actualite\/national\/giorgia-meloni-accueillie-par-najla-bouden-a-tunis-carthage\/206375\/"},"wordCount":173,"commentCount":0,"publisher":{"@id":"https:\/\/www.webdo.tn\/fr\/#organization"},"image":{"@id":"https:\/\/www.webdo.tn\/fr\/actualite\/national\/giorgia-meloni-accueillie-par-najla-bouden-a-tunis-carthage\/206375\/#primaryimage"},"thumbnailUrl":"https:\/\/www.webdo.tn\/fr\/wp-content\/uploads\/2023\/06\/83cf657fddbf7c956958b1564abae3a0.jpg","keywords":["giorgia meloni","Italie","Kais Saied","Migration","Najla Bouden","Tunisie"],"articleSection":["National"],"inLanguage":"fr-FR"},{"@type":"WebPage","@id":"https:\/\/www.webdo.tn\/fr\/actualite\/national\/giorgia-meloni-accueillie-par-najla-bouden-a-tunis-carthage\/206375\/","url":"https:\/\/www.webdo.tn\/fr\/actualite\/national\/giorgia-meloni-accueillie-par-najla-bouden-a-tunis-carthage\/206375\/","name":"Giorgia Meloni accueillie par Najla Bouden \u00e0 Tunis-Carthage","isPartOf":{"@id":"https:\/\/www.webdo.tn\/fr\/#website"},"primaryImageOfPage":{"@id":"https:\/\/www.webdo.tn\/fr\/actualite\/national\/giorgia-meloni-accueillie-par-najla-bouden-a-tunis-carthage\/206375\/#primaryimage"},"image":{"@id":"https:\/\/www.webdo.tn\/fr\/actualite\/national\/giorgia-meloni-accueillie-par-najla-bouden-a-tunis-carthage\/206375\/#primaryimage"},"thumbnailUrl":"https:\/\/www.webdo.tn\/fr\/wp-content\/uploads\/2023\/06\/83cf657fddbf7c956958b1564abae3a0.jpg","datePublished":"2023-06-06T12:16:00+00:00","dateModified":"2025-05-20T21:59:10+00:00","description":"La pr\u00e9sidente du Conseil des ministres italien Giorgia Meloni est arriv\u00e9e \u00e0 Tunis o\u00f9 elle a \u00e9t\u00e9 accueillie par la cheffe du gouvernement Najla Bouden.","breadcrumb":{"@id":"https:\/\/www.webdo.tn\/fr\/actualite\/national\/giorgia-meloni-accueillie-par-najla-bouden-a-tunis-carthage\/206375\/#breadcrumb"},"inLanguage":"fr-FR","potentialAction":[{"@type":"ReadAction","target":["https:\/\/www.webdo.tn\/fr\/actualite\/national\/giorgia-meloni-accueillie-par-najla-bouden-a-tunis-carthage\/206375\/"]}]},{"@type":"ImageObject","inLanguage":"fr-FR","@id":"https:\/\/www.webdo.tn\/fr\/actualite\/national\/giorgia-meloni-accueillie-par-najla-bouden-a-tunis-carthage\/206375\/#primaryimage","url":"https:\/\/www.webdo.tn\/fr\/wp-content\/uploads\/2023\/06\/83cf657fddbf7c956958b1564abae3a0.jpg","contentUrl":"https:\/\/www.webdo.tn\/fr\/wp-content\/uploads\/2023\/06\/83cf657fddbf7c956958b1564abae3a0.jpg","width":750,"height":400,"caption":"Giorgia Meloni accueillie par Najla Bouden \u00e0 Tunis-Carthage"},{"@type":"BreadcrumbList","@id":"https:\/\/www.webdo.tn\/fr\/actualite\/national\/giorgia-meloni-accueillie-par-najla-bouden-a-tunis-carthage\/206375\/#breadcrumb","itemListElement":[{"@type":"ListItem","position":1,"name":"Accueil","item":"https:\/\/www.webdo.tn\/fr\/"},{"@type":"ListItem","position":2,"name":"Giorgia Meloni accueillie par Najla Bouden \u00e0 Tunis-Carthage"}]},{"@type":"WebSite","@id":"https:\/\/www.webdo.tn\/fr\/#website","url":"https:\/\/www.webdo.tn\/fr\/","name":"webdo","description":"Tunisie - News en Tunisie et \u00e0 l&#039;international sur Webdo.tn","publisher":{"@id":"https:\/\/www.webdo.tn\/fr\/#organization"},"potentialAction":[{"@type":"SearchAction","target":{"@type":"EntryPoint","urlTemplate":"https:\/\/www.webdo.tn\/fr\/?s={search_term_string}"},"query-input":{"@type":"PropertyValueSpecification","valueRequired":true,"valueName":"search_term_string"}}],"inLanguage":"fr-FR"},{"@type":"Organization","@id":"https:\/\/www.webdo.tn\/fr\/#organization","name":"Webdo","alternateName":"Webdo.tn","url":"https:\/\/www.webdo.tn\/fr\/","logo":{"@type":"ImageObject","inLanguage":"fr-FR","@id":"https:\/\/www.webdo.tn\/fr\/#\/schema\/logo\/image\/","url":"https:\/\/www.webdo.tn\/fr\/wp-content\/uploads\/2025\/06\/Webdo-Tunisie_168377.jpg","contentUrl":"https:\/\/www.webdo.tn\/fr\/wp-content\/uploads\/2025\/06\/Webdo-Tunisie_168377.jpg","width":301,"height":301,"caption":"Webdo"},"image":{"@id":"https:\/\/www.webdo.tn\/fr\/#\/schema\/logo\/image\/"},"sameAs":["https:\/\/www.facebook.com\/webdotn","https:\/\/x.com\/webdo_tn"],"description":"Webdo est un m\u00e9dia num\u00e9rique tunisien fond\u00e9 en 2010, sp\u00e9cialis\u00e9 dans l\u2019actualit\u00e9 nationale et internationale, l\u2019\u00e9conomie, la soci\u00e9t\u00e9 et les analyses politiques. Le site s\u2019adresse \u00e0 un large public francophone et couvre l\u2019information tunisienne en temps r\u00e9el.","email":"redac@webdo.tn","legalName":"YNJ SARL","foundingDate":"2010-09-06","numberOfEmployees":{"@type":"QuantitativeValue","minValue":"11","maxValue":"50"}},{"@type":"Person","@id":"https:\/\/www.webdo.tn\/fr\/#\/schema\/person\/2c4929cbf5a809e3bd38617c6ce150f6","name":"MC","image":{"@type":"ImageObject","inLanguage":"fr-FR","@id":"https:\/\/secure.gravatar.com\/avatar\/a545bbb6f84efdd5553dbbc2895e3ca8f1d12c5215e00a041c9670b54aa9b18a?s=96&d=mm&r=g","url":"https:\/\/secure.gravatar.com\/avatar\/a545bbb6f84efdd5553dbbc2895e3ca8f1d12c5215e00a041c9670b54aa9b18a?s=96&d=mm&r=g","contentUrl":"https:\/\/secure.gravatar.com\/avatar\/a545bbb6f84efdd5553dbbc2895e3ca8f1d12c5215e00a041c9670b54aa9b18a?s=96&d=mm&r=g","caption":"MC"},"url":"https:\/\/www.webdo.tn\/fr\/actualite\/author\/mc\/"}]}},"_links":{"self":[{"href":"https:\/\/www.webdo.tn\/fr\/wp-json\/wp\/v2\/posts\/206375","targetHints":{"allow":["GET"]}}],"collection":[{"href":"https:\/\/www.webdo.tn\/fr\/wp-json\/wp\/v2\/posts"}],"about":[{"href":"https:\/\/www.webdo.tn\/fr\/wp-json\/wp\/v2\/types\/post"}],"author":[{"embeddable":true,"href":"https:\/\/www.webdo.tn\/fr\/wp-json\/wp\/v2\/users\/3162"}],"replies":[{"embeddable":true,"href":"https:\/\/www.webdo.tn\/fr\/wp-json\/wp\/v2\/comments?post=206375"}],"version-history":[{"count":0,"href":"https:\/\/www.webdo.tn\/fr\/wp-json\/wp\/v2\/posts\/206375\/revisions"}],"wp:featuredmedia":[{"embeddable":true,"href":"https:\/\/www.webdo.tn\/fr\/wp-json\/wp\/v2\/media\/250953"}],"wp:attachment":[{"href":"https:\/\/www.webdo.tn\/fr\/wp-json\/wp\/v2\/media?parent=206375"}],"wp:term":[{"taxonomy":"category","embeddable":true,"href":"https:\/\/www.webdo.tn\/fr\/wp-json\/wp\/v2\/categories?post=206375"},{"taxonomy":"post_tag","embeddable":true,"href":"https:\/\/www.webdo.tn\/fr\/wp-json\/wp\/v2\/tags?post=206375"}],"curies":[{"name":"wp","href":"https:\/\/api.w.org\/{rel}","templated":true}]}}