{"id":206369,"date":"2023-06-06T11:25:00","date_gmt":"2023-06-06T11:25:00","guid":{"rendered":"https:\/\/www.webdo.tn\/fr\/blog\/prix-arabe-mustapha-azzouz-de-litterature-pour-enfants-de-l-atb-la-tunisie-et-la-jordanie-a-l-honneur\/206369\/"},"modified":"2025-05-20T22:32:46","modified_gmt":"2025-05-20T22:32:46","slug":"prix-arabe-mustapha-azzouz-de-litterature-pour-enfants-de-l-atb-la-tunisie-et-la-jordanie-a-l-honneur","status":"publish","type":"post","link":"https:\/\/www.webdo.tn\/fr\/actualite\/culture\/prix-arabe-mustapha-azzouz-de-litterature-pour-enfants-de-l-atb-la-tunisie-et-la-jordanie-a-l-honneur\/206369\/","title":{"rendered":"Prix arabe Mustapha Azzouz de litt\u00e9rature pour enfants de l&rsquo;ATB : La Tunisie et la Jordanie \u00e0 l\u2019honneur"},"content":{"rendered":"<p>Cette 14\u00e8me session du Prix arabe Mustapha Azzouz de litt\u00e9rature pour enfants de l\u2019ATB, a \u00e9t\u00e9 d\u00e9nomm\u00e9e \u00ab Edition Souad Aff\u00e8s \u00bb, en hommage \u00e0 une dame qui a tant donn\u00e9 durant sa vie \u00e0 la culture, au savoir, aux jeunes et aux enfants pour leur \u00e9panouissement, et pour ce Prix arabe Mustapha Azzouz. Souad Aff\u00e8s nous a quitt\u00e9s un certain 12 ao\u00fbt 2022.<\/p>\n<p>\t\t\t\t\t\t\t\t\tEn ouverture de cette rencontre litt\u00e9raire, jeudi 1er juin 2023, un vibrant hommage a \u00e9t\u00e9 donn\u00e9 \u00e0 la d\u00e9funte par le t\u00e9moignage de sa plus proche amie, Mme Fa\u00efza K\u00e9fi, ancienne ministre et ambassadrice, et par un reportage vid\u00e9o retra\u00e7ant son parcours, ce qu\u2019elle a donn\u00e9 d\u2019elle-m\u00eame pour la Culture en g\u00e9n\u00e9ral et pr\u00e9sentant de nombreux t\u00e9moignages de ceux qui l\u2019ont c\u00f4toy\u00e9e.<\/p>\n<p>Par la suite, c\u2019est M. Mohamed A\u00eft Mihoub qui a ouvert officiellement cette \u00e9dition, lequel Feue Souad Aff\u00e8s avait tenu \u00e0 lui l\u00e9guer la responsabilit\u00e9 de diriger le Prix arabe Mustapha Azzouz de litt\u00e9rature pour enfants de l\u2019ATB.<\/p>\n<p>Apr\u00e8s quoi, les d\u00e9bats ont \u00e9t\u00e9 entam\u00e9s par les diff\u00e9rentes interventions programm\u00e9es durant cette journ\u00e9e du jeudi, de la part des conf\u00e9renciers venus de quelques pays arabes dont l\u2019Alg\u00e9rie, le Maroc et le Bahre\u00efn, en plus des participants tunisiens. \u00a0<\/p>\n<p>Le lendemain vendredi 2 juin, \u00e9tait consacr\u00e9 \u00e0 la remise des prix aux laur\u00e9ats parmi les 145 participants \u00e0 cette \u00e9dition, venus d\u2019une vingtaine de pays arabes, en plus des prix d\u2019encouragement aux n\u00e9ophytes de la litt\u00e9rature parmi nos \u00e9l\u00e8ves.<\/p>\n<p>Le palmar\u00e8s de cette 14\u00e8me \u00e9dition s\u2019est \u00e9tabli comme suit :<\/p>\n<p>Prix du roman de libre expression (10 mille dinars) :<\/p>\n<p>\tA\u00efssa Jebabli (Tunisie) pour son roman \u00ab Ajinahat el-yassamine \u00bb (\u00ab Les ailes du jasmin \u00bb).<\/p>\n<p>Prix sp\u00e9cial sur la litt\u00e9rature du d\u00e9fi et de l\u2019affirmation de soi (12 mille dinars) : <\/p>\n<p>\tAsma Ze\u00eftoun (Jordanie) pour son roman \u00ab At-tifl alladhi ghayara al-hykayet \u00bb (\u00ab L\u2019enfant qui a chang\u00e9 les contes \u00bb).<\/p>\n<p>Prix d\u2019encouragement (mille dinars) :<\/p>\n<p>\tSelma Abdelli (Sidi Bouzid) pour son roman \u00ab Asse\u00eff wel qalb \u00bb (\u00ab L\u2019\u00e9p\u00e9e et le c\u0153ur \u00bb).<br \/>\n\tMohamed Habibi (Borj El-Amri) pour son roman \u00ab Al-iqab wel bouma \u00bb (\u00ab Le vautour et le hibou \u00bb).<br \/>\n\tMohamed Amine Derouaq (Maroc) : pour son roman \u00ab Mad wa faqd \u00bb (\u00ab Don et privation \u00bb).<\/p>\n","protected":false},"excerpt":{"rendered":"<p>Cette 14\u00e8me session du Prix arabe Mustapha Azzouz de litt\u00e9rature pour enfants de l\u2019ATB, a \u00e9t\u00e9 d\u00e9nomm\u00e9e \u00ab Edition Souad Aff\u00e8s \u00bb<\/p>\n","protected":false},"author":3169,"featured_media":250949,"comment_status":"open","ping_status":"closed","sticky":false,"template":"","format":"standard","meta":{"footnotes":""},"categories":[2594],"tags":[8338,2956,4025,8339],"class_list":["post-206369","post","type-post","status-publish","format-standard","has-post-thumbnail","hentry","category-culture","tag-atb","tag-enfants","tag-litterature","tag-mustapha-azzouz"],"yoast_head":"<!-- This site is optimized with the Yoast SEO Premium plugin v27.5 (Yoast SEO v27.5) - https:\/\/yoast.com\/product\/yoast-seo-premium-wordpress\/ -->\n<title>Prix arabe Mustapha Azzouz de litt\u00e9rature pour enfants de l&#039;ATB : La Tunisie et la Jordanie \u00e0 l\u2019honneur<\/title>\n<meta name=\"description\" content=\"Cette 14\u00e8me session du Prix arabe Mustapha Azzouz de litt\u00e9rature pour enfants de l\u2019ATB, a \u00e9t\u00e9 d\u00e9nomm\u00e9e \u00ab Edition Souad Aff\u00e8s \u00bb\" \/>\n<link rel=\"canonical\" href=\"https:\/\/www.webdo.tn\/fr\/actualite\/culture\/prix-arabe-mustapha-azzouz-de-litterature-pour-enfants-de-l-atb-la-tunisie-et-la-jordanie-a-l-honneur\/206369\/\" \/>\n<meta property=\"og:locale\" content=\"fr_FR\" \/>\n<meta property=\"og:type\" content=\"article\" \/>\n<meta property=\"og:title\" content=\"Prix arabe Mustapha Azzouz de litt\u00e9rature pour enfants de l&#039;ATB : La Tunisie et la Jordanie \u00e0 l\u2019honneur\" \/>\n<meta property=\"og:description\" content=\"Cette 14\u00e8me session du Prix arabe Mustapha Azzouz de litt\u00e9rature pour enfants de l\u2019ATB, a \u00e9t\u00e9 d\u00e9nomm\u00e9e \u00ab Edition Souad Aff\u00e8s \u00bb\" \/>\n<meta property=\"og:url\" content=\"https:\/\/www.webdo.tn\/fr\/actualite\/culture\/prix-arabe-mustapha-azzouz-de-litterature-pour-enfants-de-l-atb-la-tunisie-et-la-jordanie-a-l-honneur\/206369\/\" \/>\n<meta property=\"og:site_name\" content=\"webdo\" \/>\n<meta property=\"article:publisher\" content=\"https:\/\/www.facebook.com\/webdotn\" \/>\n<meta property=\"article:published_time\" content=\"2023-06-06T11:25:00+00:00\" \/>\n<meta property=\"article:modified_time\" content=\"2025-05-20T22:32:46+00:00\" \/>\n<meta property=\"og:image\" content=\"https:\/\/www.webdo.tn\/fr\/wp-content\/uploads\/2023\/06\/e7c57afc274134f22fc67b50ba898371.jpg\" \/>\n\t<meta property=\"og:image:width\" content=\"750\" \/>\n\t<meta property=\"og:image:height\" content=\"400\" \/>\n\t<meta property=\"og:image:type\" content=\"image\/jpeg\" \/>\n<meta name=\"author\" content=\"Webdo\" \/>\n<meta name=\"twitter:card\" content=\"summary_large_image\" \/>\n<meta name=\"twitter:creator\" content=\"@webdo_tn\" \/>\n<meta name=\"twitter:site\" content=\"@webdo_tn\" \/>\n<meta name=\"twitter:label1\" content=\"\u00c9crit par\" \/>\n\t<meta name=\"twitter:data1\" content=\"Webdo\" \/>\n\t<meta name=\"twitter:label2\" content=\"Dur\u00e9e de lecture estim\u00e9e\" \/>\n\t<meta name=\"twitter:data2\" content=\"2 minutes\" \/>\n<script type=\"application\/ld+json\" class=\"yoast-schema-graph\">{\"@context\":\"https:\\\/\\\/schema.org\",\"@graph\":[{\"@type\":\"NewsArticle\",\"@id\":\"https:\\\/\\\/www.webdo.tn\\\/fr\\\/actualite\\\/culture\\\/prix-arabe-mustapha-azzouz-de-litterature-pour-enfants-de-l-atb-la-tunisie-et-la-jordanie-a-l-honneur\\\/206369\\\/#article\",\"isPartOf\":{\"@id\":\"https:\\\/\\\/www.webdo.tn\\\/fr\\\/actualite\\\/culture\\\/prix-arabe-mustapha-azzouz-de-litterature-pour-enfants-de-l-atb-la-tunisie-et-la-jordanie-a-l-honneur\\\/206369\\\/\"},\"author\":{\"name\":\"Webdo\",\"@id\":\"https:\\\/\\\/www.webdo.tn\\\/fr\\\/#\\\/schema\\\/person\\\/1f4e491e0907b413d61089e8eb573acc\"},\"headline\":\"Prix arabe Mustapha Azzouz de litt\u00e9rature pour enfants de l&rsquo;ATB : La Tunisie et la Jordanie \u00e0 l\u2019honneur\",\"datePublished\":\"2023-06-06T11:25:00+00:00\",\"dateModified\":\"2025-05-20T22:32:46+00:00\",\"mainEntityOfPage\":{\"@id\":\"https:\\\/\\\/www.webdo.tn\\\/fr\\\/actualite\\\/culture\\\/prix-arabe-mustapha-azzouz-de-litterature-pour-enfants-de-l-atb-la-tunisie-et-la-jordanie-a-l-honneur\\\/206369\\\/\"},\"wordCount\":416,\"commentCount\":0,\"publisher\":{\"@id\":\"https:\\\/\\\/www.webdo.tn\\\/fr\\\/#organization\"},\"image\":{\"@id\":\"https:\\\/\\\/www.webdo.tn\\\/fr\\\/actualite\\\/culture\\\/prix-arabe-mustapha-azzouz-de-litterature-pour-enfants-de-l-atb-la-tunisie-et-la-jordanie-a-l-honneur\\\/206369\\\/#primaryimage\"},\"thumbnailUrl\":\"https:\\\/\\\/www.webdo.tn\\\/fr\\\/wp-content\\\/uploads\\\/2023\\\/06\\\/e7c57afc274134f22fc67b50ba898371.jpg\",\"keywords\":[\"ATB\",\"enfants\",\"litt\u00e9rature\",\"Mustapha Azzouz\"],\"articleSection\":[\"Culture\"],\"inLanguage\":\"fr-FR\"},{\"@type\":\"WebPage\",\"@id\":\"https:\\\/\\\/www.webdo.tn\\\/fr\\\/actualite\\\/culture\\\/prix-arabe-mustapha-azzouz-de-litterature-pour-enfants-de-l-atb-la-tunisie-et-la-jordanie-a-l-honneur\\\/206369\\\/\",\"url\":\"https:\\\/\\\/www.webdo.tn\\\/fr\\\/actualite\\\/culture\\\/prix-arabe-mustapha-azzouz-de-litterature-pour-enfants-de-l-atb-la-tunisie-et-la-jordanie-a-l-honneur\\\/206369\\\/\",\"name\":\"Prix arabe Mustapha Azzouz de litt\u00e9rature pour enfants de l'ATB : La Tunisie et la Jordanie \u00e0 l\u2019honneur\",\"isPartOf\":{\"@id\":\"https:\\\/\\\/www.webdo.tn\\\/fr\\\/#website\"},\"primaryImageOfPage\":{\"@id\":\"https:\\\/\\\/www.webdo.tn\\\/fr\\\/actualite\\\/culture\\\/prix-arabe-mustapha-azzouz-de-litterature-pour-enfants-de-l-atb-la-tunisie-et-la-jordanie-a-l-honneur\\\/206369\\\/#primaryimage\"},\"image\":{\"@id\":\"https:\\\/\\\/www.webdo.tn\\\/fr\\\/actualite\\\/culture\\\/prix-arabe-mustapha-azzouz-de-litterature-pour-enfants-de-l-atb-la-tunisie-et-la-jordanie-a-l-honneur\\\/206369\\\/#primaryimage\"},\"thumbnailUrl\":\"https:\\\/\\\/www.webdo.tn\\\/fr\\\/wp-content\\\/uploads\\\/2023\\\/06\\\/e7c57afc274134f22fc67b50ba898371.jpg\",\"datePublished\":\"2023-06-06T11:25:00+00:00\",\"dateModified\":\"2025-05-20T22:32:46+00:00\",\"description\":\"Cette 14\u00e8me session du Prix arabe Mustapha Azzouz de litt\u00e9rature pour enfants de l\u2019ATB, a \u00e9t\u00e9 d\u00e9nomm\u00e9e \u00ab Edition Souad Aff\u00e8s \u00bb\",\"breadcrumb\":{\"@id\":\"https:\\\/\\\/www.webdo.tn\\\/fr\\\/actualite\\\/culture\\\/prix-arabe-mustapha-azzouz-de-litterature-pour-enfants-de-l-atb-la-tunisie-et-la-jordanie-a-l-honneur\\\/206369\\\/#breadcrumb\"},\"inLanguage\":\"fr-FR\",\"potentialAction\":[{\"@type\":\"ReadAction\",\"target\":[\"https:\\\/\\\/www.webdo.tn\\\/fr\\\/actualite\\\/culture\\\/prix-arabe-mustapha-azzouz-de-litterature-pour-enfants-de-l-atb-la-tunisie-et-la-jordanie-a-l-honneur\\\/206369\\\/\"]}]},{\"@type\":\"ImageObject\",\"inLanguage\":\"fr-FR\",\"@id\":\"https:\\\/\\\/www.webdo.tn\\\/fr\\\/actualite\\\/culture\\\/prix-arabe-mustapha-azzouz-de-litterature-pour-enfants-de-l-atb-la-tunisie-et-la-jordanie-a-l-honneur\\\/206369\\\/#primaryimage\",\"url\":\"https:\\\/\\\/www.webdo.tn\\\/fr\\\/wp-content\\\/uploads\\\/2023\\\/06\\\/e7c57afc274134f22fc67b50ba898371.jpg\",\"contentUrl\":\"https:\\\/\\\/www.webdo.tn\\\/fr\\\/wp-content\\\/uploads\\\/2023\\\/06\\\/e7c57afc274134f22fc67b50ba898371.jpg\",\"width\":750,\"height\":400,\"caption\":\"Prix arabe Mustapha Azzouz de litt\u00e9rature pour enfants de l'ATB : La Tunisie et la Jordanie \u00e0 l\u2019honneur\"},{\"@type\":\"BreadcrumbList\",\"@id\":\"https:\\\/\\\/www.webdo.tn\\\/fr\\\/actualite\\\/culture\\\/prix-arabe-mustapha-azzouz-de-litterature-pour-enfants-de-l-atb-la-tunisie-et-la-jordanie-a-l-honneur\\\/206369\\\/#breadcrumb\",\"itemListElement\":[{\"@type\":\"ListItem\",\"position\":1,\"name\":\"Accueil\",\"item\":\"https:\\\/\\\/www.webdo.tn\\\/fr\\\/\"},{\"@type\":\"ListItem\",\"position\":2,\"name\":\"Prix arabe Mustapha Azzouz de litt\u00e9rature pour enfants de l&rsquo;ATB : La Tunisie et la Jordanie \u00e0 l\u2019honneur\"}]},{\"@type\":\"WebSite\",\"@id\":\"https:\\\/\\\/www.webdo.tn\\\/fr\\\/#website\",\"url\":\"https:\\\/\\\/www.webdo.tn\\\/fr\\\/\",\"name\":\"webdo\",\"description\":\"Tunisie - News en Tunisie et \u00e0 l&#039;international sur Webdo.tn\",\"publisher\":{\"@id\":\"https:\\\/\\\/www.webdo.tn\\\/fr\\\/#organization\"},\"potentialAction\":[{\"@type\":\"SearchAction\",\"target\":{\"@type\":\"EntryPoint\",\"urlTemplate\":\"https:\\\/\\\/www.webdo.tn\\\/fr\\\/?s={search_term_string}\"},\"query-input\":{\"@type\":\"PropertyValueSpecification\",\"valueRequired\":true,\"valueName\":\"search_term_string\"}}],\"inLanguage\":\"fr-FR\"},{\"@type\":\"Organization\",\"@id\":\"https:\\\/\\\/www.webdo.tn\\\/fr\\\/#organization\",\"name\":\"Webdo\",\"alternateName\":\"Webdo.tn\",\"url\":\"https:\\\/\\\/www.webdo.tn\\\/fr\\\/\",\"logo\":{\"@type\":\"ImageObject\",\"inLanguage\":\"fr-FR\",\"@id\":\"https:\\\/\\\/www.webdo.tn\\\/fr\\\/#\\\/schema\\\/logo\\\/image\\\/\",\"url\":\"https:\\\/\\\/www.webdo.tn\\\/fr\\\/wp-content\\\/uploads\\\/2025\\\/06\\\/Webdo-Tunisie_168377.jpg\",\"contentUrl\":\"https:\\\/\\\/www.webdo.tn\\\/fr\\\/wp-content\\\/uploads\\\/2025\\\/06\\\/Webdo-Tunisie_168377.jpg\",\"width\":301,\"height\":301,\"caption\":\"Webdo\"},\"image\":{\"@id\":\"https:\\\/\\\/www.webdo.tn\\\/fr\\\/#\\\/schema\\\/logo\\\/image\\\/\"},\"sameAs\":[\"https:\\\/\\\/www.facebook.com\\\/webdotn\",\"https:\\\/\\\/x.com\\\/webdo_tn\"],\"description\":\"Webdo est un m\u00e9dia num\u00e9rique tunisien fond\u00e9 en 2010, sp\u00e9cialis\u00e9 dans l\u2019actualit\u00e9 nationale et internationale, l\u2019\u00e9conomie, la soci\u00e9t\u00e9 et les analyses politiques. Le site s\u2019adresse \u00e0 un large public francophone et couvre l\u2019information tunisienne en temps r\u00e9el.\",\"email\":\"redac@webdo.tn\",\"legalName\":\"YNJ SARL\",\"foundingDate\":\"2010-09-06\",\"numberOfEmployees\":{\"@type\":\"QuantitativeValue\",\"minValue\":\"11\",\"maxValue\":\"50\"}},{\"@type\":\"Person\",\"@id\":\"https:\\\/\\\/www.webdo.tn\\\/fr\\\/#\\\/schema\\\/person\\\/1f4e491e0907b413d61089e8eb573acc\",\"name\":\"Webdo\",\"image\":{\"@type\":\"ImageObject\",\"inLanguage\":\"fr-FR\",\"@id\":\"https:\\\/\\\/secure.gravatar.com\\\/avatar\\\/de97aeec1bb80978a9dbb127e47dfc88aaacb2f3c29aac907d8d3222e3495d49?s=96&d=mm&r=g\",\"url\":\"https:\\\/\\\/secure.gravatar.com\\\/avatar\\\/de97aeec1bb80978a9dbb127e47dfc88aaacb2f3c29aac907d8d3222e3495d49?s=96&d=mm&r=g\",\"contentUrl\":\"https:\\\/\\\/secure.gravatar.com\\\/avatar\\\/de97aeec1bb80978a9dbb127e47dfc88aaacb2f3c29aac907d8d3222e3495d49?s=96&d=mm&r=g\",\"caption\":\"Webdo\"},\"url\":\"https:\\\/\\\/www.webdo.tn\\\/fr\\\/actualite\\\/author\\\/webdo\\\/\"}]}<\/script>\n<!-- \/ Yoast SEO Premium plugin. -->","yoast_head_json":{"title":"Prix arabe Mustapha Azzouz de litt\u00e9rature pour enfants de l'ATB : La Tunisie et la Jordanie \u00e0 l\u2019honneur","description":"Cette 14\u00e8me session du Prix arabe Mustapha Azzouz de litt\u00e9rature pour enfants de l\u2019ATB, a \u00e9t\u00e9 d\u00e9nomm\u00e9e \u00ab Edition Souad Aff\u00e8s \u00bb","canonical":"https:\/\/www.webdo.tn\/fr\/actualite\/culture\/prix-arabe-mustapha-azzouz-de-litterature-pour-enfants-de-l-atb-la-tunisie-et-la-jordanie-a-l-honneur\/206369\/","og_locale":"fr_FR","og_type":"article","og_title":"Prix arabe Mustapha Azzouz de litt\u00e9rature pour enfants de l'ATB : La Tunisie et la Jordanie \u00e0 l\u2019honneur","og_description":"Cette 14\u00e8me session du Prix arabe Mustapha Azzouz de litt\u00e9rature pour enfants de l\u2019ATB, a \u00e9t\u00e9 d\u00e9nomm\u00e9e \u00ab Edition Souad Aff\u00e8s \u00bb","og_url":"https:\/\/www.webdo.tn\/fr\/actualite\/culture\/prix-arabe-mustapha-azzouz-de-litterature-pour-enfants-de-l-atb-la-tunisie-et-la-jordanie-a-l-honneur\/206369\/","og_site_name":"webdo","article_publisher":"https:\/\/www.facebook.com\/webdotn","article_published_time":"2023-06-06T11:25:00+00:00","article_modified_time":"2025-05-20T22:32:46+00:00","og_image":[{"width":750,"height":400,"url":"https:\/\/www.webdo.tn\/fr\/wp-content\/uploads\/2023\/06\/e7c57afc274134f22fc67b50ba898371.jpg","type":"image\/jpeg"}],"author":"Webdo","twitter_card":"summary_large_image","twitter_creator":"@webdo_tn","twitter_site":"@webdo_tn","twitter_misc":{"\u00c9crit par":"Webdo","Dur\u00e9e de lecture estim\u00e9e":"2 minutes"},"schema":{"@context":"https:\/\/schema.org","@graph":[{"@type":"NewsArticle","@id":"https:\/\/www.webdo.tn\/fr\/actualite\/culture\/prix-arabe-mustapha-azzouz-de-litterature-pour-enfants-de-l-atb-la-tunisie-et-la-jordanie-a-l-honneur\/206369\/#article","isPartOf":{"@id":"https:\/\/www.webdo.tn\/fr\/actualite\/culture\/prix-arabe-mustapha-azzouz-de-litterature-pour-enfants-de-l-atb-la-tunisie-et-la-jordanie-a-l-honneur\/206369\/"},"author":{"name":"Webdo","@id":"https:\/\/www.webdo.tn\/fr\/#\/schema\/person\/1f4e491e0907b413d61089e8eb573acc"},"headline":"Prix arabe Mustapha Azzouz de litt\u00e9rature pour enfants de l&rsquo;ATB : La Tunisie et la Jordanie \u00e0 l\u2019honneur","datePublished":"2023-06-06T11:25:00+00:00","dateModified":"2025-05-20T22:32:46+00:00","mainEntityOfPage":{"@id":"https:\/\/www.webdo.tn\/fr\/actualite\/culture\/prix-arabe-mustapha-azzouz-de-litterature-pour-enfants-de-l-atb-la-tunisie-et-la-jordanie-a-l-honneur\/206369\/"},"wordCount":416,"commentCount":0,"publisher":{"@id":"https:\/\/www.webdo.tn\/fr\/#organization"},"image":{"@id":"https:\/\/www.webdo.tn\/fr\/actualite\/culture\/prix-arabe-mustapha-azzouz-de-litterature-pour-enfants-de-l-atb-la-tunisie-et-la-jordanie-a-l-honneur\/206369\/#primaryimage"},"thumbnailUrl":"https:\/\/www.webdo.tn\/fr\/wp-content\/uploads\/2023\/06\/e7c57afc274134f22fc67b50ba898371.jpg","keywords":["ATB","enfants","litt\u00e9rature","Mustapha Azzouz"],"articleSection":["Culture"],"inLanguage":"fr-FR"},{"@type":"WebPage","@id":"https:\/\/www.webdo.tn\/fr\/actualite\/culture\/prix-arabe-mustapha-azzouz-de-litterature-pour-enfants-de-l-atb-la-tunisie-et-la-jordanie-a-l-honneur\/206369\/","url":"https:\/\/www.webdo.tn\/fr\/actualite\/culture\/prix-arabe-mustapha-azzouz-de-litterature-pour-enfants-de-l-atb-la-tunisie-et-la-jordanie-a-l-honneur\/206369\/","name":"Prix arabe Mustapha Azzouz de litt\u00e9rature pour enfants de l'ATB : La Tunisie et la Jordanie \u00e0 l\u2019honneur","isPartOf":{"@id":"https:\/\/www.webdo.tn\/fr\/#website"},"primaryImageOfPage":{"@id":"https:\/\/www.webdo.tn\/fr\/actualite\/culture\/prix-arabe-mustapha-azzouz-de-litterature-pour-enfants-de-l-atb-la-tunisie-et-la-jordanie-a-l-honneur\/206369\/#primaryimage"},"image":{"@id":"https:\/\/www.webdo.tn\/fr\/actualite\/culture\/prix-arabe-mustapha-azzouz-de-litterature-pour-enfants-de-l-atb-la-tunisie-et-la-jordanie-a-l-honneur\/206369\/#primaryimage"},"thumbnailUrl":"https:\/\/www.webdo.tn\/fr\/wp-content\/uploads\/2023\/06\/e7c57afc274134f22fc67b50ba898371.jpg","datePublished":"2023-06-06T11:25:00+00:00","dateModified":"2025-05-20T22:32:46+00:00","description":"Cette 14\u00e8me session du Prix arabe Mustapha Azzouz de litt\u00e9rature pour enfants de l\u2019ATB, a \u00e9t\u00e9 d\u00e9nomm\u00e9e \u00ab Edition Souad Aff\u00e8s \u00bb","breadcrumb":{"@id":"https:\/\/www.webdo.tn\/fr\/actualite\/culture\/prix-arabe-mustapha-azzouz-de-litterature-pour-enfants-de-l-atb-la-tunisie-et-la-jordanie-a-l-honneur\/206369\/#breadcrumb"},"inLanguage":"fr-FR","potentialAction":[{"@type":"ReadAction","target":["https:\/\/www.webdo.tn\/fr\/actualite\/culture\/prix-arabe-mustapha-azzouz-de-litterature-pour-enfants-de-l-atb-la-tunisie-et-la-jordanie-a-l-honneur\/206369\/"]}]},{"@type":"ImageObject","inLanguage":"fr-FR","@id":"https:\/\/www.webdo.tn\/fr\/actualite\/culture\/prix-arabe-mustapha-azzouz-de-litterature-pour-enfants-de-l-atb-la-tunisie-et-la-jordanie-a-l-honneur\/206369\/#primaryimage","url":"https:\/\/www.webdo.tn\/fr\/wp-content\/uploads\/2023\/06\/e7c57afc274134f22fc67b50ba898371.jpg","contentUrl":"https:\/\/www.webdo.tn\/fr\/wp-content\/uploads\/2023\/06\/e7c57afc274134f22fc67b50ba898371.jpg","width":750,"height":400,"caption":"Prix arabe Mustapha Azzouz de litt\u00e9rature pour enfants de l'ATB : La Tunisie et la Jordanie \u00e0 l\u2019honneur"},{"@type":"BreadcrumbList","@id":"https:\/\/www.webdo.tn\/fr\/actualite\/culture\/prix-arabe-mustapha-azzouz-de-litterature-pour-enfants-de-l-atb-la-tunisie-et-la-jordanie-a-l-honneur\/206369\/#breadcrumb","itemListElement":[{"@type":"ListItem","position":1,"name":"Accueil","item":"https:\/\/www.webdo.tn\/fr\/"},{"@type":"ListItem","position":2,"name":"Prix arabe Mustapha Azzouz de litt\u00e9rature pour enfants de l&rsquo;ATB : La Tunisie et la Jordanie \u00e0 l\u2019honneur"}]},{"@type":"WebSite","@id":"https:\/\/www.webdo.tn\/fr\/#website","url":"https:\/\/www.webdo.tn\/fr\/","name":"webdo","description":"Tunisie - News en Tunisie et \u00e0 l&#039;international sur Webdo.tn","publisher":{"@id":"https:\/\/www.webdo.tn\/fr\/#organization"},"potentialAction":[{"@type":"SearchAction","target":{"@type":"EntryPoint","urlTemplate":"https:\/\/www.webdo.tn\/fr\/?s={search_term_string}"},"query-input":{"@type":"PropertyValueSpecification","valueRequired":true,"valueName":"search_term_string"}}],"inLanguage":"fr-FR"},{"@type":"Organization","@id":"https:\/\/www.webdo.tn\/fr\/#organization","name":"Webdo","alternateName":"Webdo.tn","url":"https:\/\/www.webdo.tn\/fr\/","logo":{"@type":"ImageObject","inLanguage":"fr-FR","@id":"https:\/\/www.webdo.tn\/fr\/#\/schema\/logo\/image\/","url":"https:\/\/www.webdo.tn\/fr\/wp-content\/uploads\/2025\/06\/Webdo-Tunisie_168377.jpg","contentUrl":"https:\/\/www.webdo.tn\/fr\/wp-content\/uploads\/2025\/06\/Webdo-Tunisie_168377.jpg","width":301,"height":301,"caption":"Webdo"},"image":{"@id":"https:\/\/www.webdo.tn\/fr\/#\/schema\/logo\/image\/"},"sameAs":["https:\/\/www.facebook.com\/webdotn","https:\/\/x.com\/webdo_tn"],"description":"Webdo est un m\u00e9dia num\u00e9rique tunisien fond\u00e9 en 2010, sp\u00e9cialis\u00e9 dans l\u2019actualit\u00e9 nationale et internationale, l\u2019\u00e9conomie, la soci\u00e9t\u00e9 et les analyses politiques. Le site s\u2019adresse \u00e0 un large public francophone et couvre l\u2019information tunisienne en temps r\u00e9el.","email":"redac@webdo.tn","legalName":"YNJ SARL","foundingDate":"2010-09-06","numberOfEmployees":{"@type":"QuantitativeValue","minValue":"11","maxValue":"50"}},{"@type":"Person","@id":"https:\/\/www.webdo.tn\/fr\/#\/schema\/person\/1f4e491e0907b413d61089e8eb573acc","name":"Webdo","image":{"@type":"ImageObject","inLanguage":"fr-FR","@id":"https:\/\/secure.gravatar.com\/avatar\/de97aeec1bb80978a9dbb127e47dfc88aaacb2f3c29aac907d8d3222e3495d49?s=96&d=mm&r=g","url":"https:\/\/secure.gravatar.com\/avatar\/de97aeec1bb80978a9dbb127e47dfc88aaacb2f3c29aac907d8d3222e3495d49?s=96&d=mm&r=g","contentUrl":"https:\/\/secure.gravatar.com\/avatar\/de97aeec1bb80978a9dbb127e47dfc88aaacb2f3c29aac907d8d3222e3495d49?s=96&d=mm&r=g","caption":"Webdo"},"url":"https:\/\/www.webdo.tn\/fr\/actualite\/author\/webdo\/"}]}},"_links":{"self":[{"href":"https:\/\/www.webdo.tn\/fr\/wp-json\/wp\/v2\/posts\/206369","targetHints":{"allow":["GET"]}}],"collection":[{"href":"https:\/\/www.webdo.tn\/fr\/wp-json\/wp\/v2\/posts"}],"about":[{"href":"https:\/\/www.webdo.tn\/fr\/wp-json\/wp\/v2\/types\/post"}],"author":[{"embeddable":true,"href":"https:\/\/www.webdo.tn\/fr\/wp-json\/wp\/v2\/users\/3169"}],"replies":[{"embeddable":true,"href":"https:\/\/www.webdo.tn\/fr\/wp-json\/wp\/v2\/comments?post=206369"}],"version-history":[{"count":0,"href":"https:\/\/www.webdo.tn\/fr\/wp-json\/wp\/v2\/posts\/206369\/revisions"}],"wp:featuredmedia":[{"embeddable":true,"href":"https:\/\/www.webdo.tn\/fr\/wp-json\/wp\/v2\/media\/250949"}],"wp:attachment":[{"href":"https:\/\/www.webdo.tn\/fr\/wp-json\/wp\/v2\/media?parent=206369"}],"wp:term":[{"taxonomy":"category","embeddable":true,"href":"https:\/\/www.webdo.tn\/fr\/wp-json\/wp\/v2\/categories?post=206369"},{"taxonomy":"post_tag","embeddable":true,"href":"https:\/\/www.webdo.tn\/fr\/wp-json\/wp\/v2\/tags?post=206369"}],"curies":[{"name":"wp","href":"https:\/\/api.w.org\/{rel}","templated":true}]}}