{"id":206368,"date":"2023-06-06T11:10:00","date_gmt":"2023-06-06T11:10:00","guid":{"rendered":"https:\/\/www.webdo.tn\/fr\/blog\/gnv-table-sur-250-000-passagers-au-depart-et-a-destination-de-tunis\/206368\/"},"modified":"2025-05-20T22:33:14","modified_gmt":"2025-05-20T22:33:14","slug":"gnv-table-sur-250-000-passagers-au-depart-et-a-destination-de-tunis","status":"publish","type":"post","link":"https:\/\/www.webdo.tn\/fr\/actualite\/national\/gnv-table-sur-250-000-passagers-au-depart-et-a-destination-de-tunis\/206368\/","title":{"rendered":"GNV table sur 250.000 passagers au d\u00e9part et \u00e0 destination de Tunis"},"content":{"rendered":"<p>En 2023, la compagnie maritime italienne GNV f\u00eate ses 30 ans d\u2019existence en mer M\u00e9diterran\u00e9e et la 20\u00e8me ann\u00e9e du d\u00e9marrage de ses activit\u00e9s en Tunisie.<\/p>\n<p>\t\t\t\t\t\t\t\t\tPour c\u00e9l\u00e9brer ces anniversaires, la compagnie, consid\u00e9r\u00e9e parmi les plus renomm\u00e9es dans le secteur du transport de passagers et de cabotage en mer M\u00e9diterran\u00e9e, a organis\u00e9 un voyage de presse vers la ville italienne de Palerme du 27 au 29 mai 2023.<\/p>\n<p>Il faut savoir que GNV en Tunisie, c\u2019est, en moyenne, 230.000 passagers transport\u00e9s par an au d\u00e9part et \u00e0 destination de Tunis et un objectif esp\u00e9r\u00e9 de 250.000 passagers pour l\u2019ann\u00e9e 2023, la compagnie maritime italienne faisant de la Tunisie un march\u00e9 privil\u00e9gi\u00e9.<\/p>\n<p>GNV, est leader sur le march\u00e9 du transport de passagers de l\u2019Europe vers l\u2019Afrique du Nord sachant que la compagnie qui a lanc\u00e9 son premier navire \u00ab\u00a0Le Majestic\u00a0\u00bb en 1993 quelques mois apr\u00e8s sa cr\u00e9ation, et op\u00e8re actuellement avec 25 navires et dessert 31 liaisons et 20 ports.<\/p>\n<p>GNV a largement investi ces derni\u00e8res ann\u00e9es dans le d\u00e9veloppement de son r\u00e9seau, particuli\u00e8rement pour la Tunisie qui compte parmi les destinations sur lesquelles la compagnie investit beaucoup.<\/p>\n<p>Ce qui explique les nombreuses actions organis\u00e9es pour s\u00e9duire les Tunisiens dont :<\/p>\n<p>\tLa mise \u00e0 la dipostion du navire \u00ab\u00a0Suprema\u00a0\u00bb &#8211; fleuron de la flotte de GNV &#8211; \u00e0 la ligne G\u00eanes-Tunis \u00e0 partir du 15 juin. Ce paquebot immense qui mesure 211,50 m\u00e8tres de long pour 30,40 m\u00e8tres de large peut embarquer 2920 passagers et dispose de 567 cabines et 37 suites de luxe et poss\u00e8de un garage pouvant contenir 886 v\u00e9hicules.<br \/>\n\tLe respect absolu de la ponctualit\u00e9 des navires avec la cr\u00e9ation d\u2019une tour de contr\u00f4le centrale \u00e0 G\u00eanes qui s\u2019occupe du monitoring de toute la flotte de la GNV.<br \/>\n\tLa relance du Tourisme motoris\u00e9 en collaboration avec l\u2019Office National du Tourisme Tunisien.<br \/>\n\tEtc.<\/p>\n","protected":false},"excerpt":{"rendered":"<p>En 2023, la compagnie maritime italienne GNV f\u00eate ses 30 ans d\u2019existence en mer M\u00e9diterran\u00e9e et la 20\u00e8me ann\u00e9e du d\u00e9marrage de ses activit\u00e9s en Tunisie.<\/p>\n","protected":false},"author":3169,"featured_media":278293,"comment_status":"open","ping_status":"closed","sticky":false,"template":"","format":"standard","meta":{"footnotes":""},"categories":[44],"tags":[9526,2660,2608],"class_list":["post-206368","post","type-post","status-publish","format-standard","has-post-thumbnail","hentry","category-national","tag-gnv","tag-italie","tag-tunisie"],"yoast_head":"<!-- This site is optimized with the Yoast SEO Premium plugin v27.4 (Yoast SEO v27.5) - https:\/\/yoast.com\/product\/yoast-seo-premium-wordpress\/ -->\n<title>GNV table sur 250.000 passagers au d\u00e9part et \u00e0 destination de Tunis<\/title>\n<meta name=\"description\" content=\"En 2023, la compagnie maritime italienne GNV f\u00eate ses 30 ans d\u2019existence en mer M\u00e9diterran\u00e9e et la 20\u00e8me ann\u00e9e du d\u00e9marrage de ses activit\u00e9s en Tunisie.\" \/>\n<link rel=\"canonical\" href=\"https:\/\/www.webdo.tn\/fr\/actualite\/national\/gnv-table-sur-250-000-passagers-au-depart-et-a-destination-de-tunis\/206368\/\" \/>\n<meta property=\"og:locale\" content=\"fr_FR\" \/>\n<meta property=\"og:type\" content=\"article\" \/>\n<meta property=\"og:title\" content=\"GNV table sur 250.000 passagers au d\u00e9part et \u00e0 destination de Tunis\" \/>\n<meta property=\"og:description\" content=\"En 2023, la compagnie maritime italienne GNV f\u00eate ses 30 ans d\u2019existence en mer M\u00e9diterran\u00e9e et la 20\u00e8me ann\u00e9e du d\u00e9marrage de ses activit\u00e9s en Tunisie.\" \/>\n<meta property=\"og:url\" content=\"https:\/\/www.webdo.tn\/fr\/actualite\/national\/gnv-table-sur-250-000-passagers-au-depart-et-a-destination-de-tunis\/206368\/\" \/>\n<meta property=\"og:site_name\" content=\"webdo\" \/>\n<meta property=\"article:publisher\" content=\"https:\/\/www.facebook.com\/webdotn\" \/>\n<meta property=\"article:published_time\" content=\"2023-06-06T11:10:00+00:00\" \/>\n<meta property=\"article:modified_time\" content=\"2025-05-20T22:33:14+00:00\" \/>\n<meta property=\"og:image\" content=\"https:\/\/www.webdo.tn\/fr\/wp-content\/uploads\/2023\/06\/6fcff57607bd81764b017b4c7bb7592a.jpg\" \/>\n\t<meta property=\"og:image:width\" content=\"750\" \/>\n\t<meta property=\"og:image:height\" content=\"400\" \/>\n\t<meta property=\"og:image:type\" content=\"image\/jpeg\" \/>\n<meta name=\"author\" content=\"Webdo\" \/>\n<meta name=\"twitter:card\" content=\"summary_large_image\" \/>\n<meta name=\"twitter:creator\" content=\"@webdo_tn\" \/>\n<meta name=\"twitter:site\" content=\"@webdo_tn\" \/>\n<meta name=\"twitter:label1\" content=\"\u00c9crit par\" \/>\n\t<meta name=\"twitter:data1\" content=\"Webdo\" \/>\n\t<meta name=\"twitter:label2\" content=\"Dur\u00e9e de lecture estim\u00e9e\" \/>\n\t<meta name=\"twitter:data2\" content=\"2 minutes\" \/>\n<script type=\"application\/ld+json\" class=\"yoast-schema-graph\">{\"@context\":\"https:\\\/\\\/schema.org\",\"@graph\":[{\"@type\":\"NewsArticle\",\"@id\":\"https:\\\/\\\/www.webdo.tn\\\/fr\\\/actualite\\\/national\\\/gnv-table-sur-250-000-passagers-au-depart-et-a-destination-de-tunis\\\/206368\\\/#article\",\"isPartOf\":{\"@id\":\"https:\\\/\\\/www.webdo.tn\\\/fr\\\/actualite\\\/national\\\/gnv-table-sur-250-000-passagers-au-depart-et-a-destination-de-tunis\\\/206368\\\/\"},\"author\":{\"name\":\"Webdo\",\"@id\":\"https:\\\/\\\/www.webdo.tn\\\/fr\\\/#\\\/schema\\\/person\\\/1f4e491e0907b413d61089e8eb573acc\"},\"headline\":\"GNV table sur 250.000 passagers au d\u00e9part et \u00e0 destination de Tunis\",\"datePublished\":\"2023-06-06T11:10:00+00:00\",\"dateModified\":\"2025-05-20T22:33:14+00:00\",\"mainEntityOfPage\":{\"@id\":\"https:\\\/\\\/www.webdo.tn\\\/fr\\\/actualite\\\/national\\\/gnv-table-sur-250-000-passagers-au-depart-et-a-destination-de-tunis\\\/206368\\\/\"},\"wordCount\":334,\"commentCount\":0,\"publisher\":{\"@id\":\"https:\\\/\\\/www.webdo.tn\\\/fr\\\/#organization\"},\"image\":{\"@id\":\"https:\\\/\\\/www.webdo.tn\\\/fr\\\/actualite\\\/national\\\/gnv-table-sur-250-000-passagers-au-depart-et-a-destination-de-tunis\\\/206368\\\/#primaryimage\"},\"thumbnailUrl\":\"https:\\\/\\\/www.webdo.tn\\\/fr\\\/wp-content\\\/uploads\\\/2023\\\/06\\\/6fcff57607bd81764b017b4c7bb7592a.jpg\",\"keywords\":[\"gnv\",\"Italie\",\"Tunisie\"],\"articleSection\":[\"National\"],\"inLanguage\":\"fr-FR\"},{\"@type\":\"WebPage\",\"@id\":\"https:\\\/\\\/www.webdo.tn\\\/fr\\\/actualite\\\/national\\\/gnv-table-sur-250-000-passagers-au-depart-et-a-destination-de-tunis\\\/206368\\\/\",\"url\":\"https:\\\/\\\/www.webdo.tn\\\/fr\\\/actualite\\\/national\\\/gnv-table-sur-250-000-passagers-au-depart-et-a-destination-de-tunis\\\/206368\\\/\",\"name\":\"GNV table sur 250.000 passagers au d\u00e9part et \u00e0 destination de Tunis\",\"isPartOf\":{\"@id\":\"https:\\\/\\\/www.webdo.tn\\\/fr\\\/#website\"},\"primaryImageOfPage\":{\"@id\":\"https:\\\/\\\/www.webdo.tn\\\/fr\\\/actualite\\\/national\\\/gnv-table-sur-250-000-passagers-au-depart-et-a-destination-de-tunis\\\/206368\\\/#primaryimage\"},\"image\":{\"@id\":\"https:\\\/\\\/www.webdo.tn\\\/fr\\\/actualite\\\/national\\\/gnv-table-sur-250-000-passagers-au-depart-et-a-destination-de-tunis\\\/206368\\\/#primaryimage\"},\"thumbnailUrl\":\"https:\\\/\\\/www.webdo.tn\\\/fr\\\/wp-content\\\/uploads\\\/2023\\\/06\\\/6fcff57607bd81764b017b4c7bb7592a.jpg\",\"datePublished\":\"2023-06-06T11:10:00+00:00\",\"dateModified\":\"2025-05-20T22:33:14+00:00\",\"description\":\"En 2023, la compagnie maritime italienne GNV f\u00eate ses 30 ans d\u2019existence en mer M\u00e9diterran\u00e9e et la 20\u00e8me ann\u00e9e du d\u00e9marrage de ses activit\u00e9s en Tunisie.\",\"breadcrumb\":{\"@id\":\"https:\\\/\\\/www.webdo.tn\\\/fr\\\/actualite\\\/national\\\/gnv-table-sur-250-000-passagers-au-depart-et-a-destination-de-tunis\\\/206368\\\/#breadcrumb\"},\"inLanguage\":\"fr-FR\",\"potentialAction\":[{\"@type\":\"ReadAction\",\"target\":[\"https:\\\/\\\/www.webdo.tn\\\/fr\\\/actualite\\\/national\\\/gnv-table-sur-250-000-passagers-au-depart-et-a-destination-de-tunis\\\/206368\\\/\"]}]},{\"@type\":\"ImageObject\",\"inLanguage\":\"fr-FR\",\"@id\":\"https:\\\/\\\/www.webdo.tn\\\/fr\\\/actualite\\\/national\\\/gnv-table-sur-250-000-passagers-au-depart-et-a-destination-de-tunis\\\/206368\\\/#primaryimage\",\"url\":\"https:\\\/\\\/www.webdo.tn\\\/fr\\\/wp-content\\\/uploads\\\/2023\\\/06\\\/6fcff57607bd81764b017b4c7bb7592a.jpg\",\"contentUrl\":\"https:\\\/\\\/www.webdo.tn\\\/fr\\\/wp-content\\\/uploads\\\/2023\\\/06\\\/6fcff57607bd81764b017b4c7bb7592a.jpg\",\"width\":750,\"height\":400,\"caption\":\"GNV table sur 250.000 passagers au d\u00e9part et \u00e0 destination de Tunis\"},{\"@type\":\"BreadcrumbList\",\"@id\":\"https:\\\/\\\/www.webdo.tn\\\/fr\\\/actualite\\\/national\\\/gnv-table-sur-250-000-passagers-au-depart-et-a-destination-de-tunis\\\/206368\\\/#breadcrumb\",\"itemListElement\":[{\"@type\":\"ListItem\",\"position\":1,\"name\":\"Accueil\",\"item\":\"https:\\\/\\\/www.webdo.tn\\\/fr\\\/\"},{\"@type\":\"ListItem\",\"position\":2,\"name\":\"GNV table sur 250.000 passagers au d\u00e9part et \u00e0 destination de Tunis\"}]},{\"@type\":\"WebSite\",\"@id\":\"https:\\\/\\\/www.webdo.tn\\\/fr\\\/#website\",\"url\":\"https:\\\/\\\/www.webdo.tn\\\/fr\\\/\",\"name\":\"webdo\",\"description\":\"Tunisie - News en Tunisie et \u00e0 l&#039;international sur Webdo.tn\",\"publisher\":{\"@id\":\"https:\\\/\\\/www.webdo.tn\\\/fr\\\/#organization\"},\"potentialAction\":[{\"@type\":\"SearchAction\",\"target\":{\"@type\":\"EntryPoint\",\"urlTemplate\":\"https:\\\/\\\/www.webdo.tn\\\/fr\\\/?s={search_term_string}\"},\"query-input\":{\"@type\":\"PropertyValueSpecification\",\"valueRequired\":true,\"valueName\":\"search_term_string\"}}],\"inLanguage\":\"fr-FR\"},{\"@type\":\"Organization\",\"@id\":\"https:\\\/\\\/www.webdo.tn\\\/fr\\\/#organization\",\"name\":\"Webdo\",\"alternateName\":\"Webdo.tn\",\"url\":\"https:\\\/\\\/www.webdo.tn\\\/fr\\\/\",\"logo\":{\"@type\":\"ImageObject\",\"inLanguage\":\"fr-FR\",\"@id\":\"https:\\\/\\\/www.webdo.tn\\\/fr\\\/#\\\/schema\\\/logo\\\/image\\\/\",\"url\":\"https:\\\/\\\/www.webdo.tn\\\/fr\\\/wp-content\\\/uploads\\\/2025\\\/06\\\/Webdo-Tunisie_168377.jpg\",\"contentUrl\":\"https:\\\/\\\/www.webdo.tn\\\/fr\\\/wp-content\\\/uploads\\\/2025\\\/06\\\/Webdo-Tunisie_168377.jpg\",\"width\":301,\"height\":301,\"caption\":\"Webdo\"},\"image\":{\"@id\":\"https:\\\/\\\/www.webdo.tn\\\/fr\\\/#\\\/schema\\\/logo\\\/image\\\/\"},\"sameAs\":[\"https:\\\/\\\/www.facebook.com\\\/webdotn\",\"https:\\\/\\\/x.com\\\/webdo_tn\"],\"description\":\"Webdo est un m\u00e9dia num\u00e9rique tunisien fond\u00e9 en 2010, sp\u00e9cialis\u00e9 dans l\u2019actualit\u00e9 nationale et internationale, l\u2019\u00e9conomie, la soci\u00e9t\u00e9 et les analyses politiques. Le site s\u2019adresse \u00e0 un large public francophone et couvre l\u2019information tunisienne en temps r\u00e9el.\",\"email\":\"redac@webdo.tn\",\"legalName\":\"YNJ SARL\",\"foundingDate\":\"2010-09-06\",\"numberOfEmployees\":{\"@type\":\"QuantitativeValue\",\"minValue\":\"11\",\"maxValue\":\"50\"}},{\"@type\":\"Person\",\"@id\":\"https:\\\/\\\/www.webdo.tn\\\/fr\\\/#\\\/schema\\\/person\\\/1f4e491e0907b413d61089e8eb573acc\",\"name\":\"Webdo\",\"image\":{\"@type\":\"ImageObject\",\"inLanguage\":\"fr-FR\",\"@id\":\"https:\\\/\\\/secure.gravatar.com\\\/avatar\\\/de97aeec1bb80978a9dbb127e47dfc88aaacb2f3c29aac907d8d3222e3495d49?s=96&d=mm&r=g\",\"url\":\"https:\\\/\\\/secure.gravatar.com\\\/avatar\\\/de97aeec1bb80978a9dbb127e47dfc88aaacb2f3c29aac907d8d3222e3495d49?s=96&d=mm&r=g\",\"contentUrl\":\"https:\\\/\\\/secure.gravatar.com\\\/avatar\\\/de97aeec1bb80978a9dbb127e47dfc88aaacb2f3c29aac907d8d3222e3495d49?s=96&d=mm&r=g\",\"caption\":\"Webdo\"},\"url\":\"https:\\\/\\\/www.webdo.tn\\\/fr\\\/actualite\\\/author\\\/webdo\\\/\"}]}<\/script>\n<!-- \/ Yoast SEO Premium plugin. -->","yoast_head_json":{"title":"GNV table sur 250.000 passagers au d\u00e9part et \u00e0 destination de Tunis","description":"En 2023, la compagnie maritime italienne GNV f\u00eate ses 30 ans d\u2019existence en mer M\u00e9diterran\u00e9e et la 20\u00e8me ann\u00e9e du d\u00e9marrage de ses activit\u00e9s en Tunisie.","canonical":"https:\/\/www.webdo.tn\/fr\/actualite\/national\/gnv-table-sur-250-000-passagers-au-depart-et-a-destination-de-tunis\/206368\/","og_locale":"fr_FR","og_type":"article","og_title":"GNV table sur 250.000 passagers au d\u00e9part et \u00e0 destination de Tunis","og_description":"En 2023, la compagnie maritime italienne GNV f\u00eate ses 30 ans d\u2019existence en mer M\u00e9diterran\u00e9e et la 20\u00e8me ann\u00e9e du d\u00e9marrage de ses activit\u00e9s en Tunisie.","og_url":"https:\/\/www.webdo.tn\/fr\/actualite\/national\/gnv-table-sur-250-000-passagers-au-depart-et-a-destination-de-tunis\/206368\/","og_site_name":"webdo","article_publisher":"https:\/\/www.facebook.com\/webdotn","article_published_time":"2023-06-06T11:10:00+00:00","article_modified_time":"2025-05-20T22:33:14+00:00","og_image":[{"width":750,"height":400,"url":"https:\/\/www.webdo.tn\/fr\/wp-content\/uploads\/2023\/06\/6fcff57607bd81764b017b4c7bb7592a.jpg","type":"image\/jpeg"}],"author":"Webdo","twitter_card":"summary_large_image","twitter_creator":"@webdo_tn","twitter_site":"@webdo_tn","twitter_misc":{"\u00c9crit par":"Webdo","Dur\u00e9e de lecture estim\u00e9e":"2 minutes"},"schema":{"@context":"https:\/\/schema.org","@graph":[{"@type":"NewsArticle","@id":"https:\/\/www.webdo.tn\/fr\/actualite\/national\/gnv-table-sur-250-000-passagers-au-depart-et-a-destination-de-tunis\/206368\/#article","isPartOf":{"@id":"https:\/\/www.webdo.tn\/fr\/actualite\/national\/gnv-table-sur-250-000-passagers-au-depart-et-a-destination-de-tunis\/206368\/"},"author":{"name":"Webdo","@id":"https:\/\/www.webdo.tn\/fr\/#\/schema\/person\/1f4e491e0907b413d61089e8eb573acc"},"headline":"GNV table sur 250.000 passagers au d\u00e9part et \u00e0 destination de Tunis","datePublished":"2023-06-06T11:10:00+00:00","dateModified":"2025-05-20T22:33:14+00:00","mainEntityOfPage":{"@id":"https:\/\/www.webdo.tn\/fr\/actualite\/national\/gnv-table-sur-250-000-passagers-au-depart-et-a-destination-de-tunis\/206368\/"},"wordCount":334,"commentCount":0,"publisher":{"@id":"https:\/\/www.webdo.tn\/fr\/#organization"},"image":{"@id":"https:\/\/www.webdo.tn\/fr\/actualite\/national\/gnv-table-sur-250-000-passagers-au-depart-et-a-destination-de-tunis\/206368\/#primaryimage"},"thumbnailUrl":"https:\/\/www.webdo.tn\/fr\/wp-content\/uploads\/2023\/06\/6fcff57607bd81764b017b4c7bb7592a.jpg","keywords":["gnv","Italie","Tunisie"],"articleSection":["National"],"inLanguage":"fr-FR"},{"@type":"WebPage","@id":"https:\/\/www.webdo.tn\/fr\/actualite\/national\/gnv-table-sur-250-000-passagers-au-depart-et-a-destination-de-tunis\/206368\/","url":"https:\/\/www.webdo.tn\/fr\/actualite\/national\/gnv-table-sur-250-000-passagers-au-depart-et-a-destination-de-tunis\/206368\/","name":"GNV table sur 250.000 passagers au d\u00e9part et \u00e0 destination de Tunis","isPartOf":{"@id":"https:\/\/www.webdo.tn\/fr\/#website"},"primaryImageOfPage":{"@id":"https:\/\/www.webdo.tn\/fr\/actualite\/national\/gnv-table-sur-250-000-passagers-au-depart-et-a-destination-de-tunis\/206368\/#primaryimage"},"image":{"@id":"https:\/\/www.webdo.tn\/fr\/actualite\/national\/gnv-table-sur-250-000-passagers-au-depart-et-a-destination-de-tunis\/206368\/#primaryimage"},"thumbnailUrl":"https:\/\/www.webdo.tn\/fr\/wp-content\/uploads\/2023\/06\/6fcff57607bd81764b017b4c7bb7592a.jpg","datePublished":"2023-06-06T11:10:00+00:00","dateModified":"2025-05-20T22:33:14+00:00","description":"En 2023, la compagnie maritime italienne GNV f\u00eate ses 30 ans d\u2019existence en mer M\u00e9diterran\u00e9e et la 20\u00e8me ann\u00e9e du d\u00e9marrage de ses activit\u00e9s en Tunisie.","breadcrumb":{"@id":"https:\/\/www.webdo.tn\/fr\/actualite\/national\/gnv-table-sur-250-000-passagers-au-depart-et-a-destination-de-tunis\/206368\/#breadcrumb"},"inLanguage":"fr-FR","potentialAction":[{"@type":"ReadAction","target":["https:\/\/www.webdo.tn\/fr\/actualite\/national\/gnv-table-sur-250-000-passagers-au-depart-et-a-destination-de-tunis\/206368\/"]}]},{"@type":"ImageObject","inLanguage":"fr-FR","@id":"https:\/\/www.webdo.tn\/fr\/actualite\/national\/gnv-table-sur-250-000-passagers-au-depart-et-a-destination-de-tunis\/206368\/#primaryimage","url":"https:\/\/www.webdo.tn\/fr\/wp-content\/uploads\/2023\/06\/6fcff57607bd81764b017b4c7bb7592a.jpg","contentUrl":"https:\/\/www.webdo.tn\/fr\/wp-content\/uploads\/2023\/06\/6fcff57607bd81764b017b4c7bb7592a.jpg","width":750,"height":400,"caption":"GNV table sur 250.000 passagers au d\u00e9part et \u00e0 destination de Tunis"},{"@type":"BreadcrumbList","@id":"https:\/\/www.webdo.tn\/fr\/actualite\/national\/gnv-table-sur-250-000-passagers-au-depart-et-a-destination-de-tunis\/206368\/#breadcrumb","itemListElement":[{"@type":"ListItem","position":1,"name":"Accueil","item":"https:\/\/www.webdo.tn\/fr\/"},{"@type":"ListItem","position":2,"name":"GNV table sur 250.000 passagers au d\u00e9part et \u00e0 destination de Tunis"}]},{"@type":"WebSite","@id":"https:\/\/www.webdo.tn\/fr\/#website","url":"https:\/\/www.webdo.tn\/fr\/","name":"webdo","description":"Tunisie - News en Tunisie et \u00e0 l&#039;international sur Webdo.tn","publisher":{"@id":"https:\/\/www.webdo.tn\/fr\/#organization"},"potentialAction":[{"@type":"SearchAction","target":{"@type":"EntryPoint","urlTemplate":"https:\/\/www.webdo.tn\/fr\/?s={search_term_string}"},"query-input":{"@type":"PropertyValueSpecification","valueRequired":true,"valueName":"search_term_string"}}],"inLanguage":"fr-FR"},{"@type":"Organization","@id":"https:\/\/www.webdo.tn\/fr\/#organization","name":"Webdo","alternateName":"Webdo.tn","url":"https:\/\/www.webdo.tn\/fr\/","logo":{"@type":"ImageObject","inLanguage":"fr-FR","@id":"https:\/\/www.webdo.tn\/fr\/#\/schema\/logo\/image\/","url":"https:\/\/www.webdo.tn\/fr\/wp-content\/uploads\/2025\/06\/Webdo-Tunisie_168377.jpg","contentUrl":"https:\/\/www.webdo.tn\/fr\/wp-content\/uploads\/2025\/06\/Webdo-Tunisie_168377.jpg","width":301,"height":301,"caption":"Webdo"},"image":{"@id":"https:\/\/www.webdo.tn\/fr\/#\/schema\/logo\/image\/"},"sameAs":["https:\/\/www.facebook.com\/webdotn","https:\/\/x.com\/webdo_tn"],"description":"Webdo est un m\u00e9dia num\u00e9rique tunisien fond\u00e9 en 2010, sp\u00e9cialis\u00e9 dans l\u2019actualit\u00e9 nationale et internationale, l\u2019\u00e9conomie, la soci\u00e9t\u00e9 et les analyses politiques. Le site s\u2019adresse \u00e0 un large public francophone et couvre l\u2019information tunisienne en temps r\u00e9el.","email":"redac@webdo.tn","legalName":"YNJ SARL","foundingDate":"2010-09-06","numberOfEmployees":{"@type":"QuantitativeValue","minValue":"11","maxValue":"50"}},{"@type":"Person","@id":"https:\/\/www.webdo.tn\/fr\/#\/schema\/person\/1f4e491e0907b413d61089e8eb573acc","name":"Webdo","image":{"@type":"ImageObject","inLanguage":"fr-FR","@id":"https:\/\/secure.gravatar.com\/avatar\/de97aeec1bb80978a9dbb127e47dfc88aaacb2f3c29aac907d8d3222e3495d49?s=96&d=mm&r=g","url":"https:\/\/secure.gravatar.com\/avatar\/de97aeec1bb80978a9dbb127e47dfc88aaacb2f3c29aac907d8d3222e3495d49?s=96&d=mm&r=g","contentUrl":"https:\/\/secure.gravatar.com\/avatar\/de97aeec1bb80978a9dbb127e47dfc88aaacb2f3c29aac907d8d3222e3495d49?s=96&d=mm&r=g","caption":"Webdo"},"url":"https:\/\/www.webdo.tn\/fr\/actualite\/author\/webdo\/"}]}},"_links":{"self":[{"href":"https:\/\/www.webdo.tn\/fr\/wp-json\/wp\/v2\/posts\/206368","targetHints":{"allow":["GET"]}}],"collection":[{"href":"https:\/\/www.webdo.tn\/fr\/wp-json\/wp\/v2\/posts"}],"about":[{"href":"https:\/\/www.webdo.tn\/fr\/wp-json\/wp\/v2\/types\/post"}],"author":[{"embeddable":true,"href":"https:\/\/www.webdo.tn\/fr\/wp-json\/wp\/v2\/users\/3169"}],"replies":[{"embeddable":true,"href":"https:\/\/www.webdo.tn\/fr\/wp-json\/wp\/v2\/comments?post=206368"}],"version-history":[{"count":0,"href":"https:\/\/www.webdo.tn\/fr\/wp-json\/wp\/v2\/posts\/206368\/revisions"}],"wp:featuredmedia":[{"embeddable":true,"href":"https:\/\/www.webdo.tn\/fr\/wp-json\/wp\/v2\/media\/278293"}],"wp:attachment":[{"href":"https:\/\/www.webdo.tn\/fr\/wp-json\/wp\/v2\/media?parent=206368"}],"wp:term":[{"taxonomy":"category","embeddable":true,"href":"https:\/\/www.webdo.tn\/fr\/wp-json\/wp\/v2\/categories?post=206368"},{"taxonomy":"post_tag","embeddable":true,"href":"https:\/\/www.webdo.tn\/fr\/wp-json\/wp\/v2\/tags?post=206368"}],"curies":[{"name":"wp","href":"https:\/\/api.w.org\/{rel}","templated":true}]}}