{"id":206366,"date":"2023-06-06T10:20:00","date_gmt":"2023-06-06T10:20:00","guid":{"rendered":"https:\/\/www.webdo.tn\/fr\/blog\/mondial-u20-israel-en-demi-finale-grace-a-un-palestinien\/206366\/"},"modified":"2025-05-20T22:59:34","modified_gmt":"2025-05-20T22:59:34","slug":"mondial-u20-israel-en-demi-finale-grace-a-un-palestinien","status":"publish","type":"post","link":"https:\/\/www.webdo.tn\/fr\/actualite\/sport\/mondial-u20-israel-en-demi-finale-grace-a-un-palestinien\/206366\/","title":{"rendered":"Mondial U20 : Isra\u00ebl en demi-finale gr\u00e2ce \u00e0 un Palestinien !"},"content":{"rendered":"<p>Anan Khalaili, l\u2019auteur du but de l\u2019\u00e9galisation d\u2019Isra\u00ebl face au Br\u00e9sil (1-1), en quart de finale de la CM U20, est un Arabe isra\u00e9lien d\u2019origine palestinienne.<\/p>\n<p>\t\t\t\t\t\t\t\t\tL\u2019\u00e9quipe d\u2019Isra\u00ebl a r\u00e9ussi, samedi, l\u2019exploit de se qualifier en demi-finale de la Coupe du monde Juniors en venant, au bout des prolongations, de l\u2019un des favoris de la comp\u00e9tition, le Br\u00e9sil 3-2.<\/p>\n<p>La\u00a0 Sele\u00e7ao avait ouvert la marque par Marcos Leonardo \u00e0 la 56\u2019, mais Anan Khalaili a \u00e9galis\u00e9 pour Isra\u00ebl quatre minutes plus tard, obligeant les deux \u00e9quipes \u00e0 jouer les prolongations.<\/p>\n<p>Au cours de cette s\u00e9ance, le Br\u00e9sil a, de nouveau, pris l&rsquo;avantage par Matheus Nascimento (91&prime;), mais les Isra\u00e9liens ont \u00e9galis\u00e9 dans la foul\u00e9e (2-2) par Hamza Shibli. A la 105&prime;, Dor David Turgeman a inscrit le but de la victoire qui a propuls\u00e9 son pays en demi-finale pour la premi\u00e8re fois de son histoire.<\/p>\n<p>Faits anodins, les buts de la s\u00e9lection isra\u00e9lienne ont \u00e9t\u00e9 marqu\u00e9s par un Arabe isra\u00e9lien d\u2019origine palestinienne (Anan Khalaili), un B\u00e9douin isra\u00e9lien (Hamza Shibli) et un Juif isra\u00e9lien (Dor Turgeman).<\/p>\n<p>Les Isra\u00e9liens rencontreront le 8 juin, pour une place en finale, l&rsquo;Uruguay qui a dispos\u00e9 des Etats-Unis 2-0.<\/p>\n","protected":false},"excerpt":{"rendered":"<p>Anan Khalaili, l\u2019auteur du but de l\u2019\u00e9galisation d\u2019Isra\u00ebl face au Br\u00e9sil (1-1), en quart de finale de la CM U20, est un Arabe isra\u00e9lien d\u2019origine palestinienne.<\/p>\n","protected":false},"author":3188,"featured_media":278291,"comment_status":"open","ping_status":"closed","sticky":false,"template":"","format":"standard","meta":{"footnotes":""},"categories":[2593],"tags":[4066,2636,2688,8367],"class_list":["post-206366","post","type-post","status-publish","format-standard","has-post-thumbnail","hentry","category-sport","tag-coupe-du-monde","tag-israel","tag-palestine","tag-u20"],"yoast_head":"<!-- This site is optimized with the Yoast SEO Premium plugin v27.4 (Yoast SEO v27.5) - https:\/\/yoast.com\/product\/yoast-seo-premium-wordpress\/ -->\n<title>Mondial U20 : Isra\u00ebl en demi-finale gr\u00e2ce \u00e0 un Palestinien !<\/title>\n<meta name=\"description\" content=\"Anan Khalaili, l\u2019auteur du but de l\u2019\u00e9galisation d\u2019Isra\u00ebl face au Br\u00e9sil (1-1), en quart de finale de la CM U20, est un Arabe isra\u00e9lien d\u2019origine palestinienne.\" \/>\n<link rel=\"canonical\" href=\"https:\/\/www.webdo.tn\/fr\/actualite\/sport\/mondial-u20-israel-en-demi-finale-grace-a-un-palestinien\/206366\/\" \/>\n<meta property=\"og:locale\" content=\"fr_FR\" \/>\n<meta property=\"og:type\" content=\"article\" \/>\n<meta property=\"og:title\" content=\"Mondial U20 : Isra\u00ebl en demi-finale gr\u00e2ce \u00e0 un Palestinien !\" \/>\n<meta property=\"og:description\" content=\"Anan Khalaili, l\u2019auteur du but de l\u2019\u00e9galisation d\u2019Isra\u00ebl face au Br\u00e9sil (1-1), en quart de finale de la CM U20, est un Arabe isra\u00e9lien d\u2019origine palestinienne.\" \/>\n<meta property=\"og:url\" content=\"https:\/\/www.webdo.tn\/fr\/actualite\/sport\/mondial-u20-israel-en-demi-finale-grace-a-un-palestinien\/206366\/\" \/>\n<meta property=\"og:site_name\" content=\"webdo\" \/>\n<meta property=\"article:publisher\" content=\"https:\/\/www.facebook.com\/webdotn\" \/>\n<meta property=\"article:published_time\" content=\"2023-06-06T10:20:00+00:00\" \/>\n<meta property=\"article:modified_time\" content=\"2025-05-20T22:59:34+00:00\" \/>\n<meta property=\"og:image\" content=\"https:\/\/www.webdo.tn\/fr\/wp-content\/uploads\/2023\/06\/c9787e3b64451d93a123f2f118af358a.jpg\" \/>\n\t<meta property=\"og:image:width\" content=\"750\" \/>\n\t<meta property=\"og:image:height\" content=\"400\" \/>\n\t<meta property=\"og:image:type\" content=\"image\/jpeg\" \/>\n<meta name=\"author\" content=\"Ramzi\" \/>\n<meta name=\"twitter:card\" content=\"summary_large_image\" \/>\n<meta name=\"twitter:creator\" content=\"@webdo_tn\" \/>\n<meta name=\"twitter:site\" content=\"@webdo_tn\" \/>\n<meta name=\"twitter:label1\" content=\"\u00c9crit par\" \/>\n\t<meta name=\"twitter:data1\" content=\"Ramzi\" \/>\n\t<meta name=\"twitter:label2\" content=\"Dur\u00e9e de lecture estim\u00e9e\" \/>\n\t<meta name=\"twitter:data2\" content=\"1 minute\" \/>\n<script type=\"application\/ld+json\" class=\"yoast-schema-graph\">{\"@context\":\"https:\\\/\\\/schema.org\",\"@graph\":[{\"@type\":\"NewsArticle\",\"@id\":\"https:\\\/\\\/www.webdo.tn\\\/fr\\\/actualite\\\/sport\\\/mondial-u20-israel-en-demi-finale-grace-a-un-palestinien\\\/206366\\\/#article\",\"isPartOf\":{\"@id\":\"https:\\\/\\\/www.webdo.tn\\\/fr\\\/actualite\\\/sport\\\/mondial-u20-israel-en-demi-finale-grace-a-un-palestinien\\\/206366\\\/\"},\"author\":{\"name\":\"Ramzi\",\"@id\":\"https:\\\/\\\/www.webdo.tn\\\/fr\\\/#\\\/schema\\\/person\\\/590cb5f81adcfde6385530fdbdf468e2\"},\"headline\":\"Mondial U20 : Isra\u00ebl en demi-finale gr\u00e2ce \u00e0 un Palestinien !\",\"datePublished\":\"2023-06-06T10:20:00+00:00\",\"dateModified\":\"2025-05-20T22:59:34+00:00\",\"mainEntityOfPage\":{\"@id\":\"https:\\\/\\\/www.webdo.tn\\\/fr\\\/actualite\\\/sport\\\/mondial-u20-israel-en-demi-finale-grace-a-un-palestinien\\\/206366\\\/\"},\"wordCount\":230,\"commentCount\":0,\"publisher\":{\"@id\":\"https:\\\/\\\/www.webdo.tn\\\/fr\\\/#organization\"},\"image\":{\"@id\":\"https:\\\/\\\/www.webdo.tn\\\/fr\\\/actualite\\\/sport\\\/mondial-u20-israel-en-demi-finale-grace-a-un-palestinien\\\/206366\\\/#primaryimage\"},\"thumbnailUrl\":\"https:\\\/\\\/www.webdo.tn\\\/fr\\\/wp-content\\\/uploads\\\/2023\\\/06\\\/c9787e3b64451d93a123f2f118af358a.jpg\",\"keywords\":[\"Coupe du Monde\",\"isra\u00ebl\",\"Palestine\",\"U20\"],\"articleSection\":[\"Sport\"],\"inLanguage\":\"fr-FR\"},{\"@type\":\"WebPage\",\"@id\":\"https:\\\/\\\/www.webdo.tn\\\/fr\\\/actualite\\\/sport\\\/mondial-u20-israel-en-demi-finale-grace-a-un-palestinien\\\/206366\\\/\",\"url\":\"https:\\\/\\\/www.webdo.tn\\\/fr\\\/actualite\\\/sport\\\/mondial-u20-israel-en-demi-finale-grace-a-un-palestinien\\\/206366\\\/\",\"name\":\"Mondial U20 : Isra\u00ebl en demi-finale gr\u00e2ce \u00e0 un Palestinien !\",\"isPartOf\":{\"@id\":\"https:\\\/\\\/www.webdo.tn\\\/fr\\\/#website\"},\"primaryImageOfPage\":{\"@id\":\"https:\\\/\\\/www.webdo.tn\\\/fr\\\/actualite\\\/sport\\\/mondial-u20-israel-en-demi-finale-grace-a-un-palestinien\\\/206366\\\/#primaryimage\"},\"image\":{\"@id\":\"https:\\\/\\\/www.webdo.tn\\\/fr\\\/actualite\\\/sport\\\/mondial-u20-israel-en-demi-finale-grace-a-un-palestinien\\\/206366\\\/#primaryimage\"},\"thumbnailUrl\":\"https:\\\/\\\/www.webdo.tn\\\/fr\\\/wp-content\\\/uploads\\\/2023\\\/06\\\/c9787e3b64451d93a123f2f118af358a.jpg\",\"datePublished\":\"2023-06-06T10:20:00+00:00\",\"dateModified\":\"2025-05-20T22:59:34+00:00\",\"description\":\"Anan Khalaili, l\u2019auteur du but de l\u2019\u00e9galisation d\u2019Isra\u00ebl face au Br\u00e9sil (1-1), en quart de finale de la CM U20, est un Arabe isra\u00e9lien d\u2019origine palestinienne.\",\"breadcrumb\":{\"@id\":\"https:\\\/\\\/www.webdo.tn\\\/fr\\\/actualite\\\/sport\\\/mondial-u20-israel-en-demi-finale-grace-a-un-palestinien\\\/206366\\\/#breadcrumb\"},\"inLanguage\":\"fr-FR\",\"potentialAction\":[{\"@type\":\"ReadAction\",\"target\":[\"https:\\\/\\\/www.webdo.tn\\\/fr\\\/actualite\\\/sport\\\/mondial-u20-israel-en-demi-finale-grace-a-un-palestinien\\\/206366\\\/\"]}]},{\"@type\":\"ImageObject\",\"inLanguage\":\"fr-FR\",\"@id\":\"https:\\\/\\\/www.webdo.tn\\\/fr\\\/actualite\\\/sport\\\/mondial-u20-israel-en-demi-finale-grace-a-un-palestinien\\\/206366\\\/#primaryimage\",\"url\":\"https:\\\/\\\/www.webdo.tn\\\/fr\\\/wp-content\\\/uploads\\\/2023\\\/06\\\/c9787e3b64451d93a123f2f118af358a.jpg\",\"contentUrl\":\"https:\\\/\\\/www.webdo.tn\\\/fr\\\/wp-content\\\/uploads\\\/2023\\\/06\\\/c9787e3b64451d93a123f2f118af358a.jpg\",\"width\":750,\"height\":400,\"caption\":\"Mondial U20 : Isra\u00ebl en demi-finale gr\u00e2ce \u00e0 un Palestinien !\"},{\"@type\":\"BreadcrumbList\",\"@id\":\"https:\\\/\\\/www.webdo.tn\\\/fr\\\/actualite\\\/sport\\\/mondial-u20-israel-en-demi-finale-grace-a-un-palestinien\\\/206366\\\/#breadcrumb\",\"itemListElement\":[{\"@type\":\"ListItem\",\"position\":1,\"name\":\"Accueil\",\"item\":\"https:\\\/\\\/www.webdo.tn\\\/fr\\\/\"},{\"@type\":\"ListItem\",\"position\":2,\"name\":\"Mondial U20 : Isra\u00ebl en demi-finale gr\u00e2ce \u00e0 un Palestinien !\"}]},{\"@type\":\"WebSite\",\"@id\":\"https:\\\/\\\/www.webdo.tn\\\/fr\\\/#website\",\"url\":\"https:\\\/\\\/www.webdo.tn\\\/fr\\\/\",\"name\":\"webdo\",\"description\":\"Tunisie - News en Tunisie et \u00e0 l&#039;international sur Webdo.tn\",\"publisher\":{\"@id\":\"https:\\\/\\\/www.webdo.tn\\\/fr\\\/#organization\"},\"potentialAction\":[{\"@type\":\"SearchAction\",\"target\":{\"@type\":\"EntryPoint\",\"urlTemplate\":\"https:\\\/\\\/www.webdo.tn\\\/fr\\\/?s={search_term_string}\"},\"query-input\":{\"@type\":\"PropertyValueSpecification\",\"valueRequired\":true,\"valueName\":\"search_term_string\"}}],\"inLanguage\":\"fr-FR\"},{\"@type\":\"Organization\",\"@id\":\"https:\\\/\\\/www.webdo.tn\\\/fr\\\/#organization\",\"name\":\"Webdo\",\"alternateName\":\"Webdo.tn\",\"url\":\"https:\\\/\\\/www.webdo.tn\\\/fr\\\/\",\"logo\":{\"@type\":\"ImageObject\",\"inLanguage\":\"fr-FR\",\"@id\":\"https:\\\/\\\/www.webdo.tn\\\/fr\\\/#\\\/schema\\\/logo\\\/image\\\/\",\"url\":\"https:\\\/\\\/www.webdo.tn\\\/fr\\\/wp-content\\\/uploads\\\/2025\\\/06\\\/Webdo-Tunisie_168377.jpg\",\"contentUrl\":\"https:\\\/\\\/www.webdo.tn\\\/fr\\\/wp-content\\\/uploads\\\/2025\\\/06\\\/Webdo-Tunisie_168377.jpg\",\"width\":301,\"height\":301,\"caption\":\"Webdo\"},\"image\":{\"@id\":\"https:\\\/\\\/www.webdo.tn\\\/fr\\\/#\\\/schema\\\/logo\\\/image\\\/\"},\"sameAs\":[\"https:\\\/\\\/www.facebook.com\\\/webdotn\",\"https:\\\/\\\/x.com\\\/webdo_tn\"],\"description\":\"Webdo est un m\u00e9dia num\u00e9rique tunisien fond\u00e9 en 2010, sp\u00e9cialis\u00e9 dans l\u2019actualit\u00e9 nationale et internationale, l\u2019\u00e9conomie, la soci\u00e9t\u00e9 et les analyses politiques. Le site s\u2019adresse \u00e0 un large public francophone et couvre l\u2019information tunisienne en temps r\u00e9el.\",\"email\":\"redac@webdo.tn\",\"legalName\":\"YNJ SARL\",\"foundingDate\":\"2010-09-06\",\"numberOfEmployees\":{\"@type\":\"QuantitativeValue\",\"minValue\":\"11\",\"maxValue\":\"50\"}},{\"@type\":\"Person\",\"@id\":\"https:\\\/\\\/www.webdo.tn\\\/fr\\\/#\\\/schema\\\/person\\\/590cb5f81adcfde6385530fdbdf468e2\",\"name\":\"Ramzi\",\"image\":{\"@type\":\"ImageObject\",\"inLanguage\":\"fr-FR\",\"@id\":\"https:\\\/\\\/secure.gravatar.com\\\/avatar\\\/48df7d18915e10cf866ba8e27604c81ff9243fd52704a1d210c3e387e1cb8d87?s=96&d=mm&r=g\",\"url\":\"https:\\\/\\\/secure.gravatar.com\\\/avatar\\\/48df7d18915e10cf866ba8e27604c81ff9243fd52704a1d210c3e387e1cb8d87?s=96&d=mm&r=g\",\"contentUrl\":\"https:\\\/\\\/secure.gravatar.com\\\/avatar\\\/48df7d18915e10cf866ba8e27604c81ff9243fd52704a1d210c3e387e1cb8d87?s=96&d=mm&r=g\",\"caption\":\"Ramzi\"},\"url\":\"https:\\\/\\\/www.webdo.tn\\\/fr\\\/actualite\\\/author\\\/ramzi\\\/\"}]}<\/script>\n<!-- \/ Yoast SEO Premium plugin. -->","yoast_head_json":{"title":"Mondial U20 : Isra\u00ebl en demi-finale gr\u00e2ce \u00e0 un Palestinien !","description":"Anan Khalaili, l\u2019auteur du but de l\u2019\u00e9galisation d\u2019Isra\u00ebl face au Br\u00e9sil (1-1), en quart de finale de la CM U20, est un Arabe isra\u00e9lien d\u2019origine palestinienne.","canonical":"https:\/\/www.webdo.tn\/fr\/actualite\/sport\/mondial-u20-israel-en-demi-finale-grace-a-un-palestinien\/206366\/","og_locale":"fr_FR","og_type":"article","og_title":"Mondial U20 : Isra\u00ebl en demi-finale gr\u00e2ce \u00e0 un Palestinien !","og_description":"Anan Khalaili, l\u2019auteur du but de l\u2019\u00e9galisation d\u2019Isra\u00ebl face au Br\u00e9sil (1-1), en quart de finale de la CM U20, est un Arabe isra\u00e9lien d\u2019origine palestinienne.","og_url":"https:\/\/www.webdo.tn\/fr\/actualite\/sport\/mondial-u20-israel-en-demi-finale-grace-a-un-palestinien\/206366\/","og_site_name":"webdo","article_publisher":"https:\/\/www.facebook.com\/webdotn","article_published_time":"2023-06-06T10:20:00+00:00","article_modified_time":"2025-05-20T22:59:34+00:00","og_image":[{"width":750,"height":400,"url":"https:\/\/www.webdo.tn\/fr\/wp-content\/uploads\/2023\/06\/c9787e3b64451d93a123f2f118af358a.jpg","type":"image\/jpeg"}],"author":"Ramzi","twitter_card":"summary_large_image","twitter_creator":"@webdo_tn","twitter_site":"@webdo_tn","twitter_misc":{"\u00c9crit par":"Ramzi","Dur\u00e9e de lecture estim\u00e9e":"1 minute"},"schema":{"@context":"https:\/\/schema.org","@graph":[{"@type":"NewsArticle","@id":"https:\/\/www.webdo.tn\/fr\/actualite\/sport\/mondial-u20-israel-en-demi-finale-grace-a-un-palestinien\/206366\/#article","isPartOf":{"@id":"https:\/\/www.webdo.tn\/fr\/actualite\/sport\/mondial-u20-israel-en-demi-finale-grace-a-un-palestinien\/206366\/"},"author":{"name":"Ramzi","@id":"https:\/\/www.webdo.tn\/fr\/#\/schema\/person\/590cb5f81adcfde6385530fdbdf468e2"},"headline":"Mondial U20 : Isra\u00ebl en demi-finale gr\u00e2ce \u00e0 un Palestinien !","datePublished":"2023-06-06T10:20:00+00:00","dateModified":"2025-05-20T22:59:34+00:00","mainEntityOfPage":{"@id":"https:\/\/www.webdo.tn\/fr\/actualite\/sport\/mondial-u20-israel-en-demi-finale-grace-a-un-palestinien\/206366\/"},"wordCount":230,"commentCount":0,"publisher":{"@id":"https:\/\/www.webdo.tn\/fr\/#organization"},"image":{"@id":"https:\/\/www.webdo.tn\/fr\/actualite\/sport\/mondial-u20-israel-en-demi-finale-grace-a-un-palestinien\/206366\/#primaryimage"},"thumbnailUrl":"https:\/\/www.webdo.tn\/fr\/wp-content\/uploads\/2023\/06\/c9787e3b64451d93a123f2f118af358a.jpg","keywords":["Coupe du Monde","isra\u00ebl","Palestine","U20"],"articleSection":["Sport"],"inLanguage":"fr-FR"},{"@type":"WebPage","@id":"https:\/\/www.webdo.tn\/fr\/actualite\/sport\/mondial-u20-israel-en-demi-finale-grace-a-un-palestinien\/206366\/","url":"https:\/\/www.webdo.tn\/fr\/actualite\/sport\/mondial-u20-israel-en-demi-finale-grace-a-un-palestinien\/206366\/","name":"Mondial U20 : Isra\u00ebl en demi-finale gr\u00e2ce \u00e0 un Palestinien !","isPartOf":{"@id":"https:\/\/www.webdo.tn\/fr\/#website"},"primaryImageOfPage":{"@id":"https:\/\/www.webdo.tn\/fr\/actualite\/sport\/mondial-u20-israel-en-demi-finale-grace-a-un-palestinien\/206366\/#primaryimage"},"image":{"@id":"https:\/\/www.webdo.tn\/fr\/actualite\/sport\/mondial-u20-israel-en-demi-finale-grace-a-un-palestinien\/206366\/#primaryimage"},"thumbnailUrl":"https:\/\/www.webdo.tn\/fr\/wp-content\/uploads\/2023\/06\/c9787e3b64451d93a123f2f118af358a.jpg","datePublished":"2023-06-06T10:20:00+00:00","dateModified":"2025-05-20T22:59:34+00:00","description":"Anan Khalaili, l\u2019auteur du but de l\u2019\u00e9galisation d\u2019Isra\u00ebl face au Br\u00e9sil (1-1), en quart de finale de la CM U20, est un Arabe isra\u00e9lien d\u2019origine palestinienne.","breadcrumb":{"@id":"https:\/\/www.webdo.tn\/fr\/actualite\/sport\/mondial-u20-israel-en-demi-finale-grace-a-un-palestinien\/206366\/#breadcrumb"},"inLanguage":"fr-FR","potentialAction":[{"@type":"ReadAction","target":["https:\/\/www.webdo.tn\/fr\/actualite\/sport\/mondial-u20-israel-en-demi-finale-grace-a-un-palestinien\/206366\/"]}]},{"@type":"ImageObject","inLanguage":"fr-FR","@id":"https:\/\/www.webdo.tn\/fr\/actualite\/sport\/mondial-u20-israel-en-demi-finale-grace-a-un-palestinien\/206366\/#primaryimage","url":"https:\/\/www.webdo.tn\/fr\/wp-content\/uploads\/2023\/06\/c9787e3b64451d93a123f2f118af358a.jpg","contentUrl":"https:\/\/www.webdo.tn\/fr\/wp-content\/uploads\/2023\/06\/c9787e3b64451d93a123f2f118af358a.jpg","width":750,"height":400,"caption":"Mondial U20 : Isra\u00ebl en demi-finale gr\u00e2ce \u00e0 un Palestinien !"},{"@type":"BreadcrumbList","@id":"https:\/\/www.webdo.tn\/fr\/actualite\/sport\/mondial-u20-israel-en-demi-finale-grace-a-un-palestinien\/206366\/#breadcrumb","itemListElement":[{"@type":"ListItem","position":1,"name":"Accueil","item":"https:\/\/www.webdo.tn\/fr\/"},{"@type":"ListItem","position":2,"name":"Mondial U20 : Isra\u00ebl en demi-finale gr\u00e2ce \u00e0 un Palestinien !"}]},{"@type":"WebSite","@id":"https:\/\/www.webdo.tn\/fr\/#website","url":"https:\/\/www.webdo.tn\/fr\/","name":"webdo","description":"Tunisie - News en Tunisie et \u00e0 l&#039;international sur Webdo.tn","publisher":{"@id":"https:\/\/www.webdo.tn\/fr\/#organization"},"potentialAction":[{"@type":"SearchAction","target":{"@type":"EntryPoint","urlTemplate":"https:\/\/www.webdo.tn\/fr\/?s={search_term_string}"},"query-input":{"@type":"PropertyValueSpecification","valueRequired":true,"valueName":"search_term_string"}}],"inLanguage":"fr-FR"},{"@type":"Organization","@id":"https:\/\/www.webdo.tn\/fr\/#organization","name":"Webdo","alternateName":"Webdo.tn","url":"https:\/\/www.webdo.tn\/fr\/","logo":{"@type":"ImageObject","inLanguage":"fr-FR","@id":"https:\/\/www.webdo.tn\/fr\/#\/schema\/logo\/image\/","url":"https:\/\/www.webdo.tn\/fr\/wp-content\/uploads\/2025\/06\/Webdo-Tunisie_168377.jpg","contentUrl":"https:\/\/www.webdo.tn\/fr\/wp-content\/uploads\/2025\/06\/Webdo-Tunisie_168377.jpg","width":301,"height":301,"caption":"Webdo"},"image":{"@id":"https:\/\/www.webdo.tn\/fr\/#\/schema\/logo\/image\/"},"sameAs":["https:\/\/www.facebook.com\/webdotn","https:\/\/x.com\/webdo_tn"],"description":"Webdo est un m\u00e9dia num\u00e9rique tunisien fond\u00e9 en 2010, sp\u00e9cialis\u00e9 dans l\u2019actualit\u00e9 nationale et internationale, l\u2019\u00e9conomie, la soci\u00e9t\u00e9 et les analyses politiques. Le site s\u2019adresse \u00e0 un large public francophone et couvre l\u2019information tunisienne en temps r\u00e9el.","email":"redac@webdo.tn","legalName":"YNJ SARL","foundingDate":"2010-09-06","numberOfEmployees":{"@type":"QuantitativeValue","minValue":"11","maxValue":"50"}},{"@type":"Person","@id":"https:\/\/www.webdo.tn\/fr\/#\/schema\/person\/590cb5f81adcfde6385530fdbdf468e2","name":"Ramzi","image":{"@type":"ImageObject","inLanguage":"fr-FR","@id":"https:\/\/secure.gravatar.com\/avatar\/48df7d18915e10cf866ba8e27604c81ff9243fd52704a1d210c3e387e1cb8d87?s=96&d=mm&r=g","url":"https:\/\/secure.gravatar.com\/avatar\/48df7d18915e10cf866ba8e27604c81ff9243fd52704a1d210c3e387e1cb8d87?s=96&d=mm&r=g","contentUrl":"https:\/\/secure.gravatar.com\/avatar\/48df7d18915e10cf866ba8e27604c81ff9243fd52704a1d210c3e387e1cb8d87?s=96&d=mm&r=g","caption":"Ramzi"},"url":"https:\/\/www.webdo.tn\/fr\/actualite\/author\/ramzi\/"}]}},"_links":{"self":[{"href":"https:\/\/www.webdo.tn\/fr\/wp-json\/wp\/v2\/posts\/206366","targetHints":{"allow":["GET"]}}],"collection":[{"href":"https:\/\/www.webdo.tn\/fr\/wp-json\/wp\/v2\/posts"}],"about":[{"href":"https:\/\/www.webdo.tn\/fr\/wp-json\/wp\/v2\/types\/post"}],"author":[{"embeddable":true,"href":"https:\/\/www.webdo.tn\/fr\/wp-json\/wp\/v2\/users\/3188"}],"replies":[{"embeddable":true,"href":"https:\/\/www.webdo.tn\/fr\/wp-json\/wp\/v2\/comments?post=206366"}],"version-history":[{"count":0,"href":"https:\/\/www.webdo.tn\/fr\/wp-json\/wp\/v2\/posts\/206366\/revisions"}],"wp:featuredmedia":[{"embeddable":true,"href":"https:\/\/www.webdo.tn\/fr\/wp-json\/wp\/v2\/media\/278291"}],"wp:attachment":[{"href":"https:\/\/www.webdo.tn\/fr\/wp-json\/wp\/v2\/media?parent=206366"}],"wp:term":[{"taxonomy":"category","embeddable":true,"href":"https:\/\/www.webdo.tn\/fr\/wp-json\/wp\/v2\/categories?post=206366"},{"taxonomy":"post_tag","embeddable":true,"href":"https:\/\/www.webdo.tn\/fr\/wp-json\/wp\/v2\/tags?post=206366"}],"curies":[{"name":"wp","href":"https:\/\/api.w.org\/{rel}","templated":true}]}}