{"id":206360,"date":"2023-06-06T08:26:00","date_gmt":"2023-06-06T08:26:00","guid":{"rendered":"https:\/\/www.webdo.tn\/fr\/blog\/la-berd-va-renforcer-ses-activites-en-tunisie\/206360\/"},"modified":"2025-05-20T22:50:33","modified_gmt":"2025-05-20T22:50:33","slug":"la-berd-va-renforcer-ses-activites-en-tunisie","status":"publish","type":"post","link":"https:\/\/www.webdo.tn\/fr\/actualite\/national\/la-berd-va-renforcer-ses-activites-en-tunisie\/206360\/","title":{"rendered":"La BERD va renforcer ses activit\u00e9s en Tunisie"},"content":{"rendered":"<p>La cheffe du gouvernement, Najla Bouden Romdhane, a re\u00e7u hier lundi 5 juin 2023, une d\u00e9l\u00e9gation de la Banque europ\u00e9enne pour la reconstruction et le d\u00e9veloppement (BERD), dirig\u00e9e par J\u00fcrgen Rigtering, premier vice-pr\u00e9sident de la banque.<\/p>\n<p>\t\t\t\t\t\t\t\t\tCe dernier que la BERD vise l\u2019expansion des activit\u00e9s de la banque en Tunisie par la nomination d\u2019un conseiller \u00e9conomique r\u00e9gional.<\/p>\n<p>Pour sa part, la cheffe du gouvernement a exprim\u00e9 sa reconnaissance envers la BERD pour son soutien \u00e0 la Tunisie et les projets r\u00e9alis\u00e9s dans plusieurs domaines tels que le d\u00e9veloppement durable, les transports et l\u2019\u00e9nergie.<\/p>\n<p>Notons que la visite a pour mission principale de rencontrer les autorit\u00e9s tunisiennes et les membres de la communaut\u00e9 des affaires pour discuter des priorit\u00e9s du pays.<\/p>\n<p>Au cours de sa visite, le premier vice-pr\u00e9sident rencontrera de hauts responsables tunisiens, notamment la cheffe du gouvernement, le ministre de l\u2019\u00c9conomie et de la Planification, le gouverneur de la BCT et les ministres des Finances, de l\u2019Agriculture, des \u00a0Technologies de la communication.<\/p>\n<p>Rappelons qu\u2019en une d\u00e9cennie et depuis le d\u00e9but de ses op\u00e9rations en Tunisie en 2012, la BERD a investi pr\u00e8s de 2 milliards d\u2019euros dans 62 projets \u00e0 travers le pays, dans les secteurs priv\u00e9 et public.<\/p>\n","protected":false},"excerpt":{"rendered":"<p>La cheffe du gouvernement, Najla Bouden Romdhane, a re\u00e7u hier lundi 5 juin 2023, une d\u00e9l\u00e9gation de la Banque europ\u00e9enne pour la reconstruction et le d\u00e9veloppeme&#8230;<\/p>\n","protected":false},"author":3175,"featured_media":278286,"comment_status":"open","ping_status":"closed","sticky":false,"template":"","format":"standard","meta":{"footnotes":""},"categories":[44],"tags":[3856,2608],"class_list":["post-206360","post","type-post","status-publish","format-standard","has-post-thumbnail","hentry","category-national","tag-berd","tag-tunisie"],"yoast_head":"<!-- This site is optimized with the Yoast SEO Premium plugin v27.4 (Yoast SEO v27.5) - https:\/\/yoast.com\/product\/yoast-seo-premium-wordpress\/ -->\n<title>La BERD va renforcer ses activit\u00e9s en Tunisie<\/title>\n<meta name=\"description\" content=\"La cheffe du gouvernement, Najla Bouden Romdhane, a re\u00e7u hier lundi 5 juin 2023, une d\u00e9l\u00e9gation de la Banque europ\u00e9enne pour la reconstruction et le d\u00e9veloppeme...\" \/>\n<link rel=\"canonical\" href=\"https:\/\/www.webdo.tn\/fr\/actualite\/national\/la-berd-va-renforcer-ses-activites-en-tunisie\/206360\/\" \/>\n<meta property=\"og:locale\" content=\"fr_FR\" \/>\n<meta property=\"og:type\" content=\"article\" \/>\n<meta property=\"og:title\" content=\"La BERD va renforcer ses activit\u00e9s en Tunisie\" \/>\n<meta property=\"og:description\" content=\"La cheffe du gouvernement, Najla Bouden Romdhane, a re\u00e7u hier lundi 5 juin 2023, une d\u00e9l\u00e9gation de la Banque europ\u00e9enne pour la reconstruction et le d\u00e9veloppeme...\" \/>\n<meta property=\"og:url\" content=\"https:\/\/www.webdo.tn\/fr\/actualite\/national\/la-berd-va-renforcer-ses-activites-en-tunisie\/206360\/\" \/>\n<meta property=\"og:site_name\" content=\"webdo\" \/>\n<meta property=\"article:publisher\" content=\"https:\/\/www.facebook.com\/webdotn\" \/>\n<meta property=\"article:published_time\" content=\"2023-06-06T08:26:00+00:00\" \/>\n<meta property=\"article:modified_time\" content=\"2025-05-20T22:50:33+00:00\" \/>\n<meta property=\"og:image\" content=\"https:\/\/www.webdo.tn\/fr\/wp-content\/uploads\/2023\/06\/f4f2244b8e432c67bdd41a3cbdd59af0.jpg\" \/>\n\t<meta property=\"og:image:width\" content=\"750\" \/>\n\t<meta property=\"og:image:height\" content=\"400\" \/>\n\t<meta property=\"og:image:type\" content=\"image\/jpeg\" \/>\n<meta name=\"author\" content=\"CL\" \/>\n<meta name=\"twitter:card\" content=\"summary_large_image\" \/>\n<meta name=\"twitter:creator\" content=\"@webdo_tn\" \/>\n<meta name=\"twitter:site\" content=\"@webdo_tn\" \/>\n<meta name=\"twitter:label1\" content=\"\u00c9crit par\" \/>\n\t<meta name=\"twitter:data1\" content=\"CL\" \/>\n\t<meta name=\"twitter:label2\" content=\"Dur\u00e9e de lecture estim\u00e9e\" \/>\n\t<meta name=\"twitter:data2\" content=\"1 minute\" \/>\n<script type=\"application\/ld+json\" class=\"yoast-schema-graph\">{\"@context\":\"https:\\\/\\\/schema.org\",\"@graph\":[{\"@type\":\"NewsArticle\",\"@id\":\"https:\\\/\\\/www.webdo.tn\\\/fr\\\/actualite\\\/national\\\/la-berd-va-renforcer-ses-activites-en-tunisie\\\/206360\\\/#article\",\"isPartOf\":{\"@id\":\"https:\\\/\\\/www.webdo.tn\\\/fr\\\/actualite\\\/national\\\/la-berd-va-renforcer-ses-activites-en-tunisie\\\/206360\\\/\"},\"author\":{\"name\":\"CL\",\"@id\":\"https:\\\/\\\/www.webdo.tn\\\/fr\\\/#\\\/schema\\\/person\\\/f35b42a42c5e2511bbd282959d6385cc\"},\"headline\":\"La BERD va renforcer ses activit\u00e9s en Tunisie\",\"datePublished\":\"2023-06-06T08:26:00+00:00\",\"dateModified\":\"2025-05-20T22:50:33+00:00\",\"mainEntityOfPage\":{\"@id\":\"https:\\\/\\\/www.webdo.tn\\\/fr\\\/actualite\\\/national\\\/la-berd-va-renforcer-ses-activites-en-tunisie\\\/206360\\\/\"},\"wordCount\":229,\"commentCount\":0,\"publisher\":{\"@id\":\"https:\\\/\\\/www.webdo.tn\\\/fr\\\/#organization\"},\"image\":{\"@id\":\"https:\\\/\\\/www.webdo.tn\\\/fr\\\/actualite\\\/national\\\/la-berd-va-renforcer-ses-activites-en-tunisie\\\/206360\\\/#primaryimage\"},\"thumbnailUrl\":\"https:\\\/\\\/www.webdo.tn\\\/fr\\\/wp-content\\\/uploads\\\/2023\\\/06\\\/f4f2244b8e432c67bdd41a3cbdd59af0.jpg\",\"keywords\":[\"BERD\",\"Tunisie\"],\"articleSection\":[\"National\"],\"inLanguage\":\"fr-FR\"},{\"@type\":\"WebPage\",\"@id\":\"https:\\\/\\\/www.webdo.tn\\\/fr\\\/actualite\\\/national\\\/la-berd-va-renforcer-ses-activites-en-tunisie\\\/206360\\\/\",\"url\":\"https:\\\/\\\/www.webdo.tn\\\/fr\\\/actualite\\\/national\\\/la-berd-va-renforcer-ses-activites-en-tunisie\\\/206360\\\/\",\"name\":\"La BERD va renforcer ses activit\u00e9s en Tunisie\",\"isPartOf\":{\"@id\":\"https:\\\/\\\/www.webdo.tn\\\/fr\\\/#website\"},\"primaryImageOfPage\":{\"@id\":\"https:\\\/\\\/www.webdo.tn\\\/fr\\\/actualite\\\/national\\\/la-berd-va-renforcer-ses-activites-en-tunisie\\\/206360\\\/#primaryimage\"},\"image\":{\"@id\":\"https:\\\/\\\/www.webdo.tn\\\/fr\\\/actualite\\\/national\\\/la-berd-va-renforcer-ses-activites-en-tunisie\\\/206360\\\/#primaryimage\"},\"thumbnailUrl\":\"https:\\\/\\\/www.webdo.tn\\\/fr\\\/wp-content\\\/uploads\\\/2023\\\/06\\\/f4f2244b8e432c67bdd41a3cbdd59af0.jpg\",\"datePublished\":\"2023-06-06T08:26:00+00:00\",\"dateModified\":\"2025-05-20T22:50:33+00:00\",\"description\":\"La cheffe du gouvernement, Najla Bouden Romdhane, a re\u00e7u hier lundi 5 juin 2023, une d\u00e9l\u00e9gation de la Banque europ\u00e9enne pour la reconstruction et le d\u00e9veloppeme...\",\"breadcrumb\":{\"@id\":\"https:\\\/\\\/www.webdo.tn\\\/fr\\\/actualite\\\/national\\\/la-berd-va-renforcer-ses-activites-en-tunisie\\\/206360\\\/#breadcrumb\"},\"inLanguage\":\"fr-FR\",\"potentialAction\":[{\"@type\":\"ReadAction\",\"target\":[\"https:\\\/\\\/www.webdo.tn\\\/fr\\\/actualite\\\/national\\\/la-berd-va-renforcer-ses-activites-en-tunisie\\\/206360\\\/\"]}]},{\"@type\":\"ImageObject\",\"inLanguage\":\"fr-FR\",\"@id\":\"https:\\\/\\\/www.webdo.tn\\\/fr\\\/actualite\\\/national\\\/la-berd-va-renforcer-ses-activites-en-tunisie\\\/206360\\\/#primaryimage\",\"url\":\"https:\\\/\\\/www.webdo.tn\\\/fr\\\/wp-content\\\/uploads\\\/2023\\\/06\\\/f4f2244b8e432c67bdd41a3cbdd59af0.jpg\",\"contentUrl\":\"https:\\\/\\\/www.webdo.tn\\\/fr\\\/wp-content\\\/uploads\\\/2023\\\/06\\\/f4f2244b8e432c67bdd41a3cbdd59af0.jpg\",\"width\":750,\"height\":400,\"caption\":\"La BERD va renforcer ses activit\u00e9s en Tunisie\"},{\"@type\":\"BreadcrumbList\",\"@id\":\"https:\\\/\\\/www.webdo.tn\\\/fr\\\/actualite\\\/national\\\/la-berd-va-renforcer-ses-activites-en-tunisie\\\/206360\\\/#breadcrumb\",\"itemListElement\":[{\"@type\":\"ListItem\",\"position\":1,\"name\":\"Accueil\",\"item\":\"https:\\\/\\\/www.webdo.tn\\\/fr\\\/\"},{\"@type\":\"ListItem\",\"position\":2,\"name\":\"La BERD va renforcer ses activit\u00e9s en Tunisie\"}]},{\"@type\":\"WebSite\",\"@id\":\"https:\\\/\\\/www.webdo.tn\\\/fr\\\/#website\",\"url\":\"https:\\\/\\\/www.webdo.tn\\\/fr\\\/\",\"name\":\"webdo\",\"description\":\"Tunisie - News en Tunisie et \u00e0 l&#039;international sur Webdo.tn\",\"publisher\":{\"@id\":\"https:\\\/\\\/www.webdo.tn\\\/fr\\\/#organization\"},\"potentialAction\":[{\"@type\":\"SearchAction\",\"target\":{\"@type\":\"EntryPoint\",\"urlTemplate\":\"https:\\\/\\\/www.webdo.tn\\\/fr\\\/?s={search_term_string}\"},\"query-input\":{\"@type\":\"PropertyValueSpecification\",\"valueRequired\":true,\"valueName\":\"search_term_string\"}}],\"inLanguage\":\"fr-FR\"},{\"@type\":\"Organization\",\"@id\":\"https:\\\/\\\/www.webdo.tn\\\/fr\\\/#organization\",\"name\":\"Webdo\",\"alternateName\":\"Webdo.tn\",\"url\":\"https:\\\/\\\/www.webdo.tn\\\/fr\\\/\",\"logo\":{\"@type\":\"ImageObject\",\"inLanguage\":\"fr-FR\",\"@id\":\"https:\\\/\\\/www.webdo.tn\\\/fr\\\/#\\\/schema\\\/logo\\\/image\\\/\",\"url\":\"https:\\\/\\\/www.webdo.tn\\\/fr\\\/wp-content\\\/uploads\\\/2025\\\/06\\\/Webdo-Tunisie_168377.jpg\",\"contentUrl\":\"https:\\\/\\\/www.webdo.tn\\\/fr\\\/wp-content\\\/uploads\\\/2025\\\/06\\\/Webdo-Tunisie_168377.jpg\",\"width\":301,\"height\":301,\"caption\":\"Webdo\"},\"image\":{\"@id\":\"https:\\\/\\\/www.webdo.tn\\\/fr\\\/#\\\/schema\\\/logo\\\/image\\\/\"},\"sameAs\":[\"https:\\\/\\\/www.facebook.com\\\/webdotn\",\"https:\\\/\\\/x.com\\\/webdo_tn\"],\"description\":\"Webdo est un m\u00e9dia num\u00e9rique tunisien fond\u00e9 en 2010, sp\u00e9cialis\u00e9 dans l\u2019actualit\u00e9 nationale et internationale, l\u2019\u00e9conomie, la soci\u00e9t\u00e9 et les analyses politiques. Le site s\u2019adresse \u00e0 un large public francophone et couvre l\u2019information tunisienne en temps r\u00e9el.\",\"email\":\"redac@webdo.tn\",\"legalName\":\"YNJ SARL\",\"foundingDate\":\"2010-09-06\",\"numberOfEmployees\":{\"@type\":\"QuantitativeValue\",\"minValue\":\"11\",\"maxValue\":\"50\"}},{\"@type\":\"Person\",\"@id\":\"https:\\\/\\\/www.webdo.tn\\\/fr\\\/#\\\/schema\\\/person\\\/f35b42a42c5e2511bbd282959d6385cc\",\"name\":\"CL\",\"image\":{\"@type\":\"ImageObject\",\"inLanguage\":\"fr-FR\",\"@id\":\"https:\\\/\\\/secure.gravatar.com\\\/avatar\\\/1447a49909b67aa657c488aec6512e1dd6143a480c1ecfee9b5b5cd74eb3b59e?s=96&d=mm&r=g\",\"url\":\"https:\\\/\\\/secure.gravatar.com\\\/avatar\\\/1447a49909b67aa657c488aec6512e1dd6143a480c1ecfee9b5b5cd74eb3b59e?s=96&d=mm&r=g\",\"contentUrl\":\"https:\\\/\\\/secure.gravatar.com\\\/avatar\\\/1447a49909b67aa657c488aec6512e1dd6143a480c1ecfee9b5b5cd74eb3b59e?s=96&d=mm&r=g\",\"caption\":\"CL\"},\"url\":\"https:\\\/\\\/www.webdo.tn\\\/fr\\\/actualite\\\/author\\\/cl\\\/\"}]}<\/script>\n<!-- \/ Yoast SEO Premium plugin. -->","yoast_head_json":{"title":"La BERD va renforcer ses activit\u00e9s en Tunisie","description":"La cheffe du gouvernement, Najla Bouden Romdhane, a re\u00e7u hier lundi 5 juin 2023, une d\u00e9l\u00e9gation de la Banque europ\u00e9enne pour la reconstruction et le d\u00e9veloppeme...","canonical":"https:\/\/www.webdo.tn\/fr\/actualite\/national\/la-berd-va-renforcer-ses-activites-en-tunisie\/206360\/","og_locale":"fr_FR","og_type":"article","og_title":"La BERD va renforcer ses activit\u00e9s en Tunisie","og_description":"La cheffe du gouvernement, Najla Bouden Romdhane, a re\u00e7u hier lundi 5 juin 2023, une d\u00e9l\u00e9gation de la Banque europ\u00e9enne pour la reconstruction et le d\u00e9veloppeme...","og_url":"https:\/\/www.webdo.tn\/fr\/actualite\/national\/la-berd-va-renforcer-ses-activites-en-tunisie\/206360\/","og_site_name":"webdo","article_publisher":"https:\/\/www.facebook.com\/webdotn","article_published_time":"2023-06-06T08:26:00+00:00","article_modified_time":"2025-05-20T22:50:33+00:00","og_image":[{"width":750,"height":400,"url":"https:\/\/www.webdo.tn\/fr\/wp-content\/uploads\/2023\/06\/f4f2244b8e432c67bdd41a3cbdd59af0.jpg","type":"image\/jpeg"}],"author":"CL","twitter_card":"summary_large_image","twitter_creator":"@webdo_tn","twitter_site":"@webdo_tn","twitter_misc":{"\u00c9crit par":"CL","Dur\u00e9e de lecture estim\u00e9e":"1 minute"},"schema":{"@context":"https:\/\/schema.org","@graph":[{"@type":"NewsArticle","@id":"https:\/\/www.webdo.tn\/fr\/actualite\/national\/la-berd-va-renforcer-ses-activites-en-tunisie\/206360\/#article","isPartOf":{"@id":"https:\/\/www.webdo.tn\/fr\/actualite\/national\/la-berd-va-renforcer-ses-activites-en-tunisie\/206360\/"},"author":{"name":"CL","@id":"https:\/\/www.webdo.tn\/fr\/#\/schema\/person\/f35b42a42c5e2511bbd282959d6385cc"},"headline":"La BERD va renforcer ses activit\u00e9s en Tunisie","datePublished":"2023-06-06T08:26:00+00:00","dateModified":"2025-05-20T22:50:33+00:00","mainEntityOfPage":{"@id":"https:\/\/www.webdo.tn\/fr\/actualite\/national\/la-berd-va-renforcer-ses-activites-en-tunisie\/206360\/"},"wordCount":229,"commentCount":0,"publisher":{"@id":"https:\/\/www.webdo.tn\/fr\/#organization"},"image":{"@id":"https:\/\/www.webdo.tn\/fr\/actualite\/national\/la-berd-va-renforcer-ses-activites-en-tunisie\/206360\/#primaryimage"},"thumbnailUrl":"https:\/\/www.webdo.tn\/fr\/wp-content\/uploads\/2023\/06\/f4f2244b8e432c67bdd41a3cbdd59af0.jpg","keywords":["BERD","Tunisie"],"articleSection":["National"],"inLanguage":"fr-FR"},{"@type":"WebPage","@id":"https:\/\/www.webdo.tn\/fr\/actualite\/national\/la-berd-va-renforcer-ses-activites-en-tunisie\/206360\/","url":"https:\/\/www.webdo.tn\/fr\/actualite\/national\/la-berd-va-renforcer-ses-activites-en-tunisie\/206360\/","name":"La BERD va renforcer ses activit\u00e9s en Tunisie","isPartOf":{"@id":"https:\/\/www.webdo.tn\/fr\/#website"},"primaryImageOfPage":{"@id":"https:\/\/www.webdo.tn\/fr\/actualite\/national\/la-berd-va-renforcer-ses-activites-en-tunisie\/206360\/#primaryimage"},"image":{"@id":"https:\/\/www.webdo.tn\/fr\/actualite\/national\/la-berd-va-renforcer-ses-activites-en-tunisie\/206360\/#primaryimage"},"thumbnailUrl":"https:\/\/www.webdo.tn\/fr\/wp-content\/uploads\/2023\/06\/f4f2244b8e432c67bdd41a3cbdd59af0.jpg","datePublished":"2023-06-06T08:26:00+00:00","dateModified":"2025-05-20T22:50:33+00:00","description":"La cheffe du gouvernement, Najla Bouden Romdhane, a re\u00e7u hier lundi 5 juin 2023, une d\u00e9l\u00e9gation de la Banque europ\u00e9enne pour la reconstruction et le d\u00e9veloppeme...","breadcrumb":{"@id":"https:\/\/www.webdo.tn\/fr\/actualite\/national\/la-berd-va-renforcer-ses-activites-en-tunisie\/206360\/#breadcrumb"},"inLanguage":"fr-FR","potentialAction":[{"@type":"ReadAction","target":["https:\/\/www.webdo.tn\/fr\/actualite\/national\/la-berd-va-renforcer-ses-activites-en-tunisie\/206360\/"]}]},{"@type":"ImageObject","inLanguage":"fr-FR","@id":"https:\/\/www.webdo.tn\/fr\/actualite\/national\/la-berd-va-renforcer-ses-activites-en-tunisie\/206360\/#primaryimage","url":"https:\/\/www.webdo.tn\/fr\/wp-content\/uploads\/2023\/06\/f4f2244b8e432c67bdd41a3cbdd59af0.jpg","contentUrl":"https:\/\/www.webdo.tn\/fr\/wp-content\/uploads\/2023\/06\/f4f2244b8e432c67bdd41a3cbdd59af0.jpg","width":750,"height":400,"caption":"La BERD va renforcer ses activit\u00e9s en Tunisie"},{"@type":"BreadcrumbList","@id":"https:\/\/www.webdo.tn\/fr\/actualite\/national\/la-berd-va-renforcer-ses-activites-en-tunisie\/206360\/#breadcrumb","itemListElement":[{"@type":"ListItem","position":1,"name":"Accueil","item":"https:\/\/www.webdo.tn\/fr\/"},{"@type":"ListItem","position":2,"name":"La BERD va renforcer ses activit\u00e9s en Tunisie"}]},{"@type":"WebSite","@id":"https:\/\/www.webdo.tn\/fr\/#website","url":"https:\/\/www.webdo.tn\/fr\/","name":"webdo","description":"Tunisie - News en Tunisie et \u00e0 l&#039;international sur Webdo.tn","publisher":{"@id":"https:\/\/www.webdo.tn\/fr\/#organization"},"potentialAction":[{"@type":"SearchAction","target":{"@type":"EntryPoint","urlTemplate":"https:\/\/www.webdo.tn\/fr\/?s={search_term_string}"},"query-input":{"@type":"PropertyValueSpecification","valueRequired":true,"valueName":"search_term_string"}}],"inLanguage":"fr-FR"},{"@type":"Organization","@id":"https:\/\/www.webdo.tn\/fr\/#organization","name":"Webdo","alternateName":"Webdo.tn","url":"https:\/\/www.webdo.tn\/fr\/","logo":{"@type":"ImageObject","inLanguage":"fr-FR","@id":"https:\/\/www.webdo.tn\/fr\/#\/schema\/logo\/image\/","url":"https:\/\/www.webdo.tn\/fr\/wp-content\/uploads\/2025\/06\/Webdo-Tunisie_168377.jpg","contentUrl":"https:\/\/www.webdo.tn\/fr\/wp-content\/uploads\/2025\/06\/Webdo-Tunisie_168377.jpg","width":301,"height":301,"caption":"Webdo"},"image":{"@id":"https:\/\/www.webdo.tn\/fr\/#\/schema\/logo\/image\/"},"sameAs":["https:\/\/www.facebook.com\/webdotn","https:\/\/x.com\/webdo_tn"],"description":"Webdo est un m\u00e9dia num\u00e9rique tunisien fond\u00e9 en 2010, sp\u00e9cialis\u00e9 dans l\u2019actualit\u00e9 nationale et internationale, l\u2019\u00e9conomie, la soci\u00e9t\u00e9 et les analyses politiques. Le site s\u2019adresse \u00e0 un large public francophone et couvre l\u2019information tunisienne en temps r\u00e9el.","email":"redac@webdo.tn","legalName":"YNJ SARL","foundingDate":"2010-09-06","numberOfEmployees":{"@type":"QuantitativeValue","minValue":"11","maxValue":"50"}},{"@type":"Person","@id":"https:\/\/www.webdo.tn\/fr\/#\/schema\/person\/f35b42a42c5e2511bbd282959d6385cc","name":"CL","image":{"@type":"ImageObject","inLanguage":"fr-FR","@id":"https:\/\/secure.gravatar.com\/avatar\/1447a49909b67aa657c488aec6512e1dd6143a480c1ecfee9b5b5cd74eb3b59e?s=96&d=mm&r=g","url":"https:\/\/secure.gravatar.com\/avatar\/1447a49909b67aa657c488aec6512e1dd6143a480c1ecfee9b5b5cd74eb3b59e?s=96&d=mm&r=g","contentUrl":"https:\/\/secure.gravatar.com\/avatar\/1447a49909b67aa657c488aec6512e1dd6143a480c1ecfee9b5b5cd74eb3b59e?s=96&d=mm&r=g","caption":"CL"},"url":"https:\/\/www.webdo.tn\/fr\/actualite\/author\/cl\/"}]}},"_links":{"self":[{"href":"https:\/\/www.webdo.tn\/fr\/wp-json\/wp\/v2\/posts\/206360","targetHints":{"allow":["GET"]}}],"collection":[{"href":"https:\/\/www.webdo.tn\/fr\/wp-json\/wp\/v2\/posts"}],"about":[{"href":"https:\/\/www.webdo.tn\/fr\/wp-json\/wp\/v2\/types\/post"}],"author":[{"embeddable":true,"href":"https:\/\/www.webdo.tn\/fr\/wp-json\/wp\/v2\/users\/3175"}],"replies":[{"embeddable":true,"href":"https:\/\/www.webdo.tn\/fr\/wp-json\/wp\/v2\/comments?post=206360"}],"version-history":[{"count":0,"href":"https:\/\/www.webdo.tn\/fr\/wp-json\/wp\/v2\/posts\/206360\/revisions"}],"wp:featuredmedia":[{"embeddable":true,"href":"https:\/\/www.webdo.tn\/fr\/wp-json\/wp\/v2\/media\/278286"}],"wp:attachment":[{"href":"https:\/\/www.webdo.tn\/fr\/wp-json\/wp\/v2\/media?parent=206360"}],"wp:term":[{"taxonomy":"category","embeddable":true,"href":"https:\/\/www.webdo.tn\/fr\/wp-json\/wp\/v2\/categories?post=206360"},{"taxonomy":"post_tag","embeddable":true,"href":"https:\/\/www.webdo.tn\/fr\/wp-json\/wp\/v2\/tags?post=206360"}],"curies":[{"name":"wp","href":"https:\/\/api.w.org\/{rel}","templated":true}]}}