{"id":206359,"date":"2023-06-06T08:06:00","date_gmt":"2023-06-06T08:06:00","guid":{"rendered":"https:\/\/www.webdo.tn\/fr\/blog\/l-amt-tient-l-executif-pour-responsable-de-la-securite-physique-des-magistrats\/206359\/"},"modified":"2025-05-20T22:50:32","modified_gmt":"2025-05-20T22:50:32","slug":"l-amt-tient-l-executif-pour-responsable-de-la-securite-physique-des-magistrats","status":"publish","type":"post","link":"https:\/\/www.webdo.tn\/fr\/actualite\/national\/l-amt-tient-l-executif-pour-responsable-de-la-securite-physique-des-magistrats\/206359\/","title":{"rendered":"L&rsquo;AMT tient l\u2019Ex\u00e9cutif pour responsable de la s\u00e9curit\u00e9 physique des magistrats"},"content":{"rendered":"<p>Le bureau ex\u00e9cutif de l&rsquo;Association des magistrats tunisiens (AMT) a tenu l&rsquo;Ex\u00e9cutif pour responsable de la s\u00e9curit\u00e9 personnelle des magistrats et de leurs familles, sur fond d&rsquo;une s\u00e9rie de propos tenus par un animateur d&rsquo;une cha\u00eene priv\u00e9e et une avocate ainsi que des publications fielleuses ciblant le pr\u00e9sident de l&rsquo;Association.<\/p>\n<p>\t\t\t\t\t\t\t\t\tDans une d\u00e9claration publi\u00e9e, lundi, le Bureau ex\u00e9cutif s&rsquo;est dit \u00eatre \u00a0\u00bb r\u00e9solu \u00e0 poursuivre p\u00e9nalement ces colporteurs de campagne et \u00e0 prendre toutes les mesures n\u00e9cessaires \u00e0 cet effet \u00ab\u00a0, pressant le parquet \u00e0 assumer sa pleine et enti\u00e8re responsabilit\u00e9 dans le traitement des plaintes d\u00e9pos\u00e9es depuis novembre 2021 contre les semeurs de la haine contre les magistrats.<\/p>\n<p>Toujours selon la m\u00eame d\u00e9claration, le bureau a d\u00e9nonc\u00e9 la politique de la sourde oreille emprunt\u00e9e par le pouvoir face \u00e0 ces agissements commis \u00a0\u00bb au vu et au su \u00a0\u00bb de la ministre de la Justice par des personnes et des pages revendiquant leur affinit\u00e9 au pr\u00e9sident de la R\u00e9publique.<\/p>\n<p>L&rsquo;AMT rappelle en outre que la mont\u00e9e en puissance de cette rh\u00e9torique de haine et de diffamation contre les magistrats a co\u00efncid\u00e9 avec l&rsquo;organisation d&rsquo;une manifestation de protestation \u00e0 l&rsquo;occasion du premier anniversaire de la r\u00e9vocation par d\u00e9cret pr\u00e9sidentiel, de 57 magistrats.<\/p>\n","protected":false},"excerpt":{"rendered":"<p>Le bureau ex\u00e9cutif de l&rsquo;Association des magistrats tunisiens (AMT) a tenu l&rsquo;Ex\u00e9cutif pour responsable de la s\u00e9curit\u00e9 personnelle des magistrats et de leurs fami&#8230;<\/p>\n","protected":false},"author":3175,"featured_media":278280,"comment_status":"open","ping_status":"closed","sticky":false,"template":"","format":"standard","meta":{"footnotes":""},"categories":[44],"tags":[7916,2608],"class_list":["post-206359","post","type-post","status-publish","format-standard","has-post-thumbnail","hentry","category-national","tag-magistrats","tag-tunisie"],"yoast_head":"<!-- This site is optimized with the Yoast SEO Premium plugin v27.5 (Yoast SEO v27.5) - https:\/\/yoast.com\/product\/yoast-seo-premium-wordpress\/ -->\n<title>L&#039;AMT tient l\u2019Ex\u00e9cutif pour responsable de la s\u00e9curit\u00e9 physique des magistrats<\/title>\n<meta name=\"description\" content=\"Le bureau ex\u00e9cutif de l&#039;Association des magistrats tunisiens (AMT) a tenu l&#039;Ex\u00e9cutif pour responsable de la s\u00e9curit\u00e9 personnelle des magistrats et de leurs fami...\" \/>\n<link rel=\"canonical\" href=\"https:\/\/www.webdo.tn\/fr\/actualite\/national\/l-amt-tient-l-executif-pour-responsable-de-la-securite-physique-des-magistrats\/206359\/\" \/>\n<meta property=\"og:locale\" content=\"fr_FR\" \/>\n<meta property=\"og:type\" content=\"article\" \/>\n<meta property=\"og:title\" content=\"L&#039;AMT tient l\u2019Ex\u00e9cutif pour responsable de la s\u00e9curit\u00e9 physique des magistrats\" \/>\n<meta property=\"og:description\" content=\"Le bureau ex\u00e9cutif de l&#039;Association des magistrats tunisiens (AMT) a tenu l&#039;Ex\u00e9cutif pour responsable de la s\u00e9curit\u00e9 personnelle des magistrats et de leurs fami...\" \/>\n<meta property=\"og:url\" content=\"https:\/\/www.webdo.tn\/fr\/actualite\/national\/l-amt-tient-l-executif-pour-responsable-de-la-securite-physique-des-magistrats\/206359\/\" \/>\n<meta property=\"og:site_name\" content=\"webdo\" \/>\n<meta property=\"article:publisher\" content=\"https:\/\/www.facebook.com\/webdotn\" \/>\n<meta property=\"article:published_time\" content=\"2023-06-06T08:06:00+00:00\" \/>\n<meta property=\"article:modified_time\" content=\"2025-05-20T22:50:32+00:00\" \/>\n<meta property=\"og:image\" content=\"https:\/\/www.webdo.tn\/fr\/wp-content\/uploads\/2023\/06\/f7c696270225158d08bedcd17704af32.jpg\" \/>\n\t<meta property=\"og:image:width\" content=\"750\" \/>\n\t<meta property=\"og:image:height\" content=\"400\" \/>\n\t<meta property=\"og:image:type\" content=\"image\/jpeg\" \/>\n<meta name=\"author\" content=\"CL\" \/>\n<meta name=\"twitter:card\" content=\"summary_large_image\" \/>\n<meta name=\"twitter:creator\" content=\"@webdo_tn\" \/>\n<meta name=\"twitter:site\" content=\"@webdo_tn\" \/>\n<meta name=\"twitter:label1\" content=\"\u00c9crit par\" \/>\n\t<meta name=\"twitter:data1\" content=\"CL\" \/>\n\t<meta name=\"twitter:label2\" content=\"Dur\u00e9e de lecture estim\u00e9e\" \/>\n\t<meta name=\"twitter:data2\" content=\"1 minute\" \/>\n<script type=\"application\/ld+json\" class=\"yoast-schema-graph\">{\"@context\":\"https:\\\/\\\/schema.org\",\"@graph\":[{\"@type\":\"NewsArticle\",\"@id\":\"https:\\\/\\\/www.webdo.tn\\\/fr\\\/actualite\\\/national\\\/l-amt-tient-l-executif-pour-responsable-de-la-securite-physique-des-magistrats\\\/206359\\\/#article\",\"isPartOf\":{\"@id\":\"https:\\\/\\\/www.webdo.tn\\\/fr\\\/actualite\\\/national\\\/l-amt-tient-l-executif-pour-responsable-de-la-securite-physique-des-magistrats\\\/206359\\\/\"},\"author\":{\"name\":\"CL\",\"@id\":\"https:\\\/\\\/www.webdo.tn\\\/fr\\\/#\\\/schema\\\/person\\\/f35b42a42c5e2511bbd282959d6385cc\"},\"headline\":\"L&rsquo;AMT tient l\u2019Ex\u00e9cutif pour responsable de la s\u00e9curit\u00e9 physique des magistrats\",\"datePublished\":\"2023-06-06T08:06:00+00:00\",\"dateModified\":\"2025-05-20T22:50:32+00:00\",\"mainEntityOfPage\":{\"@id\":\"https:\\\/\\\/www.webdo.tn\\\/fr\\\/actualite\\\/national\\\/l-amt-tient-l-executif-pour-responsable-de-la-securite-physique-des-magistrats\\\/206359\\\/\"},\"wordCount\":243,\"commentCount\":0,\"publisher\":{\"@id\":\"https:\\\/\\\/www.webdo.tn\\\/fr\\\/#organization\"},\"image\":{\"@id\":\"https:\\\/\\\/www.webdo.tn\\\/fr\\\/actualite\\\/national\\\/l-amt-tient-l-executif-pour-responsable-de-la-securite-physique-des-magistrats\\\/206359\\\/#primaryimage\"},\"thumbnailUrl\":\"https:\\\/\\\/www.webdo.tn\\\/fr\\\/wp-content\\\/uploads\\\/2023\\\/06\\\/f7c696270225158d08bedcd17704af32.jpg\",\"keywords\":[\"magistrats\",\"Tunisie\"],\"articleSection\":[\"National\"],\"inLanguage\":\"fr-FR\"},{\"@type\":\"WebPage\",\"@id\":\"https:\\\/\\\/www.webdo.tn\\\/fr\\\/actualite\\\/national\\\/l-amt-tient-l-executif-pour-responsable-de-la-securite-physique-des-magistrats\\\/206359\\\/\",\"url\":\"https:\\\/\\\/www.webdo.tn\\\/fr\\\/actualite\\\/national\\\/l-amt-tient-l-executif-pour-responsable-de-la-securite-physique-des-magistrats\\\/206359\\\/\",\"name\":\"L'AMT tient l\u2019Ex\u00e9cutif pour responsable de la s\u00e9curit\u00e9 physique des magistrats\",\"isPartOf\":{\"@id\":\"https:\\\/\\\/www.webdo.tn\\\/fr\\\/#website\"},\"primaryImageOfPage\":{\"@id\":\"https:\\\/\\\/www.webdo.tn\\\/fr\\\/actualite\\\/national\\\/l-amt-tient-l-executif-pour-responsable-de-la-securite-physique-des-magistrats\\\/206359\\\/#primaryimage\"},\"image\":{\"@id\":\"https:\\\/\\\/www.webdo.tn\\\/fr\\\/actualite\\\/national\\\/l-amt-tient-l-executif-pour-responsable-de-la-securite-physique-des-magistrats\\\/206359\\\/#primaryimage\"},\"thumbnailUrl\":\"https:\\\/\\\/www.webdo.tn\\\/fr\\\/wp-content\\\/uploads\\\/2023\\\/06\\\/f7c696270225158d08bedcd17704af32.jpg\",\"datePublished\":\"2023-06-06T08:06:00+00:00\",\"dateModified\":\"2025-05-20T22:50:32+00:00\",\"description\":\"Le bureau ex\u00e9cutif de l'Association des magistrats tunisiens (AMT) a tenu l'Ex\u00e9cutif pour responsable de la s\u00e9curit\u00e9 personnelle des magistrats et de leurs fami...\",\"breadcrumb\":{\"@id\":\"https:\\\/\\\/www.webdo.tn\\\/fr\\\/actualite\\\/national\\\/l-amt-tient-l-executif-pour-responsable-de-la-securite-physique-des-magistrats\\\/206359\\\/#breadcrumb\"},\"inLanguage\":\"fr-FR\",\"potentialAction\":[{\"@type\":\"ReadAction\",\"target\":[\"https:\\\/\\\/www.webdo.tn\\\/fr\\\/actualite\\\/national\\\/l-amt-tient-l-executif-pour-responsable-de-la-securite-physique-des-magistrats\\\/206359\\\/\"]}]},{\"@type\":\"ImageObject\",\"inLanguage\":\"fr-FR\",\"@id\":\"https:\\\/\\\/www.webdo.tn\\\/fr\\\/actualite\\\/national\\\/l-amt-tient-l-executif-pour-responsable-de-la-securite-physique-des-magistrats\\\/206359\\\/#primaryimage\",\"url\":\"https:\\\/\\\/www.webdo.tn\\\/fr\\\/wp-content\\\/uploads\\\/2023\\\/06\\\/f7c696270225158d08bedcd17704af32.jpg\",\"contentUrl\":\"https:\\\/\\\/www.webdo.tn\\\/fr\\\/wp-content\\\/uploads\\\/2023\\\/06\\\/f7c696270225158d08bedcd17704af32.jpg\",\"width\":750,\"height\":400,\"caption\":\"L'AMT tient l\u2019Ex\u00e9cutif pour responsable de la s\u00e9curit\u00e9 physique des magistrats\"},{\"@type\":\"BreadcrumbList\",\"@id\":\"https:\\\/\\\/www.webdo.tn\\\/fr\\\/actualite\\\/national\\\/l-amt-tient-l-executif-pour-responsable-de-la-securite-physique-des-magistrats\\\/206359\\\/#breadcrumb\",\"itemListElement\":[{\"@type\":\"ListItem\",\"position\":1,\"name\":\"Accueil\",\"item\":\"https:\\\/\\\/www.webdo.tn\\\/fr\\\/\"},{\"@type\":\"ListItem\",\"position\":2,\"name\":\"L&rsquo;AMT tient l\u2019Ex\u00e9cutif pour responsable de la s\u00e9curit\u00e9 physique des magistrats\"}]},{\"@type\":\"WebSite\",\"@id\":\"https:\\\/\\\/www.webdo.tn\\\/fr\\\/#website\",\"url\":\"https:\\\/\\\/www.webdo.tn\\\/fr\\\/\",\"name\":\"webdo\",\"description\":\"Tunisie - News en Tunisie et \u00e0 l&#039;international sur Webdo.tn\",\"publisher\":{\"@id\":\"https:\\\/\\\/www.webdo.tn\\\/fr\\\/#organization\"},\"potentialAction\":[{\"@type\":\"SearchAction\",\"target\":{\"@type\":\"EntryPoint\",\"urlTemplate\":\"https:\\\/\\\/www.webdo.tn\\\/fr\\\/?s={search_term_string}\"},\"query-input\":{\"@type\":\"PropertyValueSpecification\",\"valueRequired\":true,\"valueName\":\"search_term_string\"}}],\"inLanguage\":\"fr-FR\"},{\"@type\":\"Organization\",\"@id\":\"https:\\\/\\\/www.webdo.tn\\\/fr\\\/#organization\",\"name\":\"Webdo\",\"alternateName\":\"Webdo.tn\",\"url\":\"https:\\\/\\\/www.webdo.tn\\\/fr\\\/\",\"logo\":{\"@type\":\"ImageObject\",\"inLanguage\":\"fr-FR\",\"@id\":\"https:\\\/\\\/www.webdo.tn\\\/fr\\\/#\\\/schema\\\/logo\\\/image\\\/\",\"url\":\"https:\\\/\\\/www.webdo.tn\\\/fr\\\/wp-content\\\/uploads\\\/2025\\\/06\\\/Webdo-Tunisie_168377.jpg\",\"contentUrl\":\"https:\\\/\\\/www.webdo.tn\\\/fr\\\/wp-content\\\/uploads\\\/2025\\\/06\\\/Webdo-Tunisie_168377.jpg\",\"width\":301,\"height\":301,\"caption\":\"Webdo\"},\"image\":{\"@id\":\"https:\\\/\\\/www.webdo.tn\\\/fr\\\/#\\\/schema\\\/logo\\\/image\\\/\"},\"sameAs\":[\"https:\\\/\\\/www.facebook.com\\\/webdotn\",\"https:\\\/\\\/x.com\\\/webdo_tn\"],\"description\":\"Webdo est un m\u00e9dia num\u00e9rique tunisien fond\u00e9 en 2010, sp\u00e9cialis\u00e9 dans l\u2019actualit\u00e9 nationale et internationale, l\u2019\u00e9conomie, la soci\u00e9t\u00e9 et les analyses politiques. Le site s\u2019adresse \u00e0 un large public francophone et couvre l\u2019information tunisienne en temps r\u00e9el.\",\"email\":\"redac@webdo.tn\",\"legalName\":\"YNJ SARL\",\"foundingDate\":\"2010-09-06\",\"numberOfEmployees\":{\"@type\":\"QuantitativeValue\",\"minValue\":\"11\",\"maxValue\":\"50\"}},{\"@type\":\"Person\",\"@id\":\"https:\\\/\\\/www.webdo.tn\\\/fr\\\/#\\\/schema\\\/person\\\/f35b42a42c5e2511bbd282959d6385cc\",\"name\":\"CL\",\"image\":{\"@type\":\"ImageObject\",\"inLanguage\":\"fr-FR\",\"@id\":\"https:\\\/\\\/secure.gravatar.com\\\/avatar\\\/1447a49909b67aa657c488aec6512e1dd6143a480c1ecfee9b5b5cd74eb3b59e?s=96&d=mm&r=g\",\"url\":\"https:\\\/\\\/secure.gravatar.com\\\/avatar\\\/1447a49909b67aa657c488aec6512e1dd6143a480c1ecfee9b5b5cd74eb3b59e?s=96&d=mm&r=g\",\"contentUrl\":\"https:\\\/\\\/secure.gravatar.com\\\/avatar\\\/1447a49909b67aa657c488aec6512e1dd6143a480c1ecfee9b5b5cd74eb3b59e?s=96&d=mm&r=g\",\"caption\":\"CL\"},\"url\":\"https:\\\/\\\/www.webdo.tn\\\/fr\\\/actualite\\\/author\\\/cl\\\/\"}]}<\/script>\n<!-- \/ Yoast SEO Premium plugin. -->","yoast_head_json":{"title":"L'AMT tient l\u2019Ex\u00e9cutif pour responsable de la s\u00e9curit\u00e9 physique des magistrats","description":"Le bureau ex\u00e9cutif de l'Association des magistrats tunisiens (AMT) a tenu l'Ex\u00e9cutif pour responsable de la s\u00e9curit\u00e9 personnelle des magistrats et de leurs fami...","canonical":"https:\/\/www.webdo.tn\/fr\/actualite\/national\/l-amt-tient-l-executif-pour-responsable-de-la-securite-physique-des-magistrats\/206359\/","og_locale":"fr_FR","og_type":"article","og_title":"L'AMT tient l\u2019Ex\u00e9cutif pour responsable de la s\u00e9curit\u00e9 physique des magistrats","og_description":"Le bureau ex\u00e9cutif de l'Association des magistrats tunisiens (AMT) a tenu l'Ex\u00e9cutif pour responsable de la s\u00e9curit\u00e9 personnelle des magistrats et de leurs fami...","og_url":"https:\/\/www.webdo.tn\/fr\/actualite\/national\/l-amt-tient-l-executif-pour-responsable-de-la-securite-physique-des-magistrats\/206359\/","og_site_name":"webdo","article_publisher":"https:\/\/www.facebook.com\/webdotn","article_published_time":"2023-06-06T08:06:00+00:00","article_modified_time":"2025-05-20T22:50:32+00:00","og_image":[{"width":750,"height":400,"url":"https:\/\/www.webdo.tn\/fr\/wp-content\/uploads\/2023\/06\/f7c696270225158d08bedcd17704af32.jpg","type":"image\/jpeg"}],"author":"CL","twitter_card":"summary_large_image","twitter_creator":"@webdo_tn","twitter_site":"@webdo_tn","twitter_misc":{"\u00c9crit par":"CL","Dur\u00e9e de lecture estim\u00e9e":"1 minute"},"schema":{"@context":"https:\/\/schema.org","@graph":[{"@type":"NewsArticle","@id":"https:\/\/www.webdo.tn\/fr\/actualite\/national\/l-amt-tient-l-executif-pour-responsable-de-la-securite-physique-des-magistrats\/206359\/#article","isPartOf":{"@id":"https:\/\/www.webdo.tn\/fr\/actualite\/national\/l-amt-tient-l-executif-pour-responsable-de-la-securite-physique-des-magistrats\/206359\/"},"author":{"name":"CL","@id":"https:\/\/www.webdo.tn\/fr\/#\/schema\/person\/f35b42a42c5e2511bbd282959d6385cc"},"headline":"L&rsquo;AMT tient l\u2019Ex\u00e9cutif pour responsable de la s\u00e9curit\u00e9 physique des magistrats","datePublished":"2023-06-06T08:06:00+00:00","dateModified":"2025-05-20T22:50:32+00:00","mainEntityOfPage":{"@id":"https:\/\/www.webdo.tn\/fr\/actualite\/national\/l-amt-tient-l-executif-pour-responsable-de-la-securite-physique-des-magistrats\/206359\/"},"wordCount":243,"commentCount":0,"publisher":{"@id":"https:\/\/www.webdo.tn\/fr\/#organization"},"image":{"@id":"https:\/\/www.webdo.tn\/fr\/actualite\/national\/l-amt-tient-l-executif-pour-responsable-de-la-securite-physique-des-magistrats\/206359\/#primaryimage"},"thumbnailUrl":"https:\/\/www.webdo.tn\/fr\/wp-content\/uploads\/2023\/06\/f7c696270225158d08bedcd17704af32.jpg","keywords":["magistrats","Tunisie"],"articleSection":["National"],"inLanguage":"fr-FR"},{"@type":"WebPage","@id":"https:\/\/www.webdo.tn\/fr\/actualite\/national\/l-amt-tient-l-executif-pour-responsable-de-la-securite-physique-des-magistrats\/206359\/","url":"https:\/\/www.webdo.tn\/fr\/actualite\/national\/l-amt-tient-l-executif-pour-responsable-de-la-securite-physique-des-magistrats\/206359\/","name":"L'AMT tient l\u2019Ex\u00e9cutif pour responsable de la s\u00e9curit\u00e9 physique des magistrats","isPartOf":{"@id":"https:\/\/www.webdo.tn\/fr\/#website"},"primaryImageOfPage":{"@id":"https:\/\/www.webdo.tn\/fr\/actualite\/national\/l-amt-tient-l-executif-pour-responsable-de-la-securite-physique-des-magistrats\/206359\/#primaryimage"},"image":{"@id":"https:\/\/www.webdo.tn\/fr\/actualite\/national\/l-amt-tient-l-executif-pour-responsable-de-la-securite-physique-des-magistrats\/206359\/#primaryimage"},"thumbnailUrl":"https:\/\/www.webdo.tn\/fr\/wp-content\/uploads\/2023\/06\/f7c696270225158d08bedcd17704af32.jpg","datePublished":"2023-06-06T08:06:00+00:00","dateModified":"2025-05-20T22:50:32+00:00","description":"Le bureau ex\u00e9cutif de l'Association des magistrats tunisiens (AMT) a tenu l'Ex\u00e9cutif pour responsable de la s\u00e9curit\u00e9 personnelle des magistrats et de leurs fami...","breadcrumb":{"@id":"https:\/\/www.webdo.tn\/fr\/actualite\/national\/l-amt-tient-l-executif-pour-responsable-de-la-securite-physique-des-magistrats\/206359\/#breadcrumb"},"inLanguage":"fr-FR","potentialAction":[{"@type":"ReadAction","target":["https:\/\/www.webdo.tn\/fr\/actualite\/national\/l-amt-tient-l-executif-pour-responsable-de-la-securite-physique-des-magistrats\/206359\/"]}]},{"@type":"ImageObject","inLanguage":"fr-FR","@id":"https:\/\/www.webdo.tn\/fr\/actualite\/national\/l-amt-tient-l-executif-pour-responsable-de-la-securite-physique-des-magistrats\/206359\/#primaryimage","url":"https:\/\/www.webdo.tn\/fr\/wp-content\/uploads\/2023\/06\/f7c696270225158d08bedcd17704af32.jpg","contentUrl":"https:\/\/www.webdo.tn\/fr\/wp-content\/uploads\/2023\/06\/f7c696270225158d08bedcd17704af32.jpg","width":750,"height":400,"caption":"L'AMT tient l\u2019Ex\u00e9cutif pour responsable de la s\u00e9curit\u00e9 physique des magistrats"},{"@type":"BreadcrumbList","@id":"https:\/\/www.webdo.tn\/fr\/actualite\/national\/l-amt-tient-l-executif-pour-responsable-de-la-securite-physique-des-magistrats\/206359\/#breadcrumb","itemListElement":[{"@type":"ListItem","position":1,"name":"Accueil","item":"https:\/\/www.webdo.tn\/fr\/"},{"@type":"ListItem","position":2,"name":"L&rsquo;AMT tient l\u2019Ex\u00e9cutif pour responsable de la s\u00e9curit\u00e9 physique des magistrats"}]},{"@type":"WebSite","@id":"https:\/\/www.webdo.tn\/fr\/#website","url":"https:\/\/www.webdo.tn\/fr\/","name":"webdo","description":"Tunisie - News en Tunisie et \u00e0 l&#039;international sur Webdo.tn","publisher":{"@id":"https:\/\/www.webdo.tn\/fr\/#organization"},"potentialAction":[{"@type":"SearchAction","target":{"@type":"EntryPoint","urlTemplate":"https:\/\/www.webdo.tn\/fr\/?s={search_term_string}"},"query-input":{"@type":"PropertyValueSpecification","valueRequired":true,"valueName":"search_term_string"}}],"inLanguage":"fr-FR"},{"@type":"Organization","@id":"https:\/\/www.webdo.tn\/fr\/#organization","name":"Webdo","alternateName":"Webdo.tn","url":"https:\/\/www.webdo.tn\/fr\/","logo":{"@type":"ImageObject","inLanguage":"fr-FR","@id":"https:\/\/www.webdo.tn\/fr\/#\/schema\/logo\/image\/","url":"https:\/\/www.webdo.tn\/fr\/wp-content\/uploads\/2025\/06\/Webdo-Tunisie_168377.jpg","contentUrl":"https:\/\/www.webdo.tn\/fr\/wp-content\/uploads\/2025\/06\/Webdo-Tunisie_168377.jpg","width":301,"height":301,"caption":"Webdo"},"image":{"@id":"https:\/\/www.webdo.tn\/fr\/#\/schema\/logo\/image\/"},"sameAs":["https:\/\/www.facebook.com\/webdotn","https:\/\/x.com\/webdo_tn"],"description":"Webdo est un m\u00e9dia num\u00e9rique tunisien fond\u00e9 en 2010, sp\u00e9cialis\u00e9 dans l\u2019actualit\u00e9 nationale et internationale, l\u2019\u00e9conomie, la soci\u00e9t\u00e9 et les analyses politiques. Le site s\u2019adresse \u00e0 un large public francophone et couvre l\u2019information tunisienne en temps r\u00e9el.","email":"redac@webdo.tn","legalName":"YNJ SARL","foundingDate":"2010-09-06","numberOfEmployees":{"@type":"QuantitativeValue","minValue":"11","maxValue":"50"}},{"@type":"Person","@id":"https:\/\/www.webdo.tn\/fr\/#\/schema\/person\/f35b42a42c5e2511bbd282959d6385cc","name":"CL","image":{"@type":"ImageObject","inLanguage":"fr-FR","@id":"https:\/\/secure.gravatar.com\/avatar\/1447a49909b67aa657c488aec6512e1dd6143a480c1ecfee9b5b5cd74eb3b59e?s=96&d=mm&r=g","url":"https:\/\/secure.gravatar.com\/avatar\/1447a49909b67aa657c488aec6512e1dd6143a480c1ecfee9b5b5cd74eb3b59e?s=96&d=mm&r=g","contentUrl":"https:\/\/secure.gravatar.com\/avatar\/1447a49909b67aa657c488aec6512e1dd6143a480c1ecfee9b5b5cd74eb3b59e?s=96&d=mm&r=g","caption":"CL"},"url":"https:\/\/www.webdo.tn\/fr\/actualite\/author\/cl\/"}]}},"_links":{"self":[{"href":"https:\/\/www.webdo.tn\/fr\/wp-json\/wp\/v2\/posts\/206359","targetHints":{"allow":["GET"]}}],"collection":[{"href":"https:\/\/www.webdo.tn\/fr\/wp-json\/wp\/v2\/posts"}],"about":[{"href":"https:\/\/www.webdo.tn\/fr\/wp-json\/wp\/v2\/types\/post"}],"author":[{"embeddable":true,"href":"https:\/\/www.webdo.tn\/fr\/wp-json\/wp\/v2\/users\/3175"}],"replies":[{"embeddable":true,"href":"https:\/\/www.webdo.tn\/fr\/wp-json\/wp\/v2\/comments?post=206359"}],"version-history":[{"count":0,"href":"https:\/\/www.webdo.tn\/fr\/wp-json\/wp\/v2\/posts\/206359\/revisions"}],"wp:featuredmedia":[{"embeddable":true,"href":"https:\/\/www.webdo.tn\/fr\/wp-json\/wp\/v2\/media\/278280"}],"wp:attachment":[{"href":"https:\/\/www.webdo.tn\/fr\/wp-json\/wp\/v2\/media?parent=206359"}],"wp:term":[{"taxonomy":"category","embeddable":true,"href":"https:\/\/www.webdo.tn\/fr\/wp-json\/wp\/v2\/categories?post=206359"},{"taxonomy":"post_tag","embeddable":true,"href":"https:\/\/www.webdo.tn\/fr\/wp-json\/wp\/v2\/tags?post=206359"}],"curies":[{"name":"wp","href":"https:\/\/api.w.org\/{rel}","templated":true}]}}