{"id":206342,"date":"2023-06-05T15:01:00","date_gmt":"2023-06-05T15:01:00","guid":{"rendered":"https:\/\/www.webdo.tn\/fr\/blog\/baisse-du-taux-d-inflation-a-9-6\/206342\/"},"modified":"2025-05-20T21:59:13","modified_gmt":"2025-05-20T21:59:13","slug":"baisse-du-taux-d-inflation-a-9-6","status":"publish","type":"post","link":"https:\/\/www.webdo.tn\/fr\/actualite\/national\/baisse-du-taux-d-inflation-a-9-6\/206342\/","title":{"rendered":"Baisse du taux d\u2019inflation \u00e0 9,6%"},"content":{"rendered":"<p>Le taux d&rsquo;inflation a r\u00e9gress\u00e9 \u00e0 9,6%, au mois de mai 2023, contre 10,1% en avril, a annonc\u00e9 ce lundi 5 juin 2023, l&rsquo;Institut National de la Statistique (INS).<\/p>\n<p>\t\t\t\t\t\t\t\t\tCe recul, malgr\u00e9 la hausse mensuelle, est d\u00fb \u00e0 la d\u00e9c\u00e9l\u00e9ration du rythme d&rsquo;augmentation des prix entre mai et avril 2023 compar\u00e9e \u00e0 la m\u00eame p\u00e9riode de l&rsquo;ann\u00e9e derni\u00e8re, explique l&rsquo;INS.<\/p>\n<p>C\u2019est le troisi\u00e8me mois cons\u00e9cutif que le taux d\u2019inflation enregistre une baisse, passant de 10,4% en mars 2023 \u00e0 10,3% en avril et 10,1% en mai dernier.<\/p>\n<p>Le taux d\u2019inflation continue ainsi de se replier atteignant un niveau inf\u00e9rieur \u00e0 celui de novembre 2022 (9,8%).<\/p>\n","protected":false},"excerpt":{"rendered":"<p>Le taux d&rsquo;inflation a r\u00e9gress\u00e9 \u00e0 9,6%, au mois de mai 2023, contre 10,1% en avril<\/p>\n","protected":false},"author":3162,"featured_media":250967,"comment_status":"open","ping_status":"closed","sticky":false,"template":"","format":"standard","meta":{"footnotes":""},"categories":[44],"tags":[3578,2610,2608],"class_list":["post-206342","post","type-post","status-publish","format-standard","has-post-thumbnail","hentry","category-national","tag-baisse","tag-inflation","tag-tunisie"],"yoast_head":"<!-- This site is optimized with the Yoast SEO Premium plugin v27.5 (Yoast SEO v27.5) - https:\/\/yoast.com\/product\/yoast-seo-premium-wordpress\/ -->\n<title>Baisse du taux d\u2019inflation \u00e0 9,6%<\/title>\n<meta name=\"description\" content=\"Le taux d&#039;inflation a r\u00e9gress\u00e9 \u00e0 9,6%, au mois de mai 2023, contre 10,1% en avril\" \/>\n<link rel=\"canonical\" href=\"https:\/\/www.webdo.tn\/fr\/actualite\/national\/baisse-du-taux-d-inflation-a-9-6\/206342\/\" \/>\n<meta property=\"og:locale\" content=\"fr_FR\" \/>\n<meta property=\"og:type\" content=\"article\" \/>\n<meta property=\"og:title\" content=\"Baisse du taux d\u2019inflation \u00e0 9,6%\" \/>\n<meta property=\"og:description\" content=\"Le taux d&#039;inflation a r\u00e9gress\u00e9 \u00e0 9,6%, au mois de mai 2023, contre 10,1% en avril\" \/>\n<meta property=\"og:url\" content=\"https:\/\/www.webdo.tn\/fr\/actualite\/national\/baisse-du-taux-d-inflation-a-9-6\/206342\/\" \/>\n<meta property=\"og:site_name\" content=\"webdo\" \/>\n<meta property=\"article:publisher\" content=\"https:\/\/www.facebook.com\/webdotn\" \/>\n<meta property=\"article:published_time\" content=\"2023-06-05T15:01:00+00:00\" \/>\n<meta property=\"article:modified_time\" content=\"2025-05-20T21:59:13+00:00\" \/>\n<meta property=\"og:image\" content=\"https:\/\/www.webdo.tn\/fr\/wp-content\/uploads\/2023\/06\/30e80e2680187f86b170e712296d2cfe.jpg\" \/>\n\t<meta property=\"og:image:width\" content=\"665\" \/>\n\t<meta property=\"og:image:height\" content=\"355\" \/>\n\t<meta property=\"og:image:type\" content=\"image\/jpeg\" \/>\n<meta name=\"author\" content=\"MC\" \/>\n<meta name=\"twitter:card\" content=\"summary_large_image\" \/>\n<meta name=\"twitter:creator\" content=\"@webdo_tn\" \/>\n<meta name=\"twitter:site\" content=\"@webdo_tn\" \/>\n<meta name=\"twitter:label1\" content=\"\u00c9crit par\" \/>\n\t<meta name=\"twitter:data1\" content=\"MC\" \/>\n\t<meta name=\"twitter:label2\" content=\"Dur\u00e9e de lecture estim\u00e9e\" \/>\n\t<meta name=\"twitter:data2\" content=\"1 minute\" \/>\n<script type=\"application\/ld+json\" class=\"yoast-schema-graph\">{\"@context\":\"https:\\\/\\\/schema.org\",\"@graph\":[{\"@type\":\"NewsArticle\",\"@id\":\"https:\\\/\\\/www.webdo.tn\\\/fr\\\/actualite\\\/national\\\/baisse-du-taux-d-inflation-a-9-6\\\/206342\\\/#article\",\"isPartOf\":{\"@id\":\"https:\\\/\\\/www.webdo.tn\\\/fr\\\/actualite\\\/national\\\/baisse-du-taux-d-inflation-a-9-6\\\/206342\\\/\"},\"author\":{\"name\":\"MC\",\"@id\":\"https:\\\/\\\/www.webdo.tn\\\/fr\\\/#\\\/schema\\\/person\\\/2c4929cbf5a809e3bd38617c6ce150f6\"},\"headline\":\"Baisse du taux d\u2019inflation \u00e0 9,6%\",\"datePublished\":\"2023-06-05T15:01:00+00:00\",\"dateModified\":\"2025-05-20T21:59:13+00:00\",\"mainEntityOfPage\":{\"@id\":\"https:\\\/\\\/www.webdo.tn\\\/fr\\\/actualite\\\/national\\\/baisse-du-taux-d-inflation-a-9-6\\\/206342\\\/\"},\"wordCount\":113,\"commentCount\":0,\"publisher\":{\"@id\":\"https:\\\/\\\/www.webdo.tn\\\/fr\\\/#organization\"},\"image\":{\"@id\":\"https:\\\/\\\/www.webdo.tn\\\/fr\\\/actualite\\\/national\\\/baisse-du-taux-d-inflation-a-9-6\\\/206342\\\/#primaryimage\"},\"thumbnailUrl\":\"https:\\\/\\\/www.webdo.tn\\\/fr\\\/wp-content\\\/uploads\\\/2023\\\/06\\\/30e80e2680187f86b170e712296d2cfe.jpg\",\"keywords\":[\"baisse\",\"inflation\",\"Tunisie\"],\"articleSection\":[\"National\"],\"inLanguage\":\"fr-FR\"},{\"@type\":\"WebPage\",\"@id\":\"https:\\\/\\\/www.webdo.tn\\\/fr\\\/actualite\\\/national\\\/baisse-du-taux-d-inflation-a-9-6\\\/206342\\\/\",\"url\":\"https:\\\/\\\/www.webdo.tn\\\/fr\\\/actualite\\\/national\\\/baisse-du-taux-d-inflation-a-9-6\\\/206342\\\/\",\"name\":\"Baisse du taux d\u2019inflation \u00e0 9,6%\",\"isPartOf\":{\"@id\":\"https:\\\/\\\/www.webdo.tn\\\/fr\\\/#website\"},\"primaryImageOfPage\":{\"@id\":\"https:\\\/\\\/www.webdo.tn\\\/fr\\\/actualite\\\/national\\\/baisse-du-taux-d-inflation-a-9-6\\\/206342\\\/#primaryimage\"},\"image\":{\"@id\":\"https:\\\/\\\/www.webdo.tn\\\/fr\\\/actualite\\\/national\\\/baisse-du-taux-d-inflation-a-9-6\\\/206342\\\/#primaryimage\"},\"thumbnailUrl\":\"https:\\\/\\\/www.webdo.tn\\\/fr\\\/wp-content\\\/uploads\\\/2023\\\/06\\\/30e80e2680187f86b170e712296d2cfe.jpg\",\"datePublished\":\"2023-06-05T15:01:00+00:00\",\"dateModified\":\"2025-05-20T21:59:13+00:00\",\"description\":\"Le taux d'inflation a r\u00e9gress\u00e9 \u00e0 9,6%, au mois de mai 2023, contre 10,1% en avril\",\"breadcrumb\":{\"@id\":\"https:\\\/\\\/www.webdo.tn\\\/fr\\\/actualite\\\/national\\\/baisse-du-taux-d-inflation-a-9-6\\\/206342\\\/#breadcrumb\"},\"inLanguage\":\"fr-FR\",\"potentialAction\":[{\"@type\":\"ReadAction\",\"target\":[\"https:\\\/\\\/www.webdo.tn\\\/fr\\\/actualite\\\/national\\\/baisse-du-taux-d-inflation-a-9-6\\\/206342\\\/\"]}]},{\"@type\":\"ImageObject\",\"inLanguage\":\"fr-FR\",\"@id\":\"https:\\\/\\\/www.webdo.tn\\\/fr\\\/actualite\\\/national\\\/baisse-du-taux-d-inflation-a-9-6\\\/206342\\\/#primaryimage\",\"url\":\"https:\\\/\\\/www.webdo.tn\\\/fr\\\/wp-content\\\/uploads\\\/2023\\\/06\\\/30e80e2680187f86b170e712296d2cfe.jpg\",\"contentUrl\":\"https:\\\/\\\/www.webdo.tn\\\/fr\\\/wp-content\\\/uploads\\\/2023\\\/06\\\/30e80e2680187f86b170e712296d2cfe.jpg\",\"width\":665,\"height\":355,\"caption\":\"Baisse du taux d\u2019inflation \u00e0 9,6%\"},{\"@type\":\"BreadcrumbList\",\"@id\":\"https:\\\/\\\/www.webdo.tn\\\/fr\\\/actualite\\\/national\\\/baisse-du-taux-d-inflation-a-9-6\\\/206342\\\/#breadcrumb\",\"itemListElement\":[{\"@type\":\"ListItem\",\"position\":1,\"name\":\"Accueil\",\"item\":\"https:\\\/\\\/www.webdo.tn\\\/fr\\\/\"},{\"@type\":\"ListItem\",\"position\":2,\"name\":\"Baisse du taux d\u2019inflation \u00e0 9,6%\"}]},{\"@type\":\"WebSite\",\"@id\":\"https:\\\/\\\/www.webdo.tn\\\/fr\\\/#website\",\"url\":\"https:\\\/\\\/www.webdo.tn\\\/fr\\\/\",\"name\":\"webdo\",\"description\":\"Tunisie - News en Tunisie et \u00e0 l&#039;international sur Webdo.tn\",\"publisher\":{\"@id\":\"https:\\\/\\\/www.webdo.tn\\\/fr\\\/#organization\"},\"potentialAction\":[{\"@type\":\"SearchAction\",\"target\":{\"@type\":\"EntryPoint\",\"urlTemplate\":\"https:\\\/\\\/www.webdo.tn\\\/fr\\\/?s={search_term_string}\"},\"query-input\":{\"@type\":\"PropertyValueSpecification\",\"valueRequired\":true,\"valueName\":\"search_term_string\"}}],\"inLanguage\":\"fr-FR\"},{\"@type\":\"Organization\",\"@id\":\"https:\\\/\\\/www.webdo.tn\\\/fr\\\/#organization\",\"name\":\"Webdo\",\"alternateName\":\"Webdo.tn\",\"url\":\"https:\\\/\\\/www.webdo.tn\\\/fr\\\/\",\"logo\":{\"@type\":\"ImageObject\",\"inLanguage\":\"fr-FR\",\"@id\":\"https:\\\/\\\/www.webdo.tn\\\/fr\\\/#\\\/schema\\\/logo\\\/image\\\/\",\"url\":\"https:\\\/\\\/www.webdo.tn\\\/fr\\\/wp-content\\\/uploads\\\/2025\\\/06\\\/Webdo-Tunisie_168377.jpg\",\"contentUrl\":\"https:\\\/\\\/www.webdo.tn\\\/fr\\\/wp-content\\\/uploads\\\/2025\\\/06\\\/Webdo-Tunisie_168377.jpg\",\"width\":301,\"height\":301,\"caption\":\"Webdo\"},\"image\":{\"@id\":\"https:\\\/\\\/www.webdo.tn\\\/fr\\\/#\\\/schema\\\/logo\\\/image\\\/\"},\"sameAs\":[\"https:\\\/\\\/www.facebook.com\\\/webdotn\",\"https:\\\/\\\/x.com\\\/webdo_tn\"],\"description\":\"Webdo est un m\u00e9dia num\u00e9rique tunisien fond\u00e9 en 2010, sp\u00e9cialis\u00e9 dans l\u2019actualit\u00e9 nationale et internationale, l\u2019\u00e9conomie, la soci\u00e9t\u00e9 et les analyses politiques. Le site s\u2019adresse \u00e0 un large public francophone et couvre l\u2019information tunisienne en temps r\u00e9el.\",\"email\":\"redac@webdo.tn\",\"legalName\":\"YNJ SARL\",\"foundingDate\":\"2010-09-06\",\"numberOfEmployees\":{\"@type\":\"QuantitativeValue\",\"minValue\":\"11\",\"maxValue\":\"50\"}},{\"@type\":\"Person\",\"@id\":\"https:\\\/\\\/www.webdo.tn\\\/fr\\\/#\\\/schema\\\/person\\\/2c4929cbf5a809e3bd38617c6ce150f6\",\"name\":\"MC\",\"image\":{\"@type\":\"ImageObject\",\"inLanguage\":\"fr-FR\",\"@id\":\"https:\\\/\\\/secure.gravatar.com\\\/avatar\\\/a545bbb6f84efdd5553dbbc2895e3ca8f1d12c5215e00a041c9670b54aa9b18a?s=96&d=mm&r=g\",\"url\":\"https:\\\/\\\/secure.gravatar.com\\\/avatar\\\/a545bbb6f84efdd5553dbbc2895e3ca8f1d12c5215e00a041c9670b54aa9b18a?s=96&d=mm&r=g\",\"contentUrl\":\"https:\\\/\\\/secure.gravatar.com\\\/avatar\\\/a545bbb6f84efdd5553dbbc2895e3ca8f1d12c5215e00a041c9670b54aa9b18a?s=96&d=mm&r=g\",\"caption\":\"MC\"},\"url\":\"https:\\\/\\\/www.webdo.tn\\\/fr\\\/actualite\\\/author\\\/mc\\\/\"}]}<\/script>\n<!-- \/ Yoast SEO Premium plugin. -->","yoast_head_json":{"title":"Baisse du taux d\u2019inflation \u00e0 9,6%","description":"Le taux d'inflation a r\u00e9gress\u00e9 \u00e0 9,6%, au mois de mai 2023, contre 10,1% en avril","canonical":"https:\/\/www.webdo.tn\/fr\/actualite\/national\/baisse-du-taux-d-inflation-a-9-6\/206342\/","og_locale":"fr_FR","og_type":"article","og_title":"Baisse du taux d\u2019inflation \u00e0 9,6%","og_description":"Le taux d'inflation a r\u00e9gress\u00e9 \u00e0 9,6%, au mois de mai 2023, contre 10,1% en avril","og_url":"https:\/\/www.webdo.tn\/fr\/actualite\/national\/baisse-du-taux-d-inflation-a-9-6\/206342\/","og_site_name":"webdo","article_publisher":"https:\/\/www.facebook.com\/webdotn","article_published_time":"2023-06-05T15:01:00+00:00","article_modified_time":"2025-05-20T21:59:13+00:00","og_image":[{"width":665,"height":355,"url":"https:\/\/www.webdo.tn\/fr\/wp-content\/uploads\/2023\/06\/30e80e2680187f86b170e712296d2cfe.jpg","type":"image\/jpeg"}],"author":"MC","twitter_card":"summary_large_image","twitter_creator":"@webdo_tn","twitter_site":"@webdo_tn","twitter_misc":{"\u00c9crit par":"MC","Dur\u00e9e de lecture estim\u00e9e":"1 minute"},"schema":{"@context":"https:\/\/schema.org","@graph":[{"@type":"NewsArticle","@id":"https:\/\/www.webdo.tn\/fr\/actualite\/national\/baisse-du-taux-d-inflation-a-9-6\/206342\/#article","isPartOf":{"@id":"https:\/\/www.webdo.tn\/fr\/actualite\/national\/baisse-du-taux-d-inflation-a-9-6\/206342\/"},"author":{"name":"MC","@id":"https:\/\/www.webdo.tn\/fr\/#\/schema\/person\/2c4929cbf5a809e3bd38617c6ce150f6"},"headline":"Baisse du taux d\u2019inflation \u00e0 9,6%","datePublished":"2023-06-05T15:01:00+00:00","dateModified":"2025-05-20T21:59:13+00:00","mainEntityOfPage":{"@id":"https:\/\/www.webdo.tn\/fr\/actualite\/national\/baisse-du-taux-d-inflation-a-9-6\/206342\/"},"wordCount":113,"commentCount":0,"publisher":{"@id":"https:\/\/www.webdo.tn\/fr\/#organization"},"image":{"@id":"https:\/\/www.webdo.tn\/fr\/actualite\/national\/baisse-du-taux-d-inflation-a-9-6\/206342\/#primaryimage"},"thumbnailUrl":"https:\/\/www.webdo.tn\/fr\/wp-content\/uploads\/2023\/06\/30e80e2680187f86b170e712296d2cfe.jpg","keywords":["baisse","inflation","Tunisie"],"articleSection":["National"],"inLanguage":"fr-FR"},{"@type":"WebPage","@id":"https:\/\/www.webdo.tn\/fr\/actualite\/national\/baisse-du-taux-d-inflation-a-9-6\/206342\/","url":"https:\/\/www.webdo.tn\/fr\/actualite\/national\/baisse-du-taux-d-inflation-a-9-6\/206342\/","name":"Baisse du taux d\u2019inflation \u00e0 9,6%","isPartOf":{"@id":"https:\/\/www.webdo.tn\/fr\/#website"},"primaryImageOfPage":{"@id":"https:\/\/www.webdo.tn\/fr\/actualite\/national\/baisse-du-taux-d-inflation-a-9-6\/206342\/#primaryimage"},"image":{"@id":"https:\/\/www.webdo.tn\/fr\/actualite\/national\/baisse-du-taux-d-inflation-a-9-6\/206342\/#primaryimage"},"thumbnailUrl":"https:\/\/www.webdo.tn\/fr\/wp-content\/uploads\/2023\/06\/30e80e2680187f86b170e712296d2cfe.jpg","datePublished":"2023-06-05T15:01:00+00:00","dateModified":"2025-05-20T21:59:13+00:00","description":"Le taux d'inflation a r\u00e9gress\u00e9 \u00e0 9,6%, au mois de mai 2023, contre 10,1% en avril","breadcrumb":{"@id":"https:\/\/www.webdo.tn\/fr\/actualite\/national\/baisse-du-taux-d-inflation-a-9-6\/206342\/#breadcrumb"},"inLanguage":"fr-FR","potentialAction":[{"@type":"ReadAction","target":["https:\/\/www.webdo.tn\/fr\/actualite\/national\/baisse-du-taux-d-inflation-a-9-6\/206342\/"]}]},{"@type":"ImageObject","inLanguage":"fr-FR","@id":"https:\/\/www.webdo.tn\/fr\/actualite\/national\/baisse-du-taux-d-inflation-a-9-6\/206342\/#primaryimage","url":"https:\/\/www.webdo.tn\/fr\/wp-content\/uploads\/2023\/06\/30e80e2680187f86b170e712296d2cfe.jpg","contentUrl":"https:\/\/www.webdo.tn\/fr\/wp-content\/uploads\/2023\/06\/30e80e2680187f86b170e712296d2cfe.jpg","width":665,"height":355,"caption":"Baisse du taux d\u2019inflation \u00e0 9,6%"},{"@type":"BreadcrumbList","@id":"https:\/\/www.webdo.tn\/fr\/actualite\/national\/baisse-du-taux-d-inflation-a-9-6\/206342\/#breadcrumb","itemListElement":[{"@type":"ListItem","position":1,"name":"Accueil","item":"https:\/\/www.webdo.tn\/fr\/"},{"@type":"ListItem","position":2,"name":"Baisse du taux d\u2019inflation \u00e0 9,6%"}]},{"@type":"WebSite","@id":"https:\/\/www.webdo.tn\/fr\/#website","url":"https:\/\/www.webdo.tn\/fr\/","name":"webdo","description":"Tunisie - News en Tunisie et \u00e0 l&#039;international sur Webdo.tn","publisher":{"@id":"https:\/\/www.webdo.tn\/fr\/#organization"},"potentialAction":[{"@type":"SearchAction","target":{"@type":"EntryPoint","urlTemplate":"https:\/\/www.webdo.tn\/fr\/?s={search_term_string}"},"query-input":{"@type":"PropertyValueSpecification","valueRequired":true,"valueName":"search_term_string"}}],"inLanguage":"fr-FR"},{"@type":"Organization","@id":"https:\/\/www.webdo.tn\/fr\/#organization","name":"Webdo","alternateName":"Webdo.tn","url":"https:\/\/www.webdo.tn\/fr\/","logo":{"@type":"ImageObject","inLanguage":"fr-FR","@id":"https:\/\/www.webdo.tn\/fr\/#\/schema\/logo\/image\/","url":"https:\/\/www.webdo.tn\/fr\/wp-content\/uploads\/2025\/06\/Webdo-Tunisie_168377.jpg","contentUrl":"https:\/\/www.webdo.tn\/fr\/wp-content\/uploads\/2025\/06\/Webdo-Tunisie_168377.jpg","width":301,"height":301,"caption":"Webdo"},"image":{"@id":"https:\/\/www.webdo.tn\/fr\/#\/schema\/logo\/image\/"},"sameAs":["https:\/\/www.facebook.com\/webdotn","https:\/\/x.com\/webdo_tn"],"description":"Webdo est un m\u00e9dia num\u00e9rique tunisien fond\u00e9 en 2010, sp\u00e9cialis\u00e9 dans l\u2019actualit\u00e9 nationale et internationale, l\u2019\u00e9conomie, la soci\u00e9t\u00e9 et les analyses politiques. Le site s\u2019adresse \u00e0 un large public francophone et couvre l\u2019information tunisienne en temps r\u00e9el.","email":"redac@webdo.tn","legalName":"YNJ SARL","foundingDate":"2010-09-06","numberOfEmployees":{"@type":"QuantitativeValue","minValue":"11","maxValue":"50"}},{"@type":"Person","@id":"https:\/\/www.webdo.tn\/fr\/#\/schema\/person\/2c4929cbf5a809e3bd38617c6ce150f6","name":"MC","image":{"@type":"ImageObject","inLanguage":"fr-FR","@id":"https:\/\/secure.gravatar.com\/avatar\/a545bbb6f84efdd5553dbbc2895e3ca8f1d12c5215e00a041c9670b54aa9b18a?s=96&d=mm&r=g","url":"https:\/\/secure.gravatar.com\/avatar\/a545bbb6f84efdd5553dbbc2895e3ca8f1d12c5215e00a041c9670b54aa9b18a?s=96&d=mm&r=g","contentUrl":"https:\/\/secure.gravatar.com\/avatar\/a545bbb6f84efdd5553dbbc2895e3ca8f1d12c5215e00a041c9670b54aa9b18a?s=96&d=mm&r=g","caption":"MC"},"url":"https:\/\/www.webdo.tn\/fr\/actualite\/author\/mc\/"}]}},"_links":{"self":[{"href":"https:\/\/www.webdo.tn\/fr\/wp-json\/wp\/v2\/posts\/206342","targetHints":{"allow":["GET"]}}],"collection":[{"href":"https:\/\/www.webdo.tn\/fr\/wp-json\/wp\/v2\/posts"}],"about":[{"href":"https:\/\/www.webdo.tn\/fr\/wp-json\/wp\/v2\/types\/post"}],"author":[{"embeddable":true,"href":"https:\/\/www.webdo.tn\/fr\/wp-json\/wp\/v2\/users\/3162"}],"replies":[{"embeddable":true,"href":"https:\/\/www.webdo.tn\/fr\/wp-json\/wp\/v2\/comments?post=206342"}],"version-history":[{"count":0,"href":"https:\/\/www.webdo.tn\/fr\/wp-json\/wp\/v2\/posts\/206342\/revisions"}],"wp:featuredmedia":[{"embeddable":true,"href":"https:\/\/www.webdo.tn\/fr\/wp-json\/wp\/v2\/media\/250967"}],"wp:attachment":[{"href":"https:\/\/www.webdo.tn\/fr\/wp-json\/wp\/v2\/media?parent=206342"}],"wp:term":[{"taxonomy":"category","embeddable":true,"href":"https:\/\/www.webdo.tn\/fr\/wp-json\/wp\/v2\/categories?post=206342"},{"taxonomy":"post_tag","embeddable":true,"href":"https:\/\/www.webdo.tn\/fr\/wp-json\/wp\/v2\/tags?post=206342"}],"curies":[{"name":"wp","href":"https:\/\/api.w.org\/{rel}","templated":true}]}}