{"id":206330,"date":"2023-06-05T09:56:00","date_gmt":"2023-06-05T09:56:00","guid":{"rendered":"https:\/\/www.webdo.tn\/fr\/blog\/ouverture-imminente-du-musee-du-bardo-avec-de-nouvelles-salles-et-mosaiques\/206330\/"},"modified":"2025-05-17T21:08:52","modified_gmt":"2025-05-17T21:08:52","slug":"ouverture-imminente-du-musee-du-bardo-avec-de-nouvelles-salles-et-mosaiques","status":"publish","type":"post","link":"https:\/\/www.webdo.tn\/fr\/actualite\/chroniques\/ouverture-imminente-du-musee-du-bardo-avec-de-nouvelles-salles-et-mosaiques\/206330\/","title":{"rendered":"Ouverture imminente du mus\u00e9e du Bardo avec de nouvelles salles et mosa\u00efques"},"content":{"rendered":"<p>Apr\u00e8s presque deux ann\u00e9es de fermeture, le mus\u00e9e du Bardo s&rsquo;appr\u00eate \u00e0 ouvrir de nouveau ses portes au public.<\/p>\n<p>\t\t\t\t\t\t\t\t\tPour le moment, aucune date n&rsquo;a \u00e9t\u00e9 officiellement communiqu\u00e9e. Toutefois, des sources officieuses soulignent que le mus\u00e9e \u00ab\u00a0ne tardera sans doute pas \u00e0 rouvrir\u00a0\u00bb.<\/p>\n<p>La m\u00eame source fait part de deux informations utiles et importantes. En premier lieu, au moins trois salles suppl\u00e9mentaires vont \u00eatre ouvertes.<\/p>\n<p>Il s&rsquo;agit de la salle de la Pr\u00e9histoire o\u00f9 est expos\u00e9 le Herma\u00efon de Gafsa, la salle des Empereurs o\u00f9 figurent plusieurs bustes d&#8217;empereurs romains et la salle des Tr\u00e9sors qui sera de nouveau accessible.<\/p>\n<p>En outre, le mus\u00e9e s&rsquo;est enrichi d&rsquo;une nouvelle mosa\u00efque qui sera visible d\u00e8s l&rsquo;entr\u00e9e. Cette mosa\u00efque provient de l&rsquo;antique Ammaedara, l&rsquo;actuelle Haidra.<\/p>\n<p>Cette mosa\u00efque repr\u00e9sente les \u00eeles et les villes de la M\u00e9diterran\u00e9e. Avec une taille de 6 \u00d7 5.30 m\u00e8tres, cette mosa\u00efque devrait constituer l&rsquo;une des nouvelles pi\u00e8ces ma\u00eetresses du mus\u00e9e.<\/p>\n<p>Enfin, la date officielle de la r\u00e9ouverture du mus\u00e9e, apr\u00e8s quasiment deux ans d&rsquo;absence, devrait \u00eatre communiqu\u00e9e incessamment.<\/p>\n","protected":false},"excerpt":{"rendered":"<p>Apr\u00e8s presque deux ann\u00e9es de fermeture, le mus\u00e9e du Bardo s&rsquo;appr\u00eate \u00e0 ouvrir de nouveau ses portes au public.<\/p>\n","protected":false},"author":3229,"featured_media":278268,"comment_status":"open","ping_status":"closed","sticky":false,"template":"","format":"standard","meta":{"footnotes":""},"categories":[2596],"tags":[7935,3328],"class_list":["post-206330","post","type-post","status-publish","format-standard","has-post-thumbnail","hentry","category-chroniques","tag-le-bardo","tag-musee"],"yoast_head":"<!-- This site is optimized with the Yoast SEO Premium plugin v27.5 (Yoast SEO v27.5) - https:\/\/yoast.com\/product\/yoast-seo-premium-wordpress\/ -->\n<title>Ouverture imminente du mus\u00e9e du Bardo avec de nouvelles salles et mosa\u00efques<\/title>\n<meta name=\"description\" content=\"Apr\u00e8s presque deux ann\u00e9es de fermeture, le mus\u00e9e du Bardo s&#039;appr\u00eate \u00e0 ouvrir de nouveau ses portes au public.\" \/>\n<link rel=\"canonical\" href=\"https:\/\/www.webdo.tn\/fr\/actualite\/chroniques\/ouverture-imminente-du-musee-du-bardo-avec-de-nouvelles-salles-et-mosaiques\/206330\/\" \/>\n<meta property=\"og:locale\" content=\"fr_FR\" \/>\n<meta property=\"og:type\" content=\"article\" \/>\n<meta property=\"og:title\" content=\"Ouverture imminente du mus\u00e9e du Bardo avec de nouvelles salles et mosa\u00efques\" \/>\n<meta property=\"og:description\" content=\"Apr\u00e8s presque deux ann\u00e9es de fermeture, le mus\u00e9e du Bardo s&#039;appr\u00eate \u00e0 ouvrir de nouveau ses portes au public.\" \/>\n<meta property=\"og:url\" content=\"https:\/\/www.webdo.tn\/fr\/actualite\/chroniques\/ouverture-imminente-du-musee-du-bardo-avec-de-nouvelles-salles-et-mosaiques\/206330\/\" \/>\n<meta property=\"og:site_name\" content=\"webdo\" \/>\n<meta property=\"article:publisher\" content=\"https:\/\/www.facebook.com\/webdotn\" \/>\n<meta property=\"article:author\" content=\"https:\/\/www.facebook.com\/hatem.bourial.2025\" \/>\n<meta property=\"article:published_time\" content=\"2023-06-05T09:56:00+00:00\" \/>\n<meta property=\"article:modified_time\" content=\"2025-05-17T21:08:52+00:00\" \/>\n<meta property=\"og:image\" content=\"https:\/\/www.webdo.tn\/fr\/wp-content\/uploads\/2023\/06\/59349472cd4d8788fedf5978023dc35d.jpg\" \/>\n\t<meta property=\"og:image:width\" content=\"720\" \/>\n\t<meta property=\"og:image:height\" content=\"384\" \/>\n\t<meta property=\"og:image:type\" content=\"image\/jpeg\" \/>\n<meta name=\"author\" content=\"Hatem Bourial\" \/>\n<meta name=\"twitter:card\" content=\"summary_large_image\" \/>\n<meta name=\"twitter:creator\" content=\"@webdo_tn\" \/>\n<meta name=\"twitter:site\" content=\"@webdo_tn\" \/>\n<meta name=\"twitter:label1\" content=\"\u00c9crit par\" \/>\n\t<meta name=\"twitter:data1\" content=\"Hatem Bourial\" \/>\n\t<meta name=\"twitter:label2\" content=\"Dur\u00e9e de lecture estim\u00e9e\" \/>\n\t<meta name=\"twitter:data2\" content=\"1 minute\" \/>\n<script type=\"application\/ld+json\" class=\"yoast-schema-graph\">{\"@context\":\"https:\\\/\\\/schema.org\",\"@graph\":[{\"@type\":\"NewsArticle\",\"@id\":\"https:\\\/\\\/www.webdo.tn\\\/fr\\\/actualite\\\/chroniques\\\/ouverture-imminente-du-musee-du-bardo-avec-de-nouvelles-salles-et-mosaiques\\\/206330\\\/#article\",\"isPartOf\":{\"@id\":\"https:\\\/\\\/www.webdo.tn\\\/fr\\\/actualite\\\/chroniques\\\/ouverture-imminente-du-musee-du-bardo-avec-de-nouvelles-salles-et-mosaiques\\\/206330\\\/\"},\"author\":{\"name\":\"Hatem Bourial\",\"@id\":\"https:\\\/\\\/www.webdo.tn\\\/fr\\\/#\\\/schema\\\/person\\\/6bc0beba2cd23aec27cb5df85ca2554f\"},\"headline\":\"Ouverture imminente du mus\u00e9e du Bardo avec de nouvelles salles et mosa\u00efques\",\"datePublished\":\"2023-06-05T09:56:00+00:00\",\"dateModified\":\"2025-05-17T21:08:52+00:00\",\"mainEntityOfPage\":{\"@id\":\"https:\\\/\\\/www.webdo.tn\\\/fr\\\/actualite\\\/chroniques\\\/ouverture-imminente-du-musee-du-bardo-avec-de-nouvelles-salles-et-mosaiques\\\/206330\\\/\"},\"wordCount\":219,\"commentCount\":0,\"publisher\":{\"@id\":\"https:\\\/\\\/www.webdo.tn\\\/fr\\\/#organization\"},\"image\":{\"@id\":\"https:\\\/\\\/www.webdo.tn\\\/fr\\\/actualite\\\/chroniques\\\/ouverture-imminente-du-musee-du-bardo-avec-de-nouvelles-salles-et-mosaiques\\\/206330\\\/#primaryimage\"},\"thumbnailUrl\":\"https:\\\/\\\/www.webdo.tn\\\/fr\\\/wp-content\\\/uploads\\\/2023\\\/06\\\/59349472cd4d8788fedf5978023dc35d.jpg\",\"keywords\":[\"le bardo\",\"mus\u00e9e\"],\"articleSection\":[\"Chroniques\"],\"inLanguage\":\"fr-FR\"},{\"@type\":\"WebPage\",\"@id\":\"https:\\\/\\\/www.webdo.tn\\\/fr\\\/actualite\\\/chroniques\\\/ouverture-imminente-du-musee-du-bardo-avec-de-nouvelles-salles-et-mosaiques\\\/206330\\\/\",\"url\":\"https:\\\/\\\/www.webdo.tn\\\/fr\\\/actualite\\\/chroniques\\\/ouverture-imminente-du-musee-du-bardo-avec-de-nouvelles-salles-et-mosaiques\\\/206330\\\/\",\"name\":\"Ouverture imminente du mus\u00e9e du Bardo avec de nouvelles salles et mosa\u00efques\",\"isPartOf\":{\"@id\":\"https:\\\/\\\/www.webdo.tn\\\/fr\\\/#website\"},\"primaryImageOfPage\":{\"@id\":\"https:\\\/\\\/www.webdo.tn\\\/fr\\\/actualite\\\/chroniques\\\/ouverture-imminente-du-musee-du-bardo-avec-de-nouvelles-salles-et-mosaiques\\\/206330\\\/#primaryimage\"},\"image\":{\"@id\":\"https:\\\/\\\/www.webdo.tn\\\/fr\\\/actualite\\\/chroniques\\\/ouverture-imminente-du-musee-du-bardo-avec-de-nouvelles-salles-et-mosaiques\\\/206330\\\/#primaryimage\"},\"thumbnailUrl\":\"https:\\\/\\\/www.webdo.tn\\\/fr\\\/wp-content\\\/uploads\\\/2023\\\/06\\\/59349472cd4d8788fedf5978023dc35d.jpg\",\"datePublished\":\"2023-06-05T09:56:00+00:00\",\"dateModified\":\"2025-05-17T21:08:52+00:00\",\"description\":\"Apr\u00e8s presque deux ann\u00e9es de fermeture, le mus\u00e9e du Bardo s'appr\u00eate \u00e0 ouvrir de nouveau ses portes au public.\",\"breadcrumb\":{\"@id\":\"https:\\\/\\\/www.webdo.tn\\\/fr\\\/actualite\\\/chroniques\\\/ouverture-imminente-du-musee-du-bardo-avec-de-nouvelles-salles-et-mosaiques\\\/206330\\\/#breadcrumb\"},\"inLanguage\":\"fr-FR\",\"potentialAction\":[{\"@type\":\"ReadAction\",\"target\":[\"https:\\\/\\\/www.webdo.tn\\\/fr\\\/actualite\\\/chroniques\\\/ouverture-imminente-du-musee-du-bardo-avec-de-nouvelles-salles-et-mosaiques\\\/206330\\\/\"]}]},{\"@type\":\"ImageObject\",\"inLanguage\":\"fr-FR\",\"@id\":\"https:\\\/\\\/www.webdo.tn\\\/fr\\\/actualite\\\/chroniques\\\/ouverture-imminente-du-musee-du-bardo-avec-de-nouvelles-salles-et-mosaiques\\\/206330\\\/#primaryimage\",\"url\":\"https:\\\/\\\/www.webdo.tn\\\/fr\\\/wp-content\\\/uploads\\\/2023\\\/06\\\/59349472cd4d8788fedf5978023dc35d.jpg\",\"contentUrl\":\"https:\\\/\\\/www.webdo.tn\\\/fr\\\/wp-content\\\/uploads\\\/2023\\\/06\\\/59349472cd4d8788fedf5978023dc35d.jpg\",\"width\":720,\"height\":384,\"caption\":\"Ouverture imminente du mus\u00e9e du Bardo avec de nouvelles salles et mosa\u00efques\"},{\"@type\":\"BreadcrumbList\",\"@id\":\"https:\\\/\\\/www.webdo.tn\\\/fr\\\/actualite\\\/chroniques\\\/ouverture-imminente-du-musee-du-bardo-avec-de-nouvelles-salles-et-mosaiques\\\/206330\\\/#breadcrumb\",\"itemListElement\":[{\"@type\":\"ListItem\",\"position\":1,\"name\":\"Accueil\",\"item\":\"https:\\\/\\\/www.webdo.tn\\\/fr\\\/\"},{\"@type\":\"ListItem\",\"position\":2,\"name\":\"Ouverture imminente du mus\u00e9e du Bardo avec de nouvelles salles et mosa\u00efques\"}]},{\"@type\":\"WebSite\",\"@id\":\"https:\\\/\\\/www.webdo.tn\\\/fr\\\/#website\",\"url\":\"https:\\\/\\\/www.webdo.tn\\\/fr\\\/\",\"name\":\"webdo\",\"description\":\"Tunisie - News en Tunisie et \u00e0 l&#039;international sur Webdo.tn\",\"publisher\":{\"@id\":\"https:\\\/\\\/www.webdo.tn\\\/fr\\\/#organization\"},\"potentialAction\":[{\"@type\":\"SearchAction\",\"target\":{\"@type\":\"EntryPoint\",\"urlTemplate\":\"https:\\\/\\\/www.webdo.tn\\\/fr\\\/?s={search_term_string}\"},\"query-input\":{\"@type\":\"PropertyValueSpecification\",\"valueRequired\":true,\"valueName\":\"search_term_string\"}}],\"inLanguage\":\"fr-FR\"},{\"@type\":\"Organization\",\"@id\":\"https:\\\/\\\/www.webdo.tn\\\/fr\\\/#organization\",\"name\":\"Webdo\",\"alternateName\":\"Webdo.tn\",\"url\":\"https:\\\/\\\/www.webdo.tn\\\/fr\\\/\",\"logo\":{\"@type\":\"ImageObject\",\"inLanguage\":\"fr-FR\",\"@id\":\"https:\\\/\\\/www.webdo.tn\\\/fr\\\/#\\\/schema\\\/logo\\\/image\\\/\",\"url\":\"https:\\\/\\\/www.webdo.tn\\\/fr\\\/wp-content\\\/uploads\\\/2025\\\/06\\\/Webdo-Tunisie_168377.jpg\",\"contentUrl\":\"https:\\\/\\\/www.webdo.tn\\\/fr\\\/wp-content\\\/uploads\\\/2025\\\/06\\\/Webdo-Tunisie_168377.jpg\",\"width\":301,\"height\":301,\"caption\":\"Webdo\"},\"image\":{\"@id\":\"https:\\\/\\\/www.webdo.tn\\\/fr\\\/#\\\/schema\\\/logo\\\/image\\\/\"},\"sameAs\":[\"https:\\\/\\\/www.facebook.com\\\/webdotn\",\"https:\\\/\\\/x.com\\\/webdo_tn\"],\"description\":\"Webdo est un m\u00e9dia num\u00e9rique tunisien fond\u00e9 en 2010, sp\u00e9cialis\u00e9 dans l\u2019actualit\u00e9 nationale et internationale, l\u2019\u00e9conomie, la soci\u00e9t\u00e9 et les analyses politiques. Le site s\u2019adresse \u00e0 un large public francophone et couvre l\u2019information tunisienne en temps r\u00e9el.\",\"email\":\"redac@webdo.tn\",\"legalName\":\"YNJ SARL\",\"foundingDate\":\"2010-09-06\",\"numberOfEmployees\":{\"@type\":\"QuantitativeValue\",\"minValue\":\"11\",\"maxValue\":\"50\"}},{\"@type\":\"Person\",\"@id\":\"https:\\\/\\\/www.webdo.tn\\\/fr\\\/#\\\/schema\\\/person\\\/6bc0beba2cd23aec27cb5df85ca2554f\",\"name\":\"Hatem Bourial\",\"image\":{\"@type\":\"ImageObject\",\"inLanguage\":\"fr-FR\",\"@id\":\"https:\\\/\\\/www.webdo.tn\\\/fr\\\/wp-content\\\/uploads\\\/2026\\\/04\\\/hatem-bourial_avatar-96x96.jpg\",\"url\":\"https:\\\/\\\/www.webdo.tn\\\/fr\\\/wp-content\\\/uploads\\\/2026\\\/04\\\/hatem-bourial_avatar-96x96.jpg\",\"contentUrl\":\"https:\\\/\\\/www.webdo.tn\\\/fr\\\/wp-content\\\/uploads\\\/2026\\\/04\\\/hatem-bourial_avatar-96x96.jpg\",\"caption\":\"Hatem Bourial\"},\"description\":\"Hatem Bourial est journaliste, \u00e9crivain et chroniqueur tunisien. Actif depuis plusieurs d\u00e9cennies, il s\u2019est impos\u00e9 comme un observateur attentif de la soci\u00e9t\u00e9 tunisienne, m\u00ealant dans ses \u00e9crits m\u00e9moire, culture et analyse du quotidien. Auteur de nombreux ouvrages, il d\u00e9veloppe une \u0153uvre \u00e0 la crois\u00e9e du r\u00e9cit, de la po\u00e9sie et de l\u2019observation sociologique. Parall\u00e8lement \u00e0 ses contributions dans la presse, il intervient r\u00e9guli\u00e8rement \u00e0 la radio et dans des espaces culturels, o\u00f9 il explore les enjeux li\u00e9s au patrimoine, \u00e0 l\u2019identit\u00e9 et aux transformations du monde contemporain. \u00c0 travers ses chroniques, Hatem Bourial propose une lecture sensible et approfondie de l\u2019actualit\u00e9, nourrie par une exp\u00e9rience journalistique et litt\u00e9raire reconnue. \ud83d\udd17 Facebook : https:\\\/\\\/www.facebook.com\\\/hatem.bourial.2025\",\"sameAs\":[\"https:\\\/\\\/www.facebook.com\\\/hatem.bourial.2025\",\"https:\\\/\\\/fr.wikipedia.org\\\/wiki\\\/Fichier:Hatem_Bourial.jpg\"],\"knowsAbout\":[\"Culture & patrimoine tunisien\",\"Chronique soci\u00e9tale\",\"Litt\u00e9rature & m\u00e9moire\",\"Cin\u00e9ma & critique culturelle\",\"Identit\u00e9 & mutations sociales\"],\"knowsLanguage\":[\"Arabe\",\"Fran\u00e7ais\",\"Anglais\",\"Italien\",\"Polonais\"],\"jobTitle\":\"Journaliste, \u00e9crivain et chroniqueur culturel\",\"worksFor\":\"Webdo\",\"url\":\"https:\\\/\\\/www.webdo.tn\\\/fr\\\/actualite\\\/author\\\/hatem-bourial-2\\\/\"}]}<\/script>\n<!-- \/ Yoast SEO Premium plugin. -->","yoast_head_json":{"title":"Ouverture imminente du mus\u00e9e du Bardo avec de nouvelles salles et mosa\u00efques","description":"Apr\u00e8s presque deux ann\u00e9es de fermeture, le mus\u00e9e du Bardo s'appr\u00eate \u00e0 ouvrir de nouveau ses portes au public.","canonical":"https:\/\/www.webdo.tn\/fr\/actualite\/chroniques\/ouverture-imminente-du-musee-du-bardo-avec-de-nouvelles-salles-et-mosaiques\/206330\/","og_locale":"fr_FR","og_type":"article","og_title":"Ouverture imminente du mus\u00e9e du Bardo avec de nouvelles salles et mosa\u00efques","og_description":"Apr\u00e8s presque deux ann\u00e9es de fermeture, le mus\u00e9e du Bardo s'appr\u00eate \u00e0 ouvrir de nouveau ses portes au public.","og_url":"https:\/\/www.webdo.tn\/fr\/actualite\/chroniques\/ouverture-imminente-du-musee-du-bardo-avec-de-nouvelles-salles-et-mosaiques\/206330\/","og_site_name":"webdo","article_publisher":"https:\/\/www.facebook.com\/webdotn","article_author":"https:\/\/www.facebook.com\/hatem.bourial.2025","article_published_time":"2023-06-05T09:56:00+00:00","article_modified_time":"2025-05-17T21:08:52+00:00","og_image":[{"width":720,"height":384,"url":"https:\/\/www.webdo.tn\/fr\/wp-content\/uploads\/2023\/06\/59349472cd4d8788fedf5978023dc35d.jpg","type":"image\/jpeg"}],"author":"Hatem Bourial","twitter_card":"summary_large_image","twitter_creator":"@webdo_tn","twitter_site":"@webdo_tn","twitter_misc":{"\u00c9crit par":"Hatem Bourial","Dur\u00e9e de lecture estim\u00e9e":"1 minute"},"schema":{"@context":"https:\/\/schema.org","@graph":[{"@type":"NewsArticle","@id":"https:\/\/www.webdo.tn\/fr\/actualite\/chroniques\/ouverture-imminente-du-musee-du-bardo-avec-de-nouvelles-salles-et-mosaiques\/206330\/#article","isPartOf":{"@id":"https:\/\/www.webdo.tn\/fr\/actualite\/chroniques\/ouverture-imminente-du-musee-du-bardo-avec-de-nouvelles-salles-et-mosaiques\/206330\/"},"author":{"name":"Hatem Bourial","@id":"https:\/\/www.webdo.tn\/fr\/#\/schema\/person\/6bc0beba2cd23aec27cb5df85ca2554f"},"headline":"Ouverture imminente du mus\u00e9e du Bardo avec de nouvelles salles et mosa\u00efques","datePublished":"2023-06-05T09:56:00+00:00","dateModified":"2025-05-17T21:08:52+00:00","mainEntityOfPage":{"@id":"https:\/\/www.webdo.tn\/fr\/actualite\/chroniques\/ouverture-imminente-du-musee-du-bardo-avec-de-nouvelles-salles-et-mosaiques\/206330\/"},"wordCount":219,"commentCount":0,"publisher":{"@id":"https:\/\/www.webdo.tn\/fr\/#organization"},"image":{"@id":"https:\/\/www.webdo.tn\/fr\/actualite\/chroniques\/ouverture-imminente-du-musee-du-bardo-avec-de-nouvelles-salles-et-mosaiques\/206330\/#primaryimage"},"thumbnailUrl":"https:\/\/www.webdo.tn\/fr\/wp-content\/uploads\/2023\/06\/59349472cd4d8788fedf5978023dc35d.jpg","keywords":["le bardo","mus\u00e9e"],"articleSection":["Chroniques"],"inLanguage":"fr-FR"},{"@type":"WebPage","@id":"https:\/\/www.webdo.tn\/fr\/actualite\/chroniques\/ouverture-imminente-du-musee-du-bardo-avec-de-nouvelles-salles-et-mosaiques\/206330\/","url":"https:\/\/www.webdo.tn\/fr\/actualite\/chroniques\/ouverture-imminente-du-musee-du-bardo-avec-de-nouvelles-salles-et-mosaiques\/206330\/","name":"Ouverture imminente du mus\u00e9e du Bardo avec de nouvelles salles et mosa\u00efques","isPartOf":{"@id":"https:\/\/www.webdo.tn\/fr\/#website"},"primaryImageOfPage":{"@id":"https:\/\/www.webdo.tn\/fr\/actualite\/chroniques\/ouverture-imminente-du-musee-du-bardo-avec-de-nouvelles-salles-et-mosaiques\/206330\/#primaryimage"},"image":{"@id":"https:\/\/www.webdo.tn\/fr\/actualite\/chroniques\/ouverture-imminente-du-musee-du-bardo-avec-de-nouvelles-salles-et-mosaiques\/206330\/#primaryimage"},"thumbnailUrl":"https:\/\/www.webdo.tn\/fr\/wp-content\/uploads\/2023\/06\/59349472cd4d8788fedf5978023dc35d.jpg","datePublished":"2023-06-05T09:56:00+00:00","dateModified":"2025-05-17T21:08:52+00:00","description":"Apr\u00e8s presque deux ann\u00e9es de fermeture, le mus\u00e9e du Bardo s'appr\u00eate \u00e0 ouvrir de nouveau ses portes au public.","breadcrumb":{"@id":"https:\/\/www.webdo.tn\/fr\/actualite\/chroniques\/ouverture-imminente-du-musee-du-bardo-avec-de-nouvelles-salles-et-mosaiques\/206330\/#breadcrumb"},"inLanguage":"fr-FR","potentialAction":[{"@type":"ReadAction","target":["https:\/\/www.webdo.tn\/fr\/actualite\/chroniques\/ouverture-imminente-du-musee-du-bardo-avec-de-nouvelles-salles-et-mosaiques\/206330\/"]}]},{"@type":"ImageObject","inLanguage":"fr-FR","@id":"https:\/\/www.webdo.tn\/fr\/actualite\/chroniques\/ouverture-imminente-du-musee-du-bardo-avec-de-nouvelles-salles-et-mosaiques\/206330\/#primaryimage","url":"https:\/\/www.webdo.tn\/fr\/wp-content\/uploads\/2023\/06\/59349472cd4d8788fedf5978023dc35d.jpg","contentUrl":"https:\/\/www.webdo.tn\/fr\/wp-content\/uploads\/2023\/06\/59349472cd4d8788fedf5978023dc35d.jpg","width":720,"height":384,"caption":"Ouverture imminente du mus\u00e9e du Bardo avec de nouvelles salles et mosa\u00efques"},{"@type":"BreadcrumbList","@id":"https:\/\/www.webdo.tn\/fr\/actualite\/chroniques\/ouverture-imminente-du-musee-du-bardo-avec-de-nouvelles-salles-et-mosaiques\/206330\/#breadcrumb","itemListElement":[{"@type":"ListItem","position":1,"name":"Accueil","item":"https:\/\/www.webdo.tn\/fr\/"},{"@type":"ListItem","position":2,"name":"Ouverture imminente du mus\u00e9e du Bardo avec de nouvelles salles et mosa\u00efques"}]},{"@type":"WebSite","@id":"https:\/\/www.webdo.tn\/fr\/#website","url":"https:\/\/www.webdo.tn\/fr\/","name":"webdo","description":"Tunisie - News en Tunisie et \u00e0 l&#039;international sur Webdo.tn","publisher":{"@id":"https:\/\/www.webdo.tn\/fr\/#organization"},"potentialAction":[{"@type":"SearchAction","target":{"@type":"EntryPoint","urlTemplate":"https:\/\/www.webdo.tn\/fr\/?s={search_term_string}"},"query-input":{"@type":"PropertyValueSpecification","valueRequired":true,"valueName":"search_term_string"}}],"inLanguage":"fr-FR"},{"@type":"Organization","@id":"https:\/\/www.webdo.tn\/fr\/#organization","name":"Webdo","alternateName":"Webdo.tn","url":"https:\/\/www.webdo.tn\/fr\/","logo":{"@type":"ImageObject","inLanguage":"fr-FR","@id":"https:\/\/www.webdo.tn\/fr\/#\/schema\/logo\/image\/","url":"https:\/\/www.webdo.tn\/fr\/wp-content\/uploads\/2025\/06\/Webdo-Tunisie_168377.jpg","contentUrl":"https:\/\/www.webdo.tn\/fr\/wp-content\/uploads\/2025\/06\/Webdo-Tunisie_168377.jpg","width":301,"height":301,"caption":"Webdo"},"image":{"@id":"https:\/\/www.webdo.tn\/fr\/#\/schema\/logo\/image\/"},"sameAs":["https:\/\/www.facebook.com\/webdotn","https:\/\/x.com\/webdo_tn"],"description":"Webdo est un m\u00e9dia num\u00e9rique tunisien fond\u00e9 en 2010, sp\u00e9cialis\u00e9 dans l\u2019actualit\u00e9 nationale et internationale, l\u2019\u00e9conomie, la soci\u00e9t\u00e9 et les analyses politiques. Le site s\u2019adresse \u00e0 un large public francophone et couvre l\u2019information tunisienne en temps r\u00e9el.","email":"redac@webdo.tn","legalName":"YNJ SARL","foundingDate":"2010-09-06","numberOfEmployees":{"@type":"QuantitativeValue","minValue":"11","maxValue":"50"}},{"@type":"Person","@id":"https:\/\/www.webdo.tn\/fr\/#\/schema\/person\/6bc0beba2cd23aec27cb5df85ca2554f","name":"Hatem Bourial","image":{"@type":"ImageObject","inLanguage":"fr-FR","@id":"https:\/\/www.webdo.tn\/fr\/wp-content\/uploads\/2026\/04\/hatem-bourial_avatar-96x96.jpg","url":"https:\/\/www.webdo.tn\/fr\/wp-content\/uploads\/2026\/04\/hatem-bourial_avatar-96x96.jpg","contentUrl":"https:\/\/www.webdo.tn\/fr\/wp-content\/uploads\/2026\/04\/hatem-bourial_avatar-96x96.jpg","caption":"Hatem Bourial"},"description":"Hatem Bourial est journaliste, \u00e9crivain et chroniqueur tunisien. Actif depuis plusieurs d\u00e9cennies, il s\u2019est impos\u00e9 comme un observateur attentif de la soci\u00e9t\u00e9 tunisienne, m\u00ealant dans ses \u00e9crits m\u00e9moire, culture et analyse du quotidien. Auteur de nombreux ouvrages, il d\u00e9veloppe une \u0153uvre \u00e0 la crois\u00e9e du r\u00e9cit, de la po\u00e9sie et de l\u2019observation sociologique. Parall\u00e8lement \u00e0 ses contributions dans la presse, il intervient r\u00e9guli\u00e8rement \u00e0 la radio et dans des espaces culturels, o\u00f9 il explore les enjeux li\u00e9s au patrimoine, \u00e0 l\u2019identit\u00e9 et aux transformations du monde contemporain. \u00c0 travers ses chroniques, Hatem Bourial propose une lecture sensible et approfondie de l\u2019actualit\u00e9, nourrie par une exp\u00e9rience journalistique et litt\u00e9raire reconnue. \ud83d\udd17 Facebook : https:\/\/www.facebook.com\/hatem.bourial.2025","sameAs":["https:\/\/www.facebook.com\/hatem.bourial.2025","https:\/\/fr.wikipedia.org\/wiki\/Fichier:Hatem_Bourial.jpg"],"knowsAbout":["Culture & patrimoine tunisien","Chronique soci\u00e9tale","Litt\u00e9rature & m\u00e9moire","Cin\u00e9ma & critique culturelle","Identit\u00e9 & mutations sociales"],"knowsLanguage":["Arabe","Fran\u00e7ais","Anglais","Italien","Polonais"],"jobTitle":"Journaliste, \u00e9crivain et chroniqueur culturel","worksFor":"Webdo","url":"https:\/\/www.webdo.tn\/fr\/actualite\/author\/hatem-bourial-2\/"}]}},"_links":{"self":[{"href":"https:\/\/www.webdo.tn\/fr\/wp-json\/wp\/v2\/posts\/206330","targetHints":{"allow":["GET"]}}],"collection":[{"href":"https:\/\/www.webdo.tn\/fr\/wp-json\/wp\/v2\/posts"}],"about":[{"href":"https:\/\/www.webdo.tn\/fr\/wp-json\/wp\/v2\/types\/post"}],"author":[{"embeddable":true,"href":"https:\/\/www.webdo.tn\/fr\/wp-json\/wp\/v2\/users\/3229"}],"replies":[{"embeddable":true,"href":"https:\/\/www.webdo.tn\/fr\/wp-json\/wp\/v2\/comments?post=206330"}],"version-history":[{"count":0,"href":"https:\/\/www.webdo.tn\/fr\/wp-json\/wp\/v2\/posts\/206330\/revisions"}],"wp:featuredmedia":[{"embeddable":true,"href":"https:\/\/www.webdo.tn\/fr\/wp-json\/wp\/v2\/media\/278268"}],"wp:attachment":[{"href":"https:\/\/www.webdo.tn\/fr\/wp-json\/wp\/v2\/media?parent=206330"}],"wp:term":[{"taxonomy":"category","embeddable":true,"href":"https:\/\/www.webdo.tn\/fr\/wp-json\/wp\/v2\/categories?post=206330"},{"taxonomy":"post_tag","embeddable":true,"href":"https:\/\/www.webdo.tn\/fr\/wp-json\/wp\/v2\/tags?post=206330"}],"curies":[{"name":"wp","href":"https:\/\/api.w.org\/{rel}","templated":true}]}}