{"id":206320,"date":"2023-06-04T16:09:00","date_gmt":"2023-06-04T16:09:00","guid":{"rendered":"https:\/\/www.webdo.tn\/fr\/blog\/tunisie-cet-ete-un-pic-de-consommation-d-electricite-de-4900-megawatts-attendu\/206320\/"},"modified":"2025-05-20T22:50:28","modified_gmt":"2025-05-20T22:50:28","slug":"tunisie-cet-ete-un-pic-de-consommation-d-electricite-de-4900-megawatts-attendu","status":"publish","type":"post","link":"https:\/\/www.webdo.tn\/fr\/actualite\/national\/tunisie-cet-ete-un-pic-de-consommation-d-electricite-de-4900-megawatts-attendu\/206320\/","title":{"rendered":"Tunisie : Cet \u00e9t\u00e9, un pic de consommation d\u2019\u00e9lectricit\u00e9 de 4900 m\u00e9gawatts attendu"},"content":{"rendered":"<p>Le pic de consommation durant cette saison estivale est estim\u00e9 entre 4700 et 4900 m\u00e9gawatts en raison de l&rsquo;utilisation croissante des climatiseurs, a affirm\u00e9 le directeur de la coop\u00e9ration et de la communication au sein de la Soci\u00e9t\u00e9 Tunisienne de l&rsquo;Electricit\u00e9 et du Gaz (STEG), Mounir Ghabri.<\/p>\n<p>\t\t\t\t\t\t\t\t\tDans une d\u00e9claration \u00e0 l&rsquo;agence TAP, le responsable a fait savoir que la STEG s&#8217;emploiera \u00e0 la mise en place des mesures n\u00e9cessaires pour faire face \u00e0 ce pic et assurer la continuit\u00e9 de l&rsquo;approvisionnement en \u00e9lectricit\u00e9 malgr\u00e9 la hausse des temp\u00e9ratures et les d\u00e9fis climatiques des derni\u00e8res ann\u00e9es.<\/p>\n<p>Selon la m\u00eame source, la Tunisie a enregistr\u00e9 en 2022 un pic record de consommation d&rsquo;\u00e9lectricit\u00e9 pour les besoins de climatisation le 8 septembre avec 4677 m\u00e9gawatts.<\/p>\n<p>Gharbi a d\u00e9clar\u00e9, dans ce contexte, que la STEG s&rsquo;est lanc\u00e9e dans une pr\u00e9paration bien \u00e9tudi\u00e9e des diff\u00e9rents sc\u00e9narios et hypoth\u00e8ses possibles cet \u00e9t\u00e9 afin d&rsquo;\u00e9viter les dysfonctionnements et les coupures en particulier pendant les heures de pic de consommation (11h-15h) en raison de la forte demande r\u00e9sultant de l&rsquo;utilisation simultan\u00e9e de divers usages, notamment l&rsquo;utilisation de climatiseurs dans les administrations, les commerces et l&rsquo;usage domestique.<\/p>\n<p>En ce qui concerne l&rsquo;intention de la STEG d&rsquo;effectuer des coupures volontaires de l&rsquo;\u00e9lectricit\u00e9 dans le cadre de la baisse de la pression, il a expliqu\u00e9 que cette mesure de pr\u00e9caution est applicable lorsque cela est n\u00e9cessaire pour maintenir l&rsquo;\u00e9quilibre du r\u00e9seau \u00e9lectrique et \u00e9viter son effondrement.<\/p>\n","protected":false},"excerpt":{"rendered":"<p>Le pic de consommation durant cette saison estivale est estim\u00e9 entre 4700 et 4900 m\u00e9gawatts en raison de l&rsquo;utilisation croissante des climatiseurs, a affirm\u00e9 le&#8230;<\/p>\n","protected":false},"author":3175,"featured_media":278258,"comment_status":"open","ping_status":"closed","sticky":false,"template":"","format":"standard","meta":{"footnotes":""},"categories":[44],"tags":[2719,3765,8188,2608],"class_list":["post-206320","post","type-post","status-publish","format-standard","has-post-thumbnail","hentry","category-national","tag-consommation","tag-electricite","tag-pic","tag-tunisie"],"yoast_head":"<!-- This site is optimized with the Yoast SEO Premium plugin v27.4 (Yoast SEO v27.5) - https:\/\/yoast.com\/product\/yoast-seo-premium-wordpress\/ -->\n<title>Tunisie : Cet \u00e9t\u00e9, un pic de consommation d\u2019\u00e9lectricit\u00e9 de 4900 m\u00e9gawatts attendu<\/title>\n<meta name=\"description\" content=\"Le pic de consommation durant cette saison estivale est estim\u00e9 entre 4700 et 4900 m\u00e9gawatts en raison de l&#039;utilisation croissante des climatiseurs, a affirm\u00e9 le...\" \/>\n<link rel=\"canonical\" href=\"https:\/\/www.webdo.tn\/fr\/actualite\/national\/tunisie-cet-ete-un-pic-de-consommation-d-electricite-de-4900-megawatts-attendu\/206320\/\" \/>\n<meta property=\"og:locale\" content=\"fr_FR\" \/>\n<meta property=\"og:type\" content=\"article\" \/>\n<meta property=\"og:title\" content=\"Tunisie : Cet \u00e9t\u00e9, un pic de consommation d\u2019\u00e9lectricit\u00e9 de 4900 m\u00e9gawatts attendu\" \/>\n<meta property=\"og:description\" content=\"Le pic de consommation durant cette saison estivale est estim\u00e9 entre 4700 et 4900 m\u00e9gawatts en raison de l&#039;utilisation croissante des climatiseurs, a affirm\u00e9 le...\" \/>\n<meta property=\"og:url\" content=\"https:\/\/www.webdo.tn\/fr\/actualite\/national\/tunisie-cet-ete-un-pic-de-consommation-d-electricite-de-4900-megawatts-attendu\/206320\/\" \/>\n<meta property=\"og:site_name\" content=\"webdo\" \/>\n<meta property=\"article:publisher\" content=\"https:\/\/www.facebook.com\/webdotn\" \/>\n<meta property=\"article:published_time\" content=\"2023-06-04T16:09:00+00:00\" \/>\n<meta property=\"article:modified_time\" content=\"2025-05-20T22:50:28+00:00\" \/>\n<meta property=\"og:image\" content=\"https:\/\/www.webdo.tn\/fr\/wp-content\/uploads\/2023\/06\/f6d42a10ffb4e24663159befa975ac21.jpg\" \/>\n\t<meta property=\"og:image:width\" content=\"750\" \/>\n\t<meta property=\"og:image:height\" content=\"400\" \/>\n\t<meta property=\"og:image:type\" content=\"image\/jpeg\" \/>\n<meta name=\"author\" content=\"CL\" \/>\n<meta name=\"twitter:card\" content=\"summary_large_image\" \/>\n<meta name=\"twitter:creator\" content=\"@webdo_tn\" \/>\n<meta name=\"twitter:site\" content=\"@webdo_tn\" \/>\n<meta name=\"twitter:label1\" content=\"\u00c9crit par\" \/>\n\t<meta name=\"twitter:data1\" content=\"CL\" \/>\n\t<meta name=\"twitter:label2\" content=\"Dur\u00e9e de lecture estim\u00e9e\" \/>\n\t<meta name=\"twitter:data2\" content=\"1 minute\" \/>\n<script type=\"application\/ld+json\" class=\"yoast-schema-graph\">{\"@context\":\"https:\\\/\\\/schema.org\",\"@graph\":[{\"@type\":\"NewsArticle\",\"@id\":\"https:\\\/\\\/www.webdo.tn\\\/fr\\\/actualite\\\/national\\\/tunisie-cet-ete-un-pic-de-consommation-d-electricite-de-4900-megawatts-attendu\\\/206320\\\/#article\",\"isPartOf\":{\"@id\":\"https:\\\/\\\/www.webdo.tn\\\/fr\\\/actualite\\\/national\\\/tunisie-cet-ete-un-pic-de-consommation-d-electricite-de-4900-megawatts-attendu\\\/206320\\\/\"},\"author\":{\"name\":\"CL\",\"@id\":\"https:\\\/\\\/www.webdo.tn\\\/fr\\\/#\\\/schema\\\/person\\\/f35b42a42c5e2511bbd282959d6385cc\"},\"headline\":\"Tunisie : Cet \u00e9t\u00e9, un pic de consommation d\u2019\u00e9lectricit\u00e9 de 4900 m\u00e9gawatts attendu\",\"datePublished\":\"2023-06-04T16:09:00+00:00\",\"dateModified\":\"2025-05-20T22:50:28+00:00\",\"mainEntityOfPage\":{\"@id\":\"https:\\\/\\\/www.webdo.tn\\\/fr\\\/actualite\\\/national\\\/tunisie-cet-ete-un-pic-de-consommation-d-electricite-de-4900-megawatts-attendu\\\/206320\\\/\"},\"wordCount\":280,\"commentCount\":0,\"publisher\":{\"@id\":\"https:\\\/\\\/www.webdo.tn\\\/fr\\\/#organization\"},\"image\":{\"@id\":\"https:\\\/\\\/www.webdo.tn\\\/fr\\\/actualite\\\/national\\\/tunisie-cet-ete-un-pic-de-consommation-d-electricite-de-4900-megawatts-attendu\\\/206320\\\/#primaryimage\"},\"thumbnailUrl\":\"https:\\\/\\\/www.webdo.tn\\\/fr\\\/wp-content\\\/uploads\\\/2023\\\/06\\\/f6d42a10ffb4e24663159befa975ac21.jpg\",\"keywords\":[\"consommation\",\"\u00e9lectricit\u00e9\",\"Pic\",\"Tunisie\"],\"articleSection\":[\"National\"],\"inLanguage\":\"fr-FR\"},{\"@type\":\"WebPage\",\"@id\":\"https:\\\/\\\/www.webdo.tn\\\/fr\\\/actualite\\\/national\\\/tunisie-cet-ete-un-pic-de-consommation-d-electricite-de-4900-megawatts-attendu\\\/206320\\\/\",\"url\":\"https:\\\/\\\/www.webdo.tn\\\/fr\\\/actualite\\\/national\\\/tunisie-cet-ete-un-pic-de-consommation-d-electricite-de-4900-megawatts-attendu\\\/206320\\\/\",\"name\":\"Tunisie : Cet \u00e9t\u00e9, un pic de consommation d\u2019\u00e9lectricit\u00e9 de 4900 m\u00e9gawatts attendu\",\"isPartOf\":{\"@id\":\"https:\\\/\\\/www.webdo.tn\\\/fr\\\/#website\"},\"primaryImageOfPage\":{\"@id\":\"https:\\\/\\\/www.webdo.tn\\\/fr\\\/actualite\\\/national\\\/tunisie-cet-ete-un-pic-de-consommation-d-electricite-de-4900-megawatts-attendu\\\/206320\\\/#primaryimage\"},\"image\":{\"@id\":\"https:\\\/\\\/www.webdo.tn\\\/fr\\\/actualite\\\/national\\\/tunisie-cet-ete-un-pic-de-consommation-d-electricite-de-4900-megawatts-attendu\\\/206320\\\/#primaryimage\"},\"thumbnailUrl\":\"https:\\\/\\\/www.webdo.tn\\\/fr\\\/wp-content\\\/uploads\\\/2023\\\/06\\\/f6d42a10ffb4e24663159befa975ac21.jpg\",\"datePublished\":\"2023-06-04T16:09:00+00:00\",\"dateModified\":\"2025-05-20T22:50:28+00:00\",\"description\":\"Le pic de consommation durant cette saison estivale est estim\u00e9 entre 4700 et 4900 m\u00e9gawatts en raison de l'utilisation croissante des climatiseurs, a affirm\u00e9 le...\",\"breadcrumb\":{\"@id\":\"https:\\\/\\\/www.webdo.tn\\\/fr\\\/actualite\\\/national\\\/tunisie-cet-ete-un-pic-de-consommation-d-electricite-de-4900-megawatts-attendu\\\/206320\\\/#breadcrumb\"},\"inLanguage\":\"fr-FR\",\"potentialAction\":[{\"@type\":\"ReadAction\",\"target\":[\"https:\\\/\\\/www.webdo.tn\\\/fr\\\/actualite\\\/national\\\/tunisie-cet-ete-un-pic-de-consommation-d-electricite-de-4900-megawatts-attendu\\\/206320\\\/\"]}]},{\"@type\":\"ImageObject\",\"inLanguage\":\"fr-FR\",\"@id\":\"https:\\\/\\\/www.webdo.tn\\\/fr\\\/actualite\\\/national\\\/tunisie-cet-ete-un-pic-de-consommation-d-electricite-de-4900-megawatts-attendu\\\/206320\\\/#primaryimage\",\"url\":\"https:\\\/\\\/www.webdo.tn\\\/fr\\\/wp-content\\\/uploads\\\/2023\\\/06\\\/f6d42a10ffb4e24663159befa975ac21.jpg\",\"contentUrl\":\"https:\\\/\\\/www.webdo.tn\\\/fr\\\/wp-content\\\/uploads\\\/2023\\\/06\\\/f6d42a10ffb4e24663159befa975ac21.jpg\",\"width\":750,\"height\":400,\"caption\":\"Electricit\u00e9\"},{\"@type\":\"BreadcrumbList\",\"@id\":\"https:\\\/\\\/www.webdo.tn\\\/fr\\\/actualite\\\/national\\\/tunisie-cet-ete-un-pic-de-consommation-d-electricite-de-4900-megawatts-attendu\\\/206320\\\/#breadcrumb\",\"itemListElement\":[{\"@type\":\"ListItem\",\"position\":1,\"name\":\"Accueil\",\"item\":\"https:\\\/\\\/www.webdo.tn\\\/fr\\\/\"},{\"@type\":\"ListItem\",\"position\":2,\"name\":\"Tunisie : Cet \u00e9t\u00e9, un pic de consommation d\u2019\u00e9lectricit\u00e9 de 4900 m\u00e9gawatts attendu\"}]},{\"@type\":\"WebSite\",\"@id\":\"https:\\\/\\\/www.webdo.tn\\\/fr\\\/#website\",\"url\":\"https:\\\/\\\/www.webdo.tn\\\/fr\\\/\",\"name\":\"webdo\",\"description\":\"Tunisie - News en Tunisie et \u00e0 l&#039;international sur Webdo.tn\",\"publisher\":{\"@id\":\"https:\\\/\\\/www.webdo.tn\\\/fr\\\/#organization\"},\"potentialAction\":[{\"@type\":\"SearchAction\",\"target\":{\"@type\":\"EntryPoint\",\"urlTemplate\":\"https:\\\/\\\/www.webdo.tn\\\/fr\\\/?s={search_term_string}\"},\"query-input\":{\"@type\":\"PropertyValueSpecification\",\"valueRequired\":true,\"valueName\":\"search_term_string\"}}],\"inLanguage\":\"fr-FR\"},{\"@type\":\"Organization\",\"@id\":\"https:\\\/\\\/www.webdo.tn\\\/fr\\\/#organization\",\"name\":\"Webdo\",\"alternateName\":\"Webdo.tn\",\"url\":\"https:\\\/\\\/www.webdo.tn\\\/fr\\\/\",\"logo\":{\"@type\":\"ImageObject\",\"inLanguage\":\"fr-FR\",\"@id\":\"https:\\\/\\\/www.webdo.tn\\\/fr\\\/#\\\/schema\\\/logo\\\/image\\\/\",\"url\":\"https:\\\/\\\/www.webdo.tn\\\/fr\\\/wp-content\\\/uploads\\\/2025\\\/06\\\/Webdo-Tunisie_168377.jpg\",\"contentUrl\":\"https:\\\/\\\/www.webdo.tn\\\/fr\\\/wp-content\\\/uploads\\\/2025\\\/06\\\/Webdo-Tunisie_168377.jpg\",\"width\":301,\"height\":301,\"caption\":\"Webdo\"},\"image\":{\"@id\":\"https:\\\/\\\/www.webdo.tn\\\/fr\\\/#\\\/schema\\\/logo\\\/image\\\/\"},\"sameAs\":[\"https:\\\/\\\/www.facebook.com\\\/webdotn\",\"https:\\\/\\\/x.com\\\/webdo_tn\"],\"description\":\"Webdo est un m\u00e9dia num\u00e9rique tunisien fond\u00e9 en 2010, sp\u00e9cialis\u00e9 dans l\u2019actualit\u00e9 nationale et internationale, l\u2019\u00e9conomie, la soci\u00e9t\u00e9 et les analyses politiques. Le site s\u2019adresse \u00e0 un large public francophone et couvre l\u2019information tunisienne en temps r\u00e9el.\",\"email\":\"redac@webdo.tn\",\"legalName\":\"YNJ SARL\",\"foundingDate\":\"2010-09-06\",\"numberOfEmployees\":{\"@type\":\"QuantitativeValue\",\"minValue\":\"11\",\"maxValue\":\"50\"}},{\"@type\":\"Person\",\"@id\":\"https:\\\/\\\/www.webdo.tn\\\/fr\\\/#\\\/schema\\\/person\\\/f35b42a42c5e2511bbd282959d6385cc\",\"name\":\"CL\",\"image\":{\"@type\":\"ImageObject\",\"inLanguage\":\"fr-FR\",\"@id\":\"https:\\\/\\\/secure.gravatar.com\\\/avatar\\\/1447a49909b67aa657c488aec6512e1dd6143a480c1ecfee9b5b5cd74eb3b59e?s=96&d=mm&r=g\",\"url\":\"https:\\\/\\\/secure.gravatar.com\\\/avatar\\\/1447a49909b67aa657c488aec6512e1dd6143a480c1ecfee9b5b5cd74eb3b59e?s=96&d=mm&r=g\",\"contentUrl\":\"https:\\\/\\\/secure.gravatar.com\\\/avatar\\\/1447a49909b67aa657c488aec6512e1dd6143a480c1ecfee9b5b5cd74eb3b59e?s=96&d=mm&r=g\",\"caption\":\"CL\"},\"url\":\"https:\\\/\\\/www.webdo.tn\\\/fr\\\/actualite\\\/author\\\/cl\\\/\"}]}<\/script>\n<!-- \/ Yoast SEO Premium plugin. -->","yoast_head_json":{"title":"Tunisie : Cet \u00e9t\u00e9, un pic de consommation d\u2019\u00e9lectricit\u00e9 de 4900 m\u00e9gawatts attendu","description":"Le pic de consommation durant cette saison estivale est estim\u00e9 entre 4700 et 4900 m\u00e9gawatts en raison de l'utilisation croissante des climatiseurs, a affirm\u00e9 le...","canonical":"https:\/\/www.webdo.tn\/fr\/actualite\/national\/tunisie-cet-ete-un-pic-de-consommation-d-electricite-de-4900-megawatts-attendu\/206320\/","og_locale":"fr_FR","og_type":"article","og_title":"Tunisie : Cet \u00e9t\u00e9, un pic de consommation d\u2019\u00e9lectricit\u00e9 de 4900 m\u00e9gawatts attendu","og_description":"Le pic de consommation durant cette saison estivale est estim\u00e9 entre 4700 et 4900 m\u00e9gawatts en raison de l'utilisation croissante des climatiseurs, a affirm\u00e9 le...","og_url":"https:\/\/www.webdo.tn\/fr\/actualite\/national\/tunisie-cet-ete-un-pic-de-consommation-d-electricite-de-4900-megawatts-attendu\/206320\/","og_site_name":"webdo","article_publisher":"https:\/\/www.facebook.com\/webdotn","article_published_time":"2023-06-04T16:09:00+00:00","article_modified_time":"2025-05-20T22:50:28+00:00","og_image":[{"width":750,"height":400,"url":"https:\/\/www.webdo.tn\/fr\/wp-content\/uploads\/2023\/06\/f6d42a10ffb4e24663159befa975ac21.jpg","type":"image\/jpeg"}],"author":"CL","twitter_card":"summary_large_image","twitter_creator":"@webdo_tn","twitter_site":"@webdo_tn","twitter_misc":{"\u00c9crit par":"CL","Dur\u00e9e de lecture estim\u00e9e":"1 minute"},"schema":{"@context":"https:\/\/schema.org","@graph":[{"@type":"NewsArticle","@id":"https:\/\/www.webdo.tn\/fr\/actualite\/national\/tunisie-cet-ete-un-pic-de-consommation-d-electricite-de-4900-megawatts-attendu\/206320\/#article","isPartOf":{"@id":"https:\/\/www.webdo.tn\/fr\/actualite\/national\/tunisie-cet-ete-un-pic-de-consommation-d-electricite-de-4900-megawatts-attendu\/206320\/"},"author":{"name":"CL","@id":"https:\/\/www.webdo.tn\/fr\/#\/schema\/person\/f35b42a42c5e2511bbd282959d6385cc"},"headline":"Tunisie : Cet \u00e9t\u00e9, un pic de consommation d\u2019\u00e9lectricit\u00e9 de 4900 m\u00e9gawatts attendu","datePublished":"2023-06-04T16:09:00+00:00","dateModified":"2025-05-20T22:50:28+00:00","mainEntityOfPage":{"@id":"https:\/\/www.webdo.tn\/fr\/actualite\/national\/tunisie-cet-ete-un-pic-de-consommation-d-electricite-de-4900-megawatts-attendu\/206320\/"},"wordCount":280,"commentCount":0,"publisher":{"@id":"https:\/\/www.webdo.tn\/fr\/#organization"},"image":{"@id":"https:\/\/www.webdo.tn\/fr\/actualite\/national\/tunisie-cet-ete-un-pic-de-consommation-d-electricite-de-4900-megawatts-attendu\/206320\/#primaryimage"},"thumbnailUrl":"https:\/\/www.webdo.tn\/fr\/wp-content\/uploads\/2023\/06\/f6d42a10ffb4e24663159befa975ac21.jpg","keywords":["consommation","\u00e9lectricit\u00e9","Pic","Tunisie"],"articleSection":["National"],"inLanguage":"fr-FR"},{"@type":"WebPage","@id":"https:\/\/www.webdo.tn\/fr\/actualite\/national\/tunisie-cet-ete-un-pic-de-consommation-d-electricite-de-4900-megawatts-attendu\/206320\/","url":"https:\/\/www.webdo.tn\/fr\/actualite\/national\/tunisie-cet-ete-un-pic-de-consommation-d-electricite-de-4900-megawatts-attendu\/206320\/","name":"Tunisie : Cet \u00e9t\u00e9, un pic de consommation d\u2019\u00e9lectricit\u00e9 de 4900 m\u00e9gawatts attendu","isPartOf":{"@id":"https:\/\/www.webdo.tn\/fr\/#website"},"primaryImageOfPage":{"@id":"https:\/\/www.webdo.tn\/fr\/actualite\/national\/tunisie-cet-ete-un-pic-de-consommation-d-electricite-de-4900-megawatts-attendu\/206320\/#primaryimage"},"image":{"@id":"https:\/\/www.webdo.tn\/fr\/actualite\/national\/tunisie-cet-ete-un-pic-de-consommation-d-electricite-de-4900-megawatts-attendu\/206320\/#primaryimage"},"thumbnailUrl":"https:\/\/www.webdo.tn\/fr\/wp-content\/uploads\/2023\/06\/f6d42a10ffb4e24663159befa975ac21.jpg","datePublished":"2023-06-04T16:09:00+00:00","dateModified":"2025-05-20T22:50:28+00:00","description":"Le pic de consommation durant cette saison estivale est estim\u00e9 entre 4700 et 4900 m\u00e9gawatts en raison de l'utilisation croissante des climatiseurs, a affirm\u00e9 le...","breadcrumb":{"@id":"https:\/\/www.webdo.tn\/fr\/actualite\/national\/tunisie-cet-ete-un-pic-de-consommation-d-electricite-de-4900-megawatts-attendu\/206320\/#breadcrumb"},"inLanguage":"fr-FR","potentialAction":[{"@type":"ReadAction","target":["https:\/\/www.webdo.tn\/fr\/actualite\/national\/tunisie-cet-ete-un-pic-de-consommation-d-electricite-de-4900-megawatts-attendu\/206320\/"]}]},{"@type":"ImageObject","inLanguage":"fr-FR","@id":"https:\/\/www.webdo.tn\/fr\/actualite\/national\/tunisie-cet-ete-un-pic-de-consommation-d-electricite-de-4900-megawatts-attendu\/206320\/#primaryimage","url":"https:\/\/www.webdo.tn\/fr\/wp-content\/uploads\/2023\/06\/f6d42a10ffb4e24663159befa975ac21.jpg","contentUrl":"https:\/\/www.webdo.tn\/fr\/wp-content\/uploads\/2023\/06\/f6d42a10ffb4e24663159befa975ac21.jpg","width":750,"height":400,"caption":"Electricit\u00e9"},{"@type":"BreadcrumbList","@id":"https:\/\/www.webdo.tn\/fr\/actualite\/national\/tunisie-cet-ete-un-pic-de-consommation-d-electricite-de-4900-megawatts-attendu\/206320\/#breadcrumb","itemListElement":[{"@type":"ListItem","position":1,"name":"Accueil","item":"https:\/\/www.webdo.tn\/fr\/"},{"@type":"ListItem","position":2,"name":"Tunisie : Cet \u00e9t\u00e9, un pic de consommation d\u2019\u00e9lectricit\u00e9 de 4900 m\u00e9gawatts attendu"}]},{"@type":"WebSite","@id":"https:\/\/www.webdo.tn\/fr\/#website","url":"https:\/\/www.webdo.tn\/fr\/","name":"webdo","description":"Tunisie - News en Tunisie et \u00e0 l&#039;international sur Webdo.tn","publisher":{"@id":"https:\/\/www.webdo.tn\/fr\/#organization"},"potentialAction":[{"@type":"SearchAction","target":{"@type":"EntryPoint","urlTemplate":"https:\/\/www.webdo.tn\/fr\/?s={search_term_string}"},"query-input":{"@type":"PropertyValueSpecification","valueRequired":true,"valueName":"search_term_string"}}],"inLanguage":"fr-FR"},{"@type":"Organization","@id":"https:\/\/www.webdo.tn\/fr\/#organization","name":"Webdo","alternateName":"Webdo.tn","url":"https:\/\/www.webdo.tn\/fr\/","logo":{"@type":"ImageObject","inLanguage":"fr-FR","@id":"https:\/\/www.webdo.tn\/fr\/#\/schema\/logo\/image\/","url":"https:\/\/www.webdo.tn\/fr\/wp-content\/uploads\/2025\/06\/Webdo-Tunisie_168377.jpg","contentUrl":"https:\/\/www.webdo.tn\/fr\/wp-content\/uploads\/2025\/06\/Webdo-Tunisie_168377.jpg","width":301,"height":301,"caption":"Webdo"},"image":{"@id":"https:\/\/www.webdo.tn\/fr\/#\/schema\/logo\/image\/"},"sameAs":["https:\/\/www.facebook.com\/webdotn","https:\/\/x.com\/webdo_tn"],"description":"Webdo est un m\u00e9dia num\u00e9rique tunisien fond\u00e9 en 2010, sp\u00e9cialis\u00e9 dans l\u2019actualit\u00e9 nationale et internationale, l\u2019\u00e9conomie, la soci\u00e9t\u00e9 et les analyses politiques. Le site s\u2019adresse \u00e0 un large public francophone et couvre l\u2019information tunisienne en temps r\u00e9el.","email":"redac@webdo.tn","legalName":"YNJ SARL","foundingDate":"2010-09-06","numberOfEmployees":{"@type":"QuantitativeValue","minValue":"11","maxValue":"50"}},{"@type":"Person","@id":"https:\/\/www.webdo.tn\/fr\/#\/schema\/person\/f35b42a42c5e2511bbd282959d6385cc","name":"CL","image":{"@type":"ImageObject","inLanguage":"fr-FR","@id":"https:\/\/secure.gravatar.com\/avatar\/1447a49909b67aa657c488aec6512e1dd6143a480c1ecfee9b5b5cd74eb3b59e?s=96&d=mm&r=g","url":"https:\/\/secure.gravatar.com\/avatar\/1447a49909b67aa657c488aec6512e1dd6143a480c1ecfee9b5b5cd74eb3b59e?s=96&d=mm&r=g","contentUrl":"https:\/\/secure.gravatar.com\/avatar\/1447a49909b67aa657c488aec6512e1dd6143a480c1ecfee9b5b5cd74eb3b59e?s=96&d=mm&r=g","caption":"CL"},"url":"https:\/\/www.webdo.tn\/fr\/actualite\/author\/cl\/"}]}},"_links":{"self":[{"href":"https:\/\/www.webdo.tn\/fr\/wp-json\/wp\/v2\/posts\/206320","targetHints":{"allow":["GET"]}}],"collection":[{"href":"https:\/\/www.webdo.tn\/fr\/wp-json\/wp\/v2\/posts"}],"about":[{"href":"https:\/\/www.webdo.tn\/fr\/wp-json\/wp\/v2\/types\/post"}],"author":[{"embeddable":true,"href":"https:\/\/www.webdo.tn\/fr\/wp-json\/wp\/v2\/users\/3175"}],"replies":[{"embeddable":true,"href":"https:\/\/www.webdo.tn\/fr\/wp-json\/wp\/v2\/comments?post=206320"}],"version-history":[{"count":0,"href":"https:\/\/www.webdo.tn\/fr\/wp-json\/wp\/v2\/posts\/206320\/revisions"}],"wp:featuredmedia":[{"embeddable":true,"href":"https:\/\/www.webdo.tn\/fr\/wp-json\/wp\/v2\/media\/278258"}],"wp:attachment":[{"href":"https:\/\/www.webdo.tn\/fr\/wp-json\/wp\/v2\/media?parent=206320"}],"wp:term":[{"taxonomy":"category","embeddable":true,"href":"https:\/\/www.webdo.tn\/fr\/wp-json\/wp\/v2\/categories?post=206320"},{"taxonomy":"post_tag","embeddable":true,"href":"https:\/\/www.webdo.tn\/fr\/wp-json\/wp\/v2\/tags?post=206320"}],"curies":[{"name":"wp","href":"https:\/\/api.w.org\/{rel}","templated":true}]}}