{"id":206316,"date":"2023-06-04T10:18:00","date_gmt":"2023-06-04T10:18:00","guid":{"rendered":"https:\/\/www.webdo.tn\/fr\/blog\/saied-a-macron-les-conditions-du-fmi-risquent-de-destabiliser-le-pays\/206316\/"},"modified":"2025-05-20T22:42:57","modified_gmt":"2025-05-20T22:42:57","slug":"saied-a-macron-les-conditions-du-fmi-risquent-de-destabiliser-le-pays","status":"publish","type":"post","link":"https:\/\/www.webdo.tn\/fr\/actualite\/national\/saied-a-macron-les-conditions-du-fmi-risquent-de-destabiliser-le-pays\/206316\/","title":{"rendered":"Saied \u00e0 Macron : \u00ab Les conditions du FMI risquent de d\u00e9stabiliser le pays \u00bb"},"content":{"rendered":"<p>Un entretien t\u00e9l\u00e9phonique a eu lieu, samedi apr\u00e8s-midi, entre le pr\u00e9sident de la R\u00e9publique, Ka\u00efs Sa\u00efed et son homologue fran\u00e7ais, Emmanuel Macron, au cours duquel plusieurs questions ont \u00e9t\u00e9 \u00e9voqu\u00e9es, dont la migration irr\u00e9guli\u00e8re et les difficult\u00e9s \u00e9conomiques et financi\u00e8res que connait la Tunisie.<\/p>\n<p>\t\t\t\t\t\t\t\t\tSelon un communiqu\u00e9 de la Pr\u00e9sidence de la R\u00e9publique, l&rsquo;entretien a \u00e9t\u00e9 l&rsquo;occasion pour le chef de l&rsquo;Etat d&rsquo;expliquer sa position concernant les n\u00e9gociations avec le FMI, soulignant, \u00e0 ce titre, que les recommandations \u00e9manant de cette institution mon\u00e9taire risquent de conduire \u00e0 une d\u00e9stabilisation de la paix sociale.<\/p>\n<p>A cet \u00e9gard, le chef de l&rsquo;Etat a rappel\u00e9 les \u00e9v\u00e9nements du 3 janvier 1984 lors desquels des centaines de personnes ont trouv\u00e9 la mort lorsque l&rsquo;Etat a d\u00e9cid\u00e9 de ne plus subventionner les produits c\u00e9r\u00e9aliers et leurs d\u00e9riv\u00e9s. Pour le chef de l&rsquo;Etat, \u00ab\u00a0la paix civile n&rsquo;a pas de prix. Elle est une valeur inestimable\u00a0\u00bb.<\/p>\n<p>En contrepartie, le pr\u00e9sident Sa\u00efed a \u00e9voqu\u00e9 la possibilit\u00e9 de proposer une nouvelle alternative celle de pr\u00e9lever des imp\u00f4ts \u00e0 ceux qui n&rsquo;ont pas besoin de subventionnement et ce dans le but d&rsquo;assurer un financement soutenu de la caisse de compensation.<\/p>\n<p>Et le pr\u00e9sident Sa\u00efed d&rsquo;affirmer que \u00ab\u00a0tout comme la justice doit pr\u00e9valoir \u00e0 l&rsquo;int\u00e9rieur des pays, elle doit aussi gouverner les relations internationales\u00a0\u00bb, soulignant que \u00ab\u00a0l&rsquo;humanit\u00e9 tout enti\u00e8re aspire \u00e0 une nouvelle \u00e8re de son histoire o\u00f9 pr\u00e9valent justice, libert\u00e9, s\u00e9curit\u00e9 et paix\u00a0\u00bb.<\/p>\n<p>L&rsquo;entretien t\u00e9l\u00e9phonique a \u00e9t\u00e9 l&rsquo;occasion de passer en revue les difficult\u00e9s \u00e9conomiques et financi\u00e8res que conna\u00eet la Tunisie \u00ab\u00a0en raison du fiasco des politiques adopt\u00e9es lors des d\u00e9cennies pr\u00e9c\u00e9dentes, notamment, la d\u00e9cennie de l&rsquo;apr\u00e8s 14 janvier 2011\u00a0\u00bb, lit-on de m\u00eame source.<\/p>\n<p>La question de l&rsquo;argent des Tunisiens, qui a \u00e9t\u00e9 spoli\u00e9 et d\u00e9tourn\u00e9 \u00e0 l&rsquo;\u00e9tranger, a \u00e9galement \u00e9t\u00e9 \u00e9voqu\u00e9e lors de cet entretien.<br \/>\nToujours selon la m\u00eame source, l&rsquo;entretien a permis de discuter du ph\u00e9nom\u00e8ne de la migration irr\u00e9guli\u00e8re.<\/p>\n<p>A ce titre, le chef de l&rsquo;Etat a soulign\u00e9 que les solutions ne peuvent pas \u00eatre seulement d&rsquo;ordre s\u00e9curitaire, ajoutant que l&rsquo;exp\u00e9rience a fait montre de l&rsquo;inefficacit\u00e9 de cette approche tronqu\u00e9e.<\/p>\n<p>A cela s&rsquo;ajoute le fait que la Tunisie \u00ab\u00a0n&rsquo;est plus seulement une zone de transit, mais bien plus elle est devenue une destination pour de nombreux migrants qui s&rsquo;y sont install\u00e9s ill\u00e9galement\u00a0\u00bb, a-t-il encore pr\u00e9cis\u00e9.<\/p>\n","protected":false},"excerpt":{"rendered":"<p>Un entretien t\u00e9l\u00e9phonique a eu lieu, samedi apr\u00e8s-midi, entre le pr\u00e9sident de la R\u00e9publique, Ka\u00efs Sa\u00efed et son homologue fran\u00e7ais, Emmanuel Macron, au cours duq&#8230;<\/p>\n","protected":false},"author":3175,"featured_media":250979,"comment_status":"open","ping_status":"closed","sticky":false,"template":"","format":"standard","meta":{"footnotes":""},"categories":[44],"tags":[2998,3535,3418,2608],"class_list":["post-206316","post","type-post","status-publish","format-standard","has-post-thumbnail","hentry","category-national","tag-france","tag-macron","tag-saied","tag-tunisie"],"yoast_head":"<!-- This site is optimized with the Yoast SEO Premium plugin v27.5 (Yoast SEO v27.5) - https:\/\/yoast.com\/product\/yoast-seo-premium-wordpress\/ -->\n<title>Saied \u00e0 Macron : \u00ab Les conditions du FMI risquent de d\u00e9stabiliser le pays \u00bb<\/title>\n<meta name=\"description\" content=\"Un entretien t\u00e9l\u00e9phonique a eu lieu, samedi apr\u00e8s-midi, entre le pr\u00e9sident de la R\u00e9publique, Ka\u00efs Sa\u00efed et son homologue fran\u00e7ais, Emmanuel Macron, au cours duq...\" \/>\n<link rel=\"canonical\" href=\"https:\/\/www.webdo.tn\/fr\/actualite\/national\/saied-a-macron-les-conditions-du-fmi-risquent-de-destabiliser-le-pays\/206316\/\" \/>\n<meta property=\"og:locale\" content=\"fr_FR\" \/>\n<meta property=\"og:type\" content=\"article\" \/>\n<meta property=\"og:title\" content=\"Saied \u00e0 Macron : \u00ab Les conditions du FMI risquent de d\u00e9stabiliser le pays \u00bb\" \/>\n<meta property=\"og:description\" content=\"Un entretien t\u00e9l\u00e9phonique a eu lieu, samedi apr\u00e8s-midi, entre le pr\u00e9sident de la R\u00e9publique, Ka\u00efs Sa\u00efed et son homologue fran\u00e7ais, Emmanuel Macron, au cours duq...\" \/>\n<meta property=\"og:url\" content=\"https:\/\/www.webdo.tn\/fr\/actualite\/national\/saied-a-macron-les-conditions-du-fmi-risquent-de-destabiliser-le-pays\/206316\/\" \/>\n<meta property=\"og:site_name\" content=\"webdo\" \/>\n<meta property=\"article:publisher\" content=\"https:\/\/www.facebook.com\/webdotn\" \/>\n<meta property=\"article:published_time\" content=\"2023-06-04T10:18:00+00:00\" \/>\n<meta property=\"article:modified_time\" content=\"2025-05-20T22:42:57+00:00\" \/>\n<meta property=\"og:image\" content=\"https:\/\/www.webdo.tn\/fr\/wp-content\/uploads\/2023\/06\/e2ebd765af144a9adb0a2fad1686ddfb.jpg\" \/>\n\t<meta property=\"og:image:width\" content=\"720\" \/>\n\t<meta property=\"og:image:height\" content=\"384\" \/>\n\t<meta property=\"og:image:type\" content=\"image\/jpeg\" \/>\n<meta name=\"author\" content=\"CL\" \/>\n<meta name=\"twitter:card\" content=\"summary_large_image\" \/>\n<meta name=\"twitter:creator\" content=\"@webdo_tn\" \/>\n<meta name=\"twitter:site\" content=\"@webdo_tn\" \/>\n<meta name=\"twitter:label1\" content=\"\u00c9crit par\" \/>\n\t<meta name=\"twitter:data1\" content=\"CL\" \/>\n\t<meta name=\"twitter:label2\" content=\"Dur\u00e9e de lecture estim\u00e9e\" \/>\n\t<meta name=\"twitter:data2\" content=\"2 minutes\" \/>\n<script type=\"application\/ld+json\" class=\"yoast-schema-graph\">{\"@context\":\"https:\\\/\\\/schema.org\",\"@graph\":[{\"@type\":\"NewsArticle\",\"@id\":\"https:\\\/\\\/www.webdo.tn\\\/fr\\\/actualite\\\/national\\\/saied-a-macron-les-conditions-du-fmi-risquent-de-destabiliser-le-pays\\\/206316\\\/#article\",\"isPartOf\":{\"@id\":\"https:\\\/\\\/www.webdo.tn\\\/fr\\\/actualite\\\/national\\\/saied-a-macron-les-conditions-du-fmi-risquent-de-destabiliser-le-pays\\\/206316\\\/\"},\"author\":{\"name\":\"CL\",\"@id\":\"https:\\\/\\\/www.webdo.tn\\\/fr\\\/#\\\/schema\\\/person\\\/f35b42a42c5e2511bbd282959d6385cc\"},\"headline\":\"Saied \u00e0 Macron : \u00ab Les conditions du FMI risquent de d\u00e9stabiliser le pays \u00bb\",\"datePublished\":\"2023-06-04T10:18:00+00:00\",\"dateModified\":\"2025-05-20T22:42:57+00:00\",\"mainEntityOfPage\":{\"@id\":\"https:\\\/\\\/www.webdo.tn\\\/fr\\\/actualite\\\/national\\\/saied-a-macron-les-conditions-du-fmi-risquent-de-destabiliser-le-pays\\\/206316\\\/\"},\"wordCount\":466,\"commentCount\":0,\"publisher\":{\"@id\":\"https:\\\/\\\/www.webdo.tn\\\/fr\\\/#organization\"},\"image\":{\"@id\":\"https:\\\/\\\/www.webdo.tn\\\/fr\\\/actualite\\\/national\\\/saied-a-macron-les-conditions-du-fmi-risquent-de-destabiliser-le-pays\\\/206316\\\/#primaryimage\"},\"thumbnailUrl\":\"https:\\\/\\\/www.webdo.tn\\\/fr\\\/wp-content\\\/uploads\\\/2023\\\/06\\\/e2ebd765af144a9adb0a2fad1686ddfb.jpg\",\"keywords\":[\"france\",\"macron\",\"Saied\",\"Tunisie\"],\"articleSection\":[\"National\"],\"inLanguage\":\"fr-FR\"},{\"@type\":\"WebPage\",\"@id\":\"https:\\\/\\\/www.webdo.tn\\\/fr\\\/actualite\\\/national\\\/saied-a-macron-les-conditions-du-fmi-risquent-de-destabiliser-le-pays\\\/206316\\\/\",\"url\":\"https:\\\/\\\/www.webdo.tn\\\/fr\\\/actualite\\\/national\\\/saied-a-macron-les-conditions-du-fmi-risquent-de-destabiliser-le-pays\\\/206316\\\/\",\"name\":\"Saied \u00e0 Macron : \u00ab Les conditions du FMI risquent de d\u00e9stabiliser le pays \u00bb\",\"isPartOf\":{\"@id\":\"https:\\\/\\\/www.webdo.tn\\\/fr\\\/#website\"},\"primaryImageOfPage\":{\"@id\":\"https:\\\/\\\/www.webdo.tn\\\/fr\\\/actualite\\\/national\\\/saied-a-macron-les-conditions-du-fmi-risquent-de-destabiliser-le-pays\\\/206316\\\/#primaryimage\"},\"image\":{\"@id\":\"https:\\\/\\\/www.webdo.tn\\\/fr\\\/actualite\\\/national\\\/saied-a-macron-les-conditions-du-fmi-risquent-de-destabiliser-le-pays\\\/206316\\\/#primaryimage\"},\"thumbnailUrl\":\"https:\\\/\\\/www.webdo.tn\\\/fr\\\/wp-content\\\/uploads\\\/2023\\\/06\\\/e2ebd765af144a9adb0a2fad1686ddfb.jpg\",\"datePublished\":\"2023-06-04T10:18:00+00:00\",\"dateModified\":\"2025-05-20T22:42:57+00:00\",\"description\":\"Un entretien t\u00e9l\u00e9phonique a eu lieu, samedi apr\u00e8s-midi, entre le pr\u00e9sident de la R\u00e9publique, Ka\u00efs Sa\u00efed et son homologue fran\u00e7ais, Emmanuel Macron, au cours duq...\",\"breadcrumb\":{\"@id\":\"https:\\\/\\\/www.webdo.tn\\\/fr\\\/actualite\\\/national\\\/saied-a-macron-les-conditions-du-fmi-risquent-de-destabiliser-le-pays\\\/206316\\\/#breadcrumb\"},\"inLanguage\":\"fr-FR\",\"potentialAction\":[{\"@type\":\"ReadAction\",\"target\":[\"https:\\\/\\\/www.webdo.tn\\\/fr\\\/actualite\\\/national\\\/saied-a-macron-les-conditions-du-fmi-risquent-de-destabiliser-le-pays\\\/206316\\\/\"]}]},{\"@type\":\"ImageObject\",\"inLanguage\":\"fr-FR\",\"@id\":\"https:\\\/\\\/www.webdo.tn\\\/fr\\\/actualite\\\/national\\\/saied-a-macron-les-conditions-du-fmi-risquent-de-destabiliser-le-pays\\\/206316\\\/#primaryimage\",\"url\":\"https:\\\/\\\/www.webdo.tn\\\/fr\\\/wp-content\\\/uploads\\\/2023\\\/06\\\/e2ebd765af144a9adb0a2fad1686ddfb.jpg\",\"contentUrl\":\"https:\\\/\\\/www.webdo.tn\\\/fr\\\/wp-content\\\/uploads\\\/2023\\\/06\\\/e2ebd765af144a9adb0a2fad1686ddfb.jpg\",\"width\":720,\"height\":384,\"caption\":\"Saied \u00e0 Macron : \u00ab Les conditions du FMI risquent de d\u00e9stabiliser le pays \u00bb\"},{\"@type\":\"BreadcrumbList\",\"@id\":\"https:\\\/\\\/www.webdo.tn\\\/fr\\\/actualite\\\/national\\\/saied-a-macron-les-conditions-du-fmi-risquent-de-destabiliser-le-pays\\\/206316\\\/#breadcrumb\",\"itemListElement\":[{\"@type\":\"ListItem\",\"position\":1,\"name\":\"Accueil\",\"item\":\"https:\\\/\\\/www.webdo.tn\\\/fr\\\/\"},{\"@type\":\"ListItem\",\"position\":2,\"name\":\"Saied \u00e0 Macron : \u00ab Les conditions du FMI risquent de d\u00e9stabiliser le pays \u00bb\"}]},{\"@type\":\"WebSite\",\"@id\":\"https:\\\/\\\/www.webdo.tn\\\/fr\\\/#website\",\"url\":\"https:\\\/\\\/www.webdo.tn\\\/fr\\\/\",\"name\":\"webdo\",\"description\":\"Tunisie - News en Tunisie et \u00e0 l&#039;international sur Webdo.tn\",\"publisher\":{\"@id\":\"https:\\\/\\\/www.webdo.tn\\\/fr\\\/#organization\"},\"potentialAction\":[{\"@type\":\"SearchAction\",\"target\":{\"@type\":\"EntryPoint\",\"urlTemplate\":\"https:\\\/\\\/www.webdo.tn\\\/fr\\\/?s={search_term_string}\"},\"query-input\":{\"@type\":\"PropertyValueSpecification\",\"valueRequired\":true,\"valueName\":\"search_term_string\"}}],\"inLanguage\":\"fr-FR\"},{\"@type\":\"Organization\",\"@id\":\"https:\\\/\\\/www.webdo.tn\\\/fr\\\/#organization\",\"name\":\"Webdo\",\"alternateName\":\"Webdo.tn\",\"url\":\"https:\\\/\\\/www.webdo.tn\\\/fr\\\/\",\"logo\":{\"@type\":\"ImageObject\",\"inLanguage\":\"fr-FR\",\"@id\":\"https:\\\/\\\/www.webdo.tn\\\/fr\\\/#\\\/schema\\\/logo\\\/image\\\/\",\"url\":\"https:\\\/\\\/www.webdo.tn\\\/fr\\\/wp-content\\\/uploads\\\/2025\\\/06\\\/Webdo-Tunisie_168377.jpg\",\"contentUrl\":\"https:\\\/\\\/www.webdo.tn\\\/fr\\\/wp-content\\\/uploads\\\/2025\\\/06\\\/Webdo-Tunisie_168377.jpg\",\"width\":301,\"height\":301,\"caption\":\"Webdo\"},\"image\":{\"@id\":\"https:\\\/\\\/www.webdo.tn\\\/fr\\\/#\\\/schema\\\/logo\\\/image\\\/\"},\"sameAs\":[\"https:\\\/\\\/www.facebook.com\\\/webdotn\",\"https:\\\/\\\/x.com\\\/webdo_tn\"],\"description\":\"Webdo est un m\u00e9dia num\u00e9rique tunisien fond\u00e9 en 2010, sp\u00e9cialis\u00e9 dans l\u2019actualit\u00e9 nationale et internationale, l\u2019\u00e9conomie, la soci\u00e9t\u00e9 et les analyses politiques. Le site s\u2019adresse \u00e0 un large public francophone et couvre l\u2019information tunisienne en temps r\u00e9el.\",\"email\":\"redac@webdo.tn\",\"legalName\":\"YNJ SARL\",\"foundingDate\":\"2010-09-06\",\"numberOfEmployees\":{\"@type\":\"QuantitativeValue\",\"minValue\":\"11\",\"maxValue\":\"50\"}},{\"@type\":\"Person\",\"@id\":\"https:\\\/\\\/www.webdo.tn\\\/fr\\\/#\\\/schema\\\/person\\\/f35b42a42c5e2511bbd282959d6385cc\",\"name\":\"CL\",\"image\":{\"@type\":\"ImageObject\",\"inLanguage\":\"fr-FR\",\"@id\":\"https:\\\/\\\/secure.gravatar.com\\\/avatar\\\/1447a49909b67aa657c488aec6512e1dd6143a480c1ecfee9b5b5cd74eb3b59e?s=96&d=mm&r=g\",\"url\":\"https:\\\/\\\/secure.gravatar.com\\\/avatar\\\/1447a49909b67aa657c488aec6512e1dd6143a480c1ecfee9b5b5cd74eb3b59e?s=96&d=mm&r=g\",\"contentUrl\":\"https:\\\/\\\/secure.gravatar.com\\\/avatar\\\/1447a49909b67aa657c488aec6512e1dd6143a480c1ecfee9b5b5cd74eb3b59e?s=96&d=mm&r=g\",\"caption\":\"CL\"},\"url\":\"https:\\\/\\\/www.webdo.tn\\\/fr\\\/actualite\\\/author\\\/cl\\\/\"}]}<\/script>\n<!-- \/ Yoast SEO Premium plugin. -->","yoast_head_json":{"title":"Saied \u00e0 Macron : \u00ab Les conditions du FMI risquent de d\u00e9stabiliser le pays \u00bb","description":"Un entretien t\u00e9l\u00e9phonique a eu lieu, samedi apr\u00e8s-midi, entre le pr\u00e9sident de la R\u00e9publique, Ka\u00efs Sa\u00efed et son homologue fran\u00e7ais, Emmanuel Macron, au cours duq...","canonical":"https:\/\/www.webdo.tn\/fr\/actualite\/national\/saied-a-macron-les-conditions-du-fmi-risquent-de-destabiliser-le-pays\/206316\/","og_locale":"fr_FR","og_type":"article","og_title":"Saied \u00e0 Macron : \u00ab Les conditions du FMI risquent de d\u00e9stabiliser le pays \u00bb","og_description":"Un entretien t\u00e9l\u00e9phonique a eu lieu, samedi apr\u00e8s-midi, entre le pr\u00e9sident de la R\u00e9publique, Ka\u00efs Sa\u00efed et son homologue fran\u00e7ais, Emmanuel Macron, au cours duq...","og_url":"https:\/\/www.webdo.tn\/fr\/actualite\/national\/saied-a-macron-les-conditions-du-fmi-risquent-de-destabiliser-le-pays\/206316\/","og_site_name":"webdo","article_publisher":"https:\/\/www.facebook.com\/webdotn","article_published_time":"2023-06-04T10:18:00+00:00","article_modified_time":"2025-05-20T22:42:57+00:00","og_image":[{"width":720,"height":384,"url":"https:\/\/www.webdo.tn\/fr\/wp-content\/uploads\/2023\/06\/e2ebd765af144a9adb0a2fad1686ddfb.jpg","type":"image\/jpeg"}],"author":"CL","twitter_card":"summary_large_image","twitter_creator":"@webdo_tn","twitter_site":"@webdo_tn","twitter_misc":{"\u00c9crit par":"CL","Dur\u00e9e de lecture estim\u00e9e":"2 minutes"},"schema":{"@context":"https:\/\/schema.org","@graph":[{"@type":"NewsArticle","@id":"https:\/\/www.webdo.tn\/fr\/actualite\/national\/saied-a-macron-les-conditions-du-fmi-risquent-de-destabiliser-le-pays\/206316\/#article","isPartOf":{"@id":"https:\/\/www.webdo.tn\/fr\/actualite\/national\/saied-a-macron-les-conditions-du-fmi-risquent-de-destabiliser-le-pays\/206316\/"},"author":{"name":"CL","@id":"https:\/\/www.webdo.tn\/fr\/#\/schema\/person\/f35b42a42c5e2511bbd282959d6385cc"},"headline":"Saied \u00e0 Macron : \u00ab Les conditions du FMI risquent de d\u00e9stabiliser le pays \u00bb","datePublished":"2023-06-04T10:18:00+00:00","dateModified":"2025-05-20T22:42:57+00:00","mainEntityOfPage":{"@id":"https:\/\/www.webdo.tn\/fr\/actualite\/national\/saied-a-macron-les-conditions-du-fmi-risquent-de-destabiliser-le-pays\/206316\/"},"wordCount":466,"commentCount":0,"publisher":{"@id":"https:\/\/www.webdo.tn\/fr\/#organization"},"image":{"@id":"https:\/\/www.webdo.tn\/fr\/actualite\/national\/saied-a-macron-les-conditions-du-fmi-risquent-de-destabiliser-le-pays\/206316\/#primaryimage"},"thumbnailUrl":"https:\/\/www.webdo.tn\/fr\/wp-content\/uploads\/2023\/06\/e2ebd765af144a9adb0a2fad1686ddfb.jpg","keywords":["france","macron","Saied","Tunisie"],"articleSection":["National"],"inLanguage":"fr-FR"},{"@type":"WebPage","@id":"https:\/\/www.webdo.tn\/fr\/actualite\/national\/saied-a-macron-les-conditions-du-fmi-risquent-de-destabiliser-le-pays\/206316\/","url":"https:\/\/www.webdo.tn\/fr\/actualite\/national\/saied-a-macron-les-conditions-du-fmi-risquent-de-destabiliser-le-pays\/206316\/","name":"Saied \u00e0 Macron : \u00ab Les conditions du FMI risquent de d\u00e9stabiliser le pays \u00bb","isPartOf":{"@id":"https:\/\/www.webdo.tn\/fr\/#website"},"primaryImageOfPage":{"@id":"https:\/\/www.webdo.tn\/fr\/actualite\/national\/saied-a-macron-les-conditions-du-fmi-risquent-de-destabiliser-le-pays\/206316\/#primaryimage"},"image":{"@id":"https:\/\/www.webdo.tn\/fr\/actualite\/national\/saied-a-macron-les-conditions-du-fmi-risquent-de-destabiliser-le-pays\/206316\/#primaryimage"},"thumbnailUrl":"https:\/\/www.webdo.tn\/fr\/wp-content\/uploads\/2023\/06\/e2ebd765af144a9adb0a2fad1686ddfb.jpg","datePublished":"2023-06-04T10:18:00+00:00","dateModified":"2025-05-20T22:42:57+00:00","description":"Un entretien t\u00e9l\u00e9phonique a eu lieu, samedi apr\u00e8s-midi, entre le pr\u00e9sident de la R\u00e9publique, Ka\u00efs Sa\u00efed et son homologue fran\u00e7ais, Emmanuel Macron, au cours duq...","breadcrumb":{"@id":"https:\/\/www.webdo.tn\/fr\/actualite\/national\/saied-a-macron-les-conditions-du-fmi-risquent-de-destabiliser-le-pays\/206316\/#breadcrumb"},"inLanguage":"fr-FR","potentialAction":[{"@type":"ReadAction","target":["https:\/\/www.webdo.tn\/fr\/actualite\/national\/saied-a-macron-les-conditions-du-fmi-risquent-de-destabiliser-le-pays\/206316\/"]}]},{"@type":"ImageObject","inLanguage":"fr-FR","@id":"https:\/\/www.webdo.tn\/fr\/actualite\/national\/saied-a-macron-les-conditions-du-fmi-risquent-de-destabiliser-le-pays\/206316\/#primaryimage","url":"https:\/\/www.webdo.tn\/fr\/wp-content\/uploads\/2023\/06\/e2ebd765af144a9adb0a2fad1686ddfb.jpg","contentUrl":"https:\/\/www.webdo.tn\/fr\/wp-content\/uploads\/2023\/06\/e2ebd765af144a9adb0a2fad1686ddfb.jpg","width":720,"height":384,"caption":"Saied \u00e0 Macron : \u00ab Les conditions du FMI risquent de d\u00e9stabiliser le pays \u00bb"},{"@type":"BreadcrumbList","@id":"https:\/\/www.webdo.tn\/fr\/actualite\/national\/saied-a-macron-les-conditions-du-fmi-risquent-de-destabiliser-le-pays\/206316\/#breadcrumb","itemListElement":[{"@type":"ListItem","position":1,"name":"Accueil","item":"https:\/\/www.webdo.tn\/fr\/"},{"@type":"ListItem","position":2,"name":"Saied \u00e0 Macron : \u00ab Les conditions du FMI risquent de d\u00e9stabiliser le pays \u00bb"}]},{"@type":"WebSite","@id":"https:\/\/www.webdo.tn\/fr\/#website","url":"https:\/\/www.webdo.tn\/fr\/","name":"webdo","description":"Tunisie - News en Tunisie et \u00e0 l&#039;international sur Webdo.tn","publisher":{"@id":"https:\/\/www.webdo.tn\/fr\/#organization"},"potentialAction":[{"@type":"SearchAction","target":{"@type":"EntryPoint","urlTemplate":"https:\/\/www.webdo.tn\/fr\/?s={search_term_string}"},"query-input":{"@type":"PropertyValueSpecification","valueRequired":true,"valueName":"search_term_string"}}],"inLanguage":"fr-FR"},{"@type":"Organization","@id":"https:\/\/www.webdo.tn\/fr\/#organization","name":"Webdo","alternateName":"Webdo.tn","url":"https:\/\/www.webdo.tn\/fr\/","logo":{"@type":"ImageObject","inLanguage":"fr-FR","@id":"https:\/\/www.webdo.tn\/fr\/#\/schema\/logo\/image\/","url":"https:\/\/www.webdo.tn\/fr\/wp-content\/uploads\/2025\/06\/Webdo-Tunisie_168377.jpg","contentUrl":"https:\/\/www.webdo.tn\/fr\/wp-content\/uploads\/2025\/06\/Webdo-Tunisie_168377.jpg","width":301,"height":301,"caption":"Webdo"},"image":{"@id":"https:\/\/www.webdo.tn\/fr\/#\/schema\/logo\/image\/"},"sameAs":["https:\/\/www.facebook.com\/webdotn","https:\/\/x.com\/webdo_tn"],"description":"Webdo est un m\u00e9dia num\u00e9rique tunisien fond\u00e9 en 2010, sp\u00e9cialis\u00e9 dans l\u2019actualit\u00e9 nationale et internationale, l\u2019\u00e9conomie, la soci\u00e9t\u00e9 et les analyses politiques. Le site s\u2019adresse \u00e0 un large public francophone et couvre l\u2019information tunisienne en temps r\u00e9el.","email":"redac@webdo.tn","legalName":"YNJ SARL","foundingDate":"2010-09-06","numberOfEmployees":{"@type":"QuantitativeValue","minValue":"11","maxValue":"50"}},{"@type":"Person","@id":"https:\/\/www.webdo.tn\/fr\/#\/schema\/person\/f35b42a42c5e2511bbd282959d6385cc","name":"CL","image":{"@type":"ImageObject","inLanguage":"fr-FR","@id":"https:\/\/secure.gravatar.com\/avatar\/1447a49909b67aa657c488aec6512e1dd6143a480c1ecfee9b5b5cd74eb3b59e?s=96&d=mm&r=g","url":"https:\/\/secure.gravatar.com\/avatar\/1447a49909b67aa657c488aec6512e1dd6143a480c1ecfee9b5b5cd74eb3b59e?s=96&d=mm&r=g","contentUrl":"https:\/\/secure.gravatar.com\/avatar\/1447a49909b67aa657c488aec6512e1dd6143a480c1ecfee9b5b5cd74eb3b59e?s=96&d=mm&r=g","caption":"CL"},"url":"https:\/\/www.webdo.tn\/fr\/actualite\/author\/cl\/"}]}},"_links":{"self":[{"href":"https:\/\/www.webdo.tn\/fr\/wp-json\/wp\/v2\/posts\/206316","targetHints":{"allow":["GET"]}}],"collection":[{"href":"https:\/\/www.webdo.tn\/fr\/wp-json\/wp\/v2\/posts"}],"about":[{"href":"https:\/\/www.webdo.tn\/fr\/wp-json\/wp\/v2\/types\/post"}],"author":[{"embeddable":true,"href":"https:\/\/www.webdo.tn\/fr\/wp-json\/wp\/v2\/users\/3175"}],"replies":[{"embeddable":true,"href":"https:\/\/www.webdo.tn\/fr\/wp-json\/wp\/v2\/comments?post=206316"}],"version-history":[{"count":0,"href":"https:\/\/www.webdo.tn\/fr\/wp-json\/wp\/v2\/posts\/206316\/revisions"}],"wp:featuredmedia":[{"embeddable":true,"href":"https:\/\/www.webdo.tn\/fr\/wp-json\/wp\/v2\/media\/250979"}],"wp:attachment":[{"href":"https:\/\/www.webdo.tn\/fr\/wp-json\/wp\/v2\/media?parent=206316"}],"wp:term":[{"taxonomy":"category","embeddable":true,"href":"https:\/\/www.webdo.tn\/fr\/wp-json\/wp\/v2\/categories?post=206316"},{"taxonomy":"post_tag","embeddable":true,"href":"https:\/\/www.webdo.tn\/fr\/wp-json\/wp\/v2\/tags?post=206316"}],"curies":[{"name":"wp","href":"https:\/\/api.w.org\/{rel}","templated":true}]}}