{"id":206289,"date":"2023-06-02T19:12:00","date_gmt":"2023-06-02T19:12:00","guid":{"rendered":"https:\/\/www.webdo.tn\/fr\/blog\/giorgia-meloni-en-tunisie-sur-invitation-de-kais-saied\/206289\/"},"modified":"2025-05-20T22:50:27","modified_gmt":"2025-05-20T22:50:27","slug":"giorgia-meloni-en-tunisie-sur-invitation-de-kais-saied","status":"publish","type":"post","link":"https:\/\/www.webdo.tn\/fr\/actualite\/national\/giorgia-meloni-en-tunisie-sur-invitation-de-kais-saied\/206289\/","title":{"rendered":"Giorgia Meloni en Tunisie sur invitation de Kais Saied"},"content":{"rendered":"<p>La premi\u00e8re ministre italienne Giorgia Meloni rendra la semaine prochaine une visite officielle en Tunisie sur invitation du pr\u00e9sident de la R\u00e9publique Kais Saied.<\/p>\n<p>\t\t\t\t\t\t\t\t\tEn effet, selon la pr\u00e9sidence de la R\u00e9publique, les deux hauts responsables ont eu ce vendredi 2 juin 2023 un \u00e9change t\u00e9l\u00e9phonique \u00e0 travers lequel ils ont \u00e9voqu\u00e9 la question migratoire.<\/p>\n<p>Toujours selon la m\u00eame source, Kais Saied a r\u00e9it\u00e9r\u00e9 son appel \u00e0 la tenue d\u2019une conf\u00e9rence internationale sur la migration. <\/p>\n<p>Le ministre de l&rsquo;Int\u00e9rieur italien, Matteo Piantedosi, \u00e9tait\u00a0en visite en Tunisie, le 15 mai 2023.\u00a0<\/p>\n<p>La question de la migration irr\u00e9guli\u00e8re avec les responsables tunisiens mais aussi la grave crise \u00e9conomique que traverse la Tunisie, \u00e9taient au menu.<\/p>\n","protected":false},"excerpt":{"rendered":"<p>La premi\u00e8re ministre italienne Giorgia Meloni rendra la semaine prochaine une visite officielle en Tunisie sur invitation du pr\u00e9sident de la R\u00e9publique Kais Sai&#8230;<\/p>\n","protected":false},"author":3175,"featured_media":278332,"comment_status":"open","ping_status":"closed","sticky":false,"template":"","format":"standard","meta":{"footnotes":""},"categories":[44],"tags":[2660,2614,6672,2615,2608],"class_list":["post-206289","post","type-post","status-publish","format-standard","has-post-thumbnail","hentry","category-national","tag-italie","tag-kais-saied","tag-meloni","tag-migration","tag-tunisie"],"yoast_head":"<!-- This site is optimized with the Yoast SEO Premium plugin v27.4 (Yoast SEO v27.4) - https:\/\/yoast.com\/product\/yoast-seo-premium-wordpress\/ -->\n<title>Giorgia Meloni en Tunisie sur invitation de Kais Saied<\/title>\n<meta name=\"description\" content=\"La premi\u00e8re ministre italienne Giorgia Meloni rendra la semaine prochaine une visite officielle en Tunisie sur invitation du pr\u00e9sident de la R\u00e9publique Kais Sai...\" \/>\n<link rel=\"canonical\" href=\"https:\/\/www.webdo.tn\/fr\/actualite\/national\/giorgia-meloni-en-tunisie-sur-invitation-de-kais-saied\/206289\/\" \/>\n<meta property=\"og:locale\" content=\"fr_FR\" \/>\n<meta property=\"og:type\" content=\"article\" \/>\n<meta property=\"og:title\" content=\"Giorgia Meloni en Tunisie sur invitation de Kais Saied\" \/>\n<meta property=\"og:description\" content=\"La premi\u00e8re ministre italienne Giorgia Meloni rendra la semaine prochaine une visite officielle en Tunisie sur invitation du pr\u00e9sident de la R\u00e9publique Kais Sai...\" \/>\n<meta property=\"og:url\" content=\"https:\/\/www.webdo.tn\/fr\/actualite\/national\/giorgia-meloni-en-tunisie-sur-invitation-de-kais-saied\/206289\/\" \/>\n<meta property=\"og:site_name\" content=\"webdo\" \/>\n<meta property=\"article:publisher\" content=\"https:\/\/www.facebook.com\/webdotn\" \/>\n<meta property=\"article:published_time\" content=\"2023-06-02T19:12:00+00:00\" \/>\n<meta property=\"article:modified_time\" content=\"2025-05-20T22:50:27+00:00\" \/>\n<meta property=\"og:image\" content=\"https:\/\/www.webdo.tn\/fr\/wp-content\/uploads\/2023\/06\/6023fbedfcebf562e6aad90a37178756.jpg\" \/>\n\t<meta property=\"og:image:width\" content=\"750\" \/>\n\t<meta property=\"og:image:height\" content=\"400\" \/>\n\t<meta property=\"og:image:type\" content=\"image\/jpeg\" \/>\n<meta name=\"author\" content=\"CL\" \/>\n<meta name=\"twitter:card\" content=\"summary_large_image\" \/>\n<meta name=\"twitter:creator\" content=\"@webdo_tn\" \/>\n<meta name=\"twitter:site\" content=\"@webdo_tn\" \/>\n<meta name=\"twitter:label1\" content=\"\u00c9crit par\" \/>\n\t<meta name=\"twitter:data1\" content=\"CL\" \/>\n\t<meta name=\"twitter:label2\" content=\"Dur\u00e9e de lecture estim\u00e9e\" \/>\n\t<meta name=\"twitter:data2\" content=\"1 minute\" \/>\n<script type=\"application\/ld+json\" class=\"yoast-schema-graph\">{\"@context\":\"https:\\\/\\\/schema.org\",\"@graph\":[{\"@type\":\"NewsArticle\",\"@id\":\"https:\\\/\\\/www.webdo.tn\\\/fr\\\/actualite\\\/national\\\/giorgia-meloni-en-tunisie-sur-invitation-de-kais-saied\\\/206289\\\/#article\",\"isPartOf\":{\"@id\":\"https:\\\/\\\/www.webdo.tn\\\/fr\\\/actualite\\\/national\\\/giorgia-meloni-en-tunisie-sur-invitation-de-kais-saied\\\/206289\\\/\"},\"author\":{\"name\":\"CL\",\"@id\":\"https:\\\/\\\/www.webdo.tn\\\/fr\\\/#\\\/schema\\\/person\\\/f35b42a42c5e2511bbd282959d6385cc\"},\"headline\":\"Giorgia Meloni en Tunisie sur invitation de Kais Saied\",\"datePublished\":\"2023-06-02T19:12:00+00:00\",\"dateModified\":\"2025-05-20T22:50:27+00:00\",\"mainEntityOfPage\":{\"@id\":\"https:\\\/\\\/www.webdo.tn\\\/fr\\\/actualite\\\/national\\\/giorgia-meloni-en-tunisie-sur-invitation-de-kais-saied\\\/206289\\\/\"},\"wordCount\":133,\"commentCount\":0,\"publisher\":{\"@id\":\"https:\\\/\\\/www.webdo.tn\\\/fr\\\/#organization\"},\"image\":{\"@id\":\"https:\\\/\\\/www.webdo.tn\\\/fr\\\/actualite\\\/national\\\/giorgia-meloni-en-tunisie-sur-invitation-de-kais-saied\\\/206289\\\/#primaryimage\"},\"thumbnailUrl\":\"https:\\\/\\\/www.webdo.tn\\\/fr\\\/wp-content\\\/uploads\\\/2023\\\/06\\\/6023fbedfcebf562e6aad90a37178756.jpg\",\"keywords\":[\"Italie\",\"Kais Saied\",\"Meloni\",\"Migration\",\"Tunisie\"],\"articleSection\":[\"National\"],\"inLanguage\":\"fr-FR\"},{\"@type\":\"WebPage\",\"@id\":\"https:\\\/\\\/www.webdo.tn\\\/fr\\\/actualite\\\/national\\\/giorgia-meloni-en-tunisie-sur-invitation-de-kais-saied\\\/206289\\\/\",\"url\":\"https:\\\/\\\/www.webdo.tn\\\/fr\\\/actualite\\\/national\\\/giorgia-meloni-en-tunisie-sur-invitation-de-kais-saied\\\/206289\\\/\",\"name\":\"Giorgia Meloni en Tunisie sur invitation de Kais Saied\",\"isPartOf\":{\"@id\":\"https:\\\/\\\/www.webdo.tn\\\/fr\\\/#website\"},\"primaryImageOfPage\":{\"@id\":\"https:\\\/\\\/www.webdo.tn\\\/fr\\\/actualite\\\/national\\\/giorgia-meloni-en-tunisie-sur-invitation-de-kais-saied\\\/206289\\\/#primaryimage\"},\"image\":{\"@id\":\"https:\\\/\\\/www.webdo.tn\\\/fr\\\/actualite\\\/national\\\/giorgia-meloni-en-tunisie-sur-invitation-de-kais-saied\\\/206289\\\/#primaryimage\"},\"thumbnailUrl\":\"https:\\\/\\\/www.webdo.tn\\\/fr\\\/wp-content\\\/uploads\\\/2023\\\/06\\\/6023fbedfcebf562e6aad90a37178756.jpg\",\"datePublished\":\"2023-06-02T19:12:00+00:00\",\"dateModified\":\"2025-05-20T22:50:27+00:00\",\"description\":\"La premi\u00e8re ministre italienne Giorgia Meloni rendra la semaine prochaine une visite officielle en Tunisie sur invitation du pr\u00e9sident de la R\u00e9publique Kais Sai...\",\"breadcrumb\":{\"@id\":\"https:\\\/\\\/www.webdo.tn\\\/fr\\\/actualite\\\/national\\\/giorgia-meloni-en-tunisie-sur-invitation-de-kais-saied\\\/206289\\\/#breadcrumb\"},\"inLanguage\":\"fr-FR\",\"potentialAction\":[{\"@type\":\"ReadAction\",\"target\":[\"https:\\\/\\\/www.webdo.tn\\\/fr\\\/actualite\\\/national\\\/giorgia-meloni-en-tunisie-sur-invitation-de-kais-saied\\\/206289\\\/\"]}]},{\"@type\":\"ImageObject\",\"inLanguage\":\"fr-FR\",\"@id\":\"https:\\\/\\\/www.webdo.tn\\\/fr\\\/actualite\\\/national\\\/giorgia-meloni-en-tunisie-sur-invitation-de-kais-saied\\\/206289\\\/#primaryimage\",\"url\":\"https:\\\/\\\/www.webdo.tn\\\/fr\\\/wp-content\\\/uploads\\\/2023\\\/06\\\/6023fbedfcebf562e6aad90a37178756.jpg\",\"contentUrl\":\"https:\\\/\\\/www.webdo.tn\\\/fr\\\/wp-content\\\/uploads\\\/2023\\\/06\\\/6023fbedfcebf562e6aad90a37178756.jpg\",\"width\":750,\"height\":400,\"caption\":\"Giorgia Meloni en Tunisie sur invitation de Kais Saied\"},{\"@type\":\"BreadcrumbList\",\"@id\":\"https:\\\/\\\/www.webdo.tn\\\/fr\\\/actualite\\\/national\\\/giorgia-meloni-en-tunisie-sur-invitation-de-kais-saied\\\/206289\\\/#breadcrumb\",\"itemListElement\":[{\"@type\":\"ListItem\",\"position\":1,\"name\":\"Accueil\",\"item\":\"https:\\\/\\\/www.webdo.tn\\\/fr\\\/\"},{\"@type\":\"ListItem\",\"position\":2,\"name\":\"Giorgia Meloni en Tunisie sur invitation de Kais Saied\"}]},{\"@type\":\"WebSite\",\"@id\":\"https:\\\/\\\/www.webdo.tn\\\/fr\\\/#website\",\"url\":\"https:\\\/\\\/www.webdo.tn\\\/fr\\\/\",\"name\":\"webdo\",\"description\":\"Tunisie - News en Tunisie et \u00e0 l&#039;international sur Webdo.tn\",\"publisher\":{\"@id\":\"https:\\\/\\\/www.webdo.tn\\\/fr\\\/#organization\"},\"potentialAction\":[{\"@type\":\"SearchAction\",\"target\":{\"@type\":\"EntryPoint\",\"urlTemplate\":\"https:\\\/\\\/www.webdo.tn\\\/fr\\\/?s={search_term_string}\"},\"query-input\":{\"@type\":\"PropertyValueSpecification\",\"valueRequired\":true,\"valueName\":\"search_term_string\"}}],\"inLanguage\":\"fr-FR\"},{\"@type\":\"Organization\",\"@id\":\"https:\\\/\\\/www.webdo.tn\\\/fr\\\/#organization\",\"name\":\"Webdo\",\"alternateName\":\"Webdo.tn\",\"url\":\"https:\\\/\\\/www.webdo.tn\\\/fr\\\/\",\"logo\":{\"@type\":\"ImageObject\",\"inLanguage\":\"fr-FR\",\"@id\":\"https:\\\/\\\/www.webdo.tn\\\/fr\\\/#\\\/schema\\\/logo\\\/image\\\/\",\"url\":\"https:\\\/\\\/www.webdo.tn\\\/fr\\\/wp-content\\\/uploads\\\/2025\\\/06\\\/Webdo-Tunisie_168377.jpg\",\"contentUrl\":\"https:\\\/\\\/www.webdo.tn\\\/fr\\\/wp-content\\\/uploads\\\/2025\\\/06\\\/Webdo-Tunisie_168377.jpg\",\"width\":301,\"height\":301,\"caption\":\"Webdo\"},\"image\":{\"@id\":\"https:\\\/\\\/www.webdo.tn\\\/fr\\\/#\\\/schema\\\/logo\\\/image\\\/\"},\"sameAs\":[\"https:\\\/\\\/www.facebook.com\\\/webdotn\",\"https:\\\/\\\/x.com\\\/webdo_tn\"],\"description\":\"Webdo est un m\u00e9dia num\u00e9rique tunisien fond\u00e9 en 2010, sp\u00e9cialis\u00e9 dans l\u2019actualit\u00e9 nationale et internationale, l\u2019\u00e9conomie, la soci\u00e9t\u00e9 et les analyses politiques. Le site s\u2019adresse \u00e0 un large public francophone et couvre l\u2019information tunisienne en temps r\u00e9el.\",\"email\":\"redac@webdo.tn\",\"legalName\":\"YNJ SARL\",\"foundingDate\":\"2010-09-06\",\"numberOfEmployees\":{\"@type\":\"QuantitativeValue\",\"minValue\":\"11\",\"maxValue\":\"50\"}},{\"@type\":\"Person\",\"@id\":\"https:\\\/\\\/www.webdo.tn\\\/fr\\\/#\\\/schema\\\/person\\\/f35b42a42c5e2511bbd282959d6385cc\",\"name\":\"CL\",\"image\":{\"@type\":\"ImageObject\",\"inLanguage\":\"fr-FR\",\"@id\":\"https:\\\/\\\/secure.gravatar.com\\\/avatar\\\/1447a49909b67aa657c488aec6512e1dd6143a480c1ecfee9b5b5cd74eb3b59e?s=96&d=mm&r=g\",\"url\":\"https:\\\/\\\/secure.gravatar.com\\\/avatar\\\/1447a49909b67aa657c488aec6512e1dd6143a480c1ecfee9b5b5cd74eb3b59e?s=96&d=mm&r=g\",\"contentUrl\":\"https:\\\/\\\/secure.gravatar.com\\\/avatar\\\/1447a49909b67aa657c488aec6512e1dd6143a480c1ecfee9b5b5cd74eb3b59e?s=96&d=mm&r=g\",\"caption\":\"CL\"},\"url\":\"https:\\\/\\\/www.webdo.tn\\\/fr\\\/actualite\\\/author\\\/cl\\\/\"}]}<\/script>\n<!-- \/ Yoast SEO Premium plugin. -->","yoast_head_json":{"title":"Giorgia Meloni en Tunisie sur invitation de Kais Saied","description":"La premi\u00e8re ministre italienne Giorgia Meloni rendra la semaine prochaine une visite officielle en Tunisie sur invitation du pr\u00e9sident de la R\u00e9publique Kais Sai...","canonical":"https:\/\/www.webdo.tn\/fr\/actualite\/national\/giorgia-meloni-en-tunisie-sur-invitation-de-kais-saied\/206289\/","og_locale":"fr_FR","og_type":"article","og_title":"Giorgia Meloni en Tunisie sur invitation de Kais Saied","og_description":"La premi\u00e8re ministre italienne Giorgia Meloni rendra la semaine prochaine une visite officielle en Tunisie sur invitation du pr\u00e9sident de la R\u00e9publique Kais Sai...","og_url":"https:\/\/www.webdo.tn\/fr\/actualite\/national\/giorgia-meloni-en-tunisie-sur-invitation-de-kais-saied\/206289\/","og_site_name":"webdo","article_publisher":"https:\/\/www.facebook.com\/webdotn","article_published_time":"2023-06-02T19:12:00+00:00","article_modified_time":"2025-05-20T22:50:27+00:00","og_image":[{"width":750,"height":400,"url":"https:\/\/www.webdo.tn\/fr\/wp-content\/uploads\/2023\/06\/6023fbedfcebf562e6aad90a37178756.jpg","type":"image\/jpeg"}],"author":"CL","twitter_card":"summary_large_image","twitter_creator":"@webdo_tn","twitter_site":"@webdo_tn","twitter_misc":{"\u00c9crit par":"CL","Dur\u00e9e de lecture estim\u00e9e":"1 minute"},"schema":{"@context":"https:\/\/schema.org","@graph":[{"@type":"NewsArticle","@id":"https:\/\/www.webdo.tn\/fr\/actualite\/national\/giorgia-meloni-en-tunisie-sur-invitation-de-kais-saied\/206289\/#article","isPartOf":{"@id":"https:\/\/www.webdo.tn\/fr\/actualite\/national\/giorgia-meloni-en-tunisie-sur-invitation-de-kais-saied\/206289\/"},"author":{"name":"CL","@id":"https:\/\/www.webdo.tn\/fr\/#\/schema\/person\/f35b42a42c5e2511bbd282959d6385cc"},"headline":"Giorgia Meloni en Tunisie sur invitation de Kais Saied","datePublished":"2023-06-02T19:12:00+00:00","dateModified":"2025-05-20T22:50:27+00:00","mainEntityOfPage":{"@id":"https:\/\/www.webdo.tn\/fr\/actualite\/national\/giorgia-meloni-en-tunisie-sur-invitation-de-kais-saied\/206289\/"},"wordCount":133,"commentCount":0,"publisher":{"@id":"https:\/\/www.webdo.tn\/fr\/#organization"},"image":{"@id":"https:\/\/www.webdo.tn\/fr\/actualite\/national\/giorgia-meloni-en-tunisie-sur-invitation-de-kais-saied\/206289\/#primaryimage"},"thumbnailUrl":"https:\/\/www.webdo.tn\/fr\/wp-content\/uploads\/2023\/06\/6023fbedfcebf562e6aad90a37178756.jpg","keywords":["Italie","Kais Saied","Meloni","Migration","Tunisie"],"articleSection":["National"],"inLanguage":"fr-FR"},{"@type":"WebPage","@id":"https:\/\/www.webdo.tn\/fr\/actualite\/national\/giorgia-meloni-en-tunisie-sur-invitation-de-kais-saied\/206289\/","url":"https:\/\/www.webdo.tn\/fr\/actualite\/national\/giorgia-meloni-en-tunisie-sur-invitation-de-kais-saied\/206289\/","name":"Giorgia Meloni en Tunisie sur invitation de Kais Saied","isPartOf":{"@id":"https:\/\/www.webdo.tn\/fr\/#website"},"primaryImageOfPage":{"@id":"https:\/\/www.webdo.tn\/fr\/actualite\/national\/giorgia-meloni-en-tunisie-sur-invitation-de-kais-saied\/206289\/#primaryimage"},"image":{"@id":"https:\/\/www.webdo.tn\/fr\/actualite\/national\/giorgia-meloni-en-tunisie-sur-invitation-de-kais-saied\/206289\/#primaryimage"},"thumbnailUrl":"https:\/\/www.webdo.tn\/fr\/wp-content\/uploads\/2023\/06\/6023fbedfcebf562e6aad90a37178756.jpg","datePublished":"2023-06-02T19:12:00+00:00","dateModified":"2025-05-20T22:50:27+00:00","description":"La premi\u00e8re ministre italienne Giorgia Meloni rendra la semaine prochaine une visite officielle en Tunisie sur invitation du pr\u00e9sident de la R\u00e9publique Kais Sai...","breadcrumb":{"@id":"https:\/\/www.webdo.tn\/fr\/actualite\/national\/giorgia-meloni-en-tunisie-sur-invitation-de-kais-saied\/206289\/#breadcrumb"},"inLanguage":"fr-FR","potentialAction":[{"@type":"ReadAction","target":["https:\/\/www.webdo.tn\/fr\/actualite\/national\/giorgia-meloni-en-tunisie-sur-invitation-de-kais-saied\/206289\/"]}]},{"@type":"ImageObject","inLanguage":"fr-FR","@id":"https:\/\/www.webdo.tn\/fr\/actualite\/national\/giorgia-meloni-en-tunisie-sur-invitation-de-kais-saied\/206289\/#primaryimage","url":"https:\/\/www.webdo.tn\/fr\/wp-content\/uploads\/2023\/06\/6023fbedfcebf562e6aad90a37178756.jpg","contentUrl":"https:\/\/www.webdo.tn\/fr\/wp-content\/uploads\/2023\/06\/6023fbedfcebf562e6aad90a37178756.jpg","width":750,"height":400,"caption":"Giorgia Meloni en Tunisie sur invitation de Kais Saied"},{"@type":"BreadcrumbList","@id":"https:\/\/www.webdo.tn\/fr\/actualite\/national\/giorgia-meloni-en-tunisie-sur-invitation-de-kais-saied\/206289\/#breadcrumb","itemListElement":[{"@type":"ListItem","position":1,"name":"Accueil","item":"https:\/\/www.webdo.tn\/fr\/"},{"@type":"ListItem","position":2,"name":"Giorgia Meloni en Tunisie sur invitation de Kais Saied"}]},{"@type":"WebSite","@id":"https:\/\/www.webdo.tn\/fr\/#website","url":"https:\/\/www.webdo.tn\/fr\/","name":"webdo","description":"Tunisie - News en Tunisie et \u00e0 l&#039;international sur Webdo.tn","publisher":{"@id":"https:\/\/www.webdo.tn\/fr\/#organization"},"potentialAction":[{"@type":"SearchAction","target":{"@type":"EntryPoint","urlTemplate":"https:\/\/www.webdo.tn\/fr\/?s={search_term_string}"},"query-input":{"@type":"PropertyValueSpecification","valueRequired":true,"valueName":"search_term_string"}}],"inLanguage":"fr-FR"},{"@type":"Organization","@id":"https:\/\/www.webdo.tn\/fr\/#organization","name":"Webdo","alternateName":"Webdo.tn","url":"https:\/\/www.webdo.tn\/fr\/","logo":{"@type":"ImageObject","inLanguage":"fr-FR","@id":"https:\/\/www.webdo.tn\/fr\/#\/schema\/logo\/image\/","url":"https:\/\/www.webdo.tn\/fr\/wp-content\/uploads\/2025\/06\/Webdo-Tunisie_168377.jpg","contentUrl":"https:\/\/www.webdo.tn\/fr\/wp-content\/uploads\/2025\/06\/Webdo-Tunisie_168377.jpg","width":301,"height":301,"caption":"Webdo"},"image":{"@id":"https:\/\/www.webdo.tn\/fr\/#\/schema\/logo\/image\/"},"sameAs":["https:\/\/www.facebook.com\/webdotn","https:\/\/x.com\/webdo_tn"],"description":"Webdo est un m\u00e9dia num\u00e9rique tunisien fond\u00e9 en 2010, sp\u00e9cialis\u00e9 dans l\u2019actualit\u00e9 nationale et internationale, l\u2019\u00e9conomie, la soci\u00e9t\u00e9 et les analyses politiques. Le site s\u2019adresse \u00e0 un large public francophone et couvre l\u2019information tunisienne en temps r\u00e9el.","email":"redac@webdo.tn","legalName":"YNJ SARL","foundingDate":"2010-09-06","numberOfEmployees":{"@type":"QuantitativeValue","minValue":"11","maxValue":"50"}},{"@type":"Person","@id":"https:\/\/www.webdo.tn\/fr\/#\/schema\/person\/f35b42a42c5e2511bbd282959d6385cc","name":"CL","image":{"@type":"ImageObject","inLanguage":"fr-FR","@id":"https:\/\/secure.gravatar.com\/avatar\/1447a49909b67aa657c488aec6512e1dd6143a480c1ecfee9b5b5cd74eb3b59e?s=96&d=mm&r=g","url":"https:\/\/secure.gravatar.com\/avatar\/1447a49909b67aa657c488aec6512e1dd6143a480c1ecfee9b5b5cd74eb3b59e?s=96&d=mm&r=g","contentUrl":"https:\/\/secure.gravatar.com\/avatar\/1447a49909b67aa657c488aec6512e1dd6143a480c1ecfee9b5b5cd74eb3b59e?s=96&d=mm&r=g","caption":"CL"},"url":"https:\/\/www.webdo.tn\/fr\/actualite\/author\/cl\/"}]}},"_links":{"self":[{"href":"https:\/\/www.webdo.tn\/fr\/wp-json\/wp\/v2\/posts\/206289","targetHints":{"allow":["GET"]}}],"collection":[{"href":"https:\/\/www.webdo.tn\/fr\/wp-json\/wp\/v2\/posts"}],"about":[{"href":"https:\/\/www.webdo.tn\/fr\/wp-json\/wp\/v2\/types\/post"}],"author":[{"embeddable":true,"href":"https:\/\/www.webdo.tn\/fr\/wp-json\/wp\/v2\/users\/3175"}],"replies":[{"embeddable":true,"href":"https:\/\/www.webdo.tn\/fr\/wp-json\/wp\/v2\/comments?post=206289"}],"version-history":[{"count":0,"href":"https:\/\/www.webdo.tn\/fr\/wp-json\/wp\/v2\/posts\/206289\/revisions"}],"wp:featuredmedia":[{"embeddable":true,"href":"https:\/\/www.webdo.tn\/fr\/wp-json\/wp\/v2\/media\/278332"}],"wp:attachment":[{"href":"https:\/\/www.webdo.tn\/fr\/wp-json\/wp\/v2\/media?parent=206289"}],"wp:term":[{"taxonomy":"category","embeddable":true,"href":"https:\/\/www.webdo.tn\/fr\/wp-json\/wp\/v2\/categories?post=206289"},{"taxonomy":"post_tag","embeddable":true,"href":"https:\/\/www.webdo.tn\/fr\/wp-json\/wp\/v2\/tags?post=206289"}],"curies":[{"name":"wp","href":"https:\/\/api.w.org\/{rel}","templated":true}]}}