{"id":206286,"date":"2023-06-02T18:09:00","date_gmt":"2023-06-02T18:09:00","guid":{"rendered":"https:\/\/www.webdo.tn\/fr\/blog\/henda-ben-alaya-ghribi-a-la-tete-de-la-radio-nationale\/206286\/"},"modified":"2025-05-20T22:50:26","modified_gmt":"2025-05-20T22:50:26","slug":"henda-ben-alaya-ghribi-a-la-tete-de-la-radio-nationale","status":"publish","type":"post","link":"https:\/\/www.webdo.tn\/fr\/actualite\/national\/henda-ben-alaya-ghribi-a-la-tete-de-la-radio-nationale\/206286\/","title":{"rendered":"Henda Ben Alaya Ghribi \u00e0 la t\u00eate de la radio nationale"},"content":{"rendered":"<p>Sofiene Ben Issa a \u00e9t\u00e9 d\u00e9mis de ses fonctions \u00e0 la t\u00eate de l&rsquo;\u00c9tablissement de la Radio Tunisienne, en vertu du d\u00e9cret n\u00b02023-433, paru au JORT n\u00b058 du 2 juin 2023.<\/p>\n<p>\t\t\t\t\t\t\t\t\tIl a \u00e9t\u00e9 remplac\u00e9 par Henda Ben Alaya Ghribi, nomm\u00e9e Pr\u00e9sidente-directrice g\u00e9n\u00e9rale de l&rsquo;Etablissement de la Radio Tunisienne en vertu du d\u00e9cret n\u00b02023-434, paru au JORT n\u00b058.<\/p>\n","protected":false},"excerpt":{"rendered":"<p>Sofiene Ben Issa a \u00e9t\u00e9 d\u00e9mis de ses fonctions \u00e0 la t\u00eate de l&rsquo;\u00c9tablissement de la Radio Tunisienne, en vertu du d\u00e9cret n\u00b02023-433, paru au JORT n\u00b058 du 2 juin 20&#8230;<\/p>\n","protected":false},"author":3175,"featured_media":278326,"comment_status":"open","ping_status":"closed","sticky":false,"template":"","format":"standard","meta":{"footnotes":""},"categories":[44],"tags":[6980,2608],"class_list":["post-206286","post","type-post","status-publish","format-standard","has-post-thumbnail","hentry","category-national","tag-radio","tag-tunisie"],"yoast_head":"<!-- This site is optimized with the Yoast SEO Premium plugin v27.5 (Yoast SEO v27.5) - https:\/\/yoast.com\/product\/yoast-seo-premium-wordpress\/ -->\n<title>Henda Ben Alaya Ghribi \u00e0 la t\u00eate de la radio nationale<\/title>\n<meta name=\"description\" content=\"Sofiene Ben Issa a \u00e9t\u00e9 d\u00e9mis de ses fonctions \u00e0 la t\u00eate de l&#039;\u00c9tablissement de la Radio Tunisienne, en vertu du d\u00e9cret n\u00b02023-433, paru au JORT n\u00b058 du 2 juin 20...\" \/>\n<link rel=\"canonical\" href=\"https:\/\/www.webdo.tn\/fr\/actualite\/national\/henda-ben-alaya-ghribi-a-la-tete-de-la-radio-nationale\/206286\/\" \/>\n<meta property=\"og:locale\" content=\"fr_FR\" \/>\n<meta property=\"og:type\" content=\"article\" \/>\n<meta property=\"og:title\" content=\"Henda Ben Alaya Ghribi \u00e0 la t\u00eate de la radio nationale\" \/>\n<meta property=\"og:description\" content=\"Sofiene Ben Issa a \u00e9t\u00e9 d\u00e9mis de ses fonctions \u00e0 la t\u00eate de l&#039;\u00c9tablissement de la Radio Tunisienne, en vertu du d\u00e9cret n\u00b02023-433, paru au JORT n\u00b058 du 2 juin 20...\" \/>\n<meta property=\"og:url\" content=\"https:\/\/www.webdo.tn\/fr\/actualite\/national\/henda-ben-alaya-ghribi-a-la-tete-de-la-radio-nationale\/206286\/\" \/>\n<meta property=\"og:site_name\" content=\"webdo\" \/>\n<meta property=\"article:publisher\" content=\"https:\/\/www.facebook.com\/webdotn\" \/>\n<meta property=\"article:published_time\" content=\"2023-06-02T18:09:00+00:00\" \/>\n<meta property=\"article:modified_time\" content=\"2025-05-20T22:50:26+00:00\" \/>\n<meta property=\"og:image\" content=\"https:\/\/www.webdo.tn\/fr\/wp-content\/uploads\/2023\/06\/3d295805e0448a94883478fc4a34ef3d.jpg\" \/>\n\t<meta property=\"og:image:width\" content=\"750\" \/>\n\t<meta property=\"og:image:height\" content=\"400\" \/>\n\t<meta property=\"og:image:type\" content=\"image\/jpeg\" \/>\n<meta name=\"author\" content=\"CL\" \/>\n<meta name=\"twitter:card\" content=\"summary_large_image\" \/>\n<meta name=\"twitter:creator\" content=\"@webdo_tn\" \/>\n<meta name=\"twitter:site\" content=\"@webdo_tn\" \/>\n<meta name=\"twitter:label1\" content=\"\u00c9crit par\" \/>\n\t<meta name=\"twitter:data1\" content=\"CL\" \/>\n<script type=\"application\/ld+json\" class=\"yoast-schema-graph\">{\"@context\":\"https:\\\/\\\/schema.org\",\"@graph\":[{\"@type\":\"NewsArticle\",\"@id\":\"https:\\\/\\\/www.webdo.tn\\\/fr\\\/actualite\\\/national\\\/henda-ben-alaya-ghribi-a-la-tete-de-la-radio-nationale\\\/206286\\\/#article\",\"isPartOf\":{\"@id\":\"https:\\\/\\\/www.webdo.tn\\\/fr\\\/actualite\\\/national\\\/henda-ben-alaya-ghribi-a-la-tete-de-la-radio-nationale\\\/206286\\\/\"},\"author\":{\"name\":\"CL\",\"@id\":\"https:\\\/\\\/www.webdo.tn\\\/fr\\\/#\\\/schema\\\/person\\\/f35b42a42c5e2511bbd282959d6385cc\"},\"headline\":\"Henda Ben Alaya Ghribi \u00e0 la t\u00eate de la radio nationale\",\"datePublished\":\"2023-06-02T18:09:00+00:00\",\"dateModified\":\"2025-05-20T22:50:26+00:00\",\"mainEntityOfPage\":{\"@id\":\"https:\\\/\\\/www.webdo.tn\\\/fr\\\/actualite\\\/national\\\/henda-ben-alaya-ghribi-a-la-tete-de-la-radio-nationale\\\/206286\\\/\"},\"wordCount\":78,\"commentCount\":0,\"publisher\":{\"@id\":\"https:\\\/\\\/www.webdo.tn\\\/fr\\\/#organization\"},\"image\":{\"@id\":\"https:\\\/\\\/www.webdo.tn\\\/fr\\\/actualite\\\/national\\\/henda-ben-alaya-ghribi-a-la-tete-de-la-radio-nationale\\\/206286\\\/#primaryimage\"},\"thumbnailUrl\":\"https:\\\/\\\/www.webdo.tn\\\/fr\\\/wp-content\\\/uploads\\\/2023\\\/06\\\/3d295805e0448a94883478fc4a34ef3d.jpg\",\"keywords\":[\"radio\",\"Tunisie\"],\"articleSection\":[\"National\"],\"inLanguage\":\"fr-FR\"},{\"@type\":\"WebPage\",\"@id\":\"https:\\\/\\\/www.webdo.tn\\\/fr\\\/actualite\\\/national\\\/henda-ben-alaya-ghribi-a-la-tete-de-la-radio-nationale\\\/206286\\\/\",\"url\":\"https:\\\/\\\/www.webdo.tn\\\/fr\\\/actualite\\\/national\\\/henda-ben-alaya-ghribi-a-la-tete-de-la-radio-nationale\\\/206286\\\/\",\"name\":\"Henda Ben Alaya Ghribi \u00e0 la t\u00eate de la radio nationale\",\"isPartOf\":{\"@id\":\"https:\\\/\\\/www.webdo.tn\\\/fr\\\/#website\"},\"primaryImageOfPage\":{\"@id\":\"https:\\\/\\\/www.webdo.tn\\\/fr\\\/actualite\\\/national\\\/henda-ben-alaya-ghribi-a-la-tete-de-la-radio-nationale\\\/206286\\\/#primaryimage\"},\"image\":{\"@id\":\"https:\\\/\\\/www.webdo.tn\\\/fr\\\/actualite\\\/national\\\/henda-ben-alaya-ghribi-a-la-tete-de-la-radio-nationale\\\/206286\\\/#primaryimage\"},\"thumbnailUrl\":\"https:\\\/\\\/www.webdo.tn\\\/fr\\\/wp-content\\\/uploads\\\/2023\\\/06\\\/3d295805e0448a94883478fc4a34ef3d.jpg\",\"datePublished\":\"2023-06-02T18:09:00+00:00\",\"dateModified\":\"2025-05-20T22:50:26+00:00\",\"description\":\"Sofiene Ben Issa a \u00e9t\u00e9 d\u00e9mis de ses fonctions \u00e0 la t\u00eate de l'\u00c9tablissement de la Radio Tunisienne, en vertu du d\u00e9cret n\u00b02023-433, paru au JORT n\u00b058 du 2 juin 20...\",\"breadcrumb\":{\"@id\":\"https:\\\/\\\/www.webdo.tn\\\/fr\\\/actualite\\\/national\\\/henda-ben-alaya-ghribi-a-la-tete-de-la-radio-nationale\\\/206286\\\/#breadcrumb\"},\"inLanguage\":\"fr-FR\",\"potentialAction\":[{\"@type\":\"ReadAction\",\"target\":[\"https:\\\/\\\/www.webdo.tn\\\/fr\\\/actualite\\\/national\\\/henda-ben-alaya-ghribi-a-la-tete-de-la-radio-nationale\\\/206286\\\/\"]}]},{\"@type\":\"ImageObject\",\"inLanguage\":\"fr-FR\",\"@id\":\"https:\\\/\\\/www.webdo.tn\\\/fr\\\/actualite\\\/national\\\/henda-ben-alaya-ghribi-a-la-tete-de-la-radio-nationale\\\/206286\\\/#primaryimage\",\"url\":\"https:\\\/\\\/www.webdo.tn\\\/fr\\\/wp-content\\\/uploads\\\/2023\\\/06\\\/3d295805e0448a94883478fc4a34ef3d.jpg\",\"contentUrl\":\"https:\\\/\\\/www.webdo.tn\\\/fr\\\/wp-content\\\/uploads\\\/2023\\\/06\\\/3d295805e0448a94883478fc4a34ef3d.jpg\",\"width\":750,\"height\":400,\"caption\":\"Henda Ben Alaya Ghribi \u00e0 la t\u00eate de la radio nationale\"},{\"@type\":\"BreadcrumbList\",\"@id\":\"https:\\\/\\\/www.webdo.tn\\\/fr\\\/actualite\\\/national\\\/henda-ben-alaya-ghribi-a-la-tete-de-la-radio-nationale\\\/206286\\\/#breadcrumb\",\"itemListElement\":[{\"@type\":\"ListItem\",\"position\":1,\"name\":\"Accueil\",\"item\":\"https:\\\/\\\/www.webdo.tn\\\/fr\\\/\"},{\"@type\":\"ListItem\",\"position\":2,\"name\":\"Henda Ben Alaya Ghribi \u00e0 la t\u00eate de la radio nationale\"}]},{\"@type\":\"WebSite\",\"@id\":\"https:\\\/\\\/www.webdo.tn\\\/fr\\\/#website\",\"url\":\"https:\\\/\\\/www.webdo.tn\\\/fr\\\/\",\"name\":\"webdo\",\"description\":\"Tunisie - News en Tunisie et \u00e0 l&#039;international sur Webdo.tn\",\"publisher\":{\"@id\":\"https:\\\/\\\/www.webdo.tn\\\/fr\\\/#organization\"},\"potentialAction\":[{\"@type\":\"SearchAction\",\"target\":{\"@type\":\"EntryPoint\",\"urlTemplate\":\"https:\\\/\\\/www.webdo.tn\\\/fr\\\/?s={search_term_string}\"},\"query-input\":{\"@type\":\"PropertyValueSpecification\",\"valueRequired\":true,\"valueName\":\"search_term_string\"}}],\"inLanguage\":\"fr-FR\"},{\"@type\":\"Organization\",\"@id\":\"https:\\\/\\\/www.webdo.tn\\\/fr\\\/#organization\",\"name\":\"Webdo\",\"alternateName\":\"Webdo.tn\",\"url\":\"https:\\\/\\\/www.webdo.tn\\\/fr\\\/\",\"logo\":{\"@type\":\"ImageObject\",\"inLanguage\":\"fr-FR\",\"@id\":\"https:\\\/\\\/www.webdo.tn\\\/fr\\\/#\\\/schema\\\/logo\\\/image\\\/\",\"url\":\"https:\\\/\\\/www.webdo.tn\\\/fr\\\/wp-content\\\/uploads\\\/2025\\\/06\\\/Webdo-Tunisie_168377.jpg\",\"contentUrl\":\"https:\\\/\\\/www.webdo.tn\\\/fr\\\/wp-content\\\/uploads\\\/2025\\\/06\\\/Webdo-Tunisie_168377.jpg\",\"width\":301,\"height\":301,\"caption\":\"Webdo\"},\"image\":{\"@id\":\"https:\\\/\\\/www.webdo.tn\\\/fr\\\/#\\\/schema\\\/logo\\\/image\\\/\"},\"sameAs\":[\"https:\\\/\\\/www.facebook.com\\\/webdotn\",\"https:\\\/\\\/x.com\\\/webdo_tn\"],\"description\":\"Webdo est un m\u00e9dia num\u00e9rique tunisien fond\u00e9 en 2010, sp\u00e9cialis\u00e9 dans l\u2019actualit\u00e9 nationale et internationale, l\u2019\u00e9conomie, la soci\u00e9t\u00e9 et les analyses politiques. Le site s\u2019adresse \u00e0 un large public francophone et couvre l\u2019information tunisienne en temps r\u00e9el.\",\"email\":\"redac@webdo.tn\",\"legalName\":\"YNJ SARL\",\"foundingDate\":\"2010-09-06\",\"numberOfEmployees\":{\"@type\":\"QuantitativeValue\",\"minValue\":\"11\",\"maxValue\":\"50\"}},{\"@type\":\"Person\",\"@id\":\"https:\\\/\\\/www.webdo.tn\\\/fr\\\/#\\\/schema\\\/person\\\/f35b42a42c5e2511bbd282959d6385cc\",\"name\":\"CL\",\"image\":{\"@type\":\"ImageObject\",\"inLanguage\":\"fr-FR\",\"@id\":\"https:\\\/\\\/secure.gravatar.com\\\/avatar\\\/1447a49909b67aa657c488aec6512e1dd6143a480c1ecfee9b5b5cd74eb3b59e?s=96&d=mm&r=g\",\"url\":\"https:\\\/\\\/secure.gravatar.com\\\/avatar\\\/1447a49909b67aa657c488aec6512e1dd6143a480c1ecfee9b5b5cd74eb3b59e?s=96&d=mm&r=g\",\"contentUrl\":\"https:\\\/\\\/secure.gravatar.com\\\/avatar\\\/1447a49909b67aa657c488aec6512e1dd6143a480c1ecfee9b5b5cd74eb3b59e?s=96&d=mm&r=g\",\"caption\":\"CL\"},\"url\":\"https:\\\/\\\/www.webdo.tn\\\/fr\\\/actualite\\\/author\\\/cl\\\/\"}]}<\/script>\n<!-- \/ Yoast SEO Premium plugin. -->","yoast_head_json":{"title":"Henda Ben Alaya Ghribi \u00e0 la t\u00eate de la radio nationale","description":"Sofiene Ben Issa a \u00e9t\u00e9 d\u00e9mis de ses fonctions \u00e0 la t\u00eate de l'\u00c9tablissement de la Radio Tunisienne, en vertu du d\u00e9cret n\u00b02023-433, paru au JORT n\u00b058 du 2 juin 20...","canonical":"https:\/\/www.webdo.tn\/fr\/actualite\/national\/henda-ben-alaya-ghribi-a-la-tete-de-la-radio-nationale\/206286\/","og_locale":"fr_FR","og_type":"article","og_title":"Henda Ben Alaya Ghribi \u00e0 la t\u00eate de la radio nationale","og_description":"Sofiene Ben Issa a \u00e9t\u00e9 d\u00e9mis de ses fonctions \u00e0 la t\u00eate de l'\u00c9tablissement de la Radio Tunisienne, en vertu du d\u00e9cret n\u00b02023-433, paru au JORT n\u00b058 du 2 juin 20...","og_url":"https:\/\/www.webdo.tn\/fr\/actualite\/national\/henda-ben-alaya-ghribi-a-la-tete-de-la-radio-nationale\/206286\/","og_site_name":"webdo","article_publisher":"https:\/\/www.facebook.com\/webdotn","article_published_time":"2023-06-02T18:09:00+00:00","article_modified_time":"2025-05-20T22:50:26+00:00","og_image":[{"width":750,"height":400,"url":"https:\/\/www.webdo.tn\/fr\/wp-content\/uploads\/2023\/06\/3d295805e0448a94883478fc4a34ef3d.jpg","type":"image\/jpeg"}],"author":"CL","twitter_card":"summary_large_image","twitter_creator":"@webdo_tn","twitter_site":"@webdo_tn","twitter_misc":{"\u00c9crit par":"CL"},"schema":{"@context":"https:\/\/schema.org","@graph":[{"@type":"NewsArticle","@id":"https:\/\/www.webdo.tn\/fr\/actualite\/national\/henda-ben-alaya-ghribi-a-la-tete-de-la-radio-nationale\/206286\/#article","isPartOf":{"@id":"https:\/\/www.webdo.tn\/fr\/actualite\/national\/henda-ben-alaya-ghribi-a-la-tete-de-la-radio-nationale\/206286\/"},"author":{"name":"CL","@id":"https:\/\/www.webdo.tn\/fr\/#\/schema\/person\/f35b42a42c5e2511bbd282959d6385cc"},"headline":"Henda Ben Alaya Ghribi \u00e0 la t\u00eate de la radio nationale","datePublished":"2023-06-02T18:09:00+00:00","dateModified":"2025-05-20T22:50:26+00:00","mainEntityOfPage":{"@id":"https:\/\/www.webdo.tn\/fr\/actualite\/national\/henda-ben-alaya-ghribi-a-la-tete-de-la-radio-nationale\/206286\/"},"wordCount":78,"commentCount":0,"publisher":{"@id":"https:\/\/www.webdo.tn\/fr\/#organization"},"image":{"@id":"https:\/\/www.webdo.tn\/fr\/actualite\/national\/henda-ben-alaya-ghribi-a-la-tete-de-la-radio-nationale\/206286\/#primaryimage"},"thumbnailUrl":"https:\/\/www.webdo.tn\/fr\/wp-content\/uploads\/2023\/06\/3d295805e0448a94883478fc4a34ef3d.jpg","keywords":["radio","Tunisie"],"articleSection":["National"],"inLanguage":"fr-FR"},{"@type":"WebPage","@id":"https:\/\/www.webdo.tn\/fr\/actualite\/national\/henda-ben-alaya-ghribi-a-la-tete-de-la-radio-nationale\/206286\/","url":"https:\/\/www.webdo.tn\/fr\/actualite\/national\/henda-ben-alaya-ghribi-a-la-tete-de-la-radio-nationale\/206286\/","name":"Henda Ben Alaya Ghribi \u00e0 la t\u00eate de la radio nationale","isPartOf":{"@id":"https:\/\/www.webdo.tn\/fr\/#website"},"primaryImageOfPage":{"@id":"https:\/\/www.webdo.tn\/fr\/actualite\/national\/henda-ben-alaya-ghribi-a-la-tete-de-la-radio-nationale\/206286\/#primaryimage"},"image":{"@id":"https:\/\/www.webdo.tn\/fr\/actualite\/national\/henda-ben-alaya-ghribi-a-la-tete-de-la-radio-nationale\/206286\/#primaryimage"},"thumbnailUrl":"https:\/\/www.webdo.tn\/fr\/wp-content\/uploads\/2023\/06\/3d295805e0448a94883478fc4a34ef3d.jpg","datePublished":"2023-06-02T18:09:00+00:00","dateModified":"2025-05-20T22:50:26+00:00","description":"Sofiene Ben Issa a \u00e9t\u00e9 d\u00e9mis de ses fonctions \u00e0 la t\u00eate de l'\u00c9tablissement de la Radio Tunisienne, en vertu du d\u00e9cret n\u00b02023-433, paru au JORT n\u00b058 du 2 juin 20...","breadcrumb":{"@id":"https:\/\/www.webdo.tn\/fr\/actualite\/national\/henda-ben-alaya-ghribi-a-la-tete-de-la-radio-nationale\/206286\/#breadcrumb"},"inLanguage":"fr-FR","potentialAction":[{"@type":"ReadAction","target":["https:\/\/www.webdo.tn\/fr\/actualite\/national\/henda-ben-alaya-ghribi-a-la-tete-de-la-radio-nationale\/206286\/"]}]},{"@type":"ImageObject","inLanguage":"fr-FR","@id":"https:\/\/www.webdo.tn\/fr\/actualite\/national\/henda-ben-alaya-ghribi-a-la-tete-de-la-radio-nationale\/206286\/#primaryimage","url":"https:\/\/www.webdo.tn\/fr\/wp-content\/uploads\/2023\/06\/3d295805e0448a94883478fc4a34ef3d.jpg","contentUrl":"https:\/\/www.webdo.tn\/fr\/wp-content\/uploads\/2023\/06\/3d295805e0448a94883478fc4a34ef3d.jpg","width":750,"height":400,"caption":"Henda Ben Alaya Ghribi \u00e0 la t\u00eate de la radio nationale"},{"@type":"BreadcrumbList","@id":"https:\/\/www.webdo.tn\/fr\/actualite\/national\/henda-ben-alaya-ghribi-a-la-tete-de-la-radio-nationale\/206286\/#breadcrumb","itemListElement":[{"@type":"ListItem","position":1,"name":"Accueil","item":"https:\/\/www.webdo.tn\/fr\/"},{"@type":"ListItem","position":2,"name":"Henda Ben Alaya Ghribi \u00e0 la t\u00eate de la radio nationale"}]},{"@type":"WebSite","@id":"https:\/\/www.webdo.tn\/fr\/#website","url":"https:\/\/www.webdo.tn\/fr\/","name":"webdo","description":"Tunisie - News en Tunisie et \u00e0 l&#039;international sur Webdo.tn","publisher":{"@id":"https:\/\/www.webdo.tn\/fr\/#organization"},"potentialAction":[{"@type":"SearchAction","target":{"@type":"EntryPoint","urlTemplate":"https:\/\/www.webdo.tn\/fr\/?s={search_term_string}"},"query-input":{"@type":"PropertyValueSpecification","valueRequired":true,"valueName":"search_term_string"}}],"inLanguage":"fr-FR"},{"@type":"Organization","@id":"https:\/\/www.webdo.tn\/fr\/#organization","name":"Webdo","alternateName":"Webdo.tn","url":"https:\/\/www.webdo.tn\/fr\/","logo":{"@type":"ImageObject","inLanguage":"fr-FR","@id":"https:\/\/www.webdo.tn\/fr\/#\/schema\/logo\/image\/","url":"https:\/\/www.webdo.tn\/fr\/wp-content\/uploads\/2025\/06\/Webdo-Tunisie_168377.jpg","contentUrl":"https:\/\/www.webdo.tn\/fr\/wp-content\/uploads\/2025\/06\/Webdo-Tunisie_168377.jpg","width":301,"height":301,"caption":"Webdo"},"image":{"@id":"https:\/\/www.webdo.tn\/fr\/#\/schema\/logo\/image\/"},"sameAs":["https:\/\/www.facebook.com\/webdotn","https:\/\/x.com\/webdo_tn"],"description":"Webdo est un m\u00e9dia num\u00e9rique tunisien fond\u00e9 en 2010, sp\u00e9cialis\u00e9 dans l\u2019actualit\u00e9 nationale et internationale, l\u2019\u00e9conomie, la soci\u00e9t\u00e9 et les analyses politiques. Le site s\u2019adresse \u00e0 un large public francophone et couvre l\u2019information tunisienne en temps r\u00e9el.","email":"redac@webdo.tn","legalName":"YNJ SARL","foundingDate":"2010-09-06","numberOfEmployees":{"@type":"QuantitativeValue","minValue":"11","maxValue":"50"}},{"@type":"Person","@id":"https:\/\/www.webdo.tn\/fr\/#\/schema\/person\/f35b42a42c5e2511bbd282959d6385cc","name":"CL","image":{"@type":"ImageObject","inLanguage":"fr-FR","@id":"https:\/\/secure.gravatar.com\/avatar\/1447a49909b67aa657c488aec6512e1dd6143a480c1ecfee9b5b5cd74eb3b59e?s=96&d=mm&r=g","url":"https:\/\/secure.gravatar.com\/avatar\/1447a49909b67aa657c488aec6512e1dd6143a480c1ecfee9b5b5cd74eb3b59e?s=96&d=mm&r=g","contentUrl":"https:\/\/secure.gravatar.com\/avatar\/1447a49909b67aa657c488aec6512e1dd6143a480c1ecfee9b5b5cd74eb3b59e?s=96&d=mm&r=g","caption":"CL"},"url":"https:\/\/www.webdo.tn\/fr\/actualite\/author\/cl\/"}]}},"_links":{"self":[{"href":"https:\/\/www.webdo.tn\/fr\/wp-json\/wp\/v2\/posts\/206286","targetHints":{"allow":["GET"]}}],"collection":[{"href":"https:\/\/www.webdo.tn\/fr\/wp-json\/wp\/v2\/posts"}],"about":[{"href":"https:\/\/www.webdo.tn\/fr\/wp-json\/wp\/v2\/types\/post"}],"author":[{"embeddable":true,"href":"https:\/\/www.webdo.tn\/fr\/wp-json\/wp\/v2\/users\/3175"}],"replies":[{"embeddable":true,"href":"https:\/\/www.webdo.tn\/fr\/wp-json\/wp\/v2\/comments?post=206286"}],"version-history":[{"count":0,"href":"https:\/\/www.webdo.tn\/fr\/wp-json\/wp\/v2\/posts\/206286\/revisions"}],"wp:featuredmedia":[{"embeddable":true,"href":"https:\/\/www.webdo.tn\/fr\/wp-json\/wp\/v2\/media\/278326"}],"wp:attachment":[{"href":"https:\/\/www.webdo.tn\/fr\/wp-json\/wp\/v2\/media?parent=206286"}],"wp:term":[{"taxonomy":"category","embeddable":true,"href":"https:\/\/www.webdo.tn\/fr\/wp-json\/wp\/v2\/categories?post=206286"},{"taxonomy":"post_tag","embeddable":true,"href":"https:\/\/www.webdo.tn\/fr\/wp-json\/wp\/v2\/tags?post=206286"}],"curies":[{"name":"wp","href":"https:\/\/api.w.org\/{rel}","templated":true}]}}