{"id":206264,"date":"2023-06-01T22:17:00","date_gmt":"2023-06-01T22:17:00","guid":{"rendered":"https:\/\/www.webdo.tn\/fr\/blog\/cannes-2023-the-zone-of-interest-une-immersion-troublante-dans-l-univers-domestique-nazi-d-auschwitz\/206264\/"},"modified":"2025-05-21T08:56:34","modified_gmt":"2025-05-21T08:56:34","slug":"cannes-2023-the-zone-of-interest-une-immersion-troublante-dans-l-univers-domestique-nazi-d-auschwitz","status":"publish","type":"post","link":"https:\/\/www.webdo.tn\/fr\/actualite\/culture\/cannes-2023-the-zone-of-interest-une-immersion-troublante-dans-l-univers-domestique-nazi-d-auschwitz\/206264\/","title":{"rendered":"Cannes 2023 &#8211; \u00ab\u00a0The Zone of Interest\u00a0\u00bb : Une immersion troublante dans l&rsquo;univers domestique nazi d&rsquo;Auschwitz"},"content":{"rendered":"<div class=\"single-body entry-content typography-copy\" itemprop=\"articleBody\">\n<p style=\"font-weight: bold; text-align: justify\">\n\t\t\t\t\t\t\t\t\tL&rsquo;Holocauste reste l&rsquo;un des chapitres les plus sombres de l&rsquo;histoire de l&rsquo;humanit\u00e9, et sa repr\u00e9sentation au cin\u00e9ma est un exercice p\u00e9rilleux. Les r\u00e9alisateurs qui ont tent\u00e9 d&rsquo;aborder ce sujet complexe ont souvent \u00e9t\u00e9 confront\u00e9s \u00e0 un dilemme artistique : comment rendre justice aux souffrances indicibles tout en \u00e9vitant de tomber dans la sentimentalit\u00e9 ou la trivialisation ? Jonathan Glazer, r\u00e9alisateur britannique r\u00e9put\u00e9 pour son style visuel distinctif, rel\u00e8ve ce d\u00e9fi avec brio dans son dernier film \u00ab\u00a0The Zone of Interest\u00a0\u00bb.\n\t\t\t\t\t\t\t\t<\/p>\n<div class=\"coprs\" style=\"text-align: center\"><\/div>\n<div class=\"coprs\" style=\"text-align: justify\">\n<p><span><span>Bas\u00e9 sur le roman \u00e9ponyme de Martin Amis \u00a0(d\u00e9c\u00e9d\u00e9 le 20\u00a0mai, le lendemain de la premi\u00e8re du film au 76<sup>\u00e8me<\/sup> Festival de Cannes), le film transporte les spectateurs dans l&rsquo;univers insidieux d&rsquo;Auschwitz, mettant en lumi\u00e8re la vie domestique du commandant Rudolf H\u00f6ss et de sa femme Hedwig du temps o\u00f9 le SS commandait ce camp d\u2019extermination. Interpr\u00e9t\u00e9s respectivement par Christian Friedel et Sandra H\u00fcller, ces personnages incarnent la dualit\u00e9 troublante de ceux qui ont commis des actes monstrueux tout en menant une existence en apparence ordinaire.<\/span><\/span><\/p>\n<p><span><span>Jonathan Glazer adopte\u00a0une approche stylistique audacieuse, combinant une mise en sc\u00e8ne pr\u00e9cise avec une esth\u00e9tique visuelle soign\u00e9e. Les plans de Lukasz Zal, cr\u00e9ent une atmosph\u00e8re d&rsquo;\u00e9tranget\u00e9 et de malaise, renfor\u00e7ant ainsi l&rsquo;impact \u00e9motionnel du film. Parall\u00e8lement, la conception sonore immersive de Johnnie Burn, m\u00e9langeant subtilement des bruits de fond tels que des coups de feu lointains, des cris \u00e9touff\u00e9s et le grondement subsonique des machines de la mort, rappelle aux spectateurs l&rsquo;horreur indicible qui se d\u00e9roule en arri\u00e8re-plan.<\/span><\/span><\/p>\n<p><span><span><em>The Zone of Interest<\/em> se distingue par son refus de c\u00e9der \u00e0 la facilit\u00e9 du voyeurisme ou de l&rsquo;exploitation graphique des horreurs de l&rsquo;Holocauste. Au lieu de cela, Jonathan Glazer opte pour une approche plus subtile, laissant les images \u00e9voquer l&rsquo;horreur sans les montrer directement. Cette technique met l&rsquo;accent sur l&rsquo;imagination du spectateur, qui est ainsi amen\u00e9 \u00e0 reconstruire les d\u00e9tails les plus sombres \u00e0 partir des indices visuels et sonores diss\u00e9min\u00e9s dans le film.<\/span><\/span><\/p>\n<p><span><span>Le r\u00e9alisateur britannique parvient \u00e0 cr\u00e9er une tension palpable en juxtaposant des sc\u00e8nes de la vie quotidienne apparemment normale de la famille H\u00f6ss avec des moments plus sombres et inqui\u00e9tants. Les enfants jouent joyeusement dans la piscine ou Rudolf lit des histoires \u00e0 ses filles, donnent l&rsquo;illusion d&rsquo;un cadre familial idyllique. Pourtant, les indices visuels subtils, tels que l&rsquo;uniforme SS de Rudolf et les serviteurs qui semblent \u00eatre des prisonniers du camp, rappellent constamment la r\u00e9alit\u00e9 sordide de leur existence.<\/span><\/span><\/p>\n<p><img decoding=\"async\" alt=\"\" height=\"717\" src=\"\/assets\/uploads\/images\/\/Neila\/the%20zone%20of%20interest%20affiche.jpeg\" width=\"717\"><\/p>\n<p><span><span>Jonathan Glazer privil\u00e9gie \u00e9galement une approche minimaliste de la narration, laissant les images parler d&rsquo;elles-m\u00eames. Il \u00e9vite les discours explicatifs et les dialogues superflus, permettant ainsi au spectateur d&rsquo;interpr\u00e9ter les sc\u00e8nes selon sa propre sensibilit\u00e9 et son bagage personnel. Cette approche souligne la force \u00e9vocatrice du cin\u00e9ma en tant qu&rsquo;art visuel et offre une exp\u00e9rience cin\u00e9matographique immersive et profond\u00e9ment troublante.<\/span><\/span><\/p>\n<p><span><span>Au sein du film <em>The Zone of Interest<\/em>, les victimes de l&rsquo;Holocauste restent invisibles \u00e0 l&rsquo;\u00e9cran, mais leur pr\u00e9sence se fait ressentir de mani\u00e8re troublante tout au long du r\u00e9cit. Le r\u00e9alisateur parvient \u00e0 transmettre le sort tragique des victimes \u00e0 travers des \u00e9l\u00e9ments subtils et symboliques, laissant ainsi le spectateur comprendre les horreurs qui leur sont inflig\u00e9es.<\/span><\/span><\/p>\n<p><span><span>Une sc\u00e8ne particuli\u00e8rement d\u00e9rangeante met en lumi\u00e8re cette approche : l&rsquo;\u00e9pouse du commandant Rudolf H\u00f6ss essaie un manteau de fourrure luxueux. Au premier abord, cette sc\u00e8ne semble anodine, mais peu \u00e0 peu, la provenance du manteau se r\u00e9v\u00e8le. Le spectateur r\u00e9alise avec effroi qu&rsquo;il appartenait \u00e0 l&rsquo;une des nombreuses victimes de l&rsquo;Holocauste. Ce contraste entre la trivialit\u00e9 de l&rsquo;acte et la signification profonde du v\u00eatement souligne la banalisation de l&rsquo;horreur au sein de cette soci\u00e9t\u00e9 nazie.<\/span><\/span><\/p>\n<p><span><span>Une autre s\u00e9quence marque les esprits : l&rsquo;\u00e9pouse de Rudolf H\u00f6ss raconte avoir d\u00e9couvert un diamant cach\u00e9 dans un tube de dentifrice. Elle exprime son admiration pour l&rsquo;ing\u00e9niosit\u00e9 des victimes qui ont d\u00fb recourir \u00e0 des stratag\u00e8mes d\u00e9sesp\u00e9r\u00e9s pour pr\u00e9server leurs biens. Cette histoire, en apparence anecdotique, r\u00e9v\u00e8le l&rsquo;ampleur de l&rsquo;injustice et de la cruaut\u00e9 inflig\u00e9es aux victimes de l&rsquo;Holocauste. Elle met \u00e9galement en lumi\u00e8re la d\u00e9connexion totale entre les bourreaux et la souffrance humaine.<\/span><\/span><\/p>\n<p><span><span>Une sc\u00e8ne cl\u00e9 du film implique une rencontre entre Rudolf H\u00f6ss et des industriels qui discutent des performances d\u2019un four cr\u00e9matoire qu\u2019ils conseillent d\u2019utiliser au camp. Les industriels sont pr\u00e9occup\u00e9s par les chiffres et les b\u00e9n\u00e9fices, sans se soucier de la trag\u00e9die humaine qui se d\u00e9roule \u00e0 Auschwitz. Ils discutent affaires, comme si des vies humaines n\u2019\u00e9taient pas en jeu, comme s\u2019il s\u2019agissait d\u2019installer des machines quelconques dans une usine ordinaire. Cette sc\u00e8ne met en \u00e9vidence la complicit\u00e9 tacite de nombreux acteurs \u00e9conomiques de l&rsquo;\u00e9poque, qui ont profit\u00e9 du syst\u00e8me concentrationnaire sans se pr\u00e9occuper des vies humaines an\u00e9anties.<\/span><\/span><\/p>\n<p><span><span>Jonathan Glazer utilise habilement ces sc\u00e8nes pour susciter une r\u00e9flexion profonde chez le spectateur. Il souligne la fa\u00e7on dont les bourreaux nazis ont d\u00e9shumanis\u00e9 les victimes, les r\u00e9duisant \u00e0 de simples objets \u00e0 exploiter. Les actions et les paroles des personnages, bien que subtiles, renforcent le sentiment de r\u00e9pulsion et de d\u00e9gout face \u00e0 la cruaut\u00e9 et \u00e0 l&rsquo;indiff\u00e9rence.<\/span><\/span><\/p>\n<p><span><span><em>The Zone of Interest<\/em> se distingue donc par sa capacit\u00e9 \u00e0 faire ressentir l&rsquo;horreur sans jamais la montrer directement. En \u00e9vitant les images graphiques et choquantes, le film laisse une place \u00e0 l&rsquo;imagination du spectateur, qui est ainsi confront\u00e9 \u00e0 la r\u00e9alit\u00e9 brutale de l&rsquo;Holocauste de mani\u00e8re plus profonde et personnelle.<\/span><\/span><\/p>\n<p><span><span>Cette approche audacieuse permet au film de cr\u00e9er une tension palpable et met le spectateur dans une situation d&rsquo;inconfort et de malaise. Ces gens qui vivent normalement, juste \u00e0 c\u00f4t\u00e9 d&rsquo;un g\u00e9nocide, est une situation gla\u00e7ante. On est outr\u00e9 par le fait que des \u00eatres humains puissent s&rsquo;accommoder de telles horreurs et feignent de ne pas les voir, et pire, en tirent profit pour leur confort et bien \u00eatre personnels.<\/span><\/span><\/p>\n<p><span><span>Outre sa mise en sc\u00e8ne captivante, <em>The Zone of Interest<\/em> se distingue \u00e9galement par ses performances d&rsquo;acteurs remarquables. Christian Friedel incarne Rudolf H\u00f6ss avec une justesse saisissante, r\u00e9v\u00e9lant la fragilit\u00e9 et la perversit\u00e9 de ce personnage complexe. Sandra H\u00fcller, quant \u00e0 elle, offre une interpr\u00e9tation m\u00e9morable de Hedwig, d\u00e9peignant avec subtilit\u00e9 la complicit\u00e9 de cette femme dans les crimes commis par son mari et son indiff\u00e9rence totale envers les victimes du camp. Leur jeu d&rsquo;acteur impeccable contribue \u00e0 la cr\u00e9dibilit\u00e9 et \u00e0 la profondeur des personnages, renfor\u00e7ant ainsi l&rsquo;impact \u00e9motionnel du film.<\/span><\/span><\/p>\n<p><span><span>Enfin, il convient de souligner la port\u00e9e sociale et historique de <em>The Zone of Interest<\/em>. Le film nous rappelle la n\u00e9cessit\u00e9 de se confronter \u00e0 l&rsquo;histoire et d&rsquo;en tirer des le\u00e7ons pour \u00e9viter que de tels \u00e9v\u00e9nements ne se reproduisent. Jonathan Glazer parvient \u00e0 \u00e9voquer la culpabilit\u00e9 collective et la complicit\u00e9 silencieuse qui ont permis \u00e0 l&rsquo;Holocauste de se produire, tout en mettant en lumi\u00e8re les individus pris au pi\u00e8ge dans un syst\u00e8me meurtrier.<\/span><\/span><\/p>\n<div>\n<figure class=\"image\"><img decoding=\"async\" alt=\"\" height=\"494\" src=\"\/assets\/uploads\/images\/\/Neila\/the%20zone%20of%20interest%20monte%CC%81e.jpeg\" width=\"877\"><figcaption><em>Le producteur James Wilson, l&rsquo;actrice Sandra Huller, le r\u00e9alisateur Jonathan Glazer, l&rsquo;acteur Christian Friedel et la productrice Ewa Puszczynska, lors de la mont\u00e9e des marches pour le premi\u00e8re du film<\/em><\/figcaption><\/figure>\n<\/div>\n<p>\u00a0<\/p>\n<p><span><span><em>The Zone of Interest<\/em> est un film d&rsquo;une intensit\u00e9 et d&rsquo;une puissance exceptionnelles, qui aurait sans aucun doute m\u00e9rit\u00e9 d&rsquo;\u00eatre r\u00e9compens\u00e9 de la Palme d&rsquo;Or au 76\u00e8me festival de Cannes. Malheureusement, le jury pr\u00e9sid\u00e9 par Ruben \u00d6stlund a pris une d\u00e9cision diff\u00e9rente, laissant place \u00e0 une incompr\u00e9hension g\u00e9n\u00e9rale parmi les spectateurs et les critiques, et n\u2019a d\u00e9cern\u00e9 \u00e0 ce tr\u00e8s beau film que le Grand Prix. Lors de la conf\u00e9rence de presse des membres du jury qui a suivi la c\u00e9r\u00e9monie de cl\u00f4ture, une question r\u00e9currente a \u00e9t\u00e9 soulev\u00e9e, mais n&rsquo;a malheureusement pas trouv\u00e9 de r\u00e9ponse : Pourquoi <em>The Zone of Interest<\/em> n&rsquo;a-t-il pas \u00e9t\u00e9 couronn\u00e9 de la prestigieuse Palme d&rsquo;Or ?<\/span><\/span><\/p>\n<p><span><span><strong>Ne\u00efla Driss<\/strong><\/span><\/span><\/p>\n<p><img decoding=\"async\" alt=\"\" height=\"80\" src=\"\/assets\/uploads\/images\/\/Neila\/2023_CANNES_SIGNATURES_WEB_1584x396_01_LINKEDIN%20-%20Petite.jpeg\" width=\"320\"><\/p>\n<p>\n\u00a0<\/p>\n<p>\u00a0<\/p>\n<\/p><\/div>\n<div class=\"coprs\" style=\"text-align: center\"><\/div><\/div>\n","protected":false},"excerpt":{"rendered":"<p>L&rsquo;Holocauste reste l&rsquo;un des chapitres les plus sombres de l&rsquo;histoire de l&rsquo;humanit\u00e9, et sa repr\u00e9sentation au cin\u00e9ma est un exercice p\u00e9rilleux. Les r\u00e9alisateurs q&#8230;<\/p>\n","protected":false},"author":3164,"featured_media":250991,"comment_status":"open","ping_status":"closed","sticky":false,"template":"","format":"standard","meta":{"footnotes":""},"categories":[2594],"tags":[7127,2627,8353],"class_list":["post-206264","post","type-post","status-publish","format-standard","has-post-thumbnail","hentry","category-culture","tag-cannes-2023","tag-festival-de-cannes","tag-the-zone-of-interest"],"yoast_head":"<!-- This site is optimized with the Yoast SEO Premium plugin v27.4 (Yoast SEO v27.4) - https:\/\/yoast.com\/product\/yoast-seo-premium-wordpress\/ -->\n<title>Cannes 2023 - The Zone of Interest : Une immersion troublante dans l&#039;univers domestique nazi d&#039;Auschwitz<\/title>\n<meta name=\"description\" content=\"L&#039;Holocauste reste l&#039;un des chapitres les plus sombres de l&#039;histoire de l&#039;humanit\u00e9, et sa repr\u00e9sentation au cin\u00e9ma est un exercice p\u00e9rilleux. Les r\u00e9alisateurs q...\" \/>\n<link rel=\"canonical\" href=\"https:\/\/www.webdo.tn\/fr\/actualite\/culture\/cannes-2023-the-zone-of-interest-une-immersion-troublante-dans-l-univers-domestique-nazi-d-auschwitz\/206264\/\" \/>\n<meta property=\"og:locale\" content=\"fr_FR\" \/>\n<meta property=\"og:type\" content=\"article\" \/>\n<meta property=\"og:title\" content=\"Cannes 2023 - &quot;The Zone of Interest&quot; : Une immersion troublante dans l&#039;univers domestique nazi d&#039;Auschwitz\" \/>\n<meta property=\"og:description\" content=\"L&#039;Holocauste reste l&#039;un des chapitres les plus sombres de l&#039;histoire de l&#039;humanit\u00e9, et sa repr\u00e9sentation au cin\u00e9ma est un exercice p\u00e9rilleux. Les r\u00e9alisateurs q...\" \/>\n<meta property=\"og:url\" content=\"https:\/\/www.webdo.tn\/fr\/actualite\/culture\/cannes-2023-the-zone-of-interest-une-immersion-troublante-dans-l-univers-domestique-nazi-d-auschwitz\/206264\/\" \/>\n<meta property=\"og:site_name\" content=\"webdo\" \/>\n<meta property=\"article:publisher\" content=\"https:\/\/www.facebook.com\/webdotn\" \/>\n<meta property=\"article:author\" content=\"https:\/\/www.facebook.com\/massir.destiniii\/\" \/>\n<meta property=\"article:published_time\" content=\"2023-06-01T22:17:00+00:00\" \/>\n<meta property=\"article:modified_time\" content=\"2025-05-21T08:56:34+00:00\" \/>\n<meta property=\"og:image\" content=\"https:\/\/www.webdo.tn\/fr\/wp-content\/uploads\/2023\/06\/03dd96f99f4cb01c87245e025707a481.jpeg\" \/>\n\t<meta property=\"og:image:width\" content=\"750\" \/>\n\t<meta property=\"og:image:height\" content=\"400\" \/>\n\t<meta property=\"og:image:type\" content=\"image\/jpeg\" \/>\n<meta name=\"author\" content=\"Ne\u00efla DRISS\" \/>\n<meta name=\"twitter:card\" content=\"summary_large_image\" \/>\n<meta name=\"twitter:creator\" content=\"@https:\/\/x.com\/MassirDestin\" \/>\n<meta name=\"twitter:site\" content=\"@webdo_tn\" \/>\n<meta name=\"twitter:label1\" content=\"\u00c9crit par\" \/>\n\t<meta name=\"twitter:data1\" content=\"Ne\u00efla DRISS\" \/>\n\t<meta name=\"twitter:label2\" content=\"Dur\u00e9e de lecture estim\u00e9e\" \/>\n\t<meta name=\"twitter:data2\" content=\"7 minutes\" \/>\n<script type=\"application\/ld+json\" class=\"yoast-schema-graph\">{\"@context\":\"https:\\\/\\\/schema.org\",\"@graph\":[{\"@type\":\"NewsArticle\",\"@id\":\"https:\\\/\\\/www.webdo.tn\\\/fr\\\/actualite\\\/culture\\\/cannes-2023-the-zone-of-interest-une-immersion-troublante-dans-l-univers-domestique-nazi-d-auschwitz\\\/206264\\\/#article\",\"isPartOf\":{\"@id\":\"https:\\\/\\\/www.webdo.tn\\\/fr\\\/actualite\\\/culture\\\/cannes-2023-the-zone-of-interest-une-immersion-troublante-dans-l-univers-domestique-nazi-d-auschwitz\\\/206264\\\/\"},\"author\":{\"name\":\"Ne\u00efla DRISS\",\"@id\":\"https:\\\/\\\/www.webdo.tn\\\/fr\\\/#\\\/schema\\\/person\\\/60d5ba619ed3f58783b0dc82b7dada80\"},\"headline\":\"Cannes 2023 &#8211; \u00ab\u00a0The Zone of Interest\u00a0\u00bb : Une immersion troublante dans l&rsquo;univers domestique nazi d&rsquo;Auschwitz\",\"datePublished\":\"2023-06-01T22:17:00+00:00\",\"dateModified\":\"2025-05-21T08:56:34+00:00\",\"mainEntityOfPage\":{\"@id\":\"https:\\\/\\\/www.webdo.tn\\\/fr\\\/actualite\\\/culture\\\/cannes-2023-the-zone-of-interest-une-immersion-troublante-dans-l-univers-domestique-nazi-d-auschwitz\\\/206264\\\/\"},\"wordCount\":1448,\"commentCount\":0,\"publisher\":{\"@id\":\"https:\\\/\\\/www.webdo.tn\\\/fr\\\/#organization\"},\"image\":{\"@id\":\"https:\\\/\\\/www.webdo.tn\\\/fr\\\/actualite\\\/culture\\\/cannes-2023-the-zone-of-interest-une-immersion-troublante-dans-l-univers-domestique-nazi-d-auschwitz\\\/206264\\\/#primaryimage\"},\"thumbnailUrl\":\"https:\\\/\\\/www.webdo.tn\\\/fr\\\/wp-content\\\/uploads\\\/2023\\\/06\\\/03dd96f99f4cb01c87245e025707a481.jpeg\",\"keywords\":[\"Cannes 2023\",\"Festival de Cannes\",\"The Zone of Interest\"],\"articleSection\":[\"Culture\"],\"inLanguage\":\"fr-FR\"},{\"@type\":\"WebPage\",\"@id\":\"https:\\\/\\\/www.webdo.tn\\\/fr\\\/actualite\\\/culture\\\/cannes-2023-the-zone-of-interest-une-immersion-troublante-dans-l-univers-domestique-nazi-d-auschwitz\\\/206264\\\/\",\"url\":\"https:\\\/\\\/www.webdo.tn\\\/fr\\\/actualite\\\/culture\\\/cannes-2023-the-zone-of-interest-une-immersion-troublante-dans-l-univers-domestique-nazi-d-auschwitz\\\/206264\\\/\",\"name\":\"Cannes 2023 - The Zone of Interest : Une immersion troublante dans l'univers domestique nazi d'Auschwitz\",\"isPartOf\":{\"@id\":\"https:\\\/\\\/www.webdo.tn\\\/fr\\\/#website\"},\"primaryImageOfPage\":{\"@id\":\"https:\\\/\\\/www.webdo.tn\\\/fr\\\/actualite\\\/culture\\\/cannes-2023-the-zone-of-interest-une-immersion-troublante-dans-l-univers-domestique-nazi-d-auschwitz\\\/206264\\\/#primaryimage\"},\"image\":{\"@id\":\"https:\\\/\\\/www.webdo.tn\\\/fr\\\/actualite\\\/culture\\\/cannes-2023-the-zone-of-interest-une-immersion-troublante-dans-l-univers-domestique-nazi-d-auschwitz\\\/206264\\\/#primaryimage\"},\"thumbnailUrl\":\"https:\\\/\\\/www.webdo.tn\\\/fr\\\/wp-content\\\/uploads\\\/2023\\\/06\\\/03dd96f99f4cb01c87245e025707a481.jpeg\",\"datePublished\":\"2023-06-01T22:17:00+00:00\",\"dateModified\":\"2025-05-21T08:56:34+00:00\",\"description\":\"L'Holocauste reste l'un des chapitres les plus sombres de l'histoire de l'humanit\u00e9, et sa repr\u00e9sentation au cin\u00e9ma est un exercice p\u00e9rilleux. Les r\u00e9alisateurs q...\",\"breadcrumb\":{\"@id\":\"https:\\\/\\\/www.webdo.tn\\\/fr\\\/actualite\\\/culture\\\/cannes-2023-the-zone-of-interest-une-immersion-troublante-dans-l-univers-domestique-nazi-d-auschwitz\\\/206264\\\/#breadcrumb\"},\"inLanguage\":\"fr-FR\",\"potentialAction\":[{\"@type\":\"ReadAction\",\"target\":[\"https:\\\/\\\/www.webdo.tn\\\/fr\\\/actualite\\\/culture\\\/cannes-2023-the-zone-of-interest-une-immersion-troublante-dans-l-univers-domestique-nazi-d-auschwitz\\\/206264\\\/\"]}]},{\"@type\":\"ImageObject\",\"inLanguage\":\"fr-FR\",\"@id\":\"https:\\\/\\\/www.webdo.tn\\\/fr\\\/actualite\\\/culture\\\/cannes-2023-the-zone-of-interest-une-immersion-troublante-dans-l-univers-domestique-nazi-d-auschwitz\\\/206264\\\/#primaryimage\",\"url\":\"https:\\\/\\\/www.webdo.tn\\\/fr\\\/wp-content\\\/uploads\\\/2023\\\/06\\\/03dd96f99f4cb01c87245e025707a481.jpeg\",\"contentUrl\":\"https:\\\/\\\/www.webdo.tn\\\/fr\\\/wp-content\\\/uploads\\\/2023\\\/06\\\/03dd96f99f4cb01c87245e025707a481.jpeg\",\"width\":750,\"height\":400,\"caption\":\"Cannes 2023 - \\\"The Zone of Interest\\\" : Une immersion troublante dans l'univers domestique nazi d'Auschwitz\"},{\"@type\":\"BreadcrumbList\",\"@id\":\"https:\\\/\\\/www.webdo.tn\\\/fr\\\/actualite\\\/culture\\\/cannes-2023-the-zone-of-interest-une-immersion-troublante-dans-l-univers-domestique-nazi-d-auschwitz\\\/206264\\\/#breadcrumb\",\"itemListElement\":[{\"@type\":\"ListItem\",\"position\":1,\"name\":\"Accueil\",\"item\":\"https:\\\/\\\/www.webdo.tn\\\/fr\\\/\"},{\"@type\":\"ListItem\",\"position\":2,\"name\":\"Cannes 2023 &#8211; \u00ab\u00a0The Zone of Interest\u00a0\u00bb : Une immersion troublante dans l&rsquo;univers domestique nazi d&rsquo;Auschwitz\"}]},{\"@type\":\"WebSite\",\"@id\":\"https:\\\/\\\/www.webdo.tn\\\/fr\\\/#website\",\"url\":\"https:\\\/\\\/www.webdo.tn\\\/fr\\\/\",\"name\":\"webdo\",\"description\":\"Tunisie - News en Tunisie et \u00e0 l&#039;international sur Webdo.tn\",\"publisher\":{\"@id\":\"https:\\\/\\\/www.webdo.tn\\\/fr\\\/#organization\"},\"potentialAction\":[{\"@type\":\"SearchAction\",\"target\":{\"@type\":\"EntryPoint\",\"urlTemplate\":\"https:\\\/\\\/www.webdo.tn\\\/fr\\\/?s={search_term_string}\"},\"query-input\":{\"@type\":\"PropertyValueSpecification\",\"valueRequired\":true,\"valueName\":\"search_term_string\"}}],\"inLanguage\":\"fr-FR\"},{\"@type\":\"Organization\",\"@id\":\"https:\\\/\\\/www.webdo.tn\\\/fr\\\/#organization\",\"name\":\"Webdo\",\"alternateName\":\"Webdo.tn\",\"url\":\"https:\\\/\\\/www.webdo.tn\\\/fr\\\/\",\"logo\":{\"@type\":\"ImageObject\",\"inLanguage\":\"fr-FR\",\"@id\":\"https:\\\/\\\/www.webdo.tn\\\/fr\\\/#\\\/schema\\\/logo\\\/image\\\/\",\"url\":\"https:\\\/\\\/www.webdo.tn\\\/fr\\\/wp-content\\\/uploads\\\/2025\\\/06\\\/Webdo-Tunisie_168377.jpg\",\"contentUrl\":\"https:\\\/\\\/www.webdo.tn\\\/fr\\\/wp-content\\\/uploads\\\/2025\\\/06\\\/Webdo-Tunisie_168377.jpg\",\"width\":301,\"height\":301,\"caption\":\"Webdo\"},\"image\":{\"@id\":\"https:\\\/\\\/www.webdo.tn\\\/fr\\\/#\\\/schema\\\/logo\\\/image\\\/\"},\"sameAs\":[\"https:\\\/\\\/www.facebook.com\\\/webdotn\",\"https:\\\/\\\/x.com\\\/webdo_tn\"],\"description\":\"Webdo est un m\u00e9dia num\u00e9rique tunisien fond\u00e9 en 2010, sp\u00e9cialis\u00e9 dans l\u2019actualit\u00e9 nationale et internationale, l\u2019\u00e9conomie, la soci\u00e9t\u00e9 et les analyses politiques. Le site s\u2019adresse \u00e0 un large public francophone et couvre l\u2019information tunisienne en temps r\u00e9el.\",\"email\":\"redac@webdo.tn\",\"legalName\":\"YNJ SARL\",\"foundingDate\":\"2010-09-06\",\"numberOfEmployees\":{\"@type\":\"QuantitativeValue\",\"minValue\":\"11\",\"maxValue\":\"50\"}},{\"@type\":\"Person\",\"@id\":\"https:\\\/\\\/www.webdo.tn\\\/fr\\\/#\\\/schema\\\/person\\\/60d5ba619ed3f58783b0dc82b7dada80\",\"name\":\"Ne\u00efla DRISS\",\"image\":{\"@type\":\"ImageObject\",\"inLanguage\":\"fr-FR\",\"@id\":\"https:\\\/\\\/www.webdo.tn\\\/fr\\\/wp-content\\\/uploads\\\/2026\\\/04\\\/neila-driss_avatar-96x96.jpg\",\"url\":\"https:\\\/\\\/www.webdo.tn\\\/fr\\\/wp-content\\\/uploads\\\/2026\\\/04\\\/neila-driss_avatar-96x96.jpg\",\"contentUrl\":\"https:\\\/\\\/www.webdo.tn\\\/fr\\\/wp-content\\\/uploads\\\/2026\\\/04\\\/neila-driss_avatar-96x96.jpg\",\"caption\":\"Ne\u00efla DRISS\"},\"description\":\"Ne\u00efla Driss est juriste, journaliste culturelle et critique de cin\u00e9ma tunisienne. Titulaire d\u2019un DEA en droit priv\u00e9 de l\u2019Universit\u00e9 Paris II et d\u2019un DESS de l\u2019IHEC Carthage, elle d\u00e9bute sa carri\u00e8re comme juriste sp\u00e9cialis\u00e9e en gestion de patrimoine immobilier. Elle s\u2019oriente ensuite vers l\u2019\u00e9criture en ligne, o\u00f9 elle se distingue d\u00e8s 2006 aux Tunisia Blog Awards, avant de se consacrer au journalisme culturel, avec une sp\u00e9cialisation dans la critique cin\u00e9matographique. Elle couvre r\u00e9guli\u00e8rement les grands festivals internationaux, notamment le Festival de Cannes, les Journ\u00e9es Cin\u00e9matographiques de Carthage et le Festival du film du Caire. Membre de l\u2019ATPCC et de la FIPRESCI, elle participe \u00e0 des jurys et initiatives internationales de critique. Depuis 2024, elle est \u00e9lectrice internationale aux Golden Globes. Facebook : https:\\\/\\\/www.facebook.com\\\/massir.destiniii\\\/ X : https:\\\/\\\/x.com\\\/MassirDestin\",\"sameAs\":[\"https:\\\/\\\/www.facebook.com\\\/massir.destiniii\\\/\",\"https:\\\/\\\/www.instagram.com\\\/neila.driss\\\/?hl=fr\",\"https:\\\/\\\/www.linkedin.com\\\/in\\\/neila-driss-22606a80\\\/\",\"https:\\\/\\\/x.com\\\/https:\\\/\\\/x.com\\\/MassirDestin\"],\"knowsAbout\":[\"Cin\u00e9ma international\",\"critique cin\u00e9matographique\",\"festivals de cin\u00e9ma\",\"journalisme culturel\"],\"knowsLanguage\":[\"Fran\u00e7ais\",\"Arabe\",\"Anglais\"],\"jobTitle\":\"Journaliste culturelle et critique de cin\u00e9ma\",\"worksFor\":\"Webdo\",\"url\":\"https:\\\/\\\/www.webdo.tn\\\/fr\\\/actualite\\\/author\\\/neila-driss\\\/\"}]}<\/script>\n<!-- \/ Yoast SEO Premium plugin. -->","yoast_head_json":{"title":"Cannes 2023 - The Zone of Interest : Une immersion troublante dans l'univers domestique nazi d'Auschwitz","description":"L'Holocauste reste l'un des chapitres les plus sombres de l'histoire de l'humanit\u00e9, et sa repr\u00e9sentation au cin\u00e9ma est un exercice p\u00e9rilleux. Les r\u00e9alisateurs q...","canonical":"https:\/\/www.webdo.tn\/fr\/actualite\/culture\/cannes-2023-the-zone-of-interest-une-immersion-troublante-dans-l-univers-domestique-nazi-d-auschwitz\/206264\/","og_locale":"fr_FR","og_type":"article","og_title":"Cannes 2023 - \"The Zone of Interest\" : Une immersion troublante dans l'univers domestique nazi d'Auschwitz","og_description":"L'Holocauste reste l'un des chapitres les plus sombres de l'histoire de l'humanit\u00e9, et sa repr\u00e9sentation au cin\u00e9ma est un exercice p\u00e9rilleux. Les r\u00e9alisateurs q...","og_url":"https:\/\/www.webdo.tn\/fr\/actualite\/culture\/cannes-2023-the-zone-of-interest-une-immersion-troublante-dans-l-univers-domestique-nazi-d-auschwitz\/206264\/","og_site_name":"webdo","article_publisher":"https:\/\/www.facebook.com\/webdotn","article_author":"https:\/\/www.facebook.com\/massir.destiniii\/","article_published_time":"2023-06-01T22:17:00+00:00","article_modified_time":"2025-05-21T08:56:34+00:00","og_image":[{"width":750,"height":400,"url":"https:\/\/www.webdo.tn\/fr\/wp-content\/uploads\/2023\/06\/03dd96f99f4cb01c87245e025707a481.jpeg","type":"image\/jpeg"}],"author":"Ne\u00efla DRISS","twitter_card":"summary_large_image","twitter_creator":"@https:\/\/x.com\/MassirDestin","twitter_site":"@webdo_tn","twitter_misc":{"\u00c9crit par":"Ne\u00efla DRISS","Dur\u00e9e de lecture estim\u00e9e":"7 minutes"},"schema":{"@context":"https:\/\/schema.org","@graph":[{"@type":"NewsArticle","@id":"https:\/\/www.webdo.tn\/fr\/actualite\/culture\/cannes-2023-the-zone-of-interest-une-immersion-troublante-dans-l-univers-domestique-nazi-d-auschwitz\/206264\/#article","isPartOf":{"@id":"https:\/\/www.webdo.tn\/fr\/actualite\/culture\/cannes-2023-the-zone-of-interest-une-immersion-troublante-dans-l-univers-domestique-nazi-d-auschwitz\/206264\/"},"author":{"name":"Ne\u00efla DRISS","@id":"https:\/\/www.webdo.tn\/fr\/#\/schema\/person\/60d5ba619ed3f58783b0dc82b7dada80"},"headline":"Cannes 2023 &#8211; \u00ab\u00a0The Zone of Interest\u00a0\u00bb : Une immersion troublante dans l&rsquo;univers domestique nazi d&rsquo;Auschwitz","datePublished":"2023-06-01T22:17:00+00:00","dateModified":"2025-05-21T08:56:34+00:00","mainEntityOfPage":{"@id":"https:\/\/www.webdo.tn\/fr\/actualite\/culture\/cannes-2023-the-zone-of-interest-une-immersion-troublante-dans-l-univers-domestique-nazi-d-auschwitz\/206264\/"},"wordCount":1448,"commentCount":0,"publisher":{"@id":"https:\/\/www.webdo.tn\/fr\/#organization"},"image":{"@id":"https:\/\/www.webdo.tn\/fr\/actualite\/culture\/cannes-2023-the-zone-of-interest-une-immersion-troublante-dans-l-univers-domestique-nazi-d-auschwitz\/206264\/#primaryimage"},"thumbnailUrl":"https:\/\/www.webdo.tn\/fr\/wp-content\/uploads\/2023\/06\/03dd96f99f4cb01c87245e025707a481.jpeg","keywords":["Cannes 2023","Festival de Cannes","The Zone of Interest"],"articleSection":["Culture"],"inLanguage":"fr-FR"},{"@type":"WebPage","@id":"https:\/\/www.webdo.tn\/fr\/actualite\/culture\/cannes-2023-the-zone-of-interest-une-immersion-troublante-dans-l-univers-domestique-nazi-d-auschwitz\/206264\/","url":"https:\/\/www.webdo.tn\/fr\/actualite\/culture\/cannes-2023-the-zone-of-interest-une-immersion-troublante-dans-l-univers-domestique-nazi-d-auschwitz\/206264\/","name":"Cannes 2023 - The Zone of Interest : Une immersion troublante dans l'univers domestique nazi d'Auschwitz","isPartOf":{"@id":"https:\/\/www.webdo.tn\/fr\/#website"},"primaryImageOfPage":{"@id":"https:\/\/www.webdo.tn\/fr\/actualite\/culture\/cannes-2023-the-zone-of-interest-une-immersion-troublante-dans-l-univers-domestique-nazi-d-auschwitz\/206264\/#primaryimage"},"image":{"@id":"https:\/\/www.webdo.tn\/fr\/actualite\/culture\/cannes-2023-the-zone-of-interest-une-immersion-troublante-dans-l-univers-domestique-nazi-d-auschwitz\/206264\/#primaryimage"},"thumbnailUrl":"https:\/\/www.webdo.tn\/fr\/wp-content\/uploads\/2023\/06\/03dd96f99f4cb01c87245e025707a481.jpeg","datePublished":"2023-06-01T22:17:00+00:00","dateModified":"2025-05-21T08:56:34+00:00","description":"L'Holocauste reste l'un des chapitres les plus sombres de l'histoire de l'humanit\u00e9, et sa repr\u00e9sentation au cin\u00e9ma est un exercice p\u00e9rilleux. Les r\u00e9alisateurs q...","breadcrumb":{"@id":"https:\/\/www.webdo.tn\/fr\/actualite\/culture\/cannes-2023-the-zone-of-interest-une-immersion-troublante-dans-l-univers-domestique-nazi-d-auschwitz\/206264\/#breadcrumb"},"inLanguage":"fr-FR","potentialAction":[{"@type":"ReadAction","target":["https:\/\/www.webdo.tn\/fr\/actualite\/culture\/cannes-2023-the-zone-of-interest-une-immersion-troublante-dans-l-univers-domestique-nazi-d-auschwitz\/206264\/"]}]},{"@type":"ImageObject","inLanguage":"fr-FR","@id":"https:\/\/www.webdo.tn\/fr\/actualite\/culture\/cannes-2023-the-zone-of-interest-une-immersion-troublante-dans-l-univers-domestique-nazi-d-auschwitz\/206264\/#primaryimage","url":"https:\/\/www.webdo.tn\/fr\/wp-content\/uploads\/2023\/06\/03dd96f99f4cb01c87245e025707a481.jpeg","contentUrl":"https:\/\/www.webdo.tn\/fr\/wp-content\/uploads\/2023\/06\/03dd96f99f4cb01c87245e025707a481.jpeg","width":750,"height":400,"caption":"Cannes 2023 - \"The Zone of Interest\" : Une immersion troublante dans l'univers domestique nazi d'Auschwitz"},{"@type":"BreadcrumbList","@id":"https:\/\/www.webdo.tn\/fr\/actualite\/culture\/cannes-2023-the-zone-of-interest-une-immersion-troublante-dans-l-univers-domestique-nazi-d-auschwitz\/206264\/#breadcrumb","itemListElement":[{"@type":"ListItem","position":1,"name":"Accueil","item":"https:\/\/www.webdo.tn\/fr\/"},{"@type":"ListItem","position":2,"name":"Cannes 2023 &#8211; \u00ab\u00a0The Zone of Interest\u00a0\u00bb : Une immersion troublante dans l&rsquo;univers domestique nazi d&rsquo;Auschwitz"}]},{"@type":"WebSite","@id":"https:\/\/www.webdo.tn\/fr\/#website","url":"https:\/\/www.webdo.tn\/fr\/","name":"webdo","description":"Tunisie - News en Tunisie et \u00e0 l&#039;international sur Webdo.tn","publisher":{"@id":"https:\/\/www.webdo.tn\/fr\/#organization"},"potentialAction":[{"@type":"SearchAction","target":{"@type":"EntryPoint","urlTemplate":"https:\/\/www.webdo.tn\/fr\/?s={search_term_string}"},"query-input":{"@type":"PropertyValueSpecification","valueRequired":true,"valueName":"search_term_string"}}],"inLanguage":"fr-FR"},{"@type":"Organization","@id":"https:\/\/www.webdo.tn\/fr\/#organization","name":"Webdo","alternateName":"Webdo.tn","url":"https:\/\/www.webdo.tn\/fr\/","logo":{"@type":"ImageObject","inLanguage":"fr-FR","@id":"https:\/\/www.webdo.tn\/fr\/#\/schema\/logo\/image\/","url":"https:\/\/www.webdo.tn\/fr\/wp-content\/uploads\/2025\/06\/Webdo-Tunisie_168377.jpg","contentUrl":"https:\/\/www.webdo.tn\/fr\/wp-content\/uploads\/2025\/06\/Webdo-Tunisie_168377.jpg","width":301,"height":301,"caption":"Webdo"},"image":{"@id":"https:\/\/www.webdo.tn\/fr\/#\/schema\/logo\/image\/"},"sameAs":["https:\/\/www.facebook.com\/webdotn","https:\/\/x.com\/webdo_tn"],"description":"Webdo est un m\u00e9dia num\u00e9rique tunisien fond\u00e9 en 2010, sp\u00e9cialis\u00e9 dans l\u2019actualit\u00e9 nationale et internationale, l\u2019\u00e9conomie, la soci\u00e9t\u00e9 et les analyses politiques. Le site s\u2019adresse \u00e0 un large public francophone et couvre l\u2019information tunisienne en temps r\u00e9el.","email":"redac@webdo.tn","legalName":"YNJ SARL","foundingDate":"2010-09-06","numberOfEmployees":{"@type":"QuantitativeValue","minValue":"11","maxValue":"50"}},{"@type":"Person","@id":"https:\/\/www.webdo.tn\/fr\/#\/schema\/person\/60d5ba619ed3f58783b0dc82b7dada80","name":"Ne\u00efla DRISS","image":{"@type":"ImageObject","inLanguage":"fr-FR","@id":"https:\/\/www.webdo.tn\/fr\/wp-content\/uploads\/2026\/04\/neila-driss_avatar-96x96.jpg","url":"https:\/\/www.webdo.tn\/fr\/wp-content\/uploads\/2026\/04\/neila-driss_avatar-96x96.jpg","contentUrl":"https:\/\/www.webdo.tn\/fr\/wp-content\/uploads\/2026\/04\/neila-driss_avatar-96x96.jpg","caption":"Ne\u00efla DRISS"},"description":"Ne\u00efla Driss est juriste, journaliste culturelle et critique de cin\u00e9ma tunisienne. Titulaire d\u2019un DEA en droit priv\u00e9 de l\u2019Universit\u00e9 Paris II et d\u2019un DESS de l\u2019IHEC Carthage, elle d\u00e9bute sa carri\u00e8re comme juriste sp\u00e9cialis\u00e9e en gestion de patrimoine immobilier. Elle s\u2019oriente ensuite vers l\u2019\u00e9criture en ligne, o\u00f9 elle se distingue d\u00e8s 2006 aux Tunisia Blog Awards, avant de se consacrer au journalisme culturel, avec une sp\u00e9cialisation dans la critique cin\u00e9matographique. Elle couvre r\u00e9guli\u00e8rement les grands festivals internationaux, notamment le Festival de Cannes, les Journ\u00e9es Cin\u00e9matographiques de Carthage et le Festival du film du Caire. Membre de l\u2019ATPCC et de la FIPRESCI, elle participe \u00e0 des jurys et initiatives internationales de critique. Depuis 2024, elle est \u00e9lectrice internationale aux Golden Globes. Facebook : https:\/\/www.facebook.com\/massir.destiniii\/ X : https:\/\/x.com\/MassirDestin","sameAs":["https:\/\/www.facebook.com\/massir.destiniii\/","https:\/\/www.instagram.com\/neila.driss\/?hl=fr","https:\/\/www.linkedin.com\/in\/neila-driss-22606a80\/","https:\/\/x.com\/https:\/\/x.com\/MassirDestin"],"knowsAbout":["Cin\u00e9ma international","critique cin\u00e9matographique","festivals de cin\u00e9ma","journalisme culturel"],"knowsLanguage":["Fran\u00e7ais","Arabe","Anglais"],"jobTitle":"Journaliste culturelle et critique de cin\u00e9ma","worksFor":"Webdo","url":"https:\/\/www.webdo.tn\/fr\/actualite\/author\/neila-driss\/"}]}},"_links":{"self":[{"href":"https:\/\/www.webdo.tn\/fr\/wp-json\/wp\/v2\/posts\/206264","targetHints":{"allow":["GET"]}}],"collection":[{"href":"https:\/\/www.webdo.tn\/fr\/wp-json\/wp\/v2\/posts"}],"about":[{"href":"https:\/\/www.webdo.tn\/fr\/wp-json\/wp\/v2\/types\/post"}],"author":[{"embeddable":true,"href":"https:\/\/www.webdo.tn\/fr\/wp-json\/wp\/v2\/users\/3164"}],"replies":[{"embeddable":true,"href":"https:\/\/www.webdo.tn\/fr\/wp-json\/wp\/v2\/comments?post=206264"}],"version-history":[{"count":0,"href":"https:\/\/www.webdo.tn\/fr\/wp-json\/wp\/v2\/posts\/206264\/revisions"}],"wp:featuredmedia":[{"embeddable":true,"href":"https:\/\/www.webdo.tn\/fr\/wp-json\/wp\/v2\/media\/250991"}],"wp:attachment":[{"href":"https:\/\/www.webdo.tn\/fr\/wp-json\/wp\/v2\/media?parent=206264"}],"wp:term":[{"taxonomy":"category","embeddable":true,"href":"https:\/\/www.webdo.tn\/fr\/wp-json\/wp\/v2\/categories?post=206264"},{"taxonomy":"post_tag","embeddable":true,"href":"https:\/\/www.webdo.tn\/fr\/wp-json\/wp\/v2\/tags?post=206264"}],"curies":[{"name":"wp","href":"https:\/\/api.w.org\/{rel}","templated":true}]}}