{"id":206259,"date":"2023-06-01T19:51:00","date_gmt":"2023-06-01T19:51:00","guid":{"rendered":"https:\/\/www.webdo.tn\/fr\/blog\/kais-saied-propose-une-surtaxation-au-lieu-de-la-levee-des-subventions\/206259\/"},"modified":"2025-05-20T22:43:00","modified_gmt":"2025-05-20T22:43:00","slug":"kais-saied-propose-une-surtaxation-au-lieu-de-la-levee-des-subventions","status":"publish","type":"post","link":"https:\/\/www.webdo.tn\/fr\/actualite\/national\/kais-saied-propose-une-surtaxation-au-lieu-de-la-levee-des-subventions\/206259\/","title":{"rendered":"Kais Saied propose une surtaxation au lieu de lever les subventions"},"content":{"rendered":"<p>Le pr\u00e9sident de la R\u00e9publique Ka\u00efs Sa\u00efed a \u00e9voqu\u00e9 jeudi 1er juin 2023, la possibilit\u00e9 d&rsquo;imposer des taxes suppl\u00e9mentaires sur les personnes qui tirent profit ill\u00e9galement de la subvention de plusieurs produits et sans attendre des directives de l&rsquo;\u00e9tranger dans ce sens, indique la pr\u00e9sidence de la R\u00e9publique, sur sa page Facebook.<\/p>\n<p>\t\t\t\t\t\t\t\t\tLors de sa rencontre, \u00e0 Carthage, avec la cheffe du gouvernement Najla Bouden, le chef de l&rsquo;Etat a ajout\u00e9 que cette d\u00e9marche \u00e9tait en vigueur dans les ann\u00e9es 1940 en Tunisie lors de la cr\u00e9ation de la caisse de subventions pour la premi\u00e8re fois, lit-on sur la m\u00eame page.<\/p>\n<p>L&rsquo;entretien a port\u00e9 sur les activit\u00e9s du gouvernement et les moyens de pr\u00e9server les \u00e9quilibres maco-\u00e9conomiques du pays.<\/p>\n","protected":false},"excerpt":{"rendered":"<p>Le pr\u00e9sident de la R\u00e9publique Ka\u00efs Sa\u00efed a \u00e9voqu\u00e9 jeudi 1er juin 2023, la possibilit\u00e9 d&rsquo;imposer des taxes suppl\u00e9mentaires sur les personnes qui tirent profit il&#8230;<\/p>\n","protected":false},"author":3175,"featured_media":250990,"comment_status":"open","ping_status":"closed","sticky":false,"template":"","format":"standard","meta":{"footnotes":""},"categories":[44],"tags":[3407,2608],"class_list":["post-206259","post","type-post","status-publish","format-standard","has-post-thumbnail","hentry","category-national","tag-taxe","tag-tunisie"],"yoast_head":"<!-- This site is optimized with the Yoast SEO Premium plugin v27.5 (Yoast SEO v27.5) - https:\/\/yoast.com\/product\/yoast-seo-premium-wordpress\/ -->\n<title>Kais Saied propose une surtaxation au lieu de lever les subventions<\/title>\n<meta name=\"description\" content=\"Le pr\u00e9sident de la R\u00e9publique Ka\u00efs Sa\u00efed a \u00e9voqu\u00e9 jeudi 1er juin 2023, la possibilit\u00e9 d&#039;imposer des taxes suppl\u00e9mentaires sur les personnes qui tirent profit il...\" \/>\n<link rel=\"canonical\" href=\"https:\/\/www.webdo.tn\/fr\/actualite\/national\/kais-saied-propose-une-surtaxation-au-lieu-de-la-levee-des-subventions\/206259\/\" \/>\n<meta property=\"og:locale\" content=\"fr_FR\" \/>\n<meta property=\"og:type\" content=\"article\" \/>\n<meta property=\"og:title\" content=\"Kais Saied propose une surtaxation au lieu de lever les subventions\" \/>\n<meta property=\"og:description\" content=\"Le pr\u00e9sident de la R\u00e9publique Ka\u00efs Sa\u00efed a \u00e9voqu\u00e9 jeudi 1er juin 2023, la possibilit\u00e9 d&#039;imposer des taxes suppl\u00e9mentaires sur les personnes qui tirent profit il...\" \/>\n<meta property=\"og:url\" content=\"https:\/\/www.webdo.tn\/fr\/actualite\/national\/kais-saied-propose-une-surtaxation-au-lieu-de-la-levee-des-subventions\/206259\/\" \/>\n<meta property=\"og:site_name\" content=\"webdo\" \/>\n<meta property=\"article:publisher\" content=\"https:\/\/www.facebook.com\/webdotn\" \/>\n<meta property=\"article:published_time\" content=\"2023-06-01T19:51:00+00:00\" \/>\n<meta property=\"article:modified_time\" content=\"2025-05-20T22:43:00+00:00\" \/>\n<meta property=\"og:image\" content=\"https:\/\/www.webdo.tn\/fr\/wp-content\/uploads\/2023\/06\/d52727e07c1e2d6f8fab73ebf0179891.jpg\" \/>\n\t<meta property=\"og:image:width\" content=\"750\" \/>\n\t<meta property=\"og:image:height\" content=\"400\" \/>\n\t<meta property=\"og:image:type\" content=\"image\/jpeg\" \/>\n<meta name=\"author\" content=\"CL\" \/>\n<meta name=\"twitter:card\" content=\"summary_large_image\" \/>\n<meta name=\"twitter:creator\" content=\"@webdo_tn\" \/>\n<meta name=\"twitter:site\" content=\"@webdo_tn\" \/>\n<meta name=\"twitter:label1\" content=\"\u00c9crit par\" \/>\n\t<meta name=\"twitter:data1\" content=\"CL\" \/>\n\t<meta name=\"twitter:label2\" content=\"Dur\u00e9e de lecture estim\u00e9e\" \/>\n\t<meta name=\"twitter:data2\" content=\"1 minute\" \/>\n<script type=\"application\/ld+json\" class=\"yoast-schema-graph\">{\"@context\":\"https:\\\/\\\/schema.org\",\"@graph\":[{\"@type\":\"NewsArticle\",\"@id\":\"https:\\\/\\\/www.webdo.tn\\\/fr\\\/actualite\\\/national\\\/kais-saied-propose-une-surtaxation-au-lieu-de-la-levee-des-subventions\\\/206259\\\/#article\",\"isPartOf\":{\"@id\":\"https:\\\/\\\/www.webdo.tn\\\/fr\\\/actualite\\\/national\\\/kais-saied-propose-une-surtaxation-au-lieu-de-la-levee-des-subventions\\\/206259\\\/\"},\"author\":{\"name\":\"CL\",\"@id\":\"https:\\\/\\\/www.webdo.tn\\\/fr\\\/#\\\/schema\\\/person\\\/f35b42a42c5e2511bbd282959d6385cc\"},\"headline\":\"Kais Saied propose une surtaxation au lieu de lever les subventions\",\"datePublished\":\"2023-06-01T19:51:00+00:00\",\"dateModified\":\"2025-05-20T22:43:00+00:00\",\"mainEntityOfPage\":{\"@id\":\"https:\\\/\\\/www.webdo.tn\\\/fr\\\/actualite\\\/national\\\/kais-saied-propose-une-surtaxation-au-lieu-de-la-levee-des-subventions\\\/206259\\\/\"},\"wordCount\":147,\"commentCount\":0,\"publisher\":{\"@id\":\"https:\\\/\\\/www.webdo.tn\\\/fr\\\/#organization\"},\"image\":{\"@id\":\"https:\\\/\\\/www.webdo.tn\\\/fr\\\/actualite\\\/national\\\/kais-saied-propose-une-surtaxation-au-lieu-de-la-levee-des-subventions\\\/206259\\\/#primaryimage\"},\"thumbnailUrl\":\"https:\\\/\\\/www.webdo.tn\\\/fr\\\/wp-content\\\/uploads\\\/2023\\\/06\\\/d52727e07c1e2d6f8fab73ebf0179891.jpg\",\"keywords\":[\"taxe\",\"Tunisie\"],\"articleSection\":[\"National\"],\"inLanguage\":\"fr-FR\"},{\"@type\":\"WebPage\",\"@id\":\"https:\\\/\\\/www.webdo.tn\\\/fr\\\/actualite\\\/national\\\/kais-saied-propose-une-surtaxation-au-lieu-de-la-levee-des-subventions\\\/206259\\\/\",\"url\":\"https:\\\/\\\/www.webdo.tn\\\/fr\\\/actualite\\\/national\\\/kais-saied-propose-une-surtaxation-au-lieu-de-la-levee-des-subventions\\\/206259\\\/\",\"name\":\"Kais Saied propose une surtaxation au lieu de lever les subventions\",\"isPartOf\":{\"@id\":\"https:\\\/\\\/www.webdo.tn\\\/fr\\\/#website\"},\"primaryImageOfPage\":{\"@id\":\"https:\\\/\\\/www.webdo.tn\\\/fr\\\/actualite\\\/national\\\/kais-saied-propose-une-surtaxation-au-lieu-de-la-levee-des-subventions\\\/206259\\\/#primaryimage\"},\"image\":{\"@id\":\"https:\\\/\\\/www.webdo.tn\\\/fr\\\/actualite\\\/national\\\/kais-saied-propose-une-surtaxation-au-lieu-de-la-levee-des-subventions\\\/206259\\\/#primaryimage\"},\"thumbnailUrl\":\"https:\\\/\\\/www.webdo.tn\\\/fr\\\/wp-content\\\/uploads\\\/2023\\\/06\\\/d52727e07c1e2d6f8fab73ebf0179891.jpg\",\"datePublished\":\"2023-06-01T19:51:00+00:00\",\"dateModified\":\"2025-05-20T22:43:00+00:00\",\"description\":\"Le pr\u00e9sident de la R\u00e9publique Ka\u00efs Sa\u00efed a \u00e9voqu\u00e9 jeudi 1er juin 2023, la possibilit\u00e9 d'imposer des taxes suppl\u00e9mentaires sur les personnes qui tirent profit il...\",\"breadcrumb\":{\"@id\":\"https:\\\/\\\/www.webdo.tn\\\/fr\\\/actualite\\\/national\\\/kais-saied-propose-une-surtaxation-au-lieu-de-la-levee-des-subventions\\\/206259\\\/#breadcrumb\"},\"inLanguage\":\"fr-FR\",\"potentialAction\":[{\"@type\":\"ReadAction\",\"target\":[\"https:\\\/\\\/www.webdo.tn\\\/fr\\\/actualite\\\/national\\\/kais-saied-propose-une-surtaxation-au-lieu-de-la-levee-des-subventions\\\/206259\\\/\"]}]},{\"@type\":\"ImageObject\",\"inLanguage\":\"fr-FR\",\"@id\":\"https:\\\/\\\/www.webdo.tn\\\/fr\\\/actualite\\\/national\\\/kais-saied-propose-une-surtaxation-au-lieu-de-la-levee-des-subventions\\\/206259\\\/#primaryimage\",\"url\":\"https:\\\/\\\/www.webdo.tn\\\/fr\\\/wp-content\\\/uploads\\\/2023\\\/06\\\/d52727e07c1e2d6f8fab73ebf0179891.jpg\",\"contentUrl\":\"https:\\\/\\\/www.webdo.tn\\\/fr\\\/wp-content\\\/uploads\\\/2023\\\/06\\\/d52727e07c1e2d6f8fab73ebf0179891.jpg\",\"width\":750,\"height\":400,\"caption\":\"Kais Saied propose une surtaxation au lieu de lever les subventions\"},{\"@type\":\"BreadcrumbList\",\"@id\":\"https:\\\/\\\/www.webdo.tn\\\/fr\\\/actualite\\\/national\\\/kais-saied-propose-une-surtaxation-au-lieu-de-la-levee-des-subventions\\\/206259\\\/#breadcrumb\",\"itemListElement\":[{\"@type\":\"ListItem\",\"position\":1,\"name\":\"Accueil\",\"item\":\"https:\\\/\\\/www.webdo.tn\\\/fr\\\/\"},{\"@type\":\"ListItem\",\"position\":2,\"name\":\"Kais Saied propose une surtaxation au lieu de lever les subventions\"}]},{\"@type\":\"WebSite\",\"@id\":\"https:\\\/\\\/www.webdo.tn\\\/fr\\\/#website\",\"url\":\"https:\\\/\\\/www.webdo.tn\\\/fr\\\/\",\"name\":\"webdo\",\"description\":\"Tunisie - News en Tunisie et \u00e0 l&#039;international sur Webdo.tn\",\"publisher\":{\"@id\":\"https:\\\/\\\/www.webdo.tn\\\/fr\\\/#organization\"},\"potentialAction\":[{\"@type\":\"SearchAction\",\"target\":{\"@type\":\"EntryPoint\",\"urlTemplate\":\"https:\\\/\\\/www.webdo.tn\\\/fr\\\/?s={search_term_string}\"},\"query-input\":{\"@type\":\"PropertyValueSpecification\",\"valueRequired\":true,\"valueName\":\"search_term_string\"}}],\"inLanguage\":\"fr-FR\"},{\"@type\":\"Organization\",\"@id\":\"https:\\\/\\\/www.webdo.tn\\\/fr\\\/#organization\",\"name\":\"Webdo\",\"alternateName\":\"Webdo.tn\",\"url\":\"https:\\\/\\\/www.webdo.tn\\\/fr\\\/\",\"logo\":{\"@type\":\"ImageObject\",\"inLanguage\":\"fr-FR\",\"@id\":\"https:\\\/\\\/www.webdo.tn\\\/fr\\\/#\\\/schema\\\/logo\\\/image\\\/\",\"url\":\"https:\\\/\\\/www.webdo.tn\\\/fr\\\/wp-content\\\/uploads\\\/2025\\\/06\\\/Webdo-Tunisie_168377.jpg\",\"contentUrl\":\"https:\\\/\\\/www.webdo.tn\\\/fr\\\/wp-content\\\/uploads\\\/2025\\\/06\\\/Webdo-Tunisie_168377.jpg\",\"width\":301,\"height\":301,\"caption\":\"Webdo\"},\"image\":{\"@id\":\"https:\\\/\\\/www.webdo.tn\\\/fr\\\/#\\\/schema\\\/logo\\\/image\\\/\"},\"sameAs\":[\"https:\\\/\\\/www.facebook.com\\\/webdotn\",\"https:\\\/\\\/x.com\\\/webdo_tn\"],\"description\":\"Webdo est un m\u00e9dia num\u00e9rique tunisien fond\u00e9 en 2010, sp\u00e9cialis\u00e9 dans l\u2019actualit\u00e9 nationale et internationale, l\u2019\u00e9conomie, la soci\u00e9t\u00e9 et les analyses politiques. Le site s\u2019adresse \u00e0 un large public francophone et couvre l\u2019information tunisienne en temps r\u00e9el.\",\"email\":\"redac@webdo.tn\",\"legalName\":\"YNJ SARL\",\"foundingDate\":\"2010-09-06\",\"numberOfEmployees\":{\"@type\":\"QuantitativeValue\",\"minValue\":\"11\",\"maxValue\":\"50\"}},{\"@type\":\"Person\",\"@id\":\"https:\\\/\\\/www.webdo.tn\\\/fr\\\/#\\\/schema\\\/person\\\/f35b42a42c5e2511bbd282959d6385cc\",\"name\":\"CL\",\"image\":{\"@type\":\"ImageObject\",\"inLanguage\":\"fr-FR\",\"@id\":\"https:\\\/\\\/secure.gravatar.com\\\/avatar\\\/1447a49909b67aa657c488aec6512e1dd6143a480c1ecfee9b5b5cd74eb3b59e?s=96&d=mm&r=g\",\"url\":\"https:\\\/\\\/secure.gravatar.com\\\/avatar\\\/1447a49909b67aa657c488aec6512e1dd6143a480c1ecfee9b5b5cd74eb3b59e?s=96&d=mm&r=g\",\"contentUrl\":\"https:\\\/\\\/secure.gravatar.com\\\/avatar\\\/1447a49909b67aa657c488aec6512e1dd6143a480c1ecfee9b5b5cd74eb3b59e?s=96&d=mm&r=g\",\"caption\":\"CL\"},\"url\":\"https:\\\/\\\/www.webdo.tn\\\/fr\\\/actualite\\\/author\\\/cl\\\/\"}]}<\/script>\n<!-- \/ Yoast SEO Premium plugin. -->","yoast_head_json":{"title":"Kais Saied propose une surtaxation au lieu de lever les subventions","description":"Le pr\u00e9sident de la R\u00e9publique Ka\u00efs Sa\u00efed a \u00e9voqu\u00e9 jeudi 1er juin 2023, la possibilit\u00e9 d'imposer des taxes suppl\u00e9mentaires sur les personnes qui tirent profit il...","canonical":"https:\/\/www.webdo.tn\/fr\/actualite\/national\/kais-saied-propose-une-surtaxation-au-lieu-de-la-levee-des-subventions\/206259\/","og_locale":"fr_FR","og_type":"article","og_title":"Kais Saied propose une surtaxation au lieu de lever les subventions","og_description":"Le pr\u00e9sident de la R\u00e9publique Ka\u00efs Sa\u00efed a \u00e9voqu\u00e9 jeudi 1er juin 2023, la possibilit\u00e9 d'imposer des taxes suppl\u00e9mentaires sur les personnes qui tirent profit il...","og_url":"https:\/\/www.webdo.tn\/fr\/actualite\/national\/kais-saied-propose-une-surtaxation-au-lieu-de-la-levee-des-subventions\/206259\/","og_site_name":"webdo","article_publisher":"https:\/\/www.facebook.com\/webdotn","article_published_time":"2023-06-01T19:51:00+00:00","article_modified_time":"2025-05-20T22:43:00+00:00","og_image":[{"width":750,"height":400,"url":"https:\/\/www.webdo.tn\/fr\/wp-content\/uploads\/2023\/06\/d52727e07c1e2d6f8fab73ebf0179891.jpg","type":"image\/jpeg"}],"author":"CL","twitter_card":"summary_large_image","twitter_creator":"@webdo_tn","twitter_site":"@webdo_tn","twitter_misc":{"\u00c9crit par":"CL","Dur\u00e9e de lecture estim\u00e9e":"1 minute"},"schema":{"@context":"https:\/\/schema.org","@graph":[{"@type":"NewsArticle","@id":"https:\/\/www.webdo.tn\/fr\/actualite\/national\/kais-saied-propose-une-surtaxation-au-lieu-de-la-levee-des-subventions\/206259\/#article","isPartOf":{"@id":"https:\/\/www.webdo.tn\/fr\/actualite\/national\/kais-saied-propose-une-surtaxation-au-lieu-de-la-levee-des-subventions\/206259\/"},"author":{"name":"CL","@id":"https:\/\/www.webdo.tn\/fr\/#\/schema\/person\/f35b42a42c5e2511bbd282959d6385cc"},"headline":"Kais Saied propose une surtaxation au lieu de lever les subventions","datePublished":"2023-06-01T19:51:00+00:00","dateModified":"2025-05-20T22:43:00+00:00","mainEntityOfPage":{"@id":"https:\/\/www.webdo.tn\/fr\/actualite\/national\/kais-saied-propose-une-surtaxation-au-lieu-de-la-levee-des-subventions\/206259\/"},"wordCount":147,"commentCount":0,"publisher":{"@id":"https:\/\/www.webdo.tn\/fr\/#organization"},"image":{"@id":"https:\/\/www.webdo.tn\/fr\/actualite\/national\/kais-saied-propose-une-surtaxation-au-lieu-de-la-levee-des-subventions\/206259\/#primaryimage"},"thumbnailUrl":"https:\/\/www.webdo.tn\/fr\/wp-content\/uploads\/2023\/06\/d52727e07c1e2d6f8fab73ebf0179891.jpg","keywords":["taxe","Tunisie"],"articleSection":["National"],"inLanguage":"fr-FR"},{"@type":"WebPage","@id":"https:\/\/www.webdo.tn\/fr\/actualite\/national\/kais-saied-propose-une-surtaxation-au-lieu-de-la-levee-des-subventions\/206259\/","url":"https:\/\/www.webdo.tn\/fr\/actualite\/national\/kais-saied-propose-une-surtaxation-au-lieu-de-la-levee-des-subventions\/206259\/","name":"Kais Saied propose une surtaxation au lieu de lever les subventions","isPartOf":{"@id":"https:\/\/www.webdo.tn\/fr\/#website"},"primaryImageOfPage":{"@id":"https:\/\/www.webdo.tn\/fr\/actualite\/national\/kais-saied-propose-une-surtaxation-au-lieu-de-la-levee-des-subventions\/206259\/#primaryimage"},"image":{"@id":"https:\/\/www.webdo.tn\/fr\/actualite\/national\/kais-saied-propose-une-surtaxation-au-lieu-de-la-levee-des-subventions\/206259\/#primaryimage"},"thumbnailUrl":"https:\/\/www.webdo.tn\/fr\/wp-content\/uploads\/2023\/06\/d52727e07c1e2d6f8fab73ebf0179891.jpg","datePublished":"2023-06-01T19:51:00+00:00","dateModified":"2025-05-20T22:43:00+00:00","description":"Le pr\u00e9sident de la R\u00e9publique Ka\u00efs Sa\u00efed a \u00e9voqu\u00e9 jeudi 1er juin 2023, la possibilit\u00e9 d'imposer des taxes suppl\u00e9mentaires sur les personnes qui tirent profit il...","breadcrumb":{"@id":"https:\/\/www.webdo.tn\/fr\/actualite\/national\/kais-saied-propose-une-surtaxation-au-lieu-de-la-levee-des-subventions\/206259\/#breadcrumb"},"inLanguage":"fr-FR","potentialAction":[{"@type":"ReadAction","target":["https:\/\/www.webdo.tn\/fr\/actualite\/national\/kais-saied-propose-une-surtaxation-au-lieu-de-la-levee-des-subventions\/206259\/"]}]},{"@type":"ImageObject","inLanguage":"fr-FR","@id":"https:\/\/www.webdo.tn\/fr\/actualite\/national\/kais-saied-propose-une-surtaxation-au-lieu-de-la-levee-des-subventions\/206259\/#primaryimage","url":"https:\/\/www.webdo.tn\/fr\/wp-content\/uploads\/2023\/06\/d52727e07c1e2d6f8fab73ebf0179891.jpg","contentUrl":"https:\/\/www.webdo.tn\/fr\/wp-content\/uploads\/2023\/06\/d52727e07c1e2d6f8fab73ebf0179891.jpg","width":750,"height":400,"caption":"Kais Saied propose une surtaxation au lieu de lever les subventions"},{"@type":"BreadcrumbList","@id":"https:\/\/www.webdo.tn\/fr\/actualite\/national\/kais-saied-propose-une-surtaxation-au-lieu-de-la-levee-des-subventions\/206259\/#breadcrumb","itemListElement":[{"@type":"ListItem","position":1,"name":"Accueil","item":"https:\/\/www.webdo.tn\/fr\/"},{"@type":"ListItem","position":2,"name":"Kais Saied propose une surtaxation au lieu de lever les subventions"}]},{"@type":"WebSite","@id":"https:\/\/www.webdo.tn\/fr\/#website","url":"https:\/\/www.webdo.tn\/fr\/","name":"webdo","description":"Tunisie - News en Tunisie et \u00e0 l&#039;international sur Webdo.tn","publisher":{"@id":"https:\/\/www.webdo.tn\/fr\/#organization"},"potentialAction":[{"@type":"SearchAction","target":{"@type":"EntryPoint","urlTemplate":"https:\/\/www.webdo.tn\/fr\/?s={search_term_string}"},"query-input":{"@type":"PropertyValueSpecification","valueRequired":true,"valueName":"search_term_string"}}],"inLanguage":"fr-FR"},{"@type":"Organization","@id":"https:\/\/www.webdo.tn\/fr\/#organization","name":"Webdo","alternateName":"Webdo.tn","url":"https:\/\/www.webdo.tn\/fr\/","logo":{"@type":"ImageObject","inLanguage":"fr-FR","@id":"https:\/\/www.webdo.tn\/fr\/#\/schema\/logo\/image\/","url":"https:\/\/www.webdo.tn\/fr\/wp-content\/uploads\/2025\/06\/Webdo-Tunisie_168377.jpg","contentUrl":"https:\/\/www.webdo.tn\/fr\/wp-content\/uploads\/2025\/06\/Webdo-Tunisie_168377.jpg","width":301,"height":301,"caption":"Webdo"},"image":{"@id":"https:\/\/www.webdo.tn\/fr\/#\/schema\/logo\/image\/"},"sameAs":["https:\/\/www.facebook.com\/webdotn","https:\/\/x.com\/webdo_tn"],"description":"Webdo est un m\u00e9dia num\u00e9rique tunisien fond\u00e9 en 2010, sp\u00e9cialis\u00e9 dans l\u2019actualit\u00e9 nationale et internationale, l\u2019\u00e9conomie, la soci\u00e9t\u00e9 et les analyses politiques. Le site s\u2019adresse \u00e0 un large public francophone et couvre l\u2019information tunisienne en temps r\u00e9el.","email":"redac@webdo.tn","legalName":"YNJ SARL","foundingDate":"2010-09-06","numberOfEmployees":{"@type":"QuantitativeValue","minValue":"11","maxValue":"50"}},{"@type":"Person","@id":"https:\/\/www.webdo.tn\/fr\/#\/schema\/person\/f35b42a42c5e2511bbd282959d6385cc","name":"CL","image":{"@type":"ImageObject","inLanguage":"fr-FR","@id":"https:\/\/secure.gravatar.com\/avatar\/1447a49909b67aa657c488aec6512e1dd6143a480c1ecfee9b5b5cd74eb3b59e?s=96&d=mm&r=g","url":"https:\/\/secure.gravatar.com\/avatar\/1447a49909b67aa657c488aec6512e1dd6143a480c1ecfee9b5b5cd74eb3b59e?s=96&d=mm&r=g","contentUrl":"https:\/\/secure.gravatar.com\/avatar\/1447a49909b67aa657c488aec6512e1dd6143a480c1ecfee9b5b5cd74eb3b59e?s=96&d=mm&r=g","caption":"CL"},"url":"https:\/\/www.webdo.tn\/fr\/actualite\/author\/cl\/"}]}},"_links":{"self":[{"href":"https:\/\/www.webdo.tn\/fr\/wp-json\/wp\/v2\/posts\/206259","targetHints":{"allow":["GET"]}}],"collection":[{"href":"https:\/\/www.webdo.tn\/fr\/wp-json\/wp\/v2\/posts"}],"about":[{"href":"https:\/\/www.webdo.tn\/fr\/wp-json\/wp\/v2\/types\/post"}],"author":[{"embeddable":true,"href":"https:\/\/www.webdo.tn\/fr\/wp-json\/wp\/v2\/users\/3175"}],"replies":[{"embeddable":true,"href":"https:\/\/www.webdo.tn\/fr\/wp-json\/wp\/v2\/comments?post=206259"}],"version-history":[{"count":0,"href":"https:\/\/www.webdo.tn\/fr\/wp-json\/wp\/v2\/posts\/206259\/revisions"}],"wp:featuredmedia":[{"embeddable":true,"href":"https:\/\/www.webdo.tn\/fr\/wp-json\/wp\/v2\/media\/250990"}],"wp:attachment":[{"href":"https:\/\/www.webdo.tn\/fr\/wp-json\/wp\/v2\/media?parent=206259"}],"wp:term":[{"taxonomy":"category","embeddable":true,"href":"https:\/\/www.webdo.tn\/fr\/wp-json\/wp\/v2\/categories?post=206259"},{"taxonomy":"post_tag","embeddable":true,"href":"https:\/\/www.webdo.tn\/fr\/wp-json\/wp\/v2\/tags?post=206259"}],"curies":[{"name":"wp","href":"https:\/\/api.w.org\/{rel}","templated":true}]}}