{"id":206249,"date":"2023-06-01T15:14:00","date_gmt":"2023-06-01T15:14:00","guid":{"rendered":"https:\/\/www.webdo.tn\/fr\/blog\/les-entreprises-et-les-etablissements-publics-menaces-de-coupure-d-electricite\/206249\/"},"modified":"2025-05-20T22:58:13","modified_gmt":"2025-05-20T22:58:13","slug":"les-entreprises-et-les-etablissements-publics-menaces-de-coupure-d-electricite","status":"publish","type":"post","link":"https:\/\/www.webdo.tn\/fr\/actualite\/national\/les-entreprises-et-les-etablissements-publics-menaces-de-coupure-d-electricite\/206249\/","title":{"rendered":"Les entreprises et les \u00e9tablissements publics menac\u00e9s de coupure d\u2019\u00e9lectricit\u00e9 !"},"content":{"rendered":"<p>A l&rsquo;effet d&rsquo;am\u00e9liorer l&rsquo;effort de recouvrement de ses dettes, la STEG proc\u00e8dera \u00e0 l&rsquo;acc\u00e9l\u00e9ration du rythme de la coupure d&rsquo;\u00e9lectricit\u00e9 des clients qui ne payent pas leurs factures.<\/p>\n<p>\t\t\t\t\t\t\t\t\tLes dettes de la Soci\u00e9t\u00e9 Tunisienne de l&rsquo;Electricit\u00e9 et du Gaz (STEG) aupr\u00e8s de ses clients ont atteint \u00e0 fin avril 2023, pr\u00e8s de 3199 millions de dinars (MD), contre 2937 MD, \u00e0 fin 2022.<\/p>\n<p>Ces dettes repr\u00e9sentent environ 44% du chiffre d&rsquo;affaires de la STEG qui s&rsquo;\u00e9l\u00e8ve \u00e0 7275 millions de dinars, a indiqu\u00e9, ce jeudi 1er juin, le directeur de la coop\u00e9ration et de la communication au sein de la STEG, Mounir Ghabri, dans une d\u00e9claration \u00e0 l&rsquo;Agence TAP.<\/p>\n<p>Le total de ces cr\u00e9ances est r\u00e9parti entre 56% pour les clients du secteur priv\u00e9 et 44% pour le secteur public.<br \/>\nLes dettes des m\u00e9nages sont pass\u00e9es de 1325 MD \u00e0 1417 MD, soit une augmentation de 92 MD, et une \u00e9volution de 7% en seulement quatre mois.<\/p>\n<p>Quant aux dettes du secteur public, elles ont atteint 1397 MD \u00e0 raison de 707 MD pour les entreprises nationales, 499 MD pour les minist\u00e8res et d\u00e9partements affili\u00e9s et 192 MD pour les collectivit\u00e9s locales.<\/p>\n<p>Concernant les solutions adopt\u00e9es par la STEG \u00e0 l&rsquo;effet d&rsquo;am\u00e9liorer l&rsquo;effort du recouvrement, Ghabri a fait savoir que chaque district assumera sa responsabilit\u00e9 de trouver des formules ad\u00e9quates avec ses clients afin de les encourager \u00e0 r\u00e9gler leurs dettes envers la soci\u00e9t\u00e9.<\/p>\n<p>Parmi les solutions mises en examen, figurent notamment l&rsquo;acc\u00e9l\u00e9ration du rythme de la coupure d&rsquo;\u00e9lectricit\u00e9 des clients qui ne payent pas leurs factures.<\/p>\n<p>Les entreprises et les \u00e9tablissements publics consid\u00e9r\u00e9s comme \u00e9tant prot\u00e9g\u00e9s par la vocation publique de leur activit\u00e9, seront trait\u00e9s de la m\u00eame mani\u00e8re, pr\u00e9vient le responsable.<\/p>\n","protected":false},"excerpt":{"rendered":"<p>La STEG va acc\u00e9lerer le rythme de la coupure d&rsquo;\u00e9lectricit\u00e9 des clients qui ne payent pas leurs factures.<\/p>\n","protected":false},"author":3188,"featured_media":250984,"comment_status":"open","ping_status":"closed","sticky":false,"template":"","format":"standard","meta":{"footnotes":""},"categories":[44],"tags":[4243,3940,3765,2742],"class_list":["post-206249","post","type-post","status-publish","format-standard","has-post-thumbnail","hentry","category-national","tag-coupure","tag-dettes","tag-electricite","tag-steg"],"yoast_head":"<!-- This site is optimized with the Yoast SEO Premium plugin v27.4 (Yoast SEO v27.5) - https:\/\/yoast.com\/product\/yoast-seo-premium-wordpress\/ -->\n<title>Les entreprises et les \u00e9tablissements publics menac\u00e9s de coupure d\u2019\u00e9lectricit\u00e9 !<\/title>\n<meta name=\"description\" content=\"La STEG va acc\u00e9lerer le rythme de la coupure d&#039;\u00e9lectricit\u00e9 des clients qui ne payent pas leurs factures.\" \/>\n<link rel=\"canonical\" href=\"https:\/\/www.webdo.tn\/fr\/actualite\/national\/les-entreprises-et-les-etablissements-publics-menaces-de-coupure-d-electricite\/206249\/\" \/>\n<meta property=\"og:locale\" content=\"fr_FR\" \/>\n<meta property=\"og:type\" content=\"article\" \/>\n<meta property=\"og:title\" content=\"Les entreprises et les \u00e9tablissements publics menac\u00e9s de coupure d\u2019\u00e9lectricit\u00e9 !\" \/>\n<meta property=\"og:description\" content=\"La STEG va acc\u00e9lerer le rythme de la coupure d&#039;\u00e9lectricit\u00e9 des clients qui ne payent pas leurs factures.\" \/>\n<meta property=\"og:url\" content=\"https:\/\/www.webdo.tn\/fr\/actualite\/national\/les-entreprises-et-les-etablissements-publics-menaces-de-coupure-d-electricite\/206249\/\" \/>\n<meta property=\"og:site_name\" content=\"webdo\" \/>\n<meta property=\"article:publisher\" content=\"https:\/\/www.facebook.com\/webdotn\" \/>\n<meta property=\"article:published_time\" content=\"2023-06-01T15:14:00+00:00\" \/>\n<meta property=\"article:modified_time\" content=\"2025-05-20T22:58:13+00:00\" \/>\n<meta property=\"og:image\" content=\"https:\/\/www.webdo.tn\/fr\/wp-content\/uploads\/2023\/06\/54ab6f6dba07c5383252a6bc1b490366.jpg\" \/>\n\t<meta property=\"og:image:width\" content=\"680\" \/>\n\t<meta property=\"og:image:height\" content=\"363\" \/>\n\t<meta property=\"og:image:type\" content=\"image\/jpeg\" \/>\n<meta name=\"author\" content=\"Ramzi\" \/>\n<meta name=\"twitter:card\" content=\"summary_large_image\" \/>\n<meta name=\"twitter:creator\" content=\"@webdo_tn\" \/>\n<meta name=\"twitter:site\" content=\"@webdo_tn\" \/>\n<meta name=\"twitter:label1\" content=\"\u00c9crit par\" \/>\n\t<meta name=\"twitter:data1\" content=\"Ramzi\" \/>\n\t<meta name=\"twitter:label2\" content=\"Dur\u00e9e de lecture estim\u00e9e\" \/>\n\t<meta name=\"twitter:data2\" content=\"1 minute\" \/>\n<script type=\"application\/ld+json\" class=\"yoast-schema-graph\">{\"@context\":\"https:\\\/\\\/schema.org\",\"@graph\":[{\"@type\":\"NewsArticle\",\"@id\":\"https:\\\/\\\/www.webdo.tn\\\/fr\\\/actualite\\\/national\\\/les-entreprises-et-les-etablissements-publics-menaces-de-coupure-d-electricite\\\/206249\\\/#article\",\"isPartOf\":{\"@id\":\"https:\\\/\\\/www.webdo.tn\\\/fr\\\/actualite\\\/national\\\/les-entreprises-et-les-etablissements-publics-menaces-de-coupure-d-electricite\\\/206249\\\/\"},\"author\":{\"name\":\"Ramzi\",\"@id\":\"https:\\\/\\\/www.webdo.tn\\\/fr\\\/#\\\/schema\\\/person\\\/590cb5f81adcfde6385530fdbdf468e2\"},\"headline\":\"Les entreprises et les \u00e9tablissements publics menac\u00e9s de coupure d\u2019\u00e9lectricit\u00e9 !\",\"datePublished\":\"2023-06-01T15:14:00+00:00\",\"dateModified\":\"2025-05-20T22:58:13+00:00\",\"mainEntityOfPage\":{\"@id\":\"https:\\\/\\\/www.webdo.tn\\\/fr\\\/actualite\\\/national\\\/les-entreprises-et-les-etablissements-publics-menaces-de-coupure-d-electricite\\\/206249\\\/\"},\"wordCount\":318,\"commentCount\":0,\"publisher\":{\"@id\":\"https:\\\/\\\/www.webdo.tn\\\/fr\\\/#organization\"},\"image\":{\"@id\":\"https:\\\/\\\/www.webdo.tn\\\/fr\\\/actualite\\\/national\\\/les-entreprises-et-les-etablissements-publics-menaces-de-coupure-d-electricite\\\/206249\\\/#primaryimage\"},\"thumbnailUrl\":\"https:\\\/\\\/www.webdo.tn\\\/fr\\\/wp-content\\\/uploads\\\/2023\\\/06\\\/54ab6f6dba07c5383252a6bc1b490366.jpg\",\"keywords\":[\"coupure\",\"Dettes\",\"\u00e9lectricit\u00e9\",\"steg\"],\"articleSection\":[\"National\"],\"inLanguage\":\"fr-FR\"},{\"@type\":\"WebPage\",\"@id\":\"https:\\\/\\\/www.webdo.tn\\\/fr\\\/actualite\\\/national\\\/les-entreprises-et-les-etablissements-publics-menaces-de-coupure-d-electricite\\\/206249\\\/\",\"url\":\"https:\\\/\\\/www.webdo.tn\\\/fr\\\/actualite\\\/national\\\/les-entreprises-et-les-etablissements-publics-menaces-de-coupure-d-electricite\\\/206249\\\/\",\"name\":\"Les entreprises et les \u00e9tablissements publics menac\u00e9s de coupure d\u2019\u00e9lectricit\u00e9 !\",\"isPartOf\":{\"@id\":\"https:\\\/\\\/www.webdo.tn\\\/fr\\\/#website\"},\"primaryImageOfPage\":{\"@id\":\"https:\\\/\\\/www.webdo.tn\\\/fr\\\/actualite\\\/national\\\/les-entreprises-et-les-etablissements-publics-menaces-de-coupure-d-electricite\\\/206249\\\/#primaryimage\"},\"image\":{\"@id\":\"https:\\\/\\\/www.webdo.tn\\\/fr\\\/actualite\\\/national\\\/les-entreprises-et-les-etablissements-publics-menaces-de-coupure-d-electricite\\\/206249\\\/#primaryimage\"},\"thumbnailUrl\":\"https:\\\/\\\/www.webdo.tn\\\/fr\\\/wp-content\\\/uploads\\\/2023\\\/06\\\/54ab6f6dba07c5383252a6bc1b490366.jpg\",\"datePublished\":\"2023-06-01T15:14:00+00:00\",\"dateModified\":\"2025-05-20T22:58:13+00:00\",\"description\":\"La STEG va acc\u00e9lerer le rythme de la coupure d'\u00e9lectricit\u00e9 des clients qui ne payent pas leurs factures.\",\"breadcrumb\":{\"@id\":\"https:\\\/\\\/www.webdo.tn\\\/fr\\\/actualite\\\/national\\\/les-entreprises-et-les-etablissements-publics-menaces-de-coupure-d-electricite\\\/206249\\\/#breadcrumb\"},\"inLanguage\":\"fr-FR\",\"potentialAction\":[{\"@type\":\"ReadAction\",\"target\":[\"https:\\\/\\\/www.webdo.tn\\\/fr\\\/actualite\\\/national\\\/les-entreprises-et-les-etablissements-publics-menaces-de-coupure-d-electricite\\\/206249\\\/\"]}]},{\"@type\":\"ImageObject\",\"inLanguage\":\"fr-FR\",\"@id\":\"https:\\\/\\\/www.webdo.tn\\\/fr\\\/actualite\\\/national\\\/les-entreprises-et-les-etablissements-publics-menaces-de-coupure-d-electricite\\\/206249\\\/#primaryimage\",\"url\":\"https:\\\/\\\/www.webdo.tn\\\/fr\\\/wp-content\\\/uploads\\\/2023\\\/06\\\/54ab6f6dba07c5383252a6bc1b490366.jpg\",\"contentUrl\":\"https:\\\/\\\/www.webdo.tn\\\/fr\\\/wp-content\\\/uploads\\\/2023\\\/06\\\/54ab6f6dba07c5383252a6bc1b490366.jpg\",\"width\":680,\"height\":363,\"caption\":\"Les entreprises et les \u00e9tablissements publics menac\u00e9s de coupure d\u2019\u00e9lectricit\u00e9 !\"},{\"@type\":\"BreadcrumbList\",\"@id\":\"https:\\\/\\\/www.webdo.tn\\\/fr\\\/actualite\\\/national\\\/les-entreprises-et-les-etablissements-publics-menaces-de-coupure-d-electricite\\\/206249\\\/#breadcrumb\",\"itemListElement\":[{\"@type\":\"ListItem\",\"position\":1,\"name\":\"Accueil\",\"item\":\"https:\\\/\\\/www.webdo.tn\\\/fr\\\/\"},{\"@type\":\"ListItem\",\"position\":2,\"name\":\"Les entreprises et les \u00e9tablissements publics menac\u00e9s de coupure d\u2019\u00e9lectricit\u00e9 !\"}]},{\"@type\":\"WebSite\",\"@id\":\"https:\\\/\\\/www.webdo.tn\\\/fr\\\/#website\",\"url\":\"https:\\\/\\\/www.webdo.tn\\\/fr\\\/\",\"name\":\"webdo\",\"description\":\"Tunisie - News en Tunisie et \u00e0 l&#039;international sur Webdo.tn\",\"publisher\":{\"@id\":\"https:\\\/\\\/www.webdo.tn\\\/fr\\\/#organization\"},\"potentialAction\":[{\"@type\":\"SearchAction\",\"target\":{\"@type\":\"EntryPoint\",\"urlTemplate\":\"https:\\\/\\\/www.webdo.tn\\\/fr\\\/?s={search_term_string}\"},\"query-input\":{\"@type\":\"PropertyValueSpecification\",\"valueRequired\":true,\"valueName\":\"search_term_string\"}}],\"inLanguage\":\"fr-FR\"},{\"@type\":\"Organization\",\"@id\":\"https:\\\/\\\/www.webdo.tn\\\/fr\\\/#organization\",\"name\":\"Webdo\",\"alternateName\":\"Webdo.tn\",\"url\":\"https:\\\/\\\/www.webdo.tn\\\/fr\\\/\",\"logo\":{\"@type\":\"ImageObject\",\"inLanguage\":\"fr-FR\",\"@id\":\"https:\\\/\\\/www.webdo.tn\\\/fr\\\/#\\\/schema\\\/logo\\\/image\\\/\",\"url\":\"https:\\\/\\\/www.webdo.tn\\\/fr\\\/wp-content\\\/uploads\\\/2025\\\/06\\\/Webdo-Tunisie_168377.jpg\",\"contentUrl\":\"https:\\\/\\\/www.webdo.tn\\\/fr\\\/wp-content\\\/uploads\\\/2025\\\/06\\\/Webdo-Tunisie_168377.jpg\",\"width\":301,\"height\":301,\"caption\":\"Webdo\"},\"image\":{\"@id\":\"https:\\\/\\\/www.webdo.tn\\\/fr\\\/#\\\/schema\\\/logo\\\/image\\\/\"},\"sameAs\":[\"https:\\\/\\\/www.facebook.com\\\/webdotn\",\"https:\\\/\\\/x.com\\\/webdo_tn\"],\"description\":\"Webdo est un m\u00e9dia num\u00e9rique tunisien fond\u00e9 en 2010, sp\u00e9cialis\u00e9 dans l\u2019actualit\u00e9 nationale et internationale, l\u2019\u00e9conomie, la soci\u00e9t\u00e9 et les analyses politiques. Le site s\u2019adresse \u00e0 un large public francophone et couvre l\u2019information tunisienne en temps r\u00e9el.\",\"email\":\"redac@webdo.tn\",\"legalName\":\"YNJ SARL\",\"foundingDate\":\"2010-09-06\",\"numberOfEmployees\":{\"@type\":\"QuantitativeValue\",\"minValue\":\"11\",\"maxValue\":\"50\"}},{\"@type\":\"Person\",\"@id\":\"https:\\\/\\\/www.webdo.tn\\\/fr\\\/#\\\/schema\\\/person\\\/590cb5f81adcfde6385530fdbdf468e2\",\"name\":\"Ramzi\",\"image\":{\"@type\":\"ImageObject\",\"inLanguage\":\"fr-FR\",\"@id\":\"https:\\\/\\\/secure.gravatar.com\\\/avatar\\\/48df7d18915e10cf866ba8e27604c81ff9243fd52704a1d210c3e387e1cb8d87?s=96&d=mm&r=g\",\"url\":\"https:\\\/\\\/secure.gravatar.com\\\/avatar\\\/48df7d18915e10cf866ba8e27604c81ff9243fd52704a1d210c3e387e1cb8d87?s=96&d=mm&r=g\",\"contentUrl\":\"https:\\\/\\\/secure.gravatar.com\\\/avatar\\\/48df7d18915e10cf866ba8e27604c81ff9243fd52704a1d210c3e387e1cb8d87?s=96&d=mm&r=g\",\"caption\":\"Ramzi\"},\"url\":\"https:\\\/\\\/www.webdo.tn\\\/fr\\\/actualite\\\/author\\\/ramzi\\\/\"}]}<\/script>\n<!-- \/ Yoast SEO Premium plugin. -->","yoast_head_json":{"title":"Les entreprises et les \u00e9tablissements publics menac\u00e9s de coupure d\u2019\u00e9lectricit\u00e9 !","description":"La STEG va acc\u00e9lerer le rythme de la coupure d'\u00e9lectricit\u00e9 des clients qui ne payent pas leurs factures.","canonical":"https:\/\/www.webdo.tn\/fr\/actualite\/national\/les-entreprises-et-les-etablissements-publics-menaces-de-coupure-d-electricite\/206249\/","og_locale":"fr_FR","og_type":"article","og_title":"Les entreprises et les \u00e9tablissements publics menac\u00e9s de coupure d\u2019\u00e9lectricit\u00e9 !","og_description":"La STEG va acc\u00e9lerer le rythme de la coupure d'\u00e9lectricit\u00e9 des clients qui ne payent pas leurs factures.","og_url":"https:\/\/www.webdo.tn\/fr\/actualite\/national\/les-entreprises-et-les-etablissements-publics-menaces-de-coupure-d-electricite\/206249\/","og_site_name":"webdo","article_publisher":"https:\/\/www.facebook.com\/webdotn","article_published_time":"2023-06-01T15:14:00+00:00","article_modified_time":"2025-05-20T22:58:13+00:00","og_image":[{"width":680,"height":363,"url":"https:\/\/www.webdo.tn\/fr\/wp-content\/uploads\/2023\/06\/54ab6f6dba07c5383252a6bc1b490366.jpg","type":"image\/jpeg"}],"author":"Ramzi","twitter_card":"summary_large_image","twitter_creator":"@webdo_tn","twitter_site":"@webdo_tn","twitter_misc":{"\u00c9crit par":"Ramzi","Dur\u00e9e de lecture estim\u00e9e":"1 minute"},"schema":{"@context":"https:\/\/schema.org","@graph":[{"@type":"NewsArticle","@id":"https:\/\/www.webdo.tn\/fr\/actualite\/national\/les-entreprises-et-les-etablissements-publics-menaces-de-coupure-d-electricite\/206249\/#article","isPartOf":{"@id":"https:\/\/www.webdo.tn\/fr\/actualite\/national\/les-entreprises-et-les-etablissements-publics-menaces-de-coupure-d-electricite\/206249\/"},"author":{"name":"Ramzi","@id":"https:\/\/www.webdo.tn\/fr\/#\/schema\/person\/590cb5f81adcfde6385530fdbdf468e2"},"headline":"Les entreprises et les \u00e9tablissements publics menac\u00e9s de coupure d\u2019\u00e9lectricit\u00e9 !","datePublished":"2023-06-01T15:14:00+00:00","dateModified":"2025-05-20T22:58:13+00:00","mainEntityOfPage":{"@id":"https:\/\/www.webdo.tn\/fr\/actualite\/national\/les-entreprises-et-les-etablissements-publics-menaces-de-coupure-d-electricite\/206249\/"},"wordCount":318,"commentCount":0,"publisher":{"@id":"https:\/\/www.webdo.tn\/fr\/#organization"},"image":{"@id":"https:\/\/www.webdo.tn\/fr\/actualite\/national\/les-entreprises-et-les-etablissements-publics-menaces-de-coupure-d-electricite\/206249\/#primaryimage"},"thumbnailUrl":"https:\/\/www.webdo.tn\/fr\/wp-content\/uploads\/2023\/06\/54ab6f6dba07c5383252a6bc1b490366.jpg","keywords":["coupure","Dettes","\u00e9lectricit\u00e9","steg"],"articleSection":["National"],"inLanguage":"fr-FR"},{"@type":"WebPage","@id":"https:\/\/www.webdo.tn\/fr\/actualite\/national\/les-entreprises-et-les-etablissements-publics-menaces-de-coupure-d-electricite\/206249\/","url":"https:\/\/www.webdo.tn\/fr\/actualite\/national\/les-entreprises-et-les-etablissements-publics-menaces-de-coupure-d-electricite\/206249\/","name":"Les entreprises et les \u00e9tablissements publics menac\u00e9s de coupure d\u2019\u00e9lectricit\u00e9 !","isPartOf":{"@id":"https:\/\/www.webdo.tn\/fr\/#website"},"primaryImageOfPage":{"@id":"https:\/\/www.webdo.tn\/fr\/actualite\/national\/les-entreprises-et-les-etablissements-publics-menaces-de-coupure-d-electricite\/206249\/#primaryimage"},"image":{"@id":"https:\/\/www.webdo.tn\/fr\/actualite\/national\/les-entreprises-et-les-etablissements-publics-menaces-de-coupure-d-electricite\/206249\/#primaryimage"},"thumbnailUrl":"https:\/\/www.webdo.tn\/fr\/wp-content\/uploads\/2023\/06\/54ab6f6dba07c5383252a6bc1b490366.jpg","datePublished":"2023-06-01T15:14:00+00:00","dateModified":"2025-05-20T22:58:13+00:00","description":"La STEG va acc\u00e9lerer le rythme de la coupure d'\u00e9lectricit\u00e9 des clients qui ne payent pas leurs factures.","breadcrumb":{"@id":"https:\/\/www.webdo.tn\/fr\/actualite\/national\/les-entreprises-et-les-etablissements-publics-menaces-de-coupure-d-electricite\/206249\/#breadcrumb"},"inLanguage":"fr-FR","potentialAction":[{"@type":"ReadAction","target":["https:\/\/www.webdo.tn\/fr\/actualite\/national\/les-entreprises-et-les-etablissements-publics-menaces-de-coupure-d-electricite\/206249\/"]}]},{"@type":"ImageObject","inLanguage":"fr-FR","@id":"https:\/\/www.webdo.tn\/fr\/actualite\/national\/les-entreprises-et-les-etablissements-publics-menaces-de-coupure-d-electricite\/206249\/#primaryimage","url":"https:\/\/www.webdo.tn\/fr\/wp-content\/uploads\/2023\/06\/54ab6f6dba07c5383252a6bc1b490366.jpg","contentUrl":"https:\/\/www.webdo.tn\/fr\/wp-content\/uploads\/2023\/06\/54ab6f6dba07c5383252a6bc1b490366.jpg","width":680,"height":363,"caption":"Les entreprises et les \u00e9tablissements publics menac\u00e9s de coupure d\u2019\u00e9lectricit\u00e9 !"},{"@type":"BreadcrumbList","@id":"https:\/\/www.webdo.tn\/fr\/actualite\/national\/les-entreprises-et-les-etablissements-publics-menaces-de-coupure-d-electricite\/206249\/#breadcrumb","itemListElement":[{"@type":"ListItem","position":1,"name":"Accueil","item":"https:\/\/www.webdo.tn\/fr\/"},{"@type":"ListItem","position":2,"name":"Les entreprises et les \u00e9tablissements publics menac\u00e9s de coupure d\u2019\u00e9lectricit\u00e9 !"}]},{"@type":"WebSite","@id":"https:\/\/www.webdo.tn\/fr\/#website","url":"https:\/\/www.webdo.tn\/fr\/","name":"webdo","description":"Tunisie - News en Tunisie et \u00e0 l&#039;international sur Webdo.tn","publisher":{"@id":"https:\/\/www.webdo.tn\/fr\/#organization"},"potentialAction":[{"@type":"SearchAction","target":{"@type":"EntryPoint","urlTemplate":"https:\/\/www.webdo.tn\/fr\/?s={search_term_string}"},"query-input":{"@type":"PropertyValueSpecification","valueRequired":true,"valueName":"search_term_string"}}],"inLanguage":"fr-FR"},{"@type":"Organization","@id":"https:\/\/www.webdo.tn\/fr\/#organization","name":"Webdo","alternateName":"Webdo.tn","url":"https:\/\/www.webdo.tn\/fr\/","logo":{"@type":"ImageObject","inLanguage":"fr-FR","@id":"https:\/\/www.webdo.tn\/fr\/#\/schema\/logo\/image\/","url":"https:\/\/www.webdo.tn\/fr\/wp-content\/uploads\/2025\/06\/Webdo-Tunisie_168377.jpg","contentUrl":"https:\/\/www.webdo.tn\/fr\/wp-content\/uploads\/2025\/06\/Webdo-Tunisie_168377.jpg","width":301,"height":301,"caption":"Webdo"},"image":{"@id":"https:\/\/www.webdo.tn\/fr\/#\/schema\/logo\/image\/"},"sameAs":["https:\/\/www.facebook.com\/webdotn","https:\/\/x.com\/webdo_tn"],"description":"Webdo est un m\u00e9dia num\u00e9rique tunisien fond\u00e9 en 2010, sp\u00e9cialis\u00e9 dans l\u2019actualit\u00e9 nationale et internationale, l\u2019\u00e9conomie, la soci\u00e9t\u00e9 et les analyses politiques. Le site s\u2019adresse \u00e0 un large public francophone et couvre l\u2019information tunisienne en temps r\u00e9el.","email":"redac@webdo.tn","legalName":"YNJ SARL","foundingDate":"2010-09-06","numberOfEmployees":{"@type":"QuantitativeValue","minValue":"11","maxValue":"50"}},{"@type":"Person","@id":"https:\/\/www.webdo.tn\/fr\/#\/schema\/person\/590cb5f81adcfde6385530fdbdf468e2","name":"Ramzi","image":{"@type":"ImageObject","inLanguage":"fr-FR","@id":"https:\/\/secure.gravatar.com\/avatar\/48df7d18915e10cf866ba8e27604c81ff9243fd52704a1d210c3e387e1cb8d87?s=96&d=mm&r=g","url":"https:\/\/secure.gravatar.com\/avatar\/48df7d18915e10cf866ba8e27604c81ff9243fd52704a1d210c3e387e1cb8d87?s=96&d=mm&r=g","contentUrl":"https:\/\/secure.gravatar.com\/avatar\/48df7d18915e10cf866ba8e27604c81ff9243fd52704a1d210c3e387e1cb8d87?s=96&d=mm&r=g","caption":"Ramzi"},"url":"https:\/\/www.webdo.tn\/fr\/actualite\/author\/ramzi\/"}]}},"_links":{"self":[{"href":"https:\/\/www.webdo.tn\/fr\/wp-json\/wp\/v2\/posts\/206249","targetHints":{"allow":["GET"]}}],"collection":[{"href":"https:\/\/www.webdo.tn\/fr\/wp-json\/wp\/v2\/posts"}],"about":[{"href":"https:\/\/www.webdo.tn\/fr\/wp-json\/wp\/v2\/types\/post"}],"author":[{"embeddable":true,"href":"https:\/\/www.webdo.tn\/fr\/wp-json\/wp\/v2\/users\/3188"}],"replies":[{"embeddable":true,"href":"https:\/\/www.webdo.tn\/fr\/wp-json\/wp\/v2\/comments?post=206249"}],"version-history":[{"count":0,"href":"https:\/\/www.webdo.tn\/fr\/wp-json\/wp\/v2\/posts\/206249\/revisions"}],"wp:featuredmedia":[{"embeddable":true,"href":"https:\/\/www.webdo.tn\/fr\/wp-json\/wp\/v2\/media\/250984"}],"wp:attachment":[{"href":"https:\/\/www.webdo.tn\/fr\/wp-json\/wp\/v2\/media?parent=206249"}],"wp:term":[{"taxonomy":"category","embeddable":true,"href":"https:\/\/www.webdo.tn\/fr\/wp-json\/wp\/v2\/categories?post=206249"},{"taxonomy":"post_tag","embeddable":true,"href":"https:\/\/www.webdo.tn\/fr\/wp-json\/wp\/v2\/tags?post=206249"}],"curies":[{"name":"wp","href":"https:\/\/api.w.org\/{rel}","templated":true}]}}