{"id":206242,"date":"2023-06-01T12:10:00","date_gmt":"2023-06-01T12:10:00","guid":{"rendered":"https:\/\/www.webdo.tn\/fr\/blog\/mandat-d-arret-a-l-encontre-d-un-ancien-delegue-pour-harcelement-sexuel\/206242\/"},"modified":"2025-05-20T22:09:08","modified_gmt":"2025-05-20T22:09:08","slug":"mandat-d-arret-a-l-encontre-d-un-ancien-delegue-pour-harcelement-sexuel","status":"publish","type":"post","link":"https:\/\/www.webdo.tn\/fr\/actualite\/national\/mandat-d-arret-a-l-encontre-d-un-ancien-delegue-pour-harcelement-sexuel\/206242\/","title":{"rendered":"Mandat d&rsquo;arr\u00eat \u00e0 l&rsquo;encontre d&rsquo;un ancien d\u00e9l\u00e9gu\u00e9 pour harc\u00e8lement sexuel"},"content":{"rendered":"<p>Un mandat d&rsquo;arr\u00eat a \u00e9t\u00e9 \u00e9mis hier \u00e0 l&rsquo;encontre de l&rsquo;ancien d\u00e9l\u00e9gu\u00e9 de l\u2019artisanat sur la base d&rsquo;une plainte pour harc\u00e8lement sexuel.<\/p>\n<p>\t\t\t\t\t\t\t\t\tSelon le premier adjoint du procureur du tribunal de premi\u00e8re instance de Gab\u00e8s et porte-parole du tribunal, Mounir Aroum, le mandat d&rsquo;arr\u00eat a \u00e9t\u00e9 \u00e9mis sur la base d&rsquo;une plainte d\u00e9pos\u00e9e par deux artisanes.<\/p>\n<p>Ce mandat fait suite aux interrogatoires et confrontations effectu\u00e9s par le juge d&rsquo;instruction entre les deux victimes et l&rsquo;accus\u00e9, a-t-il ajout\u00e9, ce jeudi 1er juin, dans une d\u00e9claration \u00e0 l\u2019agence TAP.<\/p>\n","protected":false},"excerpt":{"rendered":"<p>Un mandat d&rsquo;arr\u00eat a \u00e9t\u00e9 \u00e9mis hier \u00e0 l&rsquo;encontre de l&rsquo;ancien d\u00e9l\u00e9gu\u00e9 de l\u2019artisanat sur la base d&rsquo;une plainte pour harc\u00e8lement sexuel.<\/p>\n","protected":false},"author":3162,"featured_media":278322,"comment_status":"open","ping_status":"closed","sticky":false,"template":"","format":"standard","meta":{"footnotes":""},"categories":[44],"tags":[5764,5474,9541],"class_list":["post-206242","post","type-post","status-publish","format-standard","has-post-thumbnail","hentry","category-national","tag-delegue","tag-harcelement-sexuel","tag-mandat-darret"],"yoast_head":"<!-- This site is optimized with the Yoast SEO Premium plugin v27.5 (Yoast SEO v27.5) - https:\/\/yoast.com\/product\/yoast-seo-premium-wordpress\/ -->\n<title>Mandat d&#039;arr\u00eat \u00e0 l&#039;encontre d&#039;un ancien d\u00e9l\u00e9gu\u00e9 pour harc\u00e8lement sexuel<\/title>\n<meta name=\"description\" content=\"Un mandat d&#039;arr\u00eat a \u00e9t\u00e9 \u00e9mis hier \u00e0 l&#039;encontre de l&#039;ancien d\u00e9l\u00e9gu\u00e9 de l\u2019artisanat sur la base d&#039;une plainte pour harc\u00e8lement sexuel.\" \/>\n<link rel=\"canonical\" href=\"https:\/\/www.webdo.tn\/fr\/actualite\/national\/mandat-d-arret-a-l-encontre-d-un-ancien-delegue-pour-harcelement-sexuel\/206242\/\" \/>\n<meta property=\"og:locale\" content=\"fr_FR\" \/>\n<meta property=\"og:type\" content=\"article\" \/>\n<meta property=\"og:title\" content=\"Mandat d&#039;arr\u00eat \u00e0 l&#039;encontre d&#039;un ancien d\u00e9l\u00e9gu\u00e9 pour harc\u00e8lement sexuel\" \/>\n<meta property=\"og:description\" content=\"Un mandat d&#039;arr\u00eat a \u00e9t\u00e9 \u00e9mis hier \u00e0 l&#039;encontre de l&#039;ancien d\u00e9l\u00e9gu\u00e9 de l\u2019artisanat sur la base d&#039;une plainte pour harc\u00e8lement sexuel.\" \/>\n<meta property=\"og:url\" content=\"https:\/\/www.webdo.tn\/fr\/actualite\/national\/mandat-d-arret-a-l-encontre-d-un-ancien-delegue-pour-harcelement-sexuel\/206242\/\" \/>\n<meta property=\"og:site_name\" content=\"webdo\" \/>\n<meta property=\"article:publisher\" content=\"https:\/\/www.facebook.com\/webdotn\" \/>\n<meta property=\"article:published_time\" content=\"2023-06-01T12:10:00+00:00\" \/>\n<meta property=\"article:modified_time\" content=\"2025-05-20T22:09:08+00:00\" \/>\n<meta property=\"og:image\" content=\"https:\/\/www.webdo.tn\/fr\/wp-content\/uploads\/2023\/06\/cc035556144691b63559b94e2583bf4a.jpg\" \/>\n\t<meta property=\"og:image:width\" content=\"750\" \/>\n\t<meta property=\"og:image:height\" content=\"400\" \/>\n\t<meta property=\"og:image:type\" content=\"image\/jpeg\" \/>\n<meta name=\"author\" content=\"MC\" \/>\n<meta name=\"twitter:card\" content=\"summary_large_image\" \/>\n<meta name=\"twitter:creator\" content=\"@webdo_tn\" \/>\n<meta name=\"twitter:site\" content=\"@webdo_tn\" \/>\n<meta name=\"twitter:label1\" content=\"\u00c9crit par\" \/>\n\t<meta name=\"twitter:data1\" content=\"MC\" \/>\n<script type=\"application\/ld+json\" class=\"yoast-schema-graph\">{\"@context\":\"https:\\\/\\\/schema.org\",\"@graph\":[{\"@type\":\"NewsArticle\",\"@id\":\"https:\\\/\\\/www.webdo.tn\\\/fr\\\/actualite\\\/national\\\/mandat-d-arret-a-l-encontre-d-un-ancien-delegue-pour-harcelement-sexuel\\\/206242\\\/#article\",\"isPartOf\":{\"@id\":\"https:\\\/\\\/www.webdo.tn\\\/fr\\\/actualite\\\/national\\\/mandat-d-arret-a-l-encontre-d-un-ancien-delegue-pour-harcelement-sexuel\\\/206242\\\/\"},\"author\":{\"name\":\"MC\",\"@id\":\"https:\\\/\\\/www.webdo.tn\\\/fr\\\/#\\\/schema\\\/person\\\/2c4929cbf5a809e3bd38617c6ce150f6\"},\"headline\":\"Mandat d&rsquo;arr\u00eat \u00e0 l&rsquo;encontre d&rsquo;un ancien d\u00e9l\u00e9gu\u00e9 pour harc\u00e8lement sexuel\",\"datePublished\":\"2023-06-01T12:10:00+00:00\",\"dateModified\":\"2025-05-20T22:09:08+00:00\",\"mainEntityOfPage\":{\"@id\":\"https:\\\/\\\/www.webdo.tn\\\/fr\\\/actualite\\\/national\\\/mandat-d-arret-a-l-encontre-d-un-ancien-delegue-pour-harcelement-sexuel\\\/206242\\\/\"},\"wordCount\":122,\"commentCount\":0,\"publisher\":{\"@id\":\"https:\\\/\\\/www.webdo.tn\\\/fr\\\/#organization\"},\"image\":{\"@id\":\"https:\\\/\\\/www.webdo.tn\\\/fr\\\/actualite\\\/national\\\/mandat-d-arret-a-l-encontre-d-un-ancien-delegue-pour-harcelement-sexuel\\\/206242\\\/#primaryimage\"},\"thumbnailUrl\":\"https:\\\/\\\/www.webdo.tn\\\/fr\\\/wp-content\\\/uploads\\\/2023\\\/06\\\/cc035556144691b63559b94e2583bf4a.jpg\",\"keywords\":[\"d\u00e9l\u00e9gu\u00e9\",\"harc\u00e8lement sexuel\",\"mandat d'arr\u00eat\"],\"articleSection\":[\"National\"],\"inLanguage\":\"fr-FR\"},{\"@type\":\"WebPage\",\"@id\":\"https:\\\/\\\/www.webdo.tn\\\/fr\\\/actualite\\\/national\\\/mandat-d-arret-a-l-encontre-d-un-ancien-delegue-pour-harcelement-sexuel\\\/206242\\\/\",\"url\":\"https:\\\/\\\/www.webdo.tn\\\/fr\\\/actualite\\\/national\\\/mandat-d-arret-a-l-encontre-d-un-ancien-delegue-pour-harcelement-sexuel\\\/206242\\\/\",\"name\":\"Mandat d'arr\u00eat \u00e0 l'encontre d'un ancien d\u00e9l\u00e9gu\u00e9 pour harc\u00e8lement sexuel\",\"isPartOf\":{\"@id\":\"https:\\\/\\\/www.webdo.tn\\\/fr\\\/#website\"},\"primaryImageOfPage\":{\"@id\":\"https:\\\/\\\/www.webdo.tn\\\/fr\\\/actualite\\\/national\\\/mandat-d-arret-a-l-encontre-d-un-ancien-delegue-pour-harcelement-sexuel\\\/206242\\\/#primaryimage\"},\"image\":{\"@id\":\"https:\\\/\\\/www.webdo.tn\\\/fr\\\/actualite\\\/national\\\/mandat-d-arret-a-l-encontre-d-un-ancien-delegue-pour-harcelement-sexuel\\\/206242\\\/#primaryimage\"},\"thumbnailUrl\":\"https:\\\/\\\/www.webdo.tn\\\/fr\\\/wp-content\\\/uploads\\\/2023\\\/06\\\/cc035556144691b63559b94e2583bf4a.jpg\",\"datePublished\":\"2023-06-01T12:10:00+00:00\",\"dateModified\":\"2025-05-20T22:09:08+00:00\",\"description\":\"Un mandat d'arr\u00eat a \u00e9t\u00e9 \u00e9mis hier \u00e0 l'encontre de l'ancien d\u00e9l\u00e9gu\u00e9 de l\u2019artisanat sur la base d'une plainte pour harc\u00e8lement sexuel.\",\"breadcrumb\":{\"@id\":\"https:\\\/\\\/www.webdo.tn\\\/fr\\\/actualite\\\/national\\\/mandat-d-arret-a-l-encontre-d-un-ancien-delegue-pour-harcelement-sexuel\\\/206242\\\/#breadcrumb\"},\"inLanguage\":\"fr-FR\",\"potentialAction\":[{\"@type\":\"ReadAction\",\"target\":[\"https:\\\/\\\/www.webdo.tn\\\/fr\\\/actualite\\\/national\\\/mandat-d-arret-a-l-encontre-d-un-ancien-delegue-pour-harcelement-sexuel\\\/206242\\\/\"]}]},{\"@type\":\"ImageObject\",\"inLanguage\":\"fr-FR\",\"@id\":\"https:\\\/\\\/www.webdo.tn\\\/fr\\\/actualite\\\/national\\\/mandat-d-arret-a-l-encontre-d-un-ancien-delegue-pour-harcelement-sexuel\\\/206242\\\/#primaryimage\",\"url\":\"https:\\\/\\\/www.webdo.tn\\\/fr\\\/wp-content\\\/uploads\\\/2023\\\/06\\\/cc035556144691b63559b94e2583bf4a.jpg\",\"contentUrl\":\"https:\\\/\\\/www.webdo.tn\\\/fr\\\/wp-content\\\/uploads\\\/2023\\\/06\\\/cc035556144691b63559b94e2583bf4a.jpg\",\"width\":750,\"height\":400,\"caption\":\"Mandat d'arr\u00eat \u00e0 l'encontre d'un ancien d\u00e9l\u00e9gu\u00e9 pour harc\u00e8lement sexuel\"},{\"@type\":\"BreadcrumbList\",\"@id\":\"https:\\\/\\\/www.webdo.tn\\\/fr\\\/actualite\\\/national\\\/mandat-d-arret-a-l-encontre-d-un-ancien-delegue-pour-harcelement-sexuel\\\/206242\\\/#breadcrumb\",\"itemListElement\":[{\"@type\":\"ListItem\",\"position\":1,\"name\":\"Accueil\",\"item\":\"https:\\\/\\\/www.webdo.tn\\\/fr\\\/\"},{\"@type\":\"ListItem\",\"position\":2,\"name\":\"Mandat d&rsquo;arr\u00eat \u00e0 l&rsquo;encontre d&rsquo;un ancien d\u00e9l\u00e9gu\u00e9 pour harc\u00e8lement sexuel\"}]},{\"@type\":\"WebSite\",\"@id\":\"https:\\\/\\\/www.webdo.tn\\\/fr\\\/#website\",\"url\":\"https:\\\/\\\/www.webdo.tn\\\/fr\\\/\",\"name\":\"webdo\",\"description\":\"Tunisie - News en Tunisie et \u00e0 l&#039;international sur Webdo.tn\",\"publisher\":{\"@id\":\"https:\\\/\\\/www.webdo.tn\\\/fr\\\/#organization\"},\"potentialAction\":[{\"@type\":\"SearchAction\",\"target\":{\"@type\":\"EntryPoint\",\"urlTemplate\":\"https:\\\/\\\/www.webdo.tn\\\/fr\\\/?s={search_term_string}\"},\"query-input\":{\"@type\":\"PropertyValueSpecification\",\"valueRequired\":true,\"valueName\":\"search_term_string\"}}],\"inLanguage\":\"fr-FR\"},{\"@type\":\"Organization\",\"@id\":\"https:\\\/\\\/www.webdo.tn\\\/fr\\\/#organization\",\"name\":\"Webdo\",\"alternateName\":\"Webdo.tn\",\"url\":\"https:\\\/\\\/www.webdo.tn\\\/fr\\\/\",\"logo\":{\"@type\":\"ImageObject\",\"inLanguage\":\"fr-FR\",\"@id\":\"https:\\\/\\\/www.webdo.tn\\\/fr\\\/#\\\/schema\\\/logo\\\/image\\\/\",\"url\":\"https:\\\/\\\/www.webdo.tn\\\/fr\\\/wp-content\\\/uploads\\\/2025\\\/06\\\/Webdo-Tunisie_168377.jpg\",\"contentUrl\":\"https:\\\/\\\/www.webdo.tn\\\/fr\\\/wp-content\\\/uploads\\\/2025\\\/06\\\/Webdo-Tunisie_168377.jpg\",\"width\":301,\"height\":301,\"caption\":\"Webdo\"},\"image\":{\"@id\":\"https:\\\/\\\/www.webdo.tn\\\/fr\\\/#\\\/schema\\\/logo\\\/image\\\/\"},\"sameAs\":[\"https:\\\/\\\/www.facebook.com\\\/webdotn\",\"https:\\\/\\\/x.com\\\/webdo_tn\"],\"description\":\"Webdo est un m\u00e9dia num\u00e9rique tunisien fond\u00e9 en 2010, sp\u00e9cialis\u00e9 dans l\u2019actualit\u00e9 nationale et internationale, l\u2019\u00e9conomie, la soci\u00e9t\u00e9 et les analyses politiques. Le site s\u2019adresse \u00e0 un large public francophone et couvre l\u2019information tunisienne en temps r\u00e9el.\",\"email\":\"redac@webdo.tn\",\"legalName\":\"YNJ SARL\",\"foundingDate\":\"2010-09-06\",\"numberOfEmployees\":{\"@type\":\"QuantitativeValue\",\"minValue\":\"11\",\"maxValue\":\"50\"}},{\"@type\":\"Person\",\"@id\":\"https:\\\/\\\/www.webdo.tn\\\/fr\\\/#\\\/schema\\\/person\\\/2c4929cbf5a809e3bd38617c6ce150f6\",\"name\":\"MC\",\"image\":{\"@type\":\"ImageObject\",\"inLanguage\":\"fr-FR\",\"@id\":\"https:\\\/\\\/secure.gravatar.com\\\/avatar\\\/a545bbb6f84efdd5553dbbc2895e3ca8f1d12c5215e00a041c9670b54aa9b18a?s=96&d=mm&r=g\",\"url\":\"https:\\\/\\\/secure.gravatar.com\\\/avatar\\\/a545bbb6f84efdd5553dbbc2895e3ca8f1d12c5215e00a041c9670b54aa9b18a?s=96&d=mm&r=g\",\"contentUrl\":\"https:\\\/\\\/secure.gravatar.com\\\/avatar\\\/a545bbb6f84efdd5553dbbc2895e3ca8f1d12c5215e00a041c9670b54aa9b18a?s=96&d=mm&r=g\",\"caption\":\"MC\"},\"url\":\"https:\\\/\\\/www.webdo.tn\\\/fr\\\/actualite\\\/author\\\/mc\\\/\"}]}<\/script>\n<!-- \/ Yoast SEO Premium plugin. -->","yoast_head_json":{"title":"Mandat d'arr\u00eat \u00e0 l'encontre d'un ancien d\u00e9l\u00e9gu\u00e9 pour harc\u00e8lement sexuel","description":"Un mandat d'arr\u00eat a \u00e9t\u00e9 \u00e9mis hier \u00e0 l'encontre de l'ancien d\u00e9l\u00e9gu\u00e9 de l\u2019artisanat sur la base d'une plainte pour harc\u00e8lement sexuel.","canonical":"https:\/\/www.webdo.tn\/fr\/actualite\/national\/mandat-d-arret-a-l-encontre-d-un-ancien-delegue-pour-harcelement-sexuel\/206242\/","og_locale":"fr_FR","og_type":"article","og_title":"Mandat d'arr\u00eat \u00e0 l'encontre d'un ancien d\u00e9l\u00e9gu\u00e9 pour harc\u00e8lement sexuel","og_description":"Un mandat d'arr\u00eat a \u00e9t\u00e9 \u00e9mis hier \u00e0 l'encontre de l'ancien d\u00e9l\u00e9gu\u00e9 de l\u2019artisanat sur la base d'une plainte pour harc\u00e8lement sexuel.","og_url":"https:\/\/www.webdo.tn\/fr\/actualite\/national\/mandat-d-arret-a-l-encontre-d-un-ancien-delegue-pour-harcelement-sexuel\/206242\/","og_site_name":"webdo","article_publisher":"https:\/\/www.facebook.com\/webdotn","article_published_time":"2023-06-01T12:10:00+00:00","article_modified_time":"2025-05-20T22:09:08+00:00","og_image":[{"width":750,"height":400,"url":"https:\/\/www.webdo.tn\/fr\/wp-content\/uploads\/2023\/06\/cc035556144691b63559b94e2583bf4a.jpg","type":"image\/jpeg"}],"author":"MC","twitter_card":"summary_large_image","twitter_creator":"@webdo_tn","twitter_site":"@webdo_tn","twitter_misc":{"\u00c9crit par":"MC"},"schema":{"@context":"https:\/\/schema.org","@graph":[{"@type":"NewsArticle","@id":"https:\/\/www.webdo.tn\/fr\/actualite\/national\/mandat-d-arret-a-l-encontre-d-un-ancien-delegue-pour-harcelement-sexuel\/206242\/#article","isPartOf":{"@id":"https:\/\/www.webdo.tn\/fr\/actualite\/national\/mandat-d-arret-a-l-encontre-d-un-ancien-delegue-pour-harcelement-sexuel\/206242\/"},"author":{"name":"MC","@id":"https:\/\/www.webdo.tn\/fr\/#\/schema\/person\/2c4929cbf5a809e3bd38617c6ce150f6"},"headline":"Mandat d&rsquo;arr\u00eat \u00e0 l&rsquo;encontre d&rsquo;un ancien d\u00e9l\u00e9gu\u00e9 pour harc\u00e8lement sexuel","datePublished":"2023-06-01T12:10:00+00:00","dateModified":"2025-05-20T22:09:08+00:00","mainEntityOfPage":{"@id":"https:\/\/www.webdo.tn\/fr\/actualite\/national\/mandat-d-arret-a-l-encontre-d-un-ancien-delegue-pour-harcelement-sexuel\/206242\/"},"wordCount":122,"commentCount":0,"publisher":{"@id":"https:\/\/www.webdo.tn\/fr\/#organization"},"image":{"@id":"https:\/\/www.webdo.tn\/fr\/actualite\/national\/mandat-d-arret-a-l-encontre-d-un-ancien-delegue-pour-harcelement-sexuel\/206242\/#primaryimage"},"thumbnailUrl":"https:\/\/www.webdo.tn\/fr\/wp-content\/uploads\/2023\/06\/cc035556144691b63559b94e2583bf4a.jpg","keywords":["d\u00e9l\u00e9gu\u00e9","harc\u00e8lement sexuel","mandat d'arr\u00eat"],"articleSection":["National"],"inLanguage":"fr-FR"},{"@type":"WebPage","@id":"https:\/\/www.webdo.tn\/fr\/actualite\/national\/mandat-d-arret-a-l-encontre-d-un-ancien-delegue-pour-harcelement-sexuel\/206242\/","url":"https:\/\/www.webdo.tn\/fr\/actualite\/national\/mandat-d-arret-a-l-encontre-d-un-ancien-delegue-pour-harcelement-sexuel\/206242\/","name":"Mandat d'arr\u00eat \u00e0 l'encontre d'un ancien d\u00e9l\u00e9gu\u00e9 pour harc\u00e8lement sexuel","isPartOf":{"@id":"https:\/\/www.webdo.tn\/fr\/#website"},"primaryImageOfPage":{"@id":"https:\/\/www.webdo.tn\/fr\/actualite\/national\/mandat-d-arret-a-l-encontre-d-un-ancien-delegue-pour-harcelement-sexuel\/206242\/#primaryimage"},"image":{"@id":"https:\/\/www.webdo.tn\/fr\/actualite\/national\/mandat-d-arret-a-l-encontre-d-un-ancien-delegue-pour-harcelement-sexuel\/206242\/#primaryimage"},"thumbnailUrl":"https:\/\/www.webdo.tn\/fr\/wp-content\/uploads\/2023\/06\/cc035556144691b63559b94e2583bf4a.jpg","datePublished":"2023-06-01T12:10:00+00:00","dateModified":"2025-05-20T22:09:08+00:00","description":"Un mandat d'arr\u00eat a \u00e9t\u00e9 \u00e9mis hier \u00e0 l'encontre de l'ancien d\u00e9l\u00e9gu\u00e9 de l\u2019artisanat sur la base d'une plainte pour harc\u00e8lement sexuel.","breadcrumb":{"@id":"https:\/\/www.webdo.tn\/fr\/actualite\/national\/mandat-d-arret-a-l-encontre-d-un-ancien-delegue-pour-harcelement-sexuel\/206242\/#breadcrumb"},"inLanguage":"fr-FR","potentialAction":[{"@type":"ReadAction","target":["https:\/\/www.webdo.tn\/fr\/actualite\/national\/mandat-d-arret-a-l-encontre-d-un-ancien-delegue-pour-harcelement-sexuel\/206242\/"]}]},{"@type":"ImageObject","inLanguage":"fr-FR","@id":"https:\/\/www.webdo.tn\/fr\/actualite\/national\/mandat-d-arret-a-l-encontre-d-un-ancien-delegue-pour-harcelement-sexuel\/206242\/#primaryimage","url":"https:\/\/www.webdo.tn\/fr\/wp-content\/uploads\/2023\/06\/cc035556144691b63559b94e2583bf4a.jpg","contentUrl":"https:\/\/www.webdo.tn\/fr\/wp-content\/uploads\/2023\/06\/cc035556144691b63559b94e2583bf4a.jpg","width":750,"height":400,"caption":"Mandat d'arr\u00eat \u00e0 l'encontre d'un ancien d\u00e9l\u00e9gu\u00e9 pour harc\u00e8lement sexuel"},{"@type":"BreadcrumbList","@id":"https:\/\/www.webdo.tn\/fr\/actualite\/national\/mandat-d-arret-a-l-encontre-d-un-ancien-delegue-pour-harcelement-sexuel\/206242\/#breadcrumb","itemListElement":[{"@type":"ListItem","position":1,"name":"Accueil","item":"https:\/\/www.webdo.tn\/fr\/"},{"@type":"ListItem","position":2,"name":"Mandat d&rsquo;arr\u00eat \u00e0 l&rsquo;encontre d&rsquo;un ancien d\u00e9l\u00e9gu\u00e9 pour harc\u00e8lement sexuel"}]},{"@type":"WebSite","@id":"https:\/\/www.webdo.tn\/fr\/#website","url":"https:\/\/www.webdo.tn\/fr\/","name":"webdo","description":"Tunisie - News en Tunisie et \u00e0 l&#039;international sur Webdo.tn","publisher":{"@id":"https:\/\/www.webdo.tn\/fr\/#organization"},"potentialAction":[{"@type":"SearchAction","target":{"@type":"EntryPoint","urlTemplate":"https:\/\/www.webdo.tn\/fr\/?s={search_term_string}"},"query-input":{"@type":"PropertyValueSpecification","valueRequired":true,"valueName":"search_term_string"}}],"inLanguage":"fr-FR"},{"@type":"Organization","@id":"https:\/\/www.webdo.tn\/fr\/#organization","name":"Webdo","alternateName":"Webdo.tn","url":"https:\/\/www.webdo.tn\/fr\/","logo":{"@type":"ImageObject","inLanguage":"fr-FR","@id":"https:\/\/www.webdo.tn\/fr\/#\/schema\/logo\/image\/","url":"https:\/\/www.webdo.tn\/fr\/wp-content\/uploads\/2025\/06\/Webdo-Tunisie_168377.jpg","contentUrl":"https:\/\/www.webdo.tn\/fr\/wp-content\/uploads\/2025\/06\/Webdo-Tunisie_168377.jpg","width":301,"height":301,"caption":"Webdo"},"image":{"@id":"https:\/\/www.webdo.tn\/fr\/#\/schema\/logo\/image\/"},"sameAs":["https:\/\/www.facebook.com\/webdotn","https:\/\/x.com\/webdo_tn"],"description":"Webdo est un m\u00e9dia num\u00e9rique tunisien fond\u00e9 en 2010, sp\u00e9cialis\u00e9 dans l\u2019actualit\u00e9 nationale et internationale, l\u2019\u00e9conomie, la soci\u00e9t\u00e9 et les analyses politiques. Le site s\u2019adresse \u00e0 un large public francophone et couvre l\u2019information tunisienne en temps r\u00e9el.","email":"redac@webdo.tn","legalName":"YNJ SARL","foundingDate":"2010-09-06","numberOfEmployees":{"@type":"QuantitativeValue","minValue":"11","maxValue":"50"}},{"@type":"Person","@id":"https:\/\/www.webdo.tn\/fr\/#\/schema\/person\/2c4929cbf5a809e3bd38617c6ce150f6","name":"MC","image":{"@type":"ImageObject","inLanguage":"fr-FR","@id":"https:\/\/secure.gravatar.com\/avatar\/a545bbb6f84efdd5553dbbc2895e3ca8f1d12c5215e00a041c9670b54aa9b18a?s=96&d=mm&r=g","url":"https:\/\/secure.gravatar.com\/avatar\/a545bbb6f84efdd5553dbbc2895e3ca8f1d12c5215e00a041c9670b54aa9b18a?s=96&d=mm&r=g","contentUrl":"https:\/\/secure.gravatar.com\/avatar\/a545bbb6f84efdd5553dbbc2895e3ca8f1d12c5215e00a041c9670b54aa9b18a?s=96&d=mm&r=g","caption":"MC"},"url":"https:\/\/www.webdo.tn\/fr\/actualite\/author\/mc\/"}]}},"_links":{"self":[{"href":"https:\/\/www.webdo.tn\/fr\/wp-json\/wp\/v2\/posts\/206242","targetHints":{"allow":["GET"]}}],"collection":[{"href":"https:\/\/www.webdo.tn\/fr\/wp-json\/wp\/v2\/posts"}],"about":[{"href":"https:\/\/www.webdo.tn\/fr\/wp-json\/wp\/v2\/types\/post"}],"author":[{"embeddable":true,"href":"https:\/\/www.webdo.tn\/fr\/wp-json\/wp\/v2\/users\/3162"}],"replies":[{"embeddable":true,"href":"https:\/\/www.webdo.tn\/fr\/wp-json\/wp\/v2\/comments?post=206242"}],"version-history":[{"count":0,"href":"https:\/\/www.webdo.tn\/fr\/wp-json\/wp\/v2\/posts\/206242\/revisions"}],"wp:featuredmedia":[{"embeddable":true,"href":"https:\/\/www.webdo.tn\/fr\/wp-json\/wp\/v2\/media\/278322"}],"wp:attachment":[{"href":"https:\/\/www.webdo.tn\/fr\/wp-json\/wp\/v2\/media?parent=206242"}],"wp:term":[{"taxonomy":"category","embeddable":true,"href":"https:\/\/www.webdo.tn\/fr\/wp-json\/wp\/v2\/categories?post=206242"},{"taxonomy":"post_tag","embeddable":true,"href":"https:\/\/www.webdo.tn\/fr\/wp-json\/wp\/v2\/tags?post=206242"}],"curies":[{"name":"wp","href":"https:\/\/api.w.org\/{rel}","templated":true}]}}