{"id":206217,"date":"2023-05-31T14:39:00","date_gmt":"2023-05-31T14:39:00","guid":{"rendered":"https:\/\/www.webdo.tn\/fr\/blog\/droits-et-libertes-tunis-contredit-paris\/206217\/"},"modified":"2025-05-20T22:43:02","modified_gmt":"2025-05-20T22:43:02","slug":"droits-et-libertes-tunis-contredit-paris","status":"publish","type":"post","link":"https:\/\/www.webdo.tn\/fr\/actualite\/national\/droits-et-libertes-tunis-contredit-paris\/206217\/","title":{"rendered":"\u00ab\u00a0Droits et libert\u00e9s\u00a0\u00bb : Tunis contredit Paris !"},"content":{"rendered":"<p>La visite du chef de la diplomatie tunisienne Nabil Ammar \u00e0 Paris ne passe pas inaper\u00e7ue, elle attire tous les projecteurs des m\u00e9dias tunisiens et fran\u00e7ais.<\/p>\n<p>\t\t\t\t\t\t\t\t\tEn effet, une pol\u00e9mique au sujet des \u00ab droits et libert\u00e9s \u00bb marque actuellement cette visite de deux jours qui visent \u00e0 renforcer les relations entre les deux pays.\u00a0<\/p>\n<p>Hier, le Quai d\u2019Orsay \u00e9tait le premier \u00e0 s\u2019exprimer sur cette visite affirmant que \u00ab la France a r\u00e9affirm\u00e9 son soutien \u00e0 la Tunisie dans ses r\u00e9formes \u00e9conomiques \u00bb.<\/p>\n<p>C\u2019est ce qui est ressorti de la rencontre, \u00e0 Paris entre la ministre fran\u00e7aise de l\u2019Europe et des Affaires \u00e9trang\u00e8res, Catherine Colonna, et le ministre des Affaires \u00e9trang\u00e8res tunisien, Nabil Ammar.<\/p>\n<p>Toujours selon la m\u00eame source. L\u2019entretien a \u00e9t\u00e9 enfin l\u2019occasion de rappeler l\u2019attachement de la France aux droits et aux libert\u00e9s publiques, partout dans le monde.\u00a0<\/p>\n<p>Sauf que ce mercredi 31 mai 2023, les parties tunisiennes \u00e9voquent une autre version des faits. Selon l\u2019AFP, le minist\u00e8re tunisien des Affaires \u00e9trang\u00e8res a affirm\u00e9 que la question des \u00abdroits et libert\u00e9s\u00bb n&rsquo;avait pas \u00e9t\u00e9 abord\u00e9e lors d&rsquo;une rencontre entre les chefs de la diplomatie tunisien et fran\u00e7ais, s&rsquo;inscrivant en faux contre un communiqu\u00e9 du Quai d&rsquo;Orsay.<\/p>\n<p>\u00ab Mais une source au minist\u00e8re tunisien des Affaires \u00e9trang\u00e8res a affirm\u00e9 \u00e0 l&rsquo;AFP que \u00abla question des droits et libert\u00e9s n&rsquo;a pas \u00e9t\u00e9 abord\u00e9e lors de la rencontre \u00bb, a-t-on pr\u00e9cis\u00e9.<\/p>\n","protected":false},"excerpt":{"rendered":"<p>La visite du chef de la diplomatie tunisienne Nabil Ammar \u00e0 Paris ne passe pas inaper\u00e7ue, elle attire tous les projecteurs des m\u00e9dias tunisiens et fran\u00e7ais.<\/p>\n","protected":false},"author":3175,"featured_media":251002,"comment_status":"open","ping_status":"closed","sticky":false,"template":"","format":"standard","meta":{"footnotes":""},"categories":[44],"tags":[2990,2998,5270,2640,2608],"class_list":["post-206217","post","type-post","status-publish","format-standard","has-post-thumbnail","hentry","category-national","tag-diplomatie","tag-france","tag-paris","tag-tunis","tag-tunisie"],"yoast_head":"<!-- This site is optimized with the Yoast SEO Premium plugin v27.4 (Yoast SEO v27.5) - https:\/\/yoast.com\/product\/yoast-seo-premium-wordpress\/ -->\n<title>Droits et libert\u00e9s : Tunis contredit Paris !<\/title>\n<meta name=\"description\" content=\"La visite du chef de la diplomatie tunisienne Nabil Ammar \u00e0 Paris ne passe pas inaper\u00e7ue, elle attire tous les projecteurs des m\u00e9dias tunisiens et fran\u00e7ais.\" \/>\n<link rel=\"canonical\" href=\"https:\/\/www.webdo.tn\/fr\/actualite\/national\/droits-et-libertes-tunis-contredit-paris\/206217\/\" \/>\n<meta property=\"og:locale\" content=\"fr_FR\" \/>\n<meta property=\"og:type\" content=\"article\" \/>\n<meta property=\"og:title\" content=\"&quot;Droits et libert\u00e9s&quot; : Tunis contredit Paris !\" \/>\n<meta property=\"og:description\" content=\"La visite du chef de la diplomatie tunisienne Nabil Ammar \u00e0 Paris ne passe pas inaper\u00e7ue, elle attire tous les projecteurs des m\u00e9dias tunisiens et fran\u00e7ais.\" \/>\n<meta property=\"og:url\" content=\"https:\/\/www.webdo.tn\/fr\/actualite\/national\/droits-et-libertes-tunis-contredit-paris\/206217\/\" \/>\n<meta property=\"og:site_name\" content=\"webdo\" \/>\n<meta property=\"article:publisher\" content=\"https:\/\/www.facebook.com\/webdotn\" \/>\n<meta property=\"article:published_time\" content=\"2023-05-31T14:39:00+00:00\" \/>\n<meta property=\"article:modified_time\" content=\"2025-05-20T22:43:02+00:00\" \/>\n<meta property=\"og:image\" content=\"https:\/\/www.webdo.tn\/fr\/wp-content\/uploads\/2023\/05\/c18f0a8b4a545c6e5421ee2ddfe207ee.jpg\" \/>\n\t<meta property=\"og:image:width\" content=\"750\" \/>\n\t<meta property=\"og:image:height\" content=\"400\" \/>\n\t<meta property=\"og:image:type\" content=\"image\/jpeg\" \/>\n<meta name=\"author\" content=\"CL\" \/>\n<meta name=\"twitter:card\" content=\"summary_large_image\" \/>\n<meta name=\"twitter:creator\" content=\"@webdo_tn\" \/>\n<meta name=\"twitter:site\" content=\"@webdo_tn\" \/>\n<meta name=\"twitter:label1\" content=\"\u00c9crit par\" \/>\n\t<meta name=\"twitter:data1\" content=\"CL\" \/>\n\t<meta name=\"twitter:label2\" content=\"Dur\u00e9e de lecture estim\u00e9e\" \/>\n\t<meta name=\"twitter:data2\" content=\"1 minute\" \/>\n<script type=\"application\/ld+json\" class=\"yoast-schema-graph\">{\"@context\":\"https:\\\/\\\/schema.org\",\"@graph\":[{\"@type\":\"NewsArticle\",\"@id\":\"https:\\\/\\\/www.webdo.tn\\\/fr\\\/actualite\\\/national\\\/droits-et-libertes-tunis-contredit-paris\\\/206217\\\/#article\",\"isPartOf\":{\"@id\":\"https:\\\/\\\/www.webdo.tn\\\/fr\\\/actualite\\\/national\\\/droits-et-libertes-tunis-contredit-paris\\\/206217\\\/\"},\"author\":{\"name\":\"CL\",\"@id\":\"https:\\\/\\\/www.webdo.tn\\\/fr\\\/#\\\/schema\\\/person\\\/f35b42a42c5e2511bbd282959d6385cc\"},\"headline\":\"\u00ab\u00a0Droits et libert\u00e9s\u00a0\u00bb : Tunis contredit Paris !\",\"datePublished\":\"2023-05-31T14:39:00+00:00\",\"dateModified\":\"2025-05-20T22:43:02+00:00\",\"mainEntityOfPage\":{\"@id\":\"https:\\\/\\\/www.webdo.tn\\\/fr\\\/actualite\\\/national\\\/droits-et-libertes-tunis-contredit-paris\\\/206217\\\/\"},\"wordCount\":260,\"commentCount\":0,\"publisher\":{\"@id\":\"https:\\\/\\\/www.webdo.tn\\\/fr\\\/#organization\"},\"image\":{\"@id\":\"https:\\\/\\\/www.webdo.tn\\\/fr\\\/actualite\\\/national\\\/droits-et-libertes-tunis-contredit-paris\\\/206217\\\/#primaryimage\"},\"thumbnailUrl\":\"https:\\\/\\\/www.webdo.tn\\\/fr\\\/wp-content\\\/uploads\\\/2023\\\/05\\\/c18f0a8b4a545c6e5421ee2ddfe207ee.jpg\",\"keywords\":[\"Diplomatie\",\"france\",\"Paris\",\"Tunis\",\"Tunisie\"],\"articleSection\":[\"National\"],\"inLanguage\":\"fr-FR\"},{\"@type\":\"WebPage\",\"@id\":\"https:\\\/\\\/www.webdo.tn\\\/fr\\\/actualite\\\/national\\\/droits-et-libertes-tunis-contredit-paris\\\/206217\\\/\",\"url\":\"https:\\\/\\\/www.webdo.tn\\\/fr\\\/actualite\\\/national\\\/droits-et-libertes-tunis-contredit-paris\\\/206217\\\/\",\"name\":\"Droits et libert\u00e9s : Tunis contredit Paris !\",\"isPartOf\":{\"@id\":\"https:\\\/\\\/www.webdo.tn\\\/fr\\\/#website\"},\"primaryImageOfPage\":{\"@id\":\"https:\\\/\\\/www.webdo.tn\\\/fr\\\/actualite\\\/national\\\/droits-et-libertes-tunis-contredit-paris\\\/206217\\\/#primaryimage\"},\"image\":{\"@id\":\"https:\\\/\\\/www.webdo.tn\\\/fr\\\/actualite\\\/national\\\/droits-et-libertes-tunis-contredit-paris\\\/206217\\\/#primaryimage\"},\"thumbnailUrl\":\"https:\\\/\\\/www.webdo.tn\\\/fr\\\/wp-content\\\/uploads\\\/2023\\\/05\\\/c18f0a8b4a545c6e5421ee2ddfe207ee.jpg\",\"datePublished\":\"2023-05-31T14:39:00+00:00\",\"dateModified\":\"2025-05-20T22:43:02+00:00\",\"description\":\"La visite du chef de la diplomatie tunisienne Nabil Ammar \u00e0 Paris ne passe pas inaper\u00e7ue, elle attire tous les projecteurs des m\u00e9dias tunisiens et fran\u00e7ais.\",\"breadcrumb\":{\"@id\":\"https:\\\/\\\/www.webdo.tn\\\/fr\\\/actualite\\\/national\\\/droits-et-libertes-tunis-contredit-paris\\\/206217\\\/#breadcrumb\"},\"inLanguage\":\"fr-FR\",\"potentialAction\":[{\"@type\":\"ReadAction\",\"target\":[\"https:\\\/\\\/www.webdo.tn\\\/fr\\\/actualite\\\/national\\\/droits-et-libertes-tunis-contredit-paris\\\/206217\\\/\"]}]},{\"@type\":\"ImageObject\",\"inLanguage\":\"fr-FR\",\"@id\":\"https:\\\/\\\/www.webdo.tn\\\/fr\\\/actualite\\\/national\\\/droits-et-libertes-tunis-contredit-paris\\\/206217\\\/#primaryimage\",\"url\":\"https:\\\/\\\/www.webdo.tn\\\/fr\\\/wp-content\\\/uploads\\\/2023\\\/05\\\/c18f0a8b4a545c6e5421ee2ddfe207ee.jpg\",\"contentUrl\":\"https:\\\/\\\/www.webdo.tn\\\/fr\\\/wp-content\\\/uploads\\\/2023\\\/05\\\/c18f0a8b4a545c6e5421ee2ddfe207ee.jpg\",\"width\":750,\"height\":400,\"caption\":\"\\\"Droits et libert\u00e9s\\\" : Tunis contredit Paris !\"},{\"@type\":\"BreadcrumbList\",\"@id\":\"https:\\\/\\\/www.webdo.tn\\\/fr\\\/actualite\\\/national\\\/droits-et-libertes-tunis-contredit-paris\\\/206217\\\/#breadcrumb\",\"itemListElement\":[{\"@type\":\"ListItem\",\"position\":1,\"name\":\"Accueil\",\"item\":\"https:\\\/\\\/www.webdo.tn\\\/fr\\\/\"},{\"@type\":\"ListItem\",\"position\":2,\"name\":\"&#8220;Droits et libert\u00e9s&#8221; : Tunis contredit Paris !\"}]},{\"@type\":\"WebSite\",\"@id\":\"https:\\\/\\\/www.webdo.tn\\\/fr\\\/#website\",\"url\":\"https:\\\/\\\/www.webdo.tn\\\/fr\\\/\",\"name\":\"webdo\",\"description\":\"Tunisie - News en Tunisie et \u00e0 l&#039;international sur Webdo.tn\",\"publisher\":{\"@id\":\"https:\\\/\\\/www.webdo.tn\\\/fr\\\/#organization\"},\"potentialAction\":[{\"@type\":\"SearchAction\",\"target\":{\"@type\":\"EntryPoint\",\"urlTemplate\":\"https:\\\/\\\/www.webdo.tn\\\/fr\\\/?s={search_term_string}\"},\"query-input\":{\"@type\":\"PropertyValueSpecification\",\"valueRequired\":true,\"valueName\":\"search_term_string\"}}],\"inLanguage\":\"fr-FR\"},{\"@type\":\"Organization\",\"@id\":\"https:\\\/\\\/www.webdo.tn\\\/fr\\\/#organization\",\"name\":\"Webdo\",\"alternateName\":\"Webdo.tn\",\"url\":\"https:\\\/\\\/www.webdo.tn\\\/fr\\\/\",\"logo\":{\"@type\":\"ImageObject\",\"inLanguage\":\"fr-FR\",\"@id\":\"https:\\\/\\\/www.webdo.tn\\\/fr\\\/#\\\/schema\\\/logo\\\/image\\\/\",\"url\":\"https:\\\/\\\/www.webdo.tn\\\/fr\\\/wp-content\\\/uploads\\\/2025\\\/06\\\/Webdo-Tunisie_168377.jpg\",\"contentUrl\":\"https:\\\/\\\/www.webdo.tn\\\/fr\\\/wp-content\\\/uploads\\\/2025\\\/06\\\/Webdo-Tunisie_168377.jpg\",\"width\":301,\"height\":301,\"caption\":\"Webdo\"},\"image\":{\"@id\":\"https:\\\/\\\/www.webdo.tn\\\/fr\\\/#\\\/schema\\\/logo\\\/image\\\/\"},\"sameAs\":[\"https:\\\/\\\/www.facebook.com\\\/webdotn\",\"https:\\\/\\\/x.com\\\/webdo_tn\"],\"description\":\"Webdo est un m\u00e9dia num\u00e9rique tunisien fond\u00e9 en 2010, sp\u00e9cialis\u00e9 dans l\u2019actualit\u00e9 nationale et internationale, l\u2019\u00e9conomie, la soci\u00e9t\u00e9 et les analyses politiques. Le site s\u2019adresse \u00e0 un large public francophone et couvre l\u2019information tunisienne en temps r\u00e9el.\",\"email\":\"redac@webdo.tn\",\"legalName\":\"YNJ SARL\",\"foundingDate\":\"2010-09-06\",\"numberOfEmployees\":{\"@type\":\"QuantitativeValue\",\"minValue\":\"11\",\"maxValue\":\"50\"}},{\"@type\":\"Person\",\"@id\":\"https:\\\/\\\/www.webdo.tn\\\/fr\\\/#\\\/schema\\\/person\\\/f35b42a42c5e2511bbd282959d6385cc\",\"name\":\"CL\",\"image\":{\"@type\":\"ImageObject\",\"inLanguage\":\"fr-FR\",\"@id\":\"https:\\\/\\\/secure.gravatar.com\\\/avatar\\\/1447a49909b67aa657c488aec6512e1dd6143a480c1ecfee9b5b5cd74eb3b59e?s=96&d=mm&r=g\",\"url\":\"https:\\\/\\\/secure.gravatar.com\\\/avatar\\\/1447a49909b67aa657c488aec6512e1dd6143a480c1ecfee9b5b5cd74eb3b59e?s=96&d=mm&r=g\",\"contentUrl\":\"https:\\\/\\\/secure.gravatar.com\\\/avatar\\\/1447a49909b67aa657c488aec6512e1dd6143a480c1ecfee9b5b5cd74eb3b59e?s=96&d=mm&r=g\",\"caption\":\"CL\"},\"url\":\"https:\\\/\\\/www.webdo.tn\\\/fr\\\/actualite\\\/author\\\/cl\\\/\"}]}<\/script>\n<!-- \/ Yoast SEO Premium plugin. -->","yoast_head_json":{"title":"Droits et libert\u00e9s : Tunis contredit Paris !","description":"La visite du chef de la diplomatie tunisienne Nabil Ammar \u00e0 Paris ne passe pas inaper\u00e7ue, elle attire tous les projecteurs des m\u00e9dias tunisiens et fran\u00e7ais.","canonical":"https:\/\/www.webdo.tn\/fr\/actualite\/national\/droits-et-libertes-tunis-contredit-paris\/206217\/","og_locale":"fr_FR","og_type":"article","og_title":"\"Droits et libert\u00e9s\" : Tunis contredit Paris !","og_description":"La visite du chef de la diplomatie tunisienne Nabil Ammar \u00e0 Paris ne passe pas inaper\u00e7ue, elle attire tous les projecteurs des m\u00e9dias tunisiens et fran\u00e7ais.","og_url":"https:\/\/www.webdo.tn\/fr\/actualite\/national\/droits-et-libertes-tunis-contredit-paris\/206217\/","og_site_name":"webdo","article_publisher":"https:\/\/www.facebook.com\/webdotn","article_published_time":"2023-05-31T14:39:00+00:00","article_modified_time":"2025-05-20T22:43:02+00:00","og_image":[{"width":750,"height":400,"url":"https:\/\/www.webdo.tn\/fr\/wp-content\/uploads\/2023\/05\/c18f0a8b4a545c6e5421ee2ddfe207ee.jpg","type":"image\/jpeg"}],"author":"CL","twitter_card":"summary_large_image","twitter_creator":"@webdo_tn","twitter_site":"@webdo_tn","twitter_misc":{"\u00c9crit par":"CL","Dur\u00e9e de lecture estim\u00e9e":"1 minute"},"schema":{"@context":"https:\/\/schema.org","@graph":[{"@type":"NewsArticle","@id":"https:\/\/www.webdo.tn\/fr\/actualite\/national\/droits-et-libertes-tunis-contredit-paris\/206217\/#article","isPartOf":{"@id":"https:\/\/www.webdo.tn\/fr\/actualite\/national\/droits-et-libertes-tunis-contredit-paris\/206217\/"},"author":{"name":"CL","@id":"https:\/\/www.webdo.tn\/fr\/#\/schema\/person\/f35b42a42c5e2511bbd282959d6385cc"},"headline":"\u00ab\u00a0Droits et libert\u00e9s\u00a0\u00bb : Tunis contredit Paris !","datePublished":"2023-05-31T14:39:00+00:00","dateModified":"2025-05-20T22:43:02+00:00","mainEntityOfPage":{"@id":"https:\/\/www.webdo.tn\/fr\/actualite\/national\/droits-et-libertes-tunis-contredit-paris\/206217\/"},"wordCount":260,"commentCount":0,"publisher":{"@id":"https:\/\/www.webdo.tn\/fr\/#organization"},"image":{"@id":"https:\/\/www.webdo.tn\/fr\/actualite\/national\/droits-et-libertes-tunis-contredit-paris\/206217\/#primaryimage"},"thumbnailUrl":"https:\/\/www.webdo.tn\/fr\/wp-content\/uploads\/2023\/05\/c18f0a8b4a545c6e5421ee2ddfe207ee.jpg","keywords":["Diplomatie","france","Paris","Tunis","Tunisie"],"articleSection":["National"],"inLanguage":"fr-FR"},{"@type":"WebPage","@id":"https:\/\/www.webdo.tn\/fr\/actualite\/national\/droits-et-libertes-tunis-contredit-paris\/206217\/","url":"https:\/\/www.webdo.tn\/fr\/actualite\/national\/droits-et-libertes-tunis-contredit-paris\/206217\/","name":"Droits et libert\u00e9s : Tunis contredit Paris !","isPartOf":{"@id":"https:\/\/www.webdo.tn\/fr\/#website"},"primaryImageOfPage":{"@id":"https:\/\/www.webdo.tn\/fr\/actualite\/national\/droits-et-libertes-tunis-contredit-paris\/206217\/#primaryimage"},"image":{"@id":"https:\/\/www.webdo.tn\/fr\/actualite\/national\/droits-et-libertes-tunis-contredit-paris\/206217\/#primaryimage"},"thumbnailUrl":"https:\/\/www.webdo.tn\/fr\/wp-content\/uploads\/2023\/05\/c18f0a8b4a545c6e5421ee2ddfe207ee.jpg","datePublished":"2023-05-31T14:39:00+00:00","dateModified":"2025-05-20T22:43:02+00:00","description":"La visite du chef de la diplomatie tunisienne Nabil Ammar \u00e0 Paris ne passe pas inaper\u00e7ue, elle attire tous les projecteurs des m\u00e9dias tunisiens et fran\u00e7ais.","breadcrumb":{"@id":"https:\/\/www.webdo.tn\/fr\/actualite\/national\/droits-et-libertes-tunis-contredit-paris\/206217\/#breadcrumb"},"inLanguage":"fr-FR","potentialAction":[{"@type":"ReadAction","target":["https:\/\/www.webdo.tn\/fr\/actualite\/national\/droits-et-libertes-tunis-contredit-paris\/206217\/"]}]},{"@type":"ImageObject","inLanguage":"fr-FR","@id":"https:\/\/www.webdo.tn\/fr\/actualite\/national\/droits-et-libertes-tunis-contredit-paris\/206217\/#primaryimage","url":"https:\/\/www.webdo.tn\/fr\/wp-content\/uploads\/2023\/05\/c18f0a8b4a545c6e5421ee2ddfe207ee.jpg","contentUrl":"https:\/\/www.webdo.tn\/fr\/wp-content\/uploads\/2023\/05\/c18f0a8b4a545c6e5421ee2ddfe207ee.jpg","width":750,"height":400,"caption":"\"Droits et libert\u00e9s\" : Tunis contredit Paris !"},{"@type":"BreadcrumbList","@id":"https:\/\/www.webdo.tn\/fr\/actualite\/national\/droits-et-libertes-tunis-contredit-paris\/206217\/#breadcrumb","itemListElement":[{"@type":"ListItem","position":1,"name":"Accueil","item":"https:\/\/www.webdo.tn\/fr\/"},{"@type":"ListItem","position":2,"name":"&#8220;Droits et libert\u00e9s&#8221; : Tunis contredit Paris !"}]},{"@type":"WebSite","@id":"https:\/\/www.webdo.tn\/fr\/#website","url":"https:\/\/www.webdo.tn\/fr\/","name":"webdo","description":"Tunisie - News en Tunisie et \u00e0 l&#039;international sur Webdo.tn","publisher":{"@id":"https:\/\/www.webdo.tn\/fr\/#organization"},"potentialAction":[{"@type":"SearchAction","target":{"@type":"EntryPoint","urlTemplate":"https:\/\/www.webdo.tn\/fr\/?s={search_term_string}"},"query-input":{"@type":"PropertyValueSpecification","valueRequired":true,"valueName":"search_term_string"}}],"inLanguage":"fr-FR"},{"@type":"Organization","@id":"https:\/\/www.webdo.tn\/fr\/#organization","name":"Webdo","alternateName":"Webdo.tn","url":"https:\/\/www.webdo.tn\/fr\/","logo":{"@type":"ImageObject","inLanguage":"fr-FR","@id":"https:\/\/www.webdo.tn\/fr\/#\/schema\/logo\/image\/","url":"https:\/\/www.webdo.tn\/fr\/wp-content\/uploads\/2025\/06\/Webdo-Tunisie_168377.jpg","contentUrl":"https:\/\/www.webdo.tn\/fr\/wp-content\/uploads\/2025\/06\/Webdo-Tunisie_168377.jpg","width":301,"height":301,"caption":"Webdo"},"image":{"@id":"https:\/\/www.webdo.tn\/fr\/#\/schema\/logo\/image\/"},"sameAs":["https:\/\/www.facebook.com\/webdotn","https:\/\/x.com\/webdo_tn"],"description":"Webdo est un m\u00e9dia num\u00e9rique tunisien fond\u00e9 en 2010, sp\u00e9cialis\u00e9 dans l\u2019actualit\u00e9 nationale et internationale, l\u2019\u00e9conomie, la soci\u00e9t\u00e9 et les analyses politiques. Le site s\u2019adresse \u00e0 un large public francophone et couvre l\u2019information tunisienne en temps r\u00e9el.","email":"redac@webdo.tn","legalName":"YNJ SARL","foundingDate":"2010-09-06","numberOfEmployees":{"@type":"QuantitativeValue","minValue":"11","maxValue":"50"}},{"@type":"Person","@id":"https:\/\/www.webdo.tn\/fr\/#\/schema\/person\/f35b42a42c5e2511bbd282959d6385cc","name":"CL","image":{"@type":"ImageObject","inLanguage":"fr-FR","@id":"https:\/\/secure.gravatar.com\/avatar\/1447a49909b67aa657c488aec6512e1dd6143a480c1ecfee9b5b5cd74eb3b59e?s=96&d=mm&r=g","url":"https:\/\/secure.gravatar.com\/avatar\/1447a49909b67aa657c488aec6512e1dd6143a480c1ecfee9b5b5cd74eb3b59e?s=96&d=mm&r=g","contentUrl":"https:\/\/secure.gravatar.com\/avatar\/1447a49909b67aa657c488aec6512e1dd6143a480c1ecfee9b5b5cd74eb3b59e?s=96&d=mm&r=g","caption":"CL"},"url":"https:\/\/www.webdo.tn\/fr\/actualite\/author\/cl\/"}]}},"_links":{"self":[{"href":"https:\/\/www.webdo.tn\/fr\/wp-json\/wp\/v2\/posts\/206217","targetHints":{"allow":["GET"]}}],"collection":[{"href":"https:\/\/www.webdo.tn\/fr\/wp-json\/wp\/v2\/posts"}],"about":[{"href":"https:\/\/www.webdo.tn\/fr\/wp-json\/wp\/v2\/types\/post"}],"author":[{"embeddable":true,"href":"https:\/\/www.webdo.tn\/fr\/wp-json\/wp\/v2\/users\/3175"}],"replies":[{"embeddable":true,"href":"https:\/\/www.webdo.tn\/fr\/wp-json\/wp\/v2\/comments?post=206217"}],"version-history":[{"count":0,"href":"https:\/\/www.webdo.tn\/fr\/wp-json\/wp\/v2\/posts\/206217\/revisions"}],"wp:featuredmedia":[{"embeddable":true,"href":"https:\/\/www.webdo.tn\/fr\/wp-json\/wp\/v2\/media\/251002"}],"wp:attachment":[{"href":"https:\/\/www.webdo.tn\/fr\/wp-json\/wp\/v2\/media?parent=206217"}],"wp:term":[{"taxonomy":"category","embeddable":true,"href":"https:\/\/www.webdo.tn\/fr\/wp-json\/wp\/v2\/categories?post=206217"},{"taxonomy":"post_tag","embeddable":true,"href":"https:\/\/www.webdo.tn\/fr\/wp-json\/wp\/v2\/tags?post=206217"}],"curies":[{"name":"wp","href":"https:\/\/api.w.org\/{rel}","templated":true}]}}