{"id":206198,"date":"2023-05-31T07:07:00","date_gmt":"2023-05-31T07:07:00","guid":{"rendered":"https:\/\/www.webdo.tn\/fr\/blog\/tunisie-la-capacite-d-accueil-des-lycees-pilotes-fixee\/206198\/"},"modified":"2025-05-20T22:50:24","modified_gmt":"2025-05-20T22:50:24","slug":"tunisie-la-capacite-d-accueil-des-lycees-pilotes-fixee","status":"publish","type":"post","link":"https:\/\/www.webdo.tn\/fr\/actualite\/national\/tunisie-la-capacite-d-accueil-des-lycees-pilotes-fixee\/206198\/","title":{"rendered":"Tunisie : La capacit\u00e9 d&rsquo;accueil des lyc\u00e9es pilotes fix\u00e9e"},"content":{"rendered":"<p>La capacit\u00e9 d&rsquo;accueil des lyc\u00e9es pilotes pour l&rsquo;ann\u00e9e scolaire 2023-2024 a \u00e9t\u00e9 fix\u00e9e \u00e0 3450 postes r\u00e9partis sur 26 lyc\u00e9es \u00e0 travers toutes les r\u00e9gions du pays selon une d\u00e9cision du minist\u00e8re de l&rsquo;\u00e9ducation publi\u00e9e au JORT.<\/p>\n<p>\t\t\t\t\t\t\t\t\tLe minist\u00e8re de l&rsquo;\u00e9ducation a \u00e9galement fix\u00e9 la capacit\u00e9 d&rsquo;accueil des coll\u00e8ges pilotes \u00e0 3700 places r\u00e9partis sur 28 coll\u00e8ges \u00e0 travers les gouvernorats.<\/p>\n<p>Les examens de fin d&rsquo;\u00e9tudes de l&rsquo;enseignement de base g\u00e9n\u00e9ral et technique pour l&rsquo;acc\u00e8s aux lyc\u00e9es pilotes se tiendront \u00e0 partir de lundi 19 juin 2023 jusqu&rsquo;\u00e0 mercredi 21 juin 2023, alors que le concours d&rsquo;acc\u00e8s aux coll\u00e8ges pilotes est pr\u00e9vu du 22 au 24 juin 2023, selon le calendrier des examens nationaux du minist\u00e8re de l&rsquo;\u00e9ducation.<\/p>\n","protected":false},"excerpt":{"rendered":"<p>La capacit\u00e9 d&rsquo;accueil des lyc\u00e9es pilotes pour l&rsquo;ann\u00e9e scolaire 2023-2024 a \u00e9t\u00e9 fix\u00e9e \u00e0 3450 postes r\u00e9partis sur 26 lyc\u00e9es \u00e0 travers toutes les r\u00e9gions du pays s&#8230;<\/p>\n","protected":false},"author":3175,"featured_media":278289,"comment_status":"open","ping_status":"closed","sticky":false,"template":"","format":"standard","meta":{"footnotes":""},"categories":[44],"tags":[9525,9524,2608],"class_list":["post-206198","post","type-post","status-publish","format-standard","has-post-thumbnail","hentry","category-national","tag-capacite","tag-lycee-pilote","tag-tunisie"],"yoast_head":"<!-- This site is optimized with the Yoast SEO Premium plugin v27.4 (Yoast SEO v27.5) - https:\/\/yoast.com\/product\/yoast-seo-premium-wordpress\/ -->\n<title>Tunisie : La capacit\u00e9 d&#039;accueil des lyc\u00e9es pilotes fix\u00e9e<\/title>\n<meta name=\"description\" content=\"La capacit\u00e9 d&#039;accueil des lyc\u00e9es pilotes pour l&#039;ann\u00e9e scolaire 2023-2024 a \u00e9t\u00e9 fix\u00e9e \u00e0 3450 postes r\u00e9partis sur 26 lyc\u00e9es \u00e0 travers toutes les r\u00e9gions du pays s...\" \/>\n<link rel=\"canonical\" href=\"https:\/\/www.webdo.tn\/fr\/actualite\/national\/tunisie-la-capacite-d-accueil-des-lycees-pilotes-fixee\/206198\/\" \/>\n<meta property=\"og:locale\" content=\"fr_FR\" \/>\n<meta property=\"og:type\" content=\"article\" \/>\n<meta property=\"og:title\" content=\"Tunisie : La capacit\u00e9 d&#039;accueil des lyc\u00e9es pilotes fix\u00e9e\" \/>\n<meta property=\"og:description\" content=\"La capacit\u00e9 d&#039;accueil des lyc\u00e9es pilotes pour l&#039;ann\u00e9e scolaire 2023-2024 a \u00e9t\u00e9 fix\u00e9e \u00e0 3450 postes r\u00e9partis sur 26 lyc\u00e9es \u00e0 travers toutes les r\u00e9gions du pays s...\" \/>\n<meta property=\"og:url\" content=\"https:\/\/www.webdo.tn\/fr\/actualite\/national\/tunisie-la-capacite-d-accueil-des-lycees-pilotes-fixee\/206198\/\" \/>\n<meta property=\"og:site_name\" content=\"webdo\" \/>\n<meta property=\"article:publisher\" content=\"https:\/\/www.facebook.com\/webdotn\" \/>\n<meta property=\"article:published_time\" content=\"2023-05-31T07:07:00+00:00\" \/>\n<meta property=\"article:modified_time\" content=\"2025-05-20T22:50:24+00:00\" \/>\n<meta property=\"og:image\" content=\"https:\/\/www.webdo.tn\/fr\/wp-content\/uploads\/2023\/05\/8e26aa161140d7c7904a1a81fb67fe2b.jpg\" \/>\n\t<meta property=\"og:image:width\" content=\"750\" \/>\n\t<meta property=\"og:image:height\" content=\"400\" \/>\n\t<meta property=\"og:image:type\" content=\"image\/jpeg\" \/>\n<meta name=\"author\" content=\"CL\" \/>\n<meta name=\"twitter:card\" content=\"summary_large_image\" \/>\n<meta name=\"twitter:creator\" content=\"@webdo_tn\" \/>\n<meta name=\"twitter:site\" content=\"@webdo_tn\" \/>\n<meta name=\"twitter:label1\" content=\"\u00c9crit par\" \/>\n\t<meta name=\"twitter:data1\" content=\"CL\" \/>\n\t<meta name=\"twitter:label2\" content=\"Dur\u00e9e de lecture estim\u00e9e\" \/>\n\t<meta name=\"twitter:data2\" content=\"1 minute\" \/>\n<script type=\"application\/ld+json\" class=\"yoast-schema-graph\">{\"@context\":\"https:\\\/\\\/schema.org\",\"@graph\":[{\"@type\":\"NewsArticle\",\"@id\":\"https:\\\/\\\/www.webdo.tn\\\/fr\\\/actualite\\\/national\\\/tunisie-la-capacite-d-accueil-des-lycees-pilotes-fixee\\\/206198\\\/#article\",\"isPartOf\":{\"@id\":\"https:\\\/\\\/www.webdo.tn\\\/fr\\\/actualite\\\/national\\\/tunisie-la-capacite-d-accueil-des-lycees-pilotes-fixee\\\/206198\\\/\"},\"author\":{\"name\":\"CL\",\"@id\":\"https:\\\/\\\/www.webdo.tn\\\/fr\\\/#\\\/schema\\\/person\\\/f35b42a42c5e2511bbd282959d6385cc\"},\"headline\":\"Tunisie : La capacit\u00e9 d&rsquo;accueil des lyc\u00e9es pilotes fix\u00e9e\",\"datePublished\":\"2023-05-31T07:07:00+00:00\",\"dateModified\":\"2025-05-20T22:50:24+00:00\",\"mainEntityOfPage\":{\"@id\":\"https:\\\/\\\/www.webdo.tn\\\/fr\\\/actualite\\\/national\\\/tunisie-la-capacite-d-accueil-des-lycees-pilotes-fixee\\\/206198\\\/\"},\"wordCount\":144,\"commentCount\":0,\"publisher\":{\"@id\":\"https:\\\/\\\/www.webdo.tn\\\/fr\\\/#organization\"},\"image\":{\"@id\":\"https:\\\/\\\/www.webdo.tn\\\/fr\\\/actualite\\\/national\\\/tunisie-la-capacite-d-accueil-des-lycees-pilotes-fixee\\\/206198\\\/#primaryimage\"},\"thumbnailUrl\":\"https:\\\/\\\/www.webdo.tn\\\/fr\\\/wp-content\\\/uploads\\\/2023\\\/05\\\/8e26aa161140d7c7904a1a81fb67fe2b.jpg\",\"keywords\":[\"Capacit\u00e9\",\"Lyc\u00e9e pilote\",\"Tunisie\"],\"articleSection\":[\"National\"],\"inLanguage\":\"fr-FR\"},{\"@type\":\"WebPage\",\"@id\":\"https:\\\/\\\/www.webdo.tn\\\/fr\\\/actualite\\\/national\\\/tunisie-la-capacite-d-accueil-des-lycees-pilotes-fixee\\\/206198\\\/\",\"url\":\"https:\\\/\\\/www.webdo.tn\\\/fr\\\/actualite\\\/national\\\/tunisie-la-capacite-d-accueil-des-lycees-pilotes-fixee\\\/206198\\\/\",\"name\":\"Tunisie : La capacit\u00e9 d'accueil des lyc\u00e9es pilotes fix\u00e9e\",\"isPartOf\":{\"@id\":\"https:\\\/\\\/www.webdo.tn\\\/fr\\\/#website\"},\"primaryImageOfPage\":{\"@id\":\"https:\\\/\\\/www.webdo.tn\\\/fr\\\/actualite\\\/national\\\/tunisie-la-capacite-d-accueil-des-lycees-pilotes-fixee\\\/206198\\\/#primaryimage\"},\"image\":{\"@id\":\"https:\\\/\\\/www.webdo.tn\\\/fr\\\/actualite\\\/national\\\/tunisie-la-capacite-d-accueil-des-lycees-pilotes-fixee\\\/206198\\\/#primaryimage\"},\"thumbnailUrl\":\"https:\\\/\\\/www.webdo.tn\\\/fr\\\/wp-content\\\/uploads\\\/2023\\\/05\\\/8e26aa161140d7c7904a1a81fb67fe2b.jpg\",\"datePublished\":\"2023-05-31T07:07:00+00:00\",\"dateModified\":\"2025-05-20T22:50:24+00:00\",\"description\":\"La capacit\u00e9 d'accueil des lyc\u00e9es pilotes pour l'ann\u00e9e scolaire 2023-2024 a \u00e9t\u00e9 fix\u00e9e \u00e0 3450 postes r\u00e9partis sur 26 lyc\u00e9es \u00e0 travers toutes les r\u00e9gions du pays s...\",\"breadcrumb\":{\"@id\":\"https:\\\/\\\/www.webdo.tn\\\/fr\\\/actualite\\\/national\\\/tunisie-la-capacite-d-accueil-des-lycees-pilotes-fixee\\\/206198\\\/#breadcrumb\"},\"inLanguage\":\"fr-FR\",\"potentialAction\":[{\"@type\":\"ReadAction\",\"target\":[\"https:\\\/\\\/www.webdo.tn\\\/fr\\\/actualite\\\/national\\\/tunisie-la-capacite-d-accueil-des-lycees-pilotes-fixee\\\/206198\\\/\"]}]},{\"@type\":\"ImageObject\",\"inLanguage\":\"fr-FR\",\"@id\":\"https:\\\/\\\/www.webdo.tn\\\/fr\\\/actualite\\\/national\\\/tunisie-la-capacite-d-accueil-des-lycees-pilotes-fixee\\\/206198\\\/#primaryimage\",\"url\":\"https:\\\/\\\/www.webdo.tn\\\/fr\\\/wp-content\\\/uploads\\\/2023\\\/05\\\/8e26aa161140d7c7904a1a81fb67fe2b.jpg\",\"contentUrl\":\"https:\\\/\\\/www.webdo.tn\\\/fr\\\/wp-content\\\/uploads\\\/2023\\\/05\\\/8e26aa161140d7c7904a1a81fb67fe2b.jpg\",\"width\":750,\"height\":400,\"caption\":\"Tunisie : La capacit\u00e9 d'accueil des lyc\u00e9es pilotes fix\u00e9e\"},{\"@type\":\"BreadcrumbList\",\"@id\":\"https:\\\/\\\/www.webdo.tn\\\/fr\\\/actualite\\\/national\\\/tunisie-la-capacite-d-accueil-des-lycees-pilotes-fixee\\\/206198\\\/#breadcrumb\",\"itemListElement\":[{\"@type\":\"ListItem\",\"position\":1,\"name\":\"Accueil\",\"item\":\"https:\\\/\\\/www.webdo.tn\\\/fr\\\/\"},{\"@type\":\"ListItem\",\"position\":2,\"name\":\"Tunisie : La capacit\u00e9 d&rsquo;accueil des lyc\u00e9es pilotes fix\u00e9e\"}]},{\"@type\":\"WebSite\",\"@id\":\"https:\\\/\\\/www.webdo.tn\\\/fr\\\/#website\",\"url\":\"https:\\\/\\\/www.webdo.tn\\\/fr\\\/\",\"name\":\"webdo\",\"description\":\"Tunisie - News en Tunisie et \u00e0 l&#039;international sur Webdo.tn\",\"publisher\":{\"@id\":\"https:\\\/\\\/www.webdo.tn\\\/fr\\\/#organization\"},\"potentialAction\":[{\"@type\":\"SearchAction\",\"target\":{\"@type\":\"EntryPoint\",\"urlTemplate\":\"https:\\\/\\\/www.webdo.tn\\\/fr\\\/?s={search_term_string}\"},\"query-input\":{\"@type\":\"PropertyValueSpecification\",\"valueRequired\":true,\"valueName\":\"search_term_string\"}}],\"inLanguage\":\"fr-FR\"},{\"@type\":\"Organization\",\"@id\":\"https:\\\/\\\/www.webdo.tn\\\/fr\\\/#organization\",\"name\":\"Webdo\",\"alternateName\":\"Webdo.tn\",\"url\":\"https:\\\/\\\/www.webdo.tn\\\/fr\\\/\",\"logo\":{\"@type\":\"ImageObject\",\"inLanguage\":\"fr-FR\",\"@id\":\"https:\\\/\\\/www.webdo.tn\\\/fr\\\/#\\\/schema\\\/logo\\\/image\\\/\",\"url\":\"https:\\\/\\\/www.webdo.tn\\\/fr\\\/wp-content\\\/uploads\\\/2025\\\/06\\\/Webdo-Tunisie_168377.jpg\",\"contentUrl\":\"https:\\\/\\\/www.webdo.tn\\\/fr\\\/wp-content\\\/uploads\\\/2025\\\/06\\\/Webdo-Tunisie_168377.jpg\",\"width\":301,\"height\":301,\"caption\":\"Webdo\"},\"image\":{\"@id\":\"https:\\\/\\\/www.webdo.tn\\\/fr\\\/#\\\/schema\\\/logo\\\/image\\\/\"},\"sameAs\":[\"https:\\\/\\\/www.facebook.com\\\/webdotn\",\"https:\\\/\\\/x.com\\\/webdo_tn\"],\"description\":\"Webdo est un m\u00e9dia num\u00e9rique tunisien fond\u00e9 en 2010, sp\u00e9cialis\u00e9 dans l\u2019actualit\u00e9 nationale et internationale, l\u2019\u00e9conomie, la soci\u00e9t\u00e9 et les analyses politiques. Le site s\u2019adresse \u00e0 un large public francophone et couvre l\u2019information tunisienne en temps r\u00e9el.\",\"email\":\"redac@webdo.tn\",\"legalName\":\"YNJ SARL\",\"foundingDate\":\"2010-09-06\",\"numberOfEmployees\":{\"@type\":\"QuantitativeValue\",\"minValue\":\"11\",\"maxValue\":\"50\"}},{\"@type\":\"Person\",\"@id\":\"https:\\\/\\\/www.webdo.tn\\\/fr\\\/#\\\/schema\\\/person\\\/f35b42a42c5e2511bbd282959d6385cc\",\"name\":\"CL\",\"image\":{\"@type\":\"ImageObject\",\"inLanguage\":\"fr-FR\",\"@id\":\"https:\\\/\\\/secure.gravatar.com\\\/avatar\\\/1447a49909b67aa657c488aec6512e1dd6143a480c1ecfee9b5b5cd74eb3b59e?s=96&d=mm&r=g\",\"url\":\"https:\\\/\\\/secure.gravatar.com\\\/avatar\\\/1447a49909b67aa657c488aec6512e1dd6143a480c1ecfee9b5b5cd74eb3b59e?s=96&d=mm&r=g\",\"contentUrl\":\"https:\\\/\\\/secure.gravatar.com\\\/avatar\\\/1447a49909b67aa657c488aec6512e1dd6143a480c1ecfee9b5b5cd74eb3b59e?s=96&d=mm&r=g\",\"caption\":\"CL\"},\"url\":\"https:\\\/\\\/www.webdo.tn\\\/fr\\\/actualite\\\/author\\\/cl\\\/\"}]}<\/script>\n<!-- \/ Yoast SEO Premium plugin. -->","yoast_head_json":{"title":"Tunisie : La capacit\u00e9 d'accueil des lyc\u00e9es pilotes fix\u00e9e","description":"La capacit\u00e9 d'accueil des lyc\u00e9es pilotes pour l'ann\u00e9e scolaire 2023-2024 a \u00e9t\u00e9 fix\u00e9e \u00e0 3450 postes r\u00e9partis sur 26 lyc\u00e9es \u00e0 travers toutes les r\u00e9gions du pays s...","canonical":"https:\/\/www.webdo.tn\/fr\/actualite\/national\/tunisie-la-capacite-d-accueil-des-lycees-pilotes-fixee\/206198\/","og_locale":"fr_FR","og_type":"article","og_title":"Tunisie : La capacit\u00e9 d'accueil des lyc\u00e9es pilotes fix\u00e9e","og_description":"La capacit\u00e9 d'accueil des lyc\u00e9es pilotes pour l'ann\u00e9e scolaire 2023-2024 a \u00e9t\u00e9 fix\u00e9e \u00e0 3450 postes r\u00e9partis sur 26 lyc\u00e9es \u00e0 travers toutes les r\u00e9gions du pays s...","og_url":"https:\/\/www.webdo.tn\/fr\/actualite\/national\/tunisie-la-capacite-d-accueil-des-lycees-pilotes-fixee\/206198\/","og_site_name":"webdo","article_publisher":"https:\/\/www.facebook.com\/webdotn","article_published_time":"2023-05-31T07:07:00+00:00","article_modified_time":"2025-05-20T22:50:24+00:00","og_image":[{"width":750,"height":400,"url":"https:\/\/www.webdo.tn\/fr\/wp-content\/uploads\/2023\/05\/8e26aa161140d7c7904a1a81fb67fe2b.jpg","type":"image\/jpeg"}],"author":"CL","twitter_card":"summary_large_image","twitter_creator":"@webdo_tn","twitter_site":"@webdo_tn","twitter_misc":{"\u00c9crit par":"CL","Dur\u00e9e de lecture estim\u00e9e":"1 minute"},"schema":{"@context":"https:\/\/schema.org","@graph":[{"@type":"NewsArticle","@id":"https:\/\/www.webdo.tn\/fr\/actualite\/national\/tunisie-la-capacite-d-accueil-des-lycees-pilotes-fixee\/206198\/#article","isPartOf":{"@id":"https:\/\/www.webdo.tn\/fr\/actualite\/national\/tunisie-la-capacite-d-accueil-des-lycees-pilotes-fixee\/206198\/"},"author":{"name":"CL","@id":"https:\/\/www.webdo.tn\/fr\/#\/schema\/person\/f35b42a42c5e2511bbd282959d6385cc"},"headline":"Tunisie : La capacit\u00e9 d&rsquo;accueil des lyc\u00e9es pilotes fix\u00e9e","datePublished":"2023-05-31T07:07:00+00:00","dateModified":"2025-05-20T22:50:24+00:00","mainEntityOfPage":{"@id":"https:\/\/www.webdo.tn\/fr\/actualite\/national\/tunisie-la-capacite-d-accueil-des-lycees-pilotes-fixee\/206198\/"},"wordCount":144,"commentCount":0,"publisher":{"@id":"https:\/\/www.webdo.tn\/fr\/#organization"},"image":{"@id":"https:\/\/www.webdo.tn\/fr\/actualite\/national\/tunisie-la-capacite-d-accueil-des-lycees-pilotes-fixee\/206198\/#primaryimage"},"thumbnailUrl":"https:\/\/www.webdo.tn\/fr\/wp-content\/uploads\/2023\/05\/8e26aa161140d7c7904a1a81fb67fe2b.jpg","keywords":["Capacit\u00e9","Lyc\u00e9e pilote","Tunisie"],"articleSection":["National"],"inLanguage":"fr-FR"},{"@type":"WebPage","@id":"https:\/\/www.webdo.tn\/fr\/actualite\/national\/tunisie-la-capacite-d-accueil-des-lycees-pilotes-fixee\/206198\/","url":"https:\/\/www.webdo.tn\/fr\/actualite\/national\/tunisie-la-capacite-d-accueil-des-lycees-pilotes-fixee\/206198\/","name":"Tunisie : La capacit\u00e9 d'accueil des lyc\u00e9es pilotes fix\u00e9e","isPartOf":{"@id":"https:\/\/www.webdo.tn\/fr\/#website"},"primaryImageOfPage":{"@id":"https:\/\/www.webdo.tn\/fr\/actualite\/national\/tunisie-la-capacite-d-accueil-des-lycees-pilotes-fixee\/206198\/#primaryimage"},"image":{"@id":"https:\/\/www.webdo.tn\/fr\/actualite\/national\/tunisie-la-capacite-d-accueil-des-lycees-pilotes-fixee\/206198\/#primaryimage"},"thumbnailUrl":"https:\/\/www.webdo.tn\/fr\/wp-content\/uploads\/2023\/05\/8e26aa161140d7c7904a1a81fb67fe2b.jpg","datePublished":"2023-05-31T07:07:00+00:00","dateModified":"2025-05-20T22:50:24+00:00","description":"La capacit\u00e9 d'accueil des lyc\u00e9es pilotes pour l'ann\u00e9e scolaire 2023-2024 a \u00e9t\u00e9 fix\u00e9e \u00e0 3450 postes r\u00e9partis sur 26 lyc\u00e9es \u00e0 travers toutes les r\u00e9gions du pays s...","breadcrumb":{"@id":"https:\/\/www.webdo.tn\/fr\/actualite\/national\/tunisie-la-capacite-d-accueil-des-lycees-pilotes-fixee\/206198\/#breadcrumb"},"inLanguage":"fr-FR","potentialAction":[{"@type":"ReadAction","target":["https:\/\/www.webdo.tn\/fr\/actualite\/national\/tunisie-la-capacite-d-accueil-des-lycees-pilotes-fixee\/206198\/"]}]},{"@type":"ImageObject","inLanguage":"fr-FR","@id":"https:\/\/www.webdo.tn\/fr\/actualite\/national\/tunisie-la-capacite-d-accueil-des-lycees-pilotes-fixee\/206198\/#primaryimage","url":"https:\/\/www.webdo.tn\/fr\/wp-content\/uploads\/2023\/05\/8e26aa161140d7c7904a1a81fb67fe2b.jpg","contentUrl":"https:\/\/www.webdo.tn\/fr\/wp-content\/uploads\/2023\/05\/8e26aa161140d7c7904a1a81fb67fe2b.jpg","width":750,"height":400,"caption":"Tunisie : La capacit\u00e9 d'accueil des lyc\u00e9es pilotes fix\u00e9e"},{"@type":"BreadcrumbList","@id":"https:\/\/www.webdo.tn\/fr\/actualite\/national\/tunisie-la-capacite-d-accueil-des-lycees-pilotes-fixee\/206198\/#breadcrumb","itemListElement":[{"@type":"ListItem","position":1,"name":"Accueil","item":"https:\/\/www.webdo.tn\/fr\/"},{"@type":"ListItem","position":2,"name":"Tunisie : La capacit\u00e9 d&rsquo;accueil des lyc\u00e9es pilotes fix\u00e9e"}]},{"@type":"WebSite","@id":"https:\/\/www.webdo.tn\/fr\/#website","url":"https:\/\/www.webdo.tn\/fr\/","name":"webdo","description":"Tunisie - News en Tunisie et \u00e0 l&#039;international sur Webdo.tn","publisher":{"@id":"https:\/\/www.webdo.tn\/fr\/#organization"},"potentialAction":[{"@type":"SearchAction","target":{"@type":"EntryPoint","urlTemplate":"https:\/\/www.webdo.tn\/fr\/?s={search_term_string}"},"query-input":{"@type":"PropertyValueSpecification","valueRequired":true,"valueName":"search_term_string"}}],"inLanguage":"fr-FR"},{"@type":"Organization","@id":"https:\/\/www.webdo.tn\/fr\/#organization","name":"Webdo","alternateName":"Webdo.tn","url":"https:\/\/www.webdo.tn\/fr\/","logo":{"@type":"ImageObject","inLanguage":"fr-FR","@id":"https:\/\/www.webdo.tn\/fr\/#\/schema\/logo\/image\/","url":"https:\/\/www.webdo.tn\/fr\/wp-content\/uploads\/2025\/06\/Webdo-Tunisie_168377.jpg","contentUrl":"https:\/\/www.webdo.tn\/fr\/wp-content\/uploads\/2025\/06\/Webdo-Tunisie_168377.jpg","width":301,"height":301,"caption":"Webdo"},"image":{"@id":"https:\/\/www.webdo.tn\/fr\/#\/schema\/logo\/image\/"},"sameAs":["https:\/\/www.facebook.com\/webdotn","https:\/\/x.com\/webdo_tn"],"description":"Webdo est un m\u00e9dia num\u00e9rique tunisien fond\u00e9 en 2010, sp\u00e9cialis\u00e9 dans l\u2019actualit\u00e9 nationale et internationale, l\u2019\u00e9conomie, la soci\u00e9t\u00e9 et les analyses politiques. Le site s\u2019adresse \u00e0 un large public francophone et couvre l\u2019information tunisienne en temps r\u00e9el.","email":"redac@webdo.tn","legalName":"YNJ SARL","foundingDate":"2010-09-06","numberOfEmployees":{"@type":"QuantitativeValue","minValue":"11","maxValue":"50"}},{"@type":"Person","@id":"https:\/\/www.webdo.tn\/fr\/#\/schema\/person\/f35b42a42c5e2511bbd282959d6385cc","name":"CL","image":{"@type":"ImageObject","inLanguage":"fr-FR","@id":"https:\/\/secure.gravatar.com\/avatar\/1447a49909b67aa657c488aec6512e1dd6143a480c1ecfee9b5b5cd74eb3b59e?s=96&d=mm&r=g","url":"https:\/\/secure.gravatar.com\/avatar\/1447a49909b67aa657c488aec6512e1dd6143a480c1ecfee9b5b5cd74eb3b59e?s=96&d=mm&r=g","contentUrl":"https:\/\/secure.gravatar.com\/avatar\/1447a49909b67aa657c488aec6512e1dd6143a480c1ecfee9b5b5cd74eb3b59e?s=96&d=mm&r=g","caption":"CL"},"url":"https:\/\/www.webdo.tn\/fr\/actualite\/author\/cl\/"}]}},"_links":{"self":[{"href":"https:\/\/www.webdo.tn\/fr\/wp-json\/wp\/v2\/posts\/206198","targetHints":{"allow":["GET"]}}],"collection":[{"href":"https:\/\/www.webdo.tn\/fr\/wp-json\/wp\/v2\/posts"}],"about":[{"href":"https:\/\/www.webdo.tn\/fr\/wp-json\/wp\/v2\/types\/post"}],"author":[{"embeddable":true,"href":"https:\/\/www.webdo.tn\/fr\/wp-json\/wp\/v2\/users\/3175"}],"replies":[{"embeddable":true,"href":"https:\/\/www.webdo.tn\/fr\/wp-json\/wp\/v2\/comments?post=206198"}],"version-history":[{"count":0,"href":"https:\/\/www.webdo.tn\/fr\/wp-json\/wp\/v2\/posts\/206198\/revisions"}],"wp:featuredmedia":[{"embeddable":true,"href":"https:\/\/www.webdo.tn\/fr\/wp-json\/wp\/v2\/media\/278289"}],"wp:attachment":[{"href":"https:\/\/www.webdo.tn\/fr\/wp-json\/wp\/v2\/media?parent=206198"}],"wp:term":[{"taxonomy":"category","embeddable":true,"href":"https:\/\/www.webdo.tn\/fr\/wp-json\/wp\/v2\/categories?post=206198"},{"taxonomy":"post_tag","embeddable":true,"href":"https:\/\/www.webdo.tn\/fr\/wp-json\/wp\/v2\/tags?post=206198"}],"curies":[{"name":"wp","href":"https:\/\/api.w.org\/{rel}","templated":true}]}}