{"id":206191,"date":"2023-05-30T20:04:00","date_gmt":"2023-05-30T20:04:00","guid":{"rendered":"https:\/\/www.webdo.tn\/fr\/blog\/affaire-seifeddine-makhlouf-la-cour-d-appel-militaire-rendra-son-verdict-le-13-juin\/206191\/"},"modified":"2025-05-20T21:59:20","modified_gmt":"2025-05-20T21:59:20","slug":"affaire-seifeddine-makhlouf-la-cour-d-appel-militaire-rendra-son-verdict-le-13-juin","status":"publish","type":"post","link":"https:\/\/www.webdo.tn\/fr\/actualite\/national\/affaire-seifeddine-makhlouf-la-cour-d-appel-militaire-rendra-son-verdict-le-13-juin\/206191\/","title":{"rendered":"Affaire Seifeddine Makhlouf : La Cour d&rsquo;appel militaire rendra son verdict le 13 juin"},"content":{"rendered":"<p>La Cour d&rsquo;appel militaire de Tunis a d\u00e9cid\u00e9 de se saisir du dossier de l\u2019ancien d\u00e9put\u00e9 et avocat, Seifeddine Makhlouf dans le cadre de l\u2019affaire d&rsquo;outrage \u00e0 un juge militaire.<\/p>\n<p>\t\t\t\t\t\t\t\t\tLe verdict sera prononc\u00e9 le 13 juin 2023. Makhlouf est accus\u00e9 dans l&rsquo;affaire dite d'\u00a0\u00bbatteinte \u00e0 la justice militaire\u00a0\u00bb, selon son avocat Samir Dilou, rapporte l\u2019agence TAP.<\/p>\n<p>Dans cette affaire, Seifeddine Makhlouf avait \u00e9t\u00e9 condamn\u00e9 par la Cour d\u2019appel \u00e0 14 mois de prison et une interdiction d\u2019exercer la profession d\u2019avocat durant cinq ans.<\/p>\n<p>Mais la cour de cassation avait annul\u00e9 ce jugement et renvoy\u00e9 l&rsquo;affaire \u00e0 la Cour d&rsquo;appel militaire\u00a0 pour qu&rsquo;une autre commission r\u00e9examine le dossier.<\/p>\n<p>L\u2019affaire remonte au mois de septembre 2021 lorsque Seifeddine Makhlouf s\u2019\u00e9tait pr\u00e9sent\u00e9 au Tribunal militaire pour d\u00e9fendre le d\u00e9put\u00e9 Nidhal Saoudi, interpell\u00e9 dans le cadre de l\u2019affaire dite de \u00ab\u00a0l\u2019a\u00e9roport\u00a0\u00bb. Impliqu\u00e9 lui-m\u00eame dans cette affaire, il s\u2019est vu interdire de plaider. \u00ab\u00a0Cela repr\u00e9sente un conflit d\u2019int\u00e9r\u00eat\u00a0\u00bb, avait expliqu\u00e9 la justice militaire.<\/p>\n<p>Suite \u00e0 ce refus, Makhlouf se serait pris \u00e0 un magistrat dans les couloirs du Tribunal militaire et l\u2019aurait menac\u00e9.<\/p>\n<p>Le procureur g\u00e9n\u00e9ral pr\u00e8s la Cour d\u2019appel militaire avait alors ordonn\u00e9 l\u2019ouverture d\u2019une information judiciaire et \u00e9mis un mandat de d\u00e9p\u00f4t \u00e0 l\u2019encontre de Seifeddine Makhlouf.<\/p>\n","protected":false},"excerpt":{"rendered":"<p>La Cour d&rsquo;appel militaire de Tunis a d\u00e9cid\u00e9 de se saisir du dossier de l\u2019ancien d\u00e9put\u00e9 et avocat, Seifeddine Makhlouf dans le cadre de l\u2019affaire d&rsquo;outrage \u00e0 un&#8230;<\/p>\n","protected":false},"author":3162,"featured_media":251014,"comment_status":"open","ping_status":"closed","sticky":false,"template":"","format":"standard","meta":{"footnotes":""},"categories":[44],"tags":[5478,3859,7205,6166],"class_list":["post-206191","post","type-post","status-publish","format-standard","has-post-thumbnail","hentry","category-national","tag-cour-dappel","tag-justice-militaire","tag-outrage","tag-seifeddine-makhlouf"],"yoast_head":"<!-- This site is optimized with the Yoast SEO Premium plugin v27.5 (Yoast SEO v27.5) - https:\/\/yoast.com\/product\/yoast-seo-premium-wordpress\/ -->\n<title>Affaire Seifeddine Makhlouf : La Cour d&#039;appel militaire rendra son verdict le 13 juin<\/title>\n<meta name=\"description\" content=\"La Cour d&#039;appel militaire de Tunis a d\u00e9cid\u00e9 de se saisir du dossier de l\u2019ancien d\u00e9put\u00e9 et avocat, Seifeddine Makhlouf dans le cadre de l\u2019affaire d&#039;outrage \u00e0 un...\" \/>\n<link rel=\"canonical\" href=\"https:\/\/www.webdo.tn\/fr\/actualite\/national\/affaire-seifeddine-makhlouf-la-cour-d-appel-militaire-rendra-son-verdict-le-13-juin\/206191\/\" \/>\n<meta property=\"og:locale\" content=\"fr_FR\" \/>\n<meta property=\"og:type\" content=\"article\" \/>\n<meta property=\"og:title\" content=\"Affaire Seifeddine Makhlouf : La Cour d&#039;appel militaire rendra son verdict le 13 juin\" \/>\n<meta property=\"og:description\" content=\"La Cour d&#039;appel militaire de Tunis a d\u00e9cid\u00e9 de se saisir du dossier de l\u2019ancien d\u00e9put\u00e9 et avocat, Seifeddine Makhlouf dans le cadre de l\u2019affaire d&#039;outrage \u00e0 un...\" \/>\n<meta property=\"og:url\" content=\"https:\/\/www.webdo.tn\/fr\/actualite\/national\/affaire-seifeddine-makhlouf-la-cour-d-appel-militaire-rendra-son-verdict-le-13-juin\/206191\/\" \/>\n<meta property=\"og:site_name\" content=\"webdo\" \/>\n<meta property=\"article:publisher\" content=\"https:\/\/www.facebook.com\/webdotn\" \/>\n<meta property=\"article:published_time\" content=\"2023-05-30T20:04:00+00:00\" \/>\n<meta property=\"article:modified_time\" content=\"2025-05-20T21:59:20+00:00\" \/>\n<meta property=\"og:image\" content=\"https:\/\/www.webdo.tn\/fr\/wp-content\/uploads\/2023\/05\/ccea18682a78af1f41dd3611c34b8f44.jpg\" \/>\n\t<meta property=\"og:image:width\" content=\"750\" \/>\n\t<meta property=\"og:image:height\" content=\"400\" \/>\n\t<meta property=\"og:image:type\" content=\"image\/jpeg\" \/>\n<meta name=\"author\" content=\"MC\" \/>\n<meta name=\"twitter:card\" content=\"summary_large_image\" \/>\n<meta name=\"twitter:creator\" content=\"@webdo_tn\" \/>\n<meta name=\"twitter:site\" content=\"@webdo_tn\" \/>\n<meta name=\"twitter:label1\" content=\"\u00c9crit par\" \/>\n\t<meta name=\"twitter:data1\" content=\"MC\" \/>\n\t<meta name=\"twitter:label2\" content=\"Dur\u00e9e de lecture estim\u00e9e\" \/>\n\t<meta name=\"twitter:data2\" content=\"1 minute\" \/>\n<script type=\"application\/ld+json\" class=\"yoast-schema-graph\">{\"@context\":\"https:\\\/\\\/schema.org\",\"@graph\":[{\"@type\":\"NewsArticle\",\"@id\":\"https:\\\/\\\/www.webdo.tn\\\/fr\\\/actualite\\\/national\\\/affaire-seifeddine-makhlouf-la-cour-d-appel-militaire-rendra-son-verdict-le-13-juin\\\/206191\\\/#article\",\"isPartOf\":{\"@id\":\"https:\\\/\\\/www.webdo.tn\\\/fr\\\/actualite\\\/national\\\/affaire-seifeddine-makhlouf-la-cour-d-appel-militaire-rendra-son-verdict-le-13-juin\\\/206191\\\/\"},\"author\":{\"name\":\"MC\",\"@id\":\"https:\\\/\\\/www.webdo.tn\\\/fr\\\/#\\\/schema\\\/person\\\/2c4929cbf5a809e3bd38617c6ce150f6\"},\"headline\":\"Affaire Seifeddine Makhlouf : La Cour d&rsquo;appel militaire rendra son verdict le 13 juin\",\"datePublished\":\"2023-05-30T20:04:00+00:00\",\"dateModified\":\"2025-05-20T21:59:20+00:00\",\"mainEntityOfPage\":{\"@id\":\"https:\\\/\\\/www.webdo.tn\\\/fr\\\/actualite\\\/national\\\/affaire-seifeddine-makhlouf-la-cour-d-appel-militaire-rendra-son-verdict-le-13-juin\\\/206191\\\/\"},\"wordCount\":247,\"commentCount\":0,\"publisher\":{\"@id\":\"https:\\\/\\\/www.webdo.tn\\\/fr\\\/#organization\"},\"image\":{\"@id\":\"https:\\\/\\\/www.webdo.tn\\\/fr\\\/actualite\\\/national\\\/affaire-seifeddine-makhlouf-la-cour-d-appel-militaire-rendra-son-verdict-le-13-juin\\\/206191\\\/#primaryimage\"},\"thumbnailUrl\":\"https:\\\/\\\/www.webdo.tn\\\/fr\\\/wp-content\\\/uploads\\\/2023\\\/05\\\/ccea18682a78af1f41dd3611c34b8f44.jpg\",\"keywords\":[\"cour d'appel\",\"justice militaire\",\"outrage\",\"Seifeddine Makhlouf\"],\"articleSection\":[\"National\"],\"inLanguage\":\"fr-FR\"},{\"@type\":\"WebPage\",\"@id\":\"https:\\\/\\\/www.webdo.tn\\\/fr\\\/actualite\\\/national\\\/affaire-seifeddine-makhlouf-la-cour-d-appel-militaire-rendra-son-verdict-le-13-juin\\\/206191\\\/\",\"url\":\"https:\\\/\\\/www.webdo.tn\\\/fr\\\/actualite\\\/national\\\/affaire-seifeddine-makhlouf-la-cour-d-appel-militaire-rendra-son-verdict-le-13-juin\\\/206191\\\/\",\"name\":\"Affaire Seifeddine Makhlouf : La Cour d'appel militaire rendra son verdict le 13 juin\",\"isPartOf\":{\"@id\":\"https:\\\/\\\/www.webdo.tn\\\/fr\\\/#website\"},\"primaryImageOfPage\":{\"@id\":\"https:\\\/\\\/www.webdo.tn\\\/fr\\\/actualite\\\/national\\\/affaire-seifeddine-makhlouf-la-cour-d-appel-militaire-rendra-son-verdict-le-13-juin\\\/206191\\\/#primaryimage\"},\"image\":{\"@id\":\"https:\\\/\\\/www.webdo.tn\\\/fr\\\/actualite\\\/national\\\/affaire-seifeddine-makhlouf-la-cour-d-appel-militaire-rendra-son-verdict-le-13-juin\\\/206191\\\/#primaryimage\"},\"thumbnailUrl\":\"https:\\\/\\\/www.webdo.tn\\\/fr\\\/wp-content\\\/uploads\\\/2023\\\/05\\\/ccea18682a78af1f41dd3611c34b8f44.jpg\",\"datePublished\":\"2023-05-30T20:04:00+00:00\",\"dateModified\":\"2025-05-20T21:59:20+00:00\",\"description\":\"La Cour d'appel militaire de Tunis a d\u00e9cid\u00e9 de se saisir du dossier de l\u2019ancien d\u00e9put\u00e9 et avocat, Seifeddine Makhlouf dans le cadre de l\u2019affaire d'outrage \u00e0 un...\",\"breadcrumb\":{\"@id\":\"https:\\\/\\\/www.webdo.tn\\\/fr\\\/actualite\\\/national\\\/affaire-seifeddine-makhlouf-la-cour-d-appel-militaire-rendra-son-verdict-le-13-juin\\\/206191\\\/#breadcrumb\"},\"inLanguage\":\"fr-FR\",\"potentialAction\":[{\"@type\":\"ReadAction\",\"target\":[\"https:\\\/\\\/www.webdo.tn\\\/fr\\\/actualite\\\/national\\\/affaire-seifeddine-makhlouf-la-cour-d-appel-militaire-rendra-son-verdict-le-13-juin\\\/206191\\\/\"]}]},{\"@type\":\"ImageObject\",\"inLanguage\":\"fr-FR\",\"@id\":\"https:\\\/\\\/www.webdo.tn\\\/fr\\\/actualite\\\/national\\\/affaire-seifeddine-makhlouf-la-cour-d-appel-militaire-rendra-son-verdict-le-13-juin\\\/206191\\\/#primaryimage\",\"url\":\"https:\\\/\\\/www.webdo.tn\\\/fr\\\/wp-content\\\/uploads\\\/2023\\\/05\\\/ccea18682a78af1f41dd3611c34b8f44.jpg\",\"contentUrl\":\"https:\\\/\\\/www.webdo.tn\\\/fr\\\/wp-content\\\/uploads\\\/2023\\\/05\\\/ccea18682a78af1f41dd3611c34b8f44.jpg\",\"width\":750,\"height\":400,\"caption\":\"Affaire Seifeddine Makhlouf : La Cour d'appel militaire rendra son verdict le 13 juin\"},{\"@type\":\"BreadcrumbList\",\"@id\":\"https:\\\/\\\/www.webdo.tn\\\/fr\\\/actualite\\\/national\\\/affaire-seifeddine-makhlouf-la-cour-d-appel-militaire-rendra-son-verdict-le-13-juin\\\/206191\\\/#breadcrumb\",\"itemListElement\":[{\"@type\":\"ListItem\",\"position\":1,\"name\":\"Accueil\",\"item\":\"https:\\\/\\\/www.webdo.tn\\\/fr\\\/\"},{\"@type\":\"ListItem\",\"position\":2,\"name\":\"Affaire Seifeddine Makhlouf : La Cour d&#8217;appel militaire rendra son verdict le 13 juin\"}]},{\"@type\":\"WebSite\",\"@id\":\"https:\\\/\\\/www.webdo.tn\\\/fr\\\/#website\",\"url\":\"https:\\\/\\\/www.webdo.tn\\\/fr\\\/\",\"name\":\"webdo\",\"description\":\"Tunisie - News en Tunisie et \u00e0 l&#039;international sur Webdo.tn\",\"publisher\":{\"@id\":\"https:\\\/\\\/www.webdo.tn\\\/fr\\\/#organization\"},\"potentialAction\":[{\"@type\":\"SearchAction\",\"target\":{\"@type\":\"EntryPoint\",\"urlTemplate\":\"https:\\\/\\\/www.webdo.tn\\\/fr\\\/?s={search_term_string}\"},\"query-input\":{\"@type\":\"PropertyValueSpecification\",\"valueRequired\":true,\"valueName\":\"search_term_string\"}}],\"inLanguage\":\"fr-FR\"},{\"@type\":\"Organization\",\"@id\":\"https:\\\/\\\/www.webdo.tn\\\/fr\\\/#organization\",\"name\":\"Webdo\",\"alternateName\":\"Webdo.tn\",\"url\":\"https:\\\/\\\/www.webdo.tn\\\/fr\\\/\",\"logo\":{\"@type\":\"ImageObject\",\"inLanguage\":\"fr-FR\",\"@id\":\"https:\\\/\\\/www.webdo.tn\\\/fr\\\/#\\\/schema\\\/logo\\\/image\\\/\",\"url\":\"https:\\\/\\\/www.webdo.tn\\\/fr\\\/wp-content\\\/uploads\\\/2025\\\/06\\\/Webdo-Tunisie_168377.jpg\",\"contentUrl\":\"https:\\\/\\\/www.webdo.tn\\\/fr\\\/wp-content\\\/uploads\\\/2025\\\/06\\\/Webdo-Tunisie_168377.jpg\",\"width\":301,\"height\":301,\"caption\":\"Webdo\"},\"image\":{\"@id\":\"https:\\\/\\\/www.webdo.tn\\\/fr\\\/#\\\/schema\\\/logo\\\/image\\\/\"},\"sameAs\":[\"https:\\\/\\\/www.facebook.com\\\/webdotn\",\"https:\\\/\\\/x.com\\\/webdo_tn\"],\"description\":\"Webdo est un m\u00e9dia num\u00e9rique tunisien fond\u00e9 en 2010, sp\u00e9cialis\u00e9 dans l\u2019actualit\u00e9 nationale et internationale, l\u2019\u00e9conomie, la soci\u00e9t\u00e9 et les analyses politiques. Le site s\u2019adresse \u00e0 un large public francophone et couvre l\u2019information tunisienne en temps r\u00e9el.\",\"email\":\"redac@webdo.tn\",\"legalName\":\"YNJ SARL\",\"foundingDate\":\"2010-09-06\",\"numberOfEmployees\":{\"@type\":\"QuantitativeValue\",\"minValue\":\"11\",\"maxValue\":\"50\"}},{\"@type\":\"Person\",\"@id\":\"https:\\\/\\\/www.webdo.tn\\\/fr\\\/#\\\/schema\\\/person\\\/2c4929cbf5a809e3bd38617c6ce150f6\",\"name\":\"MC\",\"image\":{\"@type\":\"ImageObject\",\"inLanguage\":\"fr-FR\",\"@id\":\"https:\\\/\\\/secure.gravatar.com\\\/avatar\\\/a545bbb6f84efdd5553dbbc2895e3ca8f1d12c5215e00a041c9670b54aa9b18a?s=96&d=mm&r=g\",\"url\":\"https:\\\/\\\/secure.gravatar.com\\\/avatar\\\/a545bbb6f84efdd5553dbbc2895e3ca8f1d12c5215e00a041c9670b54aa9b18a?s=96&d=mm&r=g\",\"contentUrl\":\"https:\\\/\\\/secure.gravatar.com\\\/avatar\\\/a545bbb6f84efdd5553dbbc2895e3ca8f1d12c5215e00a041c9670b54aa9b18a?s=96&d=mm&r=g\",\"caption\":\"MC\"},\"url\":\"https:\\\/\\\/www.webdo.tn\\\/fr\\\/actualite\\\/author\\\/mc\\\/\"}]}<\/script>\n<!-- \/ Yoast SEO Premium plugin. -->","yoast_head_json":{"title":"Affaire Seifeddine Makhlouf : La Cour d'appel militaire rendra son verdict le 13 juin","description":"La Cour d'appel militaire de Tunis a d\u00e9cid\u00e9 de se saisir du dossier de l\u2019ancien d\u00e9put\u00e9 et avocat, Seifeddine Makhlouf dans le cadre de l\u2019affaire d'outrage \u00e0 un...","canonical":"https:\/\/www.webdo.tn\/fr\/actualite\/national\/affaire-seifeddine-makhlouf-la-cour-d-appel-militaire-rendra-son-verdict-le-13-juin\/206191\/","og_locale":"fr_FR","og_type":"article","og_title":"Affaire Seifeddine Makhlouf : La Cour d'appel militaire rendra son verdict le 13 juin","og_description":"La Cour d'appel militaire de Tunis a d\u00e9cid\u00e9 de se saisir du dossier de l\u2019ancien d\u00e9put\u00e9 et avocat, Seifeddine Makhlouf dans le cadre de l\u2019affaire d'outrage \u00e0 un...","og_url":"https:\/\/www.webdo.tn\/fr\/actualite\/national\/affaire-seifeddine-makhlouf-la-cour-d-appel-militaire-rendra-son-verdict-le-13-juin\/206191\/","og_site_name":"webdo","article_publisher":"https:\/\/www.facebook.com\/webdotn","article_published_time":"2023-05-30T20:04:00+00:00","article_modified_time":"2025-05-20T21:59:20+00:00","og_image":[{"width":750,"height":400,"url":"https:\/\/www.webdo.tn\/fr\/wp-content\/uploads\/2023\/05\/ccea18682a78af1f41dd3611c34b8f44.jpg","type":"image\/jpeg"}],"author":"MC","twitter_card":"summary_large_image","twitter_creator":"@webdo_tn","twitter_site":"@webdo_tn","twitter_misc":{"\u00c9crit par":"MC","Dur\u00e9e de lecture estim\u00e9e":"1 minute"},"schema":{"@context":"https:\/\/schema.org","@graph":[{"@type":"NewsArticle","@id":"https:\/\/www.webdo.tn\/fr\/actualite\/national\/affaire-seifeddine-makhlouf-la-cour-d-appel-militaire-rendra-son-verdict-le-13-juin\/206191\/#article","isPartOf":{"@id":"https:\/\/www.webdo.tn\/fr\/actualite\/national\/affaire-seifeddine-makhlouf-la-cour-d-appel-militaire-rendra-son-verdict-le-13-juin\/206191\/"},"author":{"name":"MC","@id":"https:\/\/www.webdo.tn\/fr\/#\/schema\/person\/2c4929cbf5a809e3bd38617c6ce150f6"},"headline":"Affaire Seifeddine Makhlouf : La Cour d&rsquo;appel militaire rendra son verdict le 13 juin","datePublished":"2023-05-30T20:04:00+00:00","dateModified":"2025-05-20T21:59:20+00:00","mainEntityOfPage":{"@id":"https:\/\/www.webdo.tn\/fr\/actualite\/national\/affaire-seifeddine-makhlouf-la-cour-d-appel-militaire-rendra-son-verdict-le-13-juin\/206191\/"},"wordCount":247,"commentCount":0,"publisher":{"@id":"https:\/\/www.webdo.tn\/fr\/#organization"},"image":{"@id":"https:\/\/www.webdo.tn\/fr\/actualite\/national\/affaire-seifeddine-makhlouf-la-cour-d-appel-militaire-rendra-son-verdict-le-13-juin\/206191\/#primaryimage"},"thumbnailUrl":"https:\/\/www.webdo.tn\/fr\/wp-content\/uploads\/2023\/05\/ccea18682a78af1f41dd3611c34b8f44.jpg","keywords":["cour d'appel","justice militaire","outrage","Seifeddine Makhlouf"],"articleSection":["National"],"inLanguage":"fr-FR"},{"@type":"WebPage","@id":"https:\/\/www.webdo.tn\/fr\/actualite\/national\/affaire-seifeddine-makhlouf-la-cour-d-appel-militaire-rendra-son-verdict-le-13-juin\/206191\/","url":"https:\/\/www.webdo.tn\/fr\/actualite\/national\/affaire-seifeddine-makhlouf-la-cour-d-appel-militaire-rendra-son-verdict-le-13-juin\/206191\/","name":"Affaire Seifeddine Makhlouf : La Cour d'appel militaire rendra son verdict le 13 juin","isPartOf":{"@id":"https:\/\/www.webdo.tn\/fr\/#website"},"primaryImageOfPage":{"@id":"https:\/\/www.webdo.tn\/fr\/actualite\/national\/affaire-seifeddine-makhlouf-la-cour-d-appel-militaire-rendra-son-verdict-le-13-juin\/206191\/#primaryimage"},"image":{"@id":"https:\/\/www.webdo.tn\/fr\/actualite\/national\/affaire-seifeddine-makhlouf-la-cour-d-appel-militaire-rendra-son-verdict-le-13-juin\/206191\/#primaryimage"},"thumbnailUrl":"https:\/\/www.webdo.tn\/fr\/wp-content\/uploads\/2023\/05\/ccea18682a78af1f41dd3611c34b8f44.jpg","datePublished":"2023-05-30T20:04:00+00:00","dateModified":"2025-05-20T21:59:20+00:00","description":"La Cour d'appel militaire de Tunis a d\u00e9cid\u00e9 de se saisir du dossier de l\u2019ancien d\u00e9put\u00e9 et avocat, Seifeddine Makhlouf dans le cadre de l\u2019affaire d'outrage \u00e0 un...","breadcrumb":{"@id":"https:\/\/www.webdo.tn\/fr\/actualite\/national\/affaire-seifeddine-makhlouf-la-cour-d-appel-militaire-rendra-son-verdict-le-13-juin\/206191\/#breadcrumb"},"inLanguage":"fr-FR","potentialAction":[{"@type":"ReadAction","target":["https:\/\/www.webdo.tn\/fr\/actualite\/national\/affaire-seifeddine-makhlouf-la-cour-d-appel-militaire-rendra-son-verdict-le-13-juin\/206191\/"]}]},{"@type":"ImageObject","inLanguage":"fr-FR","@id":"https:\/\/www.webdo.tn\/fr\/actualite\/national\/affaire-seifeddine-makhlouf-la-cour-d-appel-militaire-rendra-son-verdict-le-13-juin\/206191\/#primaryimage","url":"https:\/\/www.webdo.tn\/fr\/wp-content\/uploads\/2023\/05\/ccea18682a78af1f41dd3611c34b8f44.jpg","contentUrl":"https:\/\/www.webdo.tn\/fr\/wp-content\/uploads\/2023\/05\/ccea18682a78af1f41dd3611c34b8f44.jpg","width":750,"height":400,"caption":"Affaire Seifeddine Makhlouf : La Cour d'appel militaire rendra son verdict le 13 juin"},{"@type":"BreadcrumbList","@id":"https:\/\/www.webdo.tn\/fr\/actualite\/national\/affaire-seifeddine-makhlouf-la-cour-d-appel-militaire-rendra-son-verdict-le-13-juin\/206191\/#breadcrumb","itemListElement":[{"@type":"ListItem","position":1,"name":"Accueil","item":"https:\/\/www.webdo.tn\/fr\/"},{"@type":"ListItem","position":2,"name":"Affaire Seifeddine Makhlouf : La Cour d&#8217;appel militaire rendra son verdict le 13 juin"}]},{"@type":"WebSite","@id":"https:\/\/www.webdo.tn\/fr\/#website","url":"https:\/\/www.webdo.tn\/fr\/","name":"webdo","description":"Tunisie - News en Tunisie et \u00e0 l&#039;international sur Webdo.tn","publisher":{"@id":"https:\/\/www.webdo.tn\/fr\/#organization"},"potentialAction":[{"@type":"SearchAction","target":{"@type":"EntryPoint","urlTemplate":"https:\/\/www.webdo.tn\/fr\/?s={search_term_string}"},"query-input":{"@type":"PropertyValueSpecification","valueRequired":true,"valueName":"search_term_string"}}],"inLanguage":"fr-FR"},{"@type":"Organization","@id":"https:\/\/www.webdo.tn\/fr\/#organization","name":"Webdo","alternateName":"Webdo.tn","url":"https:\/\/www.webdo.tn\/fr\/","logo":{"@type":"ImageObject","inLanguage":"fr-FR","@id":"https:\/\/www.webdo.tn\/fr\/#\/schema\/logo\/image\/","url":"https:\/\/www.webdo.tn\/fr\/wp-content\/uploads\/2025\/06\/Webdo-Tunisie_168377.jpg","contentUrl":"https:\/\/www.webdo.tn\/fr\/wp-content\/uploads\/2025\/06\/Webdo-Tunisie_168377.jpg","width":301,"height":301,"caption":"Webdo"},"image":{"@id":"https:\/\/www.webdo.tn\/fr\/#\/schema\/logo\/image\/"},"sameAs":["https:\/\/www.facebook.com\/webdotn","https:\/\/x.com\/webdo_tn"],"description":"Webdo est un m\u00e9dia num\u00e9rique tunisien fond\u00e9 en 2010, sp\u00e9cialis\u00e9 dans l\u2019actualit\u00e9 nationale et internationale, l\u2019\u00e9conomie, la soci\u00e9t\u00e9 et les analyses politiques. Le site s\u2019adresse \u00e0 un large public francophone et couvre l\u2019information tunisienne en temps r\u00e9el.","email":"redac@webdo.tn","legalName":"YNJ SARL","foundingDate":"2010-09-06","numberOfEmployees":{"@type":"QuantitativeValue","minValue":"11","maxValue":"50"}},{"@type":"Person","@id":"https:\/\/www.webdo.tn\/fr\/#\/schema\/person\/2c4929cbf5a809e3bd38617c6ce150f6","name":"MC","image":{"@type":"ImageObject","inLanguage":"fr-FR","@id":"https:\/\/secure.gravatar.com\/avatar\/a545bbb6f84efdd5553dbbc2895e3ca8f1d12c5215e00a041c9670b54aa9b18a?s=96&d=mm&r=g","url":"https:\/\/secure.gravatar.com\/avatar\/a545bbb6f84efdd5553dbbc2895e3ca8f1d12c5215e00a041c9670b54aa9b18a?s=96&d=mm&r=g","contentUrl":"https:\/\/secure.gravatar.com\/avatar\/a545bbb6f84efdd5553dbbc2895e3ca8f1d12c5215e00a041c9670b54aa9b18a?s=96&d=mm&r=g","caption":"MC"},"url":"https:\/\/www.webdo.tn\/fr\/actualite\/author\/mc\/"}]}},"_links":{"self":[{"href":"https:\/\/www.webdo.tn\/fr\/wp-json\/wp\/v2\/posts\/206191","targetHints":{"allow":["GET"]}}],"collection":[{"href":"https:\/\/www.webdo.tn\/fr\/wp-json\/wp\/v2\/posts"}],"about":[{"href":"https:\/\/www.webdo.tn\/fr\/wp-json\/wp\/v2\/types\/post"}],"author":[{"embeddable":true,"href":"https:\/\/www.webdo.tn\/fr\/wp-json\/wp\/v2\/users\/3162"}],"replies":[{"embeddable":true,"href":"https:\/\/www.webdo.tn\/fr\/wp-json\/wp\/v2\/comments?post=206191"}],"version-history":[{"count":0,"href":"https:\/\/www.webdo.tn\/fr\/wp-json\/wp\/v2\/posts\/206191\/revisions"}],"wp:featuredmedia":[{"embeddable":true,"href":"https:\/\/www.webdo.tn\/fr\/wp-json\/wp\/v2\/media\/251014"}],"wp:attachment":[{"href":"https:\/\/www.webdo.tn\/fr\/wp-json\/wp\/v2\/media?parent=206191"}],"wp:term":[{"taxonomy":"category","embeddable":true,"href":"https:\/\/www.webdo.tn\/fr\/wp-json\/wp\/v2\/categories?post=206191"},{"taxonomy":"post_tag","embeddable":true,"href":"https:\/\/www.webdo.tn\/fr\/wp-json\/wp\/v2\/tags?post=206191"}],"curies":[{"name":"wp","href":"https:\/\/api.w.org\/{rel}","templated":true}]}}