{"id":206187,"date":"2023-05-30T18:44:00","date_gmt":"2023-05-30T18:44:00","guid":{"rendered":"https:\/\/www.webdo.tn\/fr\/blog\/cannes-2023-anatomie-d-une-chute-une-exploration-complexe-des-relations-humaines-sous-le-prisme-judiciaire\/206187\/"},"modified":"2025-05-21T08:56:34","modified_gmt":"2025-05-21T08:56:34","slug":"cannes-2023-anatomie-d-une-chute-une-exploration-complexe-des-relations-humaines-sous-le-prisme-judiciaire","status":"publish","type":"post","link":"https:\/\/www.webdo.tn\/fr\/actualite\/culture\/cannes-2023-anatomie-d-une-chute-une-exploration-complexe-des-relations-humaines-sous-le-prisme-judiciaire\/206187\/","title":{"rendered":"Cannes 2023 \u2013 \u00ab\u00a0Anatomie d&rsquo;une chute\u00a0\u00bb : Une exploration complexe des relations humaines sous le prisme judiciaire"},"content":{"rendered":"<div class=\"single-body entry-content typography-copy\" itemprop=\"articleBody\">\n<p style=\"font-weight: bold; text-align: justify\">\n\t\t\t\t\t\t\t\t\tLe film Anatomie d&rsquo;une chute r\u00e9alis\u00e9 par Justine Triet a suscit\u00e9 un d\u00e9bat anim\u00e9 lorsqu&rsquo;il a remport\u00e9 la Palme d&rsquo;Or lors du Festival de Cannes de cette ann\u00e9e. Ce drame judiciaire explore les intrications complexes des relations humaines et offre une r\u00e9flexion profonde sur des questions telles que la responsabilit\u00e9, la jalousie et la transformation de l&rsquo;amour en trahison.\n\t\t\t\t\t\t\t\t<\/p>\n<div class=\"coprs\" style=\"text-align: center\"><\/div>\n<div class=\"coprs\" style=\"text-align: justify\">\n<p>\u00a0<\/p>\n<p><span><span>L&rsquo;histoire se d\u00e9roule autour du d\u00e9c\u00e8s myst\u00e9rieux du mari de l&rsquo;h\u00e9ro\u00efne, qui est retrouv\u00e9 sans vie en bas de leur balcon. Le spectateur est plong\u00e9 dans un r\u00e9cit o\u00f9 les indices se m\u00ealent aux flashbacks et aux t\u00e9moignages pour cr\u00e9er une toile complexe de v\u00e9rit\u00e9s et de mensonges. Le personnage principal, Sandra Voyter, est accus\u00e9 du meurtre de son mari, mais le film \u00e9vite de se concentrer sur la r\u00e9solution de ce myst\u00e8re en faveur d&rsquo;une exploration plus profonde des personnages et de leurs relations.<\/span><\/span><\/p>\n<p><span><span>Sandra et son mari ont un fils unique qui est malvoyant, et il est le seul t\u00e9moin de la chute tragique de son p\u00e8re. L&rsquo;accident qui a caus\u00e9 la c\u00e9cit\u00e9 de leur fils a cr\u00e9\u00e9 une rupture entre le couple, et Sandra porte le bl\u00e2me sur son mari. De plus, la protagoniste ressent une injustice li\u00e9e \u00e0 son propre succ\u00e8s litt\u00e9raire, tandis que son mari a \u00e9t\u00e9 incapable de terminer son premier livre. Leur vie dans un village fran\u00e7ais, o\u00f9 Sandra est une \u00e9trang\u00e8re d&rsquo;origine allemande, ajoute des complications suppl\u00e9mentaires \u00e0 leur dynamique.<\/span><\/span><\/p>\n<p><span><span>Le film explore \u00e9galement la relation sexuelle de Sandra avec une autre femme, un \u00e9l\u00e9ment qui est utilis\u00e9 par le procureur pour renforcer l&rsquo;accusation contre elle. Tout cela cr\u00e9e une mati\u00e8re riche pour le proc\u00e8s de Sandra, o\u00f9 les avocats plaident et se confrontent avec passion. Les m\u00e9dias et le public s&rsquo;int\u00e9ressent \u00e9galement \u00e0 l&rsquo;affaire, donnant lieu \u00e0 des d\u00e9bats sur la culpabilit\u00e9 et l&rsquo;innocence de Sandra. Le film expose ainsi des questions \u00e9thiques et morales, suscitant des r\u00e9flexions sur les valeurs de la vie et les cons\u00e9quences de nos actions.<\/span><\/span><\/p>\n<p><span><span>La r\u00e9alisatrice, Justine Triet, choisit de pr\u00e9senter Sandra comme une femme s\u00e9rieuse et rationnelle, loin des st\u00e9r\u00e9otypes de sympathie. Malgr\u00e9 les \u00e9preuves qu&rsquo;elle traverse, Sandra tente de garder une certaine distance, ce qui la rend vuln\u00e9rable aux attaques et aux manipulations. Les spectateurs se retrouvent donc dans une position inhabituelle pour un drame judiciaire, o\u00f9 la recherche de la v\u00e9rit\u00e9 et la conviction de l&rsquo;innocence de l&rsquo;h\u00e9ro\u00efne semblent moins importantes que la r\u00e9flexion sur les id\u00e9es qui entourent sa vie et sa famille.<\/span><\/span><\/p>\n<p><img decoding=\"async\" alt=\"\" height=\"707\" src=\"\/assets\/uploads\/images\/\/Neila\/Anatomie%20d'une%20chute.jpg\" width=\"1000\"><\/p>\n<p>\u00a0<\/p>\n<p><span><span>Le film soul\u00e8ve des questions profondes sur notre responsabilit\u00e9 dans les \u00e9v\u00e9nements qui se produisent dans nos vies. Comment faire face \u00e0 un accident qui brise une relation de mani\u00e8re irr\u00e9parable ? Comment la r\u00e9ussite d&rsquo;un partenaire peut-elle se transformer en jalousie destructrice ? Quelle est l&rsquo;\u00e9thique de l&rsquo;utilisation de nos propres exp\u00e9riences dans notre cr\u00e9ation artistique ? Le film aborde ces questions sans donner de r\u00e9ponses d\u00e9finitives, invitant plut\u00f4t les spectateurs \u00e0 r\u00e9fl\u00e9chir et \u00e0 trouver leurs propres r\u00e9ponses.<\/span><\/span><\/p>\n<p><span><span>L&rsquo;aspect visuel du film est \u00e9galement remarquable, avec une utilisation cr\u00e9ative de la cam\u00e9ra pour exprimer les \u00e9motions des personnages. Les plans rapproch\u00e9s captent les regards intenses de Sandra et de ceux qui la jugent, renfor\u00e7ant ainsi la tension dramatique. Les sc\u00e8nes de flashbacks sont habilement int\u00e9gr\u00e9es dans le r\u00e9cit, ajoutant des couches suppl\u00e9mentaires \u00e0 l&rsquo;histoire et offrant des indices subtils sur la v\u00e9rit\u00e9.<\/span><\/span><\/p>\n<p><span><span>La performance de l&rsquo;actrice allemande Sandra H\u00fcller, qui incarne le r\u00f4le principal, est tout simplement captivante. Sa pr\u00e9sence \u00e0 l&rsquo;\u00e9cran est magn\u00e9tique, capturant l&rsquo;attention du spectateur \u00e0 chaque instant. Elle apporte une subtilit\u00e9 et une profondeur \u00e9motionnelle \u00e0 son personnage, transmettant les complexit\u00e9s de ses \u00e9motions avec justesse. La langue n&rsquo;est pas une barri\u00e8re pour elle, jonglant entre le fran\u00e7ais, l&rsquo;anglais et l&rsquo;allemand avec aisance. Sa performance est un tour de force, l&rsquo;un des points forts ind\u00e9niables du film. Elle aurait m\u00e9rit\u00e9 le Prix de meilleure interpr\u00e9tation f\u00e9minine, mais le r\u00e8glement du festival interdit de cumuler d\u2019autres prix avec la Palme d\u2019Or.<\/span><\/span><\/p>\n<p><span><span>Le jeune Milo Machado Graner a aussi \u00e9t\u00e9 excellent dans son r\u00f4le de jeune adolescent malvoyant, d\u00e9chir\u00e9 face \u00e0 cette responsabilit\u00e9 qu\u2019il porte en t\u00e9moignant dans ce proc\u00e8s qui doit d\u00e9terminer si sa maman a tu\u00e9 ou pas son papa et qui se retrouve \u00e0 \u00e9couter toutes leurs histoires familiales et assister \u00e0 la dissection de leur couple.<\/span><\/span><\/p>\n<p><span><span>On peut toutefois noter que le border collie Snoop a remport\u00e9 la Palm Dog 2023 pour sa prestation dans le film. En tant que compagnon du jeune gar\u00e7on malvoyant, il joue un r\u00f4le important et a impressionn\u00e9 le jury de la Palm Dog par sa performance, notamment dans une sc\u00e8ne o\u00f9 il appara\u00eet malade.<\/span><\/span><\/p>\n<p><span><span>Malheureusement, malgr\u00e9 les qualit\u00e9s du film, la r\u00e9alisatrice a provoqu\u00e9 une pol\u00e9mique <a href=\"https:\/\/www.webdo.tn\/fr\/actualite\/culture\/cannes-2023-palmares-palme-d-or-anatomie-d-une-chute\/206119\">lors de la remise de son prix \u00e0 Cannes.<\/a> Son discours politique a \u00e9clips\u00e9 son \u0153uvre, d\u00e9tournant l&rsquo;attention du public et des m\u00e9dias de la question de savoir si le film m\u00e9ritait ou non la Palme d&rsquo;Or. Cette controverse a polaris\u00e9 l&rsquo;opinion publique et a malheureusement occult\u00e9 les qualit\u00e9s intrins\u00e8ques du film.<\/span><\/span><\/p>\n<p><strong><span><span>Ne\u00efla Driss<\/span><\/span><\/strong><\/p>\n<\/p><\/div>\n<div class=\"coprs\" style=\"text-align: center\"><\/div><\/div>\n","protected":false},"excerpt":{"rendered":"<p>Le film Anatomie d&rsquo;une chute r\u00e9alis\u00e9 par Justine Triet a suscit\u00e9 un d\u00e9bat anim\u00e9 lorsqu&rsquo;il a remport\u00e9 la Palme d&rsquo;Or lors du Festival de Cannes de cette ann\u00e9e. Ce&#8230;<\/p>\n","protected":false},"author":3164,"featured_media":251015,"comment_status":"open","ping_status":"closed","sticky":false,"template":"","format":"standard","meta":{"footnotes":""},"categories":[2594],"tags":[8364,7127,2627,3413],"class_list":["post-206187","post","type-post","status-publish","format-standard","has-post-thumbnail","hentry","category-culture","tag-anatomie-dune-chute","tag-cannes-2023","tag-festival-de-cannes","tag-palme-dor"],"yoast_head":"<!-- This site is optimized with the Yoast SEO Premium plugin v27.5 (Yoast SEO v27.5) - https:\/\/yoast.com\/product\/yoast-seo-premium-wordpress\/ -->\n<title>Cannes 2023 \u2013 \u00ab\u00a0Anatomie d&#039;une chute\u00a0\u00bb : Une exploration complexe des relations humaines sous le prisme judiciaire<\/title>\n<meta name=\"description\" content=\"Le film Anatomie d&#039;une chute r\u00e9alis\u00e9 par Justine Triet a suscit\u00e9 un d\u00e9bat anim\u00e9 lorsqu&#039;il a remport\u00e9 la Palme d&#039;Or lors du Festival de Cannes de cette ann\u00e9e. Ce...\" \/>\n<link rel=\"canonical\" href=\"https:\/\/www.webdo.tn\/fr\/actualite\/culture\/cannes-2023-anatomie-d-une-chute-une-exploration-complexe-des-relations-humaines-sous-le-prisme-judiciaire\/206187\/\" \/>\n<meta property=\"og:locale\" content=\"fr_FR\" \/>\n<meta property=\"og:type\" content=\"article\" \/>\n<meta property=\"og:title\" content=\"Cannes 2023 \u2013 \u00ab\u00a0Anatomie d&#039;une chute\u00a0\u00bb : Une exploration complexe des relations humaines sous le prisme judiciaire\" \/>\n<meta property=\"og:description\" content=\"Le film Anatomie d&#039;une chute r\u00e9alis\u00e9 par Justine Triet a suscit\u00e9 un d\u00e9bat anim\u00e9 lorsqu&#039;il a remport\u00e9 la Palme d&#039;Or lors du Festival de Cannes de cette ann\u00e9e. Ce...\" \/>\n<meta property=\"og:url\" content=\"https:\/\/www.webdo.tn\/fr\/actualite\/culture\/cannes-2023-anatomie-d-une-chute-une-exploration-complexe-des-relations-humaines-sous-le-prisme-judiciaire\/206187\/\" \/>\n<meta property=\"og:site_name\" content=\"webdo\" \/>\n<meta property=\"article:publisher\" content=\"https:\/\/www.facebook.com\/webdotn\" \/>\n<meta property=\"article:author\" content=\"https:\/\/www.facebook.com\/massir.destiniii\/\" \/>\n<meta property=\"article:published_time\" content=\"2023-05-30T18:44:00+00:00\" \/>\n<meta property=\"article:modified_time\" content=\"2025-05-21T08:56:34+00:00\" \/>\n<meta property=\"og:image\" content=\"https:\/\/www.webdo.tn\/fr\/wp-content\/uploads\/2023\/05\/48a1e11ea14425ec71e2298ac0f00800.jpeg\" \/>\n\t<meta property=\"og:image:width\" content=\"750\" \/>\n\t<meta property=\"og:image:height\" content=\"400\" \/>\n\t<meta property=\"og:image:type\" content=\"image\/jpeg\" \/>\n<meta name=\"author\" content=\"Ne\u00efla DRISS\" \/>\n<meta name=\"twitter:card\" content=\"summary_large_image\" \/>\n<meta name=\"twitter:creator\" content=\"@https:\/\/x.com\/MassirDestin\" \/>\n<meta name=\"twitter:site\" content=\"@webdo_tn\" \/>\n<meta name=\"twitter:label1\" content=\"\u00c9crit par\" \/>\n\t<meta name=\"twitter:data1\" content=\"Ne\u00efla DRISS\" \/>\n\t<meta name=\"twitter:label2\" content=\"Dur\u00e9e de lecture estim\u00e9e\" \/>\n\t<meta name=\"twitter:data2\" content=\"5 minutes\" \/>\n<script type=\"application\/ld+json\" class=\"yoast-schema-graph\">{\"@context\":\"https:\\\/\\\/schema.org\",\"@graph\":[{\"@type\":\"NewsArticle\",\"@id\":\"https:\\\/\\\/www.webdo.tn\\\/fr\\\/actualite\\\/culture\\\/cannes-2023-anatomie-d-une-chute-une-exploration-complexe-des-relations-humaines-sous-le-prisme-judiciaire\\\/206187\\\/#article\",\"isPartOf\":{\"@id\":\"https:\\\/\\\/www.webdo.tn\\\/fr\\\/actualite\\\/culture\\\/cannes-2023-anatomie-d-une-chute-une-exploration-complexe-des-relations-humaines-sous-le-prisme-judiciaire\\\/206187\\\/\"},\"author\":{\"name\":\"Ne\u00efla DRISS\",\"@id\":\"https:\\\/\\\/www.webdo.tn\\\/fr\\\/#\\\/schema\\\/person\\\/60d5ba619ed3f58783b0dc82b7dada80\"},\"headline\":\"Cannes 2023 \u2013 \u00ab\u00a0Anatomie d&rsquo;une chute\u00a0\u00bb : Une exploration complexe des relations humaines sous le prisme judiciaire\",\"datePublished\":\"2023-05-30T18:44:00+00:00\",\"dateModified\":\"2025-05-21T08:56:34+00:00\",\"mainEntityOfPage\":{\"@id\":\"https:\\\/\\\/www.webdo.tn\\\/fr\\\/actualite\\\/culture\\\/cannes-2023-anatomie-d-une-chute-une-exploration-complexe-des-relations-humaines-sous-le-prisme-judiciaire\\\/206187\\\/\"},\"wordCount\":966,\"commentCount\":0,\"publisher\":{\"@id\":\"https:\\\/\\\/www.webdo.tn\\\/fr\\\/#organization\"},\"image\":{\"@id\":\"https:\\\/\\\/www.webdo.tn\\\/fr\\\/actualite\\\/culture\\\/cannes-2023-anatomie-d-une-chute-une-exploration-complexe-des-relations-humaines-sous-le-prisme-judiciaire\\\/206187\\\/#primaryimage\"},\"thumbnailUrl\":\"https:\\\/\\\/www.webdo.tn\\\/fr\\\/wp-content\\\/uploads\\\/2023\\\/05\\\/48a1e11ea14425ec71e2298ac0f00800.jpeg\",\"keywords\":[\"Anatomie d'une chute\",\"Cannes 2023\",\"Festival de Cannes\",\"Palme d'Or\"],\"articleSection\":[\"Culture\"],\"inLanguage\":\"fr-FR\"},{\"@type\":\"WebPage\",\"@id\":\"https:\\\/\\\/www.webdo.tn\\\/fr\\\/actualite\\\/culture\\\/cannes-2023-anatomie-d-une-chute-une-exploration-complexe-des-relations-humaines-sous-le-prisme-judiciaire\\\/206187\\\/\",\"url\":\"https:\\\/\\\/www.webdo.tn\\\/fr\\\/actualite\\\/culture\\\/cannes-2023-anatomie-d-une-chute-une-exploration-complexe-des-relations-humaines-sous-le-prisme-judiciaire\\\/206187\\\/\",\"name\":\"Cannes 2023 \u2013 \u00ab\u00a0Anatomie d'une chute\u00a0\u00bb : Une exploration complexe des relations humaines sous le prisme judiciaire\",\"isPartOf\":{\"@id\":\"https:\\\/\\\/www.webdo.tn\\\/fr\\\/#website\"},\"primaryImageOfPage\":{\"@id\":\"https:\\\/\\\/www.webdo.tn\\\/fr\\\/actualite\\\/culture\\\/cannes-2023-anatomie-d-une-chute-une-exploration-complexe-des-relations-humaines-sous-le-prisme-judiciaire\\\/206187\\\/#primaryimage\"},\"image\":{\"@id\":\"https:\\\/\\\/www.webdo.tn\\\/fr\\\/actualite\\\/culture\\\/cannes-2023-anatomie-d-une-chute-une-exploration-complexe-des-relations-humaines-sous-le-prisme-judiciaire\\\/206187\\\/#primaryimage\"},\"thumbnailUrl\":\"https:\\\/\\\/www.webdo.tn\\\/fr\\\/wp-content\\\/uploads\\\/2023\\\/05\\\/48a1e11ea14425ec71e2298ac0f00800.jpeg\",\"datePublished\":\"2023-05-30T18:44:00+00:00\",\"dateModified\":\"2025-05-21T08:56:34+00:00\",\"description\":\"Le film Anatomie d'une chute r\u00e9alis\u00e9 par Justine Triet a suscit\u00e9 un d\u00e9bat anim\u00e9 lorsqu'il a remport\u00e9 la Palme d'Or lors du Festival de Cannes de cette ann\u00e9e. Ce...\",\"breadcrumb\":{\"@id\":\"https:\\\/\\\/www.webdo.tn\\\/fr\\\/actualite\\\/culture\\\/cannes-2023-anatomie-d-une-chute-une-exploration-complexe-des-relations-humaines-sous-le-prisme-judiciaire\\\/206187\\\/#breadcrumb\"},\"inLanguage\":\"fr-FR\",\"potentialAction\":[{\"@type\":\"ReadAction\",\"target\":[\"https:\\\/\\\/www.webdo.tn\\\/fr\\\/actualite\\\/culture\\\/cannes-2023-anatomie-d-une-chute-une-exploration-complexe-des-relations-humaines-sous-le-prisme-judiciaire\\\/206187\\\/\"]}]},{\"@type\":\"ImageObject\",\"inLanguage\":\"fr-FR\",\"@id\":\"https:\\\/\\\/www.webdo.tn\\\/fr\\\/actualite\\\/culture\\\/cannes-2023-anatomie-d-une-chute-une-exploration-complexe-des-relations-humaines-sous-le-prisme-judiciaire\\\/206187\\\/#primaryimage\",\"url\":\"https:\\\/\\\/www.webdo.tn\\\/fr\\\/wp-content\\\/uploads\\\/2023\\\/05\\\/48a1e11ea14425ec71e2298ac0f00800.jpeg\",\"contentUrl\":\"https:\\\/\\\/www.webdo.tn\\\/fr\\\/wp-content\\\/uploads\\\/2023\\\/05\\\/48a1e11ea14425ec71e2298ac0f00800.jpeg\",\"width\":750,\"height\":400,\"caption\":\"Cannes 2023 \u2013 \u00ab\u00a0Anatomie d'une chute\u00a0\u00bb : Une exploration complexe des relations humaines sous le prisme judiciaire\"},{\"@type\":\"BreadcrumbList\",\"@id\":\"https:\\\/\\\/www.webdo.tn\\\/fr\\\/actualite\\\/culture\\\/cannes-2023-anatomie-d-une-chute-une-exploration-complexe-des-relations-humaines-sous-le-prisme-judiciaire\\\/206187\\\/#breadcrumb\",\"itemListElement\":[{\"@type\":\"ListItem\",\"position\":1,\"name\":\"Accueil\",\"item\":\"https:\\\/\\\/www.webdo.tn\\\/fr\\\/\"},{\"@type\":\"ListItem\",\"position\":2,\"name\":\"Cannes 2023 \u2013 \u00ab\u00a0Anatomie d&rsquo;une chute\u00a0\u00bb : Une exploration complexe des relations humaines sous le prisme judiciaire\"}]},{\"@type\":\"WebSite\",\"@id\":\"https:\\\/\\\/www.webdo.tn\\\/fr\\\/#website\",\"url\":\"https:\\\/\\\/www.webdo.tn\\\/fr\\\/\",\"name\":\"webdo\",\"description\":\"Tunisie - News en Tunisie et \u00e0 l&#039;international sur Webdo.tn\",\"publisher\":{\"@id\":\"https:\\\/\\\/www.webdo.tn\\\/fr\\\/#organization\"},\"potentialAction\":[{\"@type\":\"SearchAction\",\"target\":{\"@type\":\"EntryPoint\",\"urlTemplate\":\"https:\\\/\\\/www.webdo.tn\\\/fr\\\/?s={search_term_string}\"},\"query-input\":{\"@type\":\"PropertyValueSpecification\",\"valueRequired\":true,\"valueName\":\"search_term_string\"}}],\"inLanguage\":\"fr-FR\"},{\"@type\":\"Organization\",\"@id\":\"https:\\\/\\\/www.webdo.tn\\\/fr\\\/#organization\",\"name\":\"Webdo\",\"alternateName\":\"Webdo.tn\",\"url\":\"https:\\\/\\\/www.webdo.tn\\\/fr\\\/\",\"logo\":{\"@type\":\"ImageObject\",\"inLanguage\":\"fr-FR\",\"@id\":\"https:\\\/\\\/www.webdo.tn\\\/fr\\\/#\\\/schema\\\/logo\\\/image\\\/\",\"url\":\"https:\\\/\\\/www.webdo.tn\\\/fr\\\/wp-content\\\/uploads\\\/2025\\\/06\\\/Webdo-Tunisie_168377.jpg\",\"contentUrl\":\"https:\\\/\\\/www.webdo.tn\\\/fr\\\/wp-content\\\/uploads\\\/2025\\\/06\\\/Webdo-Tunisie_168377.jpg\",\"width\":301,\"height\":301,\"caption\":\"Webdo\"},\"image\":{\"@id\":\"https:\\\/\\\/www.webdo.tn\\\/fr\\\/#\\\/schema\\\/logo\\\/image\\\/\"},\"sameAs\":[\"https:\\\/\\\/www.facebook.com\\\/webdotn\",\"https:\\\/\\\/x.com\\\/webdo_tn\"],\"description\":\"Webdo est un m\u00e9dia num\u00e9rique tunisien fond\u00e9 en 2010, sp\u00e9cialis\u00e9 dans l\u2019actualit\u00e9 nationale et internationale, l\u2019\u00e9conomie, la soci\u00e9t\u00e9 et les analyses politiques. Le site s\u2019adresse \u00e0 un large public francophone et couvre l\u2019information tunisienne en temps r\u00e9el.\",\"email\":\"redac@webdo.tn\",\"legalName\":\"YNJ SARL\",\"foundingDate\":\"2010-09-06\",\"numberOfEmployees\":{\"@type\":\"QuantitativeValue\",\"minValue\":\"11\",\"maxValue\":\"50\"}},{\"@type\":\"Person\",\"@id\":\"https:\\\/\\\/www.webdo.tn\\\/fr\\\/#\\\/schema\\\/person\\\/60d5ba619ed3f58783b0dc82b7dada80\",\"name\":\"Ne\u00efla DRISS\",\"image\":{\"@type\":\"ImageObject\",\"inLanguage\":\"fr-FR\",\"@id\":\"https:\\\/\\\/www.webdo.tn\\\/fr\\\/wp-content\\\/uploads\\\/2026\\\/04\\\/neila-driss_avatar-96x96.jpg\",\"url\":\"https:\\\/\\\/www.webdo.tn\\\/fr\\\/wp-content\\\/uploads\\\/2026\\\/04\\\/neila-driss_avatar-96x96.jpg\",\"contentUrl\":\"https:\\\/\\\/www.webdo.tn\\\/fr\\\/wp-content\\\/uploads\\\/2026\\\/04\\\/neila-driss_avatar-96x96.jpg\",\"caption\":\"Ne\u00efla DRISS\"},\"description\":\"Ne\u00efla Driss est juriste, journaliste culturelle et critique de cin\u00e9ma tunisienne. Titulaire d\u2019un DEA en droit priv\u00e9 de l\u2019Universit\u00e9 Paris II et d\u2019un DESS de l\u2019IHEC Carthage, elle d\u00e9bute sa carri\u00e8re comme juriste sp\u00e9cialis\u00e9e en gestion de patrimoine immobilier. Elle s\u2019oriente ensuite vers l\u2019\u00e9criture en ligne, o\u00f9 elle se distingue d\u00e8s 2006 aux Tunisia Blog Awards, avant de se consacrer au journalisme culturel, avec une sp\u00e9cialisation dans la critique cin\u00e9matographique. Elle couvre r\u00e9guli\u00e8rement les grands festivals internationaux, notamment le Festival de Cannes, les Journ\u00e9es Cin\u00e9matographiques de Carthage et le Festival du film du Caire. Membre de l\u2019ATPCC et de la FIPRESCI, elle participe \u00e0 des jurys et initiatives internationales de critique. Depuis 2024, elle est \u00e9lectrice internationale aux Golden Globes. Facebook : https:\\\/\\\/www.facebook.com\\\/massir.destiniii\\\/ X : https:\\\/\\\/x.com\\\/MassirDestin\",\"sameAs\":[\"https:\\\/\\\/www.facebook.com\\\/massir.destiniii\\\/\",\"https:\\\/\\\/www.instagram.com\\\/neila.driss\\\/?hl=fr\",\"https:\\\/\\\/www.linkedin.com\\\/in\\\/neila-driss-22606a80\\\/\",\"https:\\\/\\\/x.com\\\/https:\\\/\\\/x.com\\\/MassirDestin\"],\"knowsAbout\":[\"Cin\u00e9ma international\",\"critique cin\u00e9matographique\",\"festivals de cin\u00e9ma\",\"journalisme culturel\"],\"knowsLanguage\":[\"Fran\u00e7ais\",\"Arabe\",\"Anglais\"],\"jobTitle\":\"Journaliste culturelle et critique de cin\u00e9ma\",\"worksFor\":\"Webdo\",\"url\":\"https:\\\/\\\/www.webdo.tn\\\/fr\\\/actualite\\\/author\\\/neila-driss\\\/\"}]}<\/script>\n<!-- \/ Yoast SEO Premium plugin. -->","yoast_head_json":{"title":"Cannes 2023 \u2013 \u00ab\u00a0Anatomie d'une chute\u00a0\u00bb : Une exploration complexe des relations humaines sous le prisme judiciaire","description":"Le film Anatomie d'une chute r\u00e9alis\u00e9 par Justine Triet a suscit\u00e9 un d\u00e9bat anim\u00e9 lorsqu'il a remport\u00e9 la Palme d'Or lors du Festival de Cannes de cette ann\u00e9e. Ce...","canonical":"https:\/\/www.webdo.tn\/fr\/actualite\/culture\/cannes-2023-anatomie-d-une-chute-une-exploration-complexe-des-relations-humaines-sous-le-prisme-judiciaire\/206187\/","og_locale":"fr_FR","og_type":"article","og_title":"Cannes 2023 \u2013 \u00ab\u00a0Anatomie d'une chute\u00a0\u00bb : Une exploration complexe des relations humaines sous le prisme judiciaire","og_description":"Le film Anatomie d'une chute r\u00e9alis\u00e9 par Justine Triet a suscit\u00e9 un d\u00e9bat anim\u00e9 lorsqu'il a remport\u00e9 la Palme d'Or lors du Festival de Cannes de cette ann\u00e9e. Ce...","og_url":"https:\/\/www.webdo.tn\/fr\/actualite\/culture\/cannes-2023-anatomie-d-une-chute-une-exploration-complexe-des-relations-humaines-sous-le-prisme-judiciaire\/206187\/","og_site_name":"webdo","article_publisher":"https:\/\/www.facebook.com\/webdotn","article_author":"https:\/\/www.facebook.com\/massir.destiniii\/","article_published_time":"2023-05-30T18:44:00+00:00","article_modified_time":"2025-05-21T08:56:34+00:00","og_image":[{"width":750,"height":400,"url":"https:\/\/www.webdo.tn\/fr\/wp-content\/uploads\/2023\/05\/48a1e11ea14425ec71e2298ac0f00800.jpeg","type":"image\/jpeg"}],"author":"Ne\u00efla DRISS","twitter_card":"summary_large_image","twitter_creator":"@https:\/\/x.com\/MassirDestin","twitter_site":"@webdo_tn","twitter_misc":{"\u00c9crit par":"Ne\u00efla DRISS","Dur\u00e9e de lecture estim\u00e9e":"5 minutes"},"schema":{"@context":"https:\/\/schema.org","@graph":[{"@type":"NewsArticle","@id":"https:\/\/www.webdo.tn\/fr\/actualite\/culture\/cannes-2023-anatomie-d-une-chute-une-exploration-complexe-des-relations-humaines-sous-le-prisme-judiciaire\/206187\/#article","isPartOf":{"@id":"https:\/\/www.webdo.tn\/fr\/actualite\/culture\/cannes-2023-anatomie-d-une-chute-une-exploration-complexe-des-relations-humaines-sous-le-prisme-judiciaire\/206187\/"},"author":{"name":"Ne\u00efla DRISS","@id":"https:\/\/www.webdo.tn\/fr\/#\/schema\/person\/60d5ba619ed3f58783b0dc82b7dada80"},"headline":"Cannes 2023 \u2013 \u00ab\u00a0Anatomie d&rsquo;une chute\u00a0\u00bb : Une exploration complexe des relations humaines sous le prisme judiciaire","datePublished":"2023-05-30T18:44:00+00:00","dateModified":"2025-05-21T08:56:34+00:00","mainEntityOfPage":{"@id":"https:\/\/www.webdo.tn\/fr\/actualite\/culture\/cannes-2023-anatomie-d-une-chute-une-exploration-complexe-des-relations-humaines-sous-le-prisme-judiciaire\/206187\/"},"wordCount":966,"commentCount":0,"publisher":{"@id":"https:\/\/www.webdo.tn\/fr\/#organization"},"image":{"@id":"https:\/\/www.webdo.tn\/fr\/actualite\/culture\/cannes-2023-anatomie-d-une-chute-une-exploration-complexe-des-relations-humaines-sous-le-prisme-judiciaire\/206187\/#primaryimage"},"thumbnailUrl":"https:\/\/www.webdo.tn\/fr\/wp-content\/uploads\/2023\/05\/48a1e11ea14425ec71e2298ac0f00800.jpeg","keywords":["Anatomie d'une chute","Cannes 2023","Festival de Cannes","Palme d'Or"],"articleSection":["Culture"],"inLanguage":"fr-FR"},{"@type":"WebPage","@id":"https:\/\/www.webdo.tn\/fr\/actualite\/culture\/cannes-2023-anatomie-d-une-chute-une-exploration-complexe-des-relations-humaines-sous-le-prisme-judiciaire\/206187\/","url":"https:\/\/www.webdo.tn\/fr\/actualite\/culture\/cannes-2023-anatomie-d-une-chute-une-exploration-complexe-des-relations-humaines-sous-le-prisme-judiciaire\/206187\/","name":"Cannes 2023 \u2013 \u00ab\u00a0Anatomie d'une chute\u00a0\u00bb : Une exploration complexe des relations humaines sous le prisme judiciaire","isPartOf":{"@id":"https:\/\/www.webdo.tn\/fr\/#website"},"primaryImageOfPage":{"@id":"https:\/\/www.webdo.tn\/fr\/actualite\/culture\/cannes-2023-anatomie-d-une-chute-une-exploration-complexe-des-relations-humaines-sous-le-prisme-judiciaire\/206187\/#primaryimage"},"image":{"@id":"https:\/\/www.webdo.tn\/fr\/actualite\/culture\/cannes-2023-anatomie-d-une-chute-une-exploration-complexe-des-relations-humaines-sous-le-prisme-judiciaire\/206187\/#primaryimage"},"thumbnailUrl":"https:\/\/www.webdo.tn\/fr\/wp-content\/uploads\/2023\/05\/48a1e11ea14425ec71e2298ac0f00800.jpeg","datePublished":"2023-05-30T18:44:00+00:00","dateModified":"2025-05-21T08:56:34+00:00","description":"Le film Anatomie d'une chute r\u00e9alis\u00e9 par Justine Triet a suscit\u00e9 un d\u00e9bat anim\u00e9 lorsqu'il a remport\u00e9 la Palme d'Or lors du Festival de Cannes de cette ann\u00e9e. Ce...","breadcrumb":{"@id":"https:\/\/www.webdo.tn\/fr\/actualite\/culture\/cannes-2023-anatomie-d-une-chute-une-exploration-complexe-des-relations-humaines-sous-le-prisme-judiciaire\/206187\/#breadcrumb"},"inLanguage":"fr-FR","potentialAction":[{"@type":"ReadAction","target":["https:\/\/www.webdo.tn\/fr\/actualite\/culture\/cannes-2023-anatomie-d-une-chute-une-exploration-complexe-des-relations-humaines-sous-le-prisme-judiciaire\/206187\/"]}]},{"@type":"ImageObject","inLanguage":"fr-FR","@id":"https:\/\/www.webdo.tn\/fr\/actualite\/culture\/cannes-2023-anatomie-d-une-chute-une-exploration-complexe-des-relations-humaines-sous-le-prisme-judiciaire\/206187\/#primaryimage","url":"https:\/\/www.webdo.tn\/fr\/wp-content\/uploads\/2023\/05\/48a1e11ea14425ec71e2298ac0f00800.jpeg","contentUrl":"https:\/\/www.webdo.tn\/fr\/wp-content\/uploads\/2023\/05\/48a1e11ea14425ec71e2298ac0f00800.jpeg","width":750,"height":400,"caption":"Cannes 2023 \u2013 \u00ab\u00a0Anatomie d'une chute\u00a0\u00bb : Une exploration complexe des relations humaines sous le prisme judiciaire"},{"@type":"BreadcrumbList","@id":"https:\/\/www.webdo.tn\/fr\/actualite\/culture\/cannes-2023-anatomie-d-une-chute-une-exploration-complexe-des-relations-humaines-sous-le-prisme-judiciaire\/206187\/#breadcrumb","itemListElement":[{"@type":"ListItem","position":1,"name":"Accueil","item":"https:\/\/www.webdo.tn\/fr\/"},{"@type":"ListItem","position":2,"name":"Cannes 2023 \u2013 \u00ab\u00a0Anatomie d&rsquo;une chute\u00a0\u00bb : Une exploration complexe des relations humaines sous le prisme judiciaire"}]},{"@type":"WebSite","@id":"https:\/\/www.webdo.tn\/fr\/#website","url":"https:\/\/www.webdo.tn\/fr\/","name":"webdo","description":"Tunisie - News en Tunisie et \u00e0 l&#039;international sur Webdo.tn","publisher":{"@id":"https:\/\/www.webdo.tn\/fr\/#organization"},"potentialAction":[{"@type":"SearchAction","target":{"@type":"EntryPoint","urlTemplate":"https:\/\/www.webdo.tn\/fr\/?s={search_term_string}"},"query-input":{"@type":"PropertyValueSpecification","valueRequired":true,"valueName":"search_term_string"}}],"inLanguage":"fr-FR"},{"@type":"Organization","@id":"https:\/\/www.webdo.tn\/fr\/#organization","name":"Webdo","alternateName":"Webdo.tn","url":"https:\/\/www.webdo.tn\/fr\/","logo":{"@type":"ImageObject","inLanguage":"fr-FR","@id":"https:\/\/www.webdo.tn\/fr\/#\/schema\/logo\/image\/","url":"https:\/\/www.webdo.tn\/fr\/wp-content\/uploads\/2025\/06\/Webdo-Tunisie_168377.jpg","contentUrl":"https:\/\/www.webdo.tn\/fr\/wp-content\/uploads\/2025\/06\/Webdo-Tunisie_168377.jpg","width":301,"height":301,"caption":"Webdo"},"image":{"@id":"https:\/\/www.webdo.tn\/fr\/#\/schema\/logo\/image\/"},"sameAs":["https:\/\/www.facebook.com\/webdotn","https:\/\/x.com\/webdo_tn"],"description":"Webdo est un m\u00e9dia num\u00e9rique tunisien fond\u00e9 en 2010, sp\u00e9cialis\u00e9 dans l\u2019actualit\u00e9 nationale et internationale, l\u2019\u00e9conomie, la soci\u00e9t\u00e9 et les analyses politiques. Le site s\u2019adresse \u00e0 un large public francophone et couvre l\u2019information tunisienne en temps r\u00e9el.","email":"redac@webdo.tn","legalName":"YNJ SARL","foundingDate":"2010-09-06","numberOfEmployees":{"@type":"QuantitativeValue","minValue":"11","maxValue":"50"}},{"@type":"Person","@id":"https:\/\/www.webdo.tn\/fr\/#\/schema\/person\/60d5ba619ed3f58783b0dc82b7dada80","name":"Ne\u00efla DRISS","image":{"@type":"ImageObject","inLanguage":"fr-FR","@id":"https:\/\/www.webdo.tn\/fr\/wp-content\/uploads\/2026\/04\/neila-driss_avatar-96x96.jpg","url":"https:\/\/www.webdo.tn\/fr\/wp-content\/uploads\/2026\/04\/neila-driss_avatar-96x96.jpg","contentUrl":"https:\/\/www.webdo.tn\/fr\/wp-content\/uploads\/2026\/04\/neila-driss_avatar-96x96.jpg","caption":"Ne\u00efla DRISS"},"description":"Ne\u00efla Driss est juriste, journaliste culturelle et critique de cin\u00e9ma tunisienne. Titulaire d\u2019un DEA en droit priv\u00e9 de l\u2019Universit\u00e9 Paris II et d\u2019un DESS de l\u2019IHEC Carthage, elle d\u00e9bute sa carri\u00e8re comme juriste sp\u00e9cialis\u00e9e en gestion de patrimoine immobilier. Elle s\u2019oriente ensuite vers l\u2019\u00e9criture en ligne, o\u00f9 elle se distingue d\u00e8s 2006 aux Tunisia Blog Awards, avant de se consacrer au journalisme culturel, avec une sp\u00e9cialisation dans la critique cin\u00e9matographique. Elle couvre r\u00e9guli\u00e8rement les grands festivals internationaux, notamment le Festival de Cannes, les Journ\u00e9es Cin\u00e9matographiques de Carthage et le Festival du film du Caire. Membre de l\u2019ATPCC et de la FIPRESCI, elle participe \u00e0 des jurys et initiatives internationales de critique. Depuis 2024, elle est \u00e9lectrice internationale aux Golden Globes. Facebook : https:\/\/www.facebook.com\/massir.destiniii\/ X : https:\/\/x.com\/MassirDestin","sameAs":["https:\/\/www.facebook.com\/massir.destiniii\/","https:\/\/www.instagram.com\/neila.driss\/?hl=fr","https:\/\/www.linkedin.com\/in\/neila-driss-22606a80\/","https:\/\/x.com\/https:\/\/x.com\/MassirDestin"],"knowsAbout":["Cin\u00e9ma international","critique cin\u00e9matographique","festivals de cin\u00e9ma","journalisme culturel"],"knowsLanguage":["Fran\u00e7ais","Arabe","Anglais"],"jobTitle":"Journaliste culturelle et critique de cin\u00e9ma","worksFor":"Webdo","url":"https:\/\/www.webdo.tn\/fr\/actualite\/author\/neila-driss\/"}]}},"_links":{"self":[{"href":"https:\/\/www.webdo.tn\/fr\/wp-json\/wp\/v2\/posts\/206187","targetHints":{"allow":["GET"]}}],"collection":[{"href":"https:\/\/www.webdo.tn\/fr\/wp-json\/wp\/v2\/posts"}],"about":[{"href":"https:\/\/www.webdo.tn\/fr\/wp-json\/wp\/v2\/types\/post"}],"author":[{"embeddable":true,"href":"https:\/\/www.webdo.tn\/fr\/wp-json\/wp\/v2\/users\/3164"}],"replies":[{"embeddable":true,"href":"https:\/\/www.webdo.tn\/fr\/wp-json\/wp\/v2\/comments?post=206187"}],"version-history":[{"count":0,"href":"https:\/\/www.webdo.tn\/fr\/wp-json\/wp\/v2\/posts\/206187\/revisions"}],"wp:featuredmedia":[{"embeddable":true,"href":"https:\/\/www.webdo.tn\/fr\/wp-json\/wp\/v2\/media\/251015"}],"wp:attachment":[{"href":"https:\/\/www.webdo.tn\/fr\/wp-json\/wp\/v2\/media?parent=206187"}],"wp:term":[{"taxonomy":"category","embeddable":true,"href":"https:\/\/www.webdo.tn\/fr\/wp-json\/wp\/v2\/categories?post=206187"},{"taxonomy":"post_tag","embeddable":true,"href":"https:\/\/www.webdo.tn\/fr\/wp-json\/wp\/v2\/tags?post=206187"}],"curies":[{"name":"wp","href":"https:\/\/api.w.org\/{rel}","templated":true}]}}