{"id":206169,"date":"2023-05-30T10:26:00","date_gmt":"2023-05-30T10:26:00","guid":{"rendered":"https:\/\/www.webdo.tn\/fr\/blog\/kais-saied-s-est-il-abstenu-de-feliciter-erdogan\/206169\/"},"modified":"2025-05-20T22:43:03","modified_gmt":"2025-05-20T22:43:03","slug":"kais-saied-s-est-il-abstenu-de-feliciter-erdogan","status":"publish","type":"post","link":"https:\/\/www.webdo.tn\/fr\/actualite\/national\/kais-saied-s-est-il-abstenu-de-feliciter-erdogan\/206169\/","title":{"rendered":"Kais Saied s\u2019est-il abstenu de f\u00e9liciter Erdogan ?"},"content":{"rendered":"<p>Il est connu que les relations entre le pr\u00e9sident de la R\u00e9publique et les Turcs ne sont pas au beau fixe. Cela est principalement du aux r\u00e9centes positions du pr\u00e9sident turc concernant les derniers rebondissements sur la sc\u00e8ne politique impliquant notamment le parti Ennahdha.<\/p>\n<p>\t\t\t\t\t\t\t\t\tAlors que le pr\u00e9sident turc Recep Tayyip Erdo\u011fan a \u00e9t\u00e9 r\u00e9\u00e9lu dimanche pour les cinq ans \u00e0 venir, les f\u00e9licitations sont tomb\u00e9es de toutes parts, sauf du Palais de Carthage. En effet, trois jours apr\u00e8s, la Pr\u00e9sidence de la R\u00e9publique n\u2019a toujours pas publi\u00e9 de communiqu\u00e9 pour f\u00e9liciter le pr\u00e9sident turc.\u00a0<\/p>\n<p>Pourtant, du c\u00f4t\u00e9 de Montplaisir, Ennahdha a rapidement pris l\u2019initiative de transmettre ses f\u00e9licitations \u00e0 la pr\u00e9sidence turc.\u00a0<\/p>\n<p>La page officielle de Rached Ghannouchi a publi\u00e9, dimanche 28 mai 2023, un message de f\u00e9licitations au pr\u00e9sident turc Recep Tayyip Erdo\u011fan, pour sa victoire \u00e0 l\u2019\u00e9lection pr\u00e9sidentielle.<\/p>\n<p>\u00ab F\u00e9licitations pour mon fr\u00e8re, Recep Tayyip Erdo\u011fan, pour avoir remport\u00e9 un nouveau mandat \u00e0 la pr\u00e9sidentielle.<\/p>\n<p>F\u00e9licitations pour la Turquie pour cette c\u00e9l\u00e9bration de la d\u00e9mocratie et f\u00e9licitations pour le peuple turc pour le taux de participation record. Nous souhaitons la libert\u00e9, la prosp\u00e9rit\u00e9 et la s\u00e9curit\u00e9 \u00e0 nos pays et nos peuples \u00bb, lit-on dans le statut.<\/p>\n<p>Il faut rappeler que le pr\u00e9sident turc, Recep Tayyip Erdogan, avait f\u00e9licit\u00e9, en octobre 2019, Ka\u00efs Sa\u00efed pour sa victoire \u00e0 l&rsquo;\u00e9lection pr\u00e9sidentielle tunisienne. C&rsquo;est ce qui ressortait d&rsquo;un entretien t\u00e9l\u00e9phonique entre les deux hommes.\u00a0<\/p>\n<p>Encore faut-il rappeler, que les relations entre les deux pr\u00e9sidents sont tendues depuis la visite d\u2019Erdogan en Tunisie, en 2020. L\u2019arrestation du pr\u00e9sident d\u2019Ennahdha Rached Ghannouchi a \u00e9galement creus\u00e9 le foss\u00e9 entre les deux hommes.\u00a0<\/p>\n<p>Lors d\u2019une interview accord\u00e9e \u00e0 la cha\u00eene TRT, le pr\u00e9sident turc Recep Tayyip Erdogan, avait exprim\u00e9 ses inqui\u00e9tudes \u00a0suite \u00e0 l\u2019arrestation de Ghannouchi.\u00a0\u00bb<\/p>\n<p>L\u2019administration actuelle a arr\u00eat\u00e9 mon fr\u00e8re Rached Ghannouchi (\u2026) Nous n\u2019avons pas r\u00e9ussi \u00e0 contacter les autorit\u00e9s tunisiennes pour discuter avec eux, mais nous allons continuer les tentatives pour les rejoindre (\u2026) L\u2019arrestation de Ghannouchi est d\u00e9sormais inappropri\u00e9e\u201d, avait affirm\u00e9 Erdogan.<\/p>\n","protected":false},"excerpt":{"rendered":"<p>Il est connu que les relations entre le pr\u00e9sident de la R\u00e9publique et les Turcs ne sont pas au beau fixe.<\/p>\n","protected":false},"author":3175,"featured_media":251007,"comment_status":"open","ping_status":"closed","sticky":false,"template":"","format":"standard","meta":{"footnotes":""},"categories":[44],"tags":[8361,2608],"class_list":["post-206169","post","type-post","status-publish","format-standard","has-post-thumbnail","hentry","category-national","tag-erdogan","tag-tunisie"],"yoast_head":"<!-- This site is optimized with the Yoast SEO Premium plugin v27.4 (Yoast SEO v27.5) - https:\/\/yoast.com\/product\/yoast-seo-premium-wordpress\/ -->\n<title>Kais Saied s\u2019est-il abstenu de f\u00e9liciter Erdogan ?<\/title>\n<meta name=\"description\" content=\"Il est connu que les relations entre le pr\u00e9sident de la R\u00e9publique et les Turcs ne sont pas au beau fixe.\" \/>\n<link rel=\"canonical\" href=\"https:\/\/www.webdo.tn\/fr\/actualite\/national\/kais-saied-s-est-il-abstenu-de-feliciter-erdogan\/206169\/\" \/>\n<meta property=\"og:locale\" content=\"fr_FR\" \/>\n<meta property=\"og:type\" content=\"article\" \/>\n<meta property=\"og:title\" content=\"Kais Saied s\u2019est-il abstenu de f\u00e9liciter Erdogan ?\" \/>\n<meta property=\"og:description\" content=\"Il est connu que les relations entre le pr\u00e9sident de la R\u00e9publique et les Turcs ne sont pas au beau fixe.\" \/>\n<meta property=\"og:url\" content=\"https:\/\/www.webdo.tn\/fr\/actualite\/national\/kais-saied-s-est-il-abstenu-de-feliciter-erdogan\/206169\/\" \/>\n<meta property=\"og:site_name\" content=\"webdo\" \/>\n<meta property=\"article:publisher\" content=\"https:\/\/www.facebook.com\/webdotn\" \/>\n<meta property=\"article:published_time\" content=\"2023-05-30T10:26:00+00:00\" \/>\n<meta property=\"article:modified_time\" content=\"2025-05-20T22:43:03+00:00\" \/>\n<meta property=\"og:image\" content=\"https:\/\/www.webdo.tn\/fr\/wp-content\/uploads\/2023\/05\/91b97050c51bf99c7b95d39ab650f193.jpg\" \/>\n\t<meta property=\"og:image:width\" content=\"750\" \/>\n\t<meta property=\"og:image:height\" content=\"400\" \/>\n\t<meta property=\"og:image:type\" content=\"image\/jpeg\" \/>\n<meta name=\"author\" content=\"CL\" \/>\n<meta name=\"twitter:card\" content=\"summary_large_image\" \/>\n<meta name=\"twitter:creator\" content=\"@webdo_tn\" \/>\n<meta name=\"twitter:site\" content=\"@webdo_tn\" \/>\n<meta name=\"twitter:label1\" content=\"\u00c9crit par\" \/>\n\t<meta name=\"twitter:data1\" content=\"CL\" \/>\n\t<meta name=\"twitter:label2\" content=\"Dur\u00e9e de lecture estim\u00e9e\" \/>\n\t<meta name=\"twitter:data2\" content=\"2 minutes\" \/>\n<script type=\"application\/ld+json\" class=\"yoast-schema-graph\">{\"@context\":\"https:\\\/\\\/schema.org\",\"@graph\":[{\"@type\":\"NewsArticle\",\"@id\":\"https:\\\/\\\/www.webdo.tn\\\/fr\\\/actualite\\\/national\\\/kais-saied-s-est-il-abstenu-de-feliciter-erdogan\\\/206169\\\/#article\",\"isPartOf\":{\"@id\":\"https:\\\/\\\/www.webdo.tn\\\/fr\\\/actualite\\\/national\\\/kais-saied-s-est-il-abstenu-de-feliciter-erdogan\\\/206169\\\/\"},\"author\":{\"name\":\"CL\",\"@id\":\"https:\\\/\\\/www.webdo.tn\\\/fr\\\/#\\\/schema\\\/person\\\/f35b42a42c5e2511bbd282959d6385cc\"},\"headline\":\"Kais Saied s\u2019est-il abstenu de f\u00e9liciter Erdogan ?\",\"datePublished\":\"2023-05-30T10:26:00+00:00\",\"dateModified\":\"2025-05-20T22:43:03+00:00\",\"mainEntityOfPage\":{\"@id\":\"https:\\\/\\\/www.webdo.tn\\\/fr\\\/actualite\\\/national\\\/kais-saied-s-est-il-abstenu-de-feliciter-erdogan\\\/206169\\\/\"},\"wordCount\":392,\"commentCount\":0,\"publisher\":{\"@id\":\"https:\\\/\\\/www.webdo.tn\\\/fr\\\/#organization\"},\"image\":{\"@id\":\"https:\\\/\\\/www.webdo.tn\\\/fr\\\/actualite\\\/national\\\/kais-saied-s-est-il-abstenu-de-feliciter-erdogan\\\/206169\\\/#primaryimage\"},\"thumbnailUrl\":\"https:\\\/\\\/www.webdo.tn\\\/fr\\\/wp-content\\\/uploads\\\/2023\\\/05\\\/91b97050c51bf99c7b95d39ab650f193.jpg\",\"keywords\":[\"erdogan\",\"Tunisie\"],\"articleSection\":[\"National\"],\"inLanguage\":\"fr-FR\"},{\"@type\":\"WebPage\",\"@id\":\"https:\\\/\\\/www.webdo.tn\\\/fr\\\/actualite\\\/national\\\/kais-saied-s-est-il-abstenu-de-feliciter-erdogan\\\/206169\\\/\",\"url\":\"https:\\\/\\\/www.webdo.tn\\\/fr\\\/actualite\\\/national\\\/kais-saied-s-est-il-abstenu-de-feliciter-erdogan\\\/206169\\\/\",\"name\":\"Kais Saied s\u2019est-il abstenu de f\u00e9liciter Erdogan ?\",\"isPartOf\":{\"@id\":\"https:\\\/\\\/www.webdo.tn\\\/fr\\\/#website\"},\"primaryImageOfPage\":{\"@id\":\"https:\\\/\\\/www.webdo.tn\\\/fr\\\/actualite\\\/national\\\/kais-saied-s-est-il-abstenu-de-feliciter-erdogan\\\/206169\\\/#primaryimage\"},\"image\":{\"@id\":\"https:\\\/\\\/www.webdo.tn\\\/fr\\\/actualite\\\/national\\\/kais-saied-s-est-il-abstenu-de-feliciter-erdogan\\\/206169\\\/#primaryimage\"},\"thumbnailUrl\":\"https:\\\/\\\/www.webdo.tn\\\/fr\\\/wp-content\\\/uploads\\\/2023\\\/05\\\/91b97050c51bf99c7b95d39ab650f193.jpg\",\"datePublished\":\"2023-05-30T10:26:00+00:00\",\"dateModified\":\"2025-05-20T22:43:03+00:00\",\"description\":\"Il est connu que les relations entre le pr\u00e9sident de la R\u00e9publique et les Turcs ne sont pas au beau fixe.\",\"breadcrumb\":{\"@id\":\"https:\\\/\\\/www.webdo.tn\\\/fr\\\/actualite\\\/national\\\/kais-saied-s-est-il-abstenu-de-feliciter-erdogan\\\/206169\\\/#breadcrumb\"},\"inLanguage\":\"fr-FR\",\"potentialAction\":[{\"@type\":\"ReadAction\",\"target\":[\"https:\\\/\\\/www.webdo.tn\\\/fr\\\/actualite\\\/national\\\/kais-saied-s-est-il-abstenu-de-feliciter-erdogan\\\/206169\\\/\"]}]},{\"@type\":\"ImageObject\",\"inLanguage\":\"fr-FR\",\"@id\":\"https:\\\/\\\/www.webdo.tn\\\/fr\\\/actualite\\\/national\\\/kais-saied-s-est-il-abstenu-de-feliciter-erdogan\\\/206169\\\/#primaryimage\",\"url\":\"https:\\\/\\\/www.webdo.tn\\\/fr\\\/wp-content\\\/uploads\\\/2023\\\/05\\\/91b97050c51bf99c7b95d39ab650f193.jpg\",\"contentUrl\":\"https:\\\/\\\/www.webdo.tn\\\/fr\\\/wp-content\\\/uploads\\\/2023\\\/05\\\/91b97050c51bf99c7b95d39ab650f193.jpg\",\"width\":750,\"height\":400,\"caption\":\"Kais Saied s\u2019est-il abstenu de f\u00e9liciter Erdogan ?\"},{\"@type\":\"BreadcrumbList\",\"@id\":\"https:\\\/\\\/www.webdo.tn\\\/fr\\\/actualite\\\/national\\\/kais-saied-s-est-il-abstenu-de-feliciter-erdogan\\\/206169\\\/#breadcrumb\",\"itemListElement\":[{\"@type\":\"ListItem\",\"position\":1,\"name\":\"Accueil\",\"item\":\"https:\\\/\\\/www.webdo.tn\\\/fr\\\/\"},{\"@type\":\"ListItem\",\"position\":2,\"name\":\"Kais Saied s\u2019est-il abstenu de f\u00e9liciter Erdogan ?\"}]},{\"@type\":\"WebSite\",\"@id\":\"https:\\\/\\\/www.webdo.tn\\\/fr\\\/#website\",\"url\":\"https:\\\/\\\/www.webdo.tn\\\/fr\\\/\",\"name\":\"webdo\",\"description\":\"Tunisie - News en Tunisie et \u00e0 l&#039;international sur Webdo.tn\",\"publisher\":{\"@id\":\"https:\\\/\\\/www.webdo.tn\\\/fr\\\/#organization\"},\"potentialAction\":[{\"@type\":\"SearchAction\",\"target\":{\"@type\":\"EntryPoint\",\"urlTemplate\":\"https:\\\/\\\/www.webdo.tn\\\/fr\\\/?s={search_term_string}\"},\"query-input\":{\"@type\":\"PropertyValueSpecification\",\"valueRequired\":true,\"valueName\":\"search_term_string\"}}],\"inLanguage\":\"fr-FR\"},{\"@type\":\"Organization\",\"@id\":\"https:\\\/\\\/www.webdo.tn\\\/fr\\\/#organization\",\"name\":\"Webdo\",\"alternateName\":\"Webdo.tn\",\"url\":\"https:\\\/\\\/www.webdo.tn\\\/fr\\\/\",\"logo\":{\"@type\":\"ImageObject\",\"inLanguage\":\"fr-FR\",\"@id\":\"https:\\\/\\\/www.webdo.tn\\\/fr\\\/#\\\/schema\\\/logo\\\/image\\\/\",\"url\":\"https:\\\/\\\/www.webdo.tn\\\/fr\\\/wp-content\\\/uploads\\\/2025\\\/06\\\/Webdo-Tunisie_168377.jpg\",\"contentUrl\":\"https:\\\/\\\/www.webdo.tn\\\/fr\\\/wp-content\\\/uploads\\\/2025\\\/06\\\/Webdo-Tunisie_168377.jpg\",\"width\":301,\"height\":301,\"caption\":\"Webdo\"},\"image\":{\"@id\":\"https:\\\/\\\/www.webdo.tn\\\/fr\\\/#\\\/schema\\\/logo\\\/image\\\/\"},\"sameAs\":[\"https:\\\/\\\/www.facebook.com\\\/webdotn\",\"https:\\\/\\\/x.com\\\/webdo_tn\"],\"description\":\"Webdo est un m\u00e9dia num\u00e9rique tunisien fond\u00e9 en 2010, sp\u00e9cialis\u00e9 dans l\u2019actualit\u00e9 nationale et internationale, l\u2019\u00e9conomie, la soci\u00e9t\u00e9 et les analyses politiques. Le site s\u2019adresse \u00e0 un large public francophone et couvre l\u2019information tunisienne en temps r\u00e9el.\",\"email\":\"redac@webdo.tn\",\"legalName\":\"YNJ SARL\",\"foundingDate\":\"2010-09-06\",\"numberOfEmployees\":{\"@type\":\"QuantitativeValue\",\"minValue\":\"11\",\"maxValue\":\"50\"}},{\"@type\":\"Person\",\"@id\":\"https:\\\/\\\/www.webdo.tn\\\/fr\\\/#\\\/schema\\\/person\\\/f35b42a42c5e2511bbd282959d6385cc\",\"name\":\"CL\",\"image\":{\"@type\":\"ImageObject\",\"inLanguage\":\"fr-FR\",\"@id\":\"https:\\\/\\\/secure.gravatar.com\\\/avatar\\\/1447a49909b67aa657c488aec6512e1dd6143a480c1ecfee9b5b5cd74eb3b59e?s=96&d=mm&r=g\",\"url\":\"https:\\\/\\\/secure.gravatar.com\\\/avatar\\\/1447a49909b67aa657c488aec6512e1dd6143a480c1ecfee9b5b5cd74eb3b59e?s=96&d=mm&r=g\",\"contentUrl\":\"https:\\\/\\\/secure.gravatar.com\\\/avatar\\\/1447a49909b67aa657c488aec6512e1dd6143a480c1ecfee9b5b5cd74eb3b59e?s=96&d=mm&r=g\",\"caption\":\"CL\"},\"url\":\"https:\\\/\\\/www.webdo.tn\\\/fr\\\/actualite\\\/author\\\/cl\\\/\"}]}<\/script>\n<!-- \/ Yoast SEO Premium plugin. -->","yoast_head_json":{"title":"Kais Saied s\u2019est-il abstenu de f\u00e9liciter Erdogan ?","description":"Il est connu que les relations entre le pr\u00e9sident de la R\u00e9publique et les Turcs ne sont pas au beau fixe.","canonical":"https:\/\/www.webdo.tn\/fr\/actualite\/national\/kais-saied-s-est-il-abstenu-de-feliciter-erdogan\/206169\/","og_locale":"fr_FR","og_type":"article","og_title":"Kais Saied s\u2019est-il abstenu de f\u00e9liciter Erdogan ?","og_description":"Il est connu que les relations entre le pr\u00e9sident de la R\u00e9publique et les Turcs ne sont pas au beau fixe.","og_url":"https:\/\/www.webdo.tn\/fr\/actualite\/national\/kais-saied-s-est-il-abstenu-de-feliciter-erdogan\/206169\/","og_site_name":"webdo","article_publisher":"https:\/\/www.facebook.com\/webdotn","article_published_time":"2023-05-30T10:26:00+00:00","article_modified_time":"2025-05-20T22:43:03+00:00","og_image":[{"width":750,"height":400,"url":"https:\/\/www.webdo.tn\/fr\/wp-content\/uploads\/2023\/05\/91b97050c51bf99c7b95d39ab650f193.jpg","type":"image\/jpeg"}],"author":"CL","twitter_card":"summary_large_image","twitter_creator":"@webdo_tn","twitter_site":"@webdo_tn","twitter_misc":{"\u00c9crit par":"CL","Dur\u00e9e de lecture estim\u00e9e":"2 minutes"},"schema":{"@context":"https:\/\/schema.org","@graph":[{"@type":"NewsArticle","@id":"https:\/\/www.webdo.tn\/fr\/actualite\/national\/kais-saied-s-est-il-abstenu-de-feliciter-erdogan\/206169\/#article","isPartOf":{"@id":"https:\/\/www.webdo.tn\/fr\/actualite\/national\/kais-saied-s-est-il-abstenu-de-feliciter-erdogan\/206169\/"},"author":{"name":"CL","@id":"https:\/\/www.webdo.tn\/fr\/#\/schema\/person\/f35b42a42c5e2511bbd282959d6385cc"},"headline":"Kais Saied s\u2019est-il abstenu de f\u00e9liciter Erdogan ?","datePublished":"2023-05-30T10:26:00+00:00","dateModified":"2025-05-20T22:43:03+00:00","mainEntityOfPage":{"@id":"https:\/\/www.webdo.tn\/fr\/actualite\/national\/kais-saied-s-est-il-abstenu-de-feliciter-erdogan\/206169\/"},"wordCount":392,"commentCount":0,"publisher":{"@id":"https:\/\/www.webdo.tn\/fr\/#organization"},"image":{"@id":"https:\/\/www.webdo.tn\/fr\/actualite\/national\/kais-saied-s-est-il-abstenu-de-feliciter-erdogan\/206169\/#primaryimage"},"thumbnailUrl":"https:\/\/www.webdo.tn\/fr\/wp-content\/uploads\/2023\/05\/91b97050c51bf99c7b95d39ab650f193.jpg","keywords":["erdogan","Tunisie"],"articleSection":["National"],"inLanguage":"fr-FR"},{"@type":"WebPage","@id":"https:\/\/www.webdo.tn\/fr\/actualite\/national\/kais-saied-s-est-il-abstenu-de-feliciter-erdogan\/206169\/","url":"https:\/\/www.webdo.tn\/fr\/actualite\/national\/kais-saied-s-est-il-abstenu-de-feliciter-erdogan\/206169\/","name":"Kais Saied s\u2019est-il abstenu de f\u00e9liciter Erdogan ?","isPartOf":{"@id":"https:\/\/www.webdo.tn\/fr\/#website"},"primaryImageOfPage":{"@id":"https:\/\/www.webdo.tn\/fr\/actualite\/national\/kais-saied-s-est-il-abstenu-de-feliciter-erdogan\/206169\/#primaryimage"},"image":{"@id":"https:\/\/www.webdo.tn\/fr\/actualite\/national\/kais-saied-s-est-il-abstenu-de-feliciter-erdogan\/206169\/#primaryimage"},"thumbnailUrl":"https:\/\/www.webdo.tn\/fr\/wp-content\/uploads\/2023\/05\/91b97050c51bf99c7b95d39ab650f193.jpg","datePublished":"2023-05-30T10:26:00+00:00","dateModified":"2025-05-20T22:43:03+00:00","description":"Il est connu que les relations entre le pr\u00e9sident de la R\u00e9publique et les Turcs ne sont pas au beau fixe.","breadcrumb":{"@id":"https:\/\/www.webdo.tn\/fr\/actualite\/national\/kais-saied-s-est-il-abstenu-de-feliciter-erdogan\/206169\/#breadcrumb"},"inLanguage":"fr-FR","potentialAction":[{"@type":"ReadAction","target":["https:\/\/www.webdo.tn\/fr\/actualite\/national\/kais-saied-s-est-il-abstenu-de-feliciter-erdogan\/206169\/"]}]},{"@type":"ImageObject","inLanguage":"fr-FR","@id":"https:\/\/www.webdo.tn\/fr\/actualite\/national\/kais-saied-s-est-il-abstenu-de-feliciter-erdogan\/206169\/#primaryimage","url":"https:\/\/www.webdo.tn\/fr\/wp-content\/uploads\/2023\/05\/91b97050c51bf99c7b95d39ab650f193.jpg","contentUrl":"https:\/\/www.webdo.tn\/fr\/wp-content\/uploads\/2023\/05\/91b97050c51bf99c7b95d39ab650f193.jpg","width":750,"height":400,"caption":"Kais Saied s\u2019est-il abstenu de f\u00e9liciter Erdogan ?"},{"@type":"BreadcrumbList","@id":"https:\/\/www.webdo.tn\/fr\/actualite\/national\/kais-saied-s-est-il-abstenu-de-feliciter-erdogan\/206169\/#breadcrumb","itemListElement":[{"@type":"ListItem","position":1,"name":"Accueil","item":"https:\/\/www.webdo.tn\/fr\/"},{"@type":"ListItem","position":2,"name":"Kais Saied s\u2019est-il abstenu de f\u00e9liciter Erdogan ?"}]},{"@type":"WebSite","@id":"https:\/\/www.webdo.tn\/fr\/#website","url":"https:\/\/www.webdo.tn\/fr\/","name":"webdo","description":"Tunisie - News en Tunisie et \u00e0 l&#039;international sur Webdo.tn","publisher":{"@id":"https:\/\/www.webdo.tn\/fr\/#organization"},"potentialAction":[{"@type":"SearchAction","target":{"@type":"EntryPoint","urlTemplate":"https:\/\/www.webdo.tn\/fr\/?s={search_term_string}"},"query-input":{"@type":"PropertyValueSpecification","valueRequired":true,"valueName":"search_term_string"}}],"inLanguage":"fr-FR"},{"@type":"Organization","@id":"https:\/\/www.webdo.tn\/fr\/#organization","name":"Webdo","alternateName":"Webdo.tn","url":"https:\/\/www.webdo.tn\/fr\/","logo":{"@type":"ImageObject","inLanguage":"fr-FR","@id":"https:\/\/www.webdo.tn\/fr\/#\/schema\/logo\/image\/","url":"https:\/\/www.webdo.tn\/fr\/wp-content\/uploads\/2025\/06\/Webdo-Tunisie_168377.jpg","contentUrl":"https:\/\/www.webdo.tn\/fr\/wp-content\/uploads\/2025\/06\/Webdo-Tunisie_168377.jpg","width":301,"height":301,"caption":"Webdo"},"image":{"@id":"https:\/\/www.webdo.tn\/fr\/#\/schema\/logo\/image\/"},"sameAs":["https:\/\/www.facebook.com\/webdotn","https:\/\/x.com\/webdo_tn"],"description":"Webdo est un m\u00e9dia num\u00e9rique tunisien fond\u00e9 en 2010, sp\u00e9cialis\u00e9 dans l\u2019actualit\u00e9 nationale et internationale, l\u2019\u00e9conomie, la soci\u00e9t\u00e9 et les analyses politiques. Le site s\u2019adresse \u00e0 un large public francophone et couvre l\u2019information tunisienne en temps r\u00e9el.","email":"redac@webdo.tn","legalName":"YNJ SARL","foundingDate":"2010-09-06","numberOfEmployees":{"@type":"QuantitativeValue","minValue":"11","maxValue":"50"}},{"@type":"Person","@id":"https:\/\/www.webdo.tn\/fr\/#\/schema\/person\/f35b42a42c5e2511bbd282959d6385cc","name":"CL","image":{"@type":"ImageObject","inLanguage":"fr-FR","@id":"https:\/\/secure.gravatar.com\/avatar\/1447a49909b67aa657c488aec6512e1dd6143a480c1ecfee9b5b5cd74eb3b59e?s=96&d=mm&r=g","url":"https:\/\/secure.gravatar.com\/avatar\/1447a49909b67aa657c488aec6512e1dd6143a480c1ecfee9b5b5cd74eb3b59e?s=96&d=mm&r=g","contentUrl":"https:\/\/secure.gravatar.com\/avatar\/1447a49909b67aa657c488aec6512e1dd6143a480c1ecfee9b5b5cd74eb3b59e?s=96&d=mm&r=g","caption":"CL"},"url":"https:\/\/www.webdo.tn\/fr\/actualite\/author\/cl\/"}]}},"_links":{"self":[{"href":"https:\/\/www.webdo.tn\/fr\/wp-json\/wp\/v2\/posts\/206169","targetHints":{"allow":["GET"]}}],"collection":[{"href":"https:\/\/www.webdo.tn\/fr\/wp-json\/wp\/v2\/posts"}],"about":[{"href":"https:\/\/www.webdo.tn\/fr\/wp-json\/wp\/v2\/types\/post"}],"author":[{"embeddable":true,"href":"https:\/\/www.webdo.tn\/fr\/wp-json\/wp\/v2\/users\/3175"}],"replies":[{"embeddable":true,"href":"https:\/\/www.webdo.tn\/fr\/wp-json\/wp\/v2\/comments?post=206169"}],"version-history":[{"count":0,"href":"https:\/\/www.webdo.tn\/fr\/wp-json\/wp\/v2\/posts\/206169\/revisions"}],"wp:featuredmedia":[{"embeddable":true,"href":"https:\/\/www.webdo.tn\/fr\/wp-json\/wp\/v2\/media\/251007"}],"wp:attachment":[{"href":"https:\/\/www.webdo.tn\/fr\/wp-json\/wp\/v2\/media?parent=206169"}],"wp:term":[{"taxonomy":"category","embeddable":true,"href":"https:\/\/www.webdo.tn\/fr\/wp-json\/wp\/v2\/categories?post=206169"},{"taxonomy":"post_tag","embeddable":true,"href":"https:\/\/www.webdo.tn\/fr\/wp-json\/wp\/v2\/tags?post=206169"}],"curies":[{"name":"wp","href":"https:\/\/api.w.org\/{rel}","templated":true}]}}