{"id":206160,"date":"2023-05-30T08:24:00","date_gmt":"2023-05-30T08:24:00","guid":{"rendered":"https:\/\/www.webdo.tn\/fr\/blog\/cannes-2023-10\/206160\/"},"modified":"2025-05-21T08:57:05","modified_gmt":"2025-05-21T08:57:05","slug":"cannes-2023-10","status":"publish","type":"post","link":"https:\/\/www.webdo.tn\/fr\/actualite\/culture\/cannes-2023-10\/206160\/","title":{"rendered":"Cannes 2023 &#8211; Les films arabes r\u00e9compens\u00e9s : Une pr\u00e9sence remarqu\u00e9e et des succ\u00e8s m\u00e9rit\u00e9s"},"content":{"rendered":"<div class=\"single-body entry-content typography-copy\" itemprop=\"articleBody\">\n<p style=\"font-weight: bold; text-align: justify\">\n\t\t\t\t\t\t\t\t\tLe 76\u00e8me Festival de Cannes a \u00e9t\u00e9 marqu\u00e9 par une pr\u00e9sence remarquable des films arabes, qui ont brillamment r\u00e9ussi \u00e0 s\u00e9duire les jurys et \u00e0 remporter plusieurs distinctions prestigieuses. Parmi les 12 films arabes en comp\u00e9tition, pas moins de 7 d&rsquo;entre eux ont \u00e9t\u00e9 honor\u00e9s, t\u00e9moignant de la qualit\u00e9 exceptionnelle de ces \u0153uvres et de la reconnaissance grandissante du cin\u00e9ma arabe sur la sc\u00e8ne internationale.\n\t\t\t\t\t\t\t\t<\/p>\n<div class=\"coprs\" style=\"text-align: center\"><\/div>\n<div class=\"coprs\" style=\"text-align: justify\">\n<p><span><span>En t\u00eate de ces films r\u00e9compens\u00e9s se trouve <em>Les Filles d&rsquo;Olfa<\/em> r\u00e9alis\u00e9 par Kaouther Ben Hania (Tunisie). Ce long m\u00e9trage, s\u00e9lectionn\u00e9 dans la comp\u00e9tition officielle aux c\u00f4t\u00e9s de films de r\u00e9alisateurs renomm\u00e9s tels que Ken Loach ou Nuri Bilge Ceylan, a non seulement captiv\u00e9 les spectateurs, les critiques et les divers professionnels du cin\u00e9ma, <a href=\"https:\/\/www.webdo.tn\/fr\/actualite\/culture\/cannes-2023-quatre-prix-pour-les-filles-d-olfa-de-kaouther-ben-hania\/206114\">mais a \u00e9galement r\u00e9ussi \u00e0 remporter un total de 4 prix provenant de jurys diff\u00e9rents.<\/a> Il a notamment \u00e9t\u00e9 honor\u00e9 par le Prix du Cin\u00e9ma Positif, qui r\u00e9compense le long m\u00e9trage le plus positif de la s\u00e9lection officielle en comp\u00e9tition, en questionnant l&rsquo;industrie cin\u00e9matographique et en mettant son art au service des g\u00e9n\u00e9rations futures. De plus, il a re\u00e7u le Prix Fran\u00e7ois Chalais, une mention sp\u00e9ciale d\u00e9cern\u00e9e \u00e0 un film en lien avec les valeurs du journalisme. En outre, <em>Les Filles d&rsquo;Olfa<\/em> a remport\u00e9 l&rsquo;\u0152il d&rsquo;Or du meilleur documentaire, ex-aequo avec le film <em>Kadib Abyad\/La M\u00e8re de tous les mensonges <\/em>d&rsquo;Asmae El Moudir. Enfin, il a \u00e9t\u00e9 r\u00e9compens\u00e9 par le Prix de la Citoyennet\u00e9, qui c\u00e9l\u00e8bre l&rsquo;engagement des r\u00e9alisateurs et sc\u00e9naristes en faveur des valeurs citoyennes, mettant en avant les qualit\u00e9s humaines individuelles et collectives ainsi que la pr\u00e9servation de notre plan\u00e8te pour les g\u00e9n\u00e9rations futures.<\/span><\/span><\/p>\n<p><span><span>Le film <em>Kadib Abyad\/La M\u00e8re de tous les mensonges<\/em> d&rsquo;Asmae Al-Moudir (Maroc) occupe la deuxi\u00e8me position en termes de reconnaissance, avec le prix <a href=\"https:\/\/www.webdo.tn\/fr\/actualite\/culture\/cannes-2023-les-films-africains-et-arabes-triomphent-a-un-certain-regard\/206095\">du Meilleur R\u00e9alisateur dans la comp\u00e9tition Un Certain Regard<\/a> et l&rsquo;\u0152il d&rsquo;Or du meilleur documentaire, ex-aequo. Cette double distinction atteste de la qualit\u00e9 artistique et du message poignant v\u00e9hicul\u00e9s par ce film.<\/span><\/span><\/p>\n<p><span><span><a href=\"https:\/\/www.webdo.tn\/fr\/actualite\/culture\/cannes-2023-les-films-africains-et-arabes-triomphent-a-un-certain-regard\/206095\">Dans la section Un Certain Regard, deux autres films arabes se sont distingu\u00e9s\u00a0: <em>Goodbye Julia<\/em> de Mohamed Kordofani (Soudan) s&rsquo;est vu d\u00e9cerner le Prix de la Libert\u00e9 et <em>Les Meutes<\/em> de Kamal Lazraq (Maroc) a \u00e9t\u00e9 distingu\u00e9 par le Prix du Jury<\/a>.<\/span><\/span><\/p>\n<p><span><span>Parmi les autres films arabes r\u00e9compens\u00e9s, <em>Inshallah walad <\/em>d&rsquo;Amjad Al Rasheed (Jordanie) a \u00e9t\u00e9 salu\u00e9 par le Rail d&rsquo;Or du meilleur long m\u00e9trage dans la comp\u00e9tition de la Semaine de la critique, ainsi que par le prix de la Fondation Gan pour la distribution.<\/span><\/span><\/p>\n<p><img decoding=\"async\" alt=\"\" height=\"816\" src=\"\/assets\/uploads\/images\/\/Neila\/inshallah%20walad%20gan.jpeg\" width=\"816\"><\/p>\n<p>\u00a0<\/p>\n<p><span><span>Le court m\u00e9trage <em>I Promise You Paradise<\/em> de Morad Mostafa (\u00c9gypte) a \u00e9galement \u00e9t\u00e9 couronn\u00e9 de succ\u00e8s, remportant le Rail d&rsquo;Or du meilleur court m\u00e9trage dans la section de la semaine de la critique, en plus du prix du public. Cette double distinction t\u00e9moigne du talent prometteur du r\u00e9alisateur et de la r\u00e9ception chaleureuse r\u00e9serv\u00e9e \u00e0 son \u0153uvre.<\/span><\/span><\/p>\n<div>\n<figure class=\"image\"><img decoding=\"async\" alt=\"\" height=\"552\" src=\"\/assets\/uploads\/images\/\/Neila\/morad%20mostafa%20et%20le%20rail%20d'or.jpeg\" width=\"800\"><figcaption><em>Le jeune r\u00e9alisateur Morad Mostafa et son troph\u00e9e Rail d&rsquo;Or du court m\u00e9trage<\/em><\/figcaption><\/figure>\n<\/div>\n<p>\u00a0<\/p>\n<p><span><span>Quant au court m\u00e9trage <em>Ayyur\/Moon<\/em> de Zenib Wakrim (Maroc), il a remport\u00e9 le 3e prix de la 76e La Cinef Selection.<\/span><\/span><\/p>\n<div>\n<figure class=\"image\"><img decoding=\"async\" alt=\"\" height=\"676\" src=\"\/assets\/uploads\/images\/\/Neila\/Ayyur%20(1).jpeg\" width=\"1063\"><figcaption><em>La jeune r\u00e9alisatrice\u00a0Zenib Wakrim et son prix<\/em><\/figcaption><\/figure>\n<\/div>\n<p>\u00a0<\/p>\n<p>\u00a0<\/p>\n<p><span><span>Quand verra-t-on un film arabe remporter la Palme d&rsquo;or ? Jusqu&rsquo;\u00e0 pr\u00e9sent, seul un film arabe a r\u00e9ussi cet exploit, \u00e0 savoir le film alg\u00e9rien <em>Chronique des Ann\u00e9es de Braise<\/em> (1975) r\u00e9alis\u00e9 par Mohammed Lakhdar-Hamina qui a remport\u00e9 la Palme d&rsquo;Or lors de la 28e \u00e9dition du Festival de Cannes.<\/span><\/span><\/p>\n<p><span><span>En ce qui concerne le r\u00e9alisateur \u00e9gyptien Youssef Chahine, malgr\u00e9 la s\u00e9lection de 9 de ses films au Festival de Cannes (4 en comp\u00e9tition officielle, 2 en Un certain regard, 3 hors comp\u00e9tition), il n&rsquo;a jamais remport\u00e9 la Palme d&rsquo;Or pour l&rsquo;un de ses films. Toutefois, il a \u00e9t\u00e9 honor\u00e9 pour l&rsquo;ensemble de son \u0153uvre avec la Palme d&rsquo;Or du cinquantenaire.<\/span><\/span><\/p>\n<p><span><span>Cette ann\u00e9e, nous avions tous esp\u00e9r\u00e9, en vain, qu&rsquo;un autre film arabe remporte la Palme d&rsquo;or, surtout apr\u00e8s le grand succ\u00e8s du film tunisien <em>Les Filles d&rsquo;Olfa<\/em> et les nombreux articles \u00e9logieux dont il a fait l\u2019objet dans la presse internationale. Esp\u00e9rons que ce souhait se r\u00e9alisera lors des prochaines \u00e9ditions.<\/span><\/span><\/p>\n<p><span><span>La pr\u00e9sence remarqu\u00e9e des films arabes au 76\u00e8me Festival de Cannes et leur succ\u00e8s retentissant t\u00e9moignent de la vitalit\u00e9 et de la richesse du cin\u00e9ma arabe contemporain. Ces \u0153uvres cin\u00e9matographiques ont su captiver et \u00e9mouvoir les spectateurs, transcendant les fronti\u00e8res culturelles et linguistiques. Gr\u00e2ce \u00e0 leur qualit\u00e9 ind\u00e9niable, ces films ont rayonn\u00e9 en mettant en avant la diversit\u00e9 et le talent de la cr\u00e9ation cin\u00e9matographique arabe sur la sc\u00e8ne internationale.\u00a0<\/span><\/span><\/p>\n<p><span><span>Il est effectivement souhaitable que ce mouvement se poursuive et que les films arabes b\u00e9n\u00e9ficient d&rsquo;une plus grande visibilit\u00e9 et d&rsquo;une plus grande reconnaissance dans les s\u00e9lections des festivals internationaux. La nouvelle g\u00e9n\u00e9ration de cin\u00e9astes arabes prometteurs m\u00e9rite d&rsquo;\u00eatre soutenue et encourag\u00e9e, afin de continuer \u00e0 produire des \u0153uvres cin\u00e9matographiques inspirantes et captivantes.<\/span><\/span><\/p>\n<p><span><span><strong>Ne\u00efla Driss<\/strong><\/span><\/span><\/p>\n<p>\u00a0<\/p>\n<p>\u00a0<\/p>\n<p>\u00a0<\/p>\n<p>\u00a0<\/p>\n<p>\u00a0<\/p>\n<p>\u00a0<\/p>\n<\/p><\/div>\n<div class=\"coprs\" style=\"text-align: center\"><\/div><\/div>\n","protected":false},"excerpt":{"rendered":"<p>Le 76\u00e8me Festival de Cannes a \u00e9t\u00e9 marqu\u00e9 par une pr\u00e9sence remarquable des films arabes, qui ont brillamment r\u00e9ussi \u00e0 s\u00e9duire les jurys et \u00e0 remporter plusieurs&#8230;<\/p>\n","protected":false},"author":3164,"featured_media":278277,"comment_status":"open","ping_status":"closed","sticky":false,"template":"","format":"standard","meta":{"footnotes":""},"categories":[2594],"tags":[7127,2629,2627],"class_list":["post-206160","post","type-post","status-publish","format-standard","has-post-thumbnail","hentry","category-culture","tag-cannes-2023","tag-cinema-arabe","tag-festival-de-cannes"],"yoast_head":"<!-- This site is optimized with the Yoast SEO Premium plugin v27.4 (Yoast SEO v27.4) - https:\/\/yoast.com\/product\/yoast-seo-premium-wordpress\/ -->\n<title>Cannes 2023 - Les films arabes r\u00e9compens\u00e9s : Une pr\u00e9sence remarqu\u00e9e et des succ\u00e8s m\u00e9rit\u00e9s<\/title>\n<meta name=\"description\" content=\"Le 76\u00e8me Festival de Cannes a \u00e9t\u00e9 marqu\u00e9 par une pr\u00e9sence remarquable des films arabes, qui ont brillamment r\u00e9ussi \u00e0 s\u00e9duire les jurys et \u00e0 remporter plusieurs...\" \/>\n<link rel=\"canonical\" href=\"https:\/\/www.webdo.tn\/fr\/actualite\/culture\/cannes-2023-10\/206160\/\" \/>\n<meta property=\"og:locale\" content=\"fr_FR\" \/>\n<meta property=\"og:type\" content=\"article\" \/>\n<meta property=\"og:title\" content=\"Cannes 2023 - Les films arabes r\u00e9compens\u00e9s : Une pr\u00e9sence remarqu\u00e9e et des succ\u00e8s m\u00e9rit\u00e9s\" \/>\n<meta property=\"og:description\" content=\"Le 76\u00e8me Festival de Cannes a \u00e9t\u00e9 marqu\u00e9 par une pr\u00e9sence remarquable des films arabes, qui ont brillamment r\u00e9ussi \u00e0 s\u00e9duire les jurys et \u00e0 remporter plusieurs...\" \/>\n<meta property=\"og:url\" content=\"https:\/\/www.webdo.tn\/fr\/actualite\/culture\/cannes-2023-10\/206160\/\" \/>\n<meta property=\"og:site_name\" content=\"webdo\" \/>\n<meta property=\"article:publisher\" content=\"https:\/\/www.facebook.com\/webdotn\" \/>\n<meta property=\"article:author\" content=\"https:\/\/www.facebook.com\/massir.destiniii\/\" \/>\n<meta property=\"article:published_time\" content=\"2023-05-30T08:24:00+00:00\" \/>\n<meta property=\"article:modified_time\" content=\"2025-05-21T08:57:05+00:00\" \/>\n<meta property=\"og:image\" content=\"https:\/\/www.webdo.tn\/fr\/wp-content\/uploads\/2023\/05\/0ccdc9632a0a50d0287676b61babf214.jpeg\" \/>\n\t<meta property=\"og:image:width\" content=\"750\" \/>\n\t<meta property=\"og:image:height\" content=\"400\" \/>\n\t<meta property=\"og:image:type\" content=\"image\/jpeg\" \/>\n<meta name=\"author\" content=\"Ne\u00efla DRISS\" \/>\n<meta name=\"twitter:card\" content=\"summary_large_image\" \/>\n<meta name=\"twitter:creator\" content=\"@https:\/\/x.com\/MassirDestin\" \/>\n<meta name=\"twitter:site\" content=\"@webdo_tn\" \/>\n<meta name=\"twitter:label1\" content=\"\u00c9crit par\" \/>\n\t<meta name=\"twitter:data1\" content=\"Ne\u00efla DRISS\" \/>\n\t<meta name=\"twitter:label2\" content=\"Dur\u00e9e de lecture estim\u00e9e\" \/>\n\t<meta name=\"twitter:data2\" content=\"4 minutes\" \/>\n<script type=\"application\/ld+json\" class=\"yoast-schema-graph\">{\"@context\":\"https:\\\/\\\/schema.org\",\"@graph\":[{\"@type\":\"NewsArticle\",\"@id\":\"https:\\\/\\\/www.webdo.tn\\\/fr\\\/actualite\\\/culture\\\/cannes-2023-10\\\/206160\\\/#article\",\"isPartOf\":{\"@id\":\"https:\\\/\\\/www.webdo.tn\\\/fr\\\/actualite\\\/culture\\\/cannes-2023-10\\\/206160\\\/\"},\"author\":{\"name\":\"Ne\u00efla DRISS\",\"@id\":\"https:\\\/\\\/www.webdo.tn\\\/fr\\\/#\\\/schema\\\/person\\\/60d5ba619ed3f58783b0dc82b7dada80\"},\"headline\":\"Cannes 2023 &#8211; Les films arabes r\u00e9compens\u00e9s : Une pr\u00e9sence remarqu\u00e9e et des succ\u00e8s m\u00e9rit\u00e9s\",\"datePublished\":\"2023-05-30T08:24:00+00:00\",\"dateModified\":\"2025-05-21T08:57:05+00:00\",\"mainEntityOfPage\":{\"@id\":\"https:\\\/\\\/www.webdo.tn\\\/fr\\\/actualite\\\/culture\\\/cannes-2023-10\\\/206160\\\/\"},\"wordCount\":937,\"commentCount\":0,\"publisher\":{\"@id\":\"https:\\\/\\\/www.webdo.tn\\\/fr\\\/#organization\"},\"image\":{\"@id\":\"https:\\\/\\\/www.webdo.tn\\\/fr\\\/actualite\\\/culture\\\/cannes-2023-10\\\/206160\\\/#primaryimage\"},\"thumbnailUrl\":\"https:\\\/\\\/www.webdo.tn\\\/fr\\\/wp-content\\\/uploads\\\/2023\\\/05\\\/0ccdc9632a0a50d0287676b61babf214.jpeg\",\"keywords\":[\"Cannes 2023\",\"Cin\u00e9ma arabe\",\"Festival de Cannes\"],\"articleSection\":[\"Culture\"],\"inLanguage\":\"fr-FR\"},{\"@type\":\"WebPage\",\"@id\":\"https:\\\/\\\/www.webdo.tn\\\/fr\\\/actualite\\\/culture\\\/cannes-2023-10\\\/206160\\\/\",\"url\":\"https:\\\/\\\/www.webdo.tn\\\/fr\\\/actualite\\\/culture\\\/cannes-2023-10\\\/206160\\\/\",\"name\":\"Cannes 2023 - Les films arabes r\u00e9compens\u00e9s : Une pr\u00e9sence remarqu\u00e9e et des succ\u00e8s m\u00e9rit\u00e9s\",\"isPartOf\":{\"@id\":\"https:\\\/\\\/www.webdo.tn\\\/fr\\\/#website\"},\"primaryImageOfPage\":{\"@id\":\"https:\\\/\\\/www.webdo.tn\\\/fr\\\/actualite\\\/culture\\\/cannes-2023-10\\\/206160\\\/#primaryimage\"},\"image\":{\"@id\":\"https:\\\/\\\/www.webdo.tn\\\/fr\\\/actualite\\\/culture\\\/cannes-2023-10\\\/206160\\\/#primaryimage\"},\"thumbnailUrl\":\"https:\\\/\\\/www.webdo.tn\\\/fr\\\/wp-content\\\/uploads\\\/2023\\\/05\\\/0ccdc9632a0a50d0287676b61babf214.jpeg\",\"datePublished\":\"2023-05-30T08:24:00+00:00\",\"dateModified\":\"2025-05-21T08:57:05+00:00\",\"description\":\"Le 76\u00e8me Festival de Cannes a \u00e9t\u00e9 marqu\u00e9 par une pr\u00e9sence remarquable des films arabes, qui ont brillamment r\u00e9ussi \u00e0 s\u00e9duire les jurys et \u00e0 remporter plusieurs...\",\"breadcrumb\":{\"@id\":\"https:\\\/\\\/www.webdo.tn\\\/fr\\\/actualite\\\/culture\\\/cannes-2023-10\\\/206160\\\/#breadcrumb\"},\"inLanguage\":\"fr-FR\",\"potentialAction\":[{\"@type\":\"ReadAction\",\"target\":[\"https:\\\/\\\/www.webdo.tn\\\/fr\\\/actualite\\\/culture\\\/cannes-2023-10\\\/206160\\\/\"]}]},{\"@type\":\"ImageObject\",\"inLanguage\":\"fr-FR\",\"@id\":\"https:\\\/\\\/www.webdo.tn\\\/fr\\\/actualite\\\/culture\\\/cannes-2023-10\\\/206160\\\/#primaryimage\",\"url\":\"https:\\\/\\\/www.webdo.tn\\\/fr\\\/wp-content\\\/uploads\\\/2023\\\/05\\\/0ccdc9632a0a50d0287676b61babf214.jpeg\",\"contentUrl\":\"https:\\\/\\\/www.webdo.tn\\\/fr\\\/wp-content\\\/uploads\\\/2023\\\/05\\\/0ccdc9632a0a50d0287676b61babf214.jpeg\",\"width\":750,\"height\":400,\"caption\":\"Cannes 2023 - Les films arabes r\u00e9compens\u00e9s : Une pr\u00e9sence remarqu\u00e9e et des succ\u00e8s m\u00e9rit\u00e9s\"},{\"@type\":\"BreadcrumbList\",\"@id\":\"https:\\\/\\\/www.webdo.tn\\\/fr\\\/actualite\\\/culture\\\/cannes-2023-10\\\/206160\\\/#breadcrumb\",\"itemListElement\":[{\"@type\":\"ListItem\",\"position\":1,\"name\":\"Accueil\",\"item\":\"https:\\\/\\\/www.webdo.tn\\\/fr\\\/\"},{\"@type\":\"ListItem\",\"position\":2,\"name\":\"Cannes 2023 &#8211; Les films arabes r\u00e9compens\u00e9s : Une pr\u00e9sence remarqu\u00e9e et des succ\u00e8s m\u00e9rit\u00e9s\"}]},{\"@type\":\"WebSite\",\"@id\":\"https:\\\/\\\/www.webdo.tn\\\/fr\\\/#website\",\"url\":\"https:\\\/\\\/www.webdo.tn\\\/fr\\\/\",\"name\":\"webdo\",\"description\":\"Tunisie - News en Tunisie et \u00e0 l&#039;international sur Webdo.tn\",\"publisher\":{\"@id\":\"https:\\\/\\\/www.webdo.tn\\\/fr\\\/#organization\"},\"potentialAction\":[{\"@type\":\"SearchAction\",\"target\":{\"@type\":\"EntryPoint\",\"urlTemplate\":\"https:\\\/\\\/www.webdo.tn\\\/fr\\\/?s={search_term_string}\"},\"query-input\":{\"@type\":\"PropertyValueSpecification\",\"valueRequired\":true,\"valueName\":\"search_term_string\"}}],\"inLanguage\":\"fr-FR\"},{\"@type\":\"Organization\",\"@id\":\"https:\\\/\\\/www.webdo.tn\\\/fr\\\/#organization\",\"name\":\"Webdo\",\"alternateName\":\"Webdo.tn\",\"url\":\"https:\\\/\\\/www.webdo.tn\\\/fr\\\/\",\"logo\":{\"@type\":\"ImageObject\",\"inLanguage\":\"fr-FR\",\"@id\":\"https:\\\/\\\/www.webdo.tn\\\/fr\\\/#\\\/schema\\\/logo\\\/image\\\/\",\"url\":\"https:\\\/\\\/www.webdo.tn\\\/fr\\\/wp-content\\\/uploads\\\/2025\\\/06\\\/Webdo-Tunisie_168377.jpg\",\"contentUrl\":\"https:\\\/\\\/www.webdo.tn\\\/fr\\\/wp-content\\\/uploads\\\/2025\\\/06\\\/Webdo-Tunisie_168377.jpg\",\"width\":301,\"height\":301,\"caption\":\"Webdo\"},\"image\":{\"@id\":\"https:\\\/\\\/www.webdo.tn\\\/fr\\\/#\\\/schema\\\/logo\\\/image\\\/\"},\"sameAs\":[\"https:\\\/\\\/www.facebook.com\\\/webdotn\",\"https:\\\/\\\/x.com\\\/webdo_tn\"],\"description\":\"Webdo est un m\u00e9dia num\u00e9rique tunisien fond\u00e9 en 2010, sp\u00e9cialis\u00e9 dans l\u2019actualit\u00e9 nationale et internationale, l\u2019\u00e9conomie, la soci\u00e9t\u00e9 et les analyses politiques. Le site s\u2019adresse \u00e0 un large public francophone et couvre l\u2019information tunisienne en temps r\u00e9el.\",\"email\":\"redac@webdo.tn\",\"legalName\":\"YNJ SARL\",\"foundingDate\":\"2010-09-06\",\"numberOfEmployees\":{\"@type\":\"QuantitativeValue\",\"minValue\":\"11\",\"maxValue\":\"50\"}},{\"@type\":\"Person\",\"@id\":\"https:\\\/\\\/www.webdo.tn\\\/fr\\\/#\\\/schema\\\/person\\\/60d5ba619ed3f58783b0dc82b7dada80\",\"name\":\"Ne\u00efla DRISS\",\"image\":{\"@type\":\"ImageObject\",\"inLanguage\":\"fr-FR\",\"@id\":\"https:\\\/\\\/www.webdo.tn\\\/fr\\\/wp-content\\\/uploads\\\/2026\\\/04\\\/neila-driss_avatar-96x96.jpg\",\"url\":\"https:\\\/\\\/www.webdo.tn\\\/fr\\\/wp-content\\\/uploads\\\/2026\\\/04\\\/neila-driss_avatar-96x96.jpg\",\"contentUrl\":\"https:\\\/\\\/www.webdo.tn\\\/fr\\\/wp-content\\\/uploads\\\/2026\\\/04\\\/neila-driss_avatar-96x96.jpg\",\"caption\":\"Ne\u00efla DRISS\"},\"description\":\"Ne\u00efla Driss est juriste, journaliste culturelle et critique de cin\u00e9ma tunisienne. Titulaire d\u2019un DEA en droit priv\u00e9 de l\u2019Universit\u00e9 Paris II et d\u2019un DESS de l\u2019IHEC Carthage, elle d\u00e9bute sa carri\u00e8re comme juriste sp\u00e9cialis\u00e9e en gestion de patrimoine immobilier. Elle s\u2019oriente ensuite vers l\u2019\u00e9criture en ligne, o\u00f9 elle se distingue d\u00e8s 2006 aux Tunisia Blog Awards, avant de se consacrer au journalisme culturel, avec une sp\u00e9cialisation dans la critique cin\u00e9matographique. Elle couvre r\u00e9guli\u00e8rement les grands festivals internationaux, notamment le Festival de Cannes, les Journ\u00e9es Cin\u00e9matographiques de Carthage et le Festival du film du Caire. Membre de l\u2019ATPCC et de la FIPRESCI, elle participe \u00e0 des jurys et initiatives internationales de critique. Depuis 2024, elle est \u00e9lectrice internationale aux Golden Globes. Facebook : https:\\\/\\\/www.facebook.com\\\/massir.destiniii\\\/ X : https:\\\/\\\/x.com\\\/MassirDestin\",\"sameAs\":[\"https:\\\/\\\/www.facebook.com\\\/massir.destiniii\\\/\",\"https:\\\/\\\/www.instagram.com\\\/neila.driss\\\/?hl=fr\",\"https:\\\/\\\/www.linkedin.com\\\/in\\\/neila-driss-22606a80\\\/\",\"https:\\\/\\\/x.com\\\/https:\\\/\\\/x.com\\\/MassirDestin\"],\"knowsAbout\":[\"Cin\u00e9ma international\",\"critique cin\u00e9matographique\",\"festivals de cin\u00e9ma\",\"journalisme culturel\"],\"knowsLanguage\":[\"Fran\u00e7ais\",\"Arabe\",\"Anglais\"],\"jobTitle\":\"Journaliste culturelle et critique de cin\u00e9ma\",\"worksFor\":\"Webdo\",\"url\":\"https:\\\/\\\/www.webdo.tn\\\/fr\\\/actualite\\\/author\\\/neila-driss\\\/\"}]}<\/script>\n<!-- \/ Yoast SEO Premium plugin. -->","yoast_head_json":{"title":"Cannes 2023 - Les films arabes r\u00e9compens\u00e9s : Une pr\u00e9sence remarqu\u00e9e et des succ\u00e8s m\u00e9rit\u00e9s","description":"Le 76\u00e8me Festival de Cannes a \u00e9t\u00e9 marqu\u00e9 par une pr\u00e9sence remarquable des films arabes, qui ont brillamment r\u00e9ussi \u00e0 s\u00e9duire les jurys et \u00e0 remporter plusieurs...","canonical":"https:\/\/www.webdo.tn\/fr\/actualite\/culture\/cannes-2023-10\/206160\/","og_locale":"fr_FR","og_type":"article","og_title":"Cannes 2023 - Les films arabes r\u00e9compens\u00e9s : Une pr\u00e9sence remarqu\u00e9e et des succ\u00e8s m\u00e9rit\u00e9s","og_description":"Le 76\u00e8me Festival de Cannes a \u00e9t\u00e9 marqu\u00e9 par une pr\u00e9sence remarquable des films arabes, qui ont brillamment r\u00e9ussi \u00e0 s\u00e9duire les jurys et \u00e0 remporter plusieurs...","og_url":"https:\/\/www.webdo.tn\/fr\/actualite\/culture\/cannes-2023-10\/206160\/","og_site_name":"webdo","article_publisher":"https:\/\/www.facebook.com\/webdotn","article_author":"https:\/\/www.facebook.com\/massir.destiniii\/","article_published_time":"2023-05-30T08:24:00+00:00","article_modified_time":"2025-05-21T08:57:05+00:00","og_image":[{"width":750,"height":400,"url":"https:\/\/www.webdo.tn\/fr\/wp-content\/uploads\/2023\/05\/0ccdc9632a0a50d0287676b61babf214.jpeg","type":"image\/jpeg"}],"author":"Ne\u00efla DRISS","twitter_card":"summary_large_image","twitter_creator":"@https:\/\/x.com\/MassirDestin","twitter_site":"@webdo_tn","twitter_misc":{"\u00c9crit par":"Ne\u00efla DRISS","Dur\u00e9e de lecture estim\u00e9e":"4 minutes"},"schema":{"@context":"https:\/\/schema.org","@graph":[{"@type":"NewsArticle","@id":"https:\/\/www.webdo.tn\/fr\/actualite\/culture\/cannes-2023-10\/206160\/#article","isPartOf":{"@id":"https:\/\/www.webdo.tn\/fr\/actualite\/culture\/cannes-2023-10\/206160\/"},"author":{"name":"Ne\u00efla DRISS","@id":"https:\/\/www.webdo.tn\/fr\/#\/schema\/person\/60d5ba619ed3f58783b0dc82b7dada80"},"headline":"Cannes 2023 &#8211; Les films arabes r\u00e9compens\u00e9s : Une pr\u00e9sence remarqu\u00e9e et des succ\u00e8s m\u00e9rit\u00e9s","datePublished":"2023-05-30T08:24:00+00:00","dateModified":"2025-05-21T08:57:05+00:00","mainEntityOfPage":{"@id":"https:\/\/www.webdo.tn\/fr\/actualite\/culture\/cannes-2023-10\/206160\/"},"wordCount":937,"commentCount":0,"publisher":{"@id":"https:\/\/www.webdo.tn\/fr\/#organization"},"image":{"@id":"https:\/\/www.webdo.tn\/fr\/actualite\/culture\/cannes-2023-10\/206160\/#primaryimage"},"thumbnailUrl":"https:\/\/www.webdo.tn\/fr\/wp-content\/uploads\/2023\/05\/0ccdc9632a0a50d0287676b61babf214.jpeg","keywords":["Cannes 2023","Cin\u00e9ma arabe","Festival de Cannes"],"articleSection":["Culture"],"inLanguage":"fr-FR"},{"@type":"WebPage","@id":"https:\/\/www.webdo.tn\/fr\/actualite\/culture\/cannes-2023-10\/206160\/","url":"https:\/\/www.webdo.tn\/fr\/actualite\/culture\/cannes-2023-10\/206160\/","name":"Cannes 2023 - Les films arabes r\u00e9compens\u00e9s : Une pr\u00e9sence remarqu\u00e9e et des succ\u00e8s m\u00e9rit\u00e9s","isPartOf":{"@id":"https:\/\/www.webdo.tn\/fr\/#website"},"primaryImageOfPage":{"@id":"https:\/\/www.webdo.tn\/fr\/actualite\/culture\/cannes-2023-10\/206160\/#primaryimage"},"image":{"@id":"https:\/\/www.webdo.tn\/fr\/actualite\/culture\/cannes-2023-10\/206160\/#primaryimage"},"thumbnailUrl":"https:\/\/www.webdo.tn\/fr\/wp-content\/uploads\/2023\/05\/0ccdc9632a0a50d0287676b61babf214.jpeg","datePublished":"2023-05-30T08:24:00+00:00","dateModified":"2025-05-21T08:57:05+00:00","description":"Le 76\u00e8me Festival de Cannes a \u00e9t\u00e9 marqu\u00e9 par une pr\u00e9sence remarquable des films arabes, qui ont brillamment r\u00e9ussi \u00e0 s\u00e9duire les jurys et \u00e0 remporter plusieurs...","breadcrumb":{"@id":"https:\/\/www.webdo.tn\/fr\/actualite\/culture\/cannes-2023-10\/206160\/#breadcrumb"},"inLanguage":"fr-FR","potentialAction":[{"@type":"ReadAction","target":["https:\/\/www.webdo.tn\/fr\/actualite\/culture\/cannes-2023-10\/206160\/"]}]},{"@type":"ImageObject","inLanguage":"fr-FR","@id":"https:\/\/www.webdo.tn\/fr\/actualite\/culture\/cannes-2023-10\/206160\/#primaryimage","url":"https:\/\/www.webdo.tn\/fr\/wp-content\/uploads\/2023\/05\/0ccdc9632a0a50d0287676b61babf214.jpeg","contentUrl":"https:\/\/www.webdo.tn\/fr\/wp-content\/uploads\/2023\/05\/0ccdc9632a0a50d0287676b61babf214.jpeg","width":750,"height":400,"caption":"Cannes 2023 - Les films arabes r\u00e9compens\u00e9s : Une pr\u00e9sence remarqu\u00e9e et des succ\u00e8s m\u00e9rit\u00e9s"},{"@type":"BreadcrumbList","@id":"https:\/\/www.webdo.tn\/fr\/actualite\/culture\/cannes-2023-10\/206160\/#breadcrumb","itemListElement":[{"@type":"ListItem","position":1,"name":"Accueil","item":"https:\/\/www.webdo.tn\/fr\/"},{"@type":"ListItem","position":2,"name":"Cannes 2023 &#8211; Les films arabes r\u00e9compens\u00e9s : Une pr\u00e9sence remarqu\u00e9e et des succ\u00e8s m\u00e9rit\u00e9s"}]},{"@type":"WebSite","@id":"https:\/\/www.webdo.tn\/fr\/#website","url":"https:\/\/www.webdo.tn\/fr\/","name":"webdo","description":"Tunisie - News en Tunisie et \u00e0 l&#039;international sur Webdo.tn","publisher":{"@id":"https:\/\/www.webdo.tn\/fr\/#organization"},"potentialAction":[{"@type":"SearchAction","target":{"@type":"EntryPoint","urlTemplate":"https:\/\/www.webdo.tn\/fr\/?s={search_term_string}"},"query-input":{"@type":"PropertyValueSpecification","valueRequired":true,"valueName":"search_term_string"}}],"inLanguage":"fr-FR"},{"@type":"Organization","@id":"https:\/\/www.webdo.tn\/fr\/#organization","name":"Webdo","alternateName":"Webdo.tn","url":"https:\/\/www.webdo.tn\/fr\/","logo":{"@type":"ImageObject","inLanguage":"fr-FR","@id":"https:\/\/www.webdo.tn\/fr\/#\/schema\/logo\/image\/","url":"https:\/\/www.webdo.tn\/fr\/wp-content\/uploads\/2025\/06\/Webdo-Tunisie_168377.jpg","contentUrl":"https:\/\/www.webdo.tn\/fr\/wp-content\/uploads\/2025\/06\/Webdo-Tunisie_168377.jpg","width":301,"height":301,"caption":"Webdo"},"image":{"@id":"https:\/\/www.webdo.tn\/fr\/#\/schema\/logo\/image\/"},"sameAs":["https:\/\/www.facebook.com\/webdotn","https:\/\/x.com\/webdo_tn"],"description":"Webdo est un m\u00e9dia num\u00e9rique tunisien fond\u00e9 en 2010, sp\u00e9cialis\u00e9 dans l\u2019actualit\u00e9 nationale et internationale, l\u2019\u00e9conomie, la soci\u00e9t\u00e9 et les analyses politiques. Le site s\u2019adresse \u00e0 un large public francophone et couvre l\u2019information tunisienne en temps r\u00e9el.","email":"redac@webdo.tn","legalName":"YNJ SARL","foundingDate":"2010-09-06","numberOfEmployees":{"@type":"QuantitativeValue","minValue":"11","maxValue":"50"}},{"@type":"Person","@id":"https:\/\/www.webdo.tn\/fr\/#\/schema\/person\/60d5ba619ed3f58783b0dc82b7dada80","name":"Ne\u00efla DRISS","image":{"@type":"ImageObject","inLanguage":"fr-FR","@id":"https:\/\/www.webdo.tn\/fr\/wp-content\/uploads\/2026\/04\/neila-driss_avatar-96x96.jpg","url":"https:\/\/www.webdo.tn\/fr\/wp-content\/uploads\/2026\/04\/neila-driss_avatar-96x96.jpg","contentUrl":"https:\/\/www.webdo.tn\/fr\/wp-content\/uploads\/2026\/04\/neila-driss_avatar-96x96.jpg","caption":"Ne\u00efla DRISS"},"description":"Ne\u00efla Driss est juriste, journaliste culturelle et critique de cin\u00e9ma tunisienne. Titulaire d\u2019un DEA en droit priv\u00e9 de l\u2019Universit\u00e9 Paris II et d\u2019un DESS de l\u2019IHEC Carthage, elle d\u00e9bute sa carri\u00e8re comme juriste sp\u00e9cialis\u00e9e en gestion de patrimoine immobilier. Elle s\u2019oriente ensuite vers l\u2019\u00e9criture en ligne, o\u00f9 elle se distingue d\u00e8s 2006 aux Tunisia Blog Awards, avant de se consacrer au journalisme culturel, avec une sp\u00e9cialisation dans la critique cin\u00e9matographique. Elle couvre r\u00e9guli\u00e8rement les grands festivals internationaux, notamment le Festival de Cannes, les Journ\u00e9es Cin\u00e9matographiques de Carthage et le Festival du film du Caire. Membre de l\u2019ATPCC et de la FIPRESCI, elle participe \u00e0 des jurys et initiatives internationales de critique. Depuis 2024, elle est \u00e9lectrice internationale aux Golden Globes. Facebook : https:\/\/www.facebook.com\/massir.destiniii\/ X : https:\/\/x.com\/MassirDestin","sameAs":["https:\/\/www.facebook.com\/massir.destiniii\/","https:\/\/www.instagram.com\/neila.driss\/?hl=fr","https:\/\/www.linkedin.com\/in\/neila-driss-22606a80\/","https:\/\/x.com\/https:\/\/x.com\/MassirDestin"],"knowsAbout":["Cin\u00e9ma international","critique cin\u00e9matographique","festivals de cin\u00e9ma","journalisme culturel"],"knowsLanguage":["Fran\u00e7ais","Arabe","Anglais"],"jobTitle":"Journaliste culturelle et critique de cin\u00e9ma","worksFor":"Webdo","url":"https:\/\/www.webdo.tn\/fr\/actualite\/author\/neila-driss\/"}]}},"_links":{"self":[{"href":"https:\/\/www.webdo.tn\/fr\/wp-json\/wp\/v2\/posts\/206160","targetHints":{"allow":["GET"]}}],"collection":[{"href":"https:\/\/www.webdo.tn\/fr\/wp-json\/wp\/v2\/posts"}],"about":[{"href":"https:\/\/www.webdo.tn\/fr\/wp-json\/wp\/v2\/types\/post"}],"author":[{"embeddable":true,"href":"https:\/\/www.webdo.tn\/fr\/wp-json\/wp\/v2\/users\/3164"}],"replies":[{"embeddable":true,"href":"https:\/\/www.webdo.tn\/fr\/wp-json\/wp\/v2\/comments?post=206160"}],"version-history":[{"count":0,"href":"https:\/\/www.webdo.tn\/fr\/wp-json\/wp\/v2\/posts\/206160\/revisions"}],"wp:featuredmedia":[{"embeddable":true,"href":"https:\/\/www.webdo.tn\/fr\/wp-json\/wp\/v2\/media\/278277"}],"wp:attachment":[{"href":"https:\/\/www.webdo.tn\/fr\/wp-json\/wp\/v2\/media?parent=206160"}],"wp:term":[{"taxonomy":"category","embeddable":true,"href":"https:\/\/www.webdo.tn\/fr\/wp-json\/wp\/v2\/categories?post=206160"},{"taxonomy":"post_tag","embeddable":true,"href":"https:\/\/www.webdo.tn\/fr\/wp-json\/wp\/v2\/tags?post=206160"}],"curies":[{"name":"wp","href":"https:\/\/api.w.org\/{rel}","templated":true}]}}