{"id":206157,"date":"2023-05-29T20:54:00","date_gmt":"2023-05-29T20:54:00","guid":{"rendered":"https:\/\/www.webdo.tn\/fr\/blog\/le-snjt-appelle-le-gouverneur-de-monastir-a-presenter-ses-excuses-aux-journalistes\/206157\/"},"modified":"2025-05-17T21:08:31","modified_gmt":"2025-05-17T21:08:31","slug":"le-snjt-appelle-le-gouverneur-de-monastir-a-presenter-ses-excuses-aux-journalistes","status":"publish","type":"post","link":"https:\/\/www.webdo.tn\/fr\/actualite\/national\/le-snjt-appelle-le-gouverneur-de-monastir-a-presenter-ses-excuses-aux-journalistes\/206157\/","title":{"rendered":"Le SNJT appelle le gouverneur de Monastir \u00e0 pr\u00e9senter ses excuses aux journalistes"},"content":{"rendered":"<p>Le syndicat national des journalistes tunisiens (SNJT) a annonc\u00e9 son soutien les journalistes de la Radio r\u00e9gionale de Monastir dans leur d\u00e9cision de boycotter les activit\u00e9s du gouverneur de la r\u00e9gion, et ce dans un communiqu\u00e9 publi\u00e9 ce lundi 29 mai 2023.<\/p>\n<p>\t\t\t\t\t\t\t\t\tDe plus, le SNJT demande au gouverneur de la r\u00e9gion de Monastir de pr\u00e9senter officiellement ses excuses aux journalistes de la Radio, tout en insistant sur l&rsquo;ind\u00e9pendance de sa ligne \u00e9ditoriale.<\/p>\n<p>le SNJT rappelle que la radio r\u00e9gionale de Monastir est un \u00ab\u00a0service public\u00a0\u00bb, qui\u00a0est l\u00e0 pour servir int\u00e9r\u00eat g\u00e9n\u00e9ral.<\/p>\n<p>Toujours selon le m\u00eame communiqu\u00e9, le\u00a0Syndicat rappelle que le gouverneur de Monastir, Mondher Ben Sik, avait \u00e0 maintes reprises harcel\u00e9 les journalistes de la Radio en question, hommes et femmes, et a exerc\u00e9 des pressions sur eux, via des correspondances ou lors de leurs reportages sur terrain.<\/p>\n<p>Ce lundi, les journalistes de la radio r\u00e9gionale de Monastir ont d\u00e9cid\u00e9 de boycotter les activit\u00e9s du gouverneur de la r\u00e9gion.<\/p>\n","protected":false},"excerpt":{"rendered":"<p>Le syndicat national des journalistes tunisiens (SNJT) a annonc\u00e9 son soutien les journalistes de la Radio r\u00e9gionale de Monastir dans leur d\u00e9cision de boycotter&#8230;<\/p>\n","protected":false},"author":3169,"featured_media":278273,"comment_status":"open","ping_status":"closed","sticky":false,"template":"","format":"standard","meta":{"footnotes":""},"categories":[44],"tags":[4241,9519,2692,6980,2608],"class_list":["post-206157","post","type-post","status-publish","format-standard","has-post-thumbnail","hentry","category-national","tag-gouverneur","tag-jounalistes","tag-monastir","tag-radio","tag-tunisie"],"yoast_head":"<!-- This site is optimized with the Yoast SEO Premium plugin v27.5 (Yoast SEO v27.5) - https:\/\/yoast.com\/product\/yoast-seo-premium-wordpress\/ -->\n<title>Le SNJT appelle le gouverneur de Monastir \u00e0 pr\u00e9senter ses excuses aux journalistes<\/title>\n<meta name=\"description\" content=\"Le syndicat national des journalistes tunisiens (SNJT) a annonc\u00e9 son soutien les journalistes de la Radio r\u00e9gionale de Monastir dans leur d\u00e9cision de boycotter...\" \/>\n<link rel=\"canonical\" href=\"https:\/\/www.webdo.tn\/fr\/actualite\/national\/le-snjt-appelle-le-gouverneur-de-monastir-a-presenter-ses-excuses-aux-journalistes\/206157\/\" \/>\n<meta property=\"og:locale\" content=\"fr_FR\" \/>\n<meta property=\"og:type\" content=\"article\" \/>\n<meta property=\"og:title\" content=\"Le SNJT appelle le gouverneur de Monastir \u00e0 pr\u00e9senter ses excuses aux journalistes\" \/>\n<meta property=\"og:description\" content=\"Le syndicat national des journalistes tunisiens (SNJT) a annonc\u00e9 son soutien les journalistes de la Radio r\u00e9gionale de Monastir dans leur d\u00e9cision de boycotter...\" \/>\n<meta property=\"og:url\" content=\"https:\/\/www.webdo.tn\/fr\/actualite\/national\/le-snjt-appelle-le-gouverneur-de-monastir-a-presenter-ses-excuses-aux-journalistes\/206157\/\" \/>\n<meta property=\"og:site_name\" content=\"webdo\" \/>\n<meta property=\"article:publisher\" content=\"https:\/\/www.facebook.com\/webdotn\" \/>\n<meta property=\"article:published_time\" content=\"2023-05-29T20:54:00+00:00\" \/>\n<meta property=\"article:modified_time\" content=\"2025-05-17T21:08:31+00:00\" \/>\n<meta property=\"og:image\" content=\"https:\/\/www.webdo.tn\/fr\/wp-content\/uploads\/2023\/05\/5320e164ccec041da4b5c21b875499ce.jpg\" \/>\n\t<meta property=\"og:image:width\" content=\"750\" \/>\n\t<meta property=\"og:image:height\" content=\"400\" \/>\n\t<meta property=\"og:image:type\" content=\"image\/jpeg\" \/>\n<meta name=\"author\" content=\"Webdo\" \/>\n<meta name=\"twitter:card\" content=\"summary_large_image\" \/>\n<meta name=\"twitter:creator\" content=\"@webdo_tn\" \/>\n<meta name=\"twitter:site\" content=\"@webdo_tn\" \/>\n<meta name=\"twitter:label1\" content=\"\u00c9crit par\" \/>\n\t<meta name=\"twitter:data1\" content=\"Webdo\" \/>\n\t<meta name=\"twitter:label2\" content=\"Dur\u00e9e de lecture estim\u00e9e\" \/>\n\t<meta name=\"twitter:data2\" content=\"1 minute\" \/>\n<script type=\"application\/ld+json\" class=\"yoast-schema-graph\">{\"@context\":\"https:\\\/\\\/schema.org\",\"@graph\":[{\"@type\":\"NewsArticle\",\"@id\":\"https:\\\/\\\/www.webdo.tn\\\/fr\\\/actualite\\\/national\\\/le-snjt-appelle-le-gouverneur-de-monastir-a-presenter-ses-excuses-aux-journalistes\\\/206157\\\/#article\",\"isPartOf\":{\"@id\":\"https:\\\/\\\/www.webdo.tn\\\/fr\\\/actualite\\\/national\\\/le-snjt-appelle-le-gouverneur-de-monastir-a-presenter-ses-excuses-aux-journalistes\\\/206157\\\/\"},\"author\":{\"name\":\"Webdo\",\"@id\":\"https:\\\/\\\/www.webdo.tn\\\/fr\\\/#\\\/schema\\\/person\\\/1f4e491e0907b413d61089e8eb573acc\"},\"headline\":\"Le SNJT appelle le gouverneur de Monastir \u00e0 pr\u00e9senter ses excuses aux journalistes\",\"datePublished\":\"2023-05-29T20:54:00+00:00\",\"dateModified\":\"2025-05-17T21:08:31+00:00\",\"mainEntityOfPage\":{\"@id\":\"https:\\\/\\\/www.webdo.tn\\\/fr\\\/actualite\\\/national\\\/le-snjt-appelle-le-gouverneur-de-monastir-a-presenter-ses-excuses-aux-journalistes\\\/206157\\\/\"},\"wordCount\":190,\"commentCount\":0,\"publisher\":{\"@id\":\"https:\\\/\\\/www.webdo.tn\\\/fr\\\/#organization\"},\"image\":{\"@id\":\"https:\\\/\\\/www.webdo.tn\\\/fr\\\/actualite\\\/national\\\/le-snjt-appelle-le-gouverneur-de-monastir-a-presenter-ses-excuses-aux-journalistes\\\/206157\\\/#primaryimage\"},\"thumbnailUrl\":\"https:\\\/\\\/www.webdo.tn\\\/fr\\\/wp-content\\\/uploads\\\/2023\\\/05\\\/5320e164ccec041da4b5c21b875499ce.jpg\",\"keywords\":[\"Gouverneur\",\"jounalistes\",\"Monastir\",\"radio\",\"Tunisie\"],\"articleSection\":[\"National\"],\"inLanguage\":\"fr-FR\"},{\"@type\":\"WebPage\",\"@id\":\"https:\\\/\\\/www.webdo.tn\\\/fr\\\/actualite\\\/national\\\/le-snjt-appelle-le-gouverneur-de-monastir-a-presenter-ses-excuses-aux-journalistes\\\/206157\\\/\",\"url\":\"https:\\\/\\\/www.webdo.tn\\\/fr\\\/actualite\\\/national\\\/le-snjt-appelle-le-gouverneur-de-monastir-a-presenter-ses-excuses-aux-journalistes\\\/206157\\\/\",\"name\":\"Le SNJT appelle le gouverneur de Monastir \u00e0 pr\u00e9senter ses excuses aux journalistes\",\"isPartOf\":{\"@id\":\"https:\\\/\\\/www.webdo.tn\\\/fr\\\/#website\"},\"primaryImageOfPage\":{\"@id\":\"https:\\\/\\\/www.webdo.tn\\\/fr\\\/actualite\\\/national\\\/le-snjt-appelle-le-gouverneur-de-monastir-a-presenter-ses-excuses-aux-journalistes\\\/206157\\\/#primaryimage\"},\"image\":{\"@id\":\"https:\\\/\\\/www.webdo.tn\\\/fr\\\/actualite\\\/national\\\/le-snjt-appelle-le-gouverneur-de-monastir-a-presenter-ses-excuses-aux-journalistes\\\/206157\\\/#primaryimage\"},\"thumbnailUrl\":\"https:\\\/\\\/www.webdo.tn\\\/fr\\\/wp-content\\\/uploads\\\/2023\\\/05\\\/5320e164ccec041da4b5c21b875499ce.jpg\",\"datePublished\":\"2023-05-29T20:54:00+00:00\",\"dateModified\":\"2025-05-17T21:08:31+00:00\",\"description\":\"Le syndicat national des journalistes tunisiens (SNJT) a annonc\u00e9 son soutien les journalistes de la Radio r\u00e9gionale de Monastir dans leur d\u00e9cision de boycotter...\",\"breadcrumb\":{\"@id\":\"https:\\\/\\\/www.webdo.tn\\\/fr\\\/actualite\\\/national\\\/le-snjt-appelle-le-gouverneur-de-monastir-a-presenter-ses-excuses-aux-journalistes\\\/206157\\\/#breadcrumb\"},\"inLanguage\":\"fr-FR\",\"potentialAction\":[{\"@type\":\"ReadAction\",\"target\":[\"https:\\\/\\\/www.webdo.tn\\\/fr\\\/actualite\\\/national\\\/le-snjt-appelle-le-gouverneur-de-monastir-a-presenter-ses-excuses-aux-journalistes\\\/206157\\\/\"]}]},{\"@type\":\"ImageObject\",\"inLanguage\":\"fr-FR\",\"@id\":\"https:\\\/\\\/www.webdo.tn\\\/fr\\\/actualite\\\/national\\\/le-snjt-appelle-le-gouverneur-de-monastir-a-presenter-ses-excuses-aux-journalistes\\\/206157\\\/#primaryimage\",\"url\":\"https:\\\/\\\/www.webdo.tn\\\/fr\\\/wp-content\\\/uploads\\\/2023\\\/05\\\/5320e164ccec041da4b5c21b875499ce.jpg\",\"contentUrl\":\"https:\\\/\\\/www.webdo.tn\\\/fr\\\/wp-content\\\/uploads\\\/2023\\\/05\\\/5320e164ccec041da4b5c21b875499ce.jpg\",\"width\":750,\"height\":400,\"caption\":\"Le SNJT appelle le gouverneur de Monastir \u00e0 pr\u00e9senter ses excuses aux journalistes\"},{\"@type\":\"BreadcrumbList\",\"@id\":\"https:\\\/\\\/www.webdo.tn\\\/fr\\\/actualite\\\/national\\\/le-snjt-appelle-le-gouverneur-de-monastir-a-presenter-ses-excuses-aux-journalistes\\\/206157\\\/#breadcrumb\",\"itemListElement\":[{\"@type\":\"ListItem\",\"position\":1,\"name\":\"Accueil\",\"item\":\"https:\\\/\\\/www.webdo.tn\\\/fr\\\/\"},{\"@type\":\"ListItem\",\"position\":2,\"name\":\"Le SNJT appelle le gouverneur de Monastir \u00e0 pr\u00e9senter ses excuses aux journalistes\"}]},{\"@type\":\"WebSite\",\"@id\":\"https:\\\/\\\/www.webdo.tn\\\/fr\\\/#website\",\"url\":\"https:\\\/\\\/www.webdo.tn\\\/fr\\\/\",\"name\":\"webdo\",\"description\":\"Tunisie - News en Tunisie et \u00e0 l&#039;international sur Webdo.tn\",\"publisher\":{\"@id\":\"https:\\\/\\\/www.webdo.tn\\\/fr\\\/#organization\"},\"potentialAction\":[{\"@type\":\"SearchAction\",\"target\":{\"@type\":\"EntryPoint\",\"urlTemplate\":\"https:\\\/\\\/www.webdo.tn\\\/fr\\\/?s={search_term_string}\"},\"query-input\":{\"@type\":\"PropertyValueSpecification\",\"valueRequired\":true,\"valueName\":\"search_term_string\"}}],\"inLanguage\":\"fr-FR\"},{\"@type\":\"Organization\",\"@id\":\"https:\\\/\\\/www.webdo.tn\\\/fr\\\/#organization\",\"name\":\"Webdo\",\"alternateName\":\"Webdo.tn\",\"url\":\"https:\\\/\\\/www.webdo.tn\\\/fr\\\/\",\"logo\":{\"@type\":\"ImageObject\",\"inLanguage\":\"fr-FR\",\"@id\":\"https:\\\/\\\/www.webdo.tn\\\/fr\\\/#\\\/schema\\\/logo\\\/image\\\/\",\"url\":\"https:\\\/\\\/www.webdo.tn\\\/fr\\\/wp-content\\\/uploads\\\/2025\\\/06\\\/Webdo-Tunisie_168377.jpg\",\"contentUrl\":\"https:\\\/\\\/www.webdo.tn\\\/fr\\\/wp-content\\\/uploads\\\/2025\\\/06\\\/Webdo-Tunisie_168377.jpg\",\"width\":301,\"height\":301,\"caption\":\"Webdo\"},\"image\":{\"@id\":\"https:\\\/\\\/www.webdo.tn\\\/fr\\\/#\\\/schema\\\/logo\\\/image\\\/\"},\"sameAs\":[\"https:\\\/\\\/www.facebook.com\\\/webdotn\",\"https:\\\/\\\/x.com\\\/webdo_tn\"],\"description\":\"Webdo est un m\u00e9dia num\u00e9rique tunisien fond\u00e9 en 2010, sp\u00e9cialis\u00e9 dans l\u2019actualit\u00e9 nationale et internationale, l\u2019\u00e9conomie, la soci\u00e9t\u00e9 et les analyses politiques. Le site s\u2019adresse \u00e0 un large public francophone et couvre l\u2019information tunisienne en temps r\u00e9el.\",\"email\":\"redac@webdo.tn\",\"legalName\":\"YNJ SARL\",\"foundingDate\":\"2010-09-06\",\"numberOfEmployees\":{\"@type\":\"QuantitativeValue\",\"minValue\":\"11\",\"maxValue\":\"50\"}},{\"@type\":\"Person\",\"@id\":\"https:\\\/\\\/www.webdo.tn\\\/fr\\\/#\\\/schema\\\/person\\\/1f4e491e0907b413d61089e8eb573acc\",\"name\":\"Webdo\",\"image\":{\"@type\":\"ImageObject\",\"inLanguage\":\"fr-FR\",\"@id\":\"https:\\\/\\\/secure.gravatar.com\\\/avatar\\\/de97aeec1bb80978a9dbb127e47dfc88aaacb2f3c29aac907d8d3222e3495d49?s=96&d=mm&r=g\",\"url\":\"https:\\\/\\\/secure.gravatar.com\\\/avatar\\\/de97aeec1bb80978a9dbb127e47dfc88aaacb2f3c29aac907d8d3222e3495d49?s=96&d=mm&r=g\",\"contentUrl\":\"https:\\\/\\\/secure.gravatar.com\\\/avatar\\\/de97aeec1bb80978a9dbb127e47dfc88aaacb2f3c29aac907d8d3222e3495d49?s=96&d=mm&r=g\",\"caption\":\"Webdo\"},\"url\":\"https:\\\/\\\/www.webdo.tn\\\/fr\\\/actualite\\\/author\\\/webdo\\\/\"}]}<\/script>\n<!-- \/ Yoast SEO Premium plugin. -->","yoast_head_json":{"title":"Le SNJT appelle le gouverneur de Monastir \u00e0 pr\u00e9senter ses excuses aux journalistes","description":"Le syndicat national des journalistes tunisiens (SNJT) a annonc\u00e9 son soutien les journalistes de la Radio r\u00e9gionale de Monastir dans leur d\u00e9cision de boycotter...","canonical":"https:\/\/www.webdo.tn\/fr\/actualite\/national\/le-snjt-appelle-le-gouverneur-de-monastir-a-presenter-ses-excuses-aux-journalistes\/206157\/","og_locale":"fr_FR","og_type":"article","og_title":"Le SNJT appelle le gouverneur de Monastir \u00e0 pr\u00e9senter ses excuses aux journalistes","og_description":"Le syndicat national des journalistes tunisiens (SNJT) a annonc\u00e9 son soutien les journalistes de la Radio r\u00e9gionale de Monastir dans leur d\u00e9cision de boycotter...","og_url":"https:\/\/www.webdo.tn\/fr\/actualite\/national\/le-snjt-appelle-le-gouverneur-de-monastir-a-presenter-ses-excuses-aux-journalistes\/206157\/","og_site_name":"webdo","article_publisher":"https:\/\/www.facebook.com\/webdotn","article_published_time":"2023-05-29T20:54:00+00:00","article_modified_time":"2025-05-17T21:08:31+00:00","og_image":[{"width":750,"height":400,"url":"https:\/\/www.webdo.tn\/fr\/wp-content\/uploads\/2023\/05\/5320e164ccec041da4b5c21b875499ce.jpg","type":"image\/jpeg"}],"author":"Webdo","twitter_card":"summary_large_image","twitter_creator":"@webdo_tn","twitter_site":"@webdo_tn","twitter_misc":{"\u00c9crit par":"Webdo","Dur\u00e9e de lecture estim\u00e9e":"1 minute"},"schema":{"@context":"https:\/\/schema.org","@graph":[{"@type":"NewsArticle","@id":"https:\/\/www.webdo.tn\/fr\/actualite\/national\/le-snjt-appelle-le-gouverneur-de-monastir-a-presenter-ses-excuses-aux-journalistes\/206157\/#article","isPartOf":{"@id":"https:\/\/www.webdo.tn\/fr\/actualite\/national\/le-snjt-appelle-le-gouverneur-de-monastir-a-presenter-ses-excuses-aux-journalistes\/206157\/"},"author":{"name":"Webdo","@id":"https:\/\/www.webdo.tn\/fr\/#\/schema\/person\/1f4e491e0907b413d61089e8eb573acc"},"headline":"Le SNJT appelle le gouverneur de Monastir \u00e0 pr\u00e9senter ses excuses aux journalistes","datePublished":"2023-05-29T20:54:00+00:00","dateModified":"2025-05-17T21:08:31+00:00","mainEntityOfPage":{"@id":"https:\/\/www.webdo.tn\/fr\/actualite\/national\/le-snjt-appelle-le-gouverneur-de-monastir-a-presenter-ses-excuses-aux-journalistes\/206157\/"},"wordCount":190,"commentCount":0,"publisher":{"@id":"https:\/\/www.webdo.tn\/fr\/#organization"},"image":{"@id":"https:\/\/www.webdo.tn\/fr\/actualite\/national\/le-snjt-appelle-le-gouverneur-de-monastir-a-presenter-ses-excuses-aux-journalistes\/206157\/#primaryimage"},"thumbnailUrl":"https:\/\/www.webdo.tn\/fr\/wp-content\/uploads\/2023\/05\/5320e164ccec041da4b5c21b875499ce.jpg","keywords":["Gouverneur","jounalistes","Monastir","radio","Tunisie"],"articleSection":["National"],"inLanguage":"fr-FR"},{"@type":"WebPage","@id":"https:\/\/www.webdo.tn\/fr\/actualite\/national\/le-snjt-appelle-le-gouverneur-de-monastir-a-presenter-ses-excuses-aux-journalistes\/206157\/","url":"https:\/\/www.webdo.tn\/fr\/actualite\/national\/le-snjt-appelle-le-gouverneur-de-monastir-a-presenter-ses-excuses-aux-journalistes\/206157\/","name":"Le SNJT appelle le gouverneur de Monastir \u00e0 pr\u00e9senter ses excuses aux journalistes","isPartOf":{"@id":"https:\/\/www.webdo.tn\/fr\/#website"},"primaryImageOfPage":{"@id":"https:\/\/www.webdo.tn\/fr\/actualite\/national\/le-snjt-appelle-le-gouverneur-de-monastir-a-presenter-ses-excuses-aux-journalistes\/206157\/#primaryimage"},"image":{"@id":"https:\/\/www.webdo.tn\/fr\/actualite\/national\/le-snjt-appelle-le-gouverneur-de-monastir-a-presenter-ses-excuses-aux-journalistes\/206157\/#primaryimage"},"thumbnailUrl":"https:\/\/www.webdo.tn\/fr\/wp-content\/uploads\/2023\/05\/5320e164ccec041da4b5c21b875499ce.jpg","datePublished":"2023-05-29T20:54:00+00:00","dateModified":"2025-05-17T21:08:31+00:00","description":"Le syndicat national des journalistes tunisiens (SNJT) a annonc\u00e9 son soutien les journalistes de la Radio r\u00e9gionale de Monastir dans leur d\u00e9cision de boycotter...","breadcrumb":{"@id":"https:\/\/www.webdo.tn\/fr\/actualite\/national\/le-snjt-appelle-le-gouverneur-de-monastir-a-presenter-ses-excuses-aux-journalistes\/206157\/#breadcrumb"},"inLanguage":"fr-FR","potentialAction":[{"@type":"ReadAction","target":["https:\/\/www.webdo.tn\/fr\/actualite\/national\/le-snjt-appelle-le-gouverneur-de-monastir-a-presenter-ses-excuses-aux-journalistes\/206157\/"]}]},{"@type":"ImageObject","inLanguage":"fr-FR","@id":"https:\/\/www.webdo.tn\/fr\/actualite\/national\/le-snjt-appelle-le-gouverneur-de-monastir-a-presenter-ses-excuses-aux-journalistes\/206157\/#primaryimage","url":"https:\/\/www.webdo.tn\/fr\/wp-content\/uploads\/2023\/05\/5320e164ccec041da4b5c21b875499ce.jpg","contentUrl":"https:\/\/www.webdo.tn\/fr\/wp-content\/uploads\/2023\/05\/5320e164ccec041da4b5c21b875499ce.jpg","width":750,"height":400,"caption":"Le SNJT appelle le gouverneur de Monastir \u00e0 pr\u00e9senter ses excuses aux journalistes"},{"@type":"BreadcrumbList","@id":"https:\/\/www.webdo.tn\/fr\/actualite\/national\/le-snjt-appelle-le-gouverneur-de-monastir-a-presenter-ses-excuses-aux-journalistes\/206157\/#breadcrumb","itemListElement":[{"@type":"ListItem","position":1,"name":"Accueil","item":"https:\/\/www.webdo.tn\/fr\/"},{"@type":"ListItem","position":2,"name":"Le SNJT appelle le gouverneur de Monastir \u00e0 pr\u00e9senter ses excuses aux journalistes"}]},{"@type":"WebSite","@id":"https:\/\/www.webdo.tn\/fr\/#website","url":"https:\/\/www.webdo.tn\/fr\/","name":"webdo","description":"Tunisie - News en Tunisie et \u00e0 l&#039;international sur Webdo.tn","publisher":{"@id":"https:\/\/www.webdo.tn\/fr\/#organization"},"potentialAction":[{"@type":"SearchAction","target":{"@type":"EntryPoint","urlTemplate":"https:\/\/www.webdo.tn\/fr\/?s={search_term_string}"},"query-input":{"@type":"PropertyValueSpecification","valueRequired":true,"valueName":"search_term_string"}}],"inLanguage":"fr-FR"},{"@type":"Organization","@id":"https:\/\/www.webdo.tn\/fr\/#organization","name":"Webdo","alternateName":"Webdo.tn","url":"https:\/\/www.webdo.tn\/fr\/","logo":{"@type":"ImageObject","inLanguage":"fr-FR","@id":"https:\/\/www.webdo.tn\/fr\/#\/schema\/logo\/image\/","url":"https:\/\/www.webdo.tn\/fr\/wp-content\/uploads\/2025\/06\/Webdo-Tunisie_168377.jpg","contentUrl":"https:\/\/www.webdo.tn\/fr\/wp-content\/uploads\/2025\/06\/Webdo-Tunisie_168377.jpg","width":301,"height":301,"caption":"Webdo"},"image":{"@id":"https:\/\/www.webdo.tn\/fr\/#\/schema\/logo\/image\/"},"sameAs":["https:\/\/www.facebook.com\/webdotn","https:\/\/x.com\/webdo_tn"],"description":"Webdo est un m\u00e9dia num\u00e9rique tunisien fond\u00e9 en 2010, sp\u00e9cialis\u00e9 dans l\u2019actualit\u00e9 nationale et internationale, l\u2019\u00e9conomie, la soci\u00e9t\u00e9 et les analyses politiques. Le site s\u2019adresse \u00e0 un large public francophone et couvre l\u2019information tunisienne en temps r\u00e9el.","email":"redac@webdo.tn","legalName":"YNJ SARL","foundingDate":"2010-09-06","numberOfEmployees":{"@type":"QuantitativeValue","minValue":"11","maxValue":"50"}},{"@type":"Person","@id":"https:\/\/www.webdo.tn\/fr\/#\/schema\/person\/1f4e491e0907b413d61089e8eb573acc","name":"Webdo","image":{"@type":"ImageObject","inLanguage":"fr-FR","@id":"https:\/\/secure.gravatar.com\/avatar\/de97aeec1bb80978a9dbb127e47dfc88aaacb2f3c29aac907d8d3222e3495d49?s=96&d=mm&r=g","url":"https:\/\/secure.gravatar.com\/avatar\/de97aeec1bb80978a9dbb127e47dfc88aaacb2f3c29aac907d8d3222e3495d49?s=96&d=mm&r=g","contentUrl":"https:\/\/secure.gravatar.com\/avatar\/de97aeec1bb80978a9dbb127e47dfc88aaacb2f3c29aac907d8d3222e3495d49?s=96&d=mm&r=g","caption":"Webdo"},"url":"https:\/\/www.webdo.tn\/fr\/actualite\/author\/webdo\/"}]}},"_links":{"self":[{"href":"https:\/\/www.webdo.tn\/fr\/wp-json\/wp\/v2\/posts\/206157","targetHints":{"allow":["GET"]}}],"collection":[{"href":"https:\/\/www.webdo.tn\/fr\/wp-json\/wp\/v2\/posts"}],"about":[{"href":"https:\/\/www.webdo.tn\/fr\/wp-json\/wp\/v2\/types\/post"}],"author":[{"embeddable":true,"href":"https:\/\/www.webdo.tn\/fr\/wp-json\/wp\/v2\/users\/3169"}],"replies":[{"embeddable":true,"href":"https:\/\/www.webdo.tn\/fr\/wp-json\/wp\/v2\/comments?post=206157"}],"version-history":[{"count":0,"href":"https:\/\/www.webdo.tn\/fr\/wp-json\/wp\/v2\/posts\/206157\/revisions"}],"wp:featuredmedia":[{"embeddable":true,"href":"https:\/\/www.webdo.tn\/fr\/wp-json\/wp\/v2\/media\/278273"}],"wp:attachment":[{"href":"https:\/\/www.webdo.tn\/fr\/wp-json\/wp\/v2\/media?parent=206157"}],"wp:term":[{"taxonomy":"category","embeddable":true,"href":"https:\/\/www.webdo.tn\/fr\/wp-json\/wp\/v2\/categories?post=206157"},{"taxonomy":"post_tag","embeddable":true,"href":"https:\/\/www.webdo.tn\/fr\/wp-json\/wp\/v2\/tags?post=206157"}],"curies":[{"name":"wp","href":"https:\/\/api.w.org\/{rel}","templated":true}]}}