{"id":206137,"date":"2023-05-29T10:15:00","date_gmt":"2023-05-29T10:15:00","guid":{"rendered":"https:\/\/www.webdo.tn\/fr\/blog\/l-adversaire-d-ons-jabeur-a-roland-garros-decroche-son-premier-titre-wta-a-rabat\/206137\/"},"modified":"2025-05-20T21:59:23","modified_gmt":"2025-05-20T21:59:23","slug":"l-adversaire-d-ons-jabeur-a-roland-garros-decroche-son-premier-titre-wta-a-rabat","status":"publish","type":"post","link":"https:\/\/www.webdo.tn\/fr\/actualite\/sport\/l-adversaire-d-ons-jabeur-a-roland-garros-decroche-son-premier-titre-wta-a-rabat\/206137\/","title":{"rendered":"L\u2019adversaire d\u2019Ons Jabeur \u00e0 Roland Garros d\u00e9croche son premier titre WTA \u00e0 Rabat"},"content":{"rendered":"<p>La tenniswoman tunisienne, d\u00e9sign\u00e9e t\u00eate de s\u00e9rie num\u00e9ro 7, devait affronter l\u2019Italienne, ce lundi 29 mai dans le cadre du premier tour du simple dames, mais ce match a \u00e9t\u00e9 d\u00e9cal\u00e9 de 24 heures<\/p>\n<p>\t\t\t\t\t\t\t\t\tLa tenniswoman tunisienne, d\u00e9sign\u00e9e t\u00eate de s\u00e9rie num\u00e9ro 7, devait affronter l\u2019Italienne, ce lundi 29 mai dans le cadre du premier tour du simple dames, mais ce match a \u00e9t\u00e9 d\u00e9cal\u00e9 de 24 heures, car Lucia Bronzetti a d\u00e9croch\u00e9 le premier titre WTA de sa carri\u00e8re, \u00e0 Rabat, samedi.<\/p>\n<p>Un r\u00e9el avertissement pour Ons Jabeur qui se retrouve face \u00e0 une joueuse aur\u00e9ol\u00e9e de son premier titre WTA. Apr\u00e8s son succ\u00e8s, elle passe de la 102\u00e8me position \u00e0 la 65\u00e8me place au classement WTA mis \u00e0 jour aujourd\u2019hui. Ons Jabeur conserve, quant \u00e0 elle, sa 7me place mondiale.<\/p>\n<p>Quoi qu\u2019il en soit, le tirage au sort sur ce Roland Garros 2023 a \u00e9t\u00e9 assez cl\u00e9ment pour Ons Jabeur, du moins pour les deux premiers tours.<\/p>\n<p>La Tunisienne se trouve dans la premi\u00e8re moiti\u00e9 du tableau men\u00e9e par Swiatek (possible adversaire en demi-finale) et o\u00f9 se trouvent Rybakina, Gauff, Haddad Maia, Kuermetova, Azerenka et Alexandrova.<\/p>\n<p>En cas de victoire au premier tour, la Tunisienne affrontera la vainqueur du duel fran\u00e7ais entre Dodin et Janicijevic.<\/p>\n<p>Ons Jabeur a mal d\u00e9but\u00e9 cette ann\u00e9e 2023 avec des blessures \u00e0 r\u00e9p\u00e9tition. La tenniswoman a perdu trois positions au classement mondial WTA, le 8 mai dernier et r\u00e9trograd\u00e9 \u00e0 la 7\u00e8me place mondiale.<\/p>\n<p>Bless\u00e9e le 22 avril dernier en demi-finale du tournoi de Stuttgart face \u00e0 la num\u00e9ro 1 mondiale Iga Swiatek, Ons Jabeur avait d\u00fb abandonner la partie avant d\u2019annoncer son forfait au tournoi de Madrid o\u00f9 elle n\u2019a pu d\u00e9fendre son titre de l\u2019an pass\u00e9.<\/p>\n<p>R\u00e9tablie de sa blessure au mollet, Ons Jabeur a retrouv\u00e9 les courts de tennis \u00e0 l&rsquo;occasion des Masters de Rome o\u00f9 elle a \u00e9t\u00e9 \u00e9limin\u00e9e d\u2019entr\u00e9e.<\/p>\n","protected":false},"excerpt":{"rendered":"<p>Ons Jabeur, 7\u00e8me joueuse mondiale, devait d\u00e9buter aujourd\u2019hui \u00e0 Roland Garros face \u00e0 l\u2019Italienne Lucia Bronzetti.<\/p>\n","protected":false},"author":3162,"featured_media":251024,"comment_status":"open","ping_status":"closed","sticky":false,"template":"","format":"standard","meta":{"footnotes":""},"categories":[2593],"tags":[2604,6366,2691],"class_list":["post-206137","post","type-post","status-publish","format-standard","has-post-thumbnail","hentry","category-sport","tag-ons-jabeur","tag-roland-garros","tag-wta"],"yoast_head":"<!-- This site is optimized with the Yoast SEO Premium plugin v27.4 (Yoast SEO v27.5) - https:\/\/yoast.com\/product\/yoast-seo-premium-wordpress\/ -->\n<title>L\u2019adversaire d\u2019Ons Jabeur \u00e0 Roland Garros d\u00e9croche son premier titre WTA \u00e0 Rabat<\/title>\n<meta name=\"description\" content=\"Ons Jabeur, 7\u00e8me joueuse mondiale, devait d\u00e9buter aujourd\u2019hui \u00e0 Roland Garros face \u00e0 l\u2019Italienne Lucia Bronzetti.\" \/>\n<link rel=\"canonical\" href=\"https:\/\/www.webdo.tn\/fr\/actualite\/sport\/l-adversaire-d-ons-jabeur-a-roland-garros-decroche-son-premier-titre-wta-a-rabat\/206137\/\" \/>\n<meta property=\"og:locale\" content=\"fr_FR\" \/>\n<meta property=\"og:type\" content=\"article\" \/>\n<meta property=\"og:title\" content=\"L\u2019adversaire d\u2019Ons Jabeur \u00e0 Roland Garros d\u00e9croche son premier titre WTA \u00e0 Rabat\" \/>\n<meta property=\"og:description\" content=\"Ons Jabeur, 7\u00e8me joueuse mondiale, devait d\u00e9buter aujourd\u2019hui \u00e0 Roland Garros face \u00e0 l\u2019Italienne Lucia Bronzetti.\" \/>\n<meta property=\"og:url\" content=\"https:\/\/www.webdo.tn\/fr\/actualite\/sport\/l-adversaire-d-ons-jabeur-a-roland-garros-decroche-son-premier-titre-wta-a-rabat\/206137\/\" \/>\n<meta property=\"og:site_name\" content=\"webdo\" \/>\n<meta property=\"article:publisher\" content=\"https:\/\/www.facebook.com\/webdotn\" \/>\n<meta property=\"article:published_time\" content=\"2023-05-29T10:15:00+00:00\" \/>\n<meta property=\"article:modified_time\" content=\"2025-05-20T21:59:23+00:00\" \/>\n<meta property=\"og:image\" content=\"https:\/\/www.webdo.tn\/fr\/wp-content\/uploads\/2023\/05\/91dfa30265a2d4f0892521d66c2ce85b.jpg\" \/>\n\t<meta property=\"og:image:width\" content=\"750\" \/>\n\t<meta property=\"og:image:height\" content=\"400\" \/>\n\t<meta property=\"og:image:type\" content=\"image\/jpeg\" \/>\n<meta name=\"author\" content=\"MC\" \/>\n<meta name=\"twitter:card\" content=\"summary_large_image\" \/>\n<meta name=\"twitter:creator\" content=\"@webdo_tn\" \/>\n<meta name=\"twitter:site\" content=\"@webdo_tn\" \/>\n<meta name=\"twitter:label1\" content=\"\u00c9crit par\" \/>\n\t<meta name=\"twitter:data1\" content=\"MC\" \/>\n\t<meta name=\"twitter:label2\" content=\"Dur\u00e9e de lecture estim\u00e9e\" \/>\n\t<meta name=\"twitter:data2\" content=\"2 minutes\" \/>\n<script type=\"application\/ld+json\" class=\"yoast-schema-graph\">{\"@context\":\"https:\\\/\\\/schema.org\",\"@graph\":[{\"@type\":\"NewsArticle\",\"@id\":\"https:\\\/\\\/www.webdo.tn\\\/fr\\\/actualite\\\/sport\\\/l-adversaire-d-ons-jabeur-a-roland-garros-decroche-son-premier-titre-wta-a-rabat\\\/206137\\\/#article\",\"isPartOf\":{\"@id\":\"https:\\\/\\\/www.webdo.tn\\\/fr\\\/actualite\\\/sport\\\/l-adversaire-d-ons-jabeur-a-roland-garros-decroche-son-premier-titre-wta-a-rabat\\\/206137\\\/\"},\"author\":{\"name\":\"MC\",\"@id\":\"https:\\\/\\\/www.webdo.tn\\\/fr\\\/#\\\/schema\\\/person\\\/2c4929cbf5a809e3bd38617c6ce150f6\"},\"headline\":\"L\u2019adversaire d\u2019Ons Jabeur \u00e0 Roland Garros d\u00e9croche son premier titre WTA \u00e0 Rabat\",\"datePublished\":\"2023-05-29T10:15:00+00:00\",\"dateModified\":\"2025-05-20T21:59:23+00:00\",\"mainEntityOfPage\":{\"@id\":\"https:\\\/\\\/www.webdo.tn\\\/fr\\\/actualite\\\/sport\\\/l-adversaire-d-ons-jabeur-a-roland-garros-decroche-son-premier-titre-wta-a-rabat\\\/206137\\\/\"},\"wordCount\":348,\"commentCount\":0,\"publisher\":{\"@id\":\"https:\\\/\\\/www.webdo.tn\\\/fr\\\/#organization\"},\"image\":{\"@id\":\"https:\\\/\\\/www.webdo.tn\\\/fr\\\/actualite\\\/sport\\\/l-adversaire-d-ons-jabeur-a-roland-garros-decroche-son-premier-titre-wta-a-rabat\\\/206137\\\/#primaryimage\"},\"thumbnailUrl\":\"https:\\\/\\\/www.webdo.tn\\\/fr\\\/wp-content\\\/uploads\\\/2023\\\/05\\\/91dfa30265a2d4f0892521d66c2ce85b.jpg\",\"keywords\":[\"Ons Jabeur\",\"roland garros\",\"WTA\"],\"articleSection\":[\"Sport\"],\"inLanguage\":\"fr-FR\"},{\"@type\":\"WebPage\",\"@id\":\"https:\\\/\\\/www.webdo.tn\\\/fr\\\/actualite\\\/sport\\\/l-adversaire-d-ons-jabeur-a-roland-garros-decroche-son-premier-titre-wta-a-rabat\\\/206137\\\/\",\"url\":\"https:\\\/\\\/www.webdo.tn\\\/fr\\\/actualite\\\/sport\\\/l-adversaire-d-ons-jabeur-a-roland-garros-decroche-son-premier-titre-wta-a-rabat\\\/206137\\\/\",\"name\":\"L\u2019adversaire d\u2019Ons Jabeur \u00e0 Roland Garros d\u00e9croche son premier titre WTA \u00e0 Rabat\",\"isPartOf\":{\"@id\":\"https:\\\/\\\/www.webdo.tn\\\/fr\\\/#website\"},\"primaryImageOfPage\":{\"@id\":\"https:\\\/\\\/www.webdo.tn\\\/fr\\\/actualite\\\/sport\\\/l-adversaire-d-ons-jabeur-a-roland-garros-decroche-son-premier-titre-wta-a-rabat\\\/206137\\\/#primaryimage\"},\"image\":{\"@id\":\"https:\\\/\\\/www.webdo.tn\\\/fr\\\/actualite\\\/sport\\\/l-adversaire-d-ons-jabeur-a-roland-garros-decroche-son-premier-titre-wta-a-rabat\\\/206137\\\/#primaryimage\"},\"thumbnailUrl\":\"https:\\\/\\\/www.webdo.tn\\\/fr\\\/wp-content\\\/uploads\\\/2023\\\/05\\\/91dfa30265a2d4f0892521d66c2ce85b.jpg\",\"datePublished\":\"2023-05-29T10:15:00+00:00\",\"dateModified\":\"2025-05-20T21:59:23+00:00\",\"description\":\"Ons Jabeur, 7\u00e8me joueuse mondiale, devait d\u00e9buter aujourd\u2019hui \u00e0 Roland Garros face \u00e0 l\u2019Italienne Lucia Bronzetti.\",\"breadcrumb\":{\"@id\":\"https:\\\/\\\/www.webdo.tn\\\/fr\\\/actualite\\\/sport\\\/l-adversaire-d-ons-jabeur-a-roland-garros-decroche-son-premier-titre-wta-a-rabat\\\/206137\\\/#breadcrumb\"},\"inLanguage\":\"fr-FR\",\"potentialAction\":[{\"@type\":\"ReadAction\",\"target\":[\"https:\\\/\\\/www.webdo.tn\\\/fr\\\/actualite\\\/sport\\\/l-adversaire-d-ons-jabeur-a-roland-garros-decroche-son-premier-titre-wta-a-rabat\\\/206137\\\/\"]}]},{\"@type\":\"ImageObject\",\"inLanguage\":\"fr-FR\",\"@id\":\"https:\\\/\\\/www.webdo.tn\\\/fr\\\/actualite\\\/sport\\\/l-adversaire-d-ons-jabeur-a-roland-garros-decroche-son-premier-titre-wta-a-rabat\\\/206137\\\/#primaryimage\",\"url\":\"https:\\\/\\\/www.webdo.tn\\\/fr\\\/wp-content\\\/uploads\\\/2023\\\/05\\\/91dfa30265a2d4f0892521d66c2ce85b.jpg\",\"contentUrl\":\"https:\\\/\\\/www.webdo.tn\\\/fr\\\/wp-content\\\/uploads\\\/2023\\\/05\\\/91dfa30265a2d4f0892521d66c2ce85b.jpg\",\"width\":750,\"height\":400,\"caption\":\"L\u2019adversaire d\u2019Ons Jabeur \u00e0 Roland Garros d\u00e9croche son premier titre WTA \u00e0 Rabat\"},{\"@type\":\"BreadcrumbList\",\"@id\":\"https:\\\/\\\/www.webdo.tn\\\/fr\\\/actualite\\\/sport\\\/l-adversaire-d-ons-jabeur-a-roland-garros-decroche-son-premier-titre-wta-a-rabat\\\/206137\\\/#breadcrumb\",\"itemListElement\":[{\"@type\":\"ListItem\",\"position\":1,\"name\":\"Accueil\",\"item\":\"https:\\\/\\\/www.webdo.tn\\\/fr\\\/\"},{\"@type\":\"ListItem\",\"position\":2,\"name\":\"L\u2019adversaire d\u2019Ons Jabeur \u00e0 Roland Garros d\u00e9croche son premier titre WTA \u00e0 Rabat\"}]},{\"@type\":\"WebSite\",\"@id\":\"https:\\\/\\\/www.webdo.tn\\\/fr\\\/#website\",\"url\":\"https:\\\/\\\/www.webdo.tn\\\/fr\\\/\",\"name\":\"webdo\",\"description\":\"Tunisie - News en Tunisie et \u00e0 l&#039;international sur Webdo.tn\",\"publisher\":{\"@id\":\"https:\\\/\\\/www.webdo.tn\\\/fr\\\/#organization\"},\"potentialAction\":[{\"@type\":\"SearchAction\",\"target\":{\"@type\":\"EntryPoint\",\"urlTemplate\":\"https:\\\/\\\/www.webdo.tn\\\/fr\\\/?s={search_term_string}\"},\"query-input\":{\"@type\":\"PropertyValueSpecification\",\"valueRequired\":true,\"valueName\":\"search_term_string\"}}],\"inLanguage\":\"fr-FR\"},{\"@type\":\"Organization\",\"@id\":\"https:\\\/\\\/www.webdo.tn\\\/fr\\\/#organization\",\"name\":\"Webdo\",\"alternateName\":\"Webdo.tn\",\"url\":\"https:\\\/\\\/www.webdo.tn\\\/fr\\\/\",\"logo\":{\"@type\":\"ImageObject\",\"inLanguage\":\"fr-FR\",\"@id\":\"https:\\\/\\\/www.webdo.tn\\\/fr\\\/#\\\/schema\\\/logo\\\/image\\\/\",\"url\":\"https:\\\/\\\/www.webdo.tn\\\/fr\\\/wp-content\\\/uploads\\\/2025\\\/06\\\/Webdo-Tunisie_168377.jpg\",\"contentUrl\":\"https:\\\/\\\/www.webdo.tn\\\/fr\\\/wp-content\\\/uploads\\\/2025\\\/06\\\/Webdo-Tunisie_168377.jpg\",\"width\":301,\"height\":301,\"caption\":\"Webdo\"},\"image\":{\"@id\":\"https:\\\/\\\/www.webdo.tn\\\/fr\\\/#\\\/schema\\\/logo\\\/image\\\/\"},\"sameAs\":[\"https:\\\/\\\/www.facebook.com\\\/webdotn\",\"https:\\\/\\\/x.com\\\/webdo_tn\"],\"description\":\"Webdo est un m\u00e9dia num\u00e9rique tunisien fond\u00e9 en 2010, sp\u00e9cialis\u00e9 dans l\u2019actualit\u00e9 nationale et internationale, l\u2019\u00e9conomie, la soci\u00e9t\u00e9 et les analyses politiques. Le site s\u2019adresse \u00e0 un large public francophone et couvre l\u2019information tunisienne en temps r\u00e9el.\",\"email\":\"redac@webdo.tn\",\"legalName\":\"YNJ SARL\",\"foundingDate\":\"2010-09-06\",\"numberOfEmployees\":{\"@type\":\"QuantitativeValue\",\"minValue\":\"11\",\"maxValue\":\"50\"}},{\"@type\":\"Person\",\"@id\":\"https:\\\/\\\/www.webdo.tn\\\/fr\\\/#\\\/schema\\\/person\\\/2c4929cbf5a809e3bd38617c6ce150f6\",\"name\":\"MC\",\"image\":{\"@type\":\"ImageObject\",\"inLanguage\":\"fr-FR\",\"@id\":\"https:\\\/\\\/secure.gravatar.com\\\/avatar\\\/a545bbb6f84efdd5553dbbc2895e3ca8f1d12c5215e00a041c9670b54aa9b18a?s=96&d=mm&r=g\",\"url\":\"https:\\\/\\\/secure.gravatar.com\\\/avatar\\\/a545bbb6f84efdd5553dbbc2895e3ca8f1d12c5215e00a041c9670b54aa9b18a?s=96&d=mm&r=g\",\"contentUrl\":\"https:\\\/\\\/secure.gravatar.com\\\/avatar\\\/a545bbb6f84efdd5553dbbc2895e3ca8f1d12c5215e00a041c9670b54aa9b18a?s=96&d=mm&r=g\",\"caption\":\"MC\"},\"url\":\"https:\\\/\\\/www.webdo.tn\\\/fr\\\/actualite\\\/author\\\/mc\\\/\"}]}<\/script>\n<!-- \/ Yoast SEO Premium plugin. -->","yoast_head_json":{"title":"L\u2019adversaire d\u2019Ons Jabeur \u00e0 Roland Garros d\u00e9croche son premier titre WTA \u00e0 Rabat","description":"Ons Jabeur, 7\u00e8me joueuse mondiale, devait d\u00e9buter aujourd\u2019hui \u00e0 Roland Garros face \u00e0 l\u2019Italienne Lucia Bronzetti.","canonical":"https:\/\/www.webdo.tn\/fr\/actualite\/sport\/l-adversaire-d-ons-jabeur-a-roland-garros-decroche-son-premier-titre-wta-a-rabat\/206137\/","og_locale":"fr_FR","og_type":"article","og_title":"L\u2019adversaire d\u2019Ons Jabeur \u00e0 Roland Garros d\u00e9croche son premier titre WTA \u00e0 Rabat","og_description":"Ons Jabeur, 7\u00e8me joueuse mondiale, devait d\u00e9buter aujourd\u2019hui \u00e0 Roland Garros face \u00e0 l\u2019Italienne Lucia Bronzetti.","og_url":"https:\/\/www.webdo.tn\/fr\/actualite\/sport\/l-adversaire-d-ons-jabeur-a-roland-garros-decroche-son-premier-titre-wta-a-rabat\/206137\/","og_site_name":"webdo","article_publisher":"https:\/\/www.facebook.com\/webdotn","article_published_time":"2023-05-29T10:15:00+00:00","article_modified_time":"2025-05-20T21:59:23+00:00","og_image":[{"width":750,"height":400,"url":"https:\/\/www.webdo.tn\/fr\/wp-content\/uploads\/2023\/05\/91dfa30265a2d4f0892521d66c2ce85b.jpg","type":"image\/jpeg"}],"author":"MC","twitter_card":"summary_large_image","twitter_creator":"@webdo_tn","twitter_site":"@webdo_tn","twitter_misc":{"\u00c9crit par":"MC","Dur\u00e9e de lecture estim\u00e9e":"2 minutes"},"schema":{"@context":"https:\/\/schema.org","@graph":[{"@type":"NewsArticle","@id":"https:\/\/www.webdo.tn\/fr\/actualite\/sport\/l-adversaire-d-ons-jabeur-a-roland-garros-decroche-son-premier-titre-wta-a-rabat\/206137\/#article","isPartOf":{"@id":"https:\/\/www.webdo.tn\/fr\/actualite\/sport\/l-adversaire-d-ons-jabeur-a-roland-garros-decroche-son-premier-titre-wta-a-rabat\/206137\/"},"author":{"name":"MC","@id":"https:\/\/www.webdo.tn\/fr\/#\/schema\/person\/2c4929cbf5a809e3bd38617c6ce150f6"},"headline":"L\u2019adversaire d\u2019Ons Jabeur \u00e0 Roland Garros d\u00e9croche son premier titre WTA \u00e0 Rabat","datePublished":"2023-05-29T10:15:00+00:00","dateModified":"2025-05-20T21:59:23+00:00","mainEntityOfPage":{"@id":"https:\/\/www.webdo.tn\/fr\/actualite\/sport\/l-adversaire-d-ons-jabeur-a-roland-garros-decroche-son-premier-titre-wta-a-rabat\/206137\/"},"wordCount":348,"commentCount":0,"publisher":{"@id":"https:\/\/www.webdo.tn\/fr\/#organization"},"image":{"@id":"https:\/\/www.webdo.tn\/fr\/actualite\/sport\/l-adversaire-d-ons-jabeur-a-roland-garros-decroche-son-premier-titre-wta-a-rabat\/206137\/#primaryimage"},"thumbnailUrl":"https:\/\/www.webdo.tn\/fr\/wp-content\/uploads\/2023\/05\/91dfa30265a2d4f0892521d66c2ce85b.jpg","keywords":["Ons Jabeur","roland garros","WTA"],"articleSection":["Sport"],"inLanguage":"fr-FR"},{"@type":"WebPage","@id":"https:\/\/www.webdo.tn\/fr\/actualite\/sport\/l-adversaire-d-ons-jabeur-a-roland-garros-decroche-son-premier-titre-wta-a-rabat\/206137\/","url":"https:\/\/www.webdo.tn\/fr\/actualite\/sport\/l-adversaire-d-ons-jabeur-a-roland-garros-decroche-son-premier-titre-wta-a-rabat\/206137\/","name":"L\u2019adversaire d\u2019Ons Jabeur \u00e0 Roland Garros d\u00e9croche son premier titre WTA \u00e0 Rabat","isPartOf":{"@id":"https:\/\/www.webdo.tn\/fr\/#website"},"primaryImageOfPage":{"@id":"https:\/\/www.webdo.tn\/fr\/actualite\/sport\/l-adversaire-d-ons-jabeur-a-roland-garros-decroche-son-premier-titre-wta-a-rabat\/206137\/#primaryimage"},"image":{"@id":"https:\/\/www.webdo.tn\/fr\/actualite\/sport\/l-adversaire-d-ons-jabeur-a-roland-garros-decroche-son-premier-titre-wta-a-rabat\/206137\/#primaryimage"},"thumbnailUrl":"https:\/\/www.webdo.tn\/fr\/wp-content\/uploads\/2023\/05\/91dfa30265a2d4f0892521d66c2ce85b.jpg","datePublished":"2023-05-29T10:15:00+00:00","dateModified":"2025-05-20T21:59:23+00:00","description":"Ons Jabeur, 7\u00e8me joueuse mondiale, devait d\u00e9buter aujourd\u2019hui \u00e0 Roland Garros face \u00e0 l\u2019Italienne Lucia Bronzetti.","breadcrumb":{"@id":"https:\/\/www.webdo.tn\/fr\/actualite\/sport\/l-adversaire-d-ons-jabeur-a-roland-garros-decroche-son-premier-titre-wta-a-rabat\/206137\/#breadcrumb"},"inLanguage":"fr-FR","potentialAction":[{"@type":"ReadAction","target":["https:\/\/www.webdo.tn\/fr\/actualite\/sport\/l-adversaire-d-ons-jabeur-a-roland-garros-decroche-son-premier-titre-wta-a-rabat\/206137\/"]}]},{"@type":"ImageObject","inLanguage":"fr-FR","@id":"https:\/\/www.webdo.tn\/fr\/actualite\/sport\/l-adversaire-d-ons-jabeur-a-roland-garros-decroche-son-premier-titre-wta-a-rabat\/206137\/#primaryimage","url":"https:\/\/www.webdo.tn\/fr\/wp-content\/uploads\/2023\/05\/91dfa30265a2d4f0892521d66c2ce85b.jpg","contentUrl":"https:\/\/www.webdo.tn\/fr\/wp-content\/uploads\/2023\/05\/91dfa30265a2d4f0892521d66c2ce85b.jpg","width":750,"height":400,"caption":"L\u2019adversaire d\u2019Ons Jabeur \u00e0 Roland Garros d\u00e9croche son premier titre WTA \u00e0 Rabat"},{"@type":"BreadcrumbList","@id":"https:\/\/www.webdo.tn\/fr\/actualite\/sport\/l-adversaire-d-ons-jabeur-a-roland-garros-decroche-son-premier-titre-wta-a-rabat\/206137\/#breadcrumb","itemListElement":[{"@type":"ListItem","position":1,"name":"Accueil","item":"https:\/\/www.webdo.tn\/fr\/"},{"@type":"ListItem","position":2,"name":"L\u2019adversaire d\u2019Ons Jabeur \u00e0 Roland Garros d\u00e9croche son premier titre WTA \u00e0 Rabat"}]},{"@type":"WebSite","@id":"https:\/\/www.webdo.tn\/fr\/#website","url":"https:\/\/www.webdo.tn\/fr\/","name":"webdo","description":"Tunisie - News en Tunisie et \u00e0 l&#039;international sur Webdo.tn","publisher":{"@id":"https:\/\/www.webdo.tn\/fr\/#organization"},"potentialAction":[{"@type":"SearchAction","target":{"@type":"EntryPoint","urlTemplate":"https:\/\/www.webdo.tn\/fr\/?s={search_term_string}"},"query-input":{"@type":"PropertyValueSpecification","valueRequired":true,"valueName":"search_term_string"}}],"inLanguage":"fr-FR"},{"@type":"Organization","@id":"https:\/\/www.webdo.tn\/fr\/#organization","name":"Webdo","alternateName":"Webdo.tn","url":"https:\/\/www.webdo.tn\/fr\/","logo":{"@type":"ImageObject","inLanguage":"fr-FR","@id":"https:\/\/www.webdo.tn\/fr\/#\/schema\/logo\/image\/","url":"https:\/\/www.webdo.tn\/fr\/wp-content\/uploads\/2025\/06\/Webdo-Tunisie_168377.jpg","contentUrl":"https:\/\/www.webdo.tn\/fr\/wp-content\/uploads\/2025\/06\/Webdo-Tunisie_168377.jpg","width":301,"height":301,"caption":"Webdo"},"image":{"@id":"https:\/\/www.webdo.tn\/fr\/#\/schema\/logo\/image\/"},"sameAs":["https:\/\/www.facebook.com\/webdotn","https:\/\/x.com\/webdo_tn"],"description":"Webdo est un m\u00e9dia num\u00e9rique tunisien fond\u00e9 en 2010, sp\u00e9cialis\u00e9 dans l\u2019actualit\u00e9 nationale et internationale, l\u2019\u00e9conomie, la soci\u00e9t\u00e9 et les analyses politiques. Le site s\u2019adresse \u00e0 un large public francophone et couvre l\u2019information tunisienne en temps r\u00e9el.","email":"redac@webdo.tn","legalName":"YNJ SARL","foundingDate":"2010-09-06","numberOfEmployees":{"@type":"QuantitativeValue","minValue":"11","maxValue":"50"}},{"@type":"Person","@id":"https:\/\/www.webdo.tn\/fr\/#\/schema\/person\/2c4929cbf5a809e3bd38617c6ce150f6","name":"MC","image":{"@type":"ImageObject","inLanguage":"fr-FR","@id":"https:\/\/secure.gravatar.com\/avatar\/a545bbb6f84efdd5553dbbc2895e3ca8f1d12c5215e00a041c9670b54aa9b18a?s=96&d=mm&r=g","url":"https:\/\/secure.gravatar.com\/avatar\/a545bbb6f84efdd5553dbbc2895e3ca8f1d12c5215e00a041c9670b54aa9b18a?s=96&d=mm&r=g","contentUrl":"https:\/\/secure.gravatar.com\/avatar\/a545bbb6f84efdd5553dbbc2895e3ca8f1d12c5215e00a041c9670b54aa9b18a?s=96&d=mm&r=g","caption":"MC"},"url":"https:\/\/www.webdo.tn\/fr\/actualite\/author\/mc\/"}]}},"_links":{"self":[{"href":"https:\/\/www.webdo.tn\/fr\/wp-json\/wp\/v2\/posts\/206137","targetHints":{"allow":["GET"]}}],"collection":[{"href":"https:\/\/www.webdo.tn\/fr\/wp-json\/wp\/v2\/posts"}],"about":[{"href":"https:\/\/www.webdo.tn\/fr\/wp-json\/wp\/v2\/types\/post"}],"author":[{"embeddable":true,"href":"https:\/\/www.webdo.tn\/fr\/wp-json\/wp\/v2\/users\/3162"}],"replies":[{"embeddable":true,"href":"https:\/\/www.webdo.tn\/fr\/wp-json\/wp\/v2\/comments?post=206137"}],"version-history":[{"count":0,"href":"https:\/\/www.webdo.tn\/fr\/wp-json\/wp\/v2\/posts\/206137\/revisions"}],"wp:featuredmedia":[{"embeddable":true,"href":"https:\/\/www.webdo.tn\/fr\/wp-json\/wp\/v2\/media\/251024"}],"wp:attachment":[{"href":"https:\/\/www.webdo.tn\/fr\/wp-json\/wp\/v2\/media?parent=206137"}],"wp:term":[{"taxonomy":"category","embeddable":true,"href":"https:\/\/www.webdo.tn\/fr\/wp-json\/wp\/v2\/categories?post=206137"},{"taxonomy":"post_tag","embeddable":true,"href":"https:\/\/www.webdo.tn\/fr\/wp-json\/wp\/v2\/tags?post=206137"}],"curies":[{"name":"wp","href":"https:\/\/api.w.org\/{rel}","templated":true}]}}