{"id":206133,"date":"2023-05-29T09:19:00","date_gmt":"2023-05-29T09:19:00","guid":{"rendered":"https:\/\/www.webdo.tn\/fr\/blog\/deux-morts-et-deux-blesses-dans-le-crash-de-deux-avions-legers-a-chott-jerid\/206133\/"},"modified":"2025-05-20T21:59:22","modified_gmt":"2025-05-20T21:59:22","slug":"deux-morts-et-deux-blesses-dans-le-crash-de-deux-avions-legers-a-chott-jerid","status":"publish","type":"post","link":"https:\/\/www.webdo.tn\/fr\/actualite\/national\/deux-morts-et-deux-blesses-dans-le-crash-de-deux-avions-legers-a-chott-jerid\/206133\/","title":{"rendered":"Deux morts et deux bless\u00e9s dans le crash de deux avions l\u00e9gers \u00e0 Chott Jerid"},"content":{"rendered":"<p>Deux Fran\u00e7ais ont \u00e9t\u00e9 tu\u00e9s et deux autres bless\u00e9s, samedi, dans le crash de deux avions ultra l\u00e9gers \u00e0 Chott Jerid.<\/p>\n<p>\t\t\t\t\t\t\t\t\tC&rsquo;est ce qu&rsquo;a annonc\u00e9, hier, le porte-parole de la protection civile, pr\u00e9cisant que l&rsquo;incident s&rsquo;est produit au niveau de la fronti\u00e8re entre les gouvernorats de Tozeur et K\u00e9bili.<\/p>\n<p>Deux Fran\u00e7ais \u00e2g\u00e9s de 60 et 62 ans, \u00e9taient \u00e0 bord du premier avion qui s&rsquo;est \u00e9cras\u00e9. Ils ont \u00e9t\u00e9 l\u00e9g\u00e8rement bless\u00e9s.<\/p>\n<p>Le deuxi\u00e8me avion l\u00e9ger a pris feu avec \u00e0 son bord deux personnes dont les corps ont \u00e9t\u00e9 retrouv\u00e9s calcin\u00e9s, ceux du pilote et de son accompagnateur, tous deux aussi de nationalit\u00e9 fran\u00e7aise, \u00e2g\u00e9s de 78 et 55 ans, rapporte l\u2019agence TAP.<\/p>\n","protected":false},"excerpt":{"rendered":"<p>Deux Fran\u00e7ais ont \u00e9t\u00e9 tu\u00e9s et deux autres bless\u00e9s, samedi, dans le crash de deux avions ultra l\u00e9gers \u00e0 Chott Jerid<\/p>\n","protected":false},"author":3162,"featured_media":251021,"comment_status":"open","ping_status":"closed","sticky":false,"template":"","format":"standard","meta":{"footnotes":""},"categories":[44],"tags":[3915,8368,3208],"class_list":["post-206133","post","type-post","status-publish","format-standard","has-post-thumbnail","hentry","category-national","tag-accident","tag-avions","tag-morts"],"yoast_head":"<!-- This site is optimized with the Yoast SEO Premium plugin v27.5 (Yoast SEO v27.5) - https:\/\/yoast.com\/product\/yoast-seo-premium-wordpress\/ -->\n<title>Deux morts et deux bless\u00e9s dans le crash de deux avions l\u00e9gers \u00e0 Chott Jerid<\/title>\n<meta name=\"description\" content=\"Deux Fran\u00e7ais ont \u00e9t\u00e9 tu\u00e9s et deux autres bless\u00e9s, samedi, dans le crash de deux avions ultra l\u00e9gers \u00e0 Chott Jerid\" \/>\n<link rel=\"canonical\" href=\"https:\/\/www.webdo.tn\/fr\/actualite\/national\/deux-morts-et-deux-blesses-dans-le-crash-de-deux-avions-legers-a-chott-jerid\/206133\/\" \/>\n<meta property=\"og:locale\" content=\"fr_FR\" \/>\n<meta property=\"og:type\" content=\"article\" \/>\n<meta property=\"og:title\" content=\"Deux morts et deux bless\u00e9s dans le crash de deux avions l\u00e9gers \u00e0 Chott Jerid\" \/>\n<meta property=\"og:description\" content=\"Deux Fran\u00e7ais ont \u00e9t\u00e9 tu\u00e9s et deux autres bless\u00e9s, samedi, dans le crash de deux avions ultra l\u00e9gers \u00e0 Chott Jerid\" \/>\n<meta property=\"og:url\" content=\"https:\/\/www.webdo.tn\/fr\/actualite\/national\/deux-morts-et-deux-blesses-dans-le-crash-de-deux-avions-legers-a-chott-jerid\/206133\/\" \/>\n<meta property=\"og:site_name\" content=\"webdo\" \/>\n<meta property=\"article:publisher\" content=\"https:\/\/www.facebook.com\/webdotn\" \/>\n<meta property=\"article:published_time\" content=\"2023-05-29T09:19:00+00:00\" \/>\n<meta property=\"article:modified_time\" content=\"2025-05-20T21:59:22+00:00\" \/>\n<meta property=\"og:image\" content=\"https:\/\/www.webdo.tn\/fr\/wp-content\/uploads\/2023\/05\/f99c12da42e6095a0c1858f98485ef8b.jpg\" \/>\n\t<meta property=\"og:image:width\" content=\"750\" \/>\n\t<meta property=\"og:image:height\" content=\"400\" \/>\n\t<meta property=\"og:image:type\" content=\"image\/jpeg\" \/>\n<meta name=\"author\" content=\"MC\" \/>\n<meta name=\"twitter:card\" content=\"summary_large_image\" \/>\n<meta name=\"twitter:creator\" content=\"@webdo_tn\" \/>\n<meta name=\"twitter:site\" content=\"@webdo_tn\" \/>\n<meta name=\"twitter:label1\" content=\"\u00c9crit par\" \/>\n\t<meta name=\"twitter:data1\" content=\"MC\" \/>\n\t<meta name=\"twitter:label2\" content=\"Dur\u00e9e de lecture estim\u00e9e\" \/>\n\t<meta name=\"twitter:data2\" content=\"1 minute\" \/>\n<script type=\"application\/ld+json\" class=\"yoast-schema-graph\">{\"@context\":\"https:\\\/\\\/schema.org\",\"@graph\":[{\"@type\":\"NewsArticle\",\"@id\":\"https:\\\/\\\/www.webdo.tn\\\/fr\\\/actualite\\\/national\\\/deux-morts-et-deux-blesses-dans-le-crash-de-deux-avions-legers-a-chott-jerid\\\/206133\\\/#article\",\"isPartOf\":{\"@id\":\"https:\\\/\\\/www.webdo.tn\\\/fr\\\/actualite\\\/national\\\/deux-morts-et-deux-blesses-dans-le-crash-de-deux-avions-legers-a-chott-jerid\\\/206133\\\/\"},\"author\":{\"name\":\"MC\",\"@id\":\"https:\\\/\\\/www.webdo.tn\\\/fr\\\/#\\\/schema\\\/person\\\/2c4929cbf5a809e3bd38617c6ce150f6\"},\"headline\":\"Deux morts et deux bless\u00e9s dans le crash de deux avions l\u00e9gers \u00e0 Chott Jerid\",\"datePublished\":\"2023-05-29T09:19:00+00:00\",\"dateModified\":\"2025-05-20T21:59:22+00:00\",\"mainEntityOfPage\":{\"@id\":\"https:\\\/\\\/www.webdo.tn\\\/fr\\\/actualite\\\/national\\\/deux-morts-et-deux-blesses-dans-le-crash-de-deux-avions-legers-a-chott-jerid\\\/206133\\\/\"},\"wordCount\":146,\"commentCount\":0,\"publisher\":{\"@id\":\"https:\\\/\\\/www.webdo.tn\\\/fr\\\/#organization\"},\"image\":{\"@id\":\"https:\\\/\\\/www.webdo.tn\\\/fr\\\/actualite\\\/national\\\/deux-morts-et-deux-blesses-dans-le-crash-de-deux-avions-legers-a-chott-jerid\\\/206133\\\/#primaryimage\"},\"thumbnailUrl\":\"https:\\\/\\\/www.webdo.tn\\\/fr\\\/wp-content\\\/uploads\\\/2023\\\/05\\\/f99c12da42e6095a0c1858f98485ef8b.jpg\",\"keywords\":[\"accident\",\"avions\",\"morts\"],\"articleSection\":[\"National\"],\"inLanguage\":\"fr-FR\"},{\"@type\":\"WebPage\",\"@id\":\"https:\\\/\\\/www.webdo.tn\\\/fr\\\/actualite\\\/national\\\/deux-morts-et-deux-blesses-dans-le-crash-de-deux-avions-legers-a-chott-jerid\\\/206133\\\/\",\"url\":\"https:\\\/\\\/www.webdo.tn\\\/fr\\\/actualite\\\/national\\\/deux-morts-et-deux-blesses-dans-le-crash-de-deux-avions-legers-a-chott-jerid\\\/206133\\\/\",\"name\":\"Deux morts et deux bless\u00e9s dans le crash de deux avions l\u00e9gers \u00e0 Chott Jerid\",\"isPartOf\":{\"@id\":\"https:\\\/\\\/www.webdo.tn\\\/fr\\\/#website\"},\"primaryImageOfPage\":{\"@id\":\"https:\\\/\\\/www.webdo.tn\\\/fr\\\/actualite\\\/national\\\/deux-morts-et-deux-blesses-dans-le-crash-de-deux-avions-legers-a-chott-jerid\\\/206133\\\/#primaryimage\"},\"image\":{\"@id\":\"https:\\\/\\\/www.webdo.tn\\\/fr\\\/actualite\\\/national\\\/deux-morts-et-deux-blesses-dans-le-crash-de-deux-avions-legers-a-chott-jerid\\\/206133\\\/#primaryimage\"},\"thumbnailUrl\":\"https:\\\/\\\/www.webdo.tn\\\/fr\\\/wp-content\\\/uploads\\\/2023\\\/05\\\/f99c12da42e6095a0c1858f98485ef8b.jpg\",\"datePublished\":\"2023-05-29T09:19:00+00:00\",\"dateModified\":\"2025-05-20T21:59:22+00:00\",\"description\":\"Deux Fran\u00e7ais ont \u00e9t\u00e9 tu\u00e9s et deux autres bless\u00e9s, samedi, dans le crash de deux avions ultra l\u00e9gers \u00e0 Chott Jerid\",\"breadcrumb\":{\"@id\":\"https:\\\/\\\/www.webdo.tn\\\/fr\\\/actualite\\\/national\\\/deux-morts-et-deux-blesses-dans-le-crash-de-deux-avions-legers-a-chott-jerid\\\/206133\\\/#breadcrumb\"},\"inLanguage\":\"fr-FR\",\"potentialAction\":[{\"@type\":\"ReadAction\",\"target\":[\"https:\\\/\\\/www.webdo.tn\\\/fr\\\/actualite\\\/national\\\/deux-morts-et-deux-blesses-dans-le-crash-de-deux-avions-legers-a-chott-jerid\\\/206133\\\/\"]}]},{\"@type\":\"ImageObject\",\"inLanguage\":\"fr-FR\",\"@id\":\"https:\\\/\\\/www.webdo.tn\\\/fr\\\/actualite\\\/national\\\/deux-morts-et-deux-blesses-dans-le-crash-de-deux-avions-legers-a-chott-jerid\\\/206133\\\/#primaryimage\",\"url\":\"https:\\\/\\\/www.webdo.tn\\\/fr\\\/wp-content\\\/uploads\\\/2023\\\/05\\\/f99c12da42e6095a0c1858f98485ef8b.jpg\",\"contentUrl\":\"https:\\\/\\\/www.webdo.tn\\\/fr\\\/wp-content\\\/uploads\\\/2023\\\/05\\\/f99c12da42e6095a0c1858f98485ef8b.jpg\",\"width\":750,\"height\":400,\"caption\":\"Deux morts et deux bless\u00e9s dans le crash de deux avions l\u00e9gers \u00e0 Chott Jerid\"},{\"@type\":\"BreadcrumbList\",\"@id\":\"https:\\\/\\\/www.webdo.tn\\\/fr\\\/actualite\\\/national\\\/deux-morts-et-deux-blesses-dans-le-crash-de-deux-avions-legers-a-chott-jerid\\\/206133\\\/#breadcrumb\",\"itemListElement\":[{\"@type\":\"ListItem\",\"position\":1,\"name\":\"Accueil\",\"item\":\"https:\\\/\\\/www.webdo.tn\\\/fr\\\/\"},{\"@type\":\"ListItem\",\"position\":2,\"name\":\"Deux morts et deux bless\u00e9s dans le crash de deux avions l\u00e9gers \u00e0 Chott Jerid\"}]},{\"@type\":\"WebSite\",\"@id\":\"https:\\\/\\\/www.webdo.tn\\\/fr\\\/#website\",\"url\":\"https:\\\/\\\/www.webdo.tn\\\/fr\\\/\",\"name\":\"webdo\",\"description\":\"Tunisie - News en Tunisie et \u00e0 l&#039;international sur Webdo.tn\",\"publisher\":{\"@id\":\"https:\\\/\\\/www.webdo.tn\\\/fr\\\/#organization\"},\"potentialAction\":[{\"@type\":\"SearchAction\",\"target\":{\"@type\":\"EntryPoint\",\"urlTemplate\":\"https:\\\/\\\/www.webdo.tn\\\/fr\\\/?s={search_term_string}\"},\"query-input\":{\"@type\":\"PropertyValueSpecification\",\"valueRequired\":true,\"valueName\":\"search_term_string\"}}],\"inLanguage\":\"fr-FR\"},{\"@type\":\"Organization\",\"@id\":\"https:\\\/\\\/www.webdo.tn\\\/fr\\\/#organization\",\"name\":\"Webdo\",\"alternateName\":\"Webdo.tn\",\"url\":\"https:\\\/\\\/www.webdo.tn\\\/fr\\\/\",\"logo\":{\"@type\":\"ImageObject\",\"inLanguage\":\"fr-FR\",\"@id\":\"https:\\\/\\\/www.webdo.tn\\\/fr\\\/#\\\/schema\\\/logo\\\/image\\\/\",\"url\":\"https:\\\/\\\/www.webdo.tn\\\/fr\\\/wp-content\\\/uploads\\\/2025\\\/06\\\/Webdo-Tunisie_168377.jpg\",\"contentUrl\":\"https:\\\/\\\/www.webdo.tn\\\/fr\\\/wp-content\\\/uploads\\\/2025\\\/06\\\/Webdo-Tunisie_168377.jpg\",\"width\":301,\"height\":301,\"caption\":\"Webdo\"},\"image\":{\"@id\":\"https:\\\/\\\/www.webdo.tn\\\/fr\\\/#\\\/schema\\\/logo\\\/image\\\/\"},\"sameAs\":[\"https:\\\/\\\/www.facebook.com\\\/webdotn\",\"https:\\\/\\\/x.com\\\/webdo_tn\"],\"description\":\"Webdo est un m\u00e9dia num\u00e9rique tunisien fond\u00e9 en 2010, sp\u00e9cialis\u00e9 dans l\u2019actualit\u00e9 nationale et internationale, l\u2019\u00e9conomie, la soci\u00e9t\u00e9 et les analyses politiques. Le site s\u2019adresse \u00e0 un large public francophone et couvre l\u2019information tunisienne en temps r\u00e9el.\",\"email\":\"redac@webdo.tn\",\"legalName\":\"YNJ SARL\",\"foundingDate\":\"2010-09-06\",\"numberOfEmployees\":{\"@type\":\"QuantitativeValue\",\"minValue\":\"11\",\"maxValue\":\"50\"}},{\"@type\":\"Person\",\"@id\":\"https:\\\/\\\/www.webdo.tn\\\/fr\\\/#\\\/schema\\\/person\\\/2c4929cbf5a809e3bd38617c6ce150f6\",\"name\":\"MC\",\"image\":{\"@type\":\"ImageObject\",\"inLanguage\":\"fr-FR\",\"@id\":\"https:\\\/\\\/secure.gravatar.com\\\/avatar\\\/a545bbb6f84efdd5553dbbc2895e3ca8f1d12c5215e00a041c9670b54aa9b18a?s=96&d=mm&r=g\",\"url\":\"https:\\\/\\\/secure.gravatar.com\\\/avatar\\\/a545bbb6f84efdd5553dbbc2895e3ca8f1d12c5215e00a041c9670b54aa9b18a?s=96&d=mm&r=g\",\"contentUrl\":\"https:\\\/\\\/secure.gravatar.com\\\/avatar\\\/a545bbb6f84efdd5553dbbc2895e3ca8f1d12c5215e00a041c9670b54aa9b18a?s=96&d=mm&r=g\",\"caption\":\"MC\"},\"url\":\"https:\\\/\\\/www.webdo.tn\\\/fr\\\/actualite\\\/author\\\/mc\\\/\"}]}<\/script>\n<!-- \/ Yoast SEO Premium plugin. -->","yoast_head_json":{"title":"Deux morts et deux bless\u00e9s dans le crash de deux avions l\u00e9gers \u00e0 Chott Jerid","description":"Deux Fran\u00e7ais ont \u00e9t\u00e9 tu\u00e9s et deux autres bless\u00e9s, samedi, dans le crash de deux avions ultra l\u00e9gers \u00e0 Chott Jerid","canonical":"https:\/\/www.webdo.tn\/fr\/actualite\/national\/deux-morts-et-deux-blesses-dans-le-crash-de-deux-avions-legers-a-chott-jerid\/206133\/","og_locale":"fr_FR","og_type":"article","og_title":"Deux morts et deux bless\u00e9s dans le crash de deux avions l\u00e9gers \u00e0 Chott Jerid","og_description":"Deux Fran\u00e7ais ont \u00e9t\u00e9 tu\u00e9s et deux autres bless\u00e9s, samedi, dans le crash de deux avions ultra l\u00e9gers \u00e0 Chott Jerid","og_url":"https:\/\/www.webdo.tn\/fr\/actualite\/national\/deux-morts-et-deux-blesses-dans-le-crash-de-deux-avions-legers-a-chott-jerid\/206133\/","og_site_name":"webdo","article_publisher":"https:\/\/www.facebook.com\/webdotn","article_published_time":"2023-05-29T09:19:00+00:00","article_modified_time":"2025-05-20T21:59:22+00:00","og_image":[{"width":750,"height":400,"url":"https:\/\/www.webdo.tn\/fr\/wp-content\/uploads\/2023\/05\/f99c12da42e6095a0c1858f98485ef8b.jpg","type":"image\/jpeg"}],"author":"MC","twitter_card":"summary_large_image","twitter_creator":"@webdo_tn","twitter_site":"@webdo_tn","twitter_misc":{"\u00c9crit par":"MC","Dur\u00e9e de lecture estim\u00e9e":"1 minute"},"schema":{"@context":"https:\/\/schema.org","@graph":[{"@type":"NewsArticle","@id":"https:\/\/www.webdo.tn\/fr\/actualite\/national\/deux-morts-et-deux-blesses-dans-le-crash-de-deux-avions-legers-a-chott-jerid\/206133\/#article","isPartOf":{"@id":"https:\/\/www.webdo.tn\/fr\/actualite\/national\/deux-morts-et-deux-blesses-dans-le-crash-de-deux-avions-legers-a-chott-jerid\/206133\/"},"author":{"name":"MC","@id":"https:\/\/www.webdo.tn\/fr\/#\/schema\/person\/2c4929cbf5a809e3bd38617c6ce150f6"},"headline":"Deux morts et deux bless\u00e9s dans le crash de deux avions l\u00e9gers \u00e0 Chott Jerid","datePublished":"2023-05-29T09:19:00+00:00","dateModified":"2025-05-20T21:59:22+00:00","mainEntityOfPage":{"@id":"https:\/\/www.webdo.tn\/fr\/actualite\/national\/deux-morts-et-deux-blesses-dans-le-crash-de-deux-avions-legers-a-chott-jerid\/206133\/"},"wordCount":146,"commentCount":0,"publisher":{"@id":"https:\/\/www.webdo.tn\/fr\/#organization"},"image":{"@id":"https:\/\/www.webdo.tn\/fr\/actualite\/national\/deux-morts-et-deux-blesses-dans-le-crash-de-deux-avions-legers-a-chott-jerid\/206133\/#primaryimage"},"thumbnailUrl":"https:\/\/www.webdo.tn\/fr\/wp-content\/uploads\/2023\/05\/f99c12da42e6095a0c1858f98485ef8b.jpg","keywords":["accident","avions","morts"],"articleSection":["National"],"inLanguage":"fr-FR"},{"@type":"WebPage","@id":"https:\/\/www.webdo.tn\/fr\/actualite\/national\/deux-morts-et-deux-blesses-dans-le-crash-de-deux-avions-legers-a-chott-jerid\/206133\/","url":"https:\/\/www.webdo.tn\/fr\/actualite\/national\/deux-morts-et-deux-blesses-dans-le-crash-de-deux-avions-legers-a-chott-jerid\/206133\/","name":"Deux morts et deux bless\u00e9s dans le crash de deux avions l\u00e9gers \u00e0 Chott Jerid","isPartOf":{"@id":"https:\/\/www.webdo.tn\/fr\/#website"},"primaryImageOfPage":{"@id":"https:\/\/www.webdo.tn\/fr\/actualite\/national\/deux-morts-et-deux-blesses-dans-le-crash-de-deux-avions-legers-a-chott-jerid\/206133\/#primaryimage"},"image":{"@id":"https:\/\/www.webdo.tn\/fr\/actualite\/national\/deux-morts-et-deux-blesses-dans-le-crash-de-deux-avions-legers-a-chott-jerid\/206133\/#primaryimage"},"thumbnailUrl":"https:\/\/www.webdo.tn\/fr\/wp-content\/uploads\/2023\/05\/f99c12da42e6095a0c1858f98485ef8b.jpg","datePublished":"2023-05-29T09:19:00+00:00","dateModified":"2025-05-20T21:59:22+00:00","description":"Deux Fran\u00e7ais ont \u00e9t\u00e9 tu\u00e9s et deux autres bless\u00e9s, samedi, dans le crash de deux avions ultra l\u00e9gers \u00e0 Chott Jerid","breadcrumb":{"@id":"https:\/\/www.webdo.tn\/fr\/actualite\/national\/deux-morts-et-deux-blesses-dans-le-crash-de-deux-avions-legers-a-chott-jerid\/206133\/#breadcrumb"},"inLanguage":"fr-FR","potentialAction":[{"@type":"ReadAction","target":["https:\/\/www.webdo.tn\/fr\/actualite\/national\/deux-morts-et-deux-blesses-dans-le-crash-de-deux-avions-legers-a-chott-jerid\/206133\/"]}]},{"@type":"ImageObject","inLanguage":"fr-FR","@id":"https:\/\/www.webdo.tn\/fr\/actualite\/national\/deux-morts-et-deux-blesses-dans-le-crash-de-deux-avions-legers-a-chott-jerid\/206133\/#primaryimage","url":"https:\/\/www.webdo.tn\/fr\/wp-content\/uploads\/2023\/05\/f99c12da42e6095a0c1858f98485ef8b.jpg","contentUrl":"https:\/\/www.webdo.tn\/fr\/wp-content\/uploads\/2023\/05\/f99c12da42e6095a0c1858f98485ef8b.jpg","width":750,"height":400,"caption":"Deux morts et deux bless\u00e9s dans le crash de deux avions l\u00e9gers \u00e0 Chott Jerid"},{"@type":"BreadcrumbList","@id":"https:\/\/www.webdo.tn\/fr\/actualite\/national\/deux-morts-et-deux-blesses-dans-le-crash-de-deux-avions-legers-a-chott-jerid\/206133\/#breadcrumb","itemListElement":[{"@type":"ListItem","position":1,"name":"Accueil","item":"https:\/\/www.webdo.tn\/fr\/"},{"@type":"ListItem","position":2,"name":"Deux morts et deux bless\u00e9s dans le crash de deux avions l\u00e9gers \u00e0 Chott Jerid"}]},{"@type":"WebSite","@id":"https:\/\/www.webdo.tn\/fr\/#website","url":"https:\/\/www.webdo.tn\/fr\/","name":"webdo","description":"Tunisie - News en Tunisie et \u00e0 l&#039;international sur Webdo.tn","publisher":{"@id":"https:\/\/www.webdo.tn\/fr\/#organization"},"potentialAction":[{"@type":"SearchAction","target":{"@type":"EntryPoint","urlTemplate":"https:\/\/www.webdo.tn\/fr\/?s={search_term_string}"},"query-input":{"@type":"PropertyValueSpecification","valueRequired":true,"valueName":"search_term_string"}}],"inLanguage":"fr-FR"},{"@type":"Organization","@id":"https:\/\/www.webdo.tn\/fr\/#organization","name":"Webdo","alternateName":"Webdo.tn","url":"https:\/\/www.webdo.tn\/fr\/","logo":{"@type":"ImageObject","inLanguage":"fr-FR","@id":"https:\/\/www.webdo.tn\/fr\/#\/schema\/logo\/image\/","url":"https:\/\/www.webdo.tn\/fr\/wp-content\/uploads\/2025\/06\/Webdo-Tunisie_168377.jpg","contentUrl":"https:\/\/www.webdo.tn\/fr\/wp-content\/uploads\/2025\/06\/Webdo-Tunisie_168377.jpg","width":301,"height":301,"caption":"Webdo"},"image":{"@id":"https:\/\/www.webdo.tn\/fr\/#\/schema\/logo\/image\/"},"sameAs":["https:\/\/www.facebook.com\/webdotn","https:\/\/x.com\/webdo_tn"],"description":"Webdo est un m\u00e9dia num\u00e9rique tunisien fond\u00e9 en 2010, sp\u00e9cialis\u00e9 dans l\u2019actualit\u00e9 nationale et internationale, l\u2019\u00e9conomie, la soci\u00e9t\u00e9 et les analyses politiques. Le site s\u2019adresse \u00e0 un large public francophone et couvre l\u2019information tunisienne en temps r\u00e9el.","email":"redac@webdo.tn","legalName":"YNJ SARL","foundingDate":"2010-09-06","numberOfEmployees":{"@type":"QuantitativeValue","minValue":"11","maxValue":"50"}},{"@type":"Person","@id":"https:\/\/www.webdo.tn\/fr\/#\/schema\/person\/2c4929cbf5a809e3bd38617c6ce150f6","name":"MC","image":{"@type":"ImageObject","inLanguage":"fr-FR","@id":"https:\/\/secure.gravatar.com\/avatar\/a545bbb6f84efdd5553dbbc2895e3ca8f1d12c5215e00a041c9670b54aa9b18a?s=96&d=mm&r=g","url":"https:\/\/secure.gravatar.com\/avatar\/a545bbb6f84efdd5553dbbc2895e3ca8f1d12c5215e00a041c9670b54aa9b18a?s=96&d=mm&r=g","contentUrl":"https:\/\/secure.gravatar.com\/avatar\/a545bbb6f84efdd5553dbbc2895e3ca8f1d12c5215e00a041c9670b54aa9b18a?s=96&d=mm&r=g","caption":"MC"},"url":"https:\/\/www.webdo.tn\/fr\/actualite\/author\/mc\/"}]}},"_links":{"self":[{"href":"https:\/\/www.webdo.tn\/fr\/wp-json\/wp\/v2\/posts\/206133","targetHints":{"allow":["GET"]}}],"collection":[{"href":"https:\/\/www.webdo.tn\/fr\/wp-json\/wp\/v2\/posts"}],"about":[{"href":"https:\/\/www.webdo.tn\/fr\/wp-json\/wp\/v2\/types\/post"}],"author":[{"embeddable":true,"href":"https:\/\/www.webdo.tn\/fr\/wp-json\/wp\/v2\/users\/3162"}],"replies":[{"embeddable":true,"href":"https:\/\/www.webdo.tn\/fr\/wp-json\/wp\/v2\/comments?post=206133"}],"version-history":[{"count":0,"href":"https:\/\/www.webdo.tn\/fr\/wp-json\/wp\/v2\/posts\/206133\/revisions"}],"wp:featuredmedia":[{"embeddable":true,"href":"https:\/\/www.webdo.tn\/fr\/wp-json\/wp\/v2\/media\/251021"}],"wp:attachment":[{"href":"https:\/\/www.webdo.tn\/fr\/wp-json\/wp\/v2\/media?parent=206133"}],"wp:term":[{"taxonomy":"category","embeddable":true,"href":"https:\/\/www.webdo.tn\/fr\/wp-json\/wp\/v2\/categories?post=206133"},{"taxonomy":"post_tag","embeddable":true,"href":"https:\/\/www.webdo.tn\/fr\/wp-json\/wp\/v2\/tags?post=206133"}],"curies":[{"name":"wp","href":"https:\/\/api.w.org\/{rel}","templated":true}]}}