{"id":206124,"date":"2023-05-28T13:56:00","date_gmt":"2023-05-28T13:56:00","guid":{"rendered":"https:\/\/www.webdo.tn\/fr\/blog\/hausse-de-6-des-transferts-de-fonds-de-la-diaspora-tunisienne\/206124\/"},"modified":"2025-05-14T10:41:07","modified_gmt":"2025-05-14T10:41:07","slug":"hausse-de-6-des-transferts-de-fonds-de-la-diaspora-tunisienne","status":"publish","type":"post","link":"https:\/\/www.webdo.tn\/fr\/actualite\/national\/hausse-de-6-des-transferts-de-fonds-de-la-diaspora-tunisienne\/206124\/","title":{"rendered":"Hausse de 6% des transferts de fonds de la diaspora tunisienne"},"content":{"rendered":"<p>Les transferts effectu\u00e9s par les Tunisiens \u00e0 l\u2019\u00e9tranger ont enregistr\u00e9 une hausse de 6%, \u00e0 la date du\u00a020 mai 2023, par rapport \u00e0 la m\u00eame p\u00e9riode de l&rsquo;ann\u00e9e 2022, selon le communiqu\u00e9 publi\u00e9 par\u00a0l\u2019Office des Tunisiens \u00e0 l\u2019\u00e9tranger, qui cite les chiffres de\u00a0la Banque centrale de Tunisie (BCT).<\/p>\n<p>\t\t\t\t\t\t\t\t\tEn ce sens, ces transferts de fonds ont atteint 2950 millions de dinars, repr\u00e9sentant\u00a013,6% des stocks en devises \u00e9trang\u00e8res.<\/p>\n<p>Par ailleurs, et toujours d&rsquo;apr\u00e8s les chiffres de la BCT, les recettes touristiques ont \u00e9galement enregistr\u00e9 une forte hausse de 36,6% pour atteindre 1500 millions de dinars, contre 900 millions \u00e0 la m\u00eame p\u00e9riode de l&rsquo;ann\u00e9e pr\u00e9c\u00e9dente.<\/p>\n","protected":false},"excerpt":{"rendered":"<p>Les transferts effectu\u00e9s par les Tunisiens \u00e0 l\u2019\u00e9tranger ont enregistr\u00e9 une hausse de 6%, \u00e0 la date du\u00a020 mai 2023, par rapport \u00e0 la m\u00eame p\u00e9riode de l&rsquo;ann\u00e9e 2022&#8230;<\/p>\n","protected":false},"author":3169,"featured_media":251018,"comment_status":"open","ping_status":"closed","sticky":false,"template":"","format":"standard","meta":{"footnotes":""},"categories":[44],"tags":[6540,3438,6539,8366,2608],"class_list":["post-206124","post","type-post","status-publish","format-standard","has-post-thumbnail","hentry","category-national","tag-argent","tag-devises","tag-diaspora","tag-transfert-de-fonds","tag-tunisie"],"yoast_head":"<!-- This site is optimized with the Yoast SEO Premium plugin v27.5 (Yoast SEO v27.5) - https:\/\/yoast.com\/product\/yoast-seo-premium-wordpress\/ -->\n<title>Hausse de 6% des transferts de fonds de la diaspora tunisienne<\/title>\n<meta name=\"description\" content=\"Les transferts effectu\u00e9s par les Tunisiens \u00e0 l\u2019\u00e9tranger ont enregistr\u00e9 une hausse de 6%, \u00e0 la date du\u00a020 mai 2023, par rapport \u00e0 la m\u00eame p\u00e9riode de l&#039;ann\u00e9e 2022...\" \/>\n<link rel=\"canonical\" href=\"https:\/\/www.webdo.tn\/fr\/actualite\/national\/hausse-de-6-des-transferts-de-fonds-de-la-diaspora-tunisienne\/206124\/\" \/>\n<meta property=\"og:locale\" content=\"fr_FR\" \/>\n<meta property=\"og:type\" content=\"article\" \/>\n<meta property=\"og:title\" content=\"Hausse de 6% des transferts de fonds de la diaspora tunisienne\" \/>\n<meta property=\"og:description\" content=\"Les transferts effectu\u00e9s par les Tunisiens \u00e0 l\u2019\u00e9tranger ont enregistr\u00e9 une hausse de 6%, \u00e0 la date du\u00a020 mai 2023, par rapport \u00e0 la m\u00eame p\u00e9riode de l&#039;ann\u00e9e 2022...\" \/>\n<meta property=\"og:url\" content=\"https:\/\/www.webdo.tn\/fr\/actualite\/national\/hausse-de-6-des-transferts-de-fonds-de-la-diaspora-tunisienne\/206124\/\" \/>\n<meta property=\"og:site_name\" content=\"webdo\" \/>\n<meta property=\"article:publisher\" content=\"https:\/\/www.facebook.com\/webdotn\" \/>\n<meta property=\"article:published_time\" content=\"2023-05-28T13:56:00+00:00\" \/>\n<meta property=\"article:modified_time\" content=\"2025-05-14T10:41:07+00:00\" \/>\n<meta property=\"og:image\" content=\"https:\/\/www.webdo.tn\/fr\/wp-content\/uploads\/2023\/05\/b0ab02817830b1c926d9f07ca2ac2477.jpg\" \/>\n\t<meta property=\"og:image:width\" content=\"750\" \/>\n\t<meta property=\"og:image:height\" content=\"400\" \/>\n\t<meta property=\"og:image:type\" content=\"image\/jpeg\" \/>\n<meta name=\"author\" content=\"Webdo\" \/>\n<meta name=\"twitter:card\" content=\"summary_large_image\" \/>\n<meta name=\"twitter:creator\" content=\"@webdo_tn\" \/>\n<meta name=\"twitter:site\" content=\"@webdo_tn\" \/>\n<meta name=\"twitter:label1\" content=\"\u00c9crit par\" \/>\n\t<meta name=\"twitter:data1\" content=\"Webdo\" \/>\n\t<meta name=\"twitter:label2\" content=\"Dur\u00e9e de lecture estim\u00e9e\" \/>\n\t<meta name=\"twitter:data2\" content=\"1 minute\" \/>\n<script type=\"application\/ld+json\" class=\"yoast-schema-graph\">{\"@context\":\"https:\\\/\\\/schema.org\",\"@graph\":[{\"@type\":\"NewsArticle\",\"@id\":\"https:\\\/\\\/www.webdo.tn\\\/fr\\\/actualite\\\/national\\\/hausse-de-6-des-transferts-de-fonds-de-la-diaspora-tunisienne\\\/206124\\\/#article\",\"isPartOf\":{\"@id\":\"https:\\\/\\\/www.webdo.tn\\\/fr\\\/actualite\\\/national\\\/hausse-de-6-des-transferts-de-fonds-de-la-diaspora-tunisienne\\\/206124\\\/\"},\"author\":{\"name\":\"Webdo\",\"@id\":\"https:\\\/\\\/www.webdo.tn\\\/fr\\\/#\\\/schema\\\/person\\\/1f4e491e0907b413d61089e8eb573acc\"},\"headline\":\"Hausse de 6% des transferts de fonds de la diaspora tunisienne\",\"datePublished\":\"2023-05-28T13:56:00+00:00\",\"dateModified\":\"2025-05-14T10:41:07+00:00\",\"mainEntityOfPage\":{\"@id\":\"https:\\\/\\\/www.webdo.tn\\\/fr\\\/actualite\\\/national\\\/hausse-de-6-des-transferts-de-fonds-de-la-diaspora-tunisienne\\\/206124\\\/\"},\"wordCount\":122,\"commentCount\":0,\"publisher\":{\"@id\":\"https:\\\/\\\/www.webdo.tn\\\/fr\\\/#organization\"},\"image\":{\"@id\":\"https:\\\/\\\/www.webdo.tn\\\/fr\\\/actualite\\\/national\\\/hausse-de-6-des-transferts-de-fonds-de-la-diaspora-tunisienne\\\/206124\\\/#primaryimage\"},\"thumbnailUrl\":\"https:\\\/\\\/www.webdo.tn\\\/fr\\\/wp-content\\\/uploads\\\/2023\\\/05\\\/b0ab02817830b1c926d9f07ca2ac2477.jpg\",\"keywords\":[\"argent\",\"devises\",\"diaspora\",\"transfert de fonds\",\"Tunisie\"],\"articleSection\":[\"National\"],\"inLanguage\":\"fr-FR\"},{\"@type\":\"WebPage\",\"@id\":\"https:\\\/\\\/www.webdo.tn\\\/fr\\\/actualite\\\/national\\\/hausse-de-6-des-transferts-de-fonds-de-la-diaspora-tunisienne\\\/206124\\\/\",\"url\":\"https:\\\/\\\/www.webdo.tn\\\/fr\\\/actualite\\\/national\\\/hausse-de-6-des-transferts-de-fonds-de-la-diaspora-tunisienne\\\/206124\\\/\",\"name\":\"Hausse de 6% des transferts de fonds de la diaspora tunisienne\",\"isPartOf\":{\"@id\":\"https:\\\/\\\/www.webdo.tn\\\/fr\\\/#website\"},\"primaryImageOfPage\":{\"@id\":\"https:\\\/\\\/www.webdo.tn\\\/fr\\\/actualite\\\/national\\\/hausse-de-6-des-transferts-de-fonds-de-la-diaspora-tunisienne\\\/206124\\\/#primaryimage\"},\"image\":{\"@id\":\"https:\\\/\\\/www.webdo.tn\\\/fr\\\/actualite\\\/national\\\/hausse-de-6-des-transferts-de-fonds-de-la-diaspora-tunisienne\\\/206124\\\/#primaryimage\"},\"thumbnailUrl\":\"https:\\\/\\\/www.webdo.tn\\\/fr\\\/wp-content\\\/uploads\\\/2023\\\/05\\\/b0ab02817830b1c926d9f07ca2ac2477.jpg\",\"datePublished\":\"2023-05-28T13:56:00+00:00\",\"dateModified\":\"2025-05-14T10:41:07+00:00\",\"description\":\"Les transferts effectu\u00e9s par les Tunisiens \u00e0 l\u2019\u00e9tranger ont enregistr\u00e9 une hausse de 6%, \u00e0 la date du\u00a020 mai 2023, par rapport \u00e0 la m\u00eame p\u00e9riode de l'ann\u00e9e 2022...\",\"breadcrumb\":{\"@id\":\"https:\\\/\\\/www.webdo.tn\\\/fr\\\/actualite\\\/national\\\/hausse-de-6-des-transferts-de-fonds-de-la-diaspora-tunisienne\\\/206124\\\/#breadcrumb\"},\"inLanguage\":\"fr-FR\",\"potentialAction\":[{\"@type\":\"ReadAction\",\"target\":[\"https:\\\/\\\/www.webdo.tn\\\/fr\\\/actualite\\\/national\\\/hausse-de-6-des-transferts-de-fonds-de-la-diaspora-tunisienne\\\/206124\\\/\"]}]},{\"@type\":\"ImageObject\",\"inLanguage\":\"fr-FR\",\"@id\":\"https:\\\/\\\/www.webdo.tn\\\/fr\\\/actualite\\\/national\\\/hausse-de-6-des-transferts-de-fonds-de-la-diaspora-tunisienne\\\/206124\\\/#primaryimage\",\"url\":\"https:\\\/\\\/www.webdo.tn\\\/fr\\\/wp-content\\\/uploads\\\/2023\\\/05\\\/b0ab02817830b1c926d9f07ca2ac2477.jpg\",\"contentUrl\":\"https:\\\/\\\/www.webdo.tn\\\/fr\\\/wp-content\\\/uploads\\\/2023\\\/05\\\/b0ab02817830b1c926d9f07ca2ac2477.jpg\",\"width\":750,\"height\":400,\"caption\":\"Hausse de 6% des transferts de fonds de la diaspora tunisienne\"},{\"@type\":\"BreadcrumbList\",\"@id\":\"https:\\\/\\\/www.webdo.tn\\\/fr\\\/actualite\\\/national\\\/hausse-de-6-des-transferts-de-fonds-de-la-diaspora-tunisienne\\\/206124\\\/#breadcrumb\",\"itemListElement\":[{\"@type\":\"ListItem\",\"position\":1,\"name\":\"Accueil\",\"item\":\"https:\\\/\\\/www.webdo.tn\\\/fr\\\/\"},{\"@type\":\"ListItem\",\"position\":2,\"name\":\"Hausse de 6% des transferts de fonds de la diaspora tunisienne\"}]},{\"@type\":\"WebSite\",\"@id\":\"https:\\\/\\\/www.webdo.tn\\\/fr\\\/#website\",\"url\":\"https:\\\/\\\/www.webdo.tn\\\/fr\\\/\",\"name\":\"webdo\",\"description\":\"Tunisie - News en Tunisie et \u00e0 l&#039;international sur Webdo.tn\",\"publisher\":{\"@id\":\"https:\\\/\\\/www.webdo.tn\\\/fr\\\/#organization\"},\"potentialAction\":[{\"@type\":\"SearchAction\",\"target\":{\"@type\":\"EntryPoint\",\"urlTemplate\":\"https:\\\/\\\/www.webdo.tn\\\/fr\\\/?s={search_term_string}\"},\"query-input\":{\"@type\":\"PropertyValueSpecification\",\"valueRequired\":true,\"valueName\":\"search_term_string\"}}],\"inLanguage\":\"fr-FR\"},{\"@type\":\"Organization\",\"@id\":\"https:\\\/\\\/www.webdo.tn\\\/fr\\\/#organization\",\"name\":\"Webdo\",\"alternateName\":\"Webdo.tn\",\"url\":\"https:\\\/\\\/www.webdo.tn\\\/fr\\\/\",\"logo\":{\"@type\":\"ImageObject\",\"inLanguage\":\"fr-FR\",\"@id\":\"https:\\\/\\\/www.webdo.tn\\\/fr\\\/#\\\/schema\\\/logo\\\/image\\\/\",\"url\":\"https:\\\/\\\/www.webdo.tn\\\/fr\\\/wp-content\\\/uploads\\\/2025\\\/06\\\/Webdo-Tunisie_168377.jpg\",\"contentUrl\":\"https:\\\/\\\/www.webdo.tn\\\/fr\\\/wp-content\\\/uploads\\\/2025\\\/06\\\/Webdo-Tunisie_168377.jpg\",\"width\":301,\"height\":301,\"caption\":\"Webdo\"},\"image\":{\"@id\":\"https:\\\/\\\/www.webdo.tn\\\/fr\\\/#\\\/schema\\\/logo\\\/image\\\/\"},\"sameAs\":[\"https:\\\/\\\/www.facebook.com\\\/webdotn\",\"https:\\\/\\\/x.com\\\/webdo_tn\"],\"description\":\"Webdo est un m\u00e9dia num\u00e9rique tunisien fond\u00e9 en 2010, sp\u00e9cialis\u00e9 dans l\u2019actualit\u00e9 nationale et internationale, l\u2019\u00e9conomie, la soci\u00e9t\u00e9 et les analyses politiques. Le site s\u2019adresse \u00e0 un large public francophone et couvre l\u2019information tunisienne en temps r\u00e9el.\",\"email\":\"redac@webdo.tn\",\"legalName\":\"YNJ SARL\",\"foundingDate\":\"2010-09-06\",\"numberOfEmployees\":{\"@type\":\"QuantitativeValue\",\"minValue\":\"11\",\"maxValue\":\"50\"}},{\"@type\":\"Person\",\"@id\":\"https:\\\/\\\/www.webdo.tn\\\/fr\\\/#\\\/schema\\\/person\\\/1f4e491e0907b413d61089e8eb573acc\",\"name\":\"Webdo\",\"image\":{\"@type\":\"ImageObject\",\"inLanguage\":\"fr-FR\",\"@id\":\"https:\\\/\\\/secure.gravatar.com\\\/avatar\\\/de97aeec1bb80978a9dbb127e47dfc88aaacb2f3c29aac907d8d3222e3495d49?s=96&d=mm&r=g\",\"url\":\"https:\\\/\\\/secure.gravatar.com\\\/avatar\\\/de97aeec1bb80978a9dbb127e47dfc88aaacb2f3c29aac907d8d3222e3495d49?s=96&d=mm&r=g\",\"contentUrl\":\"https:\\\/\\\/secure.gravatar.com\\\/avatar\\\/de97aeec1bb80978a9dbb127e47dfc88aaacb2f3c29aac907d8d3222e3495d49?s=96&d=mm&r=g\",\"caption\":\"Webdo\"},\"url\":\"https:\\\/\\\/www.webdo.tn\\\/fr\\\/actualite\\\/author\\\/webdo\\\/\"}]}<\/script>\n<!-- \/ Yoast SEO Premium plugin. -->","yoast_head_json":{"title":"Hausse de 6% des transferts de fonds de la diaspora tunisienne","description":"Les transferts effectu\u00e9s par les Tunisiens \u00e0 l\u2019\u00e9tranger ont enregistr\u00e9 une hausse de 6%, \u00e0 la date du\u00a020 mai 2023, par rapport \u00e0 la m\u00eame p\u00e9riode de l'ann\u00e9e 2022...","canonical":"https:\/\/www.webdo.tn\/fr\/actualite\/national\/hausse-de-6-des-transferts-de-fonds-de-la-diaspora-tunisienne\/206124\/","og_locale":"fr_FR","og_type":"article","og_title":"Hausse de 6% des transferts de fonds de la diaspora tunisienne","og_description":"Les transferts effectu\u00e9s par les Tunisiens \u00e0 l\u2019\u00e9tranger ont enregistr\u00e9 une hausse de 6%, \u00e0 la date du\u00a020 mai 2023, par rapport \u00e0 la m\u00eame p\u00e9riode de l'ann\u00e9e 2022...","og_url":"https:\/\/www.webdo.tn\/fr\/actualite\/national\/hausse-de-6-des-transferts-de-fonds-de-la-diaspora-tunisienne\/206124\/","og_site_name":"webdo","article_publisher":"https:\/\/www.facebook.com\/webdotn","article_published_time":"2023-05-28T13:56:00+00:00","article_modified_time":"2025-05-14T10:41:07+00:00","og_image":[{"width":750,"height":400,"url":"https:\/\/www.webdo.tn\/fr\/wp-content\/uploads\/2023\/05\/b0ab02817830b1c926d9f07ca2ac2477.jpg","type":"image\/jpeg"}],"author":"Webdo","twitter_card":"summary_large_image","twitter_creator":"@webdo_tn","twitter_site":"@webdo_tn","twitter_misc":{"\u00c9crit par":"Webdo","Dur\u00e9e de lecture estim\u00e9e":"1 minute"},"schema":{"@context":"https:\/\/schema.org","@graph":[{"@type":"NewsArticle","@id":"https:\/\/www.webdo.tn\/fr\/actualite\/national\/hausse-de-6-des-transferts-de-fonds-de-la-diaspora-tunisienne\/206124\/#article","isPartOf":{"@id":"https:\/\/www.webdo.tn\/fr\/actualite\/national\/hausse-de-6-des-transferts-de-fonds-de-la-diaspora-tunisienne\/206124\/"},"author":{"name":"Webdo","@id":"https:\/\/www.webdo.tn\/fr\/#\/schema\/person\/1f4e491e0907b413d61089e8eb573acc"},"headline":"Hausse de 6% des transferts de fonds de la diaspora tunisienne","datePublished":"2023-05-28T13:56:00+00:00","dateModified":"2025-05-14T10:41:07+00:00","mainEntityOfPage":{"@id":"https:\/\/www.webdo.tn\/fr\/actualite\/national\/hausse-de-6-des-transferts-de-fonds-de-la-diaspora-tunisienne\/206124\/"},"wordCount":122,"commentCount":0,"publisher":{"@id":"https:\/\/www.webdo.tn\/fr\/#organization"},"image":{"@id":"https:\/\/www.webdo.tn\/fr\/actualite\/national\/hausse-de-6-des-transferts-de-fonds-de-la-diaspora-tunisienne\/206124\/#primaryimage"},"thumbnailUrl":"https:\/\/www.webdo.tn\/fr\/wp-content\/uploads\/2023\/05\/b0ab02817830b1c926d9f07ca2ac2477.jpg","keywords":["argent","devises","diaspora","transfert de fonds","Tunisie"],"articleSection":["National"],"inLanguage":"fr-FR"},{"@type":"WebPage","@id":"https:\/\/www.webdo.tn\/fr\/actualite\/national\/hausse-de-6-des-transferts-de-fonds-de-la-diaspora-tunisienne\/206124\/","url":"https:\/\/www.webdo.tn\/fr\/actualite\/national\/hausse-de-6-des-transferts-de-fonds-de-la-diaspora-tunisienne\/206124\/","name":"Hausse de 6% des transferts de fonds de la diaspora tunisienne","isPartOf":{"@id":"https:\/\/www.webdo.tn\/fr\/#website"},"primaryImageOfPage":{"@id":"https:\/\/www.webdo.tn\/fr\/actualite\/national\/hausse-de-6-des-transferts-de-fonds-de-la-diaspora-tunisienne\/206124\/#primaryimage"},"image":{"@id":"https:\/\/www.webdo.tn\/fr\/actualite\/national\/hausse-de-6-des-transferts-de-fonds-de-la-diaspora-tunisienne\/206124\/#primaryimage"},"thumbnailUrl":"https:\/\/www.webdo.tn\/fr\/wp-content\/uploads\/2023\/05\/b0ab02817830b1c926d9f07ca2ac2477.jpg","datePublished":"2023-05-28T13:56:00+00:00","dateModified":"2025-05-14T10:41:07+00:00","description":"Les transferts effectu\u00e9s par les Tunisiens \u00e0 l\u2019\u00e9tranger ont enregistr\u00e9 une hausse de 6%, \u00e0 la date du\u00a020 mai 2023, par rapport \u00e0 la m\u00eame p\u00e9riode de l'ann\u00e9e 2022...","breadcrumb":{"@id":"https:\/\/www.webdo.tn\/fr\/actualite\/national\/hausse-de-6-des-transferts-de-fonds-de-la-diaspora-tunisienne\/206124\/#breadcrumb"},"inLanguage":"fr-FR","potentialAction":[{"@type":"ReadAction","target":["https:\/\/www.webdo.tn\/fr\/actualite\/national\/hausse-de-6-des-transferts-de-fonds-de-la-diaspora-tunisienne\/206124\/"]}]},{"@type":"ImageObject","inLanguage":"fr-FR","@id":"https:\/\/www.webdo.tn\/fr\/actualite\/national\/hausse-de-6-des-transferts-de-fonds-de-la-diaspora-tunisienne\/206124\/#primaryimage","url":"https:\/\/www.webdo.tn\/fr\/wp-content\/uploads\/2023\/05\/b0ab02817830b1c926d9f07ca2ac2477.jpg","contentUrl":"https:\/\/www.webdo.tn\/fr\/wp-content\/uploads\/2023\/05\/b0ab02817830b1c926d9f07ca2ac2477.jpg","width":750,"height":400,"caption":"Hausse de 6% des transferts de fonds de la diaspora tunisienne"},{"@type":"BreadcrumbList","@id":"https:\/\/www.webdo.tn\/fr\/actualite\/national\/hausse-de-6-des-transferts-de-fonds-de-la-diaspora-tunisienne\/206124\/#breadcrumb","itemListElement":[{"@type":"ListItem","position":1,"name":"Accueil","item":"https:\/\/www.webdo.tn\/fr\/"},{"@type":"ListItem","position":2,"name":"Hausse de 6% des transferts de fonds de la diaspora tunisienne"}]},{"@type":"WebSite","@id":"https:\/\/www.webdo.tn\/fr\/#website","url":"https:\/\/www.webdo.tn\/fr\/","name":"webdo","description":"Tunisie - News en Tunisie et \u00e0 l&#039;international sur Webdo.tn","publisher":{"@id":"https:\/\/www.webdo.tn\/fr\/#organization"},"potentialAction":[{"@type":"SearchAction","target":{"@type":"EntryPoint","urlTemplate":"https:\/\/www.webdo.tn\/fr\/?s={search_term_string}"},"query-input":{"@type":"PropertyValueSpecification","valueRequired":true,"valueName":"search_term_string"}}],"inLanguage":"fr-FR"},{"@type":"Organization","@id":"https:\/\/www.webdo.tn\/fr\/#organization","name":"Webdo","alternateName":"Webdo.tn","url":"https:\/\/www.webdo.tn\/fr\/","logo":{"@type":"ImageObject","inLanguage":"fr-FR","@id":"https:\/\/www.webdo.tn\/fr\/#\/schema\/logo\/image\/","url":"https:\/\/www.webdo.tn\/fr\/wp-content\/uploads\/2025\/06\/Webdo-Tunisie_168377.jpg","contentUrl":"https:\/\/www.webdo.tn\/fr\/wp-content\/uploads\/2025\/06\/Webdo-Tunisie_168377.jpg","width":301,"height":301,"caption":"Webdo"},"image":{"@id":"https:\/\/www.webdo.tn\/fr\/#\/schema\/logo\/image\/"},"sameAs":["https:\/\/www.facebook.com\/webdotn","https:\/\/x.com\/webdo_tn"],"description":"Webdo est un m\u00e9dia num\u00e9rique tunisien fond\u00e9 en 2010, sp\u00e9cialis\u00e9 dans l\u2019actualit\u00e9 nationale et internationale, l\u2019\u00e9conomie, la soci\u00e9t\u00e9 et les analyses politiques. Le site s\u2019adresse \u00e0 un large public francophone et couvre l\u2019information tunisienne en temps r\u00e9el.","email":"redac@webdo.tn","legalName":"YNJ SARL","foundingDate":"2010-09-06","numberOfEmployees":{"@type":"QuantitativeValue","minValue":"11","maxValue":"50"}},{"@type":"Person","@id":"https:\/\/www.webdo.tn\/fr\/#\/schema\/person\/1f4e491e0907b413d61089e8eb573acc","name":"Webdo","image":{"@type":"ImageObject","inLanguage":"fr-FR","@id":"https:\/\/secure.gravatar.com\/avatar\/de97aeec1bb80978a9dbb127e47dfc88aaacb2f3c29aac907d8d3222e3495d49?s=96&d=mm&r=g","url":"https:\/\/secure.gravatar.com\/avatar\/de97aeec1bb80978a9dbb127e47dfc88aaacb2f3c29aac907d8d3222e3495d49?s=96&d=mm&r=g","contentUrl":"https:\/\/secure.gravatar.com\/avatar\/de97aeec1bb80978a9dbb127e47dfc88aaacb2f3c29aac907d8d3222e3495d49?s=96&d=mm&r=g","caption":"Webdo"},"url":"https:\/\/www.webdo.tn\/fr\/actualite\/author\/webdo\/"}]}},"_links":{"self":[{"href":"https:\/\/www.webdo.tn\/fr\/wp-json\/wp\/v2\/posts\/206124","targetHints":{"allow":["GET"]}}],"collection":[{"href":"https:\/\/www.webdo.tn\/fr\/wp-json\/wp\/v2\/posts"}],"about":[{"href":"https:\/\/www.webdo.tn\/fr\/wp-json\/wp\/v2\/types\/post"}],"author":[{"embeddable":true,"href":"https:\/\/www.webdo.tn\/fr\/wp-json\/wp\/v2\/users\/3169"}],"replies":[{"embeddable":true,"href":"https:\/\/www.webdo.tn\/fr\/wp-json\/wp\/v2\/comments?post=206124"}],"version-history":[{"count":0,"href":"https:\/\/www.webdo.tn\/fr\/wp-json\/wp\/v2\/posts\/206124\/revisions"}],"wp:featuredmedia":[{"embeddable":true,"href":"https:\/\/www.webdo.tn\/fr\/wp-json\/wp\/v2\/media\/251018"}],"wp:attachment":[{"href":"https:\/\/www.webdo.tn\/fr\/wp-json\/wp\/v2\/media?parent=206124"}],"wp:term":[{"taxonomy":"category","embeddable":true,"href":"https:\/\/www.webdo.tn\/fr\/wp-json\/wp\/v2\/categories?post=206124"},{"taxonomy":"post_tag","embeddable":true,"href":"https:\/\/www.webdo.tn\/fr\/wp-json\/wp\/v2\/tags?post=206124"}],"curies":[{"name":"wp","href":"https:\/\/api.w.org\/{rel}","templated":true}]}}