{"id":206123,"date":"2023-05-28T13:31:00","date_gmt":"2023-05-28T13:31:00","guid":{"rendered":"https:\/\/www.webdo.tn\/fr\/blog\/la-ctesg-met-en-garde-contre-la-gravite-de-la-situation-alimentaire-actuelle\/206123\/"},"modified":"2025-05-14T10:41:14","modified_gmt":"2025-05-14T10:41:14","slug":"la-ctesg-met-en-garde-contre-la-gravite-de-la-situation-alimentaire-actuelle","status":"publish","type":"post","link":"https:\/\/www.webdo.tn\/fr\/actualite\/national\/la-ctesg-met-en-garde-contre-la-gravite-de-la-situation-alimentaire-actuelle\/206123\/","title":{"rendered":"Le CTESG met en garde contre la gravit\u00e9 de la situation alimentaire actuelle"},"content":{"rendered":"<p>Le pr\u00e9sident du Centre tunisien des \u00e9tudes de la s\u00e9curit\u00e9 globale (CTESG), Ezzeddine Zayani, a mis en garde contre la gravit\u00e9 de la situation alimentaire actuelle dans le monde et surtout en Tunisie, en marge de la conf\u00e9rence organis\u00e9e \u00e0 Tunis sur le th\u00e8me \u00ab\u00a0La s\u00e9curit\u00e9 et la souverainet\u00e9 alimentaires et le droit \u00e0 l&rsquo;alimentation en Tunisie\u00a0\u00bb.<\/p>\n<p>\t\t\t\t\t\t\t\t\tEzzeddine Zayani, s&rsquo;est bas\u00e9 sur un rapport sur l&rsquo;\u00e9tat de la s\u00e9curit\u00e9 alimentaire en 2022, publi\u00e9 par l&rsquo;Organisation des Nations Unis pour l&rsquo;Alimentation et l&rsquo;Agriculture (FAO), et a jug\u00e9 que la situation n\u00e9cessite de\u00a0prendre, en urgence, les mesures et pr\u00e9cautions n\u00e9cessaires pour y faire face.<\/p>\n<p>En ce sens, le pr\u00e9sident du\u00a0CTESG a expliqu\u00e9 que pr\u00e8s de\u00a0 3 millions de Tunisiens sont menac\u00e9s d&rsquo;ins\u00e9curit\u00e9 alimentaire, dont 1 million et demi auront \u00e0 affronter s\u00e9rieusement ce spectre, dans le mesure o\u00f9 \u00ab\u00a0les plats les plus simples co\u00fbtent tr\u00e8s chers aujourd&rsquo;hui, en raison de l&rsquo;inflation et de la d\u00e9gradation du pouvoir d&rsquo;achat du citoyen\u00a0\u00bb.<\/p>\n","protected":false},"excerpt":{"rendered":"<p>Le pr\u00e9sident du Centre tunisien des \u00e9tudes de la s\u00e9curit\u00e9 globale (CTESG), Ezzeddine Zayani, a mis en garde contre la gravit\u00e9 de la situation alimentaire actuel&#8230;<\/p>\n","protected":false},"author":3169,"featured_media":251031,"comment_status":"open","ping_status":"closed","sticky":false,"template":"","format":"standard","meta":{"footnotes":""},"categories":[44],"tags":[8372,2610,3082,2608],"class_list":["post-206123","post","type-post","status-publish","format-standard","has-post-thumbnail","hentry","category-national","tag-ctesg","tag-inflation","tag-securite-alimentaire","tag-tunisie"],"yoast_head":"<!-- This site is optimized with the Yoast SEO Premium plugin v27.5 (Yoast SEO v27.5) - https:\/\/yoast.com\/product\/yoast-seo-premium-wordpress\/ -->\n<title>Le CTESG met en garde contre la gravit\u00e9 de la situation alimentaire actuelle<\/title>\n<meta name=\"description\" content=\"Le pr\u00e9sident du Centre tunisien des \u00e9tudes de la s\u00e9curit\u00e9 globale (CTESG), Ezzeddine Zayani, a mis en garde contre la gravit\u00e9 de la situation alimentaire actuel...\" \/>\n<link rel=\"canonical\" href=\"https:\/\/www.webdo.tn\/fr\/actualite\/national\/la-ctesg-met-en-garde-contre-la-gravite-de-la-situation-alimentaire-actuelle\/206123\/\" \/>\n<meta property=\"og:locale\" content=\"fr_FR\" \/>\n<meta property=\"og:type\" content=\"article\" \/>\n<meta property=\"og:title\" content=\"Le CTESG met en garde contre la gravit\u00e9 de la situation alimentaire actuelle\" \/>\n<meta property=\"og:description\" content=\"Le pr\u00e9sident du Centre tunisien des \u00e9tudes de la s\u00e9curit\u00e9 globale (CTESG), Ezzeddine Zayani, a mis en garde contre la gravit\u00e9 de la situation alimentaire actuel...\" \/>\n<meta property=\"og:url\" content=\"https:\/\/www.webdo.tn\/fr\/actualite\/national\/la-ctesg-met-en-garde-contre-la-gravite-de-la-situation-alimentaire-actuelle\/206123\/\" \/>\n<meta property=\"og:site_name\" content=\"webdo\" \/>\n<meta property=\"article:publisher\" content=\"https:\/\/www.facebook.com\/webdotn\" \/>\n<meta property=\"article:published_time\" content=\"2023-05-28T13:31:00+00:00\" \/>\n<meta property=\"article:modified_time\" content=\"2025-05-14T10:41:14+00:00\" \/>\n<meta property=\"og:image\" content=\"https:\/\/www.webdo.tn\/fr\/wp-content\/uploads\/2023\/05\/e87f0f633cfb62bc9bc66e53822a0420.jpg\" \/>\n\t<meta property=\"og:image:width\" content=\"630\" \/>\n\t<meta property=\"og:image:height\" content=\"336\" \/>\n\t<meta property=\"og:image:type\" content=\"image\/jpeg\" \/>\n<meta name=\"author\" content=\"Webdo\" \/>\n<meta name=\"twitter:card\" content=\"summary_large_image\" \/>\n<meta name=\"twitter:creator\" content=\"@webdo_tn\" \/>\n<meta name=\"twitter:site\" content=\"@webdo_tn\" \/>\n<meta name=\"twitter:label1\" content=\"\u00c9crit par\" \/>\n\t<meta name=\"twitter:data1\" content=\"Webdo\" \/>\n\t<meta name=\"twitter:label2\" content=\"Dur\u00e9e de lecture estim\u00e9e\" \/>\n\t<meta name=\"twitter:data2\" content=\"1 minute\" \/>\n<script type=\"application\/ld+json\" class=\"yoast-schema-graph\">{\"@context\":\"https:\\\/\\\/schema.org\",\"@graph\":[{\"@type\":\"NewsArticle\",\"@id\":\"https:\\\/\\\/www.webdo.tn\\\/fr\\\/actualite\\\/national\\\/la-ctesg-met-en-garde-contre-la-gravite-de-la-situation-alimentaire-actuelle\\\/206123\\\/#article\",\"isPartOf\":{\"@id\":\"https:\\\/\\\/www.webdo.tn\\\/fr\\\/actualite\\\/national\\\/la-ctesg-met-en-garde-contre-la-gravite-de-la-situation-alimentaire-actuelle\\\/206123\\\/\"},\"author\":{\"name\":\"Webdo\",\"@id\":\"https:\\\/\\\/www.webdo.tn\\\/fr\\\/#\\\/schema\\\/person\\\/1f4e491e0907b413d61089e8eb573acc\"},\"headline\":\"Le CTESG met en garde contre la gravit\u00e9 de la situation alimentaire actuelle\",\"datePublished\":\"2023-05-28T13:31:00+00:00\",\"dateModified\":\"2025-05-14T10:41:14+00:00\",\"mainEntityOfPage\":{\"@id\":\"https:\\\/\\\/www.webdo.tn\\\/fr\\\/actualite\\\/national\\\/la-ctesg-met-en-garde-contre-la-gravite-de-la-situation-alimentaire-actuelle\\\/206123\\\/\"},\"wordCount\":195,\"commentCount\":0,\"publisher\":{\"@id\":\"https:\\\/\\\/www.webdo.tn\\\/fr\\\/#organization\"},\"image\":{\"@id\":\"https:\\\/\\\/www.webdo.tn\\\/fr\\\/actualite\\\/national\\\/la-ctesg-met-en-garde-contre-la-gravite-de-la-situation-alimentaire-actuelle\\\/206123\\\/#primaryimage\"},\"thumbnailUrl\":\"https:\\\/\\\/www.webdo.tn\\\/fr\\\/wp-content\\\/uploads\\\/2023\\\/05\\\/e87f0f633cfb62bc9bc66e53822a0420.jpg\",\"keywords\":[\"CTESG\",\"inflation\",\"S\u00e9curit\u00e9 alimentaire\",\"Tunisie\"],\"articleSection\":[\"National\"],\"inLanguage\":\"fr-FR\"},{\"@type\":\"WebPage\",\"@id\":\"https:\\\/\\\/www.webdo.tn\\\/fr\\\/actualite\\\/national\\\/la-ctesg-met-en-garde-contre-la-gravite-de-la-situation-alimentaire-actuelle\\\/206123\\\/\",\"url\":\"https:\\\/\\\/www.webdo.tn\\\/fr\\\/actualite\\\/national\\\/la-ctesg-met-en-garde-contre-la-gravite-de-la-situation-alimentaire-actuelle\\\/206123\\\/\",\"name\":\"Le CTESG met en garde contre la gravit\u00e9 de la situation alimentaire actuelle\",\"isPartOf\":{\"@id\":\"https:\\\/\\\/www.webdo.tn\\\/fr\\\/#website\"},\"primaryImageOfPage\":{\"@id\":\"https:\\\/\\\/www.webdo.tn\\\/fr\\\/actualite\\\/national\\\/la-ctesg-met-en-garde-contre-la-gravite-de-la-situation-alimentaire-actuelle\\\/206123\\\/#primaryimage\"},\"image\":{\"@id\":\"https:\\\/\\\/www.webdo.tn\\\/fr\\\/actualite\\\/national\\\/la-ctesg-met-en-garde-contre-la-gravite-de-la-situation-alimentaire-actuelle\\\/206123\\\/#primaryimage\"},\"thumbnailUrl\":\"https:\\\/\\\/www.webdo.tn\\\/fr\\\/wp-content\\\/uploads\\\/2023\\\/05\\\/e87f0f633cfb62bc9bc66e53822a0420.jpg\",\"datePublished\":\"2023-05-28T13:31:00+00:00\",\"dateModified\":\"2025-05-14T10:41:14+00:00\",\"description\":\"Le pr\u00e9sident du Centre tunisien des \u00e9tudes de la s\u00e9curit\u00e9 globale (CTESG), Ezzeddine Zayani, a mis en garde contre la gravit\u00e9 de la situation alimentaire actuel...\",\"breadcrumb\":{\"@id\":\"https:\\\/\\\/www.webdo.tn\\\/fr\\\/actualite\\\/national\\\/la-ctesg-met-en-garde-contre-la-gravite-de-la-situation-alimentaire-actuelle\\\/206123\\\/#breadcrumb\"},\"inLanguage\":\"fr-FR\",\"potentialAction\":[{\"@type\":\"ReadAction\",\"target\":[\"https:\\\/\\\/www.webdo.tn\\\/fr\\\/actualite\\\/national\\\/la-ctesg-met-en-garde-contre-la-gravite-de-la-situation-alimentaire-actuelle\\\/206123\\\/\"]}]},{\"@type\":\"ImageObject\",\"inLanguage\":\"fr-FR\",\"@id\":\"https:\\\/\\\/www.webdo.tn\\\/fr\\\/actualite\\\/national\\\/la-ctesg-met-en-garde-contre-la-gravite-de-la-situation-alimentaire-actuelle\\\/206123\\\/#primaryimage\",\"url\":\"https:\\\/\\\/www.webdo.tn\\\/fr\\\/wp-content\\\/uploads\\\/2023\\\/05\\\/e87f0f633cfb62bc9bc66e53822a0420.jpg\",\"contentUrl\":\"https:\\\/\\\/www.webdo.tn\\\/fr\\\/wp-content\\\/uploads\\\/2023\\\/05\\\/e87f0f633cfb62bc9bc66e53822a0420.jpg\",\"width\":630,\"height\":336,\"caption\":\"Le CTESG met en garde contre la gravit\u00e9 de la situation alimentaire actuelle\"},{\"@type\":\"BreadcrumbList\",\"@id\":\"https:\\\/\\\/www.webdo.tn\\\/fr\\\/actualite\\\/national\\\/la-ctesg-met-en-garde-contre-la-gravite-de-la-situation-alimentaire-actuelle\\\/206123\\\/#breadcrumb\",\"itemListElement\":[{\"@type\":\"ListItem\",\"position\":1,\"name\":\"Accueil\",\"item\":\"https:\\\/\\\/www.webdo.tn\\\/fr\\\/\"},{\"@type\":\"ListItem\",\"position\":2,\"name\":\"Le CTESG met en garde contre la gravit\u00e9 de la situation alimentaire actuelle\"}]},{\"@type\":\"WebSite\",\"@id\":\"https:\\\/\\\/www.webdo.tn\\\/fr\\\/#website\",\"url\":\"https:\\\/\\\/www.webdo.tn\\\/fr\\\/\",\"name\":\"webdo\",\"description\":\"Tunisie - News en Tunisie et \u00e0 l&#039;international sur Webdo.tn\",\"publisher\":{\"@id\":\"https:\\\/\\\/www.webdo.tn\\\/fr\\\/#organization\"},\"potentialAction\":[{\"@type\":\"SearchAction\",\"target\":{\"@type\":\"EntryPoint\",\"urlTemplate\":\"https:\\\/\\\/www.webdo.tn\\\/fr\\\/?s={search_term_string}\"},\"query-input\":{\"@type\":\"PropertyValueSpecification\",\"valueRequired\":true,\"valueName\":\"search_term_string\"}}],\"inLanguage\":\"fr-FR\"},{\"@type\":\"Organization\",\"@id\":\"https:\\\/\\\/www.webdo.tn\\\/fr\\\/#organization\",\"name\":\"Webdo\",\"alternateName\":\"Webdo.tn\",\"url\":\"https:\\\/\\\/www.webdo.tn\\\/fr\\\/\",\"logo\":{\"@type\":\"ImageObject\",\"inLanguage\":\"fr-FR\",\"@id\":\"https:\\\/\\\/www.webdo.tn\\\/fr\\\/#\\\/schema\\\/logo\\\/image\\\/\",\"url\":\"https:\\\/\\\/www.webdo.tn\\\/fr\\\/wp-content\\\/uploads\\\/2025\\\/06\\\/Webdo-Tunisie_168377.jpg\",\"contentUrl\":\"https:\\\/\\\/www.webdo.tn\\\/fr\\\/wp-content\\\/uploads\\\/2025\\\/06\\\/Webdo-Tunisie_168377.jpg\",\"width\":301,\"height\":301,\"caption\":\"Webdo\"},\"image\":{\"@id\":\"https:\\\/\\\/www.webdo.tn\\\/fr\\\/#\\\/schema\\\/logo\\\/image\\\/\"},\"sameAs\":[\"https:\\\/\\\/www.facebook.com\\\/webdotn\",\"https:\\\/\\\/x.com\\\/webdo_tn\"],\"description\":\"Webdo est un m\u00e9dia num\u00e9rique tunisien fond\u00e9 en 2010, sp\u00e9cialis\u00e9 dans l\u2019actualit\u00e9 nationale et internationale, l\u2019\u00e9conomie, la soci\u00e9t\u00e9 et les analyses politiques. Le site s\u2019adresse \u00e0 un large public francophone et couvre l\u2019information tunisienne en temps r\u00e9el.\",\"email\":\"redac@webdo.tn\",\"legalName\":\"YNJ SARL\",\"foundingDate\":\"2010-09-06\",\"numberOfEmployees\":{\"@type\":\"QuantitativeValue\",\"minValue\":\"11\",\"maxValue\":\"50\"}},{\"@type\":\"Person\",\"@id\":\"https:\\\/\\\/www.webdo.tn\\\/fr\\\/#\\\/schema\\\/person\\\/1f4e491e0907b413d61089e8eb573acc\",\"name\":\"Webdo\",\"image\":{\"@type\":\"ImageObject\",\"inLanguage\":\"fr-FR\",\"@id\":\"https:\\\/\\\/secure.gravatar.com\\\/avatar\\\/de97aeec1bb80978a9dbb127e47dfc88aaacb2f3c29aac907d8d3222e3495d49?s=96&d=mm&r=g\",\"url\":\"https:\\\/\\\/secure.gravatar.com\\\/avatar\\\/de97aeec1bb80978a9dbb127e47dfc88aaacb2f3c29aac907d8d3222e3495d49?s=96&d=mm&r=g\",\"contentUrl\":\"https:\\\/\\\/secure.gravatar.com\\\/avatar\\\/de97aeec1bb80978a9dbb127e47dfc88aaacb2f3c29aac907d8d3222e3495d49?s=96&d=mm&r=g\",\"caption\":\"Webdo\"},\"url\":\"https:\\\/\\\/www.webdo.tn\\\/fr\\\/actualite\\\/author\\\/webdo\\\/\"}]}<\/script>\n<!-- \/ Yoast SEO Premium plugin. -->","yoast_head_json":{"title":"Le CTESG met en garde contre la gravit\u00e9 de la situation alimentaire actuelle","description":"Le pr\u00e9sident du Centre tunisien des \u00e9tudes de la s\u00e9curit\u00e9 globale (CTESG), Ezzeddine Zayani, a mis en garde contre la gravit\u00e9 de la situation alimentaire actuel...","canonical":"https:\/\/www.webdo.tn\/fr\/actualite\/national\/la-ctesg-met-en-garde-contre-la-gravite-de-la-situation-alimentaire-actuelle\/206123\/","og_locale":"fr_FR","og_type":"article","og_title":"Le CTESG met en garde contre la gravit\u00e9 de la situation alimentaire actuelle","og_description":"Le pr\u00e9sident du Centre tunisien des \u00e9tudes de la s\u00e9curit\u00e9 globale (CTESG), Ezzeddine Zayani, a mis en garde contre la gravit\u00e9 de la situation alimentaire actuel...","og_url":"https:\/\/www.webdo.tn\/fr\/actualite\/national\/la-ctesg-met-en-garde-contre-la-gravite-de-la-situation-alimentaire-actuelle\/206123\/","og_site_name":"webdo","article_publisher":"https:\/\/www.facebook.com\/webdotn","article_published_time":"2023-05-28T13:31:00+00:00","article_modified_time":"2025-05-14T10:41:14+00:00","og_image":[{"width":630,"height":336,"url":"https:\/\/www.webdo.tn\/fr\/wp-content\/uploads\/2023\/05\/e87f0f633cfb62bc9bc66e53822a0420.jpg","type":"image\/jpeg"}],"author":"Webdo","twitter_card":"summary_large_image","twitter_creator":"@webdo_tn","twitter_site":"@webdo_tn","twitter_misc":{"\u00c9crit par":"Webdo","Dur\u00e9e de lecture estim\u00e9e":"1 minute"},"schema":{"@context":"https:\/\/schema.org","@graph":[{"@type":"NewsArticle","@id":"https:\/\/www.webdo.tn\/fr\/actualite\/national\/la-ctesg-met-en-garde-contre-la-gravite-de-la-situation-alimentaire-actuelle\/206123\/#article","isPartOf":{"@id":"https:\/\/www.webdo.tn\/fr\/actualite\/national\/la-ctesg-met-en-garde-contre-la-gravite-de-la-situation-alimentaire-actuelle\/206123\/"},"author":{"name":"Webdo","@id":"https:\/\/www.webdo.tn\/fr\/#\/schema\/person\/1f4e491e0907b413d61089e8eb573acc"},"headline":"Le CTESG met en garde contre la gravit\u00e9 de la situation alimentaire actuelle","datePublished":"2023-05-28T13:31:00+00:00","dateModified":"2025-05-14T10:41:14+00:00","mainEntityOfPage":{"@id":"https:\/\/www.webdo.tn\/fr\/actualite\/national\/la-ctesg-met-en-garde-contre-la-gravite-de-la-situation-alimentaire-actuelle\/206123\/"},"wordCount":195,"commentCount":0,"publisher":{"@id":"https:\/\/www.webdo.tn\/fr\/#organization"},"image":{"@id":"https:\/\/www.webdo.tn\/fr\/actualite\/national\/la-ctesg-met-en-garde-contre-la-gravite-de-la-situation-alimentaire-actuelle\/206123\/#primaryimage"},"thumbnailUrl":"https:\/\/www.webdo.tn\/fr\/wp-content\/uploads\/2023\/05\/e87f0f633cfb62bc9bc66e53822a0420.jpg","keywords":["CTESG","inflation","S\u00e9curit\u00e9 alimentaire","Tunisie"],"articleSection":["National"],"inLanguage":"fr-FR"},{"@type":"WebPage","@id":"https:\/\/www.webdo.tn\/fr\/actualite\/national\/la-ctesg-met-en-garde-contre-la-gravite-de-la-situation-alimentaire-actuelle\/206123\/","url":"https:\/\/www.webdo.tn\/fr\/actualite\/national\/la-ctesg-met-en-garde-contre-la-gravite-de-la-situation-alimentaire-actuelle\/206123\/","name":"Le CTESG met en garde contre la gravit\u00e9 de la situation alimentaire actuelle","isPartOf":{"@id":"https:\/\/www.webdo.tn\/fr\/#website"},"primaryImageOfPage":{"@id":"https:\/\/www.webdo.tn\/fr\/actualite\/national\/la-ctesg-met-en-garde-contre-la-gravite-de-la-situation-alimentaire-actuelle\/206123\/#primaryimage"},"image":{"@id":"https:\/\/www.webdo.tn\/fr\/actualite\/national\/la-ctesg-met-en-garde-contre-la-gravite-de-la-situation-alimentaire-actuelle\/206123\/#primaryimage"},"thumbnailUrl":"https:\/\/www.webdo.tn\/fr\/wp-content\/uploads\/2023\/05\/e87f0f633cfb62bc9bc66e53822a0420.jpg","datePublished":"2023-05-28T13:31:00+00:00","dateModified":"2025-05-14T10:41:14+00:00","description":"Le pr\u00e9sident du Centre tunisien des \u00e9tudes de la s\u00e9curit\u00e9 globale (CTESG), Ezzeddine Zayani, a mis en garde contre la gravit\u00e9 de la situation alimentaire actuel...","breadcrumb":{"@id":"https:\/\/www.webdo.tn\/fr\/actualite\/national\/la-ctesg-met-en-garde-contre-la-gravite-de-la-situation-alimentaire-actuelle\/206123\/#breadcrumb"},"inLanguage":"fr-FR","potentialAction":[{"@type":"ReadAction","target":["https:\/\/www.webdo.tn\/fr\/actualite\/national\/la-ctesg-met-en-garde-contre-la-gravite-de-la-situation-alimentaire-actuelle\/206123\/"]}]},{"@type":"ImageObject","inLanguage":"fr-FR","@id":"https:\/\/www.webdo.tn\/fr\/actualite\/national\/la-ctesg-met-en-garde-contre-la-gravite-de-la-situation-alimentaire-actuelle\/206123\/#primaryimage","url":"https:\/\/www.webdo.tn\/fr\/wp-content\/uploads\/2023\/05\/e87f0f633cfb62bc9bc66e53822a0420.jpg","contentUrl":"https:\/\/www.webdo.tn\/fr\/wp-content\/uploads\/2023\/05\/e87f0f633cfb62bc9bc66e53822a0420.jpg","width":630,"height":336,"caption":"Le CTESG met en garde contre la gravit\u00e9 de la situation alimentaire actuelle"},{"@type":"BreadcrumbList","@id":"https:\/\/www.webdo.tn\/fr\/actualite\/national\/la-ctesg-met-en-garde-contre-la-gravite-de-la-situation-alimentaire-actuelle\/206123\/#breadcrumb","itemListElement":[{"@type":"ListItem","position":1,"name":"Accueil","item":"https:\/\/www.webdo.tn\/fr\/"},{"@type":"ListItem","position":2,"name":"Le CTESG met en garde contre la gravit\u00e9 de la situation alimentaire actuelle"}]},{"@type":"WebSite","@id":"https:\/\/www.webdo.tn\/fr\/#website","url":"https:\/\/www.webdo.tn\/fr\/","name":"webdo","description":"Tunisie - News en Tunisie et \u00e0 l&#039;international sur Webdo.tn","publisher":{"@id":"https:\/\/www.webdo.tn\/fr\/#organization"},"potentialAction":[{"@type":"SearchAction","target":{"@type":"EntryPoint","urlTemplate":"https:\/\/www.webdo.tn\/fr\/?s={search_term_string}"},"query-input":{"@type":"PropertyValueSpecification","valueRequired":true,"valueName":"search_term_string"}}],"inLanguage":"fr-FR"},{"@type":"Organization","@id":"https:\/\/www.webdo.tn\/fr\/#organization","name":"Webdo","alternateName":"Webdo.tn","url":"https:\/\/www.webdo.tn\/fr\/","logo":{"@type":"ImageObject","inLanguage":"fr-FR","@id":"https:\/\/www.webdo.tn\/fr\/#\/schema\/logo\/image\/","url":"https:\/\/www.webdo.tn\/fr\/wp-content\/uploads\/2025\/06\/Webdo-Tunisie_168377.jpg","contentUrl":"https:\/\/www.webdo.tn\/fr\/wp-content\/uploads\/2025\/06\/Webdo-Tunisie_168377.jpg","width":301,"height":301,"caption":"Webdo"},"image":{"@id":"https:\/\/www.webdo.tn\/fr\/#\/schema\/logo\/image\/"},"sameAs":["https:\/\/www.facebook.com\/webdotn","https:\/\/x.com\/webdo_tn"],"description":"Webdo est un m\u00e9dia num\u00e9rique tunisien fond\u00e9 en 2010, sp\u00e9cialis\u00e9 dans l\u2019actualit\u00e9 nationale et internationale, l\u2019\u00e9conomie, la soci\u00e9t\u00e9 et les analyses politiques. Le site s\u2019adresse \u00e0 un large public francophone et couvre l\u2019information tunisienne en temps r\u00e9el.","email":"redac@webdo.tn","legalName":"YNJ SARL","foundingDate":"2010-09-06","numberOfEmployees":{"@type":"QuantitativeValue","minValue":"11","maxValue":"50"}},{"@type":"Person","@id":"https:\/\/www.webdo.tn\/fr\/#\/schema\/person\/1f4e491e0907b413d61089e8eb573acc","name":"Webdo","image":{"@type":"ImageObject","inLanguage":"fr-FR","@id":"https:\/\/secure.gravatar.com\/avatar\/de97aeec1bb80978a9dbb127e47dfc88aaacb2f3c29aac907d8d3222e3495d49?s=96&d=mm&r=g","url":"https:\/\/secure.gravatar.com\/avatar\/de97aeec1bb80978a9dbb127e47dfc88aaacb2f3c29aac907d8d3222e3495d49?s=96&d=mm&r=g","contentUrl":"https:\/\/secure.gravatar.com\/avatar\/de97aeec1bb80978a9dbb127e47dfc88aaacb2f3c29aac907d8d3222e3495d49?s=96&d=mm&r=g","caption":"Webdo"},"url":"https:\/\/www.webdo.tn\/fr\/actualite\/author\/webdo\/"}]}},"_links":{"self":[{"href":"https:\/\/www.webdo.tn\/fr\/wp-json\/wp\/v2\/posts\/206123","targetHints":{"allow":["GET"]}}],"collection":[{"href":"https:\/\/www.webdo.tn\/fr\/wp-json\/wp\/v2\/posts"}],"about":[{"href":"https:\/\/www.webdo.tn\/fr\/wp-json\/wp\/v2\/types\/post"}],"author":[{"embeddable":true,"href":"https:\/\/www.webdo.tn\/fr\/wp-json\/wp\/v2\/users\/3169"}],"replies":[{"embeddable":true,"href":"https:\/\/www.webdo.tn\/fr\/wp-json\/wp\/v2\/comments?post=206123"}],"version-history":[{"count":0,"href":"https:\/\/www.webdo.tn\/fr\/wp-json\/wp\/v2\/posts\/206123\/revisions"}],"wp:featuredmedia":[{"embeddable":true,"href":"https:\/\/www.webdo.tn\/fr\/wp-json\/wp\/v2\/media\/251031"}],"wp:attachment":[{"href":"https:\/\/www.webdo.tn\/fr\/wp-json\/wp\/v2\/media?parent=206123"}],"wp:term":[{"taxonomy":"category","embeddable":true,"href":"https:\/\/www.webdo.tn\/fr\/wp-json\/wp\/v2\/categories?post=206123"},{"taxonomy":"post_tag","embeddable":true,"href":"https:\/\/www.webdo.tn\/fr\/wp-json\/wp\/v2\/tags?post=206123"}],"curies":[{"name":"wp","href":"https:\/\/api.w.org\/{rel}","templated":true}]}}