{"id":206115,"date":"2023-05-27T15:33:00","date_gmt":"2023-05-27T15:33:00","guid":{"rendered":"https:\/\/www.webdo.tn\/fr\/blog\/cannes-2023-9\/206115\/"},"modified":"2025-05-21T08:57:03","modified_gmt":"2025-05-21T08:57:03","slug":"cannes-2023-9","status":"publish","type":"post","link":"https:\/\/www.webdo.tn\/fr\/actualite\/culture\/cannes-2023-9\/206115\/","title":{"rendered":"Cannes 2023 &#8211; A quelques heures du Palmar\u00e8s&#8230;"},"content":{"rendered":"<div class=\"single-body entry-content typography-copy\" itemprop=\"articleBody\">\n<p style=\"font-weight: bold; text-align: justify\">\n\t\t\t\t\t\t\t\t\tPlus que quelques heures et seront annonc\u00e9s les laur\u00e9ats du 76\u00e8me Festival de Cannes. Les pronostics vont bon train, chacun donnant ses propres arguments et souhaitant que ses films favoris repartent avec une belle r\u00e9compense.\n\t\t\t\t\t\t\t\t<\/p>\n<div class=\"coprs\" style=\"text-align: center\"><\/div>\n<div class=\"coprs\" style=\"text-align: justify\">\n<p><span><span>Il est \u00e9vident qu\u2019un palmar\u00e8s est tellement subjectif, que personne ne pourra deviner quels seront les heureux \u00e9lus. <\/span><\/span><\/p>\n<p>\n<span><span>En 2021 par exemple,<a href=\"https:\/\/www.webdo.tn\/fr\/actualite\/culture\/cannes-2021-pourquoi-la-palme-dor-pour-titane\/199984\"> le film Titane \u00e9tait loin de toutes les pr\u00e9visions, pourtant il \u00e9tait reparti avec la Palme d\u2019Or,<\/a> le pr\u00e9sident du jury, Spike Lee ayant ador\u00e9 qu\u2019on puisse imaginer une relation sexuelle entre une femme et une Cadillac.<\/span><\/span><\/p>\n<p>\n<span><span>Cette ann\u00e9e, Ruben <span><span><span><span>\u00d6stlund <\/span><\/span><\/span><\/span>est pr\u00e9sident du jury, et Julia Ducournau en est membre. Ces deux r\u00e9alisateurs, ayant remport\u00e9 respectivement deux et une Palmes d\u2019Or, sont des cin\u00e9astes un peu particuliers, dont les films sont loin d\u2019\u00eatre classiques. En fait, ils aiment tous les deux l\u2019aventure. Donneront-ils donc la Palme d\u2019Or \u00e0 un film un peu \u00ab\u00a0fou\u00a0\u00bb\u00a0?<\/span><\/span><\/p>\n<p>\n<span><span>On peut l\u2019esp\u00e9rer, parce que si tel est le cas, le film <em>Les filles d\u2019Olfa<\/em>, r\u00e9alis\u00e9 par Kaouther Ben Hania aura toutes ces chances de repartir avec la Palme d\u2019Or, ou \u00e0 d\u00e9faut le Grand Prix ou le Prix du jury. Cet hybride, entre le documentaire, la fiction et le making of, peut les s\u00e9duire gr\u00e2ce \u00e0 cette structure originale qui donne toute sa valeur \u00e0 son message ou contenu. Les filles d\u2019Olfa a d\u2019ailleurs d\u00e9j\u00e0 s\u00e9duit quatre jurys qui lui ont d\u00e9cern\u00e9 le Prix du cin\u00e9ma Positif, le Prix de la citoyennet\u00e9, L\u2019\u0152il d\u2019Or et le prix de la critique Fran\u00e7ois Chaulais.<\/span><\/span><\/p>\n<p>\n<span><span>A mon avis, les films qui ont le plus de chances de partir avec les prestigieux troph\u00e9es sont\u00a0:<\/span><\/span><\/p>\n<p>\u00a0<\/p>\n<ul>\n<li><span><span><em>Rapito\/L\u2019enl\u00e8vement<\/em> de Marco Bellocchio. Une tr\u00e8s belle fresque historique, avec un tr\u00e8s beau sc\u00e9nario, de beaux d\u00e9cors et costumes, une tr\u00e8s belle r\u00e9alisation. Son seul tort pourrait \u00eatre son traitement classique, bien que en m\u00eame temps moderne dans ces propos puisqu\u2019\u00e0 ce jour, certains pays sont encore sous une dictature religieuse.<\/span><\/span><\/li>\n<\/ul>\n<p>\u00a0<\/p>\n<ul>\n<li><span><span><em>The zone of interest<\/em> de Jonathan Glazer. Tr\u00e8s beau film, qui traite de la shoah sous un angle nouveau\u00a0: les camps de concentration, cot\u00e9 nazi. On est juste de l\u2019autre c\u00f4t\u00e9 du mur d\u2019un camp de concentration, on ne voit jamais les victimes, mais on est chez le commandant du camp, dont la famille profite de la situation, par exemple l\u2019\u00e9pouse a acc\u00e8s au butin r\u00e9colt\u00e9 parmi les victimes, manteau en fourrure, diamants\u2026 Le mari organise la \u00ab\u00a0solution finale\u00a0\u00bb, il re\u00e7oit chez lui des industriels qui lui soumettent un projet d\u2019un four cr\u00e9matoire, ses sup\u00e9rieurs sont fiers de lui\u2026 Le r\u00e9alisateur a tr\u00e8s bien su rendre l\u2019atmosph\u00e8re gla\u00e7ante\u00a0: tout est propre, en ordre, l\u2019abondance r\u00e8gne.. \u00c0 l\u2019oppos\u00e9 compl\u00e8tement de ce qu\u2019on a l\u2019habitude de voir cot\u00e9 victimes. Mais l\u2019horreur, m\u00eame si elle n\u2019est jamais montr\u00e9e, est palpable, et trouve son apog\u00e9e \u00e0 la fin du film lorsqu\u2019on voit des employ\u00e9s nettoyer des vitrines o\u00f9 s\u2019amassent des objets personnels ayant appartenu \u00e0 ces victimes.<\/span><\/span><\/li>\n<\/ul>\n<p>\u00a0<\/p>\n<ul>\n<li><span><span><em>Anatomie d\u2019une chute<\/em>, r\u00e9alis\u00e9 par Justine Triet. Tr\u00e8s beau film qui traite de probl\u00e8mes de couple. Le proc\u00e8s est tellement r\u00e9aliste qu\u2019on se croirait dans la salle d\u2019audience\u00a0!<\/span><\/span><\/li>\n<\/ul>\n<p>\u00a0<\/p>\n<ul>\n<li><span><span>Fallen leaves de Aki Kaurismaki, qui s\u00e9duit par son originalit\u00e9 et son humour \u00e0 raconter deux solitudes qui se rencontrent.<\/span><\/span><\/li>\n<\/ul>\n<p>\u00a0<\/p>\n<ul>\n<li><span><span><em>Kuru Otlar Ustune\/Les herbes s\u00e8ches<\/em>\u00a0de Nuri Bilge Ceylan, tr\u00e8s beau film, tr\u00e8s belles photos, mais peut\u00eatre un exc\u00e8s de bavardages. <\/span><\/span><\/li>\n<\/ul>\n<p>\u00a0<\/p>\n<p><span><span>Les films, qui \u00e0 mon avis, ne m\u00e9riteraient pas de figurer dans le palmar\u00e8s\u00a0:<\/span><\/span><\/p>\n<p>\u00a0<\/p>\n<ul>\n<li><span><span><em>L\u2019\u00e9t\u00e9 dernier<\/em> de Catherine Breillat. Si le sujet est tr\u00e8s int\u00e9ressant, le sc\u00e9nario comporte toutefois quelques failles. Pourquoi estce que tout d\u2019un coup, la belle-m\u00e8re a couch\u00e9 avec son beau-fils\u00a0? Pourquoi lui aussi a eu cette envie\u00a0? Rien ne laissait pr\u00e9sager cela, aucun regard, aucun geste\u2026 La fin est \u00e9galement \u00e9tonnante. Personnellement le film ne m\u2019a pas convaincue, et je suis tr\u00e8s loin de tout jugement moral. Aucune \u00e9motion ne se d\u00e9gage de ce film.<\/span><\/span><\/li>\n<\/ul>\n<p>\u00a0<\/p>\n<ul>\n<li><span><span><em>The Old Oak<\/em>\u00a0de Ken Loach. Un film tr\u00e8s d\u00e9cevant, on est tr\u00e8s loin de <em>I, Daniel Black<\/em> (2016) ou de <em>Sorry we missed you<\/em> (2019). Il \u00e9tait \u00e9vident que Ken Loach ferait un film social, mais celuici est de trop. Discours tr\u00e8s direct, aucune subtilit\u00e9, aucune nuance dans les personnages, les gentils sont tr\u00e8s gentils, les m\u00e9chants sont tr\u00e8s m\u00e9chants, mais \u00e0 la fin, tout est bien qui finit bien. Ce n\u2019est pas convaincant, c\u2019est m\u00eame ennuyeux de pr\u00e9visibilit\u00e9.<\/span><\/span><\/li>\n<\/ul>\n<p>\u00a0<\/p>\n<ul>\n<li><span><span><em>Firebrand<\/em> de Karim Ainouz est \u00e9galement une grande d\u00e9ception. Apr\u00e8s son tr\u00e8s tr\u00e8s beau <em>La Vie invisible d&rsquo;Eur\u00eddice Gusm\u00e3o<\/em> (Prix Un certain regard en 2019) et son documentaire <em>Marin des montagnes<\/em> (2021), on pouvait s\u2019attendre \u00e0 un tr\u00e8s beau film, mais rien. Une \u00e9ni\u00e8me version de l\u2019histoire d\u2019Henri VIII et de ses \u00e9pouses. Rien de nouveau, ni dans la narration ni dans la structure du film. Le seul attrait pourrait \u00eatre juste Jude Law totalement m\u00e9connaissable justement en Henri VIII. <\/span><\/span><\/li>\n<\/ul>\n<p>\u00a0<\/p>\n<ul>\n<li><span><span><em>La passion de Dodin Bouffant<\/em>\u00a0de Tran Anh Hun, sympathique, plaisant \u00e0 voir, un hommage \u00e0 la gastronomie fran\u00e7aise, sans plus.<\/span><\/span><\/li>\n<\/ul>\n<p>\n\u00a0<\/p>\n<p><span><span>Je n\u2019ai malheureusement pas pu voir <em>Club Zero<\/em>\u00a0de Jessica Hausner, <em>La Chimera<\/em>\u00a0de Alice Rohrwacher, <em>Jeunesse<\/em> de Wang Bing, <em>Banele E Adama<\/em>\u00a0de RamataToulaye Sy et <em>Perfect Days <\/em>de Wim Wenders.<\/span><\/span><\/p>\n<p>\u00a0<\/p>\n<p><span><span>Ce qui est certain par contre, est qu\u2019en Tunisie, et surement dans tout le monde arabe, nous serons tr\u00e8s nombreux \u00e0 attendre ce palmar\u00e8s avec impatience et \u00e0\u00a0esp\u00e9rer\u00a0: une Palme d\u2019Or pour un film arabe\u00a0?<\/span><\/span><\/p>\n<p>\u00a0<\/p>\n<p><span><span><strong>Ne\u00efla Driss<\/strong><\/span><\/span><\/p>\n<p>\u00a0<\/p>\n<p>\u00a0<\/p>\n<\/p><\/div>\n<div class=\"coprs\" style=\"text-align: center\"><\/div><\/div>\n","protected":false},"excerpt":{"rendered":"<p>Plus que quelques heures et seront annonc\u00e9s les laur\u00e9ats du 76\u00e8me Festival de Cannes. Les pronostics vont bon train, chacun donnant ses propres arguments et sou&#8230;<\/p>\n","protected":false},"author":3164,"featured_media":278266,"comment_status":"open","ping_status":"closed","sticky":false,"template":"","format":"standard","meta":{"footnotes":""},"categories":[2594],"tags":[7127,2627],"class_list":["post-206115","post","type-post","status-publish","format-standard","has-post-thumbnail","hentry","category-culture","tag-cannes-2023","tag-festival-de-cannes"],"yoast_head":"<!-- This site is optimized with the Yoast SEO Premium plugin v27.4 (Yoast SEO v27.4) - https:\/\/yoast.com\/product\/yoast-seo-premium-wordpress\/ -->\n<title>Cannes 2023 - A quelques heures du Palmar\u00e8s...<\/title>\n<meta name=\"description\" content=\"Plus que quelques heures et seront annonc\u00e9s les laur\u00e9ats du 76\u00e8me Festival de Cannes. Les pronostics vont bon train, chacun donnant ses propres arguments et sou...\" \/>\n<link rel=\"canonical\" href=\"https:\/\/www.webdo.tn\/fr\/actualite\/culture\/cannes-2023-9\/206115\/\" \/>\n<meta property=\"og:locale\" content=\"fr_FR\" \/>\n<meta property=\"og:type\" content=\"article\" \/>\n<meta property=\"og:title\" content=\"Cannes 2023 - A quelques heures du Palmar\u00e8s...\" \/>\n<meta property=\"og:description\" content=\"Plus que quelques heures et seront annonc\u00e9s les laur\u00e9ats du 76\u00e8me Festival de Cannes. Les pronostics vont bon train, chacun donnant ses propres arguments et sou...\" \/>\n<meta property=\"og:url\" content=\"https:\/\/www.webdo.tn\/fr\/actualite\/culture\/cannes-2023-9\/206115\/\" \/>\n<meta property=\"og:site_name\" content=\"webdo\" \/>\n<meta property=\"article:publisher\" content=\"https:\/\/www.facebook.com\/webdotn\" \/>\n<meta property=\"article:author\" content=\"https:\/\/www.facebook.com\/massir.destiniii\/\" \/>\n<meta property=\"article:published_time\" content=\"2023-05-27T15:33:00+00:00\" \/>\n<meta property=\"article:modified_time\" content=\"2025-05-21T08:57:03+00:00\" \/>\n<meta property=\"og:image\" content=\"https:\/\/www.webdo.tn\/fr\/wp-content\/uploads\/2023\/05\/41ebd0fa37a03b62761154b35a9213a4.jpeg\" \/>\n\t<meta property=\"og:image:width\" content=\"750\" \/>\n\t<meta property=\"og:image:height\" content=\"400\" \/>\n\t<meta property=\"og:image:type\" content=\"image\/jpeg\" \/>\n<meta name=\"author\" content=\"Ne\u00efla DRISS\" \/>\n<meta name=\"twitter:card\" content=\"summary_large_image\" \/>\n<meta name=\"twitter:creator\" content=\"@https:\/\/x.com\/MassirDestin\" \/>\n<meta name=\"twitter:site\" content=\"@webdo_tn\" \/>\n<meta name=\"twitter:label1\" content=\"\u00c9crit par\" \/>\n\t<meta name=\"twitter:data1\" content=\"Ne\u00efla DRISS\" \/>\n\t<meta name=\"twitter:label2\" content=\"Dur\u00e9e de lecture estim\u00e9e\" \/>\n\t<meta name=\"twitter:data2\" content=\"5 minutes\" \/>\n<script type=\"application\/ld+json\" class=\"yoast-schema-graph\">{\"@context\":\"https:\\\/\\\/schema.org\",\"@graph\":[{\"@type\":\"NewsArticle\",\"@id\":\"https:\\\/\\\/www.webdo.tn\\\/fr\\\/actualite\\\/culture\\\/cannes-2023-9\\\/206115\\\/#article\",\"isPartOf\":{\"@id\":\"https:\\\/\\\/www.webdo.tn\\\/fr\\\/actualite\\\/culture\\\/cannes-2023-9\\\/206115\\\/\"},\"author\":{\"name\":\"Ne\u00efla DRISS\",\"@id\":\"https:\\\/\\\/www.webdo.tn\\\/fr\\\/#\\\/schema\\\/person\\\/60d5ba619ed3f58783b0dc82b7dada80\"},\"headline\":\"Cannes 2023 &#8211; A quelques heures du Palmar\u00e8s&#8230;\",\"datePublished\":\"2023-05-27T15:33:00+00:00\",\"dateModified\":\"2025-05-21T08:57:03+00:00\",\"mainEntityOfPage\":{\"@id\":\"https:\\\/\\\/www.webdo.tn\\\/fr\\\/actualite\\\/culture\\\/cannes-2023-9\\\/206115\\\/\"},\"wordCount\":1018,\"commentCount\":0,\"publisher\":{\"@id\":\"https:\\\/\\\/www.webdo.tn\\\/fr\\\/#organization\"},\"image\":{\"@id\":\"https:\\\/\\\/www.webdo.tn\\\/fr\\\/actualite\\\/culture\\\/cannes-2023-9\\\/206115\\\/#primaryimage\"},\"thumbnailUrl\":\"https:\\\/\\\/www.webdo.tn\\\/fr\\\/wp-content\\\/uploads\\\/2023\\\/05\\\/41ebd0fa37a03b62761154b35a9213a4.jpeg\",\"keywords\":[\"Cannes 2023\",\"Festival de Cannes\"],\"articleSection\":[\"Culture\"],\"inLanguage\":\"fr-FR\"},{\"@type\":\"WebPage\",\"@id\":\"https:\\\/\\\/www.webdo.tn\\\/fr\\\/actualite\\\/culture\\\/cannes-2023-9\\\/206115\\\/\",\"url\":\"https:\\\/\\\/www.webdo.tn\\\/fr\\\/actualite\\\/culture\\\/cannes-2023-9\\\/206115\\\/\",\"name\":\"Cannes 2023 - A quelques heures du Palmar\u00e8s...\",\"isPartOf\":{\"@id\":\"https:\\\/\\\/www.webdo.tn\\\/fr\\\/#website\"},\"primaryImageOfPage\":{\"@id\":\"https:\\\/\\\/www.webdo.tn\\\/fr\\\/actualite\\\/culture\\\/cannes-2023-9\\\/206115\\\/#primaryimage\"},\"image\":{\"@id\":\"https:\\\/\\\/www.webdo.tn\\\/fr\\\/actualite\\\/culture\\\/cannes-2023-9\\\/206115\\\/#primaryimage\"},\"thumbnailUrl\":\"https:\\\/\\\/www.webdo.tn\\\/fr\\\/wp-content\\\/uploads\\\/2023\\\/05\\\/41ebd0fa37a03b62761154b35a9213a4.jpeg\",\"datePublished\":\"2023-05-27T15:33:00+00:00\",\"dateModified\":\"2025-05-21T08:57:03+00:00\",\"description\":\"Plus que quelques heures et seront annonc\u00e9s les laur\u00e9ats du 76\u00e8me Festival de Cannes. Les pronostics vont bon train, chacun donnant ses propres arguments et sou...\",\"breadcrumb\":{\"@id\":\"https:\\\/\\\/www.webdo.tn\\\/fr\\\/actualite\\\/culture\\\/cannes-2023-9\\\/206115\\\/#breadcrumb\"},\"inLanguage\":\"fr-FR\",\"potentialAction\":[{\"@type\":\"ReadAction\",\"target\":[\"https:\\\/\\\/www.webdo.tn\\\/fr\\\/actualite\\\/culture\\\/cannes-2023-9\\\/206115\\\/\"]}]},{\"@type\":\"ImageObject\",\"inLanguage\":\"fr-FR\",\"@id\":\"https:\\\/\\\/www.webdo.tn\\\/fr\\\/actualite\\\/culture\\\/cannes-2023-9\\\/206115\\\/#primaryimage\",\"url\":\"https:\\\/\\\/www.webdo.tn\\\/fr\\\/wp-content\\\/uploads\\\/2023\\\/05\\\/41ebd0fa37a03b62761154b35a9213a4.jpeg\",\"contentUrl\":\"https:\\\/\\\/www.webdo.tn\\\/fr\\\/wp-content\\\/uploads\\\/2023\\\/05\\\/41ebd0fa37a03b62761154b35a9213a4.jpeg\",\"width\":750,\"height\":400,\"caption\":\"Cannes 2023 - A quelques heures du Palmar\u00e8s...\"},{\"@type\":\"BreadcrumbList\",\"@id\":\"https:\\\/\\\/www.webdo.tn\\\/fr\\\/actualite\\\/culture\\\/cannes-2023-9\\\/206115\\\/#breadcrumb\",\"itemListElement\":[{\"@type\":\"ListItem\",\"position\":1,\"name\":\"Accueil\",\"item\":\"https:\\\/\\\/www.webdo.tn\\\/fr\\\/\"},{\"@type\":\"ListItem\",\"position\":2,\"name\":\"Cannes 2023 &#8211; A quelques heures du Palmar\u00e8s&#8230;\"}]},{\"@type\":\"WebSite\",\"@id\":\"https:\\\/\\\/www.webdo.tn\\\/fr\\\/#website\",\"url\":\"https:\\\/\\\/www.webdo.tn\\\/fr\\\/\",\"name\":\"webdo\",\"description\":\"Tunisie - News en Tunisie et \u00e0 l&#039;international sur Webdo.tn\",\"publisher\":{\"@id\":\"https:\\\/\\\/www.webdo.tn\\\/fr\\\/#organization\"},\"potentialAction\":[{\"@type\":\"SearchAction\",\"target\":{\"@type\":\"EntryPoint\",\"urlTemplate\":\"https:\\\/\\\/www.webdo.tn\\\/fr\\\/?s={search_term_string}\"},\"query-input\":{\"@type\":\"PropertyValueSpecification\",\"valueRequired\":true,\"valueName\":\"search_term_string\"}}],\"inLanguage\":\"fr-FR\"},{\"@type\":\"Organization\",\"@id\":\"https:\\\/\\\/www.webdo.tn\\\/fr\\\/#organization\",\"name\":\"Webdo\",\"alternateName\":\"Webdo.tn\",\"url\":\"https:\\\/\\\/www.webdo.tn\\\/fr\\\/\",\"logo\":{\"@type\":\"ImageObject\",\"inLanguage\":\"fr-FR\",\"@id\":\"https:\\\/\\\/www.webdo.tn\\\/fr\\\/#\\\/schema\\\/logo\\\/image\\\/\",\"url\":\"https:\\\/\\\/www.webdo.tn\\\/fr\\\/wp-content\\\/uploads\\\/2025\\\/06\\\/Webdo-Tunisie_168377.jpg\",\"contentUrl\":\"https:\\\/\\\/www.webdo.tn\\\/fr\\\/wp-content\\\/uploads\\\/2025\\\/06\\\/Webdo-Tunisie_168377.jpg\",\"width\":301,\"height\":301,\"caption\":\"Webdo\"},\"image\":{\"@id\":\"https:\\\/\\\/www.webdo.tn\\\/fr\\\/#\\\/schema\\\/logo\\\/image\\\/\"},\"sameAs\":[\"https:\\\/\\\/www.facebook.com\\\/webdotn\",\"https:\\\/\\\/x.com\\\/webdo_tn\"],\"description\":\"Webdo est un m\u00e9dia num\u00e9rique tunisien fond\u00e9 en 2010, sp\u00e9cialis\u00e9 dans l\u2019actualit\u00e9 nationale et internationale, l\u2019\u00e9conomie, la soci\u00e9t\u00e9 et les analyses politiques. Le site s\u2019adresse \u00e0 un large public francophone et couvre l\u2019information tunisienne en temps r\u00e9el.\",\"email\":\"redac@webdo.tn\",\"legalName\":\"YNJ SARL\",\"foundingDate\":\"2010-09-06\",\"numberOfEmployees\":{\"@type\":\"QuantitativeValue\",\"minValue\":\"11\",\"maxValue\":\"50\"}},{\"@type\":\"Person\",\"@id\":\"https:\\\/\\\/www.webdo.tn\\\/fr\\\/#\\\/schema\\\/person\\\/60d5ba619ed3f58783b0dc82b7dada80\",\"name\":\"Ne\u00efla DRISS\",\"image\":{\"@type\":\"ImageObject\",\"inLanguage\":\"fr-FR\",\"@id\":\"https:\\\/\\\/www.webdo.tn\\\/fr\\\/wp-content\\\/uploads\\\/2026\\\/04\\\/neila-driss_avatar-96x96.jpg\",\"url\":\"https:\\\/\\\/www.webdo.tn\\\/fr\\\/wp-content\\\/uploads\\\/2026\\\/04\\\/neila-driss_avatar-96x96.jpg\",\"contentUrl\":\"https:\\\/\\\/www.webdo.tn\\\/fr\\\/wp-content\\\/uploads\\\/2026\\\/04\\\/neila-driss_avatar-96x96.jpg\",\"caption\":\"Ne\u00efla DRISS\"},\"description\":\"Ne\u00efla Driss est juriste, journaliste culturelle et critique de cin\u00e9ma tunisienne. Titulaire d\u2019un DEA en droit priv\u00e9 de l\u2019Universit\u00e9 Paris II et d\u2019un DESS de l\u2019IHEC Carthage, elle d\u00e9bute sa carri\u00e8re comme juriste sp\u00e9cialis\u00e9e en gestion de patrimoine immobilier. Elle s\u2019oriente ensuite vers l\u2019\u00e9criture en ligne, o\u00f9 elle se distingue d\u00e8s 2006 aux Tunisia Blog Awards, avant de se consacrer au journalisme culturel, avec une sp\u00e9cialisation dans la critique cin\u00e9matographique. Elle couvre r\u00e9guli\u00e8rement les grands festivals internationaux, notamment le Festival de Cannes, les Journ\u00e9es Cin\u00e9matographiques de Carthage et le Festival du film du Caire. Membre de l\u2019ATPCC et de la FIPRESCI, elle participe \u00e0 des jurys et initiatives internationales de critique. Depuis 2024, elle est \u00e9lectrice internationale aux Golden Globes. Facebook : https:\\\/\\\/www.facebook.com\\\/massir.destiniii\\\/ X : https:\\\/\\\/x.com\\\/MassirDestin\",\"sameAs\":[\"https:\\\/\\\/www.facebook.com\\\/massir.destiniii\\\/\",\"https:\\\/\\\/www.instagram.com\\\/neila.driss\\\/?hl=fr\",\"https:\\\/\\\/www.linkedin.com\\\/in\\\/neila-driss-22606a80\\\/\",\"https:\\\/\\\/x.com\\\/https:\\\/\\\/x.com\\\/MassirDestin\"],\"knowsAbout\":[\"Cin\u00e9ma international\",\"critique cin\u00e9matographique\",\"festivals de cin\u00e9ma\",\"journalisme culturel\"],\"knowsLanguage\":[\"Fran\u00e7ais\",\"Arabe\",\"Anglais\"],\"jobTitle\":\"Journaliste culturelle et critique de cin\u00e9ma\",\"worksFor\":\"Webdo\",\"url\":\"https:\\\/\\\/www.webdo.tn\\\/fr\\\/actualite\\\/author\\\/neila-driss\\\/\"}]}<\/script>\n<!-- \/ Yoast SEO Premium plugin. -->","yoast_head_json":{"title":"Cannes 2023 - A quelques heures du Palmar\u00e8s...","description":"Plus que quelques heures et seront annonc\u00e9s les laur\u00e9ats du 76\u00e8me Festival de Cannes. Les pronostics vont bon train, chacun donnant ses propres arguments et sou...","canonical":"https:\/\/www.webdo.tn\/fr\/actualite\/culture\/cannes-2023-9\/206115\/","og_locale":"fr_FR","og_type":"article","og_title":"Cannes 2023 - A quelques heures du Palmar\u00e8s...","og_description":"Plus que quelques heures et seront annonc\u00e9s les laur\u00e9ats du 76\u00e8me Festival de Cannes. Les pronostics vont bon train, chacun donnant ses propres arguments et sou...","og_url":"https:\/\/www.webdo.tn\/fr\/actualite\/culture\/cannes-2023-9\/206115\/","og_site_name":"webdo","article_publisher":"https:\/\/www.facebook.com\/webdotn","article_author":"https:\/\/www.facebook.com\/massir.destiniii\/","article_published_time":"2023-05-27T15:33:00+00:00","article_modified_time":"2025-05-21T08:57:03+00:00","og_image":[{"width":750,"height":400,"url":"https:\/\/www.webdo.tn\/fr\/wp-content\/uploads\/2023\/05\/41ebd0fa37a03b62761154b35a9213a4.jpeg","type":"image\/jpeg"}],"author":"Ne\u00efla DRISS","twitter_card":"summary_large_image","twitter_creator":"@https:\/\/x.com\/MassirDestin","twitter_site":"@webdo_tn","twitter_misc":{"\u00c9crit par":"Ne\u00efla DRISS","Dur\u00e9e de lecture estim\u00e9e":"5 minutes"},"schema":{"@context":"https:\/\/schema.org","@graph":[{"@type":"NewsArticle","@id":"https:\/\/www.webdo.tn\/fr\/actualite\/culture\/cannes-2023-9\/206115\/#article","isPartOf":{"@id":"https:\/\/www.webdo.tn\/fr\/actualite\/culture\/cannes-2023-9\/206115\/"},"author":{"name":"Ne\u00efla DRISS","@id":"https:\/\/www.webdo.tn\/fr\/#\/schema\/person\/60d5ba619ed3f58783b0dc82b7dada80"},"headline":"Cannes 2023 &#8211; A quelques heures du Palmar\u00e8s&#8230;","datePublished":"2023-05-27T15:33:00+00:00","dateModified":"2025-05-21T08:57:03+00:00","mainEntityOfPage":{"@id":"https:\/\/www.webdo.tn\/fr\/actualite\/culture\/cannes-2023-9\/206115\/"},"wordCount":1018,"commentCount":0,"publisher":{"@id":"https:\/\/www.webdo.tn\/fr\/#organization"},"image":{"@id":"https:\/\/www.webdo.tn\/fr\/actualite\/culture\/cannes-2023-9\/206115\/#primaryimage"},"thumbnailUrl":"https:\/\/www.webdo.tn\/fr\/wp-content\/uploads\/2023\/05\/41ebd0fa37a03b62761154b35a9213a4.jpeg","keywords":["Cannes 2023","Festival de Cannes"],"articleSection":["Culture"],"inLanguage":"fr-FR"},{"@type":"WebPage","@id":"https:\/\/www.webdo.tn\/fr\/actualite\/culture\/cannes-2023-9\/206115\/","url":"https:\/\/www.webdo.tn\/fr\/actualite\/culture\/cannes-2023-9\/206115\/","name":"Cannes 2023 - A quelques heures du Palmar\u00e8s...","isPartOf":{"@id":"https:\/\/www.webdo.tn\/fr\/#website"},"primaryImageOfPage":{"@id":"https:\/\/www.webdo.tn\/fr\/actualite\/culture\/cannes-2023-9\/206115\/#primaryimage"},"image":{"@id":"https:\/\/www.webdo.tn\/fr\/actualite\/culture\/cannes-2023-9\/206115\/#primaryimage"},"thumbnailUrl":"https:\/\/www.webdo.tn\/fr\/wp-content\/uploads\/2023\/05\/41ebd0fa37a03b62761154b35a9213a4.jpeg","datePublished":"2023-05-27T15:33:00+00:00","dateModified":"2025-05-21T08:57:03+00:00","description":"Plus que quelques heures et seront annonc\u00e9s les laur\u00e9ats du 76\u00e8me Festival de Cannes. Les pronostics vont bon train, chacun donnant ses propres arguments et sou...","breadcrumb":{"@id":"https:\/\/www.webdo.tn\/fr\/actualite\/culture\/cannes-2023-9\/206115\/#breadcrumb"},"inLanguage":"fr-FR","potentialAction":[{"@type":"ReadAction","target":["https:\/\/www.webdo.tn\/fr\/actualite\/culture\/cannes-2023-9\/206115\/"]}]},{"@type":"ImageObject","inLanguage":"fr-FR","@id":"https:\/\/www.webdo.tn\/fr\/actualite\/culture\/cannes-2023-9\/206115\/#primaryimage","url":"https:\/\/www.webdo.tn\/fr\/wp-content\/uploads\/2023\/05\/41ebd0fa37a03b62761154b35a9213a4.jpeg","contentUrl":"https:\/\/www.webdo.tn\/fr\/wp-content\/uploads\/2023\/05\/41ebd0fa37a03b62761154b35a9213a4.jpeg","width":750,"height":400,"caption":"Cannes 2023 - A quelques heures du Palmar\u00e8s..."},{"@type":"BreadcrumbList","@id":"https:\/\/www.webdo.tn\/fr\/actualite\/culture\/cannes-2023-9\/206115\/#breadcrumb","itemListElement":[{"@type":"ListItem","position":1,"name":"Accueil","item":"https:\/\/www.webdo.tn\/fr\/"},{"@type":"ListItem","position":2,"name":"Cannes 2023 &#8211; A quelques heures du Palmar\u00e8s&#8230;"}]},{"@type":"WebSite","@id":"https:\/\/www.webdo.tn\/fr\/#website","url":"https:\/\/www.webdo.tn\/fr\/","name":"webdo","description":"Tunisie - News en Tunisie et \u00e0 l&#039;international sur Webdo.tn","publisher":{"@id":"https:\/\/www.webdo.tn\/fr\/#organization"},"potentialAction":[{"@type":"SearchAction","target":{"@type":"EntryPoint","urlTemplate":"https:\/\/www.webdo.tn\/fr\/?s={search_term_string}"},"query-input":{"@type":"PropertyValueSpecification","valueRequired":true,"valueName":"search_term_string"}}],"inLanguage":"fr-FR"},{"@type":"Organization","@id":"https:\/\/www.webdo.tn\/fr\/#organization","name":"Webdo","alternateName":"Webdo.tn","url":"https:\/\/www.webdo.tn\/fr\/","logo":{"@type":"ImageObject","inLanguage":"fr-FR","@id":"https:\/\/www.webdo.tn\/fr\/#\/schema\/logo\/image\/","url":"https:\/\/www.webdo.tn\/fr\/wp-content\/uploads\/2025\/06\/Webdo-Tunisie_168377.jpg","contentUrl":"https:\/\/www.webdo.tn\/fr\/wp-content\/uploads\/2025\/06\/Webdo-Tunisie_168377.jpg","width":301,"height":301,"caption":"Webdo"},"image":{"@id":"https:\/\/www.webdo.tn\/fr\/#\/schema\/logo\/image\/"},"sameAs":["https:\/\/www.facebook.com\/webdotn","https:\/\/x.com\/webdo_tn"],"description":"Webdo est un m\u00e9dia num\u00e9rique tunisien fond\u00e9 en 2010, sp\u00e9cialis\u00e9 dans l\u2019actualit\u00e9 nationale et internationale, l\u2019\u00e9conomie, la soci\u00e9t\u00e9 et les analyses politiques. Le site s\u2019adresse \u00e0 un large public francophone et couvre l\u2019information tunisienne en temps r\u00e9el.","email":"redac@webdo.tn","legalName":"YNJ SARL","foundingDate":"2010-09-06","numberOfEmployees":{"@type":"QuantitativeValue","minValue":"11","maxValue":"50"}},{"@type":"Person","@id":"https:\/\/www.webdo.tn\/fr\/#\/schema\/person\/60d5ba619ed3f58783b0dc82b7dada80","name":"Ne\u00efla DRISS","image":{"@type":"ImageObject","inLanguage":"fr-FR","@id":"https:\/\/www.webdo.tn\/fr\/wp-content\/uploads\/2026\/04\/neila-driss_avatar-96x96.jpg","url":"https:\/\/www.webdo.tn\/fr\/wp-content\/uploads\/2026\/04\/neila-driss_avatar-96x96.jpg","contentUrl":"https:\/\/www.webdo.tn\/fr\/wp-content\/uploads\/2026\/04\/neila-driss_avatar-96x96.jpg","caption":"Ne\u00efla DRISS"},"description":"Ne\u00efla Driss est juriste, journaliste culturelle et critique de cin\u00e9ma tunisienne. Titulaire d\u2019un DEA en droit priv\u00e9 de l\u2019Universit\u00e9 Paris II et d\u2019un DESS de l\u2019IHEC Carthage, elle d\u00e9bute sa carri\u00e8re comme juriste sp\u00e9cialis\u00e9e en gestion de patrimoine immobilier. Elle s\u2019oriente ensuite vers l\u2019\u00e9criture en ligne, o\u00f9 elle se distingue d\u00e8s 2006 aux Tunisia Blog Awards, avant de se consacrer au journalisme culturel, avec une sp\u00e9cialisation dans la critique cin\u00e9matographique. Elle couvre r\u00e9guli\u00e8rement les grands festivals internationaux, notamment le Festival de Cannes, les Journ\u00e9es Cin\u00e9matographiques de Carthage et le Festival du film du Caire. Membre de l\u2019ATPCC et de la FIPRESCI, elle participe \u00e0 des jurys et initiatives internationales de critique. Depuis 2024, elle est \u00e9lectrice internationale aux Golden Globes. Facebook : https:\/\/www.facebook.com\/massir.destiniii\/ X : https:\/\/x.com\/MassirDestin","sameAs":["https:\/\/www.facebook.com\/massir.destiniii\/","https:\/\/www.instagram.com\/neila.driss\/?hl=fr","https:\/\/www.linkedin.com\/in\/neila-driss-22606a80\/","https:\/\/x.com\/https:\/\/x.com\/MassirDestin"],"knowsAbout":["Cin\u00e9ma international","critique cin\u00e9matographique","festivals de cin\u00e9ma","journalisme culturel"],"knowsLanguage":["Fran\u00e7ais","Arabe","Anglais"],"jobTitle":"Journaliste culturelle et critique de cin\u00e9ma","worksFor":"Webdo","url":"https:\/\/www.webdo.tn\/fr\/actualite\/author\/neila-driss\/"}]}},"_links":{"self":[{"href":"https:\/\/www.webdo.tn\/fr\/wp-json\/wp\/v2\/posts\/206115","targetHints":{"allow":["GET"]}}],"collection":[{"href":"https:\/\/www.webdo.tn\/fr\/wp-json\/wp\/v2\/posts"}],"about":[{"href":"https:\/\/www.webdo.tn\/fr\/wp-json\/wp\/v2\/types\/post"}],"author":[{"embeddable":true,"href":"https:\/\/www.webdo.tn\/fr\/wp-json\/wp\/v2\/users\/3164"}],"replies":[{"embeddable":true,"href":"https:\/\/www.webdo.tn\/fr\/wp-json\/wp\/v2\/comments?post=206115"}],"version-history":[{"count":0,"href":"https:\/\/www.webdo.tn\/fr\/wp-json\/wp\/v2\/posts\/206115\/revisions"}],"wp:featuredmedia":[{"embeddable":true,"href":"https:\/\/www.webdo.tn\/fr\/wp-json\/wp\/v2\/media\/278266"}],"wp:attachment":[{"href":"https:\/\/www.webdo.tn\/fr\/wp-json\/wp\/v2\/media?parent=206115"}],"wp:term":[{"taxonomy":"category","embeddable":true,"href":"https:\/\/www.webdo.tn\/fr\/wp-json\/wp\/v2\/categories?post=206115"},{"taxonomy":"post_tag","embeddable":true,"href":"https:\/\/www.webdo.tn\/fr\/wp-json\/wp\/v2\/tags?post=206115"}],"curies":[{"name":"wp","href":"https:\/\/api.w.org\/{rel}","templated":true}]}}