{"id":206113,"date":"2023-05-27T12:39:00","date_gmt":"2023-05-27T12:39:00","guid":{"rendered":"https:\/\/www.webdo.tn\/fr\/blog\/ennahdha-fustige-la-poursuite-de-la-fermeture-de-ses-locaux\/206113\/"},"modified":"2025-05-20T22:09:02","modified_gmt":"2025-05-20T22:09:02","slug":"ennahdha-fustige-la-poursuite-de-la-fermeture-de-ses-locaux","status":"publish","type":"post","link":"https:\/\/www.webdo.tn\/fr\/actualite\/national\/ennahdha-fustige-la-poursuite-de-la-fermeture-de-ses-locaux\/206113\/","title":{"rendered":"Ennahdha fustige la poursuite de la fermeture de ses locaux"},"content":{"rendered":"<p>Le mouvement Ennahdha a d\u00e9nonc\u00e9, ce samedi 27 mai 2023, la poursuite de la fermeture de son si\u00e8ge central et de tous ses locaux \u00e0 travers le pays.<\/p>\n<p>\t\t\t\t\t\t\t\t\tDans un communiqu\u00e9 publi\u00e9 aujourd\u2019hui, Ennahdha a fustig\u00e9 les op\u00e9rations de perquisition, qui, selon Ennahdha, sont servies de pr\u00e9texte pour frapper ses activit\u00e9s politiques.<\/p>\n<p>Le mouvement a affirm\u00e9 qu&rsquo;il \u00ab\u00a0se r\u00e9serve le droit d&rsquo;engager toutes les proc\u00e9dures judiciaires, pour r\u00e9cup\u00e9rer son si\u00e8ge central et ses locaux.\u00a0\u00bb<\/p>\n<p>Ennahdha a soulign\u00e9 que la poursuite de la perquisition de son si\u00e8ge central, depuis plus d&rsquo;un mois, constitue une violation \u00ab\u00a0flagrante\u00a0\u00bb des droits d&rsquo;un parti l\u00e9gal.<\/p>\n","protected":false},"excerpt":{"rendered":"<p>Le mouvement Ennahdha a d\u00e9nonc\u00e9, ce samedi 27 mai 2023, la poursuite de la fermeture de son si\u00e8ge central et de tous ses locaux \u00e0 travers le pays.<\/p>\n","protected":false},"author":3162,"featured_media":278262,"comment_status":"open","ping_status":"closed","sticky":false,"template":"","format":"standard","meta":{"footnotes":""},"categories":[44],"tags":[3057,6586],"class_list":["post-206113","post","type-post","status-publish","format-standard","has-post-thumbnail","hentry","category-national","tag-ennahdha","tag-siege"],"yoast_head":"<!-- This site is optimized with the Yoast SEO Premium plugin v27.5 (Yoast SEO v27.5) - https:\/\/yoast.com\/product\/yoast-seo-premium-wordpress\/ -->\n<title>Ennahdha fustige la poursuite de la fermeture de ses locaux<\/title>\n<meta name=\"description\" content=\"Le mouvement Ennahdha a d\u00e9nonc\u00e9, ce samedi 27 mai 2023, la poursuite de la fermeture de son si\u00e8ge central et de tous ses locaux \u00e0 travers le pays.\" \/>\n<link rel=\"canonical\" href=\"https:\/\/www.webdo.tn\/fr\/actualite\/national\/ennahdha-fustige-la-poursuite-de-la-fermeture-de-ses-locaux\/206113\/\" \/>\n<meta property=\"og:locale\" content=\"fr_FR\" \/>\n<meta property=\"og:type\" content=\"article\" \/>\n<meta property=\"og:title\" content=\"Ennahdha fustige la poursuite de la fermeture de ses locaux\" \/>\n<meta property=\"og:description\" content=\"Le mouvement Ennahdha a d\u00e9nonc\u00e9, ce samedi 27 mai 2023, la poursuite de la fermeture de son si\u00e8ge central et de tous ses locaux \u00e0 travers le pays.\" \/>\n<meta property=\"og:url\" content=\"https:\/\/www.webdo.tn\/fr\/actualite\/national\/ennahdha-fustige-la-poursuite-de-la-fermeture-de-ses-locaux\/206113\/\" \/>\n<meta property=\"og:site_name\" content=\"webdo\" \/>\n<meta property=\"article:publisher\" content=\"https:\/\/www.facebook.com\/webdotn\" \/>\n<meta property=\"article:published_time\" content=\"2023-05-27T12:39:00+00:00\" \/>\n<meta property=\"article:modified_time\" content=\"2025-05-20T22:09:02+00:00\" \/>\n<meta property=\"og:image\" content=\"https:\/\/www.webdo.tn\/fr\/wp-content\/uploads\/2023\/05\/15f5ed2682a3ae7b2ae8ed2c1e5b0f60.jpeg\" \/>\n\t<meta property=\"og:image:width\" content=\"750\" \/>\n\t<meta property=\"og:image:height\" content=\"400\" \/>\n\t<meta property=\"og:image:type\" content=\"image\/jpeg\" \/>\n<meta name=\"author\" content=\"MC\" \/>\n<meta name=\"twitter:card\" content=\"summary_large_image\" \/>\n<meta name=\"twitter:creator\" content=\"@webdo_tn\" \/>\n<meta name=\"twitter:site\" content=\"@webdo_tn\" \/>\n<meta name=\"twitter:label1\" content=\"\u00c9crit par\" \/>\n\t<meta name=\"twitter:data1\" content=\"MC\" \/>\n\t<meta name=\"twitter:label2\" content=\"Dur\u00e9e de lecture estim\u00e9e\" \/>\n\t<meta name=\"twitter:data2\" content=\"1 minute\" \/>\n<script type=\"application\/ld+json\" class=\"yoast-schema-graph\">{\"@context\":\"https:\\\/\\\/schema.org\",\"@graph\":[{\"@type\":\"NewsArticle\",\"@id\":\"https:\\\/\\\/www.webdo.tn\\\/fr\\\/actualite\\\/national\\\/ennahdha-fustige-la-poursuite-de-la-fermeture-de-ses-locaux\\\/206113\\\/#article\",\"isPartOf\":{\"@id\":\"https:\\\/\\\/www.webdo.tn\\\/fr\\\/actualite\\\/national\\\/ennahdha-fustige-la-poursuite-de-la-fermeture-de-ses-locaux\\\/206113\\\/\"},\"author\":{\"name\":\"MC\",\"@id\":\"https:\\\/\\\/www.webdo.tn\\\/fr\\\/#\\\/schema\\\/person\\\/2c4929cbf5a809e3bd38617c6ce150f6\"},\"headline\":\"Ennahdha fustige la poursuite de la fermeture de ses locaux\",\"datePublished\":\"2023-05-27T12:39:00+00:00\",\"dateModified\":\"2025-05-20T22:09:02+00:00\",\"mainEntityOfPage\":{\"@id\":\"https:\\\/\\\/www.webdo.tn\\\/fr\\\/actualite\\\/national\\\/ennahdha-fustige-la-poursuite-de-la-fermeture-de-ses-locaux\\\/206113\\\/\"},\"wordCount\":124,\"commentCount\":0,\"publisher\":{\"@id\":\"https:\\\/\\\/www.webdo.tn\\\/fr\\\/#organization\"},\"image\":{\"@id\":\"https:\\\/\\\/www.webdo.tn\\\/fr\\\/actualite\\\/national\\\/ennahdha-fustige-la-poursuite-de-la-fermeture-de-ses-locaux\\\/206113\\\/#primaryimage\"},\"thumbnailUrl\":\"https:\\\/\\\/www.webdo.tn\\\/fr\\\/wp-content\\\/uploads\\\/2023\\\/05\\\/15f5ed2682a3ae7b2ae8ed2c1e5b0f60.jpeg\",\"keywords\":[\"Ennahdha\",\"Si\u00e8ge\"],\"articleSection\":[\"National\"],\"inLanguage\":\"fr-FR\"},{\"@type\":\"WebPage\",\"@id\":\"https:\\\/\\\/www.webdo.tn\\\/fr\\\/actualite\\\/national\\\/ennahdha-fustige-la-poursuite-de-la-fermeture-de-ses-locaux\\\/206113\\\/\",\"url\":\"https:\\\/\\\/www.webdo.tn\\\/fr\\\/actualite\\\/national\\\/ennahdha-fustige-la-poursuite-de-la-fermeture-de-ses-locaux\\\/206113\\\/\",\"name\":\"Ennahdha fustige la poursuite de la fermeture de ses locaux\",\"isPartOf\":{\"@id\":\"https:\\\/\\\/www.webdo.tn\\\/fr\\\/#website\"},\"primaryImageOfPage\":{\"@id\":\"https:\\\/\\\/www.webdo.tn\\\/fr\\\/actualite\\\/national\\\/ennahdha-fustige-la-poursuite-de-la-fermeture-de-ses-locaux\\\/206113\\\/#primaryimage\"},\"image\":{\"@id\":\"https:\\\/\\\/www.webdo.tn\\\/fr\\\/actualite\\\/national\\\/ennahdha-fustige-la-poursuite-de-la-fermeture-de-ses-locaux\\\/206113\\\/#primaryimage\"},\"thumbnailUrl\":\"https:\\\/\\\/www.webdo.tn\\\/fr\\\/wp-content\\\/uploads\\\/2023\\\/05\\\/15f5ed2682a3ae7b2ae8ed2c1e5b0f60.jpeg\",\"datePublished\":\"2023-05-27T12:39:00+00:00\",\"dateModified\":\"2025-05-20T22:09:02+00:00\",\"description\":\"Le mouvement Ennahdha a d\u00e9nonc\u00e9, ce samedi 27 mai 2023, la poursuite de la fermeture de son si\u00e8ge central et de tous ses locaux \u00e0 travers le pays.\",\"breadcrumb\":{\"@id\":\"https:\\\/\\\/www.webdo.tn\\\/fr\\\/actualite\\\/national\\\/ennahdha-fustige-la-poursuite-de-la-fermeture-de-ses-locaux\\\/206113\\\/#breadcrumb\"},\"inLanguage\":\"fr-FR\",\"potentialAction\":[{\"@type\":\"ReadAction\",\"target\":[\"https:\\\/\\\/www.webdo.tn\\\/fr\\\/actualite\\\/national\\\/ennahdha-fustige-la-poursuite-de-la-fermeture-de-ses-locaux\\\/206113\\\/\"]}]},{\"@type\":\"ImageObject\",\"inLanguage\":\"fr-FR\",\"@id\":\"https:\\\/\\\/www.webdo.tn\\\/fr\\\/actualite\\\/national\\\/ennahdha-fustige-la-poursuite-de-la-fermeture-de-ses-locaux\\\/206113\\\/#primaryimage\",\"url\":\"https:\\\/\\\/www.webdo.tn\\\/fr\\\/wp-content\\\/uploads\\\/2023\\\/05\\\/15f5ed2682a3ae7b2ae8ed2c1e5b0f60.jpeg\",\"contentUrl\":\"https:\\\/\\\/www.webdo.tn\\\/fr\\\/wp-content\\\/uploads\\\/2023\\\/05\\\/15f5ed2682a3ae7b2ae8ed2c1e5b0f60.jpeg\",\"width\":750,\"height\":400,\"caption\":\"Ennahdha fustige la poursuite de la fermeture de ses locaux\"},{\"@type\":\"BreadcrumbList\",\"@id\":\"https:\\\/\\\/www.webdo.tn\\\/fr\\\/actualite\\\/national\\\/ennahdha-fustige-la-poursuite-de-la-fermeture-de-ses-locaux\\\/206113\\\/#breadcrumb\",\"itemListElement\":[{\"@type\":\"ListItem\",\"position\":1,\"name\":\"Accueil\",\"item\":\"https:\\\/\\\/www.webdo.tn\\\/fr\\\/\"},{\"@type\":\"ListItem\",\"position\":2,\"name\":\"Ennahdha fustige la poursuite de la fermeture de ses locaux\"}]},{\"@type\":\"WebSite\",\"@id\":\"https:\\\/\\\/www.webdo.tn\\\/fr\\\/#website\",\"url\":\"https:\\\/\\\/www.webdo.tn\\\/fr\\\/\",\"name\":\"webdo\",\"description\":\"Tunisie - News en Tunisie et \u00e0 l&#039;international sur Webdo.tn\",\"publisher\":{\"@id\":\"https:\\\/\\\/www.webdo.tn\\\/fr\\\/#organization\"},\"potentialAction\":[{\"@type\":\"SearchAction\",\"target\":{\"@type\":\"EntryPoint\",\"urlTemplate\":\"https:\\\/\\\/www.webdo.tn\\\/fr\\\/?s={search_term_string}\"},\"query-input\":{\"@type\":\"PropertyValueSpecification\",\"valueRequired\":true,\"valueName\":\"search_term_string\"}}],\"inLanguage\":\"fr-FR\"},{\"@type\":\"Organization\",\"@id\":\"https:\\\/\\\/www.webdo.tn\\\/fr\\\/#organization\",\"name\":\"Webdo\",\"alternateName\":\"Webdo.tn\",\"url\":\"https:\\\/\\\/www.webdo.tn\\\/fr\\\/\",\"logo\":{\"@type\":\"ImageObject\",\"inLanguage\":\"fr-FR\",\"@id\":\"https:\\\/\\\/www.webdo.tn\\\/fr\\\/#\\\/schema\\\/logo\\\/image\\\/\",\"url\":\"https:\\\/\\\/www.webdo.tn\\\/fr\\\/wp-content\\\/uploads\\\/2025\\\/06\\\/Webdo-Tunisie_168377.jpg\",\"contentUrl\":\"https:\\\/\\\/www.webdo.tn\\\/fr\\\/wp-content\\\/uploads\\\/2025\\\/06\\\/Webdo-Tunisie_168377.jpg\",\"width\":301,\"height\":301,\"caption\":\"Webdo\"},\"image\":{\"@id\":\"https:\\\/\\\/www.webdo.tn\\\/fr\\\/#\\\/schema\\\/logo\\\/image\\\/\"},\"sameAs\":[\"https:\\\/\\\/www.facebook.com\\\/webdotn\",\"https:\\\/\\\/x.com\\\/webdo_tn\"],\"description\":\"Webdo est un m\u00e9dia num\u00e9rique tunisien fond\u00e9 en 2010, sp\u00e9cialis\u00e9 dans l\u2019actualit\u00e9 nationale et internationale, l\u2019\u00e9conomie, la soci\u00e9t\u00e9 et les analyses politiques. Le site s\u2019adresse \u00e0 un large public francophone et couvre l\u2019information tunisienne en temps r\u00e9el.\",\"email\":\"redac@webdo.tn\",\"legalName\":\"YNJ SARL\",\"foundingDate\":\"2010-09-06\",\"numberOfEmployees\":{\"@type\":\"QuantitativeValue\",\"minValue\":\"11\",\"maxValue\":\"50\"}},{\"@type\":\"Person\",\"@id\":\"https:\\\/\\\/www.webdo.tn\\\/fr\\\/#\\\/schema\\\/person\\\/2c4929cbf5a809e3bd38617c6ce150f6\",\"name\":\"MC\",\"image\":{\"@type\":\"ImageObject\",\"inLanguage\":\"fr-FR\",\"@id\":\"https:\\\/\\\/secure.gravatar.com\\\/avatar\\\/a545bbb6f84efdd5553dbbc2895e3ca8f1d12c5215e00a041c9670b54aa9b18a?s=96&d=mm&r=g\",\"url\":\"https:\\\/\\\/secure.gravatar.com\\\/avatar\\\/a545bbb6f84efdd5553dbbc2895e3ca8f1d12c5215e00a041c9670b54aa9b18a?s=96&d=mm&r=g\",\"contentUrl\":\"https:\\\/\\\/secure.gravatar.com\\\/avatar\\\/a545bbb6f84efdd5553dbbc2895e3ca8f1d12c5215e00a041c9670b54aa9b18a?s=96&d=mm&r=g\",\"caption\":\"MC\"},\"url\":\"https:\\\/\\\/www.webdo.tn\\\/fr\\\/actualite\\\/author\\\/mc\\\/\"}]}<\/script>\n<!-- \/ Yoast SEO Premium plugin. -->","yoast_head_json":{"title":"Ennahdha fustige la poursuite de la fermeture de ses locaux","description":"Le mouvement Ennahdha a d\u00e9nonc\u00e9, ce samedi 27 mai 2023, la poursuite de la fermeture de son si\u00e8ge central et de tous ses locaux \u00e0 travers le pays.","canonical":"https:\/\/www.webdo.tn\/fr\/actualite\/national\/ennahdha-fustige-la-poursuite-de-la-fermeture-de-ses-locaux\/206113\/","og_locale":"fr_FR","og_type":"article","og_title":"Ennahdha fustige la poursuite de la fermeture de ses locaux","og_description":"Le mouvement Ennahdha a d\u00e9nonc\u00e9, ce samedi 27 mai 2023, la poursuite de la fermeture de son si\u00e8ge central et de tous ses locaux \u00e0 travers le pays.","og_url":"https:\/\/www.webdo.tn\/fr\/actualite\/national\/ennahdha-fustige-la-poursuite-de-la-fermeture-de-ses-locaux\/206113\/","og_site_name":"webdo","article_publisher":"https:\/\/www.facebook.com\/webdotn","article_published_time":"2023-05-27T12:39:00+00:00","article_modified_time":"2025-05-20T22:09:02+00:00","og_image":[{"width":750,"height":400,"url":"https:\/\/www.webdo.tn\/fr\/wp-content\/uploads\/2023\/05\/15f5ed2682a3ae7b2ae8ed2c1e5b0f60.jpeg","type":"image\/jpeg"}],"author":"MC","twitter_card":"summary_large_image","twitter_creator":"@webdo_tn","twitter_site":"@webdo_tn","twitter_misc":{"\u00c9crit par":"MC","Dur\u00e9e de lecture estim\u00e9e":"1 minute"},"schema":{"@context":"https:\/\/schema.org","@graph":[{"@type":"NewsArticle","@id":"https:\/\/www.webdo.tn\/fr\/actualite\/national\/ennahdha-fustige-la-poursuite-de-la-fermeture-de-ses-locaux\/206113\/#article","isPartOf":{"@id":"https:\/\/www.webdo.tn\/fr\/actualite\/national\/ennahdha-fustige-la-poursuite-de-la-fermeture-de-ses-locaux\/206113\/"},"author":{"name":"MC","@id":"https:\/\/www.webdo.tn\/fr\/#\/schema\/person\/2c4929cbf5a809e3bd38617c6ce150f6"},"headline":"Ennahdha fustige la poursuite de la fermeture de ses locaux","datePublished":"2023-05-27T12:39:00+00:00","dateModified":"2025-05-20T22:09:02+00:00","mainEntityOfPage":{"@id":"https:\/\/www.webdo.tn\/fr\/actualite\/national\/ennahdha-fustige-la-poursuite-de-la-fermeture-de-ses-locaux\/206113\/"},"wordCount":124,"commentCount":0,"publisher":{"@id":"https:\/\/www.webdo.tn\/fr\/#organization"},"image":{"@id":"https:\/\/www.webdo.tn\/fr\/actualite\/national\/ennahdha-fustige-la-poursuite-de-la-fermeture-de-ses-locaux\/206113\/#primaryimage"},"thumbnailUrl":"https:\/\/www.webdo.tn\/fr\/wp-content\/uploads\/2023\/05\/15f5ed2682a3ae7b2ae8ed2c1e5b0f60.jpeg","keywords":["Ennahdha","Si\u00e8ge"],"articleSection":["National"],"inLanguage":"fr-FR"},{"@type":"WebPage","@id":"https:\/\/www.webdo.tn\/fr\/actualite\/national\/ennahdha-fustige-la-poursuite-de-la-fermeture-de-ses-locaux\/206113\/","url":"https:\/\/www.webdo.tn\/fr\/actualite\/national\/ennahdha-fustige-la-poursuite-de-la-fermeture-de-ses-locaux\/206113\/","name":"Ennahdha fustige la poursuite de la fermeture de ses locaux","isPartOf":{"@id":"https:\/\/www.webdo.tn\/fr\/#website"},"primaryImageOfPage":{"@id":"https:\/\/www.webdo.tn\/fr\/actualite\/national\/ennahdha-fustige-la-poursuite-de-la-fermeture-de-ses-locaux\/206113\/#primaryimage"},"image":{"@id":"https:\/\/www.webdo.tn\/fr\/actualite\/national\/ennahdha-fustige-la-poursuite-de-la-fermeture-de-ses-locaux\/206113\/#primaryimage"},"thumbnailUrl":"https:\/\/www.webdo.tn\/fr\/wp-content\/uploads\/2023\/05\/15f5ed2682a3ae7b2ae8ed2c1e5b0f60.jpeg","datePublished":"2023-05-27T12:39:00+00:00","dateModified":"2025-05-20T22:09:02+00:00","description":"Le mouvement Ennahdha a d\u00e9nonc\u00e9, ce samedi 27 mai 2023, la poursuite de la fermeture de son si\u00e8ge central et de tous ses locaux \u00e0 travers le pays.","breadcrumb":{"@id":"https:\/\/www.webdo.tn\/fr\/actualite\/national\/ennahdha-fustige-la-poursuite-de-la-fermeture-de-ses-locaux\/206113\/#breadcrumb"},"inLanguage":"fr-FR","potentialAction":[{"@type":"ReadAction","target":["https:\/\/www.webdo.tn\/fr\/actualite\/national\/ennahdha-fustige-la-poursuite-de-la-fermeture-de-ses-locaux\/206113\/"]}]},{"@type":"ImageObject","inLanguage":"fr-FR","@id":"https:\/\/www.webdo.tn\/fr\/actualite\/national\/ennahdha-fustige-la-poursuite-de-la-fermeture-de-ses-locaux\/206113\/#primaryimage","url":"https:\/\/www.webdo.tn\/fr\/wp-content\/uploads\/2023\/05\/15f5ed2682a3ae7b2ae8ed2c1e5b0f60.jpeg","contentUrl":"https:\/\/www.webdo.tn\/fr\/wp-content\/uploads\/2023\/05\/15f5ed2682a3ae7b2ae8ed2c1e5b0f60.jpeg","width":750,"height":400,"caption":"Ennahdha fustige la poursuite de la fermeture de ses locaux"},{"@type":"BreadcrumbList","@id":"https:\/\/www.webdo.tn\/fr\/actualite\/national\/ennahdha-fustige-la-poursuite-de-la-fermeture-de-ses-locaux\/206113\/#breadcrumb","itemListElement":[{"@type":"ListItem","position":1,"name":"Accueil","item":"https:\/\/www.webdo.tn\/fr\/"},{"@type":"ListItem","position":2,"name":"Ennahdha fustige la poursuite de la fermeture de ses locaux"}]},{"@type":"WebSite","@id":"https:\/\/www.webdo.tn\/fr\/#website","url":"https:\/\/www.webdo.tn\/fr\/","name":"webdo","description":"Tunisie - News en Tunisie et \u00e0 l&#039;international sur Webdo.tn","publisher":{"@id":"https:\/\/www.webdo.tn\/fr\/#organization"},"potentialAction":[{"@type":"SearchAction","target":{"@type":"EntryPoint","urlTemplate":"https:\/\/www.webdo.tn\/fr\/?s={search_term_string}"},"query-input":{"@type":"PropertyValueSpecification","valueRequired":true,"valueName":"search_term_string"}}],"inLanguage":"fr-FR"},{"@type":"Organization","@id":"https:\/\/www.webdo.tn\/fr\/#organization","name":"Webdo","alternateName":"Webdo.tn","url":"https:\/\/www.webdo.tn\/fr\/","logo":{"@type":"ImageObject","inLanguage":"fr-FR","@id":"https:\/\/www.webdo.tn\/fr\/#\/schema\/logo\/image\/","url":"https:\/\/www.webdo.tn\/fr\/wp-content\/uploads\/2025\/06\/Webdo-Tunisie_168377.jpg","contentUrl":"https:\/\/www.webdo.tn\/fr\/wp-content\/uploads\/2025\/06\/Webdo-Tunisie_168377.jpg","width":301,"height":301,"caption":"Webdo"},"image":{"@id":"https:\/\/www.webdo.tn\/fr\/#\/schema\/logo\/image\/"},"sameAs":["https:\/\/www.facebook.com\/webdotn","https:\/\/x.com\/webdo_tn"],"description":"Webdo est un m\u00e9dia num\u00e9rique tunisien fond\u00e9 en 2010, sp\u00e9cialis\u00e9 dans l\u2019actualit\u00e9 nationale et internationale, l\u2019\u00e9conomie, la soci\u00e9t\u00e9 et les analyses politiques. Le site s\u2019adresse \u00e0 un large public francophone et couvre l\u2019information tunisienne en temps r\u00e9el.","email":"redac@webdo.tn","legalName":"YNJ SARL","foundingDate":"2010-09-06","numberOfEmployees":{"@type":"QuantitativeValue","minValue":"11","maxValue":"50"}},{"@type":"Person","@id":"https:\/\/www.webdo.tn\/fr\/#\/schema\/person\/2c4929cbf5a809e3bd38617c6ce150f6","name":"MC","image":{"@type":"ImageObject","inLanguage":"fr-FR","@id":"https:\/\/secure.gravatar.com\/avatar\/a545bbb6f84efdd5553dbbc2895e3ca8f1d12c5215e00a041c9670b54aa9b18a?s=96&d=mm&r=g","url":"https:\/\/secure.gravatar.com\/avatar\/a545bbb6f84efdd5553dbbc2895e3ca8f1d12c5215e00a041c9670b54aa9b18a?s=96&d=mm&r=g","contentUrl":"https:\/\/secure.gravatar.com\/avatar\/a545bbb6f84efdd5553dbbc2895e3ca8f1d12c5215e00a041c9670b54aa9b18a?s=96&d=mm&r=g","caption":"MC"},"url":"https:\/\/www.webdo.tn\/fr\/actualite\/author\/mc\/"}]}},"_links":{"self":[{"href":"https:\/\/www.webdo.tn\/fr\/wp-json\/wp\/v2\/posts\/206113","targetHints":{"allow":["GET"]}}],"collection":[{"href":"https:\/\/www.webdo.tn\/fr\/wp-json\/wp\/v2\/posts"}],"about":[{"href":"https:\/\/www.webdo.tn\/fr\/wp-json\/wp\/v2\/types\/post"}],"author":[{"embeddable":true,"href":"https:\/\/www.webdo.tn\/fr\/wp-json\/wp\/v2\/users\/3162"}],"replies":[{"embeddable":true,"href":"https:\/\/www.webdo.tn\/fr\/wp-json\/wp\/v2\/comments?post=206113"}],"version-history":[{"count":0,"href":"https:\/\/www.webdo.tn\/fr\/wp-json\/wp\/v2\/posts\/206113\/revisions"}],"wp:featuredmedia":[{"embeddable":true,"href":"https:\/\/www.webdo.tn\/fr\/wp-json\/wp\/v2\/media\/278262"}],"wp:attachment":[{"href":"https:\/\/www.webdo.tn\/fr\/wp-json\/wp\/v2\/media?parent=206113"}],"wp:term":[{"taxonomy":"category","embeddable":true,"href":"https:\/\/www.webdo.tn\/fr\/wp-json\/wp\/v2\/categories?post=206113"},{"taxonomy":"post_tag","embeddable":true,"href":"https:\/\/www.webdo.tn\/fr\/wp-json\/wp\/v2\/tags?post=206113"}],"curies":[{"name":"wp","href":"https:\/\/api.w.org\/{rel}","templated":true}]}}