{"id":206095,"date":"2023-05-26T23:29:00","date_gmt":"2023-05-26T23:29:00","guid":{"rendered":"https:\/\/www.webdo.tn\/fr\/blog\/cannes-2023-les-films-africains-et-arabes-triomphent-a-un-certain-regard\/206095\/"},"modified":"2025-05-21T08:56:35","modified_gmt":"2025-05-21T08:56:35","slug":"cannes-2023-les-films-africains-et-arabes-triomphent-a-un-certain-regard","status":"publish","type":"post","link":"https:\/\/www.webdo.tn\/fr\/actualite\/culture\/cannes-2023-les-films-africains-et-arabes-triomphent-a-un-certain-regard\/206095\/","title":{"rendered":"Cannes 2023 : Les Films Africains et arabes triomphent \u00e0 Un Certain Regard"},"content":{"rendered":"<div class=\"single-body entry-content typography-copy\" itemprop=\"articleBody\">\n<p style=\"font-weight: bold; text-align: justify\">\n\t\t\t\t\t\t\t\t\tLors de la 76\u00e8me \u00e9dition du Festival de Cannes, le jury de la s\u00e9lection Un certain Regard a d\u00e9voil\u00e9 les laur\u00e9ats, mettant en lumi\u00e8re les films arabes et africains qui se sont d\u00e9marqu\u00e9s en tant que grands gagnants de cette ann\u00e9e.\n\t\t\t\t\t\t\t\t<\/p>\n<div class=\"coprs\" style=\"text-align: center\"><\/div>\n<div class=\"coprs\" style=\"text-align: justify\">\n<p><span><span>C\u00e9l\u00e9brant un cin\u00e9ma d&rsquo;auteur et de d\u00e9couverte, Un Certain Regard 2023 a propos\u00e9 une s\u00e9lection de 20 longs m\u00e9trages, parmi lesquels huit premiers films concouraient \u00e9galement pour la Cam\u00e9ra d&rsquo;Or. Le film d&rsquo;ouverture de cette \u00e9dition \u00e9tait <em>Le R\u00e8gne animal<\/em> de Thomas Cailley. <\/span><\/span><\/p>\n<p><span><span>Sous la pr\u00e9sidence de l&rsquo;acteur am\u00e9ricain John C. Reilly, le jury \u00e9tait compos\u00e9 de la r\u00e9alisatrice et sc\u00e9nariste fran\u00e7aise Alice Winocour, de l&rsquo;actrice allemande Paula Beer, du r\u00e9alisateur et producteur franco-cambodgien Davy Chou et de l&rsquo;actrice belge \u00c9milie Dequenne. <\/span><\/span><\/p>\n<p><span><span>La projection du film <em>Une nuit<\/em> d&rsquo;Alex Lutz a cl\u00f4tur\u00e9 en beaut\u00e9 Un Certain Regard 2023.<\/span><\/span><\/p>\n<p><span><span>Parmi les six prix d\u00e9cern\u00e9s, quatre ont \u00e9t\u00e9 attribu\u00e9s \u00e0 des films africains, mettant ainsi en avant la qualit\u00e9 et la diversit\u00e9 du cin\u00e9ma de cette r\u00e9gion.<\/span><\/span><\/p>\n<p><span><span>Le Prix de la Nouvelle Voix, a \u00e9t\u00e9 remis \u00e0 <em>Augure<\/em>, le premier long m\u00e9trage du r\u00e9alisateur congolais Baloji. Le film raconte l&rsquo;histoire de quatre personnages consid\u00e9r\u00e9s comme des sorci\u00e8res et des sorciers. Koffi, qui est consid\u00e9r\u00e9 comme un zabolo (sorcier), a \u00e9t\u00e9 banni par sa m\u00e8re. Apr\u00e8s quinze ans d&rsquo;absence, il revient \u00e0 Lubumbashi pour s&rsquo;acquitter de sa dot, accompagn\u00e9 de sa future femme Alice. Mais il devra faire face aux pr\u00e9jug\u00e9s et \u00e0 la suspicion de sa communaut\u00e9.<\/span><\/span><\/p>\n<p><img decoding=\"async\" alt=\"\" height=\"1000\" src=\"\/assets\/uploads\/images\/\/Neila\/Augure(2).jpeg\" width=\"892\"><\/p>\n<p><span><span>Le Prix de la Libert\u00e9 a \u00e9t\u00e9 attribu\u00e9 \u00e0 <em>Goodbye Julia<\/em> de Mohamed Kordofani, le premier film soudanais de l&rsquo;histoire \u00e0 \u00eatre s\u00e9lectionn\u00e9 \u00e0 Cannes. L&rsquo;histoire se d\u00e9roule \u00e0 la veille de la division du Soudan et suit Mona, une ex-chanteuse nord-soudanaise qui tente de se racheter apr\u00e8s avoir accidentellement caus\u00e9 la mort d&rsquo;un homme Sud-Soudanais. Elle engage alors la femme de cet homme comme domestique.<\/span><\/span><\/p>\n<p><img decoding=\"async\" alt=\"\" height=\"673\" src=\"\/assets\/uploads\/images\/\/Neila\/Good%20Bye%20Julia.jpeg\" width=\"897\"><\/p>\n<p><span><span>La r\u00e9alisatrice marocaine Asmae El Moudir a remport\u00e9 le Prix de la meilleure r\u00e9alisation pour son documentaire intitul\u00e9 <em>La M\u00e8re de tous les mensonges<\/em> qui explore le pass\u00e9 de la cin\u00e9aste ainsi que la vie de son quartier \u00e0 Casablanca. Asmae retourne chez ses parents pour les aider \u00e0 d\u00e9m\u00e9nager et d\u00e9couvre une photo intrigante de son enfance. Cette image unique devient le point de d\u00e9part d&rsquo;une enqu\u00eate intime o\u00f9 la r\u00e9alisatrice remet en question les petits mensonges de sa famille, explorant ainsi la m\u00e9moire de son quartier et de son pays.<\/span><\/span><\/p>\n<p><img decoding=\"async\" alt=\"\" height=\"452\" src=\"\/assets\/uploads\/images\/\/Neila\/%D9%83%D8%B0%D8%A8-%D8%A7%D9%94%D8%A8%D9%8A%D8%B6-1536x765.jpg\" width=\"907\"><\/p>\n<p><span><span>Enfin, le Prix du Jury a \u00e9t\u00e9 attribu\u00e9 au film <em>Les meutes<\/em> de Kamal Lazraq, interpr\u00e9t\u00e9 par les deux com\u00e9diens non professionnels Ayoub Elaid et Abdellatif Masstouri. Ce drame plonge les spectateurs dans une nuit tumultueuse au c\u0153ur des rues de Casablanca et suit Hassan et Issam, p\u00e8re et fils, qui tentent de survivre au quotidien en se livrant \u00e0 de petits trafics pour la p\u00e8gre locale. Un \u00e9v\u00e9nement tragique survient lorsque l&rsquo;homme qu&rsquo;ils devaient kidnapper meurt accidentellement dans leur voiture, les laissant avec un cadavre \u00e0 faire dispara\u00eetre. S&rsquo;ensuit alors une longue nuit \u00e0 travers les bas-fonds de la ville.<\/span><\/span><\/p>\n<p><img decoding=\"async\" alt=\"\" height=\"848\" src=\"\/assets\/uploads\/images\/\/Neila\/LES%20MEUTES%20by%20Kamal%20Lazraq.jpeg\" width=\"848\"><\/p>\n<p>\u00a0<\/p>\n<p><span><span>Le jury Un Certain Regard du Festival de Cannes 2023 a ainsi r\u00e9compens\u00e9 des films africains engag\u00e9s et originaux, mettant en lumi\u00e8re la richesse et la diversit\u00e9 du cin\u00e9ma sur le continent. Ces victoires t\u00e9moignent de l&rsquo;importance de donner une plus grande visibilit\u00e9 aux histoires arabes et africaines, qui parlent du monde d&rsquo;aujourd&rsquo;hui. Il est \u00e0 esp\u00e9rer que ces films seront programm\u00e9s en plus grand nombre \u00e0 l&rsquo;avenir, car nos histoires comptent et elles contribuent \u00e0 nourrir notre compr\u00e9hension du monde et \u00e0 favoriser le dialogue interculturel.<\/span><\/span><\/p>\n<p>\n<span><span><strong>Palmar\u00e8s\u00a0:<\/strong><\/span><\/span><\/p>\n<ul>\n<li><span><span>Prix Un Certain Regard : <strong><em>HOW TO HAVE SEX<\/em><\/strong> r\u00e9alis\u00e9 par Molly Manning Walker (1er film) \u2013 Royaume Uni<\/span><\/span><\/li>\n<li><span><span>Prix de la Nouvelle Voix\u00a0: <strong><em>AUGURE<\/em><\/strong> r\u00e9alis\u00e9 par Baloji (1er film) &#8211;\u00a0<span><span><span>R\u00e9publique D\u00e9mocratique du Congo<\/span><\/span><\/span><\/span><\/span><\/li>\n<li><span><span>Prix d&rsquo;Ensemble\u00a0: <strong><em>CROWR\u00c3 (LA FLEUR DE BURITI)<\/em><\/strong> r\u00e9alis\u00e9 par Jo\u00e3o Salaviza &amp; Ren\u00e9e Nader Messora\u00a0&#8211; Br\u00e9sil<\/span><\/span><\/li>\n<li><span><span>Prix de la Libert\u00e9\u00a0: <strong><em>GOODBYE JULIA<\/em><\/strong> r\u00e9alis\u00e9 par Mohamed Kordofani &#8211; Soudan<\/span><\/span><\/li>\n<li><span><span>Prix de la Mise en Sc\u00e8ne\u00a0: Asmae El Moudir pour <strong><em>KADIB ABYAD (LA M\u00c8RE DE TOUS LES MENSONGES) &#8211;\u00a0<\/em><\/strong>Maroc<\/span><\/span><\/li>\n<li><span><span>Prix du Jury\u00a0: <strong><em>LES MEUTES<\/em><\/strong> r\u00e9alis\u00e9 par Kamal Lazraq (1er film) &#8211; Maroc<\/span><\/span><\/li>\n<\/ul>\n<p>\u00a0<\/p>\n<p><span><span><strong>Ne\u00efla Driss<\/strong><\/span><\/span><\/p>\n<p><img decoding=\"async\" alt=\"\" height=\"80\" src=\"\/assets\/uploads\/images\/\/Neila\/2023_CANNES_SIGNATURES_WEB_1584x396_01_LINKEDIN%20-%20Petite.jpeg\" width=\"320\"><\/p>\n<p>\u00a0<\/p>\n<\/p><\/div>\n<div class=\"coprs\" style=\"text-align: center\"><\/div><\/div>\n","protected":false},"excerpt":{"rendered":"<p>Lors de la 76\u00e8me \u00e9dition du Festival de Cannes, le jury de la s\u00e9lection Un certain Regard a d\u00e9voil\u00e9 les laur\u00e9ats, mettant en lumi\u00e8re les films arabes et africai&#8230;<\/p>\n","protected":false},"author":3164,"featured_media":251038,"comment_status":"open","ping_status":"closed","sticky":false,"template":"","format":"standard","meta":{"footnotes":""},"categories":[2594],"tags":[7127,8378,2627,2657],"class_list":["post-206095","post","type-post","status-publish","format-standard","has-post-thumbnail","hentry","category-culture","tag-cannes-2023","tag-cinema-africain","tag-festival-de-cannes","tag-un-certain-regard"],"yoast_head":"<!-- This site is optimized with the Yoast SEO Premium plugin v27.5 (Yoast SEO v27.5) - https:\/\/yoast.com\/product\/yoast-seo-premium-wordpress\/ -->\n<title>Cannes 2023 : Les Films Africains et arabes triomphent \u00e0 Un Certain Regard<\/title>\n<meta name=\"description\" content=\"Lors de la 76\u00e8me \u00e9dition du Festival de Cannes, le jury de la s\u00e9lection Un certain Regard a d\u00e9voil\u00e9 les laur\u00e9ats, mettant en lumi\u00e8re les films arabes et africai...\" \/>\n<link rel=\"canonical\" href=\"https:\/\/www.webdo.tn\/fr\/actualite\/culture\/cannes-2023-les-films-africains-et-arabes-triomphent-a-un-certain-regard\/206095\/\" \/>\n<meta property=\"og:locale\" content=\"fr_FR\" \/>\n<meta property=\"og:type\" content=\"article\" \/>\n<meta property=\"og:title\" content=\"Cannes 2023 : Les Films Africains et arabes triomphent \u00e0 Un Certain Regard\" \/>\n<meta property=\"og:description\" content=\"Lors de la 76\u00e8me \u00e9dition du Festival de Cannes, le jury de la s\u00e9lection Un certain Regard a d\u00e9voil\u00e9 les laur\u00e9ats, mettant en lumi\u00e8re les films arabes et africai...\" \/>\n<meta property=\"og:url\" content=\"https:\/\/www.webdo.tn\/fr\/actualite\/culture\/cannes-2023-les-films-africains-et-arabes-triomphent-a-un-certain-regard\/206095\/\" \/>\n<meta property=\"og:site_name\" content=\"webdo\" \/>\n<meta property=\"article:publisher\" content=\"https:\/\/www.facebook.com\/webdotn\" \/>\n<meta property=\"article:author\" content=\"https:\/\/www.facebook.com\/massir.destiniii\/\" \/>\n<meta property=\"article:published_time\" content=\"2023-05-26T23:29:00+00:00\" \/>\n<meta property=\"article:modified_time\" content=\"2025-05-21T08:56:35+00:00\" \/>\n<meta property=\"og:image\" content=\"https:\/\/www.webdo.tn\/fr\/wp-content\/uploads\/2023\/05\/90a0508d3e52de21df2718b304ea78b4.jpeg\" \/>\n\t<meta property=\"og:image:width\" content=\"750\" \/>\n\t<meta property=\"og:image:height\" content=\"400\" \/>\n\t<meta property=\"og:image:type\" content=\"image\/jpeg\" \/>\n<meta name=\"author\" content=\"Ne\u00efla DRISS\" \/>\n<meta name=\"twitter:card\" content=\"summary_large_image\" \/>\n<meta name=\"twitter:creator\" content=\"@https:\/\/x.com\/MassirDestin\" \/>\n<meta name=\"twitter:site\" content=\"@webdo_tn\" \/>\n<meta name=\"twitter:label1\" content=\"\u00c9crit par\" \/>\n\t<meta name=\"twitter:data1\" content=\"Ne\u00efla DRISS\" \/>\n\t<meta name=\"twitter:label2\" content=\"Dur\u00e9e de lecture estim\u00e9e\" \/>\n\t<meta name=\"twitter:data2\" content=\"4 minutes\" \/>\n<script type=\"application\/ld+json\" class=\"yoast-schema-graph\">{\"@context\":\"https:\\\/\\\/schema.org\",\"@graph\":[{\"@type\":\"NewsArticle\",\"@id\":\"https:\\\/\\\/www.webdo.tn\\\/fr\\\/actualite\\\/culture\\\/cannes-2023-les-films-africains-et-arabes-triomphent-a-un-certain-regard\\\/206095\\\/#article\",\"isPartOf\":{\"@id\":\"https:\\\/\\\/www.webdo.tn\\\/fr\\\/actualite\\\/culture\\\/cannes-2023-les-films-africains-et-arabes-triomphent-a-un-certain-regard\\\/206095\\\/\"},\"author\":{\"name\":\"Ne\u00efla DRISS\",\"@id\":\"https:\\\/\\\/www.webdo.tn\\\/fr\\\/#\\\/schema\\\/person\\\/60d5ba619ed3f58783b0dc82b7dada80\"},\"headline\":\"Cannes 2023 : Les Films Africains et arabes triomphent \u00e0 Un Certain Regard\",\"datePublished\":\"2023-05-26T23:29:00+00:00\",\"dateModified\":\"2025-05-21T08:56:35+00:00\",\"mainEntityOfPage\":{\"@id\":\"https:\\\/\\\/www.webdo.tn\\\/fr\\\/actualite\\\/culture\\\/cannes-2023-les-films-africains-et-arabes-triomphent-a-un-certain-regard\\\/206095\\\/\"},\"wordCount\":781,\"commentCount\":0,\"publisher\":{\"@id\":\"https:\\\/\\\/www.webdo.tn\\\/fr\\\/#organization\"},\"image\":{\"@id\":\"https:\\\/\\\/www.webdo.tn\\\/fr\\\/actualite\\\/culture\\\/cannes-2023-les-films-africains-et-arabes-triomphent-a-un-certain-regard\\\/206095\\\/#primaryimage\"},\"thumbnailUrl\":\"https:\\\/\\\/www.webdo.tn\\\/fr\\\/wp-content\\\/uploads\\\/2023\\\/05\\\/90a0508d3e52de21df2718b304ea78b4.jpeg\",\"keywords\":[\"Cannes 2023\",\"Cin\u00e9ma africain\",\"Festival de Cannes\",\"Un Certain Regard\"],\"articleSection\":[\"Culture\"],\"inLanguage\":\"fr-FR\"},{\"@type\":\"WebPage\",\"@id\":\"https:\\\/\\\/www.webdo.tn\\\/fr\\\/actualite\\\/culture\\\/cannes-2023-les-films-africains-et-arabes-triomphent-a-un-certain-regard\\\/206095\\\/\",\"url\":\"https:\\\/\\\/www.webdo.tn\\\/fr\\\/actualite\\\/culture\\\/cannes-2023-les-films-africains-et-arabes-triomphent-a-un-certain-regard\\\/206095\\\/\",\"name\":\"Cannes 2023 : Les Films Africains et arabes triomphent \u00e0 Un Certain Regard\",\"isPartOf\":{\"@id\":\"https:\\\/\\\/www.webdo.tn\\\/fr\\\/#website\"},\"primaryImageOfPage\":{\"@id\":\"https:\\\/\\\/www.webdo.tn\\\/fr\\\/actualite\\\/culture\\\/cannes-2023-les-films-africains-et-arabes-triomphent-a-un-certain-regard\\\/206095\\\/#primaryimage\"},\"image\":{\"@id\":\"https:\\\/\\\/www.webdo.tn\\\/fr\\\/actualite\\\/culture\\\/cannes-2023-les-films-africains-et-arabes-triomphent-a-un-certain-regard\\\/206095\\\/#primaryimage\"},\"thumbnailUrl\":\"https:\\\/\\\/www.webdo.tn\\\/fr\\\/wp-content\\\/uploads\\\/2023\\\/05\\\/90a0508d3e52de21df2718b304ea78b4.jpeg\",\"datePublished\":\"2023-05-26T23:29:00+00:00\",\"dateModified\":\"2025-05-21T08:56:35+00:00\",\"description\":\"Lors de la 76\u00e8me \u00e9dition du Festival de Cannes, le jury de la s\u00e9lection Un certain Regard a d\u00e9voil\u00e9 les laur\u00e9ats, mettant en lumi\u00e8re les films arabes et africai...\",\"breadcrumb\":{\"@id\":\"https:\\\/\\\/www.webdo.tn\\\/fr\\\/actualite\\\/culture\\\/cannes-2023-les-films-africains-et-arabes-triomphent-a-un-certain-regard\\\/206095\\\/#breadcrumb\"},\"inLanguage\":\"fr-FR\",\"potentialAction\":[{\"@type\":\"ReadAction\",\"target\":[\"https:\\\/\\\/www.webdo.tn\\\/fr\\\/actualite\\\/culture\\\/cannes-2023-les-films-africains-et-arabes-triomphent-a-un-certain-regard\\\/206095\\\/\"]}]},{\"@type\":\"ImageObject\",\"inLanguage\":\"fr-FR\",\"@id\":\"https:\\\/\\\/www.webdo.tn\\\/fr\\\/actualite\\\/culture\\\/cannes-2023-les-films-africains-et-arabes-triomphent-a-un-certain-regard\\\/206095\\\/#primaryimage\",\"url\":\"https:\\\/\\\/www.webdo.tn\\\/fr\\\/wp-content\\\/uploads\\\/2023\\\/05\\\/90a0508d3e52de21df2718b304ea78b4.jpeg\",\"contentUrl\":\"https:\\\/\\\/www.webdo.tn\\\/fr\\\/wp-content\\\/uploads\\\/2023\\\/05\\\/90a0508d3e52de21df2718b304ea78b4.jpeg\",\"width\":750,\"height\":400,\"caption\":\"Cannes 2023 : Les Films Africains et arabes triomphent \u00e0 Un Certain Regard\"},{\"@type\":\"BreadcrumbList\",\"@id\":\"https:\\\/\\\/www.webdo.tn\\\/fr\\\/actualite\\\/culture\\\/cannes-2023-les-films-africains-et-arabes-triomphent-a-un-certain-regard\\\/206095\\\/#breadcrumb\",\"itemListElement\":[{\"@type\":\"ListItem\",\"position\":1,\"name\":\"Accueil\",\"item\":\"https:\\\/\\\/www.webdo.tn\\\/fr\\\/\"},{\"@type\":\"ListItem\",\"position\":2,\"name\":\"Cannes 2023 : Les Films Africains et arabes triomphent \u00e0 Un Certain Regard\"}]},{\"@type\":\"WebSite\",\"@id\":\"https:\\\/\\\/www.webdo.tn\\\/fr\\\/#website\",\"url\":\"https:\\\/\\\/www.webdo.tn\\\/fr\\\/\",\"name\":\"webdo\",\"description\":\"Tunisie - News en Tunisie et \u00e0 l&#039;international sur Webdo.tn\",\"publisher\":{\"@id\":\"https:\\\/\\\/www.webdo.tn\\\/fr\\\/#organization\"},\"potentialAction\":[{\"@type\":\"SearchAction\",\"target\":{\"@type\":\"EntryPoint\",\"urlTemplate\":\"https:\\\/\\\/www.webdo.tn\\\/fr\\\/?s={search_term_string}\"},\"query-input\":{\"@type\":\"PropertyValueSpecification\",\"valueRequired\":true,\"valueName\":\"search_term_string\"}}],\"inLanguage\":\"fr-FR\"},{\"@type\":\"Organization\",\"@id\":\"https:\\\/\\\/www.webdo.tn\\\/fr\\\/#organization\",\"name\":\"Webdo\",\"alternateName\":\"Webdo.tn\",\"url\":\"https:\\\/\\\/www.webdo.tn\\\/fr\\\/\",\"logo\":{\"@type\":\"ImageObject\",\"inLanguage\":\"fr-FR\",\"@id\":\"https:\\\/\\\/www.webdo.tn\\\/fr\\\/#\\\/schema\\\/logo\\\/image\\\/\",\"url\":\"https:\\\/\\\/www.webdo.tn\\\/fr\\\/wp-content\\\/uploads\\\/2025\\\/06\\\/Webdo-Tunisie_168377.jpg\",\"contentUrl\":\"https:\\\/\\\/www.webdo.tn\\\/fr\\\/wp-content\\\/uploads\\\/2025\\\/06\\\/Webdo-Tunisie_168377.jpg\",\"width\":301,\"height\":301,\"caption\":\"Webdo\"},\"image\":{\"@id\":\"https:\\\/\\\/www.webdo.tn\\\/fr\\\/#\\\/schema\\\/logo\\\/image\\\/\"},\"sameAs\":[\"https:\\\/\\\/www.facebook.com\\\/webdotn\",\"https:\\\/\\\/x.com\\\/webdo_tn\"],\"description\":\"Webdo est un m\u00e9dia num\u00e9rique tunisien fond\u00e9 en 2010, sp\u00e9cialis\u00e9 dans l\u2019actualit\u00e9 nationale et internationale, l\u2019\u00e9conomie, la soci\u00e9t\u00e9 et les analyses politiques. Le site s\u2019adresse \u00e0 un large public francophone et couvre l\u2019information tunisienne en temps r\u00e9el.\",\"email\":\"redac@webdo.tn\",\"legalName\":\"YNJ SARL\",\"foundingDate\":\"2010-09-06\",\"numberOfEmployees\":{\"@type\":\"QuantitativeValue\",\"minValue\":\"11\",\"maxValue\":\"50\"}},{\"@type\":\"Person\",\"@id\":\"https:\\\/\\\/www.webdo.tn\\\/fr\\\/#\\\/schema\\\/person\\\/60d5ba619ed3f58783b0dc82b7dada80\",\"name\":\"Ne\u00efla DRISS\",\"image\":{\"@type\":\"ImageObject\",\"inLanguage\":\"fr-FR\",\"@id\":\"https:\\\/\\\/www.webdo.tn\\\/fr\\\/wp-content\\\/uploads\\\/2026\\\/04\\\/neila-driss_avatar-96x96.jpg\",\"url\":\"https:\\\/\\\/www.webdo.tn\\\/fr\\\/wp-content\\\/uploads\\\/2026\\\/04\\\/neila-driss_avatar-96x96.jpg\",\"contentUrl\":\"https:\\\/\\\/www.webdo.tn\\\/fr\\\/wp-content\\\/uploads\\\/2026\\\/04\\\/neila-driss_avatar-96x96.jpg\",\"caption\":\"Ne\u00efla DRISS\"},\"description\":\"Ne\u00efla Driss est juriste, journaliste culturelle et critique de cin\u00e9ma tunisienne. Titulaire d\u2019un DEA en droit priv\u00e9 de l\u2019Universit\u00e9 Paris II et d\u2019un DESS de l\u2019IHEC Carthage, elle d\u00e9bute sa carri\u00e8re comme juriste sp\u00e9cialis\u00e9e en gestion de patrimoine immobilier. Elle s\u2019oriente ensuite vers l\u2019\u00e9criture en ligne, o\u00f9 elle se distingue d\u00e8s 2006 aux Tunisia Blog Awards, avant de se consacrer au journalisme culturel, avec une sp\u00e9cialisation dans la critique cin\u00e9matographique. Elle couvre r\u00e9guli\u00e8rement les grands festivals internationaux, notamment le Festival de Cannes, les Journ\u00e9es Cin\u00e9matographiques de Carthage et le Festival du film du Caire. Membre de l\u2019ATPCC et de la FIPRESCI, elle participe \u00e0 des jurys et initiatives internationales de critique. Depuis 2024, elle est \u00e9lectrice internationale aux Golden Globes. Facebook : https:\\\/\\\/www.facebook.com\\\/massir.destiniii\\\/ X : https:\\\/\\\/x.com\\\/MassirDestin\",\"sameAs\":[\"https:\\\/\\\/www.facebook.com\\\/massir.destiniii\\\/\",\"https:\\\/\\\/www.instagram.com\\\/neila.driss\\\/?hl=fr\",\"https:\\\/\\\/www.linkedin.com\\\/in\\\/neila-driss-22606a80\\\/\",\"https:\\\/\\\/x.com\\\/https:\\\/\\\/x.com\\\/MassirDestin\"],\"knowsAbout\":[\"Cin\u00e9ma international\",\"critique cin\u00e9matographique\",\"festivals de cin\u00e9ma\",\"journalisme culturel\"],\"knowsLanguage\":[\"Fran\u00e7ais\",\"Arabe\",\"Anglais\"],\"jobTitle\":\"Journaliste culturelle et critique de cin\u00e9ma\",\"worksFor\":\"Webdo\",\"url\":\"https:\\\/\\\/www.webdo.tn\\\/fr\\\/actualite\\\/author\\\/neila-driss\\\/\"}]}<\/script>\n<!-- \/ Yoast SEO Premium plugin. -->","yoast_head_json":{"title":"Cannes 2023 : Les Films Africains et arabes triomphent \u00e0 Un Certain Regard","description":"Lors de la 76\u00e8me \u00e9dition du Festival de Cannes, le jury de la s\u00e9lection Un certain Regard a d\u00e9voil\u00e9 les laur\u00e9ats, mettant en lumi\u00e8re les films arabes et africai...","canonical":"https:\/\/www.webdo.tn\/fr\/actualite\/culture\/cannes-2023-les-films-africains-et-arabes-triomphent-a-un-certain-regard\/206095\/","og_locale":"fr_FR","og_type":"article","og_title":"Cannes 2023 : Les Films Africains et arabes triomphent \u00e0 Un Certain Regard","og_description":"Lors de la 76\u00e8me \u00e9dition du Festival de Cannes, le jury de la s\u00e9lection Un certain Regard a d\u00e9voil\u00e9 les laur\u00e9ats, mettant en lumi\u00e8re les films arabes et africai...","og_url":"https:\/\/www.webdo.tn\/fr\/actualite\/culture\/cannes-2023-les-films-africains-et-arabes-triomphent-a-un-certain-regard\/206095\/","og_site_name":"webdo","article_publisher":"https:\/\/www.facebook.com\/webdotn","article_author":"https:\/\/www.facebook.com\/massir.destiniii\/","article_published_time":"2023-05-26T23:29:00+00:00","article_modified_time":"2025-05-21T08:56:35+00:00","og_image":[{"width":750,"height":400,"url":"https:\/\/www.webdo.tn\/fr\/wp-content\/uploads\/2023\/05\/90a0508d3e52de21df2718b304ea78b4.jpeg","type":"image\/jpeg"}],"author":"Ne\u00efla DRISS","twitter_card":"summary_large_image","twitter_creator":"@https:\/\/x.com\/MassirDestin","twitter_site":"@webdo_tn","twitter_misc":{"\u00c9crit par":"Ne\u00efla DRISS","Dur\u00e9e de lecture estim\u00e9e":"4 minutes"},"schema":{"@context":"https:\/\/schema.org","@graph":[{"@type":"NewsArticle","@id":"https:\/\/www.webdo.tn\/fr\/actualite\/culture\/cannes-2023-les-films-africains-et-arabes-triomphent-a-un-certain-regard\/206095\/#article","isPartOf":{"@id":"https:\/\/www.webdo.tn\/fr\/actualite\/culture\/cannes-2023-les-films-africains-et-arabes-triomphent-a-un-certain-regard\/206095\/"},"author":{"name":"Ne\u00efla DRISS","@id":"https:\/\/www.webdo.tn\/fr\/#\/schema\/person\/60d5ba619ed3f58783b0dc82b7dada80"},"headline":"Cannes 2023 : Les Films Africains et arabes triomphent \u00e0 Un Certain Regard","datePublished":"2023-05-26T23:29:00+00:00","dateModified":"2025-05-21T08:56:35+00:00","mainEntityOfPage":{"@id":"https:\/\/www.webdo.tn\/fr\/actualite\/culture\/cannes-2023-les-films-africains-et-arabes-triomphent-a-un-certain-regard\/206095\/"},"wordCount":781,"commentCount":0,"publisher":{"@id":"https:\/\/www.webdo.tn\/fr\/#organization"},"image":{"@id":"https:\/\/www.webdo.tn\/fr\/actualite\/culture\/cannes-2023-les-films-africains-et-arabes-triomphent-a-un-certain-regard\/206095\/#primaryimage"},"thumbnailUrl":"https:\/\/www.webdo.tn\/fr\/wp-content\/uploads\/2023\/05\/90a0508d3e52de21df2718b304ea78b4.jpeg","keywords":["Cannes 2023","Cin\u00e9ma africain","Festival de Cannes","Un Certain Regard"],"articleSection":["Culture"],"inLanguage":"fr-FR"},{"@type":"WebPage","@id":"https:\/\/www.webdo.tn\/fr\/actualite\/culture\/cannes-2023-les-films-africains-et-arabes-triomphent-a-un-certain-regard\/206095\/","url":"https:\/\/www.webdo.tn\/fr\/actualite\/culture\/cannes-2023-les-films-africains-et-arabes-triomphent-a-un-certain-regard\/206095\/","name":"Cannes 2023 : Les Films Africains et arabes triomphent \u00e0 Un Certain Regard","isPartOf":{"@id":"https:\/\/www.webdo.tn\/fr\/#website"},"primaryImageOfPage":{"@id":"https:\/\/www.webdo.tn\/fr\/actualite\/culture\/cannes-2023-les-films-africains-et-arabes-triomphent-a-un-certain-regard\/206095\/#primaryimage"},"image":{"@id":"https:\/\/www.webdo.tn\/fr\/actualite\/culture\/cannes-2023-les-films-africains-et-arabes-triomphent-a-un-certain-regard\/206095\/#primaryimage"},"thumbnailUrl":"https:\/\/www.webdo.tn\/fr\/wp-content\/uploads\/2023\/05\/90a0508d3e52de21df2718b304ea78b4.jpeg","datePublished":"2023-05-26T23:29:00+00:00","dateModified":"2025-05-21T08:56:35+00:00","description":"Lors de la 76\u00e8me \u00e9dition du Festival de Cannes, le jury de la s\u00e9lection Un certain Regard a d\u00e9voil\u00e9 les laur\u00e9ats, mettant en lumi\u00e8re les films arabes et africai...","breadcrumb":{"@id":"https:\/\/www.webdo.tn\/fr\/actualite\/culture\/cannes-2023-les-films-africains-et-arabes-triomphent-a-un-certain-regard\/206095\/#breadcrumb"},"inLanguage":"fr-FR","potentialAction":[{"@type":"ReadAction","target":["https:\/\/www.webdo.tn\/fr\/actualite\/culture\/cannes-2023-les-films-africains-et-arabes-triomphent-a-un-certain-regard\/206095\/"]}]},{"@type":"ImageObject","inLanguage":"fr-FR","@id":"https:\/\/www.webdo.tn\/fr\/actualite\/culture\/cannes-2023-les-films-africains-et-arabes-triomphent-a-un-certain-regard\/206095\/#primaryimage","url":"https:\/\/www.webdo.tn\/fr\/wp-content\/uploads\/2023\/05\/90a0508d3e52de21df2718b304ea78b4.jpeg","contentUrl":"https:\/\/www.webdo.tn\/fr\/wp-content\/uploads\/2023\/05\/90a0508d3e52de21df2718b304ea78b4.jpeg","width":750,"height":400,"caption":"Cannes 2023 : Les Films Africains et arabes triomphent \u00e0 Un Certain Regard"},{"@type":"BreadcrumbList","@id":"https:\/\/www.webdo.tn\/fr\/actualite\/culture\/cannes-2023-les-films-africains-et-arabes-triomphent-a-un-certain-regard\/206095\/#breadcrumb","itemListElement":[{"@type":"ListItem","position":1,"name":"Accueil","item":"https:\/\/www.webdo.tn\/fr\/"},{"@type":"ListItem","position":2,"name":"Cannes 2023 : Les Films Africains et arabes triomphent \u00e0 Un Certain Regard"}]},{"@type":"WebSite","@id":"https:\/\/www.webdo.tn\/fr\/#website","url":"https:\/\/www.webdo.tn\/fr\/","name":"webdo","description":"Tunisie - News en Tunisie et \u00e0 l&#039;international sur Webdo.tn","publisher":{"@id":"https:\/\/www.webdo.tn\/fr\/#organization"},"potentialAction":[{"@type":"SearchAction","target":{"@type":"EntryPoint","urlTemplate":"https:\/\/www.webdo.tn\/fr\/?s={search_term_string}"},"query-input":{"@type":"PropertyValueSpecification","valueRequired":true,"valueName":"search_term_string"}}],"inLanguage":"fr-FR"},{"@type":"Organization","@id":"https:\/\/www.webdo.tn\/fr\/#organization","name":"Webdo","alternateName":"Webdo.tn","url":"https:\/\/www.webdo.tn\/fr\/","logo":{"@type":"ImageObject","inLanguage":"fr-FR","@id":"https:\/\/www.webdo.tn\/fr\/#\/schema\/logo\/image\/","url":"https:\/\/www.webdo.tn\/fr\/wp-content\/uploads\/2025\/06\/Webdo-Tunisie_168377.jpg","contentUrl":"https:\/\/www.webdo.tn\/fr\/wp-content\/uploads\/2025\/06\/Webdo-Tunisie_168377.jpg","width":301,"height":301,"caption":"Webdo"},"image":{"@id":"https:\/\/www.webdo.tn\/fr\/#\/schema\/logo\/image\/"},"sameAs":["https:\/\/www.facebook.com\/webdotn","https:\/\/x.com\/webdo_tn"],"description":"Webdo est un m\u00e9dia num\u00e9rique tunisien fond\u00e9 en 2010, sp\u00e9cialis\u00e9 dans l\u2019actualit\u00e9 nationale et internationale, l\u2019\u00e9conomie, la soci\u00e9t\u00e9 et les analyses politiques. Le site s\u2019adresse \u00e0 un large public francophone et couvre l\u2019information tunisienne en temps r\u00e9el.","email":"redac@webdo.tn","legalName":"YNJ SARL","foundingDate":"2010-09-06","numberOfEmployees":{"@type":"QuantitativeValue","minValue":"11","maxValue":"50"}},{"@type":"Person","@id":"https:\/\/www.webdo.tn\/fr\/#\/schema\/person\/60d5ba619ed3f58783b0dc82b7dada80","name":"Ne\u00efla DRISS","image":{"@type":"ImageObject","inLanguage":"fr-FR","@id":"https:\/\/www.webdo.tn\/fr\/wp-content\/uploads\/2026\/04\/neila-driss_avatar-96x96.jpg","url":"https:\/\/www.webdo.tn\/fr\/wp-content\/uploads\/2026\/04\/neila-driss_avatar-96x96.jpg","contentUrl":"https:\/\/www.webdo.tn\/fr\/wp-content\/uploads\/2026\/04\/neila-driss_avatar-96x96.jpg","caption":"Ne\u00efla DRISS"},"description":"Ne\u00efla Driss est juriste, journaliste culturelle et critique de cin\u00e9ma tunisienne. Titulaire d\u2019un DEA en droit priv\u00e9 de l\u2019Universit\u00e9 Paris II et d\u2019un DESS de l\u2019IHEC Carthage, elle d\u00e9bute sa carri\u00e8re comme juriste sp\u00e9cialis\u00e9e en gestion de patrimoine immobilier. Elle s\u2019oriente ensuite vers l\u2019\u00e9criture en ligne, o\u00f9 elle se distingue d\u00e8s 2006 aux Tunisia Blog Awards, avant de se consacrer au journalisme culturel, avec une sp\u00e9cialisation dans la critique cin\u00e9matographique. Elle couvre r\u00e9guli\u00e8rement les grands festivals internationaux, notamment le Festival de Cannes, les Journ\u00e9es Cin\u00e9matographiques de Carthage et le Festival du film du Caire. Membre de l\u2019ATPCC et de la FIPRESCI, elle participe \u00e0 des jurys et initiatives internationales de critique. Depuis 2024, elle est \u00e9lectrice internationale aux Golden Globes. Facebook : https:\/\/www.facebook.com\/massir.destiniii\/ X : https:\/\/x.com\/MassirDestin","sameAs":["https:\/\/www.facebook.com\/massir.destiniii\/","https:\/\/www.instagram.com\/neila.driss\/?hl=fr","https:\/\/www.linkedin.com\/in\/neila-driss-22606a80\/","https:\/\/x.com\/https:\/\/x.com\/MassirDestin"],"knowsAbout":["Cin\u00e9ma international","critique cin\u00e9matographique","festivals de cin\u00e9ma","journalisme culturel"],"knowsLanguage":["Fran\u00e7ais","Arabe","Anglais"],"jobTitle":"Journaliste culturelle et critique de cin\u00e9ma","worksFor":"Webdo","url":"https:\/\/www.webdo.tn\/fr\/actualite\/author\/neila-driss\/"}]}},"_links":{"self":[{"href":"https:\/\/www.webdo.tn\/fr\/wp-json\/wp\/v2\/posts\/206095","targetHints":{"allow":["GET"]}}],"collection":[{"href":"https:\/\/www.webdo.tn\/fr\/wp-json\/wp\/v2\/posts"}],"about":[{"href":"https:\/\/www.webdo.tn\/fr\/wp-json\/wp\/v2\/types\/post"}],"author":[{"embeddable":true,"href":"https:\/\/www.webdo.tn\/fr\/wp-json\/wp\/v2\/users\/3164"}],"replies":[{"embeddable":true,"href":"https:\/\/www.webdo.tn\/fr\/wp-json\/wp\/v2\/comments?post=206095"}],"version-history":[{"count":0,"href":"https:\/\/www.webdo.tn\/fr\/wp-json\/wp\/v2\/posts\/206095\/revisions"}],"wp:featuredmedia":[{"embeddable":true,"href":"https:\/\/www.webdo.tn\/fr\/wp-json\/wp\/v2\/media\/251038"}],"wp:attachment":[{"href":"https:\/\/www.webdo.tn\/fr\/wp-json\/wp\/v2\/media?parent=206095"}],"wp:term":[{"taxonomy":"category","embeddable":true,"href":"https:\/\/www.webdo.tn\/fr\/wp-json\/wp\/v2\/categories?post=206095"},{"taxonomy":"post_tag","embeddable":true,"href":"https:\/\/www.webdo.tn\/fr\/wp-json\/wp\/v2\/tags?post=206095"}],"curies":[{"name":"wp","href":"https:\/\/api.w.org\/{rel}","templated":true}]}}