{"id":206081,"date":"2023-05-26T15:40:00","date_gmt":"2023-05-26T15:40:00","guid":{"rendered":"https:\/\/www.webdo.tn\/fr\/blog\/tunisie-telecom-fait-decouvrir-l-univers-des-livres-a-des-milliers-d-eleves\/206081\/"},"modified":"2025-05-14T10:41:18","modified_gmt":"2025-05-14T10:41:18","slug":"tunisie-telecom-fait-decouvrir-l-univers-des-livres-a-des-milliers-d-eleves","status":"publish","type":"post","link":"https:\/\/www.webdo.tn\/fr\/actualite\/national\/tunisie-telecom-fait-decouvrir-l-univers-des-livres-a-des-milliers-d-eleves\/206081\/","title":{"rendered":"Tunisie Telecom fait d\u00e9couvrir  l\u2019univers des livres \u00e0 des milliers d\u2019\u00e9l\u00e8ves"},"content":{"rendered":"<p>En collaboration avec l\u2019association Almadanya et le minist\u00e8re de l\u2019Education, l\u2019op\u00e9rateur national Tunisie Telecom a particip\u00e9 \u00e0 l\u2019organisation de la visite de 3000 \u00e9l\u00e8ves venus des quatre coins du pays \u00e0 la 37\u00e8me \u00e9dition de la foire du livre.<\/p>\n<p>\t\t\t\t\t\t\t\t\tTunisie Telecom qui \u0153uvre depuis des ann\u00e9es \u00e0 instaurer l\u2019\u00e9galit\u00e9 des chances entre tous les Tunisiens et toutes les Tunisiennes a pens\u00e9 \u00e0 faire vivre aux \u00e9l\u00e8ves des zones lointaines l\u2019exp\u00e9rience de la visite pour la premi\u00e8re fois de la foire du livre et la d\u00e9couverte de l\u2019univers du livre et de la lecture.<\/p>\n<p>Grace \u00e0 cette noble initiative, des \u00e9l\u00e8ves venant de 26 d\u00e9l\u00e9gations r\u00e9gionales de l\u2019\u00e9ducation ont pu faire le d\u00e9placement \u00e0 Tunis, acc\u00e9der \u00e0 la foire et acheter les ouvrages gr\u00e2ce aux bons d\u2019achats qui leur ont \u00e9t\u00e9 offerts par Tunisie Telecom\u00a0 et Almadanya.<\/p>\n<p>Les quelques\u00a0 t\u00e9moignages\u00a0 dans\u00a0 la vid\u00e9o ci-dessus montre \u00e0 quel point ils \u00e9taient combl\u00e9s de joie.<\/p>\n","protected":false},"excerpt":{"rendered":"<p>En collaboration avec l\u2019association Almadanya et le minist\u00e8re de l\u2019Education, l\u2019op\u00e9rateur national Tunisie Telecom a particip\u00e9 \u00e0 l\u2019organisation de la visite de&#8230;<\/p>\n","protected":false},"author":4780,"featured_media":251035,"comment_status":"open","ping_status":"closed","sticky":false,"template":"","format":"standard","meta":{"footnotes":""},"categories":[44],"tags":[8376,3209,6588,2931],"class_list":["post-206081","post","type-post","status-publish","format-standard","has-post-thumbnail","hentry","category-national","tag-almadanya","tag-eleves","tag-foire-du-livre","tag-tunisie-telecom"],"yoast_head":"<!-- This site is optimized with the Yoast SEO Premium plugin v27.4 (Yoast SEO v27.5) - https:\/\/yoast.com\/product\/yoast-seo-premium-wordpress\/ -->\n<title>Tunisie Telecom fait d\u00e9couvrir l\u2019univers des livres \u00e0 des milliers d\u2019\u00e9l\u00e8ves<\/title>\n<meta name=\"description\" content=\"En collaboration avec l\u2019association Almadanya et le minist\u00e8re de l\u2019Education, l\u2019op\u00e9rateur national Tunisie Telecom a particip\u00e9 \u00e0 l\u2019organisation de la visite de...\" \/>\n<link rel=\"canonical\" href=\"https:\/\/www.webdo.tn\/fr\/actualite\/national\/tunisie-telecom-fait-decouvrir-l-univers-des-livres-a-des-milliers-d-eleves\/206081\/\" \/>\n<meta property=\"og:locale\" content=\"fr_FR\" \/>\n<meta property=\"og:type\" content=\"article\" \/>\n<meta property=\"og:title\" content=\"Tunisie Telecom fait d\u00e9couvrir l\u2019univers des livres \u00e0 des milliers d\u2019\u00e9l\u00e8ves\" \/>\n<meta property=\"og:description\" content=\"En collaboration avec l\u2019association Almadanya et le minist\u00e8re de l\u2019Education, l\u2019op\u00e9rateur national Tunisie Telecom a particip\u00e9 \u00e0 l\u2019organisation de la visite de...\" \/>\n<meta property=\"og:url\" content=\"https:\/\/www.webdo.tn\/fr\/actualite\/national\/tunisie-telecom-fait-decouvrir-l-univers-des-livres-a-des-milliers-d-eleves\/206081\/\" \/>\n<meta property=\"og:site_name\" content=\"webdo\" \/>\n<meta property=\"article:publisher\" content=\"https:\/\/www.facebook.com\/webdotn\" \/>\n<meta property=\"article:published_time\" content=\"2023-05-26T15:40:00+00:00\" \/>\n<meta property=\"article:modified_time\" content=\"2025-05-14T10:41:18+00:00\" \/>\n<meta property=\"og:image\" content=\"https:\/\/www.webdo.tn\/fr\/wp-content\/uploads\/2023\/05\/6c9ea4ab6ba5384ab3dc015e7cbe36c9.jpg\" \/>\n\t<meta property=\"og:image:width\" content=\"750\" \/>\n\t<meta property=\"og:image:height\" content=\"400\" \/>\n\t<meta property=\"og:image:type\" content=\"image\/jpeg\" \/>\n<meta name=\"author\" content=\"Monia Bamri\" \/>\n<meta name=\"twitter:card\" content=\"summary_large_image\" \/>\n<meta name=\"twitter:creator\" content=\"@webdo_tn\" \/>\n<meta name=\"twitter:site\" content=\"@webdo_tn\" \/>\n<meta name=\"twitter:label1\" content=\"\u00c9crit par\" \/>\n\t<meta name=\"twitter:data1\" content=\"Monia Bamri\" \/>\n\t<meta name=\"twitter:label2\" content=\"Dur\u00e9e de lecture estim\u00e9e\" \/>\n\t<meta name=\"twitter:data2\" content=\"1 minute\" \/>\n<script type=\"application\/ld+json\" class=\"yoast-schema-graph\">{\"@context\":\"https:\\\/\\\/schema.org\",\"@graph\":[{\"@type\":\"NewsArticle\",\"@id\":\"https:\\\/\\\/www.webdo.tn\\\/fr\\\/actualite\\\/national\\\/tunisie-telecom-fait-decouvrir-l-univers-des-livres-a-des-milliers-d-eleves\\\/206081\\\/#article\",\"isPartOf\":{\"@id\":\"https:\\\/\\\/www.webdo.tn\\\/fr\\\/actualite\\\/national\\\/tunisie-telecom-fait-decouvrir-l-univers-des-livres-a-des-milliers-d-eleves\\\/206081\\\/\"},\"author\":{\"name\":\"Monia Bamri\",\"@id\":\"https:\\\/\\\/www.webdo.tn\\\/fr\\\/#\\\/schema\\\/person\\\/d1da0176a9d8f1249ef4e693c4b29d76\"},\"headline\":\"Tunisie Telecom fait d\u00e9couvrir l\u2019univers des livres \u00e0 des milliers d\u2019\u00e9l\u00e8ves\",\"datePublished\":\"2023-05-26T15:40:00+00:00\",\"dateModified\":\"2025-05-14T10:41:18+00:00\",\"mainEntityOfPage\":{\"@id\":\"https:\\\/\\\/www.webdo.tn\\\/fr\\\/actualite\\\/national\\\/tunisie-telecom-fait-decouvrir-l-univers-des-livres-a-des-milliers-d-eleves\\\/206081\\\/\"},\"wordCount\":183,\"commentCount\":0,\"publisher\":{\"@id\":\"https:\\\/\\\/www.webdo.tn\\\/fr\\\/#organization\"},\"image\":{\"@id\":\"https:\\\/\\\/www.webdo.tn\\\/fr\\\/actualite\\\/national\\\/tunisie-telecom-fait-decouvrir-l-univers-des-livres-a-des-milliers-d-eleves\\\/206081\\\/#primaryimage\"},\"thumbnailUrl\":\"https:\\\/\\\/www.webdo.tn\\\/fr\\\/wp-content\\\/uploads\\\/2023\\\/05\\\/6c9ea4ab6ba5384ab3dc015e7cbe36c9.jpg\",\"keywords\":[\"Almadanya\",\"\u00e9l\u00e8ves\",\"foire du livre\",\"Tunisie Telecom\"],\"articleSection\":[\"National\"],\"inLanguage\":\"fr-FR\"},{\"@type\":\"WebPage\",\"@id\":\"https:\\\/\\\/www.webdo.tn\\\/fr\\\/actualite\\\/national\\\/tunisie-telecom-fait-decouvrir-l-univers-des-livres-a-des-milliers-d-eleves\\\/206081\\\/\",\"url\":\"https:\\\/\\\/www.webdo.tn\\\/fr\\\/actualite\\\/national\\\/tunisie-telecom-fait-decouvrir-l-univers-des-livres-a-des-milliers-d-eleves\\\/206081\\\/\",\"name\":\"Tunisie Telecom fait d\u00e9couvrir l\u2019univers des livres \u00e0 des milliers d\u2019\u00e9l\u00e8ves\",\"isPartOf\":{\"@id\":\"https:\\\/\\\/www.webdo.tn\\\/fr\\\/#website\"},\"primaryImageOfPage\":{\"@id\":\"https:\\\/\\\/www.webdo.tn\\\/fr\\\/actualite\\\/national\\\/tunisie-telecom-fait-decouvrir-l-univers-des-livres-a-des-milliers-d-eleves\\\/206081\\\/#primaryimage\"},\"image\":{\"@id\":\"https:\\\/\\\/www.webdo.tn\\\/fr\\\/actualite\\\/national\\\/tunisie-telecom-fait-decouvrir-l-univers-des-livres-a-des-milliers-d-eleves\\\/206081\\\/#primaryimage\"},\"thumbnailUrl\":\"https:\\\/\\\/www.webdo.tn\\\/fr\\\/wp-content\\\/uploads\\\/2023\\\/05\\\/6c9ea4ab6ba5384ab3dc015e7cbe36c9.jpg\",\"datePublished\":\"2023-05-26T15:40:00+00:00\",\"dateModified\":\"2025-05-14T10:41:18+00:00\",\"description\":\"En collaboration avec l\u2019association Almadanya et le minist\u00e8re de l\u2019Education, l\u2019op\u00e9rateur national Tunisie Telecom a particip\u00e9 \u00e0 l\u2019organisation de la visite de...\",\"breadcrumb\":{\"@id\":\"https:\\\/\\\/www.webdo.tn\\\/fr\\\/actualite\\\/national\\\/tunisie-telecom-fait-decouvrir-l-univers-des-livres-a-des-milliers-d-eleves\\\/206081\\\/#breadcrumb\"},\"inLanguage\":\"fr-FR\",\"potentialAction\":[{\"@type\":\"ReadAction\",\"target\":[\"https:\\\/\\\/www.webdo.tn\\\/fr\\\/actualite\\\/national\\\/tunisie-telecom-fait-decouvrir-l-univers-des-livres-a-des-milliers-d-eleves\\\/206081\\\/\"]}]},{\"@type\":\"ImageObject\",\"inLanguage\":\"fr-FR\",\"@id\":\"https:\\\/\\\/www.webdo.tn\\\/fr\\\/actualite\\\/national\\\/tunisie-telecom-fait-decouvrir-l-univers-des-livres-a-des-milliers-d-eleves\\\/206081\\\/#primaryimage\",\"url\":\"https:\\\/\\\/www.webdo.tn\\\/fr\\\/wp-content\\\/uploads\\\/2023\\\/05\\\/6c9ea4ab6ba5384ab3dc015e7cbe36c9.jpg\",\"contentUrl\":\"https:\\\/\\\/www.webdo.tn\\\/fr\\\/wp-content\\\/uploads\\\/2023\\\/05\\\/6c9ea4ab6ba5384ab3dc015e7cbe36c9.jpg\",\"width\":750,\"height\":400,\"caption\":\"Tunisie Telecom fait d\u00e9couvrir l\u2019univers des livres \u00e0 des milliers d\u2019\u00e9l\u00e8ves\"},{\"@type\":\"BreadcrumbList\",\"@id\":\"https:\\\/\\\/www.webdo.tn\\\/fr\\\/actualite\\\/national\\\/tunisie-telecom-fait-decouvrir-l-univers-des-livres-a-des-milliers-d-eleves\\\/206081\\\/#breadcrumb\",\"itemListElement\":[{\"@type\":\"ListItem\",\"position\":1,\"name\":\"Accueil\",\"item\":\"https:\\\/\\\/www.webdo.tn\\\/fr\\\/\"},{\"@type\":\"ListItem\",\"position\":2,\"name\":\"Tunisie Telecom fait d\u00e9couvrir l\u2019univers des livres \u00e0 des milliers d\u2019\u00e9l\u00e8ves\"}]},{\"@type\":\"WebSite\",\"@id\":\"https:\\\/\\\/www.webdo.tn\\\/fr\\\/#website\",\"url\":\"https:\\\/\\\/www.webdo.tn\\\/fr\\\/\",\"name\":\"webdo\",\"description\":\"Tunisie - News en Tunisie et \u00e0 l&#039;international sur Webdo.tn\",\"publisher\":{\"@id\":\"https:\\\/\\\/www.webdo.tn\\\/fr\\\/#organization\"},\"potentialAction\":[{\"@type\":\"SearchAction\",\"target\":{\"@type\":\"EntryPoint\",\"urlTemplate\":\"https:\\\/\\\/www.webdo.tn\\\/fr\\\/?s={search_term_string}\"},\"query-input\":{\"@type\":\"PropertyValueSpecification\",\"valueRequired\":true,\"valueName\":\"search_term_string\"}}],\"inLanguage\":\"fr-FR\"},{\"@type\":\"Organization\",\"@id\":\"https:\\\/\\\/www.webdo.tn\\\/fr\\\/#organization\",\"name\":\"Webdo\",\"alternateName\":\"Webdo.tn\",\"url\":\"https:\\\/\\\/www.webdo.tn\\\/fr\\\/\",\"logo\":{\"@type\":\"ImageObject\",\"inLanguage\":\"fr-FR\",\"@id\":\"https:\\\/\\\/www.webdo.tn\\\/fr\\\/#\\\/schema\\\/logo\\\/image\\\/\",\"url\":\"https:\\\/\\\/www.webdo.tn\\\/fr\\\/wp-content\\\/uploads\\\/2025\\\/06\\\/Webdo-Tunisie_168377.jpg\",\"contentUrl\":\"https:\\\/\\\/www.webdo.tn\\\/fr\\\/wp-content\\\/uploads\\\/2025\\\/06\\\/Webdo-Tunisie_168377.jpg\",\"width\":301,\"height\":301,\"caption\":\"Webdo\"},\"image\":{\"@id\":\"https:\\\/\\\/www.webdo.tn\\\/fr\\\/#\\\/schema\\\/logo\\\/image\\\/\"},\"sameAs\":[\"https:\\\/\\\/www.facebook.com\\\/webdotn\",\"https:\\\/\\\/x.com\\\/webdo_tn\"],\"description\":\"Webdo est un m\u00e9dia num\u00e9rique tunisien fond\u00e9 en 2010, sp\u00e9cialis\u00e9 dans l\u2019actualit\u00e9 nationale et internationale, l\u2019\u00e9conomie, la soci\u00e9t\u00e9 et les analyses politiques. Le site s\u2019adresse \u00e0 un large public francophone et couvre l\u2019information tunisienne en temps r\u00e9el.\",\"email\":\"redac@webdo.tn\",\"legalName\":\"YNJ SARL\",\"foundingDate\":\"2010-09-06\",\"numberOfEmployees\":{\"@type\":\"QuantitativeValue\",\"minValue\":\"11\",\"maxValue\":\"50\"}},{\"@type\":\"Person\",\"@id\":\"https:\\\/\\\/www.webdo.tn\\\/fr\\\/#\\\/schema\\\/person\\\/d1da0176a9d8f1249ef4e693c4b29d76\",\"name\":\"Monia Bamri\",\"image\":{\"@type\":\"ImageObject\",\"inLanguage\":\"fr-FR\",\"@id\":\"https:\\\/\\\/secure.gravatar.com\\\/avatar\\\/c58780455a919732b490d5fecdfd7a031f652d4d8fc4a988ed16599fe2e07b0c?s=96&d=mm&r=g\",\"url\":\"https:\\\/\\\/secure.gravatar.com\\\/avatar\\\/c58780455a919732b490d5fecdfd7a031f652d4d8fc4a988ed16599fe2e07b0c?s=96&d=mm&r=g\",\"contentUrl\":\"https:\\\/\\\/secure.gravatar.com\\\/avatar\\\/c58780455a919732b490d5fecdfd7a031f652d4d8fc4a988ed16599fe2e07b0c?s=96&d=mm&r=g\",\"caption\":\"Monia Bamri\"},\"url\":\"https:\\\/\\\/www.webdo.tn\\\/fr\\\/actualite\\\/author\\\/monia-bamri\\\/\"}]}<\/script>\n<!-- \/ Yoast SEO Premium plugin. -->","yoast_head_json":{"title":"Tunisie Telecom fait d\u00e9couvrir l\u2019univers des livres \u00e0 des milliers d\u2019\u00e9l\u00e8ves","description":"En collaboration avec l\u2019association Almadanya et le minist\u00e8re de l\u2019Education, l\u2019op\u00e9rateur national Tunisie Telecom a particip\u00e9 \u00e0 l\u2019organisation de la visite de...","canonical":"https:\/\/www.webdo.tn\/fr\/actualite\/national\/tunisie-telecom-fait-decouvrir-l-univers-des-livres-a-des-milliers-d-eleves\/206081\/","og_locale":"fr_FR","og_type":"article","og_title":"Tunisie Telecom fait d\u00e9couvrir l\u2019univers des livres \u00e0 des milliers d\u2019\u00e9l\u00e8ves","og_description":"En collaboration avec l\u2019association Almadanya et le minist\u00e8re de l\u2019Education, l\u2019op\u00e9rateur national Tunisie Telecom a particip\u00e9 \u00e0 l\u2019organisation de la visite de...","og_url":"https:\/\/www.webdo.tn\/fr\/actualite\/national\/tunisie-telecom-fait-decouvrir-l-univers-des-livres-a-des-milliers-d-eleves\/206081\/","og_site_name":"webdo","article_publisher":"https:\/\/www.facebook.com\/webdotn","article_published_time":"2023-05-26T15:40:00+00:00","article_modified_time":"2025-05-14T10:41:18+00:00","og_image":[{"width":750,"height":400,"url":"https:\/\/www.webdo.tn\/fr\/wp-content\/uploads\/2023\/05\/6c9ea4ab6ba5384ab3dc015e7cbe36c9.jpg","type":"image\/jpeg"}],"author":"Monia Bamri","twitter_card":"summary_large_image","twitter_creator":"@webdo_tn","twitter_site":"@webdo_tn","twitter_misc":{"\u00c9crit par":"Monia Bamri","Dur\u00e9e de lecture estim\u00e9e":"1 minute"},"schema":{"@context":"https:\/\/schema.org","@graph":[{"@type":"NewsArticle","@id":"https:\/\/www.webdo.tn\/fr\/actualite\/national\/tunisie-telecom-fait-decouvrir-l-univers-des-livres-a-des-milliers-d-eleves\/206081\/#article","isPartOf":{"@id":"https:\/\/www.webdo.tn\/fr\/actualite\/national\/tunisie-telecom-fait-decouvrir-l-univers-des-livres-a-des-milliers-d-eleves\/206081\/"},"author":{"name":"Monia Bamri","@id":"https:\/\/www.webdo.tn\/fr\/#\/schema\/person\/d1da0176a9d8f1249ef4e693c4b29d76"},"headline":"Tunisie Telecom fait d\u00e9couvrir l\u2019univers des livres \u00e0 des milliers d\u2019\u00e9l\u00e8ves","datePublished":"2023-05-26T15:40:00+00:00","dateModified":"2025-05-14T10:41:18+00:00","mainEntityOfPage":{"@id":"https:\/\/www.webdo.tn\/fr\/actualite\/national\/tunisie-telecom-fait-decouvrir-l-univers-des-livres-a-des-milliers-d-eleves\/206081\/"},"wordCount":183,"commentCount":0,"publisher":{"@id":"https:\/\/www.webdo.tn\/fr\/#organization"},"image":{"@id":"https:\/\/www.webdo.tn\/fr\/actualite\/national\/tunisie-telecom-fait-decouvrir-l-univers-des-livres-a-des-milliers-d-eleves\/206081\/#primaryimage"},"thumbnailUrl":"https:\/\/www.webdo.tn\/fr\/wp-content\/uploads\/2023\/05\/6c9ea4ab6ba5384ab3dc015e7cbe36c9.jpg","keywords":["Almadanya","\u00e9l\u00e8ves","foire du livre","Tunisie Telecom"],"articleSection":["National"],"inLanguage":"fr-FR"},{"@type":"WebPage","@id":"https:\/\/www.webdo.tn\/fr\/actualite\/national\/tunisie-telecom-fait-decouvrir-l-univers-des-livres-a-des-milliers-d-eleves\/206081\/","url":"https:\/\/www.webdo.tn\/fr\/actualite\/national\/tunisie-telecom-fait-decouvrir-l-univers-des-livres-a-des-milliers-d-eleves\/206081\/","name":"Tunisie Telecom fait d\u00e9couvrir l\u2019univers des livres \u00e0 des milliers d\u2019\u00e9l\u00e8ves","isPartOf":{"@id":"https:\/\/www.webdo.tn\/fr\/#website"},"primaryImageOfPage":{"@id":"https:\/\/www.webdo.tn\/fr\/actualite\/national\/tunisie-telecom-fait-decouvrir-l-univers-des-livres-a-des-milliers-d-eleves\/206081\/#primaryimage"},"image":{"@id":"https:\/\/www.webdo.tn\/fr\/actualite\/national\/tunisie-telecom-fait-decouvrir-l-univers-des-livres-a-des-milliers-d-eleves\/206081\/#primaryimage"},"thumbnailUrl":"https:\/\/www.webdo.tn\/fr\/wp-content\/uploads\/2023\/05\/6c9ea4ab6ba5384ab3dc015e7cbe36c9.jpg","datePublished":"2023-05-26T15:40:00+00:00","dateModified":"2025-05-14T10:41:18+00:00","description":"En collaboration avec l\u2019association Almadanya et le minist\u00e8re de l\u2019Education, l\u2019op\u00e9rateur national Tunisie Telecom a particip\u00e9 \u00e0 l\u2019organisation de la visite de...","breadcrumb":{"@id":"https:\/\/www.webdo.tn\/fr\/actualite\/national\/tunisie-telecom-fait-decouvrir-l-univers-des-livres-a-des-milliers-d-eleves\/206081\/#breadcrumb"},"inLanguage":"fr-FR","potentialAction":[{"@type":"ReadAction","target":["https:\/\/www.webdo.tn\/fr\/actualite\/national\/tunisie-telecom-fait-decouvrir-l-univers-des-livres-a-des-milliers-d-eleves\/206081\/"]}]},{"@type":"ImageObject","inLanguage":"fr-FR","@id":"https:\/\/www.webdo.tn\/fr\/actualite\/national\/tunisie-telecom-fait-decouvrir-l-univers-des-livres-a-des-milliers-d-eleves\/206081\/#primaryimage","url":"https:\/\/www.webdo.tn\/fr\/wp-content\/uploads\/2023\/05\/6c9ea4ab6ba5384ab3dc015e7cbe36c9.jpg","contentUrl":"https:\/\/www.webdo.tn\/fr\/wp-content\/uploads\/2023\/05\/6c9ea4ab6ba5384ab3dc015e7cbe36c9.jpg","width":750,"height":400,"caption":"Tunisie Telecom fait d\u00e9couvrir l\u2019univers des livres \u00e0 des milliers d\u2019\u00e9l\u00e8ves"},{"@type":"BreadcrumbList","@id":"https:\/\/www.webdo.tn\/fr\/actualite\/national\/tunisie-telecom-fait-decouvrir-l-univers-des-livres-a-des-milliers-d-eleves\/206081\/#breadcrumb","itemListElement":[{"@type":"ListItem","position":1,"name":"Accueil","item":"https:\/\/www.webdo.tn\/fr\/"},{"@type":"ListItem","position":2,"name":"Tunisie Telecom fait d\u00e9couvrir l\u2019univers des livres \u00e0 des milliers d\u2019\u00e9l\u00e8ves"}]},{"@type":"WebSite","@id":"https:\/\/www.webdo.tn\/fr\/#website","url":"https:\/\/www.webdo.tn\/fr\/","name":"webdo","description":"Tunisie - News en Tunisie et \u00e0 l&#039;international sur Webdo.tn","publisher":{"@id":"https:\/\/www.webdo.tn\/fr\/#organization"},"potentialAction":[{"@type":"SearchAction","target":{"@type":"EntryPoint","urlTemplate":"https:\/\/www.webdo.tn\/fr\/?s={search_term_string}"},"query-input":{"@type":"PropertyValueSpecification","valueRequired":true,"valueName":"search_term_string"}}],"inLanguage":"fr-FR"},{"@type":"Organization","@id":"https:\/\/www.webdo.tn\/fr\/#organization","name":"Webdo","alternateName":"Webdo.tn","url":"https:\/\/www.webdo.tn\/fr\/","logo":{"@type":"ImageObject","inLanguage":"fr-FR","@id":"https:\/\/www.webdo.tn\/fr\/#\/schema\/logo\/image\/","url":"https:\/\/www.webdo.tn\/fr\/wp-content\/uploads\/2025\/06\/Webdo-Tunisie_168377.jpg","contentUrl":"https:\/\/www.webdo.tn\/fr\/wp-content\/uploads\/2025\/06\/Webdo-Tunisie_168377.jpg","width":301,"height":301,"caption":"Webdo"},"image":{"@id":"https:\/\/www.webdo.tn\/fr\/#\/schema\/logo\/image\/"},"sameAs":["https:\/\/www.facebook.com\/webdotn","https:\/\/x.com\/webdo_tn"],"description":"Webdo est un m\u00e9dia num\u00e9rique tunisien fond\u00e9 en 2010, sp\u00e9cialis\u00e9 dans l\u2019actualit\u00e9 nationale et internationale, l\u2019\u00e9conomie, la soci\u00e9t\u00e9 et les analyses politiques. Le site s\u2019adresse \u00e0 un large public francophone et couvre l\u2019information tunisienne en temps r\u00e9el.","email":"redac@webdo.tn","legalName":"YNJ SARL","foundingDate":"2010-09-06","numberOfEmployees":{"@type":"QuantitativeValue","minValue":"11","maxValue":"50"}},{"@type":"Person","@id":"https:\/\/www.webdo.tn\/fr\/#\/schema\/person\/d1da0176a9d8f1249ef4e693c4b29d76","name":"Monia Bamri","image":{"@type":"ImageObject","inLanguage":"fr-FR","@id":"https:\/\/secure.gravatar.com\/avatar\/c58780455a919732b490d5fecdfd7a031f652d4d8fc4a988ed16599fe2e07b0c?s=96&d=mm&r=g","url":"https:\/\/secure.gravatar.com\/avatar\/c58780455a919732b490d5fecdfd7a031f652d4d8fc4a988ed16599fe2e07b0c?s=96&d=mm&r=g","contentUrl":"https:\/\/secure.gravatar.com\/avatar\/c58780455a919732b490d5fecdfd7a031f652d4d8fc4a988ed16599fe2e07b0c?s=96&d=mm&r=g","caption":"Monia Bamri"},"url":"https:\/\/www.webdo.tn\/fr\/actualite\/author\/monia-bamri\/"}]}},"_links":{"self":[{"href":"https:\/\/www.webdo.tn\/fr\/wp-json\/wp\/v2\/posts\/206081","targetHints":{"allow":["GET"]}}],"collection":[{"href":"https:\/\/www.webdo.tn\/fr\/wp-json\/wp\/v2\/posts"}],"about":[{"href":"https:\/\/www.webdo.tn\/fr\/wp-json\/wp\/v2\/types\/post"}],"author":[{"embeddable":true,"href":"https:\/\/www.webdo.tn\/fr\/wp-json\/wp\/v2\/users\/4780"}],"replies":[{"embeddable":true,"href":"https:\/\/www.webdo.tn\/fr\/wp-json\/wp\/v2\/comments?post=206081"}],"version-history":[{"count":0,"href":"https:\/\/www.webdo.tn\/fr\/wp-json\/wp\/v2\/posts\/206081\/revisions"}],"wp:featuredmedia":[{"embeddable":true,"href":"https:\/\/www.webdo.tn\/fr\/wp-json\/wp\/v2\/media\/251035"}],"wp:attachment":[{"href":"https:\/\/www.webdo.tn\/fr\/wp-json\/wp\/v2\/media?parent=206081"}],"wp:term":[{"taxonomy":"category","embeddable":true,"href":"https:\/\/www.webdo.tn\/fr\/wp-json\/wp\/v2\/categories?post=206081"},{"taxonomy":"post_tag","embeddable":true,"href":"https:\/\/www.webdo.tn\/fr\/wp-json\/wp\/v2\/tags?post=206081"}],"curies":[{"name":"wp","href":"https:\/\/api.w.org\/{rel}","templated":true}]}}