{"id":206072,"date":"2023-05-26T12:48:00","date_gmt":"2023-05-26T12:48:00","guid":{"rendered":"https:\/\/www.webdo.tn\/fr\/blog\/27-000-tunisiens-victimes-de-l-esclavage-moderne\/206072\/"},"modified":"2025-05-20T22:59:32","modified_gmt":"2025-05-20T22:59:32","slug":"27-000-tunisiens-victimes-de-l-esclavage-moderne","status":"publish","type":"post","link":"https:\/\/www.webdo.tn\/fr\/actualite\/national\/27-000-tunisiens-victimes-de-l-esclavage-moderne\/206072\/","title":{"rendered":"27.000 Tunisiens victimes de l\u2019esclavage moderne !"},"content":{"rendered":"<p>Selon le Global Slavery Index 2023, pr\u00e8s de 27.000 Tunisiens souffrent d\u2019une forme, au moins, d\u2019esclavage moderne.<\/p>\n<p>\t\t\t\t\t\t\t\t\tLe Global Slavery Index 2023, indice \u00e9tabli par l\u2019ONG australienne Walk Free, rapporte que pr\u00e8s de 27.000 Tunisiens souffrent d\u2019une forme au moins d\u2019\u00abesclavage moderne\u00bb sur une population de 11,8 millions d\u2019habitants.<\/p>\n<p>Ce ph\u00e9nom\u00e8ne a des aspects divers dont l\u2019exploitation au travail, l\u2019exercice de travaux forc\u00e9s, le mariage des mineurs, etc.<\/p>\n<p>Le nombre de personnes tomb\u00e9es dans l\u2019esclavagisme moderne s\u2019est nettement \u00e9lev\u00e9 ces derni\u00e8res ann\u00e9es, atteignant 50 millions \u00e0 l\u2019\u00e9chelle mondiale, soit 10 millions de plus qu\u2019il y a 5 ans.<\/p>\n<p>L&rsquo;esclavage moderne prend de nombreuses formes et est connu sous de nombreux noms. Essentiellement, il s&rsquo;agit de situations d&rsquo;exploitation qu&rsquo;une personne ne peut refuser ou quitter en raison de menaces, de violence, de coercition ou de tromperie.<\/p>\n<p>La Cor\u00e9e du nord, l&rsquo;\u00c9rythr\u00e9e et la Mauritanie occupent les trois premi\u00e8res places des pays o\u00f9 les populations souffrent d\u2019une forme d\u2019esclavage moderne.<\/p>\n","protected":false},"excerpt":{"rendered":"<p>Pr\u00e8s de 27.000 Tunisiens souffrent d\u2019une forme, au moins, d\u2019esclavage moderne.<\/p>\n","protected":false},"author":3188,"featured_media":278253,"comment_status":"open","ping_status":"closed","sticky":false,"template":"","format":"standard","meta":{"footnotes":""},"categories":[44],"tags":[9516,6999,2608],"class_list":["post-206072","post","type-post","status-publish","format-standard","has-post-thumbnail","hentry","category-national","tag-exclavage","tag-exploitation","tag-tunisie"],"yoast_head":"<!-- This site is optimized with the Yoast SEO Premium plugin v27.4 (Yoast SEO v27.5) - https:\/\/yoast.com\/product\/yoast-seo-premium-wordpress\/ -->\n<title>27.000 Tunisiens victimes de l\u2019esclavage moderne !<\/title>\n<meta name=\"description\" content=\"Pr\u00e8s de 27.000 Tunisiens souffrent d\u2019une forme, au moins, d\u2019esclavage moderne.\" \/>\n<link rel=\"canonical\" href=\"https:\/\/www.webdo.tn\/fr\/actualite\/national\/27-000-tunisiens-victimes-de-l-esclavage-moderne\/206072\/\" \/>\n<meta property=\"og:locale\" content=\"fr_FR\" \/>\n<meta property=\"og:type\" content=\"article\" \/>\n<meta property=\"og:title\" content=\"27.000 Tunisiens victimes de l\u2019esclavage moderne !\" \/>\n<meta property=\"og:description\" content=\"Pr\u00e8s de 27.000 Tunisiens souffrent d\u2019une forme, au moins, d\u2019esclavage moderne.\" \/>\n<meta property=\"og:url\" content=\"https:\/\/www.webdo.tn\/fr\/actualite\/national\/27-000-tunisiens-victimes-de-l-esclavage-moderne\/206072\/\" \/>\n<meta property=\"og:site_name\" content=\"webdo\" \/>\n<meta property=\"article:publisher\" content=\"https:\/\/www.facebook.com\/webdotn\" \/>\n<meta property=\"article:published_time\" content=\"2023-05-26T12:48:00+00:00\" \/>\n<meta property=\"article:modified_time\" content=\"2025-05-20T22:59:32+00:00\" \/>\n<meta property=\"og:image\" content=\"https:\/\/www.webdo.tn\/fr\/wp-content\/uploads\/2023\/05\/afae40c183ff77d4d0adc01b2d9fc564.jpg\" \/>\n\t<meta property=\"og:image:width\" content=\"635\" \/>\n\t<meta property=\"og:image:height\" content=\"339\" \/>\n\t<meta property=\"og:image:type\" content=\"image\/jpeg\" \/>\n<meta name=\"author\" content=\"Ramzi\" \/>\n<meta name=\"twitter:card\" content=\"summary_large_image\" \/>\n<meta name=\"twitter:creator\" content=\"@webdo_tn\" \/>\n<meta name=\"twitter:site\" content=\"@webdo_tn\" \/>\n<meta name=\"twitter:label1\" content=\"\u00c9crit par\" \/>\n\t<meta name=\"twitter:data1\" content=\"Ramzi\" \/>\n\t<meta name=\"twitter:label2\" content=\"Dur\u00e9e de lecture estim\u00e9e\" \/>\n\t<meta name=\"twitter:data2\" content=\"1 minute\" \/>\n<script type=\"application\/ld+json\" class=\"yoast-schema-graph\">{\"@context\":\"https:\\\/\\\/schema.org\",\"@graph\":[{\"@type\":\"NewsArticle\",\"@id\":\"https:\\\/\\\/www.webdo.tn\\\/fr\\\/actualite\\\/national\\\/27-000-tunisiens-victimes-de-l-esclavage-moderne\\\/206072\\\/#article\",\"isPartOf\":{\"@id\":\"https:\\\/\\\/www.webdo.tn\\\/fr\\\/actualite\\\/national\\\/27-000-tunisiens-victimes-de-l-esclavage-moderne\\\/206072\\\/\"},\"author\":{\"name\":\"Ramzi\",\"@id\":\"https:\\\/\\\/www.webdo.tn\\\/fr\\\/#\\\/schema\\\/person\\\/590cb5f81adcfde6385530fdbdf468e2\"},\"headline\":\"27.000 Tunisiens victimes de l\u2019esclavage moderne !\",\"datePublished\":\"2023-05-26T12:48:00+00:00\",\"dateModified\":\"2025-05-20T22:59:32+00:00\",\"mainEntityOfPage\":{\"@id\":\"https:\\\/\\\/www.webdo.tn\\\/fr\\\/actualite\\\/national\\\/27-000-tunisiens-victimes-de-l-esclavage-moderne\\\/206072\\\/\"},\"wordCount\":185,\"commentCount\":0,\"publisher\":{\"@id\":\"https:\\\/\\\/www.webdo.tn\\\/fr\\\/#organization\"},\"image\":{\"@id\":\"https:\\\/\\\/www.webdo.tn\\\/fr\\\/actualite\\\/national\\\/27-000-tunisiens-victimes-de-l-esclavage-moderne\\\/206072\\\/#primaryimage\"},\"thumbnailUrl\":\"https:\\\/\\\/www.webdo.tn\\\/fr\\\/wp-content\\\/uploads\\\/2023\\\/05\\\/afae40c183ff77d4d0adc01b2d9fc564.jpg\",\"keywords\":[\"exclavage\",\"exploitation\",\"Tunisie\"],\"articleSection\":[\"National\"],\"inLanguage\":\"fr-FR\"},{\"@type\":\"WebPage\",\"@id\":\"https:\\\/\\\/www.webdo.tn\\\/fr\\\/actualite\\\/national\\\/27-000-tunisiens-victimes-de-l-esclavage-moderne\\\/206072\\\/\",\"url\":\"https:\\\/\\\/www.webdo.tn\\\/fr\\\/actualite\\\/national\\\/27-000-tunisiens-victimes-de-l-esclavage-moderne\\\/206072\\\/\",\"name\":\"27.000 Tunisiens victimes de l\u2019esclavage moderne !\",\"isPartOf\":{\"@id\":\"https:\\\/\\\/www.webdo.tn\\\/fr\\\/#website\"},\"primaryImageOfPage\":{\"@id\":\"https:\\\/\\\/www.webdo.tn\\\/fr\\\/actualite\\\/national\\\/27-000-tunisiens-victimes-de-l-esclavage-moderne\\\/206072\\\/#primaryimage\"},\"image\":{\"@id\":\"https:\\\/\\\/www.webdo.tn\\\/fr\\\/actualite\\\/national\\\/27-000-tunisiens-victimes-de-l-esclavage-moderne\\\/206072\\\/#primaryimage\"},\"thumbnailUrl\":\"https:\\\/\\\/www.webdo.tn\\\/fr\\\/wp-content\\\/uploads\\\/2023\\\/05\\\/afae40c183ff77d4d0adc01b2d9fc564.jpg\",\"datePublished\":\"2023-05-26T12:48:00+00:00\",\"dateModified\":\"2025-05-20T22:59:32+00:00\",\"description\":\"Pr\u00e8s de 27.000 Tunisiens souffrent d\u2019une forme, au moins, d\u2019esclavage moderne.\",\"breadcrumb\":{\"@id\":\"https:\\\/\\\/www.webdo.tn\\\/fr\\\/actualite\\\/national\\\/27-000-tunisiens-victimes-de-l-esclavage-moderne\\\/206072\\\/#breadcrumb\"},\"inLanguage\":\"fr-FR\",\"potentialAction\":[{\"@type\":\"ReadAction\",\"target\":[\"https:\\\/\\\/www.webdo.tn\\\/fr\\\/actualite\\\/national\\\/27-000-tunisiens-victimes-de-l-esclavage-moderne\\\/206072\\\/\"]}]},{\"@type\":\"ImageObject\",\"inLanguage\":\"fr-FR\",\"@id\":\"https:\\\/\\\/www.webdo.tn\\\/fr\\\/actualite\\\/national\\\/27-000-tunisiens-victimes-de-l-esclavage-moderne\\\/206072\\\/#primaryimage\",\"url\":\"https:\\\/\\\/www.webdo.tn\\\/fr\\\/wp-content\\\/uploads\\\/2023\\\/05\\\/afae40c183ff77d4d0adc01b2d9fc564.jpg\",\"contentUrl\":\"https:\\\/\\\/www.webdo.tn\\\/fr\\\/wp-content\\\/uploads\\\/2023\\\/05\\\/afae40c183ff77d4d0adc01b2d9fc564.jpg\",\"width\":635,\"height\":339,\"caption\":\"27.000 Tunisiens victimes de l\u2019esclavage moderne !\"},{\"@type\":\"BreadcrumbList\",\"@id\":\"https:\\\/\\\/www.webdo.tn\\\/fr\\\/actualite\\\/national\\\/27-000-tunisiens-victimes-de-l-esclavage-moderne\\\/206072\\\/#breadcrumb\",\"itemListElement\":[{\"@type\":\"ListItem\",\"position\":1,\"name\":\"Accueil\",\"item\":\"https:\\\/\\\/www.webdo.tn\\\/fr\\\/\"},{\"@type\":\"ListItem\",\"position\":2,\"name\":\"27.000 Tunisiens victimes de l\u2019esclavage moderne !\"}]},{\"@type\":\"WebSite\",\"@id\":\"https:\\\/\\\/www.webdo.tn\\\/fr\\\/#website\",\"url\":\"https:\\\/\\\/www.webdo.tn\\\/fr\\\/\",\"name\":\"webdo\",\"description\":\"Tunisie - News en Tunisie et \u00e0 l&#039;international sur Webdo.tn\",\"publisher\":{\"@id\":\"https:\\\/\\\/www.webdo.tn\\\/fr\\\/#organization\"},\"potentialAction\":[{\"@type\":\"SearchAction\",\"target\":{\"@type\":\"EntryPoint\",\"urlTemplate\":\"https:\\\/\\\/www.webdo.tn\\\/fr\\\/?s={search_term_string}\"},\"query-input\":{\"@type\":\"PropertyValueSpecification\",\"valueRequired\":true,\"valueName\":\"search_term_string\"}}],\"inLanguage\":\"fr-FR\"},{\"@type\":\"Organization\",\"@id\":\"https:\\\/\\\/www.webdo.tn\\\/fr\\\/#organization\",\"name\":\"Webdo\",\"alternateName\":\"Webdo.tn\",\"url\":\"https:\\\/\\\/www.webdo.tn\\\/fr\\\/\",\"logo\":{\"@type\":\"ImageObject\",\"inLanguage\":\"fr-FR\",\"@id\":\"https:\\\/\\\/www.webdo.tn\\\/fr\\\/#\\\/schema\\\/logo\\\/image\\\/\",\"url\":\"https:\\\/\\\/www.webdo.tn\\\/fr\\\/wp-content\\\/uploads\\\/2025\\\/06\\\/Webdo-Tunisie_168377.jpg\",\"contentUrl\":\"https:\\\/\\\/www.webdo.tn\\\/fr\\\/wp-content\\\/uploads\\\/2025\\\/06\\\/Webdo-Tunisie_168377.jpg\",\"width\":301,\"height\":301,\"caption\":\"Webdo\"},\"image\":{\"@id\":\"https:\\\/\\\/www.webdo.tn\\\/fr\\\/#\\\/schema\\\/logo\\\/image\\\/\"},\"sameAs\":[\"https:\\\/\\\/www.facebook.com\\\/webdotn\",\"https:\\\/\\\/x.com\\\/webdo_tn\"],\"description\":\"Webdo est un m\u00e9dia num\u00e9rique tunisien fond\u00e9 en 2010, sp\u00e9cialis\u00e9 dans l\u2019actualit\u00e9 nationale et internationale, l\u2019\u00e9conomie, la soci\u00e9t\u00e9 et les analyses politiques. Le site s\u2019adresse \u00e0 un large public francophone et couvre l\u2019information tunisienne en temps r\u00e9el.\",\"email\":\"redac@webdo.tn\",\"legalName\":\"YNJ SARL\",\"foundingDate\":\"2010-09-06\",\"numberOfEmployees\":{\"@type\":\"QuantitativeValue\",\"minValue\":\"11\",\"maxValue\":\"50\"}},{\"@type\":\"Person\",\"@id\":\"https:\\\/\\\/www.webdo.tn\\\/fr\\\/#\\\/schema\\\/person\\\/590cb5f81adcfde6385530fdbdf468e2\",\"name\":\"Ramzi\",\"image\":{\"@type\":\"ImageObject\",\"inLanguage\":\"fr-FR\",\"@id\":\"https:\\\/\\\/secure.gravatar.com\\\/avatar\\\/48df7d18915e10cf866ba8e27604c81ff9243fd52704a1d210c3e387e1cb8d87?s=96&d=mm&r=g\",\"url\":\"https:\\\/\\\/secure.gravatar.com\\\/avatar\\\/48df7d18915e10cf866ba8e27604c81ff9243fd52704a1d210c3e387e1cb8d87?s=96&d=mm&r=g\",\"contentUrl\":\"https:\\\/\\\/secure.gravatar.com\\\/avatar\\\/48df7d18915e10cf866ba8e27604c81ff9243fd52704a1d210c3e387e1cb8d87?s=96&d=mm&r=g\",\"caption\":\"Ramzi\"},\"url\":\"https:\\\/\\\/www.webdo.tn\\\/fr\\\/actualite\\\/author\\\/ramzi\\\/\"}]}<\/script>\n<!-- \/ Yoast SEO Premium plugin. -->","yoast_head_json":{"title":"27.000 Tunisiens victimes de l\u2019esclavage moderne !","description":"Pr\u00e8s de 27.000 Tunisiens souffrent d\u2019une forme, au moins, d\u2019esclavage moderne.","canonical":"https:\/\/www.webdo.tn\/fr\/actualite\/national\/27-000-tunisiens-victimes-de-l-esclavage-moderne\/206072\/","og_locale":"fr_FR","og_type":"article","og_title":"27.000 Tunisiens victimes de l\u2019esclavage moderne !","og_description":"Pr\u00e8s de 27.000 Tunisiens souffrent d\u2019une forme, au moins, d\u2019esclavage moderne.","og_url":"https:\/\/www.webdo.tn\/fr\/actualite\/national\/27-000-tunisiens-victimes-de-l-esclavage-moderne\/206072\/","og_site_name":"webdo","article_publisher":"https:\/\/www.facebook.com\/webdotn","article_published_time":"2023-05-26T12:48:00+00:00","article_modified_time":"2025-05-20T22:59:32+00:00","og_image":[{"width":635,"height":339,"url":"https:\/\/www.webdo.tn\/fr\/wp-content\/uploads\/2023\/05\/afae40c183ff77d4d0adc01b2d9fc564.jpg","type":"image\/jpeg"}],"author":"Ramzi","twitter_card":"summary_large_image","twitter_creator":"@webdo_tn","twitter_site":"@webdo_tn","twitter_misc":{"\u00c9crit par":"Ramzi","Dur\u00e9e de lecture estim\u00e9e":"1 minute"},"schema":{"@context":"https:\/\/schema.org","@graph":[{"@type":"NewsArticle","@id":"https:\/\/www.webdo.tn\/fr\/actualite\/national\/27-000-tunisiens-victimes-de-l-esclavage-moderne\/206072\/#article","isPartOf":{"@id":"https:\/\/www.webdo.tn\/fr\/actualite\/national\/27-000-tunisiens-victimes-de-l-esclavage-moderne\/206072\/"},"author":{"name":"Ramzi","@id":"https:\/\/www.webdo.tn\/fr\/#\/schema\/person\/590cb5f81adcfde6385530fdbdf468e2"},"headline":"27.000 Tunisiens victimes de l\u2019esclavage moderne !","datePublished":"2023-05-26T12:48:00+00:00","dateModified":"2025-05-20T22:59:32+00:00","mainEntityOfPage":{"@id":"https:\/\/www.webdo.tn\/fr\/actualite\/national\/27-000-tunisiens-victimes-de-l-esclavage-moderne\/206072\/"},"wordCount":185,"commentCount":0,"publisher":{"@id":"https:\/\/www.webdo.tn\/fr\/#organization"},"image":{"@id":"https:\/\/www.webdo.tn\/fr\/actualite\/national\/27-000-tunisiens-victimes-de-l-esclavage-moderne\/206072\/#primaryimage"},"thumbnailUrl":"https:\/\/www.webdo.tn\/fr\/wp-content\/uploads\/2023\/05\/afae40c183ff77d4d0adc01b2d9fc564.jpg","keywords":["exclavage","exploitation","Tunisie"],"articleSection":["National"],"inLanguage":"fr-FR"},{"@type":"WebPage","@id":"https:\/\/www.webdo.tn\/fr\/actualite\/national\/27-000-tunisiens-victimes-de-l-esclavage-moderne\/206072\/","url":"https:\/\/www.webdo.tn\/fr\/actualite\/national\/27-000-tunisiens-victimes-de-l-esclavage-moderne\/206072\/","name":"27.000 Tunisiens victimes de l\u2019esclavage moderne !","isPartOf":{"@id":"https:\/\/www.webdo.tn\/fr\/#website"},"primaryImageOfPage":{"@id":"https:\/\/www.webdo.tn\/fr\/actualite\/national\/27-000-tunisiens-victimes-de-l-esclavage-moderne\/206072\/#primaryimage"},"image":{"@id":"https:\/\/www.webdo.tn\/fr\/actualite\/national\/27-000-tunisiens-victimes-de-l-esclavage-moderne\/206072\/#primaryimage"},"thumbnailUrl":"https:\/\/www.webdo.tn\/fr\/wp-content\/uploads\/2023\/05\/afae40c183ff77d4d0adc01b2d9fc564.jpg","datePublished":"2023-05-26T12:48:00+00:00","dateModified":"2025-05-20T22:59:32+00:00","description":"Pr\u00e8s de 27.000 Tunisiens souffrent d\u2019une forme, au moins, d\u2019esclavage moderne.","breadcrumb":{"@id":"https:\/\/www.webdo.tn\/fr\/actualite\/national\/27-000-tunisiens-victimes-de-l-esclavage-moderne\/206072\/#breadcrumb"},"inLanguage":"fr-FR","potentialAction":[{"@type":"ReadAction","target":["https:\/\/www.webdo.tn\/fr\/actualite\/national\/27-000-tunisiens-victimes-de-l-esclavage-moderne\/206072\/"]}]},{"@type":"ImageObject","inLanguage":"fr-FR","@id":"https:\/\/www.webdo.tn\/fr\/actualite\/national\/27-000-tunisiens-victimes-de-l-esclavage-moderne\/206072\/#primaryimage","url":"https:\/\/www.webdo.tn\/fr\/wp-content\/uploads\/2023\/05\/afae40c183ff77d4d0adc01b2d9fc564.jpg","contentUrl":"https:\/\/www.webdo.tn\/fr\/wp-content\/uploads\/2023\/05\/afae40c183ff77d4d0adc01b2d9fc564.jpg","width":635,"height":339,"caption":"27.000 Tunisiens victimes de l\u2019esclavage moderne !"},{"@type":"BreadcrumbList","@id":"https:\/\/www.webdo.tn\/fr\/actualite\/national\/27-000-tunisiens-victimes-de-l-esclavage-moderne\/206072\/#breadcrumb","itemListElement":[{"@type":"ListItem","position":1,"name":"Accueil","item":"https:\/\/www.webdo.tn\/fr\/"},{"@type":"ListItem","position":2,"name":"27.000 Tunisiens victimes de l\u2019esclavage moderne !"}]},{"@type":"WebSite","@id":"https:\/\/www.webdo.tn\/fr\/#website","url":"https:\/\/www.webdo.tn\/fr\/","name":"webdo","description":"Tunisie - News en Tunisie et \u00e0 l&#039;international sur Webdo.tn","publisher":{"@id":"https:\/\/www.webdo.tn\/fr\/#organization"},"potentialAction":[{"@type":"SearchAction","target":{"@type":"EntryPoint","urlTemplate":"https:\/\/www.webdo.tn\/fr\/?s={search_term_string}"},"query-input":{"@type":"PropertyValueSpecification","valueRequired":true,"valueName":"search_term_string"}}],"inLanguage":"fr-FR"},{"@type":"Organization","@id":"https:\/\/www.webdo.tn\/fr\/#organization","name":"Webdo","alternateName":"Webdo.tn","url":"https:\/\/www.webdo.tn\/fr\/","logo":{"@type":"ImageObject","inLanguage":"fr-FR","@id":"https:\/\/www.webdo.tn\/fr\/#\/schema\/logo\/image\/","url":"https:\/\/www.webdo.tn\/fr\/wp-content\/uploads\/2025\/06\/Webdo-Tunisie_168377.jpg","contentUrl":"https:\/\/www.webdo.tn\/fr\/wp-content\/uploads\/2025\/06\/Webdo-Tunisie_168377.jpg","width":301,"height":301,"caption":"Webdo"},"image":{"@id":"https:\/\/www.webdo.tn\/fr\/#\/schema\/logo\/image\/"},"sameAs":["https:\/\/www.facebook.com\/webdotn","https:\/\/x.com\/webdo_tn"],"description":"Webdo est un m\u00e9dia num\u00e9rique tunisien fond\u00e9 en 2010, sp\u00e9cialis\u00e9 dans l\u2019actualit\u00e9 nationale et internationale, l\u2019\u00e9conomie, la soci\u00e9t\u00e9 et les analyses politiques. Le site s\u2019adresse \u00e0 un large public francophone et couvre l\u2019information tunisienne en temps r\u00e9el.","email":"redac@webdo.tn","legalName":"YNJ SARL","foundingDate":"2010-09-06","numberOfEmployees":{"@type":"QuantitativeValue","minValue":"11","maxValue":"50"}},{"@type":"Person","@id":"https:\/\/www.webdo.tn\/fr\/#\/schema\/person\/590cb5f81adcfde6385530fdbdf468e2","name":"Ramzi","image":{"@type":"ImageObject","inLanguage":"fr-FR","@id":"https:\/\/secure.gravatar.com\/avatar\/48df7d18915e10cf866ba8e27604c81ff9243fd52704a1d210c3e387e1cb8d87?s=96&d=mm&r=g","url":"https:\/\/secure.gravatar.com\/avatar\/48df7d18915e10cf866ba8e27604c81ff9243fd52704a1d210c3e387e1cb8d87?s=96&d=mm&r=g","contentUrl":"https:\/\/secure.gravatar.com\/avatar\/48df7d18915e10cf866ba8e27604c81ff9243fd52704a1d210c3e387e1cb8d87?s=96&d=mm&r=g","caption":"Ramzi"},"url":"https:\/\/www.webdo.tn\/fr\/actualite\/author\/ramzi\/"}]}},"_links":{"self":[{"href":"https:\/\/www.webdo.tn\/fr\/wp-json\/wp\/v2\/posts\/206072","targetHints":{"allow":["GET"]}}],"collection":[{"href":"https:\/\/www.webdo.tn\/fr\/wp-json\/wp\/v2\/posts"}],"about":[{"href":"https:\/\/www.webdo.tn\/fr\/wp-json\/wp\/v2\/types\/post"}],"author":[{"embeddable":true,"href":"https:\/\/www.webdo.tn\/fr\/wp-json\/wp\/v2\/users\/3188"}],"replies":[{"embeddable":true,"href":"https:\/\/www.webdo.tn\/fr\/wp-json\/wp\/v2\/comments?post=206072"}],"version-history":[{"count":0,"href":"https:\/\/www.webdo.tn\/fr\/wp-json\/wp\/v2\/posts\/206072\/revisions"}],"wp:featuredmedia":[{"embeddable":true,"href":"https:\/\/www.webdo.tn\/fr\/wp-json\/wp\/v2\/media\/278253"}],"wp:attachment":[{"href":"https:\/\/www.webdo.tn\/fr\/wp-json\/wp\/v2\/media?parent=206072"}],"wp:term":[{"taxonomy":"category","embeddable":true,"href":"https:\/\/www.webdo.tn\/fr\/wp-json\/wp\/v2\/categories?post=206072"},{"taxonomy":"post_tag","embeddable":true,"href":"https:\/\/www.webdo.tn\/fr\/wp-json\/wp\/v2\/tags?post=206072"}],"curies":[{"name":"wp","href":"https:\/\/api.w.org\/{rel}","templated":true}]}}