{"id":206061,"date":"2023-05-26T09:10:00","date_gmt":"2023-05-26T09:10:00","guid":{"rendered":"https:\/\/www.webdo.tn\/fr\/blog\/tunisie-17-feminicides-depuis-le-debut-de-l-annee\/206061\/"},"modified":"2025-05-20T22:43:10","modified_gmt":"2025-05-20T22:43:10","slug":"tunisie-17-feminicides-depuis-le-debut-de-l-annee","status":"publish","type":"post","link":"https:\/\/www.webdo.tn\/fr\/actualite\/national\/tunisie-17-feminicides-depuis-le-debut-de-l-annee\/206061\/","title":{"rendered":"Tunisie : 17 f\u00e9minicides depuis le d\u00e9but de l\u2019ann\u00e9e"},"content":{"rendered":"<p>La pr\u00e9sidente de l&rsquo;Association tunisienne des femmes d\u00e9mocrates, Neila Zoghlemi, a r\u00e9v\u00e9l\u00e9, ce vendredi 26 mai 2023, que 17 cas de f\u00e9minicides ont \u00e9t\u00e9 enregistr\u00e9s depuis le d\u00e9but de l\u2019ann\u00e9e.<\/p>\n<p>\t\t\t\t\t\t\t\t\tS\u2019exprimant sur les ondes de Shems FM, elle a expliqu\u00e9 que les crimes se r\u00e9partissent entre 15 cas commis par le conjoint ou le fianc\u00e9, et deux cas commis par des inconnus.\u00a0<\/p>\n<p>La responsable a s\u00e9v\u00e8rement critique la complexit\u00e9 des proc\u00e9dures judiciaires qui enfoncent le clou, selon ses dires. \u00a0<\/p>\n<p>Elle a soulign\u00e9 que jusqu&rsquo;\u00e0 pr\u00e9sent, malgr\u00e9 la multiplication des meurtres de femmes, aucune affaire n&rsquo;a \u00e9t\u00e9 r\u00e9solue.\u00a0<\/p>\n<p>Elle a condamn\u00e9 ce qu&rsquo;elle a qualifi\u00e9 de manque de s\u00e9rieux de la part de l&rsquo;autorit\u00e9 judiciaire dans la gestion des demandes de protection des femmes menac\u00e9es et le manque de r\u00e9activit\u00e9.<\/p>\n","protected":false},"excerpt":{"rendered":"<p>La pr\u00e9sidente de l&rsquo;Association tunisienne des femmes d\u00e9mocrates, Neila Zoghlemi, a r\u00e9v\u00e9l\u00e9, ce vendredi 26 mai 2023, que 17 cas de f\u00e9minicides ont \u00e9t\u00e9 enregistr\u00e9&#8230;<\/p>\n","protected":false},"author":3175,"featured_media":251052,"comment_status":"open","ping_status":"closed","sticky":false,"template":"","format":"standard","meta":{"footnotes":""},"categories":[44],"tags":[2698,8386,2608],"class_list":["post-206061","post","type-post","status-publish","format-standard","has-post-thumbnail","hentry","category-national","tag-crime","tag-feminicides","tag-tunisie"],"yoast_head":"<!-- This site is optimized with the Yoast SEO Premium plugin v27.5 (Yoast SEO v27.5) - https:\/\/yoast.com\/product\/yoast-seo-premium-wordpress\/ -->\n<title>Tunisie : 17 f\u00e9minicides depuis le d\u00e9but de l\u2019ann\u00e9e<\/title>\n<meta name=\"description\" content=\"La pr\u00e9sidente de l&#039;Association tunisienne des femmes d\u00e9mocrates, Neila Zoghlemi, a r\u00e9v\u00e9l\u00e9, ce vendredi 26 mai 2023, que 17 cas de f\u00e9minicides ont \u00e9t\u00e9 enregistr\u00e9...\" \/>\n<link rel=\"canonical\" href=\"https:\/\/www.webdo.tn\/fr\/actualite\/national\/tunisie-17-feminicides-depuis-le-debut-de-l-annee\/206061\/\" \/>\n<meta property=\"og:locale\" content=\"fr_FR\" \/>\n<meta property=\"og:type\" content=\"article\" \/>\n<meta property=\"og:title\" content=\"Tunisie : 17 f\u00e9minicides depuis le d\u00e9but de l\u2019ann\u00e9e\" \/>\n<meta property=\"og:description\" content=\"La pr\u00e9sidente de l&#039;Association tunisienne des femmes d\u00e9mocrates, Neila Zoghlemi, a r\u00e9v\u00e9l\u00e9, ce vendredi 26 mai 2023, que 17 cas de f\u00e9minicides ont \u00e9t\u00e9 enregistr\u00e9...\" \/>\n<meta property=\"og:url\" content=\"https:\/\/www.webdo.tn\/fr\/actualite\/national\/tunisie-17-feminicides-depuis-le-debut-de-l-annee\/206061\/\" \/>\n<meta property=\"og:site_name\" content=\"webdo\" \/>\n<meta property=\"article:publisher\" content=\"https:\/\/www.facebook.com\/webdotn\" \/>\n<meta property=\"article:published_time\" content=\"2023-05-26T09:10:00+00:00\" \/>\n<meta property=\"article:modified_time\" content=\"2025-05-20T22:43:10+00:00\" \/>\n<meta property=\"og:image\" content=\"https:\/\/www.webdo.tn\/fr\/wp-content\/uploads\/2023\/05\/c8f10af35bbb4fcc0bf34edfd3572443.jpg\" \/>\n\t<meta property=\"og:image:width\" content=\"750\" \/>\n\t<meta property=\"og:image:height\" content=\"400\" \/>\n\t<meta property=\"og:image:type\" content=\"image\/jpeg\" \/>\n<meta name=\"author\" content=\"CL\" \/>\n<meta name=\"twitter:card\" content=\"summary_large_image\" \/>\n<meta name=\"twitter:creator\" content=\"@webdo_tn\" \/>\n<meta name=\"twitter:site\" content=\"@webdo_tn\" \/>\n<meta name=\"twitter:label1\" content=\"\u00c9crit par\" \/>\n\t<meta name=\"twitter:data1\" content=\"CL\" \/>\n\t<meta name=\"twitter:label2\" content=\"Dur\u00e9e de lecture estim\u00e9e\" \/>\n\t<meta name=\"twitter:data2\" content=\"1 minute\" \/>\n<script type=\"application\/ld+json\" class=\"yoast-schema-graph\">{\"@context\":\"https:\\\/\\\/schema.org\",\"@graph\":[{\"@type\":\"NewsArticle\",\"@id\":\"https:\\\/\\\/www.webdo.tn\\\/fr\\\/actualite\\\/national\\\/tunisie-17-feminicides-depuis-le-debut-de-l-annee\\\/206061\\\/#article\",\"isPartOf\":{\"@id\":\"https:\\\/\\\/www.webdo.tn\\\/fr\\\/actualite\\\/national\\\/tunisie-17-feminicides-depuis-le-debut-de-l-annee\\\/206061\\\/\"},\"author\":{\"name\":\"CL\",\"@id\":\"https:\\\/\\\/www.webdo.tn\\\/fr\\\/#\\\/schema\\\/person\\\/f35b42a42c5e2511bbd282959d6385cc\"},\"headline\":\"Tunisie : 17 f\u00e9minicides depuis le d\u00e9but de l\u2019ann\u00e9e\",\"datePublished\":\"2023-05-26T09:10:00+00:00\",\"dateModified\":\"2025-05-20T22:43:10+00:00\",\"mainEntityOfPage\":{\"@id\":\"https:\\\/\\\/www.webdo.tn\\\/fr\\\/actualite\\\/national\\\/tunisie-17-feminicides-depuis-le-debut-de-l-annee\\\/206061\\\/\"},\"wordCount\":159,\"commentCount\":0,\"publisher\":{\"@id\":\"https:\\\/\\\/www.webdo.tn\\\/fr\\\/#organization\"},\"image\":{\"@id\":\"https:\\\/\\\/www.webdo.tn\\\/fr\\\/actualite\\\/national\\\/tunisie-17-feminicides-depuis-le-debut-de-l-annee\\\/206061\\\/#primaryimage\"},\"thumbnailUrl\":\"https:\\\/\\\/www.webdo.tn\\\/fr\\\/wp-content\\\/uploads\\\/2023\\\/05\\\/c8f10af35bbb4fcc0bf34edfd3572443.jpg\",\"keywords\":[\"crime\",\"F\u00e9minicides\",\"Tunisie\"],\"articleSection\":[\"National\"],\"inLanguage\":\"fr-FR\"},{\"@type\":\"WebPage\",\"@id\":\"https:\\\/\\\/www.webdo.tn\\\/fr\\\/actualite\\\/national\\\/tunisie-17-feminicides-depuis-le-debut-de-l-annee\\\/206061\\\/\",\"url\":\"https:\\\/\\\/www.webdo.tn\\\/fr\\\/actualite\\\/national\\\/tunisie-17-feminicides-depuis-le-debut-de-l-annee\\\/206061\\\/\",\"name\":\"Tunisie : 17 f\u00e9minicides depuis le d\u00e9but de l\u2019ann\u00e9e\",\"isPartOf\":{\"@id\":\"https:\\\/\\\/www.webdo.tn\\\/fr\\\/#website\"},\"primaryImageOfPage\":{\"@id\":\"https:\\\/\\\/www.webdo.tn\\\/fr\\\/actualite\\\/national\\\/tunisie-17-feminicides-depuis-le-debut-de-l-annee\\\/206061\\\/#primaryimage\"},\"image\":{\"@id\":\"https:\\\/\\\/www.webdo.tn\\\/fr\\\/actualite\\\/national\\\/tunisie-17-feminicides-depuis-le-debut-de-l-annee\\\/206061\\\/#primaryimage\"},\"thumbnailUrl\":\"https:\\\/\\\/www.webdo.tn\\\/fr\\\/wp-content\\\/uploads\\\/2023\\\/05\\\/c8f10af35bbb4fcc0bf34edfd3572443.jpg\",\"datePublished\":\"2023-05-26T09:10:00+00:00\",\"dateModified\":\"2025-05-20T22:43:10+00:00\",\"description\":\"La pr\u00e9sidente de l'Association tunisienne des femmes d\u00e9mocrates, Neila Zoghlemi, a r\u00e9v\u00e9l\u00e9, ce vendredi 26 mai 2023, que 17 cas de f\u00e9minicides ont \u00e9t\u00e9 enregistr\u00e9...\",\"breadcrumb\":{\"@id\":\"https:\\\/\\\/www.webdo.tn\\\/fr\\\/actualite\\\/national\\\/tunisie-17-feminicides-depuis-le-debut-de-l-annee\\\/206061\\\/#breadcrumb\"},\"inLanguage\":\"fr-FR\",\"potentialAction\":[{\"@type\":\"ReadAction\",\"target\":[\"https:\\\/\\\/www.webdo.tn\\\/fr\\\/actualite\\\/national\\\/tunisie-17-feminicides-depuis-le-debut-de-l-annee\\\/206061\\\/\"]}]},{\"@type\":\"ImageObject\",\"inLanguage\":\"fr-FR\",\"@id\":\"https:\\\/\\\/www.webdo.tn\\\/fr\\\/actualite\\\/national\\\/tunisie-17-feminicides-depuis-le-debut-de-l-annee\\\/206061\\\/#primaryimage\",\"url\":\"https:\\\/\\\/www.webdo.tn\\\/fr\\\/wp-content\\\/uploads\\\/2023\\\/05\\\/c8f10af35bbb4fcc0bf34edfd3572443.jpg\",\"contentUrl\":\"https:\\\/\\\/www.webdo.tn\\\/fr\\\/wp-content\\\/uploads\\\/2023\\\/05\\\/c8f10af35bbb4fcc0bf34edfd3572443.jpg\",\"width\":750,\"height\":400,\"caption\":\"Tunisie : 17 f\u00e9minicides depuis le d\u00e9but de l\u2019ann\u00e9e\"},{\"@type\":\"BreadcrumbList\",\"@id\":\"https:\\\/\\\/www.webdo.tn\\\/fr\\\/actualite\\\/national\\\/tunisie-17-feminicides-depuis-le-debut-de-l-annee\\\/206061\\\/#breadcrumb\",\"itemListElement\":[{\"@type\":\"ListItem\",\"position\":1,\"name\":\"Accueil\",\"item\":\"https:\\\/\\\/www.webdo.tn\\\/fr\\\/\"},{\"@type\":\"ListItem\",\"position\":2,\"name\":\"Tunisie : 17 f\u00e9minicides depuis le d\u00e9but de l\u2019ann\u00e9e\"}]},{\"@type\":\"WebSite\",\"@id\":\"https:\\\/\\\/www.webdo.tn\\\/fr\\\/#website\",\"url\":\"https:\\\/\\\/www.webdo.tn\\\/fr\\\/\",\"name\":\"webdo\",\"description\":\"Tunisie - News en Tunisie et \u00e0 l&#039;international sur Webdo.tn\",\"publisher\":{\"@id\":\"https:\\\/\\\/www.webdo.tn\\\/fr\\\/#organization\"},\"potentialAction\":[{\"@type\":\"SearchAction\",\"target\":{\"@type\":\"EntryPoint\",\"urlTemplate\":\"https:\\\/\\\/www.webdo.tn\\\/fr\\\/?s={search_term_string}\"},\"query-input\":{\"@type\":\"PropertyValueSpecification\",\"valueRequired\":true,\"valueName\":\"search_term_string\"}}],\"inLanguage\":\"fr-FR\"},{\"@type\":\"Organization\",\"@id\":\"https:\\\/\\\/www.webdo.tn\\\/fr\\\/#organization\",\"name\":\"Webdo\",\"alternateName\":\"Webdo.tn\",\"url\":\"https:\\\/\\\/www.webdo.tn\\\/fr\\\/\",\"logo\":{\"@type\":\"ImageObject\",\"inLanguage\":\"fr-FR\",\"@id\":\"https:\\\/\\\/www.webdo.tn\\\/fr\\\/#\\\/schema\\\/logo\\\/image\\\/\",\"url\":\"https:\\\/\\\/www.webdo.tn\\\/fr\\\/wp-content\\\/uploads\\\/2025\\\/06\\\/Webdo-Tunisie_168377.jpg\",\"contentUrl\":\"https:\\\/\\\/www.webdo.tn\\\/fr\\\/wp-content\\\/uploads\\\/2025\\\/06\\\/Webdo-Tunisie_168377.jpg\",\"width\":301,\"height\":301,\"caption\":\"Webdo\"},\"image\":{\"@id\":\"https:\\\/\\\/www.webdo.tn\\\/fr\\\/#\\\/schema\\\/logo\\\/image\\\/\"},\"sameAs\":[\"https:\\\/\\\/www.facebook.com\\\/webdotn\",\"https:\\\/\\\/x.com\\\/webdo_tn\"],\"description\":\"Webdo est un m\u00e9dia num\u00e9rique tunisien fond\u00e9 en 2010, sp\u00e9cialis\u00e9 dans l\u2019actualit\u00e9 nationale et internationale, l\u2019\u00e9conomie, la soci\u00e9t\u00e9 et les analyses politiques. Le site s\u2019adresse \u00e0 un large public francophone et couvre l\u2019information tunisienne en temps r\u00e9el.\",\"email\":\"redac@webdo.tn\",\"legalName\":\"YNJ SARL\",\"foundingDate\":\"2010-09-06\",\"numberOfEmployees\":{\"@type\":\"QuantitativeValue\",\"minValue\":\"11\",\"maxValue\":\"50\"}},{\"@type\":\"Person\",\"@id\":\"https:\\\/\\\/www.webdo.tn\\\/fr\\\/#\\\/schema\\\/person\\\/f35b42a42c5e2511bbd282959d6385cc\",\"name\":\"CL\",\"image\":{\"@type\":\"ImageObject\",\"inLanguage\":\"fr-FR\",\"@id\":\"https:\\\/\\\/secure.gravatar.com\\\/avatar\\\/1447a49909b67aa657c488aec6512e1dd6143a480c1ecfee9b5b5cd74eb3b59e?s=96&d=mm&r=g\",\"url\":\"https:\\\/\\\/secure.gravatar.com\\\/avatar\\\/1447a49909b67aa657c488aec6512e1dd6143a480c1ecfee9b5b5cd74eb3b59e?s=96&d=mm&r=g\",\"contentUrl\":\"https:\\\/\\\/secure.gravatar.com\\\/avatar\\\/1447a49909b67aa657c488aec6512e1dd6143a480c1ecfee9b5b5cd74eb3b59e?s=96&d=mm&r=g\",\"caption\":\"CL\"},\"url\":\"https:\\\/\\\/www.webdo.tn\\\/fr\\\/actualite\\\/author\\\/cl\\\/\"}]}<\/script>\n<!-- \/ Yoast SEO Premium plugin. -->","yoast_head_json":{"title":"Tunisie : 17 f\u00e9minicides depuis le d\u00e9but de l\u2019ann\u00e9e","description":"La pr\u00e9sidente de l'Association tunisienne des femmes d\u00e9mocrates, Neila Zoghlemi, a r\u00e9v\u00e9l\u00e9, ce vendredi 26 mai 2023, que 17 cas de f\u00e9minicides ont \u00e9t\u00e9 enregistr\u00e9...","canonical":"https:\/\/www.webdo.tn\/fr\/actualite\/national\/tunisie-17-feminicides-depuis-le-debut-de-l-annee\/206061\/","og_locale":"fr_FR","og_type":"article","og_title":"Tunisie : 17 f\u00e9minicides depuis le d\u00e9but de l\u2019ann\u00e9e","og_description":"La pr\u00e9sidente de l'Association tunisienne des femmes d\u00e9mocrates, Neila Zoghlemi, a r\u00e9v\u00e9l\u00e9, ce vendredi 26 mai 2023, que 17 cas de f\u00e9minicides ont \u00e9t\u00e9 enregistr\u00e9...","og_url":"https:\/\/www.webdo.tn\/fr\/actualite\/national\/tunisie-17-feminicides-depuis-le-debut-de-l-annee\/206061\/","og_site_name":"webdo","article_publisher":"https:\/\/www.facebook.com\/webdotn","article_published_time":"2023-05-26T09:10:00+00:00","article_modified_time":"2025-05-20T22:43:10+00:00","og_image":[{"width":750,"height":400,"url":"https:\/\/www.webdo.tn\/fr\/wp-content\/uploads\/2023\/05\/c8f10af35bbb4fcc0bf34edfd3572443.jpg","type":"image\/jpeg"}],"author":"CL","twitter_card":"summary_large_image","twitter_creator":"@webdo_tn","twitter_site":"@webdo_tn","twitter_misc":{"\u00c9crit par":"CL","Dur\u00e9e de lecture estim\u00e9e":"1 minute"},"schema":{"@context":"https:\/\/schema.org","@graph":[{"@type":"NewsArticle","@id":"https:\/\/www.webdo.tn\/fr\/actualite\/national\/tunisie-17-feminicides-depuis-le-debut-de-l-annee\/206061\/#article","isPartOf":{"@id":"https:\/\/www.webdo.tn\/fr\/actualite\/national\/tunisie-17-feminicides-depuis-le-debut-de-l-annee\/206061\/"},"author":{"name":"CL","@id":"https:\/\/www.webdo.tn\/fr\/#\/schema\/person\/f35b42a42c5e2511bbd282959d6385cc"},"headline":"Tunisie : 17 f\u00e9minicides depuis le d\u00e9but de l\u2019ann\u00e9e","datePublished":"2023-05-26T09:10:00+00:00","dateModified":"2025-05-20T22:43:10+00:00","mainEntityOfPage":{"@id":"https:\/\/www.webdo.tn\/fr\/actualite\/national\/tunisie-17-feminicides-depuis-le-debut-de-l-annee\/206061\/"},"wordCount":159,"commentCount":0,"publisher":{"@id":"https:\/\/www.webdo.tn\/fr\/#organization"},"image":{"@id":"https:\/\/www.webdo.tn\/fr\/actualite\/national\/tunisie-17-feminicides-depuis-le-debut-de-l-annee\/206061\/#primaryimage"},"thumbnailUrl":"https:\/\/www.webdo.tn\/fr\/wp-content\/uploads\/2023\/05\/c8f10af35bbb4fcc0bf34edfd3572443.jpg","keywords":["crime","F\u00e9minicides","Tunisie"],"articleSection":["National"],"inLanguage":"fr-FR"},{"@type":"WebPage","@id":"https:\/\/www.webdo.tn\/fr\/actualite\/national\/tunisie-17-feminicides-depuis-le-debut-de-l-annee\/206061\/","url":"https:\/\/www.webdo.tn\/fr\/actualite\/national\/tunisie-17-feminicides-depuis-le-debut-de-l-annee\/206061\/","name":"Tunisie : 17 f\u00e9minicides depuis le d\u00e9but de l\u2019ann\u00e9e","isPartOf":{"@id":"https:\/\/www.webdo.tn\/fr\/#website"},"primaryImageOfPage":{"@id":"https:\/\/www.webdo.tn\/fr\/actualite\/national\/tunisie-17-feminicides-depuis-le-debut-de-l-annee\/206061\/#primaryimage"},"image":{"@id":"https:\/\/www.webdo.tn\/fr\/actualite\/national\/tunisie-17-feminicides-depuis-le-debut-de-l-annee\/206061\/#primaryimage"},"thumbnailUrl":"https:\/\/www.webdo.tn\/fr\/wp-content\/uploads\/2023\/05\/c8f10af35bbb4fcc0bf34edfd3572443.jpg","datePublished":"2023-05-26T09:10:00+00:00","dateModified":"2025-05-20T22:43:10+00:00","description":"La pr\u00e9sidente de l'Association tunisienne des femmes d\u00e9mocrates, Neila Zoghlemi, a r\u00e9v\u00e9l\u00e9, ce vendredi 26 mai 2023, que 17 cas de f\u00e9minicides ont \u00e9t\u00e9 enregistr\u00e9...","breadcrumb":{"@id":"https:\/\/www.webdo.tn\/fr\/actualite\/national\/tunisie-17-feminicides-depuis-le-debut-de-l-annee\/206061\/#breadcrumb"},"inLanguage":"fr-FR","potentialAction":[{"@type":"ReadAction","target":["https:\/\/www.webdo.tn\/fr\/actualite\/national\/tunisie-17-feminicides-depuis-le-debut-de-l-annee\/206061\/"]}]},{"@type":"ImageObject","inLanguage":"fr-FR","@id":"https:\/\/www.webdo.tn\/fr\/actualite\/national\/tunisie-17-feminicides-depuis-le-debut-de-l-annee\/206061\/#primaryimage","url":"https:\/\/www.webdo.tn\/fr\/wp-content\/uploads\/2023\/05\/c8f10af35bbb4fcc0bf34edfd3572443.jpg","contentUrl":"https:\/\/www.webdo.tn\/fr\/wp-content\/uploads\/2023\/05\/c8f10af35bbb4fcc0bf34edfd3572443.jpg","width":750,"height":400,"caption":"Tunisie : 17 f\u00e9minicides depuis le d\u00e9but de l\u2019ann\u00e9e"},{"@type":"BreadcrumbList","@id":"https:\/\/www.webdo.tn\/fr\/actualite\/national\/tunisie-17-feminicides-depuis-le-debut-de-l-annee\/206061\/#breadcrumb","itemListElement":[{"@type":"ListItem","position":1,"name":"Accueil","item":"https:\/\/www.webdo.tn\/fr\/"},{"@type":"ListItem","position":2,"name":"Tunisie : 17 f\u00e9minicides depuis le d\u00e9but de l\u2019ann\u00e9e"}]},{"@type":"WebSite","@id":"https:\/\/www.webdo.tn\/fr\/#website","url":"https:\/\/www.webdo.tn\/fr\/","name":"webdo","description":"Tunisie - News en Tunisie et \u00e0 l&#039;international sur Webdo.tn","publisher":{"@id":"https:\/\/www.webdo.tn\/fr\/#organization"},"potentialAction":[{"@type":"SearchAction","target":{"@type":"EntryPoint","urlTemplate":"https:\/\/www.webdo.tn\/fr\/?s={search_term_string}"},"query-input":{"@type":"PropertyValueSpecification","valueRequired":true,"valueName":"search_term_string"}}],"inLanguage":"fr-FR"},{"@type":"Organization","@id":"https:\/\/www.webdo.tn\/fr\/#organization","name":"Webdo","alternateName":"Webdo.tn","url":"https:\/\/www.webdo.tn\/fr\/","logo":{"@type":"ImageObject","inLanguage":"fr-FR","@id":"https:\/\/www.webdo.tn\/fr\/#\/schema\/logo\/image\/","url":"https:\/\/www.webdo.tn\/fr\/wp-content\/uploads\/2025\/06\/Webdo-Tunisie_168377.jpg","contentUrl":"https:\/\/www.webdo.tn\/fr\/wp-content\/uploads\/2025\/06\/Webdo-Tunisie_168377.jpg","width":301,"height":301,"caption":"Webdo"},"image":{"@id":"https:\/\/www.webdo.tn\/fr\/#\/schema\/logo\/image\/"},"sameAs":["https:\/\/www.facebook.com\/webdotn","https:\/\/x.com\/webdo_tn"],"description":"Webdo est un m\u00e9dia num\u00e9rique tunisien fond\u00e9 en 2010, sp\u00e9cialis\u00e9 dans l\u2019actualit\u00e9 nationale et internationale, l\u2019\u00e9conomie, la soci\u00e9t\u00e9 et les analyses politiques. Le site s\u2019adresse \u00e0 un large public francophone et couvre l\u2019information tunisienne en temps r\u00e9el.","email":"redac@webdo.tn","legalName":"YNJ SARL","foundingDate":"2010-09-06","numberOfEmployees":{"@type":"QuantitativeValue","minValue":"11","maxValue":"50"}},{"@type":"Person","@id":"https:\/\/www.webdo.tn\/fr\/#\/schema\/person\/f35b42a42c5e2511bbd282959d6385cc","name":"CL","image":{"@type":"ImageObject","inLanguage":"fr-FR","@id":"https:\/\/secure.gravatar.com\/avatar\/1447a49909b67aa657c488aec6512e1dd6143a480c1ecfee9b5b5cd74eb3b59e?s=96&d=mm&r=g","url":"https:\/\/secure.gravatar.com\/avatar\/1447a49909b67aa657c488aec6512e1dd6143a480c1ecfee9b5b5cd74eb3b59e?s=96&d=mm&r=g","contentUrl":"https:\/\/secure.gravatar.com\/avatar\/1447a49909b67aa657c488aec6512e1dd6143a480c1ecfee9b5b5cd74eb3b59e?s=96&d=mm&r=g","caption":"CL"},"url":"https:\/\/www.webdo.tn\/fr\/actualite\/author\/cl\/"}]}},"_links":{"self":[{"href":"https:\/\/www.webdo.tn\/fr\/wp-json\/wp\/v2\/posts\/206061","targetHints":{"allow":["GET"]}}],"collection":[{"href":"https:\/\/www.webdo.tn\/fr\/wp-json\/wp\/v2\/posts"}],"about":[{"href":"https:\/\/www.webdo.tn\/fr\/wp-json\/wp\/v2\/types\/post"}],"author":[{"embeddable":true,"href":"https:\/\/www.webdo.tn\/fr\/wp-json\/wp\/v2\/users\/3175"}],"replies":[{"embeddable":true,"href":"https:\/\/www.webdo.tn\/fr\/wp-json\/wp\/v2\/comments?post=206061"}],"version-history":[{"count":0,"href":"https:\/\/www.webdo.tn\/fr\/wp-json\/wp\/v2\/posts\/206061\/revisions"}],"wp:featuredmedia":[{"embeddable":true,"href":"https:\/\/www.webdo.tn\/fr\/wp-json\/wp\/v2\/media\/251052"}],"wp:attachment":[{"href":"https:\/\/www.webdo.tn\/fr\/wp-json\/wp\/v2\/media?parent=206061"}],"wp:term":[{"taxonomy":"category","embeddable":true,"href":"https:\/\/www.webdo.tn\/fr\/wp-json\/wp\/v2\/categories?post=206061"},{"taxonomy":"post_tag","embeddable":true,"href":"https:\/\/www.webdo.tn\/fr\/wp-json\/wp\/v2\/tags?post=206061"}],"curies":[{"name":"wp","href":"https:\/\/api.w.org\/{rel}","templated":true}]}}