{"id":206056,"date":"2023-05-26T06:39:00","date_gmt":"2023-05-26T06:39:00","guid":{"rendered":"https:\/\/www.webdo.tn\/fr\/blog\/cannes-2023-2\/206056\/"},"modified":"2025-05-21T08:56:38","modified_gmt":"2025-05-21T08:56:38","slug":"cannes-2023-2","status":"publish","type":"post","link":"https:\/\/www.webdo.tn\/fr\/actualite\/culture\/cannes-2023-2\/206056\/","title":{"rendered":"Cannes 2023 &#8211; \u00ab\u00a0Rapito (L&rsquo;enl\u00e8vement)\u00a0\u00bb: Lutte contre l&rsquo;injustice religieuse dans l&rsquo;Italie du XIXe Si\u00e8cle"},"content":{"rendered":"<div class=\"single-body entry-content typography-copy\" itemprop=\"articleBody\">\n<p style=\"font-weight: bold; text-align: justify\">\n\t\t\t\t\t\t\t\t\tLe film \u00ab\u00a0Rapito\u00a0\u00bb (L&rsquo;enl\u00e8vement) du r\u00e9alisateur italien Marco Bellocchio a \u00e9t\u00e9 projet\u00e9 \u00e0 la 76\u00e8me \u00e9dition du Festival de Cannes, plongeant le public au c\u0153ur de l&rsquo;affaire Mortara. Il offre une immersion captivante dans l&rsquo;Italie du XIXe si\u00e8cle et soul\u00e8ve des questionnements profonds sur la libert\u00e9 religieuse, l&rsquo;identit\u00e9 et la tol\u00e9rance.\n\t\t\t\t\t\t\t\t<\/p>\n<div class=\"coprs\" style=\"text-align: center\"><\/div>\n<div class=\"coprs\" style=\"text-align: justify\">\n<p><span><span>Le film retrace le destin extraordinaire d&rsquo;Edgardo Mortara qui a suscit\u00e9 une vive \u00e9motion dans toute l&rsquo;Italie du XIXe si\u00e8cle. Les autorit\u00e9s sont venues chez ses parents un soir de juin 1858 et leur ont donn\u00e9 vingt-quatre heures pour leur remettre leur enfant. Cette intervention a \u00e9t\u00e9 r\u00e9alis\u00e9e sur ordre du pape, apr\u00e8s la r\u00e9v\u00e9lation du bapt\u00eame secret de l&rsquo;enfant.<\/span><\/span><\/p>\n<p><span><span>Face \u00e0 cette d\u00e9cision implacable, les parents d&rsquo;Edgardo ont tent\u00e9 de comprendre et de faire valoir leurs arguments. Ils ont rapidement d\u00e9couvert qu\u2019une ancienne servante catholique \u00e9tait \u00e0 l&rsquo;origine de cette trahison. Malheureusement, dans l&rsquo;\u00c9tat pontifical de Bologne, toute discussion \u00e9tait vaine et les autorit\u00e9s ne laissaient place \u00e0 aucun compromis.<\/span><\/span><\/p>\n<p><span><span>En raison de son bapt\u00eame, Edgardo est consid\u00e9r\u00e9 comme un apostat et il lui est donc impossible de vivre au sein d&rsquo;une famille juive. Selon les croyances de l&rsquo;\u00e9poque, seule l&rsquo;\u00c9glise peut le sauver et le prot\u00e9ger spirituellement. L&rsquo;inquisiteur de Bologne organise donc son placement dans une maison des cat\u00e9chum\u00e8nes, un institut ferm\u00e9 destin\u00e9 \u00e0 la conversion au catholicisme des jeunes juifs, musulmans et chr\u00e9tiens non catholiques.<\/span><\/span><\/p>\n<p><img decoding=\"async\" alt=\"\" height=\"1200\" src=\"\/assets\/uploads\/images\/\/Neila\/Rapito.jpeg\" width=\"862\"><\/p>\n<p>\u00a0<\/p>\n<p><span><span>L&rsquo;affaire Mortara, bien qu&rsquo;exceptionnelle, n&rsquo;est pas un cas isol\u00e9. Lors de la conf\u00e9rence de presse qui a suivi la premi\u00e8re du film, le r\u00e9alisateur a r\u00e9v\u00e9l\u00e9 que de nombreux autres enl\u00e8vements et conversions forc\u00e9es ont eu lieu depuis le XVIe si\u00e8cle. En effet, les familles juives \u00e9taient contraintes d&#8217;employer des servantes catholiques pendant le shabbat et celles-ci se chargeaient secr\u00e8tement de baptiser les petits enfants juifs dans le but de les \u00ab\u00a0sauver\u00a0\u00bb. Cette pratique \u00e9tait soutenue par les autorit\u00e9s religieuses catholiques au nom de Dieu. Au cours du proc\u00e8s, la servante a d\u2019ailleurs affirm\u00e9 avoir baptis\u00e9 le petit Edgardo alors qu&rsquo;il \u00e9tait malade et qu&rsquo;elle le croyait mourant, dans l&rsquo;espoir de le sauver des limbes, conform\u00e9ment \u00e0 la croyance r\u00e9pandue \u00e0 l&rsquo;\u00e9poque.<\/span><\/span><\/p>\n<p><span><span>Ces conversions secr\u00e8tes \u00e9taient utilis\u00e9es comme moyen de pression par les autorit\u00e9s pour inciter les familles juives \u00e0 se convertir au catholicisme afin de r\u00e9cup\u00e9rer leurs enfants. Une alternative farouchement rejet\u00e9e par la famille Mortara, qui refusait de choisir entre leur enfant et leur religion. <\/span><\/span><\/p>\n<p><span><span><em>Rapito<\/em> va bien au-del\u00e0 d&rsquo;un simple drame historique, il rappelle l&rsquo;importance de la libert\u00e9 religieuse et soul\u00e8ve des questions profondes sur l&rsquo;identit\u00e9, la foi et la tol\u00e9rance. Ce film poignant invite \u00e0 r\u00e9fl\u00e9chir aux cons\u00e9quences de l&rsquo;intol\u00e9rance religieuse et \u00e0 la n\u00e9cessit\u00e9 de pr\u00e9server les droits fondamentaux de chaque individu, ind\u00e9pendamment de sa croyance.<\/span><\/span><\/p>\n<p><span><span><em>Rapito<\/em> explore avec minutie le th\u00e8me de l&#8217;emprise \u00e0 travers l&rsquo;histoire bouleversante de ce jeune enfant juif soudain plong\u00e9 dans les pr\u00e9ceptes de la religion catholique. D\u00e8s son arriv\u00e9e dans sa nouvelle demeure, Edgardo re\u00e7oit un conseil d&rsquo;un autre gar\u00e7on, lui indiquant qu&rsquo;il doit se comporter de mani\u00e8re exemplaire s&rsquo;il souhaite rapidement retrouver sa famille. Cependant, ce conseil se r\u00e9v\u00e8le \u00eatre un pi\u00e8ge, donnant l&rsquo;illusion d&rsquo;une conversion heureuse, alors qu&rsquo;en r\u00e9alit\u00e9, il renforce la d\u00e9cision des autorit\u00e9s papales de le tenir \u00e9loign\u00e9 de sa famille. Parall\u00e8lement, un processus d&rsquo;endoctrinement se met en place, bas\u00e9 sur l&rsquo;enfermement et la culpabilisation.<\/span><\/span><\/p>\n<p><span><span>Un autre \u00e9l\u00e9ment remarquable de cette histoire est la trajectoire d&rsquo;Edgardo Mortara lui-m\u00eame. Malgr\u00e9 l&rsquo;\u00e9preuve incommensurable qu&rsquo;il a v\u00e9cue, il deviendra pr\u00eatre et restera un fervent catholique jusqu&rsquo;\u00e0 sa mort, restant \u00e0 distance de sa famille, essayant m\u00eame de la convertir au catholicisme. Marco Bellocchio a mis en \u00e9vidence les contradictions d&rsquo;Edgardo Mortara et la souffrance qui en d\u00e9coule. Il utilise habilement le myst\u00e8re qui entoure la psychologie du personnage tout au long du film. Est-ce qu&rsquo;il fait semblant ? Est-ce qu&rsquo;il agit par r\u00e9flexe de protection ou est-il victime du syndrome de Stockholm ? Tout au long du r\u00e9cit, le personnage fascine et suscite des questionnements. <\/span><\/span><\/p>\n<p><span><span>L&rsquo;histoire d&rsquo;Edgardo Mortara est exceptionnelle \u00e0 bien des \u00e9gards, notamment par sa m\u00e9diatisation. Ses parents ont lutt\u00e9 sans rel\u00e2che contre les autorit\u00e9s pontificales pour r\u00e9cup\u00e9rer leur enfant, mobilisant la presse lib\u00e9rale qui en a fait un scandale national. Elle est devenue un symbole de r\u00e9sistance face \u00e0 l&rsquo;inquisition, renfor\u00e7ant ainsi la position inflexible du pape Pie IX, d\u00e9termin\u00e9 \u00e0 appliquer strictement les dogmes religieux et \u00e0 pr\u00e9server son pouvoir. Marco Bellocchio souligne que cette affaire a pris une dimension \u00ab\u00a0politique\u00a0\u00bb, en soulignant son lien avec la \u00ab\u00a0dislocation de l&rsquo;\u00c9tat pontifical\u00a0\u00bb \u00e0 l&rsquo;\u00e9poque.<\/span><\/span><\/p>\n<p><span><span>Ce contexte historique, \u00e9troitement li\u00e9 \u00e0 l&rsquo;affaire Mortara, se refl\u00e8te dans la structure du film, qui s&rsquo;appuie sur trois moments cl\u00e9s : l&rsquo;enl\u00e8vement en 1858, le proc\u00e8s en 1860 rendu possible par l&rsquo;arriv\u00e9e des nationalistes au pouvoir \u00e0 Bologne, et enfin, la conqu\u00eate de Rome en 1870.<\/span><\/span><\/p>\n<p><span><span>L&rsquo;affaire Mortara est devenue c\u00e9l\u00e8bre et a pos\u00e9 un casse-t\u00eate pour le pape Pie IX et son principal conseiller, le cardinal Antonelli. Face \u00e0 la pression publique et aux p\u00e9titions incessantes de la communaut\u00e9 juive r\u00e9clamant le retour d&rsquo;Edgardo, le pape, a simplement publi\u00e9 son \u00e9dit : \u00ab\u00a0Non possumus\u00a0\u00bb (Nous ne pouvons pas). <\/span><\/span><\/p>\n<p><span><span>Ce n&rsquo;est qu&rsquo;en 1859, lorsque l&rsquo;arm\u00e9e italienne renverse la domination papale \u00e0 Bologne, qu&rsquo;un nouvel espoir surgit avec un proc\u00e8s contre Felletti, l\u2019inquisiteur. Malheureusement, il est disculp\u00e9 et l&rsquo;avocat r\u00e9pond s\u00e8chement \u00e0 Momolo, d\u00e9sesp\u00e9r\u00e9 de ramener Edgardo \u00e0 la maison, que cela ne sera possible que lorsque Rome sera prise. <\/span><\/span><\/p>\n<div>\n<figure class=\"image\"><img decoding=\"async\" alt=\"\" height=\"661\" src=\"\/assets\/uploads\/images\/\/Neila\/marco-bellocchio-paolo-pierobon-fausto-russo-alesi-enea-news-photo-1684958900.jpg\" width=\"872\"><figcaption><em>Cannes 2023 &#8211; Photocall de l&rsquo;\u00e9quipe du film \u00ab\u00a0Rapito\u00a0\u00bb r\u00e9alis\u00e9 par Marco Bellocchio<\/em><\/figcaption><\/figure>\n<\/div>\n<p>\u00a0<\/p>\n<p><span><span>Marco Bellocchio a d\u00e9couvert le destin d&rsquo;Edgardo Mortara dans un livre de Vittorio Messori, un auteur catholique et conservateur qui d\u00e9fendait les raisons justifiant la s\u00e9paration de l&rsquo;enfant de sa famille par le pape. Cette affaire hautement m\u00e9diatis\u00e9e a suscit\u00e9 des passions d\u00e9cha\u00een\u00e9es et a donn\u00e9 lieu \u00e0 de nombreux r\u00e9cits, parfois contradictoires, parmi lesquels il a fallu faire le tri. Lors de la conf\u00e9rence de presse, Marco Bellocchio, le r\u00e9alisateur, et Susanna Nicchiarelli, la cosc\u00e9nariste ont d\u00e9clar\u00e9 avoir eu la chance de travailler sur les sources directes de l&rsquo;affaire Mortara, notamment les d\u00e9positions du proc\u00e8s, dont celle de Mariana Mortara, la m\u00e8re, qui a d\u00e9crit en d\u00e9tail les \u00e9v\u00e9nements relat\u00e9s dans la premi\u00e8re partie du film, tels que l&rsquo;arriv\u00e9e des policiers et leur demande du nom des enfants. Cette richesse d&rsquo;informations a permis de s\u00e9lectionner parmi de nombreux \u00e9l\u00e9ments r\u00e9els. Cependant, il restait \u00e0 imaginer l&rsquo;intimit\u00e9 des personnages, un aspect pour lequel tr\u00e8s peu d&rsquo;informations \u00e9taient disponibles.<\/span><\/span><\/p>\n<p><span><span>Le film documente de pr\u00e8s les circonstances de l&rsquo;enl\u00e8vement d&rsquo;Edgardo et les premiers efforts pour le ramener, avec des sc\u00e8nes \u00e9mouvantes mettant en avant la m\u00e8re d\u00e9sempar\u00e9e, interpr\u00e9t\u00e9e par Barbara Ronchi, et le jeune\u00a0 Enea Sala dans le r\u00f4le d&rsquo;Edgardo.<\/span><\/span><\/p>\n<p><span><span>Malgr\u00e9 son jeune \u00e2ge, ce dernier a brillamment incarn\u00e9 le personnage, m\u00eame s&rsquo;il n&rsquo;a probablement pas pleinement saisi l&rsquo;importance du film en raison de sa jeune exp\u00e9rience de vie. Le r\u00e9alisateur estime avoir fait un choix judicieux en s\u00e9lectionnant cet acteur tr\u00e8s jeune, qui a su apporter une profondeur \u00e9motionnelle remarquable \u00e0 son interpr\u00e9tation. Il souligne \u00e9galement que Sala, n&rsquo;ayant jamais mis les pieds dans une \u00e9glise et \u00e9tant d\u00e9pourvu des contraintes d\u2019une \u00e9ducation catholique, sans \u00eatre non plus juif, et a pu puiser dans une profondeur int\u00e9rieure pour incarner le personnage. <\/span><\/span><\/p>\n<div>\n<figure class=\"image\"><img decoding=\"async\" alt=\"\" height=\"580\" src=\"\/assets\/uploads\/images\/\/Neila\/Rapito%20Barbara-Ronchi-Enea-Sala-Rapito-di-Marco-Bellocchio.jpeg\" width=\"871\"><figcaption><em>Le jeune Edgardo (Enea Sala) et sa maman (Barbara Ronchi) dans le film \u00ab\u00a0Rapito\u00a0\u00bb<\/em><\/figcaption><\/figure>\n<\/div>\n<p>\u00a0<\/p>\n<p>\u00a0<\/p>\n<p><span><span>Marco Bellocchio a r\u00e9v\u00e9l\u00e9 que Steven Spielberg avait \u00e9galement pr\u00e9vu de r\u00e9aliser un film sur l&rsquo;affaire Mortara et avait m\u00eame commenc\u00e9 \u00e0 rep\u00e9rer des lieux en Italie. Cependant, il a finalement abandonn\u00e9 le projet, ouvrant ainsi la voie \u00e0 Bellocchio et son \u00e9quipe, ce qui est pr\u00e9f\u00e9rable, le film devant \u00eatre tourn\u00e9 par des italiens et en langue italienne. Une version am\u00e9ricaine aurait \u00e9t\u00e9 autre et surement moins authentique! <\/span><\/span><\/p>\n<p><span><span><em>Rapito<\/em> plonge le public au c\u0153ur d&rsquo;un \u00e9pisode bouleversant de l&rsquo;histoire italienne. Les performances exceptionnelles des acteurs donnent vie aux personnages avec une intensit\u00e9 \u00e9motionnelle palpable. L&rsquo;esth\u00e9tique soign\u00e9e du film s&rsquo;inspire des grands ma\u00eetres de la peinture pr\u00e9-impressionniste italienne et fran\u00e7aise, tel Eug\u00e8ne Delacroix. Les d\u00e9cors minutieusement reconstitu\u00e9s, les costumes somptueux et les couleurs vives et contrast\u00e9es cr\u00e9ent une atmosph\u00e8re visuelle captivante, transportant le spectateur dans un univers saisissant de r\u00e9alit\u00e9.<\/span><\/span><\/p>\n<p><span><span>S\u00e9lectionn\u00e9 en comp\u00e9tition officielle de la 76\u00e8me \u00e9dition du Festival de Cannes, ce film d&rsquo;une grande beaut\u00e9 m\u00e9rite pleinement sa place et suscite l&rsquo;espoir d&rsquo;une r\u00e9compense bien m\u00e9rit\u00e9e. Retiendra-t-il l&rsquo;attention <a href=\"https:\/\/www.webdo.tn\/fr\/actualite\/culture\/cannes-2023-membres-des-jurys\/205417\">du jury, pr\u00e9sid\u00e9 par Ruben Ostlund<\/a>? On ne peut que l&rsquo;esp\u00e9rer. <\/span><\/span><\/p>\n<p><strong><span><span>Ne\u00efla Driss<\/span><\/span><\/strong><\/p>\n<p><img decoding=\"async\" alt=\"\" height=\"80\" src=\"\/assets\/uploads\/images\/\/Neila\/2023_CANNES_SIGNATURES_WEB_1584x396_01_LINKEDIN%20-%20Petite.jpeg\" width=\"320\"><\/p>\n<p>\u00a0<\/p>\n<\/p><\/div>\n<div class=\"coprs\" style=\"text-align: center\"><\/div><\/div>\n","protected":false},"excerpt":{"rendered":"<p>Le film Rapito (L&rsquo;enl\u00e8vement) du r\u00e9alisateur italien Marco Bellocchio a \u00e9t\u00e9 projet\u00e9 \u00e0 la 76\u00e8me \u00e9dition du Festival de Cannes, plongeant le public au c\u0153ur de l&rsquo;a&#8230;<\/p>\n","protected":false},"author":3164,"featured_media":251049,"comment_status":"open","ping_status":"closed","sticky":false,"template":"","format":"standard","meta":{"footnotes":""},"categories":[2594],"tags":[7127,8383,2627,8382,8381],"class_list":["post-206056","post","type-post","status-publish","format-standard","has-post-thumbnail","hentry","category-culture","tag-cannes-2023","tag-cinema-italien","tag-festival-de-cannes","tag-lenlevement","tag-rapito"],"yoast_head":"<!-- This site is optimized with the Yoast SEO Premium plugin v27.4 (Yoast SEO v27.4) - https:\/\/yoast.com\/product\/yoast-seo-premium-wordpress\/ -->\n<title>Cannes 2023 - Rapito (L&#039;enl\u00e8vement) : Lutte contre l&#039;injustice religieuse dans l&#039;Italie du XIXe Si\u00e8cle<\/title>\n<meta name=\"description\" content=\"Le film Rapito (L&#039;enl\u00e8vement) du r\u00e9alisateur italien Marco Bellocchio a \u00e9t\u00e9 projet\u00e9 \u00e0 la 76\u00e8me \u00e9dition du Festival de Cannes, plongeant le public au c\u0153ur de l&#039;a...\" \/>\n<link rel=\"canonical\" href=\"https:\/\/www.webdo.tn\/fr\/actualite\/culture\/cannes-2023-2\/206056\/\" \/>\n<meta property=\"og:locale\" content=\"fr_FR\" \/>\n<meta property=\"og:type\" content=\"article\" \/>\n<meta property=\"og:title\" content=\"Cannes 2023 - &quot;Rapito (L&#039;enl\u00e8vement)&quot;: Lutte contre l&#039;injustice religieuse dans l&#039;Italie du XIXe Si\u00e8cle\" \/>\n<meta property=\"og:description\" content=\"Le film Rapito (L&#039;enl\u00e8vement) du r\u00e9alisateur italien Marco Bellocchio a \u00e9t\u00e9 projet\u00e9 \u00e0 la 76\u00e8me \u00e9dition du Festival de Cannes, plongeant le public au c\u0153ur de l&#039;a...\" \/>\n<meta property=\"og:url\" content=\"https:\/\/www.webdo.tn\/fr\/actualite\/culture\/cannes-2023-2\/206056\/\" \/>\n<meta property=\"og:site_name\" content=\"webdo\" \/>\n<meta property=\"article:publisher\" content=\"https:\/\/www.facebook.com\/webdotn\" \/>\n<meta property=\"article:author\" content=\"https:\/\/www.facebook.com\/massir.destiniii\/\" \/>\n<meta property=\"article:published_time\" content=\"2023-05-26T06:39:00+00:00\" \/>\n<meta property=\"article:modified_time\" content=\"2025-05-21T08:56:38+00:00\" \/>\n<meta property=\"og:image\" content=\"https:\/\/www.webdo.tn\/fr\/wp-content\/uploads\/2023\/05\/5179e7426ee2180eb8191bb2818fc857.jpeg\" \/>\n\t<meta property=\"og:image:width\" content=\"750\" \/>\n\t<meta property=\"og:image:height\" content=\"400\" \/>\n\t<meta property=\"og:image:type\" content=\"image\/jpeg\" \/>\n<meta name=\"author\" content=\"Ne\u00efla DRISS\" \/>\n<meta name=\"twitter:card\" content=\"summary_large_image\" \/>\n<meta name=\"twitter:creator\" content=\"@https:\/\/x.com\/MassirDestin\" \/>\n<meta name=\"twitter:site\" content=\"@webdo_tn\" \/>\n<meta name=\"twitter:label1\" content=\"\u00c9crit par\" \/>\n\t<meta name=\"twitter:data1\" content=\"Ne\u00efla DRISS\" \/>\n\t<meta name=\"twitter:label2\" content=\"Dur\u00e9e de lecture estim\u00e9e\" \/>\n\t<meta name=\"twitter:data2\" content=\"8 minutes\" \/>\n<script type=\"application\/ld+json\" class=\"yoast-schema-graph\">{\"@context\":\"https:\\\/\\\/schema.org\",\"@graph\":[{\"@type\":\"NewsArticle\",\"@id\":\"https:\\\/\\\/www.webdo.tn\\\/fr\\\/actualite\\\/culture\\\/cannes-2023-2\\\/206056\\\/#article\",\"isPartOf\":{\"@id\":\"https:\\\/\\\/www.webdo.tn\\\/fr\\\/actualite\\\/culture\\\/cannes-2023-2\\\/206056\\\/\"},\"author\":{\"name\":\"Ne\u00efla DRISS\",\"@id\":\"https:\\\/\\\/www.webdo.tn\\\/fr\\\/#\\\/schema\\\/person\\\/60d5ba619ed3f58783b0dc82b7dada80\"},\"headline\":\"Cannes 2023 &#8211; \u00ab\u00a0Rapito (L&rsquo;enl\u00e8vement)\u00a0\u00bb: Lutte contre l&rsquo;injustice religieuse dans l&rsquo;Italie du XIXe Si\u00e8cle\",\"datePublished\":\"2023-05-26T06:39:00+00:00\",\"dateModified\":\"2025-05-21T08:56:38+00:00\",\"mainEntityOfPage\":{\"@id\":\"https:\\\/\\\/www.webdo.tn\\\/fr\\\/actualite\\\/culture\\\/cannes-2023-2\\\/206056\\\/\"},\"wordCount\":1641,\"commentCount\":0,\"publisher\":{\"@id\":\"https:\\\/\\\/www.webdo.tn\\\/fr\\\/#organization\"},\"image\":{\"@id\":\"https:\\\/\\\/www.webdo.tn\\\/fr\\\/actualite\\\/culture\\\/cannes-2023-2\\\/206056\\\/#primaryimage\"},\"thumbnailUrl\":\"https:\\\/\\\/www.webdo.tn\\\/fr\\\/wp-content\\\/uploads\\\/2023\\\/05\\\/5179e7426ee2180eb8191bb2818fc857.jpeg\",\"keywords\":[\"Cannes 2023\",\"Cin\u00e9ma italien\",\"Festival de Cannes\",\"L'enl\u00e8vement\",\"Rapito\"],\"articleSection\":[\"Culture\"],\"inLanguage\":\"fr-FR\"},{\"@type\":\"WebPage\",\"@id\":\"https:\\\/\\\/www.webdo.tn\\\/fr\\\/actualite\\\/culture\\\/cannes-2023-2\\\/206056\\\/\",\"url\":\"https:\\\/\\\/www.webdo.tn\\\/fr\\\/actualite\\\/culture\\\/cannes-2023-2\\\/206056\\\/\",\"name\":\"Cannes 2023 - Rapito (L'enl\u00e8vement) : Lutte contre l'injustice religieuse dans l'Italie du XIXe Si\u00e8cle\",\"isPartOf\":{\"@id\":\"https:\\\/\\\/www.webdo.tn\\\/fr\\\/#website\"},\"primaryImageOfPage\":{\"@id\":\"https:\\\/\\\/www.webdo.tn\\\/fr\\\/actualite\\\/culture\\\/cannes-2023-2\\\/206056\\\/#primaryimage\"},\"image\":{\"@id\":\"https:\\\/\\\/www.webdo.tn\\\/fr\\\/actualite\\\/culture\\\/cannes-2023-2\\\/206056\\\/#primaryimage\"},\"thumbnailUrl\":\"https:\\\/\\\/www.webdo.tn\\\/fr\\\/wp-content\\\/uploads\\\/2023\\\/05\\\/5179e7426ee2180eb8191bb2818fc857.jpeg\",\"datePublished\":\"2023-05-26T06:39:00+00:00\",\"dateModified\":\"2025-05-21T08:56:38+00:00\",\"description\":\"Le film Rapito (L'enl\u00e8vement) du r\u00e9alisateur italien Marco Bellocchio a \u00e9t\u00e9 projet\u00e9 \u00e0 la 76\u00e8me \u00e9dition du Festival de Cannes, plongeant le public au c\u0153ur de l'a...\",\"breadcrumb\":{\"@id\":\"https:\\\/\\\/www.webdo.tn\\\/fr\\\/actualite\\\/culture\\\/cannes-2023-2\\\/206056\\\/#breadcrumb\"},\"inLanguage\":\"fr-FR\",\"potentialAction\":[{\"@type\":\"ReadAction\",\"target\":[\"https:\\\/\\\/www.webdo.tn\\\/fr\\\/actualite\\\/culture\\\/cannes-2023-2\\\/206056\\\/\"]}]},{\"@type\":\"ImageObject\",\"inLanguage\":\"fr-FR\",\"@id\":\"https:\\\/\\\/www.webdo.tn\\\/fr\\\/actualite\\\/culture\\\/cannes-2023-2\\\/206056\\\/#primaryimage\",\"url\":\"https:\\\/\\\/www.webdo.tn\\\/fr\\\/wp-content\\\/uploads\\\/2023\\\/05\\\/5179e7426ee2180eb8191bb2818fc857.jpeg\",\"contentUrl\":\"https:\\\/\\\/www.webdo.tn\\\/fr\\\/wp-content\\\/uploads\\\/2023\\\/05\\\/5179e7426ee2180eb8191bb2818fc857.jpeg\",\"width\":750,\"height\":400,\"caption\":\"Cannes 2023 - \\\"Rapito (L'enl\u00e8vement)\\\": Lutte contre l'injustice religieuse dans l'Italie du XIXe Si\u00e8cle\"},{\"@type\":\"BreadcrumbList\",\"@id\":\"https:\\\/\\\/www.webdo.tn\\\/fr\\\/actualite\\\/culture\\\/cannes-2023-2\\\/206056\\\/#breadcrumb\",\"itemListElement\":[{\"@type\":\"ListItem\",\"position\":1,\"name\":\"Accueil\",\"item\":\"https:\\\/\\\/www.webdo.tn\\\/fr\\\/\"},{\"@type\":\"ListItem\",\"position\":2,\"name\":\"Cannes 2023 &#8211; \u00ab\u00a0Rapito (L&rsquo;enl\u00e8vement)\u00a0\u00bb: Lutte contre l&rsquo;injustice religieuse dans l&rsquo;Italie du XIXe Si\u00e8cle\"}]},{\"@type\":\"WebSite\",\"@id\":\"https:\\\/\\\/www.webdo.tn\\\/fr\\\/#website\",\"url\":\"https:\\\/\\\/www.webdo.tn\\\/fr\\\/\",\"name\":\"webdo\",\"description\":\"Tunisie - News en Tunisie et \u00e0 l&#039;international sur Webdo.tn\",\"publisher\":{\"@id\":\"https:\\\/\\\/www.webdo.tn\\\/fr\\\/#organization\"},\"potentialAction\":[{\"@type\":\"SearchAction\",\"target\":{\"@type\":\"EntryPoint\",\"urlTemplate\":\"https:\\\/\\\/www.webdo.tn\\\/fr\\\/?s={search_term_string}\"},\"query-input\":{\"@type\":\"PropertyValueSpecification\",\"valueRequired\":true,\"valueName\":\"search_term_string\"}}],\"inLanguage\":\"fr-FR\"},{\"@type\":\"Organization\",\"@id\":\"https:\\\/\\\/www.webdo.tn\\\/fr\\\/#organization\",\"name\":\"Webdo\",\"alternateName\":\"Webdo.tn\",\"url\":\"https:\\\/\\\/www.webdo.tn\\\/fr\\\/\",\"logo\":{\"@type\":\"ImageObject\",\"inLanguage\":\"fr-FR\",\"@id\":\"https:\\\/\\\/www.webdo.tn\\\/fr\\\/#\\\/schema\\\/logo\\\/image\\\/\",\"url\":\"https:\\\/\\\/www.webdo.tn\\\/fr\\\/wp-content\\\/uploads\\\/2025\\\/06\\\/Webdo-Tunisie_168377.jpg\",\"contentUrl\":\"https:\\\/\\\/www.webdo.tn\\\/fr\\\/wp-content\\\/uploads\\\/2025\\\/06\\\/Webdo-Tunisie_168377.jpg\",\"width\":301,\"height\":301,\"caption\":\"Webdo\"},\"image\":{\"@id\":\"https:\\\/\\\/www.webdo.tn\\\/fr\\\/#\\\/schema\\\/logo\\\/image\\\/\"},\"sameAs\":[\"https:\\\/\\\/www.facebook.com\\\/webdotn\",\"https:\\\/\\\/x.com\\\/webdo_tn\"],\"description\":\"Webdo est un m\u00e9dia num\u00e9rique tunisien fond\u00e9 en 2010, sp\u00e9cialis\u00e9 dans l\u2019actualit\u00e9 nationale et internationale, l\u2019\u00e9conomie, la soci\u00e9t\u00e9 et les analyses politiques. Le site s\u2019adresse \u00e0 un large public francophone et couvre l\u2019information tunisienne en temps r\u00e9el.\",\"email\":\"redac@webdo.tn\",\"legalName\":\"YNJ SARL\",\"foundingDate\":\"2010-09-06\",\"numberOfEmployees\":{\"@type\":\"QuantitativeValue\",\"minValue\":\"11\",\"maxValue\":\"50\"}},{\"@type\":\"Person\",\"@id\":\"https:\\\/\\\/www.webdo.tn\\\/fr\\\/#\\\/schema\\\/person\\\/60d5ba619ed3f58783b0dc82b7dada80\",\"name\":\"Ne\u00efla DRISS\",\"image\":{\"@type\":\"ImageObject\",\"inLanguage\":\"fr-FR\",\"@id\":\"https:\\\/\\\/www.webdo.tn\\\/fr\\\/wp-content\\\/uploads\\\/2026\\\/04\\\/neila-driss_avatar-96x96.jpg\",\"url\":\"https:\\\/\\\/www.webdo.tn\\\/fr\\\/wp-content\\\/uploads\\\/2026\\\/04\\\/neila-driss_avatar-96x96.jpg\",\"contentUrl\":\"https:\\\/\\\/www.webdo.tn\\\/fr\\\/wp-content\\\/uploads\\\/2026\\\/04\\\/neila-driss_avatar-96x96.jpg\",\"caption\":\"Ne\u00efla DRISS\"},\"description\":\"Ne\u00efla Driss est juriste, journaliste culturelle et critique de cin\u00e9ma tunisienne. Titulaire d\u2019un DEA en droit priv\u00e9 de l\u2019Universit\u00e9 Paris II et d\u2019un DESS de l\u2019IHEC Carthage, elle d\u00e9bute sa carri\u00e8re comme juriste sp\u00e9cialis\u00e9e en gestion de patrimoine immobilier. Elle s\u2019oriente ensuite vers l\u2019\u00e9criture en ligne, o\u00f9 elle se distingue d\u00e8s 2006 aux Tunisia Blog Awards, avant de se consacrer au journalisme culturel, avec une sp\u00e9cialisation dans la critique cin\u00e9matographique. Elle couvre r\u00e9guli\u00e8rement les grands festivals internationaux, notamment le Festival de Cannes, les Journ\u00e9es Cin\u00e9matographiques de Carthage et le Festival du film du Caire. Membre de l\u2019ATPCC et de la FIPRESCI, elle participe \u00e0 des jurys et initiatives internationales de critique. Depuis 2024, elle est \u00e9lectrice internationale aux Golden Globes. Facebook : https:\\\/\\\/www.facebook.com\\\/massir.destiniii\\\/ X : https:\\\/\\\/x.com\\\/MassirDestin\",\"sameAs\":[\"https:\\\/\\\/www.facebook.com\\\/massir.destiniii\\\/\",\"https:\\\/\\\/www.instagram.com\\\/neila.driss\\\/?hl=fr\",\"https:\\\/\\\/www.linkedin.com\\\/in\\\/neila-driss-22606a80\\\/\",\"https:\\\/\\\/x.com\\\/https:\\\/\\\/x.com\\\/MassirDestin\"],\"knowsAbout\":[\"Cin\u00e9ma international\",\"critique cin\u00e9matographique\",\"festivals de cin\u00e9ma\",\"journalisme culturel\"],\"knowsLanguage\":[\"Fran\u00e7ais\",\"Arabe\",\"Anglais\"],\"jobTitle\":\"Journaliste culturelle et critique de cin\u00e9ma\",\"worksFor\":\"Webdo\",\"url\":\"https:\\\/\\\/www.webdo.tn\\\/fr\\\/actualite\\\/author\\\/neila-driss\\\/\"}]}<\/script>\n<!-- \/ Yoast SEO Premium plugin. -->","yoast_head_json":{"title":"Cannes 2023 - Rapito (L'enl\u00e8vement) : Lutte contre l'injustice religieuse dans l'Italie du XIXe Si\u00e8cle","description":"Le film Rapito (L'enl\u00e8vement) du r\u00e9alisateur italien Marco Bellocchio a \u00e9t\u00e9 projet\u00e9 \u00e0 la 76\u00e8me \u00e9dition du Festival de Cannes, plongeant le public au c\u0153ur de l'a...","canonical":"https:\/\/www.webdo.tn\/fr\/actualite\/culture\/cannes-2023-2\/206056\/","og_locale":"fr_FR","og_type":"article","og_title":"Cannes 2023 - \"Rapito (L'enl\u00e8vement)\": Lutte contre l'injustice religieuse dans l'Italie du XIXe Si\u00e8cle","og_description":"Le film Rapito (L'enl\u00e8vement) du r\u00e9alisateur italien Marco Bellocchio a \u00e9t\u00e9 projet\u00e9 \u00e0 la 76\u00e8me \u00e9dition du Festival de Cannes, plongeant le public au c\u0153ur de l'a...","og_url":"https:\/\/www.webdo.tn\/fr\/actualite\/culture\/cannes-2023-2\/206056\/","og_site_name":"webdo","article_publisher":"https:\/\/www.facebook.com\/webdotn","article_author":"https:\/\/www.facebook.com\/massir.destiniii\/","article_published_time":"2023-05-26T06:39:00+00:00","article_modified_time":"2025-05-21T08:56:38+00:00","og_image":[{"width":750,"height":400,"url":"https:\/\/www.webdo.tn\/fr\/wp-content\/uploads\/2023\/05\/5179e7426ee2180eb8191bb2818fc857.jpeg","type":"image\/jpeg"}],"author":"Ne\u00efla DRISS","twitter_card":"summary_large_image","twitter_creator":"@https:\/\/x.com\/MassirDestin","twitter_site":"@webdo_tn","twitter_misc":{"\u00c9crit par":"Ne\u00efla DRISS","Dur\u00e9e de lecture estim\u00e9e":"8 minutes"},"schema":{"@context":"https:\/\/schema.org","@graph":[{"@type":"NewsArticle","@id":"https:\/\/www.webdo.tn\/fr\/actualite\/culture\/cannes-2023-2\/206056\/#article","isPartOf":{"@id":"https:\/\/www.webdo.tn\/fr\/actualite\/culture\/cannes-2023-2\/206056\/"},"author":{"name":"Ne\u00efla DRISS","@id":"https:\/\/www.webdo.tn\/fr\/#\/schema\/person\/60d5ba619ed3f58783b0dc82b7dada80"},"headline":"Cannes 2023 &#8211; \u00ab\u00a0Rapito (L&rsquo;enl\u00e8vement)\u00a0\u00bb: Lutte contre l&rsquo;injustice religieuse dans l&rsquo;Italie du XIXe Si\u00e8cle","datePublished":"2023-05-26T06:39:00+00:00","dateModified":"2025-05-21T08:56:38+00:00","mainEntityOfPage":{"@id":"https:\/\/www.webdo.tn\/fr\/actualite\/culture\/cannes-2023-2\/206056\/"},"wordCount":1641,"commentCount":0,"publisher":{"@id":"https:\/\/www.webdo.tn\/fr\/#organization"},"image":{"@id":"https:\/\/www.webdo.tn\/fr\/actualite\/culture\/cannes-2023-2\/206056\/#primaryimage"},"thumbnailUrl":"https:\/\/www.webdo.tn\/fr\/wp-content\/uploads\/2023\/05\/5179e7426ee2180eb8191bb2818fc857.jpeg","keywords":["Cannes 2023","Cin\u00e9ma italien","Festival de Cannes","L'enl\u00e8vement","Rapito"],"articleSection":["Culture"],"inLanguage":"fr-FR"},{"@type":"WebPage","@id":"https:\/\/www.webdo.tn\/fr\/actualite\/culture\/cannes-2023-2\/206056\/","url":"https:\/\/www.webdo.tn\/fr\/actualite\/culture\/cannes-2023-2\/206056\/","name":"Cannes 2023 - Rapito (L'enl\u00e8vement) : Lutte contre l'injustice religieuse dans l'Italie du XIXe Si\u00e8cle","isPartOf":{"@id":"https:\/\/www.webdo.tn\/fr\/#website"},"primaryImageOfPage":{"@id":"https:\/\/www.webdo.tn\/fr\/actualite\/culture\/cannes-2023-2\/206056\/#primaryimage"},"image":{"@id":"https:\/\/www.webdo.tn\/fr\/actualite\/culture\/cannes-2023-2\/206056\/#primaryimage"},"thumbnailUrl":"https:\/\/www.webdo.tn\/fr\/wp-content\/uploads\/2023\/05\/5179e7426ee2180eb8191bb2818fc857.jpeg","datePublished":"2023-05-26T06:39:00+00:00","dateModified":"2025-05-21T08:56:38+00:00","description":"Le film Rapito (L'enl\u00e8vement) du r\u00e9alisateur italien Marco Bellocchio a \u00e9t\u00e9 projet\u00e9 \u00e0 la 76\u00e8me \u00e9dition du Festival de Cannes, plongeant le public au c\u0153ur de l'a...","breadcrumb":{"@id":"https:\/\/www.webdo.tn\/fr\/actualite\/culture\/cannes-2023-2\/206056\/#breadcrumb"},"inLanguage":"fr-FR","potentialAction":[{"@type":"ReadAction","target":["https:\/\/www.webdo.tn\/fr\/actualite\/culture\/cannes-2023-2\/206056\/"]}]},{"@type":"ImageObject","inLanguage":"fr-FR","@id":"https:\/\/www.webdo.tn\/fr\/actualite\/culture\/cannes-2023-2\/206056\/#primaryimage","url":"https:\/\/www.webdo.tn\/fr\/wp-content\/uploads\/2023\/05\/5179e7426ee2180eb8191bb2818fc857.jpeg","contentUrl":"https:\/\/www.webdo.tn\/fr\/wp-content\/uploads\/2023\/05\/5179e7426ee2180eb8191bb2818fc857.jpeg","width":750,"height":400,"caption":"Cannes 2023 - \"Rapito (L'enl\u00e8vement)\": Lutte contre l'injustice religieuse dans l'Italie du XIXe Si\u00e8cle"},{"@type":"BreadcrumbList","@id":"https:\/\/www.webdo.tn\/fr\/actualite\/culture\/cannes-2023-2\/206056\/#breadcrumb","itemListElement":[{"@type":"ListItem","position":1,"name":"Accueil","item":"https:\/\/www.webdo.tn\/fr\/"},{"@type":"ListItem","position":2,"name":"Cannes 2023 &#8211; \u00ab\u00a0Rapito (L&rsquo;enl\u00e8vement)\u00a0\u00bb: Lutte contre l&rsquo;injustice religieuse dans l&rsquo;Italie du XIXe Si\u00e8cle"}]},{"@type":"WebSite","@id":"https:\/\/www.webdo.tn\/fr\/#website","url":"https:\/\/www.webdo.tn\/fr\/","name":"webdo","description":"Tunisie - News en Tunisie et \u00e0 l&#039;international sur Webdo.tn","publisher":{"@id":"https:\/\/www.webdo.tn\/fr\/#organization"},"potentialAction":[{"@type":"SearchAction","target":{"@type":"EntryPoint","urlTemplate":"https:\/\/www.webdo.tn\/fr\/?s={search_term_string}"},"query-input":{"@type":"PropertyValueSpecification","valueRequired":true,"valueName":"search_term_string"}}],"inLanguage":"fr-FR"},{"@type":"Organization","@id":"https:\/\/www.webdo.tn\/fr\/#organization","name":"Webdo","alternateName":"Webdo.tn","url":"https:\/\/www.webdo.tn\/fr\/","logo":{"@type":"ImageObject","inLanguage":"fr-FR","@id":"https:\/\/www.webdo.tn\/fr\/#\/schema\/logo\/image\/","url":"https:\/\/www.webdo.tn\/fr\/wp-content\/uploads\/2025\/06\/Webdo-Tunisie_168377.jpg","contentUrl":"https:\/\/www.webdo.tn\/fr\/wp-content\/uploads\/2025\/06\/Webdo-Tunisie_168377.jpg","width":301,"height":301,"caption":"Webdo"},"image":{"@id":"https:\/\/www.webdo.tn\/fr\/#\/schema\/logo\/image\/"},"sameAs":["https:\/\/www.facebook.com\/webdotn","https:\/\/x.com\/webdo_tn"],"description":"Webdo est un m\u00e9dia num\u00e9rique tunisien fond\u00e9 en 2010, sp\u00e9cialis\u00e9 dans l\u2019actualit\u00e9 nationale et internationale, l\u2019\u00e9conomie, la soci\u00e9t\u00e9 et les analyses politiques. Le site s\u2019adresse \u00e0 un large public francophone et couvre l\u2019information tunisienne en temps r\u00e9el.","email":"redac@webdo.tn","legalName":"YNJ SARL","foundingDate":"2010-09-06","numberOfEmployees":{"@type":"QuantitativeValue","minValue":"11","maxValue":"50"}},{"@type":"Person","@id":"https:\/\/www.webdo.tn\/fr\/#\/schema\/person\/60d5ba619ed3f58783b0dc82b7dada80","name":"Ne\u00efla DRISS","image":{"@type":"ImageObject","inLanguage":"fr-FR","@id":"https:\/\/www.webdo.tn\/fr\/wp-content\/uploads\/2026\/04\/neila-driss_avatar-96x96.jpg","url":"https:\/\/www.webdo.tn\/fr\/wp-content\/uploads\/2026\/04\/neila-driss_avatar-96x96.jpg","contentUrl":"https:\/\/www.webdo.tn\/fr\/wp-content\/uploads\/2026\/04\/neila-driss_avatar-96x96.jpg","caption":"Ne\u00efla DRISS"},"description":"Ne\u00efla Driss est juriste, journaliste culturelle et critique de cin\u00e9ma tunisienne. Titulaire d\u2019un DEA en droit priv\u00e9 de l\u2019Universit\u00e9 Paris II et d\u2019un DESS de l\u2019IHEC Carthage, elle d\u00e9bute sa carri\u00e8re comme juriste sp\u00e9cialis\u00e9e en gestion de patrimoine immobilier. Elle s\u2019oriente ensuite vers l\u2019\u00e9criture en ligne, o\u00f9 elle se distingue d\u00e8s 2006 aux Tunisia Blog Awards, avant de se consacrer au journalisme culturel, avec une sp\u00e9cialisation dans la critique cin\u00e9matographique. Elle couvre r\u00e9guli\u00e8rement les grands festivals internationaux, notamment le Festival de Cannes, les Journ\u00e9es Cin\u00e9matographiques de Carthage et le Festival du film du Caire. Membre de l\u2019ATPCC et de la FIPRESCI, elle participe \u00e0 des jurys et initiatives internationales de critique. Depuis 2024, elle est \u00e9lectrice internationale aux Golden Globes. Facebook : https:\/\/www.facebook.com\/massir.destiniii\/ X : https:\/\/x.com\/MassirDestin","sameAs":["https:\/\/www.facebook.com\/massir.destiniii\/","https:\/\/www.instagram.com\/neila.driss\/?hl=fr","https:\/\/www.linkedin.com\/in\/neila-driss-22606a80\/","https:\/\/x.com\/https:\/\/x.com\/MassirDestin"],"knowsAbout":["Cin\u00e9ma international","critique cin\u00e9matographique","festivals de cin\u00e9ma","journalisme culturel"],"knowsLanguage":["Fran\u00e7ais","Arabe","Anglais"],"jobTitle":"Journaliste culturelle et critique de cin\u00e9ma","worksFor":"Webdo","url":"https:\/\/www.webdo.tn\/fr\/actualite\/author\/neila-driss\/"}]}},"_links":{"self":[{"href":"https:\/\/www.webdo.tn\/fr\/wp-json\/wp\/v2\/posts\/206056","targetHints":{"allow":["GET"]}}],"collection":[{"href":"https:\/\/www.webdo.tn\/fr\/wp-json\/wp\/v2\/posts"}],"about":[{"href":"https:\/\/www.webdo.tn\/fr\/wp-json\/wp\/v2\/types\/post"}],"author":[{"embeddable":true,"href":"https:\/\/www.webdo.tn\/fr\/wp-json\/wp\/v2\/users\/3164"}],"replies":[{"embeddable":true,"href":"https:\/\/www.webdo.tn\/fr\/wp-json\/wp\/v2\/comments?post=206056"}],"version-history":[{"count":0,"href":"https:\/\/www.webdo.tn\/fr\/wp-json\/wp\/v2\/posts\/206056\/revisions"}],"wp:featuredmedia":[{"embeddable":true,"href":"https:\/\/www.webdo.tn\/fr\/wp-json\/wp\/v2\/media\/251049"}],"wp:attachment":[{"href":"https:\/\/www.webdo.tn\/fr\/wp-json\/wp\/v2\/media?parent=206056"}],"wp:term":[{"taxonomy":"category","embeddable":true,"href":"https:\/\/www.webdo.tn\/fr\/wp-json\/wp\/v2\/categories?post=206056"},{"taxonomy":"post_tag","embeddable":true,"href":"https:\/\/www.webdo.tn\/fr\/wp-json\/wp\/v2\/tags?post=206056"}],"curies":[{"name":"wp","href":"https:\/\/api.w.org\/{rel}","templated":true}]}}