{"id":206044,"date":"2023-05-25T17:57:00","date_gmt":"2023-05-25T17:57:00","guid":{"rendered":"https:\/\/www.webdo.tn\/fr\/blog\/algerie-un-mort-dans-des-inondations-a-l-est-du-pays\/206044\/"},"modified":"2025-05-20T22:43:07","modified_gmt":"2025-05-20T22:43:07","slug":"algerie-un-mort-dans-des-inondations-a-l-est-du-pays","status":"publish","type":"post","link":"https:\/\/www.webdo.tn\/fr\/actualite\/international\/algerie-un-mort-dans-des-inondations-a-l-est-du-pays\/206044\/","title":{"rendered":"Alg\u00e9rie : Un mort dans des inondations \u00e0 l\u2019est du pays"},"content":{"rendered":"<p>Plusieurs routes nationales sont bloqu\u00e9es  en raison d\u2019inondations provoqu\u00e9es par des pluies torrentielles \u00e0 l\u2019est de l\u2019Alg\u00e9rie.<\/p>\n<p>\t\t\t\t\t\t\t\t\tUne fillette a \u00e9galement trouv\u00e9 la mort, emport\u00e9e par les eaux diluviennes, rapportent plusieurs m\u00e9dias alg\u00e9riens.\u00a0<\/p>\n<p>Selon les pr\u00e9visions m\u00e9t\u00e9orologiques, de fortes pluies sont attendues ce jeudi et demain vendredi dans toutes les r\u00e9gions est du pays.\u00a0<\/p>\n<p>Des averses orageuses, avec risque de chute de gr\u00ealons, risquent ainsi de s\u2019abattre sur plusieurs gouvernorats.\u00a0<\/p>\n<p>Le ministre de l\u2019Int\u00e9rieur alg\u00e9rien a pr\u00e9cis\u00e9 que les d\u00e9g\u00e2ts caus\u00e9s par les intemp\u00e9ries ont \u00e9t\u00e9 limit\u00e9s. Les autorit\u00e9s ont pu prendre les mesures n\u00e9cessaires pour prot\u00e9ger les populations et limiter les cons\u00e9quences des pluies torrentielles.<\/p>\n","protected":false},"excerpt":{"rendered":"<p>Plusieurs routes nationales sont bloqu\u00e9es  en raison d\u2019inondations provoqu\u00e9es par des pluies torrentielles \u00e0 l\u2019est de l\u2019Alg\u00e9rie.<\/p>\n","protected":false},"author":3175,"featured_media":251045,"comment_status":"open","ping_status":"closed","sticky":false,"template":"","format":"standard","meta":{"footnotes":""},"categories":[2598],"tags":[2907,3164],"class_list":["post-206044","post","type-post","status-publish","format-standard","has-post-thumbnail","hentry","category-international","tag-algerie","tag-inondations"],"yoast_head":"<!-- This site is optimized with the Yoast SEO Premium plugin v27.5 (Yoast SEO v27.5) - https:\/\/yoast.com\/product\/yoast-seo-premium-wordpress\/ -->\n<title>Alg\u00e9rie : Un mort dans des inondations \u00e0 l\u2019est du pays<\/title>\n<meta name=\"description\" content=\"Plusieurs routes nationales sont bloqu\u00e9es en raison d\u2019inondations provoqu\u00e9es par des pluies torrentielles \u00e0 l\u2019est de l\u2019Alg\u00e9rie.\" \/>\n<link rel=\"canonical\" href=\"https:\/\/www.webdo.tn\/fr\/actualite\/international\/algerie-un-mort-dans-des-inondations-a-l-est-du-pays\/206044\/\" \/>\n<meta property=\"og:locale\" content=\"fr_FR\" \/>\n<meta property=\"og:type\" content=\"article\" \/>\n<meta property=\"og:title\" content=\"Alg\u00e9rie : Un mort dans des inondations \u00e0 l\u2019est du pays\" \/>\n<meta property=\"og:description\" content=\"Plusieurs routes nationales sont bloqu\u00e9es en raison d\u2019inondations provoqu\u00e9es par des pluies torrentielles \u00e0 l\u2019est de l\u2019Alg\u00e9rie.\" \/>\n<meta property=\"og:url\" content=\"https:\/\/www.webdo.tn\/fr\/actualite\/international\/algerie-un-mort-dans-des-inondations-a-l-est-du-pays\/206044\/\" \/>\n<meta property=\"og:site_name\" content=\"webdo\" \/>\n<meta property=\"article:publisher\" content=\"https:\/\/www.facebook.com\/webdotn\" \/>\n<meta property=\"article:published_time\" content=\"2023-05-25T17:57:00+00:00\" \/>\n<meta property=\"article:modified_time\" content=\"2025-05-20T22:43:07+00:00\" \/>\n<meta property=\"og:image\" content=\"https:\/\/www.webdo.tn\/fr\/wp-content\/uploads\/2023\/05\/ef026fb243fc48a6a2f102a8ad43a143.jpg\" \/>\n\t<meta property=\"og:image:width\" content=\"750\" \/>\n\t<meta property=\"og:image:height\" content=\"400\" \/>\n\t<meta property=\"og:image:type\" content=\"image\/jpeg\" \/>\n<meta name=\"author\" content=\"CL\" \/>\n<meta name=\"twitter:card\" content=\"summary_large_image\" \/>\n<meta name=\"twitter:creator\" content=\"@webdo_tn\" \/>\n<meta name=\"twitter:site\" content=\"@webdo_tn\" \/>\n<meta name=\"twitter:label1\" content=\"\u00c9crit par\" \/>\n\t<meta name=\"twitter:data1\" content=\"CL\" \/>\n\t<meta name=\"twitter:label2\" content=\"Dur\u00e9e de lecture estim\u00e9e\" \/>\n\t<meta name=\"twitter:data2\" content=\"1 minute\" \/>\n<script type=\"application\/ld+json\" class=\"yoast-schema-graph\">{\"@context\":\"https:\\\/\\\/schema.org\",\"@graph\":[{\"@type\":\"NewsArticle\",\"@id\":\"https:\\\/\\\/www.webdo.tn\\\/fr\\\/actualite\\\/international\\\/algerie-un-mort-dans-des-inondations-a-l-est-du-pays\\\/206044\\\/#article\",\"isPartOf\":{\"@id\":\"https:\\\/\\\/www.webdo.tn\\\/fr\\\/actualite\\\/international\\\/algerie-un-mort-dans-des-inondations-a-l-est-du-pays\\\/206044\\\/\"},\"author\":{\"name\":\"CL\",\"@id\":\"https:\\\/\\\/www.webdo.tn\\\/fr\\\/#\\\/schema\\\/person\\\/f35b42a42c5e2511bbd282959d6385cc\"},\"headline\":\"Alg\u00e9rie : Un mort dans des inondations \u00e0 l\u2019est du pays\",\"datePublished\":\"2023-05-25T17:57:00+00:00\",\"dateModified\":\"2025-05-20T22:43:07+00:00\",\"mainEntityOfPage\":{\"@id\":\"https:\\\/\\\/www.webdo.tn\\\/fr\\\/actualite\\\/international\\\/algerie-un-mort-dans-des-inondations-a-l-est-du-pays\\\/206044\\\/\"},\"wordCount\":144,\"commentCount\":0,\"publisher\":{\"@id\":\"https:\\\/\\\/www.webdo.tn\\\/fr\\\/#organization\"},\"image\":{\"@id\":\"https:\\\/\\\/www.webdo.tn\\\/fr\\\/actualite\\\/international\\\/algerie-un-mort-dans-des-inondations-a-l-est-du-pays\\\/206044\\\/#primaryimage\"},\"thumbnailUrl\":\"https:\\\/\\\/www.webdo.tn\\\/fr\\\/wp-content\\\/uploads\\\/2023\\\/05\\\/ef026fb243fc48a6a2f102a8ad43a143.jpg\",\"keywords\":[\"Alg\u00e9rie\",\"Inondations\"],\"articleSection\":[\"International\"],\"inLanguage\":\"fr-FR\"},{\"@type\":\"WebPage\",\"@id\":\"https:\\\/\\\/www.webdo.tn\\\/fr\\\/actualite\\\/international\\\/algerie-un-mort-dans-des-inondations-a-l-est-du-pays\\\/206044\\\/\",\"url\":\"https:\\\/\\\/www.webdo.tn\\\/fr\\\/actualite\\\/international\\\/algerie-un-mort-dans-des-inondations-a-l-est-du-pays\\\/206044\\\/\",\"name\":\"Alg\u00e9rie : Un mort dans des inondations \u00e0 l\u2019est du pays\",\"isPartOf\":{\"@id\":\"https:\\\/\\\/www.webdo.tn\\\/fr\\\/#website\"},\"primaryImageOfPage\":{\"@id\":\"https:\\\/\\\/www.webdo.tn\\\/fr\\\/actualite\\\/international\\\/algerie-un-mort-dans-des-inondations-a-l-est-du-pays\\\/206044\\\/#primaryimage\"},\"image\":{\"@id\":\"https:\\\/\\\/www.webdo.tn\\\/fr\\\/actualite\\\/international\\\/algerie-un-mort-dans-des-inondations-a-l-est-du-pays\\\/206044\\\/#primaryimage\"},\"thumbnailUrl\":\"https:\\\/\\\/www.webdo.tn\\\/fr\\\/wp-content\\\/uploads\\\/2023\\\/05\\\/ef026fb243fc48a6a2f102a8ad43a143.jpg\",\"datePublished\":\"2023-05-25T17:57:00+00:00\",\"dateModified\":\"2025-05-20T22:43:07+00:00\",\"description\":\"Plusieurs routes nationales sont bloqu\u00e9es en raison d\u2019inondations provoqu\u00e9es par des pluies torrentielles \u00e0 l\u2019est de l\u2019Alg\u00e9rie.\",\"breadcrumb\":{\"@id\":\"https:\\\/\\\/www.webdo.tn\\\/fr\\\/actualite\\\/international\\\/algerie-un-mort-dans-des-inondations-a-l-est-du-pays\\\/206044\\\/#breadcrumb\"},\"inLanguage\":\"fr-FR\",\"potentialAction\":[{\"@type\":\"ReadAction\",\"target\":[\"https:\\\/\\\/www.webdo.tn\\\/fr\\\/actualite\\\/international\\\/algerie-un-mort-dans-des-inondations-a-l-est-du-pays\\\/206044\\\/\"]}]},{\"@type\":\"ImageObject\",\"inLanguage\":\"fr-FR\",\"@id\":\"https:\\\/\\\/www.webdo.tn\\\/fr\\\/actualite\\\/international\\\/algerie-un-mort-dans-des-inondations-a-l-est-du-pays\\\/206044\\\/#primaryimage\",\"url\":\"https:\\\/\\\/www.webdo.tn\\\/fr\\\/wp-content\\\/uploads\\\/2023\\\/05\\\/ef026fb243fc48a6a2f102a8ad43a143.jpg\",\"contentUrl\":\"https:\\\/\\\/www.webdo.tn\\\/fr\\\/wp-content\\\/uploads\\\/2023\\\/05\\\/ef026fb243fc48a6a2f102a8ad43a143.jpg\",\"width\":750,\"height\":400,\"caption\":\"Alg\u00e9rie : Un mort dans des inondations \u00e0 l\u2019est du pays\"},{\"@type\":\"BreadcrumbList\",\"@id\":\"https:\\\/\\\/www.webdo.tn\\\/fr\\\/actualite\\\/international\\\/algerie-un-mort-dans-des-inondations-a-l-est-du-pays\\\/206044\\\/#breadcrumb\",\"itemListElement\":[{\"@type\":\"ListItem\",\"position\":1,\"name\":\"Accueil\",\"item\":\"https:\\\/\\\/www.webdo.tn\\\/fr\\\/\"},{\"@type\":\"ListItem\",\"position\":2,\"name\":\"Alg\u00e9rie : Un mort dans des inondations \u00e0 l\u2019est du pays\"}]},{\"@type\":\"WebSite\",\"@id\":\"https:\\\/\\\/www.webdo.tn\\\/fr\\\/#website\",\"url\":\"https:\\\/\\\/www.webdo.tn\\\/fr\\\/\",\"name\":\"webdo\",\"description\":\"Tunisie - News en Tunisie et \u00e0 l&#039;international sur Webdo.tn\",\"publisher\":{\"@id\":\"https:\\\/\\\/www.webdo.tn\\\/fr\\\/#organization\"},\"potentialAction\":[{\"@type\":\"SearchAction\",\"target\":{\"@type\":\"EntryPoint\",\"urlTemplate\":\"https:\\\/\\\/www.webdo.tn\\\/fr\\\/?s={search_term_string}\"},\"query-input\":{\"@type\":\"PropertyValueSpecification\",\"valueRequired\":true,\"valueName\":\"search_term_string\"}}],\"inLanguage\":\"fr-FR\"},{\"@type\":\"Organization\",\"@id\":\"https:\\\/\\\/www.webdo.tn\\\/fr\\\/#organization\",\"name\":\"Webdo\",\"alternateName\":\"Webdo.tn\",\"url\":\"https:\\\/\\\/www.webdo.tn\\\/fr\\\/\",\"logo\":{\"@type\":\"ImageObject\",\"inLanguage\":\"fr-FR\",\"@id\":\"https:\\\/\\\/www.webdo.tn\\\/fr\\\/#\\\/schema\\\/logo\\\/image\\\/\",\"url\":\"https:\\\/\\\/www.webdo.tn\\\/fr\\\/wp-content\\\/uploads\\\/2025\\\/06\\\/Webdo-Tunisie_168377.jpg\",\"contentUrl\":\"https:\\\/\\\/www.webdo.tn\\\/fr\\\/wp-content\\\/uploads\\\/2025\\\/06\\\/Webdo-Tunisie_168377.jpg\",\"width\":301,\"height\":301,\"caption\":\"Webdo\"},\"image\":{\"@id\":\"https:\\\/\\\/www.webdo.tn\\\/fr\\\/#\\\/schema\\\/logo\\\/image\\\/\"},\"sameAs\":[\"https:\\\/\\\/www.facebook.com\\\/webdotn\",\"https:\\\/\\\/x.com\\\/webdo_tn\"],\"description\":\"Webdo est un m\u00e9dia num\u00e9rique tunisien fond\u00e9 en 2010, sp\u00e9cialis\u00e9 dans l\u2019actualit\u00e9 nationale et internationale, l\u2019\u00e9conomie, la soci\u00e9t\u00e9 et les analyses politiques. Le site s\u2019adresse \u00e0 un large public francophone et couvre l\u2019information tunisienne en temps r\u00e9el.\",\"email\":\"redac@webdo.tn\",\"legalName\":\"YNJ SARL\",\"foundingDate\":\"2010-09-06\",\"numberOfEmployees\":{\"@type\":\"QuantitativeValue\",\"minValue\":\"11\",\"maxValue\":\"50\"}},{\"@type\":\"Person\",\"@id\":\"https:\\\/\\\/www.webdo.tn\\\/fr\\\/#\\\/schema\\\/person\\\/f35b42a42c5e2511bbd282959d6385cc\",\"name\":\"CL\",\"image\":{\"@type\":\"ImageObject\",\"inLanguage\":\"fr-FR\",\"@id\":\"https:\\\/\\\/secure.gravatar.com\\\/avatar\\\/1447a49909b67aa657c488aec6512e1dd6143a480c1ecfee9b5b5cd74eb3b59e?s=96&d=mm&r=g\",\"url\":\"https:\\\/\\\/secure.gravatar.com\\\/avatar\\\/1447a49909b67aa657c488aec6512e1dd6143a480c1ecfee9b5b5cd74eb3b59e?s=96&d=mm&r=g\",\"contentUrl\":\"https:\\\/\\\/secure.gravatar.com\\\/avatar\\\/1447a49909b67aa657c488aec6512e1dd6143a480c1ecfee9b5b5cd74eb3b59e?s=96&d=mm&r=g\",\"caption\":\"CL\"},\"url\":\"https:\\\/\\\/www.webdo.tn\\\/fr\\\/actualite\\\/author\\\/cl\\\/\"}]}<\/script>\n<!-- \/ Yoast SEO Premium plugin. -->","yoast_head_json":{"title":"Alg\u00e9rie : Un mort dans des inondations \u00e0 l\u2019est du pays","description":"Plusieurs routes nationales sont bloqu\u00e9es en raison d\u2019inondations provoqu\u00e9es par des pluies torrentielles \u00e0 l\u2019est de l\u2019Alg\u00e9rie.","canonical":"https:\/\/www.webdo.tn\/fr\/actualite\/international\/algerie-un-mort-dans-des-inondations-a-l-est-du-pays\/206044\/","og_locale":"fr_FR","og_type":"article","og_title":"Alg\u00e9rie : Un mort dans des inondations \u00e0 l\u2019est du pays","og_description":"Plusieurs routes nationales sont bloqu\u00e9es en raison d\u2019inondations provoqu\u00e9es par des pluies torrentielles \u00e0 l\u2019est de l\u2019Alg\u00e9rie.","og_url":"https:\/\/www.webdo.tn\/fr\/actualite\/international\/algerie-un-mort-dans-des-inondations-a-l-est-du-pays\/206044\/","og_site_name":"webdo","article_publisher":"https:\/\/www.facebook.com\/webdotn","article_published_time":"2023-05-25T17:57:00+00:00","article_modified_time":"2025-05-20T22:43:07+00:00","og_image":[{"width":750,"height":400,"url":"https:\/\/www.webdo.tn\/fr\/wp-content\/uploads\/2023\/05\/ef026fb243fc48a6a2f102a8ad43a143.jpg","type":"image\/jpeg"}],"author":"CL","twitter_card":"summary_large_image","twitter_creator":"@webdo_tn","twitter_site":"@webdo_tn","twitter_misc":{"\u00c9crit par":"CL","Dur\u00e9e de lecture estim\u00e9e":"1 minute"},"schema":{"@context":"https:\/\/schema.org","@graph":[{"@type":"NewsArticle","@id":"https:\/\/www.webdo.tn\/fr\/actualite\/international\/algerie-un-mort-dans-des-inondations-a-l-est-du-pays\/206044\/#article","isPartOf":{"@id":"https:\/\/www.webdo.tn\/fr\/actualite\/international\/algerie-un-mort-dans-des-inondations-a-l-est-du-pays\/206044\/"},"author":{"name":"CL","@id":"https:\/\/www.webdo.tn\/fr\/#\/schema\/person\/f35b42a42c5e2511bbd282959d6385cc"},"headline":"Alg\u00e9rie : Un mort dans des inondations \u00e0 l\u2019est du pays","datePublished":"2023-05-25T17:57:00+00:00","dateModified":"2025-05-20T22:43:07+00:00","mainEntityOfPage":{"@id":"https:\/\/www.webdo.tn\/fr\/actualite\/international\/algerie-un-mort-dans-des-inondations-a-l-est-du-pays\/206044\/"},"wordCount":144,"commentCount":0,"publisher":{"@id":"https:\/\/www.webdo.tn\/fr\/#organization"},"image":{"@id":"https:\/\/www.webdo.tn\/fr\/actualite\/international\/algerie-un-mort-dans-des-inondations-a-l-est-du-pays\/206044\/#primaryimage"},"thumbnailUrl":"https:\/\/www.webdo.tn\/fr\/wp-content\/uploads\/2023\/05\/ef026fb243fc48a6a2f102a8ad43a143.jpg","keywords":["Alg\u00e9rie","Inondations"],"articleSection":["International"],"inLanguage":"fr-FR"},{"@type":"WebPage","@id":"https:\/\/www.webdo.tn\/fr\/actualite\/international\/algerie-un-mort-dans-des-inondations-a-l-est-du-pays\/206044\/","url":"https:\/\/www.webdo.tn\/fr\/actualite\/international\/algerie-un-mort-dans-des-inondations-a-l-est-du-pays\/206044\/","name":"Alg\u00e9rie : Un mort dans des inondations \u00e0 l\u2019est du pays","isPartOf":{"@id":"https:\/\/www.webdo.tn\/fr\/#website"},"primaryImageOfPage":{"@id":"https:\/\/www.webdo.tn\/fr\/actualite\/international\/algerie-un-mort-dans-des-inondations-a-l-est-du-pays\/206044\/#primaryimage"},"image":{"@id":"https:\/\/www.webdo.tn\/fr\/actualite\/international\/algerie-un-mort-dans-des-inondations-a-l-est-du-pays\/206044\/#primaryimage"},"thumbnailUrl":"https:\/\/www.webdo.tn\/fr\/wp-content\/uploads\/2023\/05\/ef026fb243fc48a6a2f102a8ad43a143.jpg","datePublished":"2023-05-25T17:57:00+00:00","dateModified":"2025-05-20T22:43:07+00:00","description":"Plusieurs routes nationales sont bloqu\u00e9es en raison d\u2019inondations provoqu\u00e9es par des pluies torrentielles \u00e0 l\u2019est de l\u2019Alg\u00e9rie.","breadcrumb":{"@id":"https:\/\/www.webdo.tn\/fr\/actualite\/international\/algerie-un-mort-dans-des-inondations-a-l-est-du-pays\/206044\/#breadcrumb"},"inLanguage":"fr-FR","potentialAction":[{"@type":"ReadAction","target":["https:\/\/www.webdo.tn\/fr\/actualite\/international\/algerie-un-mort-dans-des-inondations-a-l-est-du-pays\/206044\/"]}]},{"@type":"ImageObject","inLanguage":"fr-FR","@id":"https:\/\/www.webdo.tn\/fr\/actualite\/international\/algerie-un-mort-dans-des-inondations-a-l-est-du-pays\/206044\/#primaryimage","url":"https:\/\/www.webdo.tn\/fr\/wp-content\/uploads\/2023\/05\/ef026fb243fc48a6a2f102a8ad43a143.jpg","contentUrl":"https:\/\/www.webdo.tn\/fr\/wp-content\/uploads\/2023\/05\/ef026fb243fc48a6a2f102a8ad43a143.jpg","width":750,"height":400,"caption":"Alg\u00e9rie : Un mort dans des inondations \u00e0 l\u2019est du pays"},{"@type":"BreadcrumbList","@id":"https:\/\/www.webdo.tn\/fr\/actualite\/international\/algerie-un-mort-dans-des-inondations-a-l-est-du-pays\/206044\/#breadcrumb","itemListElement":[{"@type":"ListItem","position":1,"name":"Accueil","item":"https:\/\/www.webdo.tn\/fr\/"},{"@type":"ListItem","position":2,"name":"Alg\u00e9rie : Un mort dans des inondations \u00e0 l\u2019est du pays"}]},{"@type":"WebSite","@id":"https:\/\/www.webdo.tn\/fr\/#website","url":"https:\/\/www.webdo.tn\/fr\/","name":"webdo","description":"Tunisie - News en Tunisie et \u00e0 l&#039;international sur Webdo.tn","publisher":{"@id":"https:\/\/www.webdo.tn\/fr\/#organization"},"potentialAction":[{"@type":"SearchAction","target":{"@type":"EntryPoint","urlTemplate":"https:\/\/www.webdo.tn\/fr\/?s={search_term_string}"},"query-input":{"@type":"PropertyValueSpecification","valueRequired":true,"valueName":"search_term_string"}}],"inLanguage":"fr-FR"},{"@type":"Organization","@id":"https:\/\/www.webdo.tn\/fr\/#organization","name":"Webdo","alternateName":"Webdo.tn","url":"https:\/\/www.webdo.tn\/fr\/","logo":{"@type":"ImageObject","inLanguage":"fr-FR","@id":"https:\/\/www.webdo.tn\/fr\/#\/schema\/logo\/image\/","url":"https:\/\/www.webdo.tn\/fr\/wp-content\/uploads\/2025\/06\/Webdo-Tunisie_168377.jpg","contentUrl":"https:\/\/www.webdo.tn\/fr\/wp-content\/uploads\/2025\/06\/Webdo-Tunisie_168377.jpg","width":301,"height":301,"caption":"Webdo"},"image":{"@id":"https:\/\/www.webdo.tn\/fr\/#\/schema\/logo\/image\/"},"sameAs":["https:\/\/www.facebook.com\/webdotn","https:\/\/x.com\/webdo_tn"],"description":"Webdo est un m\u00e9dia num\u00e9rique tunisien fond\u00e9 en 2010, sp\u00e9cialis\u00e9 dans l\u2019actualit\u00e9 nationale et internationale, l\u2019\u00e9conomie, la soci\u00e9t\u00e9 et les analyses politiques. Le site s\u2019adresse \u00e0 un large public francophone et couvre l\u2019information tunisienne en temps r\u00e9el.","email":"redac@webdo.tn","legalName":"YNJ SARL","foundingDate":"2010-09-06","numberOfEmployees":{"@type":"QuantitativeValue","minValue":"11","maxValue":"50"}},{"@type":"Person","@id":"https:\/\/www.webdo.tn\/fr\/#\/schema\/person\/f35b42a42c5e2511bbd282959d6385cc","name":"CL","image":{"@type":"ImageObject","inLanguage":"fr-FR","@id":"https:\/\/secure.gravatar.com\/avatar\/1447a49909b67aa657c488aec6512e1dd6143a480c1ecfee9b5b5cd74eb3b59e?s=96&d=mm&r=g","url":"https:\/\/secure.gravatar.com\/avatar\/1447a49909b67aa657c488aec6512e1dd6143a480c1ecfee9b5b5cd74eb3b59e?s=96&d=mm&r=g","contentUrl":"https:\/\/secure.gravatar.com\/avatar\/1447a49909b67aa657c488aec6512e1dd6143a480c1ecfee9b5b5cd74eb3b59e?s=96&d=mm&r=g","caption":"CL"},"url":"https:\/\/www.webdo.tn\/fr\/actualite\/author\/cl\/"}]}},"_links":{"self":[{"href":"https:\/\/www.webdo.tn\/fr\/wp-json\/wp\/v2\/posts\/206044","targetHints":{"allow":["GET"]}}],"collection":[{"href":"https:\/\/www.webdo.tn\/fr\/wp-json\/wp\/v2\/posts"}],"about":[{"href":"https:\/\/www.webdo.tn\/fr\/wp-json\/wp\/v2\/types\/post"}],"author":[{"embeddable":true,"href":"https:\/\/www.webdo.tn\/fr\/wp-json\/wp\/v2\/users\/3175"}],"replies":[{"embeddable":true,"href":"https:\/\/www.webdo.tn\/fr\/wp-json\/wp\/v2\/comments?post=206044"}],"version-history":[{"count":0,"href":"https:\/\/www.webdo.tn\/fr\/wp-json\/wp\/v2\/posts\/206044\/revisions"}],"wp:featuredmedia":[{"embeddable":true,"href":"https:\/\/www.webdo.tn\/fr\/wp-json\/wp\/v2\/media\/251045"}],"wp:attachment":[{"href":"https:\/\/www.webdo.tn\/fr\/wp-json\/wp\/v2\/media?parent=206044"}],"wp:term":[{"taxonomy":"category","embeddable":true,"href":"https:\/\/www.webdo.tn\/fr\/wp-json\/wp\/v2\/categories?post=206044"},{"taxonomy":"post_tag","embeddable":true,"href":"https:\/\/www.webdo.tn\/fr\/wp-json\/wp\/v2\/tags?post=206044"}],"curies":[{"name":"wp","href":"https:\/\/api.w.org\/{rel}","templated":true}]}}