{"id":206031,"date":"2023-05-25T09:57:00","date_gmt":"2023-05-25T09:57:00","guid":{"rendered":"https:\/\/www.webdo.tn\/fr\/blog\/cannes-2023-terrestrial-verses-le-totalitarisme-du-pouvoir-iranien\/206031\/"},"modified":"2025-05-21T08:57:00","modified_gmt":"2025-05-21T08:57:00","slug":"cannes-2023-terrestrial-verses-le-totalitarisme-du-pouvoir-iranien","status":"publish","type":"post","link":"https:\/\/www.webdo.tn\/fr\/actualite\/culture\/cannes-2023-terrestrial-verses-le-totalitarisme-du-pouvoir-iranien\/206031\/","title":{"rendered":"Cannes 2023 &#8211; \u00ab\u00a0Terrestrial Verses\u00a0\u00bb, le totalitarisme du pouvoir iranien"},"content":{"rendered":"<div class=\"single-body entry-content typography-copy\" itemprop=\"articleBody\">\n<p style=\"font-weight: bold; text-align: justify\">\n\t\t\t\t\t\t\t\t\tCannes 2023 &#8211; Pr\u00e9sent\u00e9 dans la section Un certain regard, \u00ab\u00a0Terrestrial Verses\u00a0\u00bb (Chroniques de T\u00e9h\u00e9ran), r\u00e9alis\u00e9 par Ali Asgari et Alireza Khatami, touche par sa simplicit\u00e9, sa justesse et l&rsquo;\u00e9cho qu&rsquo;il suscite en nous, ayant parfois v\u00e9cu certaines des situations pr\u00e9sent\u00e9es.\n\t\t\t\t\t\t\t\t<\/p>\n<div class=\"coprs\" style=\"text-align: center\"><\/div>\n<div class=\"coprs\" style=\"text-align: justify\">\n<p><span><span>Avant la projection, les r\u00e9alisateurs ont bri\u00e8vement pr\u00e9sent\u00e9 le film : \u00ab\u00a0<em>Ce qui s&rsquo;est pass\u00e9 en Iran il y a 9 mois a fait que l&rsquo;histoire de l&rsquo;Iran peut se diviser en avant et apr\u00e8s. Cela ne signifie pas qu&rsquo;avant il n&rsquo;y avait pas de r\u00e9sistance, il y a eu des d\u00e9cennies de r\u00e9sistance, mais ce qui rend septembre 2022 sp\u00e9cial, c&rsquo;est qu&rsquo;il y a eu un moment qui a cristallis\u00e9 cette r\u00e9sistance, un moment d&rsquo;espoir (\u2026). Dans la po\u00e9sie iranienne, il existe une technique appel\u00e9e \u00ab\u00a0mounadhara\u00a0\u00bb, qui signifie d\u00e9bat, o\u00f9 les personnages engagent un d\u00e9bat. Cette forme de dialogue nous a fascin\u00e9s. Nous avons besoin de dialogue, plus que jamais, un dialogue qui rapproche et unit. Comment amener cette forme au cin\u00e9ma ? Nous avons r\u00e9alis\u00e9 ce film avec d&rsquo;autres amis et nous nous sommes dit que peut-\u00eatre vous nous entendrez. Nous vous invitons \u00e0 le voir, \u00e0 \u00e9couter les histoires, nous esp\u00e9rons que vous pourrez r\u00e9fl\u00e9chir avec elles, et que vous sourirez, voire rirez, car rien ne l\u00e9gitimise l&rsquo;absurdit\u00e9 de l&rsquo;oppression.\u00a0\u00bb<\/em><\/span><\/span><\/p>\n<p>\u00a0<\/p>\n<p><img decoding=\"async\" alt=\"\" height=\"1200\" src=\"\/assets\/uploads\/images\/\/Neila\/tERRESTRIAL%20VERSES.jpg\" width=\"855\"><\/p>\n<p>\u00a0<\/p>\n<p><span><span>\u00c0 travers neuf courts sketchs, les r\u00e9alisateurs pr\u00e9sentent la vie quotidienne des Iraniens en mettant en sc\u00e8ne des femmes, des hommes et des enfants dans des moments en apparence banals, o\u00f9 l&rsquo;absurde vient tout perturber. Chacun de ces personnages est le h\u00e9ros d&rsquo;un sketch, introduit par une carte titre comportant son pr\u00e9nom, tourn\u00e9 en plan-s\u00e9quence fixe, lors d&rsquo;une conversation avec un interlocuteur anonyme, qu\u2019on ne voit jamais, mais qui parle d&rsquo;une voix autoritaire et s\u00e9v\u00e8re. Dans plusieurs cas, cette \u00ab\u00a0voix\u00a0\u00bb repr\u00e9sente le gouvernement bureaucratique et inquisiteur : par exemple, un fonctionnaire qui d\u00e9livre les permis de conduire interroge grossi\u00e8rement le citoyen sur ses tatouages, les jugeant anormaux et presque immoraux, un policier reproche \u00e0 une jeune femme de conduire sa voiture sans voile pour cacher ses cheveux, un fonctionnaire de l&rsquo;\u00e9tat civil qui enregistre les naissances reproche au citoyen le pr\u00e9nom choisi, trop occidental, etc. <\/span><\/span><\/p>\n<p><span><span>Tous ces sketches ont un point commun : ils montrent les pires absurdit\u00e9s provoqu\u00e9es par la privation de libert\u00e9 en Iran : ne pas avoir le droit de choisir le pr\u00e9nom de son propre enfant, ne pas avoir le droit de sortir sans voile, ne pas avoir le droit de disposer librement de son propre corps, ne pas avoir le droit de ne pas pratiquer sa religion, ne pas avoir le droit d&rsquo;\u00e9crire ce que l&rsquo;on veut, ne pas avoir le droit de choisir le th\u00e8me de son propre film, etc.<\/span><\/span><\/p>\n<p><span><span>Le sketch de la petite \u00e9coli\u00e8re est particuli\u00e8rement choquant. En Iran, toutes les filles\/femmes sont oblig\u00e9es de se voiler d\u00e8s l\u2019\u00e2ge de 7ans. On voit donc une petite fille dans un magasin, portant un jogging, un casque sur les oreilles, esquissant des pas de danse. Ensuite, comme elle a atteint l\u2019\u00e2ge et qu\u2019elle va int\u00e9grer l\u2019\u00e9cole, sa maman doit lui acheter les v\u00eatements ad\u00e9quats. Suivant les conseils de la vendeuse, cette enfant joyeuse va se transformer en fant\u00f4me gris et triste. Le jogging est recouvert d\u2019un manteau terne et long, les cheveux sont cach\u00e9s par un voile couvrant, le tout est recouvert d\u2019un tchador. La petite fille n\u2019est plus que l\u2019ombre d\u2019elle-m\u00eame.<\/span><\/span><\/p>\n<p><span><span>Pareil pour le sketch du sc\u00e9nariste qui voit son sc\u00e9nario saucissonn\u00e9 petit \u00e0 petit. Une censure s\u00e9v\u00e8re et illogique, une censure opprimante. Le censeur ne veut rien comprendre, il faut couper l\u00e0, et l\u00e0, et encore l\u00e0. L\u2019histoire n\u2019a plus de sens\u00a0? Ce n\u2019est pas grave, on peut la changer. Exc\u00e9d\u00e9, le sc\u00e9nariste propose d\u2019\u00e9crire un film en suivant scrupuleusement des faits racont\u00e9s par des versets coraniques, mais le censeur les d\u00e9sapprouve quand m\u00eame et coupe encore cet encore.<\/span><\/span><\/p>\n<p><span><span>On remarque aussi une progression dans l\u2019\u00e2ge des personnages\u00a0: un nouveau-n\u00e9, une enfant, une lyc\u00e9enne, une jeune adulte, et ainsi de suite jusqu&rsquo;\u00e0 un vieillard. Cette progression symbolise avec habilet\u00e9 qu&rsquo;un Iranien est priv\u00e9 de ses libert\u00e9s tout au long de sa vie, de sa naissance \u00e0 sa vieillesse,\u00a0 et qu&rsquo;il ne pourra jamais vivre librement. Il s&rsquo;agit d&rsquo;une th\u00e9matique extr\u00eamement sombre et triste, et les deux cin\u00e9astes l&rsquo;illustrent avec une forme rarement vue au cin\u00e9ma. Durant chaque plan-s\u00e9quence, la discussion n&rsquo;est montr\u00e9e que du point de vue du personnage, et l&rsquo;interlocuteur n&rsquo;est jamais visible. Les r\u00e9alisateurs montrent ainsi la froideur et l&rsquo;absence d&#8217;empathie de la soci\u00e9t\u00e9 iranienne, dont le pire est ici d\u00e9peint. Et les propos de l&rsquo;interlocuteur sont \u00e0 chaque fois d&rsquo;une violence rageante. Il n&rsquo;est pas difficile d&rsquo;imaginer le peuple iranien se r\u00e9volter lorsque de telles sc\u00e8nes d&rsquo;humiliation font partie de son quotidien. D&rsquo;ailleurs, toutes ces petites histoires sont inspir\u00e9es de t\u00e9moignages r\u00e9els, comme l&rsquo;ont pr\u00e9cis\u00e9 Ali Asgari et Alireza Khatami avant la projection \u00e0 Cannes. Et on peut facilement les croire, car de telles situations peuvent aussi se pr\u00e9senter dans nos pays arabo-musulmans.<\/span><\/span><\/p>\n<p><span><span>Ce qui fait mal, est que certains de ces sketches pourraient \u00e9galement concerner les Tunisiens, d\u00e8s le premier, qui montre un p\u00e8re qui veut nommer son fils David, mais se voit refuser ce choix parce que c&rsquo;est un pr\u00e9nom \u00ab\u00a0occidental\u00a0\u00bb, autrement dit non musulman. Ou le sketch de l&rsquo;entretien d&#8217;embauche, o\u00f9 l&#8217;employeur, en apparence parfait, s&rsquo;av\u00e8re \u00eatre un harceleur. Ou encore le fonctionnaire qui se m\u00eale de la vie priv\u00e9e, voire intime, des gens, ou un autre qui pose des questions indiscr\u00e8tes sur la pratique religieuse. Au nom de quoi ? De quel droit s&rsquo;immiscent-ils ainsi dans la vie priv\u00e9e des individus ? Quand donc apprendrons-nous dans nos pays \u00e0 respecter la sph\u00e8re priv\u00e9e de chaque citoyen\u00a0?<\/span><\/span><\/p>\n<p><span><span>Depuis septembre 2022, les iraniens se battent sans rel\u00e2che pour essayer de conqu\u00e9rir certains de ces droits et libert\u00e9s, m\u00eame \u00e9l\u00e9mentaires. Chaque acte et geste compte.<\/span><\/span><\/p>\n<div>\n<figure class=\"image\"><img decoding=\"async\" alt=\"\" height=\"582\" src=\"\/assets\/uploads\/images\/\/Neila\/sADAF%20aSGARI.jpeg\" width=\"874\"><figcaption><em>Les actrices iraniennes Faezeh Rad et Sadaf Asgari \u00e0 Cannes 2023<\/em><\/figcaption><\/figure>\n<\/div>\n<p>\u00a0<\/p>\n<p><span><span>L\u2019actrice Sadaf Asgari, pr\u00e9sente \u00e0 la premi\u00e8re, portait une robe courte et n\u2019\u00e9tait pas voil\u00e9e. Interrog\u00e9e, elle a confirm\u00e9 qu\u2019elle habitait en Iran. Ne craignait-elle pas les repr\u00e9sailles \u00e0 son retour\u00a0? Si a-elle confirm\u00e9. En s\u2019habillant ainsi, elle mettait m\u00eame sa vie en danger. Mais cela en vaut la peine, a-elle ajout\u00e9.<\/span><\/span><\/p>\n<p><span><span>Quel exemple de courage de la part de ces iraniennes\u00a0!!!<\/span><\/span><\/p>\n<p><strong><span><span>Ne\u00efla Driss<\/span><\/span><\/strong><\/p>\n<p><img decoding=\"async\" alt=\"\" height=\"80\" src=\"\/assets\/uploads\/images\/\/Neila\/2023_CANNES_SIGNATURES_WEB_1584x396_01_LINKEDIN%20-%20Petite.jpeg\" width=\"320\"><\/p>\n<p>\u00a0<\/p>\n<p>\u00a0<\/p>\n<p>\u00a0<\/p>\n<\/p><\/div>\n<div class=\"coprs\" style=\"text-align: center\"><\/div><\/div>\n","protected":false},"excerpt":{"rendered":"<p>Pr\u00e9sent\u00e9 dans la section Un certain regard, Terrestrial Verses (Chroniques de T\u00e9h\u00e9ran), r\u00e9alis\u00e9 par Ali Asgari et Alireza Khatami, touche par sa simplicit\u00e9, sa&#8230;<\/p>\n","protected":false},"author":3164,"featured_media":278249,"comment_status":"open","ping_status":"closed","sticky":false,"template":"","format":"standard","meta":{"footnotes":""},"categories":[2594],"tags":[7127,2627],"class_list":["post-206031","post","type-post","status-publish","format-standard","has-post-thumbnail","hentry","category-culture","tag-cannes-2023","tag-festival-de-cannes"],"yoast_head":"<!-- This site is optimized with the Yoast SEO Premium plugin v27.4 (Yoast SEO v27.4) - https:\/\/yoast.com\/product\/yoast-seo-premium-wordpress\/ -->\n<title>Cannes 2023 - Terrestrial Verses , le totalitarisme du pouvoir iranien<\/title>\n<meta name=\"description\" content=\"Pr\u00e9sent\u00e9 dans la section Un certain regard, Terrestrial Verses (Chroniques de T\u00e9h\u00e9ran), r\u00e9alis\u00e9 par Ali Asgari et Alireza Khatami, touche par sa simplicit\u00e9, sa...\" \/>\n<link rel=\"canonical\" href=\"https:\/\/www.webdo.tn\/fr\/actualite\/culture\/cannes-2023-terrestrial-verses-le-totalitarisme-du-pouvoir-iranien\/206031\/\" \/>\n<meta property=\"og:locale\" content=\"fr_FR\" \/>\n<meta property=\"og:type\" content=\"article\" \/>\n<meta property=\"og:title\" content=\"Cannes 2023 - &quot;Terrestrial Verses&quot;, le totalitarisme du pouvoir iranien\" \/>\n<meta property=\"og:description\" content=\"Pr\u00e9sent\u00e9 dans la section Un certain regard, Terrestrial Verses (Chroniques de T\u00e9h\u00e9ran), r\u00e9alis\u00e9 par Ali Asgari et Alireza Khatami, touche par sa simplicit\u00e9, sa...\" \/>\n<meta property=\"og:url\" content=\"https:\/\/www.webdo.tn\/fr\/actualite\/culture\/cannes-2023-terrestrial-verses-le-totalitarisme-du-pouvoir-iranien\/206031\/\" \/>\n<meta property=\"og:site_name\" content=\"webdo\" \/>\n<meta property=\"article:publisher\" content=\"https:\/\/www.facebook.com\/webdotn\" \/>\n<meta property=\"article:author\" content=\"https:\/\/www.facebook.com\/massir.destiniii\/\" \/>\n<meta property=\"article:published_time\" content=\"2023-05-25T09:57:00+00:00\" \/>\n<meta property=\"article:modified_time\" content=\"2025-05-21T08:57:00+00:00\" \/>\n<meta property=\"og:image\" content=\"https:\/\/www.webdo.tn\/fr\/wp-content\/uploads\/2023\/05\/f4e2f07dfbe252bb389c50fd675e58f5.jpeg\" \/>\n\t<meta property=\"og:image:width\" content=\"750\" \/>\n\t<meta property=\"og:image:height\" content=\"400\" \/>\n\t<meta property=\"og:image:type\" content=\"image\/jpeg\" \/>\n<meta name=\"author\" content=\"Ne\u00efla DRISS\" \/>\n<meta name=\"twitter:card\" content=\"summary_large_image\" \/>\n<meta name=\"twitter:creator\" content=\"@https:\/\/x.com\/MassirDestin\" \/>\n<meta name=\"twitter:site\" content=\"@webdo_tn\" \/>\n<meta name=\"twitter:label1\" content=\"\u00c9crit par\" \/>\n\t<meta name=\"twitter:data1\" content=\"Ne\u00efla DRISS\" \/>\n\t<meta name=\"twitter:label2\" content=\"Dur\u00e9e de lecture estim\u00e9e\" \/>\n\t<meta name=\"twitter:data2\" content=\"6 minutes\" \/>\n<script type=\"application\/ld+json\" class=\"yoast-schema-graph\">{\"@context\":\"https:\\\/\\\/schema.org\",\"@graph\":[{\"@type\":\"NewsArticle\",\"@id\":\"https:\\\/\\\/www.webdo.tn\\\/fr\\\/actualite\\\/culture\\\/cannes-2023-terrestrial-verses-le-totalitarisme-du-pouvoir-iranien\\\/206031\\\/#article\",\"isPartOf\":{\"@id\":\"https:\\\/\\\/www.webdo.tn\\\/fr\\\/actualite\\\/culture\\\/cannes-2023-terrestrial-verses-le-totalitarisme-du-pouvoir-iranien\\\/206031\\\/\"},\"author\":{\"name\":\"Ne\u00efla DRISS\",\"@id\":\"https:\\\/\\\/www.webdo.tn\\\/fr\\\/#\\\/schema\\\/person\\\/60d5ba619ed3f58783b0dc82b7dada80\"},\"headline\":\"Cannes 2023 &#8211; \u00ab\u00a0Terrestrial Verses\u00a0\u00bb, le totalitarisme du pouvoir iranien\",\"datePublished\":\"2023-05-25T09:57:00+00:00\",\"dateModified\":\"2025-05-21T08:57:00+00:00\",\"mainEntityOfPage\":{\"@id\":\"https:\\\/\\\/www.webdo.tn\\\/fr\\\/actualite\\\/culture\\\/cannes-2023-terrestrial-verses-le-totalitarisme-du-pouvoir-iranien\\\/206031\\\/\"},\"wordCount\":1196,\"commentCount\":0,\"publisher\":{\"@id\":\"https:\\\/\\\/www.webdo.tn\\\/fr\\\/#organization\"},\"image\":{\"@id\":\"https:\\\/\\\/www.webdo.tn\\\/fr\\\/actualite\\\/culture\\\/cannes-2023-terrestrial-verses-le-totalitarisme-du-pouvoir-iranien\\\/206031\\\/#primaryimage\"},\"thumbnailUrl\":\"https:\\\/\\\/www.webdo.tn\\\/fr\\\/wp-content\\\/uploads\\\/2023\\\/05\\\/f4e2f07dfbe252bb389c50fd675e58f5.jpeg\",\"keywords\":[\"Cannes 2023\",\"Festival de Cannes\"],\"articleSection\":[\"Culture\"],\"inLanguage\":\"fr-FR\"},{\"@type\":\"WebPage\",\"@id\":\"https:\\\/\\\/www.webdo.tn\\\/fr\\\/actualite\\\/culture\\\/cannes-2023-terrestrial-verses-le-totalitarisme-du-pouvoir-iranien\\\/206031\\\/\",\"url\":\"https:\\\/\\\/www.webdo.tn\\\/fr\\\/actualite\\\/culture\\\/cannes-2023-terrestrial-verses-le-totalitarisme-du-pouvoir-iranien\\\/206031\\\/\",\"name\":\"Cannes 2023 - Terrestrial Verses , le totalitarisme du pouvoir iranien\",\"isPartOf\":{\"@id\":\"https:\\\/\\\/www.webdo.tn\\\/fr\\\/#website\"},\"primaryImageOfPage\":{\"@id\":\"https:\\\/\\\/www.webdo.tn\\\/fr\\\/actualite\\\/culture\\\/cannes-2023-terrestrial-verses-le-totalitarisme-du-pouvoir-iranien\\\/206031\\\/#primaryimage\"},\"image\":{\"@id\":\"https:\\\/\\\/www.webdo.tn\\\/fr\\\/actualite\\\/culture\\\/cannes-2023-terrestrial-verses-le-totalitarisme-du-pouvoir-iranien\\\/206031\\\/#primaryimage\"},\"thumbnailUrl\":\"https:\\\/\\\/www.webdo.tn\\\/fr\\\/wp-content\\\/uploads\\\/2023\\\/05\\\/f4e2f07dfbe252bb389c50fd675e58f5.jpeg\",\"datePublished\":\"2023-05-25T09:57:00+00:00\",\"dateModified\":\"2025-05-21T08:57:00+00:00\",\"description\":\"Pr\u00e9sent\u00e9 dans la section Un certain regard, Terrestrial Verses (Chroniques de T\u00e9h\u00e9ran), r\u00e9alis\u00e9 par Ali Asgari et Alireza Khatami, touche par sa simplicit\u00e9, sa...\",\"breadcrumb\":{\"@id\":\"https:\\\/\\\/www.webdo.tn\\\/fr\\\/actualite\\\/culture\\\/cannes-2023-terrestrial-verses-le-totalitarisme-du-pouvoir-iranien\\\/206031\\\/#breadcrumb\"},\"inLanguage\":\"fr-FR\",\"potentialAction\":[{\"@type\":\"ReadAction\",\"target\":[\"https:\\\/\\\/www.webdo.tn\\\/fr\\\/actualite\\\/culture\\\/cannes-2023-terrestrial-verses-le-totalitarisme-du-pouvoir-iranien\\\/206031\\\/\"]}]},{\"@type\":\"ImageObject\",\"inLanguage\":\"fr-FR\",\"@id\":\"https:\\\/\\\/www.webdo.tn\\\/fr\\\/actualite\\\/culture\\\/cannes-2023-terrestrial-verses-le-totalitarisme-du-pouvoir-iranien\\\/206031\\\/#primaryimage\",\"url\":\"https:\\\/\\\/www.webdo.tn\\\/fr\\\/wp-content\\\/uploads\\\/2023\\\/05\\\/f4e2f07dfbe252bb389c50fd675e58f5.jpeg\",\"contentUrl\":\"https:\\\/\\\/www.webdo.tn\\\/fr\\\/wp-content\\\/uploads\\\/2023\\\/05\\\/f4e2f07dfbe252bb389c50fd675e58f5.jpeg\",\"width\":750,\"height\":400,\"caption\":\"Cannes 2023 - \\\"Terrestrial Verses\\\", le totalitarisme du pouvoir iranien\"},{\"@type\":\"BreadcrumbList\",\"@id\":\"https:\\\/\\\/www.webdo.tn\\\/fr\\\/actualite\\\/culture\\\/cannes-2023-terrestrial-verses-le-totalitarisme-du-pouvoir-iranien\\\/206031\\\/#breadcrumb\",\"itemListElement\":[{\"@type\":\"ListItem\",\"position\":1,\"name\":\"Accueil\",\"item\":\"https:\\\/\\\/www.webdo.tn\\\/fr\\\/\"},{\"@type\":\"ListItem\",\"position\":2,\"name\":\"Cannes 2023 &#8211; \u00ab\u00a0Terrestrial Verses\u00a0\u00bb, le totalitarisme du pouvoir iranien\"}]},{\"@type\":\"WebSite\",\"@id\":\"https:\\\/\\\/www.webdo.tn\\\/fr\\\/#website\",\"url\":\"https:\\\/\\\/www.webdo.tn\\\/fr\\\/\",\"name\":\"webdo\",\"description\":\"Tunisie - News en Tunisie et \u00e0 l&#039;international sur Webdo.tn\",\"publisher\":{\"@id\":\"https:\\\/\\\/www.webdo.tn\\\/fr\\\/#organization\"},\"potentialAction\":[{\"@type\":\"SearchAction\",\"target\":{\"@type\":\"EntryPoint\",\"urlTemplate\":\"https:\\\/\\\/www.webdo.tn\\\/fr\\\/?s={search_term_string}\"},\"query-input\":{\"@type\":\"PropertyValueSpecification\",\"valueRequired\":true,\"valueName\":\"search_term_string\"}}],\"inLanguage\":\"fr-FR\"},{\"@type\":\"Organization\",\"@id\":\"https:\\\/\\\/www.webdo.tn\\\/fr\\\/#organization\",\"name\":\"Webdo\",\"alternateName\":\"Webdo.tn\",\"url\":\"https:\\\/\\\/www.webdo.tn\\\/fr\\\/\",\"logo\":{\"@type\":\"ImageObject\",\"inLanguage\":\"fr-FR\",\"@id\":\"https:\\\/\\\/www.webdo.tn\\\/fr\\\/#\\\/schema\\\/logo\\\/image\\\/\",\"url\":\"https:\\\/\\\/www.webdo.tn\\\/fr\\\/wp-content\\\/uploads\\\/2025\\\/06\\\/Webdo-Tunisie_168377.jpg\",\"contentUrl\":\"https:\\\/\\\/www.webdo.tn\\\/fr\\\/wp-content\\\/uploads\\\/2025\\\/06\\\/Webdo-Tunisie_168377.jpg\",\"width\":301,\"height\":301,\"caption\":\"Webdo\"},\"image\":{\"@id\":\"https:\\\/\\\/www.webdo.tn\\\/fr\\\/#\\\/schema\\\/logo\\\/image\\\/\"},\"sameAs\":[\"https:\\\/\\\/www.facebook.com\\\/webdotn\",\"https:\\\/\\\/x.com\\\/webdo_tn\"],\"description\":\"Webdo est un m\u00e9dia num\u00e9rique tunisien fond\u00e9 en 2010, sp\u00e9cialis\u00e9 dans l\u2019actualit\u00e9 nationale et internationale, l\u2019\u00e9conomie, la soci\u00e9t\u00e9 et les analyses politiques. Le site s\u2019adresse \u00e0 un large public francophone et couvre l\u2019information tunisienne en temps r\u00e9el.\",\"email\":\"redac@webdo.tn\",\"legalName\":\"YNJ SARL\",\"foundingDate\":\"2010-09-06\",\"numberOfEmployees\":{\"@type\":\"QuantitativeValue\",\"minValue\":\"11\",\"maxValue\":\"50\"}},{\"@type\":\"Person\",\"@id\":\"https:\\\/\\\/www.webdo.tn\\\/fr\\\/#\\\/schema\\\/person\\\/60d5ba619ed3f58783b0dc82b7dada80\",\"name\":\"Ne\u00efla DRISS\",\"image\":{\"@type\":\"ImageObject\",\"inLanguage\":\"fr-FR\",\"@id\":\"https:\\\/\\\/www.webdo.tn\\\/fr\\\/wp-content\\\/uploads\\\/2026\\\/04\\\/neila-driss_avatar-96x96.jpg\",\"url\":\"https:\\\/\\\/www.webdo.tn\\\/fr\\\/wp-content\\\/uploads\\\/2026\\\/04\\\/neila-driss_avatar-96x96.jpg\",\"contentUrl\":\"https:\\\/\\\/www.webdo.tn\\\/fr\\\/wp-content\\\/uploads\\\/2026\\\/04\\\/neila-driss_avatar-96x96.jpg\",\"caption\":\"Ne\u00efla DRISS\"},\"description\":\"Ne\u00efla Driss est juriste, journaliste culturelle et critique de cin\u00e9ma tunisienne. Titulaire d\u2019un DEA en droit priv\u00e9 de l\u2019Universit\u00e9 Paris II et d\u2019un DESS de l\u2019IHEC Carthage, elle d\u00e9bute sa carri\u00e8re comme juriste sp\u00e9cialis\u00e9e en gestion de patrimoine immobilier. Elle s\u2019oriente ensuite vers l\u2019\u00e9criture en ligne, o\u00f9 elle se distingue d\u00e8s 2006 aux Tunisia Blog Awards, avant de se consacrer au journalisme culturel, avec une sp\u00e9cialisation dans la critique cin\u00e9matographique. Elle couvre r\u00e9guli\u00e8rement les grands festivals internationaux, notamment le Festival de Cannes, les Journ\u00e9es Cin\u00e9matographiques de Carthage et le Festival du film du Caire. Membre de l\u2019ATPCC et de la FIPRESCI, elle participe \u00e0 des jurys et initiatives internationales de critique. Depuis 2024, elle est \u00e9lectrice internationale aux Golden Globes. Facebook : https:\\\/\\\/www.facebook.com\\\/massir.destiniii\\\/ X : https:\\\/\\\/x.com\\\/MassirDestin\",\"sameAs\":[\"https:\\\/\\\/www.facebook.com\\\/massir.destiniii\\\/\",\"https:\\\/\\\/www.instagram.com\\\/neila.driss\\\/?hl=fr\",\"https:\\\/\\\/www.linkedin.com\\\/in\\\/neila-driss-22606a80\\\/\",\"https:\\\/\\\/x.com\\\/https:\\\/\\\/x.com\\\/MassirDestin\"],\"knowsAbout\":[\"Cin\u00e9ma international\",\"critique cin\u00e9matographique\",\"festivals de cin\u00e9ma\",\"journalisme culturel\"],\"knowsLanguage\":[\"Fran\u00e7ais\",\"Arabe\",\"Anglais\"],\"jobTitle\":\"Journaliste culturelle et critique de cin\u00e9ma\",\"worksFor\":\"Webdo\",\"url\":\"https:\\\/\\\/www.webdo.tn\\\/fr\\\/actualite\\\/author\\\/neila-driss\\\/\"}]}<\/script>\n<!-- \/ Yoast SEO Premium plugin. -->","yoast_head_json":{"title":"Cannes 2023 - Terrestrial Verses , le totalitarisme du pouvoir iranien","description":"Pr\u00e9sent\u00e9 dans la section Un certain regard, Terrestrial Verses (Chroniques de T\u00e9h\u00e9ran), r\u00e9alis\u00e9 par Ali Asgari et Alireza Khatami, touche par sa simplicit\u00e9, sa...","canonical":"https:\/\/www.webdo.tn\/fr\/actualite\/culture\/cannes-2023-terrestrial-verses-le-totalitarisme-du-pouvoir-iranien\/206031\/","og_locale":"fr_FR","og_type":"article","og_title":"Cannes 2023 - \"Terrestrial Verses\", le totalitarisme du pouvoir iranien","og_description":"Pr\u00e9sent\u00e9 dans la section Un certain regard, Terrestrial Verses (Chroniques de T\u00e9h\u00e9ran), r\u00e9alis\u00e9 par Ali Asgari et Alireza Khatami, touche par sa simplicit\u00e9, sa...","og_url":"https:\/\/www.webdo.tn\/fr\/actualite\/culture\/cannes-2023-terrestrial-verses-le-totalitarisme-du-pouvoir-iranien\/206031\/","og_site_name":"webdo","article_publisher":"https:\/\/www.facebook.com\/webdotn","article_author":"https:\/\/www.facebook.com\/massir.destiniii\/","article_published_time":"2023-05-25T09:57:00+00:00","article_modified_time":"2025-05-21T08:57:00+00:00","og_image":[{"width":750,"height":400,"url":"https:\/\/www.webdo.tn\/fr\/wp-content\/uploads\/2023\/05\/f4e2f07dfbe252bb389c50fd675e58f5.jpeg","type":"image\/jpeg"}],"author":"Ne\u00efla DRISS","twitter_card":"summary_large_image","twitter_creator":"@https:\/\/x.com\/MassirDestin","twitter_site":"@webdo_tn","twitter_misc":{"\u00c9crit par":"Ne\u00efla DRISS","Dur\u00e9e de lecture estim\u00e9e":"6 minutes"},"schema":{"@context":"https:\/\/schema.org","@graph":[{"@type":"NewsArticle","@id":"https:\/\/www.webdo.tn\/fr\/actualite\/culture\/cannes-2023-terrestrial-verses-le-totalitarisme-du-pouvoir-iranien\/206031\/#article","isPartOf":{"@id":"https:\/\/www.webdo.tn\/fr\/actualite\/culture\/cannes-2023-terrestrial-verses-le-totalitarisme-du-pouvoir-iranien\/206031\/"},"author":{"name":"Ne\u00efla DRISS","@id":"https:\/\/www.webdo.tn\/fr\/#\/schema\/person\/60d5ba619ed3f58783b0dc82b7dada80"},"headline":"Cannes 2023 &#8211; \u00ab\u00a0Terrestrial Verses\u00a0\u00bb, le totalitarisme du pouvoir iranien","datePublished":"2023-05-25T09:57:00+00:00","dateModified":"2025-05-21T08:57:00+00:00","mainEntityOfPage":{"@id":"https:\/\/www.webdo.tn\/fr\/actualite\/culture\/cannes-2023-terrestrial-verses-le-totalitarisme-du-pouvoir-iranien\/206031\/"},"wordCount":1196,"commentCount":0,"publisher":{"@id":"https:\/\/www.webdo.tn\/fr\/#organization"},"image":{"@id":"https:\/\/www.webdo.tn\/fr\/actualite\/culture\/cannes-2023-terrestrial-verses-le-totalitarisme-du-pouvoir-iranien\/206031\/#primaryimage"},"thumbnailUrl":"https:\/\/www.webdo.tn\/fr\/wp-content\/uploads\/2023\/05\/f4e2f07dfbe252bb389c50fd675e58f5.jpeg","keywords":["Cannes 2023","Festival de Cannes"],"articleSection":["Culture"],"inLanguage":"fr-FR"},{"@type":"WebPage","@id":"https:\/\/www.webdo.tn\/fr\/actualite\/culture\/cannes-2023-terrestrial-verses-le-totalitarisme-du-pouvoir-iranien\/206031\/","url":"https:\/\/www.webdo.tn\/fr\/actualite\/culture\/cannes-2023-terrestrial-verses-le-totalitarisme-du-pouvoir-iranien\/206031\/","name":"Cannes 2023 - Terrestrial Verses , le totalitarisme du pouvoir iranien","isPartOf":{"@id":"https:\/\/www.webdo.tn\/fr\/#website"},"primaryImageOfPage":{"@id":"https:\/\/www.webdo.tn\/fr\/actualite\/culture\/cannes-2023-terrestrial-verses-le-totalitarisme-du-pouvoir-iranien\/206031\/#primaryimage"},"image":{"@id":"https:\/\/www.webdo.tn\/fr\/actualite\/culture\/cannes-2023-terrestrial-verses-le-totalitarisme-du-pouvoir-iranien\/206031\/#primaryimage"},"thumbnailUrl":"https:\/\/www.webdo.tn\/fr\/wp-content\/uploads\/2023\/05\/f4e2f07dfbe252bb389c50fd675e58f5.jpeg","datePublished":"2023-05-25T09:57:00+00:00","dateModified":"2025-05-21T08:57:00+00:00","description":"Pr\u00e9sent\u00e9 dans la section Un certain regard, Terrestrial Verses (Chroniques de T\u00e9h\u00e9ran), r\u00e9alis\u00e9 par Ali Asgari et Alireza Khatami, touche par sa simplicit\u00e9, sa...","breadcrumb":{"@id":"https:\/\/www.webdo.tn\/fr\/actualite\/culture\/cannes-2023-terrestrial-verses-le-totalitarisme-du-pouvoir-iranien\/206031\/#breadcrumb"},"inLanguage":"fr-FR","potentialAction":[{"@type":"ReadAction","target":["https:\/\/www.webdo.tn\/fr\/actualite\/culture\/cannes-2023-terrestrial-verses-le-totalitarisme-du-pouvoir-iranien\/206031\/"]}]},{"@type":"ImageObject","inLanguage":"fr-FR","@id":"https:\/\/www.webdo.tn\/fr\/actualite\/culture\/cannes-2023-terrestrial-verses-le-totalitarisme-du-pouvoir-iranien\/206031\/#primaryimage","url":"https:\/\/www.webdo.tn\/fr\/wp-content\/uploads\/2023\/05\/f4e2f07dfbe252bb389c50fd675e58f5.jpeg","contentUrl":"https:\/\/www.webdo.tn\/fr\/wp-content\/uploads\/2023\/05\/f4e2f07dfbe252bb389c50fd675e58f5.jpeg","width":750,"height":400,"caption":"Cannes 2023 - \"Terrestrial Verses\", le totalitarisme du pouvoir iranien"},{"@type":"BreadcrumbList","@id":"https:\/\/www.webdo.tn\/fr\/actualite\/culture\/cannes-2023-terrestrial-verses-le-totalitarisme-du-pouvoir-iranien\/206031\/#breadcrumb","itemListElement":[{"@type":"ListItem","position":1,"name":"Accueil","item":"https:\/\/www.webdo.tn\/fr\/"},{"@type":"ListItem","position":2,"name":"Cannes 2023 &#8211; \u00ab\u00a0Terrestrial Verses\u00a0\u00bb, le totalitarisme du pouvoir iranien"}]},{"@type":"WebSite","@id":"https:\/\/www.webdo.tn\/fr\/#website","url":"https:\/\/www.webdo.tn\/fr\/","name":"webdo","description":"Tunisie - News en Tunisie et \u00e0 l&#039;international sur Webdo.tn","publisher":{"@id":"https:\/\/www.webdo.tn\/fr\/#organization"},"potentialAction":[{"@type":"SearchAction","target":{"@type":"EntryPoint","urlTemplate":"https:\/\/www.webdo.tn\/fr\/?s={search_term_string}"},"query-input":{"@type":"PropertyValueSpecification","valueRequired":true,"valueName":"search_term_string"}}],"inLanguage":"fr-FR"},{"@type":"Organization","@id":"https:\/\/www.webdo.tn\/fr\/#organization","name":"Webdo","alternateName":"Webdo.tn","url":"https:\/\/www.webdo.tn\/fr\/","logo":{"@type":"ImageObject","inLanguage":"fr-FR","@id":"https:\/\/www.webdo.tn\/fr\/#\/schema\/logo\/image\/","url":"https:\/\/www.webdo.tn\/fr\/wp-content\/uploads\/2025\/06\/Webdo-Tunisie_168377.jpg","contentUrl":"https:\/\/www.webdo.tn\/fr\/wp-content\/uploads\/2025\/06\/Webdo-Tunisie_168377.jpg","width":301,"height":301,"caption":"Webdo"},"image":{"@id":"https:\/\/www.webdo.tn\/fr\/#\/schema\/logo\/image\/"},"sameAs":["https:\/\/www.facebook.com\/webdotn","https:\/\/x.com\/webdo_tn"],"description":"Webdo est un m\u00e9dia num\u00e9rique tunisien fond\u00e9 en 2010, sp\u00e9cialis\u00e9 dans l\u2019actualit\u00e9 nationale et internationale, l\u2019\u00e9conomie, la soci\u00e9t\u00e9 et les analyses politiques. Le site s\u2019adresse \u00e0 un large public francophone et couvre l\u2019information tunisienne en temps r\u00e9el.","email":"redac@webdo.tn","legalName":"YNJ SARL","foundingDate":"2010-09-06","numberOfEmployees":{"@type":"QuantitativeValue","minValue":"11","maxValue":"50"}},{"@type":"Person","@id":"https:\/\/www.webdo.tn\/fr\/#\/schema\/person\/60d5ba619ed3f58783b0dc82b7dada80","name":"Ne\u00efla DRISS","image":{"@type":"ImageObject","inLanguage":"fr-FR","@id":"https:\/\/www.webdo.tn\/fr\/wp-content\/uploads\/2026\/04\/neila-driss_avatar-96x96.jpg","url":"https:\/\/www.webdo.tn\/fr\/wp-content\/uploads\/2026\/04\/neila-driss_avatar-96x96.jpg","contentUrl":"https:\/\/www.webdo.tn\/fr\/wp-content\/uploads\/2026\/04\/neila-driss_avatar-96x96.jpg","caption":"Ne\u00efla DRISS"},"description":"Ne\u00efla Driss est juriste, journaliste culturelle et critique de cin\u00e9ma tunisienne. Titulaire d\u2019un DEA en droit priv\u00e9 de l\u2019Universit\u00e9 Paris II et d\u2019un DESS de l\u2019IHEC Carthage, elle d\u00e9bute sa carri\u00e8re comme juriste sp\u00e9cialis\u00e9e en gestion de patrimoine immobilier. Elle s\u2019oriente ensuite vers l\u2019\u00e9criture en ligne, o\u00f9 elle se distingue d\u00e8s 2006 aux Tunisia Blog Awards, avant de se consacrer au journalisme culturel, avec une sp\u00e9cialisation dans la critique cin\u00e9matographique. Elle couvre r\u00e9guli\u00e8rement les grands festivals internationaux, notamment le Festival de Cannes, les Journ\u00e9es Cin\u00e9matographiques de Carthage et le Festival du film du Caire. Membre de l\u2019ATPCC et de la FIPRESCI, elle participe \u00e0 des jurys et initiatives internationales de critique. Depuis 2024, elle est \u00e9lectrice internationale aux Golden Globes. Facebook : https:\/\/www.facebook.com\/massir.destiniii\/ X : https:\/\/x.com\/MassirDestin","sameAs":["https:\/\/www.facebook.com\/massir.destiniii\/","https:\/\/www.instagram.com\/neila.driss\/?hl=fr","https:\/\/www.linkedin.com\/in\/neila-driss-22606a80\/","https:\/\/x.com\/https:\/\/x.com\/MassirDestin"],"knowsAbout":["Cin\u00e9ma international","critique cin\u00e9matographique","festivals de cin\u00e9ma","journalisme culturel"],"knowsLanguage":["Fran\u00e7ais","Arabe","Anglais"],"jobTitle":"Journaliste culturelle et critique de cin\u00e9ma","worksFor":"Webdo","url":"https:\/\/www.webdo.tn\/fr\/actualite\/author\/neila-driss\/"}]}},"_links":{"self":[{"href":"https:\/\/www.webdo.tn\/fr\/wp-json\/wp\/v2\/posts\/206031","targetHints":{"allow":["GET"]}}],"collection":[{"href":"https:\/\/www.webdo.tn\/fr\/wp-json\/wp\/v2\/posts"}],"about":[{"href":"https:\/\/www.webdo.tn\/fr\/wp-json\/wp\/v2\/types\/post"}],"author":[{"embeddable":true,"href":"https:\/\/www.webdo.tn\/fr\/wp-json\/wp\/v2\/users\/3164"}],"replies":[{"embeddable":true,"href":"https:\/\/www.webdo.tn\/fr\/wp-json\/wp\/v2\/comments?post=206031"}],"version-history":[{"count":0,"href":"https:\/\/www.webdo.tn\/fr\/wp-json\/wp\/v2\/posts\/206031\/revisions"}],"wp:featuredmedia":[{"embeddable":true,"href":"https:\/\/www.webdo.tn\/fr\/wp-json\/wp\/v2\/media\/278249"}],"wp:attachment":[{"href":"https:\/\/www.webdo.tn\/fr\/wp-json\/wp\/v2\/media?parent=206031"}],"wp:term":[{"taxonomy":"category","embeddable":true,"href":"https:\/\/www.webdo.tn\/fr\/wp-json\/wp\/v2\/categories?post=206031"},{"taxonomy":"post_tag","embeddable":true,"href":"https:\/\/www.webdo.tn\/fr\/wp-json\/wp\/v2\/tags?post=206031"}],"curies":[{"name":"wp","href":"https:\/\/api.w.org\/{rel}","templated":true}]}}