{"id":206030,"date":"2023-05-25T09:43:00","date_gmt":"2023-05-25T09:43:00","guid":{"rendered":"https:\/\/www.webdo.tn\/fr\/blog\/suspicions-de-corruption-a-la-cpg-cinq-mandats-de-depot-delivres\/206030\/"},"modified":"2025-05-20T22:08:59","modified_gmt":"2025-05-20T22:08:59","slug":"suspicions-de-corruption-a-la-cpg-cinq-mandats-de-depot-delivres","status":"publish","type":"post","link":"https:\/\/www.webdo.tn\/fr\/actualite\/national\/suspicions-de-corruption-a-la-cpg-cinq-mandats-de-depot-delivres\/206030\/","title":{"rendered":"Suspicions de corruption \u00e0 la CPG : Cinq mandats de d\u00e9p\u00f4t d\u00e9livr\u00e9s"},"content":{"rendered":"<p>Le juge d\u2019instruction au Tribunal de premi\u00e8re instance de Gafsa a d\u00e9livr\u00e9, la nuit derni\u00e8re, cinq mandats de d\u00e9p\u00f4t dont trois contre des anciens employ\u00e9s de la CPG.<\/p>\n<p>\t\t\t\t\t\t\t\t\tLe juge d\u2019instruction au Tribunal de premi\u00e8re instance de Gafsa a d\u00e9livr\u00e9, dans la nuit de mercredi 24 \u00e0 jeudi 25 mai 2023, cinq mandats de d\u00e9p\u00f4t dans l\u2019affaire de la Compagnie des phosphates de Gafsa, pour soup\u00e7ons de corruption.<\/p>\n<p>Trois mandats de d\u00e9p\u00f4t ont \u00e9t\u00e9 d\u00e9livr\u00e9s contre des anciens employ\u00e9s de la CPG, deux autres contre un chef de service d\u2019une soci\u00e9t\u00e9 et un directeur commercial d\u2019une soci\u00e9t\u00e9 \u00e9trang\u00e8re sp\u00e9cialis\u00e9e dans la vente d\u2019engins.<\/p>\n<p>Le juge a \u00e9galement d\u00e9cid\u00e9 de maintenir en \u00e9tat de libert\u00e9 deux anciens directeurs de la soci\u00e9t\u00e9, un ancien directeur central et un employ\u00e9.<\/p>\n<p>Neuf personnes, dont un ancien PDG de la CPG, ont comparu, hier devant le juge d\u2019instruction pour soup\u00e7ons de corruption et dilapidation de l\u2019argent public.<\/p>\n<p>C\u2019est la brigade centrale de recherche et d\u2019investigation de la Garde nationale d\u2019El Aouina, qui a \u00e9t\u00e9 charg\u00e9e de l\u2019enqu\u00eate dans cette affaire qui concerne l\u2019acquisition en 2019, par la CPG d\u2019engins lourds d\u2019une valeur de 14 millions de dinars.<\/p>\n<p>Ces derniers temps, la CPG est vis\u00e9e par plusieurs enqu\u00eates pour corruption. Il y a quelques mois le juge d&rsquo;instruction pr\u00e8s du tribunal de premi\u00e8re instance de Gafsa, a \u00e9mis un mandat d&rsquo;arr\u00eat \u00e0 l&rsquo;encontre d&rsquo;un cadre sup\u00e9rieur de la Compagnie pour suspicion de corruption.<\/p>\n<p>Le suspect est impliqu\u00e9 \u00e9galement dans une affaire de corruption relative \u00e0 des contrats frauduleux pour l&rsquo;acquisition d&rsquo;engins lourds d&rsquo;une valeur.<\/p>\n","protected":false},"excerpt":{"rendered":"<p>Neuf personnes, dont un ancien PDG de la CPG, ont comparu, hier devant le juge d\u2019instruction pour soup\u00e7ons de corruption et dilapidation de l\u2019argent public.<\/p>\n","protected":false},"author":3162,"featured_media":278241,"comment_status":"open","ping_status":"closed","sticky":false,"template":"","format":"standard","meta":{"footnotes":""},"categories":[44],"tags":[3196,2977,2886,2979],"class_list":["post-206030","post","type-post","status-publish","format-standard","has-post-thumbnail","hentry","category-national","tag-corruption","tag-cpg","tag-mandat-de-depot","tag-phosphate"],"yoast_head":"<!-- This site is optimized with the Yoast SEO Premium plugin v27.5 (Yoast SEO v27.5) - https:\/\/yoast.com\/product\/yoast-seo-premium-wordpress\/ -->\n<title>Suspicions de corruption \u00e0 la CPG : Cinq mandats de d\u00e9p\u00f4t d\u00e9livr\u00e9s<\/title>\n<meta name=\"description\" content=\"Neuf personnes, dont un ancien PDG de la CPG, ont comparu, hier devant le juge d\u2019instruction pour soup\u00e7ons de corruption et dilapidation de l\u2019argent public.\" \/>\n<link rel=\"canonical\" href=\"https:\/\/www.webdo.tn\/fr\/actualite\/national\/suspicions-de-corruption-a-la-cpg-cinq-mandats-de-depot-delivres\/206030\/\" \/>\n<meta property=\"og:locale\" content=\"fr_FR\" \/>\n<meta property=\"og:type\" content=\"article\" \/>\n<meta property=\"og:title\" content=\"Suspicions de corruption \u00e0 la CPG : Cinq mandats de d\u00e9p\u00f4t d\u00e9livr\u00e9s\" \/>\n<meta property=\"og:description\" content=\"Neuf personnes, dont un ancien PDG de la CPG, ont comparu, hier devant le juge d\u2019instruction pour soup\u00e7ons de corruption et dilapidation de l\u2019argent public.\" \/>\n<meta property=\"og:url\" content=\"https:\/\/www.webdo.tn\/fr\/actualite\/national\/suspicions-de-corruption-a-la-cpg-cinq-mandats-de-depot-delivres\/206030\/\" \/>\n<meta property=\"og:site_name\" content=\"webdo\" \/>\n<meta property=\"article:publisher\" content=\"https:\/\/www.facebook.com\/webdotn\" \/>\n<meta property=\"article:published_time\" content=\"2023-05-25T09:43:00+00:00\" \/>\n<meta property=\"article:modified_time\" content=\"2025-05-20T22:08:59+00:00\" \/>\n<meta property=\"og:image\" content=\"https:\/\/www.webdo.tn\/fr\/wp-content\/uploads\/2023\/05\/1ce661db61f0d7bc494f271de2169b04.jpg\" \/>\n\t<meta property=\"og:image:width\" content=\"750\" \/>\n\t<meta property=\"og:image:height\" content=\"400\" \/>\n\t<meta property=\"og:image:type\" content=\"image\/jpeg\" \/>\n<meta name=\"author\" content=\"MC\" \/>\n<meta name=\"twitter:card\" content=\"summary_large_image\" \/>\n<meta name=\"twitter:creator\" content=\"@webdo_tn\" \/>\n<meta name=\"twitter:site\" content=\"@webdo_tn\" \/>\n<meta name=\"twitter:label1\" content=\"\u00c9crit par\" \/>\n\t<meta name=\"twitter:data1\" content=\"MC\" \/>\n\t<meta name=\"twitter:label2\" content=\"Dur\u00e9e de lecture estim\u00e9e\" \/>\n\t<meta name=\"twitter:data2\" content=\"1 minute\" \/>\n<script type=\"application\/ld+json\" class=\"yoast-schema-graph\">{\"@context\":\"https:\\\/\\\/schema.org\",\"@graph\":[{\"@type\":\"NewsArticle\",\"@id\":\"https:\\\/\\\/www.webdo.tn\\\/fr\\\/actualite\\\/national\\\/suspicions-de-corruption-a-la-cpg-cinq-mandats-de-depot-delivres\\\/206030\\\/#article\",\"isPartOf\":{\"@id\":\"https:\\\/\\\/www.webdo.tn\\\/fr\\\/actualite\\\/national\\\/suspicions-de-corruption-a-la-cpg-cinq-mandats-de-depot-delivres\\\/206030\\\/\"},\"author\":{\"name\":\"MC\",\"@id\":\"https:\\\/\\\/www.webdo.tn\\\/fr\\\/#\\\/schema\\\/person\\\/2c4929cbf5a809e3bd38617c6ce150f6\"},\"headline\":\"Suspicions de corruption \u00e0 la CPG : Cinq mandats de d\u00e9p\u00f4t d\u00e9livr\u00e9s\",\"datePublished\":\"2023-05-25T09:43:00+00:00\",\"dateModified\":\"2025-05-20T22:08:59+00:00\",\"mainEntityOfPage\":{\"@id\":\"https:\\\/\\\/www.webdo.tn\\\/fr\\\/actualite\\\/national\\\/suspicions-de-corruption-a-la-cpg-cinq-mandats-de-depot-delivres\\\/206030\\\/\"},\"wordCount\":318,\"commentCount\":0,\"publisher\":{\"@id\":\"https:\\\/\\\/www.webdo.tn\\\/fr\\\/#organization\"},\"image\":{\"@id\":\"https:\\\/\\\/www.webdo.tn\\\/fr\\\/actualite\\\/national\\\/suspicions-de-corruption-a-la-cpg-cinq-mandats-de-depot-delivres\\\/206030\\\/#primaryimage\"},\"thumbnailUrl\":\"https:\\\/\\\/www.webdo.tn\\\/fr\\\/wp-content\\\/uploads\\\/2023\\\/05\\\/1ce661db61f0d7bc494f271de2169b04.jpg\",\"keywords\":[\"corruption\",\"CPG\",\"mandat de d\u00e9p\u00f4t\",\"phosphate\"],\"articleSection\":[\"National\"],\"inLanguage\":\"fr-FR\"},{\"@type\":\"WebPage\",\"@id\":\"https:\\\/\\\/www.webdo.tn\\\/fr\\\/actualite\\\/national\\\/suspicions-de-corruption-a-la-cpg-cinq-mandats-de-depot-delivres\\\/206030\\\/\",\"url\":\"https:\\\/\\\/www.webdo.tn\\\/fr\\\/actualite\\\/national\\\/suspicions-de-corruption-a-la-cpg-cinq-mandats-de-depot-delivres\\\/206030\\\/\",\"name\":\"Suspicions de corruption \u00e0 la CPG : Cinq mandats de d\u00e9p\u00f4t d\u00e9livr\u00e9s\",\"isPartOf\":{\"@id\":\"https:\\\/\\\/www.webdo.tn\\\/fr\\\/#website\"},\"primaryImageOfPage\":{\"@id\":\"https:\\\/\\\/www.webdo.tn\\\/fr\\\/actualite\\\/national\\\/suspicions-de-corruption-a-la-cpg-cinq-mandats-de-depot-delivres\\\/206030\\\/#primaryimage\"},\"image\":{\"@id\":\"https:\\\/\\\/www.webdo.tn\\\/fr\\\/actualite\\\/national\\\/suspicions-de-corruption-a-la-cpg-cinq-mandats-de-depot-delivres\\\/206030\\\/#primaryimage\"},\"thumbnailUrl\":\"https:\\\/\\\/www.webdo.tn\\\/fr\\\/wp-content\\\/uploads\\\/2023\\\/05\\\/1ce661db61f0d7bc494f271de2169b04.jpg\",\"datePublished\":\"2023-05-25T09:43:00+00:00\",\"dateModified\":\"2025-05-20T22:08:59+00:00\",\"description\":\"Neuf personnes, dont un ancien PDG de la CPG, ont comparu, hier devant le juge d\u2019instruction pour soup\u00e7ons de corruption et dilapidation de l\u2019argent public.\",\"breadcrumb\":{\"@id\":\"https:\\\/\\\/www.webdo.tn\\\/fr\\\/actualite\\\/national\\\/suspicions-de-corruption-a-la-cpg-cinq-mandats-de-depot-delivres\\\/206030\\\/#breadcrumb\"},\"inLanguage\":\"fr-FR\",\"potentialAction\":[{\"@type\":\"ReadAction\",\"target\":[\"https:\\\/\\\/www.webdo.tn\\\/fr\\\/actualite\\\/national\\\/suspicions-de-corruption-a-la-cpg-cinq-mandats-de-depot-delivres\\\/206030\\\/\"]}]},{\"@type\":\"ImageObject\",\"inLanguage\":\"fr-FR\",\"@id\":\"https:\\\/\\\/www.webdo.tn\\\/fr\\\/actualite\\\/national\\\/suspicions-de-corruption-a-la-cpg-cinq-mandats-de-depot-delivres\\\/206030\\\/#primaryimage\",\"url\":\"https:\\\/\\\/www.webdo.tn\\\/fr\\\/wp-content\\\/uploads\\\/2023\\\/05\\\/1ce661db61f0d7bc494f271de2169b04.jpg\",\"contentUrl\":\"https:\\\/\\\/www.webdo.tn\\\/fr\\\/wp-content\\\/uploads\\\/2023\\\/05\\\/1ce661db61f0d7bc494f271de2169b04.jpg\",\"width\":750,\"height\":400,\"caption\":\"Suspicions de corruption \u00e0 la CPG : Cinq mandats de d\u00e9p\u00f4t d\u00e9livr\u00e9s\"},{\"@type\":\"BreadcrumbList\",\"@id\":\"https:\\\/\\\/www.webdo.tn\\\/fr\\\/actualite\\\/national\\\/suspicions-de-corruption-a-la-cpg-cinq-mandats-de-depot-delivres\\\/206030\\\/#breadcrumb\",\"itemListElement\":[{\"@type\":\"ListItem\",\"position\":1,\"name\":\"Accueil\",\"item\":\"https:\\\/\\\/www.webdo.tn\\\/fr\\\/\"},{\"@type\":\"ListItem\",\"position\":2,\"name\":\"Suspicions de corruption \u00e0 la CPG : Cinq mandats de d\u00e9p\u00f4t d\u00e9livr\u00e9s\"}]},{\"@type\":\"WebSite\",\"@id\":\"https:\\\/\\\/www.webdo.tn\\\/fr\\\/#website\",\"url\":\"https:\\\/\\\/www.webdo.tn\\\/fr\\\/\",\"name\":\"webdo\",\"description\":\"Tunisie - News en Tunisie et \u00e0 l&#039;international sur Webdo.tn\",\"publisher\":{\"@id\":\"https:\\\/\\\/www.webdo.tn\\\/fr\\\/#organization\"},\"potentialAction\":[{\"@type\":\"SearchAction\",\"target\":{\"@type\":\"EntryPoint\",\"urlTemplate\":\"https:\\\/\\\/www.webdo.tn\\\/fr\\\/?s={search_term_string}\"},\"query-input\":{\"@type\":\"PropertyValueSpecification\",\"valueRequired\":true,\"valueName\":\"search_term_string\"}}],\"inLanguage\":\"fr-FR\"},{\"@type\":\"Organization\",\"@id\":\"https:\\\/\\\/www.webdo.tn\\\/fr\\\/#organization\",\"name\":\"Webdo\",\"alternateName\":\"Webdo.tn\",\"url\":\"https:\\\/\\\/www.webdo.tn\\\/fr\\\/\",\"logo\":{\"@type\":\"ImageObject\",\"inLanguage\":\"fr-FR\",\"@id\":\"https:\\\/\\\/www.webdo.tn\\\/fr\\\/#\\\/schema\\\/logo\\\/image\\\/\",\"url\":\"https:\\\/\\\/www.webdo.tn\\\/fr\\\/wp-content\\\/uploads\\\/2025\\\/06\\\/Webdo-Tunisie_168377.jpg\",\"contentUrl\":\"https:\\\/\\\/www.webdo.tn\\\/fr\\\/wp-content\\\/uploads\\\/2025\\\/06\\\/Webdo-Tunisie_168377.jpg\",\"width\":301,\"height\":301,\"caption\":\"Webdo\"},\"image\":{\"@id\":\"https:\\\/\\\/www.webdo.tn\\\/fr\\\/#\\\/schema\\\/logo\\\/image\\\/\"},\"sameAs\":[\"https:\\\/\\\/www.facebook.com\\\/webdotn\",\"https:\\\/\\\/x.com\\\/webdo_tn\"],\"description\":\"Webdo est un m\u00e9dia num\u00e9rique tunisien fond\u00e9 en 2010, sp\u00e9cialis\u00e9 dans l\u2019actualit\u00e9 nationale et internationale, l\u2019\u00e9conomie, la soci\u00e9t\u00e9 et les analyses politiques. Le site s\u2019adresse \u00e0 un large public francophone et couvre l\u2019information tunisienne en temps r\u00e9el.\",\"email\":\"redac@webdo.tn\",\"legalName\":\"YNJ SARL\",\"foundingDate\":\"2010-09-06\",\"numberOfEmployees\":{\"@type\":\"QuantitativeValue\",\"minValue\":\"11\",\"maxValue\":\"50\"}},{\"@type\":\"Person\",\"@id\":\"https:\\\/\\\/www.webdo.tn\\\/fr\\\/#\\\/schema\\\/person\\\/2c4929cbf5a809e3bd38617c6ce150f6\",\"name\":\"MC\",\"image\":{\"@type\":\"ImageObject\",\"inLanguage\":\"fr-FR\",\"@id\":\"https:\\\/\\\/secure.gravatar.com\\\/avatar\\\/a545bbb6f84efdd5553dbbc2895e3ca8f1d12c5215e00a041c9670b54aa9b18a?s=96&d=mm&r=g\",\"url\":\"https:\\\/\\\/secure.gravatar.com\\\/avatar\\\/a545bbb6f84efdd5553dbbc2895e3ca8f1d12c5215e00a041c9670b54aa9b18a?s=96&d=mm&r=g\",\"contentUrl\":\"https:\\\/\\\/secure.gravatar.com\\\/avatar\\\/a545bbb6f84efdd5553dbbc2895e3ca8f1d12c5215e00a041c9670b54aa9b18a?s=96&d=mm&r=g\",\"caption\":\"MC\"},\"url\":\"https:\\\/\\\/www.webdo.tn\\\/fr\\\/actualite\\\/author\\\/mc\\\/\"}]}<\/script>\n<!-- \/ Yoast SEO Premium plugin. -->","yoast_head_json":{"title":"Suspicions de corruption \u00e0 la CPG : Cinq mandats de d\u00e9p\u00f4t d\u00e9livr\u00e9s","description":"Neuf personnes, dont un ancien PDG de la CPG, ont comparu, hier devant le juge d\u2019instruction pour soup\u00e7ons de corruption et dilapidation de l\u2019argent public.","canonical":"https:\/\/www.webdo.tn\/fr\/actualite\/national\/suspicions-de-corruption-a-la-cpg-cinq-mandats-de-depot-delivres\/206030\/","og_locale":"fr_FR","og_type":"article","og_title":"Suspicions de corruption \u00e0 la CPG : Cinq mandats de d\u00e9p\u00f4t d\u00e9livr\u00e9s","og_description":"Neuf personnes, dont un ancien PDG de la CPG, ont comparu, hier devant le juge d\u2019instruction pour soup\u00e7ons de corruption et dilapidation de l\u2019argent public.","og_url":"https:\/\/www.webdo.tn\/fr\/actualite\/national\/suspicions-de-corruption-a-la-cpg-cinq-mandats-de-depot-delivres\/206030\/","og_site_name":"webdo","article_publisher":"https:\/\/www.facebook.com\/webdotn","article_published_time":"2023-05-25T09:43:00+00:00","article_modified_time":"2025-05-20T22:08:59+00:00","og_image":[{"width":750,"height":400,"url":"https:\/\/www.webdo.tn\/fr\/wp-content\/uploads\/2023\/05\/1ce661db61f0d7bc494f271de2169b04.jpg","type":"image\/jpeg"}],"author":"MC","twitter_card":"summary_large_image","twitter_creator":"@webdo_tn","twitter_site":"@webdo_tn","twitter_misc":{"\u00c9crit par":"MC","Dur\u00e9e de lecture estim\u00e9e":"1 minute"},"schema":{"@context":"https:\/\/schema.org","@graph":[{"@type":"NewsArticle","@id":"https:\/\/www.webdo.tn\/fr\/actualite\/national\/suspicions-de-corruption-a-la-cpg-cinq-mandats-de-depot-delivres\/206030\/#article","isPartOf":{"@id":"https:\/\/www.webdo.tn\/fr\/actualite\/national\/suspicions-de-corruption-a-la-cpg-cinq-mandats-de-depot-delivres\/206030\/"},"author":{"name":"MC","@id":"https:\/\/www.webdo.tn\/fr\/#\/schema\/person\/2c4929cbf5a809e3bd38617c6ce150f6"},"headline":"Suspicions de corruption \u00e0 la CPG : Cinq mandats de d\u00e9p\u00f4t d\u00e9livr\u00e9s","datePublished":"2023-05-25T09:43:00+00:00","dateModified":"2025-05-20T22:08:59+00:00","mainEntityOfPage":{"@id":"https:\/\/www.webdo.tn\/fr\/actualite\/national\/suspicions-de-corruption-a-la-cpg-cinq-mandats-de-depot-delivres\/206030\/"},"wordCount":318,"commentCount":0,"publisher":{"@id":"https:\/\/www.webdo.tn\/fr\/#organization"},"image":{"@id":"https:\/\/www.webdo.tn\/fr\/actualite\/national\/suspicions-de-corruption-a-la-cpg-cinq-mandats-de-depot-delivres\/206030\/#primaryimage"},"thumbnailUrl":"https:\/\/www.webdo.tn\/fr\/wp-content\/uploads\/2023\/05\/1ce661db61f0d7bc494f271de2169b04.jpg","keywords":["corruption","CPG","mandat de d\u00e9p\u00f4t","phosphate"],"articleSection":["National"],"inLanguage":"fr-FR"},{"@type":"WebPage","@id":"https:\/\/www.webdo.tn\/fr\/actualite\/national\/suspicions-de-corruption-a-la-cpg-cinq-mandats-de-depot-delivres\/206030\/","url":"https:\/\/www.webdo.tn\/fr\/actualite\/national\/suspicions-de-corruption-a-la-cpg-cinq-mandats-de-depot-delivres\/206030\/","name":"Suspicions de corruption \u00e0 la CPG : Cinq mandats de d\u00e9p\u00f4t d\u00e9livr\u00e9s","isPartOf":{"@id":"https:\/\/www.webdo.tn\/fr\/#website"},"primaryImageOfPage":{"@id":"https:\/\/www.webdo.tn\/fr\/actualite\/national\/suspicions-de-corruption-a-la-cpg-cinq-mandats-de-depot-delivres\/206030\/#primaryimage"},"image":{"@id":"https:\/\/www.webdo.tn\/fr\/actualite\/national\/suspicions-de-corruption-a-la-cpg-cinq-mandats-de-depot-delivres\/206030\/#primaryimage"},"thumbnailUrl":"https:\/\/www.webdo.tn\/fr\/wp-content\/uploads\/2023\/05\/1ce661db61f0d7bc494f271de2169b04.jpg","datePublished":"2023-05-25T09:43:00+00:00","dateModified":"2025-05-20T22:08:59+00:00","description":"Neuf personnes, dont un ancien PDG de la CPG, ont comparu, hier devant le juge d\u2019instruction pour soup\u00e7ons de corruption et dilapidation de l\u2019argent public.","breadcrumb":{"@id":"https:\/\/www.webdo.tn\/fr\/actualite\/national\/suspicions-de-corruption-a-la-cpg-cinq-mandats-de-depot-delivres\/206030\/#breadcrumb"},"inLanguage":"fr-FR","potentialAction":[{"@type":"ReadAction","target":["https:\/\/www.webdo.tn\/fr\/actualite\/national\/suspicions-de-corruption-a-la-cpg-cinq-mandats-de-depot-delivres\/206030\/"]}]},{"@type":"ImageObject","inLanguage":"fr-FR","@id":"https:\/\/www.webdo.tn\/fr\/actualite\/national\/suspicions-de-corruption-a-la-cpg-cinq-mandats-de-depot-delivres\/206030\/#primaryimage","url":"https:\/\/www.webdo.tn\/fr\/wp-content\/uploads\/2023\/05\/1ce661db61f0d7bc494f271de2169b04.jpg","contentUrl":"https:\/\/www.webdo.tn\/fr\/wp-content\/uploads\/2023\/05\/1ce661db61f0d7bc494f271de2169b04.jpg","width":750,"height":400,"caption":"Suspicions de corruption \u00e0 la CPG : Cinq mandats de d\u00e9p\u00f4t d\u00e9livr\u00e9s"},{"@type":"BreadcrumbList","@id":"https:\/\/www.webdo.tn\/fr\/actualite\/national\/suspicions-de-corruption-a-la-cpg-cinq-mandats-de-depot-delivres\/206030\/#breadcrumb","itemListElement":[{"@type":"ListItem","position":1,"name":"Accueil","item":"https:\/\/www.webdo.tn\/fr\/"},{"@type":"ListItem","position":2,"name":"Suspicions de corruption \u00e0 la CPG : Cinq mandats de d\u00e9p\u00f4t d\u00e9livr\u00e9s"}]},{"@type":"WebSite","@id":"https:\/\/www.webdo.tn\/fr\/#website","url":"https:\/\/www.webdo.tn\/fr\/","name":"webdo","description":"Tunisie - News en Tunisie et \u00e0 l&#039;international sur Webdo.tn","publisher":{"@id":"https:\/\/www.webdo.tn\/fr\/#organization"},"potentialAction":[{"@type":"SearchAction","target":{"@type":"EntryPoint","urlTemplate":"https:\/\/www.webdo.tn\/fr\/?s={search_term_string}"},"query-input":{"@type":"PropertyValueSpecification","valueRequired":true,"valueName":"search_term_string"}}],"inLanguage":"fr-FR"},{"@type":"Organization","@id":"https:\/\/www.webdo.tn\/fr\/#organization","name":"Webdo","alternateName":"Webdo.tn","url":"https:\/\/www.webdo.tn\/fr\/","logo":{"@type":"ImageObject","inLanguage":"fr-FR","@id":"https:\/\/www.webdo.tn\/fr\/#\/schema\/logo\/image\/","url":"https:\/\/www.webdo.tn\/fr\/wp-content\/uploads\/2025\/06\/Webdo-Tunisie_168377.jpg","contentUrl":"https:\/\/www.webdo.tn\/fr\/wp-content\/uploads\/2025\/06\/Webdo-Tunisie_168377.jpg","width":301,"height":301,"caption":"Webdo"},"image":{"@id":"https:\/\/www.webdo.tn\/fr\/#\/schema\/logo\/image\/"},"sameAs":["https:\/\/www.facebook.com\/webdotn","https:\/\/x.com\/webdo_tn"],"description":"Webdo est un m\u00e9dia num\u00e9rique tunisien fond\u00e9 en 2010, sp\u00e9cialis\u00e9 dans l\u2019actualit\u00e9 nationale et internationale, l\u2019\u00e9conomie, la soci\u00e9t\u00e9 et les analyses politiques. Le site s\u2019adresse \u00e0 un large public francophone et couvre l\u2019information tunisienne en temps r\u00e9el.","email":"redac@webdo.tn","legalName":"YNJ SARL","foundingDate":"2010-09-06","numberOfEmployees":{"@type":"QuantitativeValue","minValue":"11","maxValue":"50"}},{"@type":"Person","@id":"https:\/\/www.webdo.tn\/fr\/#\/schema\/person\/2c4929cbf5a809e3bd38617c6ce150f6","name":"MC","image":{"@type":"ImageObject","inLanguage":"fr-FR","@id":"https:\/\/secure.gravatar.com\/avatar\/a545bbb6f84efdd5553dbbc2895e3ca8f1d12c5215e00a041c9670b54aa9b18a?s=96&d=mm&r=g","url":"https:\/\/secure.gravatar.com\/avatar\/a545bbb6f84efdd5553dbbc2895e3ca8f1d12c5215e00a041c9670b54aa9b18a?s=96&d=mm&r=g","contentUrl":"https:\/\/secure.gravatar.com\/avatar\/a545bbb6f84efdd5553dbbc2895e3ca8f1d12c5215e00a041c9670b54aa9b18a?s=96&d=mm&r=g","caption":"MC"},"url":"https:\/\/www.webdo.tn\/fr\/actualite\/author\/mc\/"}]}},"_links":{"self":[{"href":"https:\/\/www.webdo.tn\/fr\/wp-json\/wp\/v2\/posts\/206030","targetHints":{"allow":["GET"]}}],"collection":[{"href":"https:\/\/www.webdo.tn\/fr\/wp-json\/wp\/v2\/posts"}],"about":[{"href":"https:\/\/www.webdo.tn\/fr\/wp-json\/wp\/v2\/types\/post"}],"author":[{"embeddable":true,"href":"https:\/\/www.webdo.tn\/fr\/wp-json\/wp\/v2\/users\/3162"}],"replies":[{"embeddable":true,"href":"https:\/\/www.webdo.tn\/fr\/wp-json\/wp\/v2\/comments?post=206030"}],"version-history":[{"count":0,"href":"https:\/\/www.webdo.tn\/fr\/wp-json\/wp\/v2\/posts\/206030\/revisions"}],"wp:featuredmedia":[{"embeddable":true,"href":"https:\/\/www.webdo.tn\/fr\/wp-json\/wp\/v2\/media\/278241"}],"wp:attachment":[{"href":"https:\/\/www.webdo.tn\/fr\/wp-json\/wp\/v2\/media?parent=206030"}],"wp:term":[{"taxonomy":"category","embeddable":true,"href":"https:\/\/www.webdo.tn\/fr\/wp-json\/wp\/v2\/categories?post=206030"},{"taxonomy":"post_tag","embeddable":true,"href":"https:\/\/www.webdo.tn\/fr\/wp-json\/wp\/v2\/tags?post=206030"}],"curies":[{"name":"wp","href":"https:\/\/api.w.org\/{rel}","templated":true}]}}