{"id":206018,"date":"2023-05-24T21:08:00","date_gmt":"2023-05-24T21:08:00","guid":{"rendered":"https:\/\/www.webdo.tn\/fr\/blog\/kais-saied-recoit-les-champions-d-afrique-du-ms-boussalem\/206018\/"},"modified":"2025-05-14T10:41:40","modified_gmt":"2025-05-14T10:41:40","slug":"kais-saied-recoit-les-champions-d-afrique-du-ms-boussalem","status":"publish","type":"post","link":"https:\/\/www.webdo.tn\/fr\/actualite\/sport\/kais-saied-recoit-les-champions-d-afrique-du-ms-boussalem\/206018\/","title":{"rendered":"Kais Sa\u00efed re\u00e7oit les champions d&rsquo;Afrique du MS Boussalem"},"content":{"rendered":"<p>Le pr\u00e9sident de la R\u00e9publique, Ka\u00efs Sa\u00efed a re\u00e7u, mercredi 24 mai 2023 au Palais de Carthage, les joueurs et les responsables du MS Boussalem, tout juste aur\u00e9ol\u00e9s de son titre de champion d\u2019Afrique des clubs en volleyball.<\/p>\n<p>\t\t\t\t\t\t\t\t\tLe Chef de l&rsquo;Etat a f\u00e9licit\u00e9 les membres du MS Bousalem, qui ont hiss\u00e9 haut le drapeau tunisien. Kais Sa\u00efed a mis l&rsquo;accent sur la volont\u00e9 et la d\u00e9termination de l&rsquo;\u00e9quipe, qui lui a permis de r\u00e9aliser une telle prouesse avec des moyens plus que limit\u00e9s.<\/p>\n<p>Il est \u00e0 rappeler que le MS Boussalem a battu l&rsquo;ogre egytien, Ezzamalek, en finale de la comp\u00e9tition continentale, disput\u00e9e \u00e0 la salle de K\u00e9libia, se qualifiant ainsi pour le prochain Mondial des Clubs.<\/p>\n","protected":false},"excerpt":{"rendered":"<p>Le pr\u00e9sident de la R\u00e9publique, Ka\u00efs Sa\u00efed a re\u00e7u, mercredi 24 mai 2023 au Palais de Carthage, les joueurs et les responsables du MS Boussalem, tout juste aur\u00e9ol&#8230;<\/p>\n","protected":false},"author":3169,"featured_media":251068,"comment_status":"open","ping_status":"closed","sticky":false,"template":"","format":"standard","meta":{"footnotes":""},"categories":[2593],"tags":[2614,8395,2608,8394],"class_list":["post-206018","post","type-post","status-publish","format-standard","has-post-thumbnail","hentry","category-sport","tag-kais-saied","tag-ms-bousalem","tag-tunisie","tag-volley"],"yoast_head":"<!-- This site is optimized with the Yoast SEO Premium plugin v27.5 (Yoast SEO v27.5) - https:\/\/yoast.com\/product\/yoast-seo-premium-wordpress\/ -->\n<title>Kais Sa\u00efed re\u00e7oit les champions d&#039;Afrique du MS Boussalem<\/title>\n<meta name=\"description\" content=\"Le pr\u00e9sident de la R\u00e9publique, Ka\u00efs Sa\u00efed a re\u00e7u, mercredi 24 mai 2023 au Palais de Carthage, les joueurs et les responsables du MS Boussalem, tout juste aur\u00e9ol...\" \/>\n<link rel=\"canonical\" href=\"https:\/\/www.webdo.tn\/fr\/actualite\/sport\/kais-saied-recoit-les-champions-d-afrique-du-ms-boussalem\/206018\/\" \/>\n<meta property=\"og:locale\" content=\"fr_FR\" \/>\n<meta property=\"og:type\" content=\"article\" \/>\n<meta property=\"og:title\" content=\"Kais Sa\u00efed re\u00e7oit les champions d&#039;Afrique du MS Boussalem\" \/>\n<meta property=\"og:description\" content=\"Le pr\u00e9sident de la R\u00e9publique, Ka\u00efs Sa\u00efed a re\u00e7u, mercredi 24 mai 2023 au Palais de Carthage, les joueurs et les responsables du MS Boussalem, tout juste aur\u00e9ol...\" \/>\n<meta property=\"og:url\" content=\"https:\/\/www.webdo.tn\/fr\/actualite\/sport\/kais-saied-recoit-les-champions-d-afrique-du-ms-boussalem\/206018\/\" \/>\n<meta property=\"og:site_name\" content=\"webdo\" \/>\n<meta property=\"article:publisher\" content=\"https:\/\/www.facebook.com\/webdotn\" \/>\n<meta property=\"article:published_time\" content=\"2023-05-24T21:08:00+00:00\" \/>\n<meta property=\"article:modified_time\" content=\"2025-05-14T10:41:40+00:00\" \/>\n<meta property=\"og:image\" content=\"https:\/\/www.webdo.tn\/fr\/wp-content\/uploads\/2023\/05\/3a821465a8a88b6bccd595466c1485f7.jpg\" \/>\n\t<meta property=\"og:image:width\" content=\"750\" \/>\n\t<meta property=\"og:image:height\" content=\"400\" \/>\n\t<meta property=\"og:image:type\" content=\"image\/jpeg\" \/>\n<meta name=\"author\" content=\"Webdo\" \/>\n<meta name=\"twitter:card\" content=\"summary_large_image\" \/>\n<meta name=\"twitter:creator\" content=\"@webdo_tn\" \/>\n<meta name=\"twitter:site\" content=\"@webdo_tn\" \/>\n<meta name=\"twitter:label1\" content=\"\u00c9crit par\" \/>\n\t<meta name=\"twitter:data1\" content=\"Webdo\" \/>\n\t<meta name=\"twitter:label2\" content=\"Dur\u00e9e de lecture estim\u00e9e\" \/>\n\t<meta name=\"twitter:data2\" content=\"1 minute\" \/>\n<script type=\"application\/ld+json\" class=\"yoast-schema-graph\">{\"@context\":\"https:\\\/\\\/schema.org\",\"@graph\":[{\"@type\":\"NewsArticle\",\"@id\":\"https:\\\/\\\/www.webdo.tn\\\/fr\\\/actualite\\\/sport\\\/kais-saied-recoit-les-champions-d-afrique-du-ms-boussalem\\\/206018\\\/#article\",\"isPartOf\":{\"@id\":\"https:\\\/\\\/www.webdo.tn\\\/fr\\\/actualite\\\/sport\\\/kais-saied-recoit-les-champions-d-afrique-du-ms-boussalem\\\/206018\\\/\"},\"author\":{\"name\":\"Webdo\",\"@id\":\"https:\\\/\\\/www.webdo.tn\\\/fr\\\/#\\\/schema\\\/person\\\/1f4e491e0907b413d61089e8eb573acc\"},\"headline\":\"Kais Sa\u00efed re\u00e7oit les champions d&rsquo;Afrique du MS Boussalem\",\"datePublished\":\"2023-05-24T21:08:00+00:00\",\"dateModified\":\"2025-05-14T10:41:40+00:00\",\"mainEntityOfPage\":{\"@id\":\"https:\\\/\\\/www.webdo.tn\\\/fr\\\/actualite\\\/sport\\\/kais-saied-recoit-les-champions-d-afrique-du-ms-boussalem\\\/206018\\\/\"},\"wordCount\":146,\"commentCount\":0,\"publisher\":{\"@id\":\"https:\\\/\\\/www.webdo.tn\\\/fr\\\/#organization\"},\"image\":{\"@id\":\"https:\\\/\\\/www.webdo.tn\\\/fr\\\/actualite\\\/sport\\\/kais-saied-recoit-les-champions-d-afrique-du-ms-boussalem\\\/206018\\\/#primaryimage\"},\"thumbnailUrl\":\"https:\\\/\\\/www.webdo.tn\\\/fr\\\/wp-content\\\/uploads\\\/2023\\\/05\\\/3a821465a8a88b6bccd595466c1485f7.jpg\",\"keywords\":[\"Kais Saied\",\"MS Bousalem\",\"Tunisie\",\"volley\"],\"articleSection\":[\"Sport\"],\"inLanguage\":\"fr-FR\"},{\"@type\":\"WebPage\",\"@id\":\"https:\\\/\\\/www.webdo.tn\\\/fr\\\/actualite\\\/sport\\\/kais-saied-recoit-les-champions-d-afrique-du-ms-boussalem\\\/206018\\\/\",\"url\":\"https:\\\/\\\/www.webdo.tn\\\/fr\\\/actualite\\\/sport\\\/kais-saied-recoit-les-champions-d-afrique-du-ms-boussalem\\\/206018\\\/\",\"name\":\"Kais Sa\u00efed re\u00e7oit les champions d'Afrique du MS Boussalem\",\"isPartOf\":{\"@id\":\"https:\\\/\\\/www.webdo.tn\\\/fr\\\/#website\"},\"primaryImageOfPage\":{\"@id\":\"https:\\\/\\\/www.webdo.tn\\\/fr\\\/actualite\\\/sport\\\/kais-saied-recoit-les-champions-d-afrique-du-ms-boussalem\\\/206018\\\/#primaryimage\"},\"image\":{\"@id\":\"https:\\\/\\\/www.webdo.tn\\\/fr\\\/actualite\\\/sport\\\/kais-saied-recoit-les-champions-d-afrique-du-ms-boussalem\\\/206018\\\/#primaryimage\"},\"thumbnailUrl\":\"https:\\\/\\\/www.webdo.tn\\\/fr\\\/wp-content\\\/uploads\\\/2023\\\/05\\\/3a821465a8a88b6bccd595466c1485f7.jpg\",\"datePublished\":\"2023-05-24T21:08:00+00:00\",\"dateModified\":\"2025-05-14T10:41:40+00:00\",\"description\":\"Le pr\u00e9sident de la R\u00e9publique, Ka\u00efs Sa\u00efed a re\u00e7u, mercredi 24 mai 2023 au Palais de Carthage, les joueurs et les responsables du MS Boussalem, tout juste aur\u00e9ol...\",\"breadcrumb\":{\"@id\":\"https:\\\/\\\/www.webdo.tn\\\/fr\\\/actualite\\\/sport\\\/kais-saied-recoit-les-champions-d-afrique-du-ms-boussalem\\\/206018\\\/#breadcrumb\"},\"inLanguage\":\"fr-FR\",\"potentialAction\":[{\"@type\":\"ReadAction\",\"target\":[\"https:\\\/\\\/www.webdo.tn\\\/fr\\\/actualite\\\/sport\\\/kais-saied-recoit-les-champions-d-afrique-du-ms-boussalem\\\/206018\\\/\"]}]},{\"@type\":\"ImageObject\",\"inLanguage\":\"fr-FR\",\"@id\":\"https:\\\/\\\/www.webdo.tn\\\/fr\\\/actualite\\\/sport\\\/kais-saied-recoit-les-champions-d-afrique-du-ms-boussalem\\\/206018\\\/#primaryimage\",\"url\":\"https:\\\/\\\/www.webdo.tn\\\/fr\\\/wp-content\\\/uploads\\\/2023\\\/05\\\/3a821465a8a88b6bccd595466c1485f7.jpg\",\"contentUrl\":\"https:\\\/\\\/www.webdo.tn\\\/fr\\\/wp-content\\\/uploads\\\/2023\\\/05\\\/3a821465a8a88b6bccd595466c1485f7.jpg\",\"width\":750,\"height\":400,\"caption\":\"Kais Sa\u00efed re\u00e7oit les champions d'Afrique du MS Boussalem\"},{\"@type\":\"BreadcrumbList\",\"@id\":\"https:\\\/\\\/www.webdo.tn\\\/fr\\\/actualite\\\/sport\\\/kais-saied-recoit-les-champions-d-afrique-du-ms-boussalem\\\/206018\\\/#breadcrumb\",\"itemListElement\":[{\"@type\":\"ListItem\",\"position\":1,\"name\":\"Accueil\",\"item\":\"https:\\\/\\\/www.webdo.tn\\\/fr\\\/\"},{\"@type\":\"ListItem\",\"position\":2,\"name\":\"Kais Sa\u00efed re\u00e7oit les champions d&rsquo;Afrique du MS Boussalem\"}]},{\"@type\":\"WebSite\",\"@id\":\"https:\\\/\\\/www.webdo.tn\\\/fr\\\/#website\",\"url\":\"https:\\\/\\\/www.webdo.tn\\\/fr\\\/\",\"name\":\"webdo\",\"description\":\"Tunisie - News en Tunisie et \u00e0 l&#039;international sur Webdo.tn\",\"publisher\":{\"@id\":\"https:\\\/\\\/www.webdo.tn\\\/fr\\\/#organization\"},\"potentialAction\":[{\"@type\":\"SearchAction\",\"target\":{\"@type\":\"EntryPoint\",\"urlTemplate\":\"https:\\\/\\\/www.webdo.tn\\\/fr\\\/?s={search_term_string}\"},\"query-input\":{\"@type\":\"PropertyValueSpecification\",\"valueRequired\":true,\"valueName\":\"search_term_string\"}}],\"inLanguage\":\"fr-FR\"},{\"@type\":\"Organization\",\"@id\":\"https:\\\/\\\/www.webdo.tn\\\/fr\\\/#organization\",\"name\":\"Webdo\",\"alternateName\":\"Webdo.tn\",\"url\":\"https:\\\/\\\/www.webdo.tn\\\/fr\\\/\",\"logo\":{\"@type\":\"ImageObject\",\"inLanguage\":\"fr-FR\",\"@id\":\"https:\\\/\\\/www.webdo.tn\\\/fr\\\/#\\\/schema\\\/logo\\\/image\\\/\",\"url\":\"https:\\\/\\\/www.webdo.tn\\\/fr\\\/wp-content\\\/uploads\\\/2025\\\/06\\\/Webdo-Tunisie_168377.jpg\",\"contentUrl\":\"https:\\\/\\\/www.webdo.tn\\\/fr\\\/wp-content\\\/uploads\\\/2025\\\/06\\\/Webdo-Tunisie_168377.jpg\",\"width\":301,\"height\":301,\"caption\":\"Webdo\"},\"image\":{\"@id\":\"https:\\\/\\\/www.webdo.tn\\\/fr\\\/#\\\/schema\\\/logo\\\/image\\\/\"},\"sameAs\":[\"https:\\\/\\\/www.facebook.com\\\/webdotn\",\"https:\\\/\\\/x.com\\\/webdo_tn\"],\"description\":\"Webdo est un m\u00e9dia num\u00e9rique tunisien fond\u00e9 en 2010, sp\u00e9cialis\u00e9 dans l\u2019actualit\u00e9 nationale et internationale, l\u2019\u00e9conomie, la soci\u00e9t\u00e9 et les analyses politiques. Le site s\u2019adresse \u00e0 un large public francophone et couvre l\u2019information tunisienne en temps r\u00e9el.\",\"email\":\"redac@webdo.tn\",\"legalName\":\"YNJ SARL\",\"foundingDate\":\"2010-09-06\",\"numberOfEmployees\":{\"@type\":\"QuantitativeValue\",\"minValue\":\"11\",\"maxValue\":\"50\"}},{\"@type\":\"Person\",\"@id\":\"https:\\\/\\\/www.webdo.tn\\\/fr\\\/#\\\/schema\\\/person\\\/1f4e491e0907b413d61089e8eb573acc\",\"name\":\"Webdo\",\"image\":{\"@type\":\"ImageObject\",\"inLanguage\":\"fr-FR\",\"@id\":\"https:\\\/\\\/secure.gravatar.com\\\/avatar\\\/de97aeec1bb80978a9dbb127e47dfc88aaacb2f3c29aac907d8d3222e3495d49?s=96&d=mm&r=g\",\"url\":\"https:\\\/\\\/secure.gravatar.com\\\/avatar\\\/de97aeec1bb80978a9dbb127e47dfc88aaacb2f3c29aac907d8d3222e3495d49?s=96&d=mm&r=g\",\"contentUrl\":\"https:\\\/\\\/secure.gravatar.com\\\/avatar\\\/de97aeec1bb80978a9dbb127e47dfc88aaacb2f3c29aac907d8d3222e3495d49?s=96&d=mm&r=g\",\"caption\":\"Webdo\"},\"url\":\"https:\\\/\\\/www.webdo.tn\\\/fr\\\/actualite\\\/author\\\/webdo\\\/\"}]}<\/script>\n<!-- \/ Yoast SEO Premium plugin. -->","yoast_head_json":{"title":"Kais Sa\u00efed re\u00e7oit les champions d'Afrique du MS Boussalem","description":"Le pr\u00e9sident de la R\u00e9publique, Ka\u00efs Sa\u00efed a re\u00e7u, mercredi 24 mai 2023 au Palais de Carthage, les joueurs et les responsables du MS Boussalem, tout juste aur\u00e9ol...","canonical":"https:\/\/www.webdo.tn\/fr\/actualite\/sport\/kais-saied-recoit-les-champions-d-afrique-du-ms-boussalem\/206018\/","og_locale":"fr_FR","og_type":"article","og_title":"Kais Sa\u00efed re\u00e7oit les champions d'Afrique du MS Boussalem","og_description":"Le pr\u00e9sident de la R\u00e9publique, Ka\u00efs Sa\u00efed a re\u00e7u, mercredi 24 mai 2023 au Palais de Carthage, les joueurs et les responsables du MS Boussalem, tout juste aur\u00e9ol...","og_url":"https:\/\/www.webdo.tn\/fr\/actualite\/sport\/kais-saied-recoit-les-champions-d-afrique-du-ms-boussalem\/206018\/","og_site_name":"webdo","article_publisher":"https:\/\/www.facebook.com\/webdotn","article_published_time":"2023-05-24T21:08:00+00:00","article_modified_time":"2025-05-14T10:41:40+00:00","og_image":[{"width":750,"height":400,"url":"https:\/\/www.webdo.tn\/fr\/wp-content\/uploads\/2023\/05\/3a821465a8a88b6bccd595466c1485f7.jpg","type":"image\/jpeg"}],"author":"Webdo","twitter_card":"summary_large_image","twitter_creator":"@webdo_tn","twitter_site":"@webdo_tn","twitter_misc":{"\u00c9crit par":"Webdo","Dur\u00e9e de lecture estim\u00e9e":"1 minute"},"schema":{"@context":"https:\/\/schema.org","@graph":[{"@type":"NewsArticle","@id":"https:\/\/www.webdo.tn\/fr\/actualite\/sport\/kais-saied-recoit-les-champions-d-afrique-du-ms-boussalem\/206018\/#article","isPartOf":{"@id":"https:\/\/www.webdo.tn\/fr\/actualite\/sport\/kais-saied-recoit-les-champions-d-afrique-du-ms-boussalem\/206018\/"},"author":{"name":"Webdo","@id":"https:\/\/www.webdo.tn\/fr\/#\/schema\/person\/1f4e491e0907b413d61089e8eb573acc"},"headline":"Kais Sa\u00efed re\u00e7oit les champions d&rsquo;Afrique du MS Boussalem","datePublished":"2023-05-24T21:08:00+00:00","dateModified":"2025-05-14T10:41:40+00:00","mainEntityOfPage":{"@id":"https:\/\/www.webdo.tn\/fr\/actualite\/sport\/kais-saied-recoit-les-champions-d-afrique-du-ms-boussalem\/206018\/"},"wordCount":146,"commentCount":0,"publisher":{"@id":"https:\/\/www.webdo.tn\/fr\/#organization"},"image":{"@id":"https:\/\/www.webdo.tn\/fr\/actualite\/sport\/kais-saied-recoit-les-champions-d-afrique-du-ms-boussalem\/206018\/#primaryimage"},"thumbnailUrl":"https:\/\/www.webdo.tn\/fr\/wp-content\/uploads\/2023\/05\/3a821465a8a88b6bccd595466c1485f7.jpg","keywords":["Kais Saied","MS Bousalem","Tunisie","volley"],"articleSection":["Sport"],"inLanguage":"fr-FR"},{"@type":"WebPage","@id":"https:\/\/www.webdo.tn\/fr\/actualite\/sport\/kais-saied-recoit-les-champions-d-afrique-du-ms-boussalem\/206018\/","url":"https:\/\/www.webdo.tn\/fr\/actualite\/sport\/kais-saied-recoit-les-champions-d-afrique-du-ms-boussalem\/206018\/","name":"Kais Sa\u00efed re\u00e7oit les champions d'Afrique du MS Boussalem","isPartOf":{"@id":"https:\/\/www.webdo.tn\/fr\/#website"},"primaryImageOfPage":{"@id":"https:\/\/www.webdo.tn\/fr\/actualite\/sport\/kais-saied-recoit-les-champions-d-afrique-du-ms-boussalem\/206018\/#primaryimage"},"image":{"@id":"https:\/\/www.webdo.tn\/fr\/actualite\/sport\/kais-saied-recoit-les-champions-d-afrique-du-ms-boussalem\/206018\/#primaryimage"},"thumbnailUrl":"https:\/\/www.webdo.tn\/fr\/wp-content\/uploads\/2023\/05\/3a821465a8a88b6bccd595466c1485f7.jpg","datePublished":"2023-05-24T21:08:00+00:00","dateModified":"2025-05-14T10:41:40+00:00","description":"Le pr\u00e9sident de la R\u00e9publique, Ka\u00efs Sa\u00efed a re\u00e7u, mercredi 24 mai 2023 au Palais de Carthage, les joueurs et les responsables du MS Boussalem, tout juste aur\u00e9ol...","breadcrumb":{"@id":"https:\/\/www.webdo.tn\/fr\/actualite\/sport\/kais-saied-recoit-les-champions-d-afrique-du-ms-boussalem\/206018\/#breadcrumb"},"inLanguage":"fr-FR","potentialAction":[{"@type":"ReadAction","target":["https:\/\/www.webdo.tn\/fr\/actualite\/sport\/kais-saied-recoit-les-champions-d-afrique-du-ms-boussalem\/206018\/"]}]},{"@type":"ImageObject","inLanguage":"fr-FR","@id":"https:\/\/www.webdo.tn\/fr\/actualite\/sport\/kais-saied-recoit-les-champions-d-afrique-du-ms-boussalem\/206018\/#primaryimage","url":"https:\/\/www.webdo.tn\/fr\/wp-content\/uploads\/2023\/05\/3a821465a8a88b6bccd595466c1485f7.jpg","contentUrl":"https:\/\/www.webdo.tn\/fr\/wp-content\/uploads\/2023\/05\/3a821465a8a88b6bccd595466c1485f7.jpg","width":750,"height":400,"caption":"Kais Sa\u00efed re\u00e7oit les champions d'Afrique du MS Boussalem"},{"@type":"BreadcrumbList","@id":"https:\/\/www.webdo.tn\/fr\/actualite\/sport\/kais-saied-recoit-les-champions-d-afrique-du-ms-boussalem\/206018\/#breadcrumb","itemListElement":[{"@type":"ListItem","position":1,"name":"Accueil","item":"https:\/\/www.webdo.tn\/fr\/"},{"@type":"ListItem","position":2,"name":"Kais Sa\u00efed re\u00e7oit les champions d&rsquo;Afrique du MS Boussalem"}]},{"@type":"WebSite","@id":"https:\/\/www.webdo.tn\/fr\/#website","url":"https:\/\/www.webdo.tn\/fr\/","name":"webdo","description":"Tunisie - News en Tunisie et \u00e0 l&#039;international sur Webdo.tn","publisher":{"@id":"https:\/\/www.webdo.tn\/fr\/#organization"},"potentialAction":[{"@type":"SearchAction","target":{"@type":"EntryPoint","urlTemplate":"https:\/\/www.webdo.tn\/fr\/?s={search_term_string}"},"query-input":{"@type":"PropertyValueSpecification","valueRequired":true,"valueName":"search_term_string"}}],"inLanguage":"fr-FR"},{"@type":"Organization","@id":"https:\/\/www.webdo.tn\/fr\/#organization","name":"Webdo","alternateName":"Webdo.tn","url":"https:\/\/www.webdo.tn\/fr\/","logo":{"@type":"ImageObject","inLanguage":"fr-FR","@id":"https:\/\/www.webdo.tn\/fr\/#\/schema\/logo\/image\/","url":"https:\/\/www.webdo.tn\/fr\/wp-content\/uploads\/2025\/06\/Webdo-Tunisie_168377.jpg","contentUrl":"https:\/\/www.webdo.tn\/fr\/wp-content\/uploads\/2025\/06\/Webdo-Tunisie_168377.jpg","width":301,"height":301,"caption":"Webdo"},"image":{"@id":"https:\/\/www.webdo.tn\/fr\/#\/schema\/logo\/image\/"},"sameAs":["https:\/\/www.facebook.com\/webdotn","https:\/\/x.com\/webdo_tn"],"description":"Webdo est un m\u00e9dia num\u00e9rique tunisien fond\u00e9 en 2010, sp\u00e9cialis\u00e9 dans l\u2019actualit\u00e9 nationale et internationale, l\u2019\u00e9conomie, la soci\u00e9t\u00e9 et les analyses politiques. Le site s\u2019adresse \u00e0 un large public francophone et couvre l\u2019information tunisienne en temps r\u00e9el.","email":"redac@webdo.tn","legalName":"YNJ SARL","foundingDate":"2010-09-06","numberOfEmployees":{"@type":"QuantitativeValue","minValue":"11","maxValue":"50"}},{"@type":"Person","@id":"https:\/\/www.webdo.tn\/fr\/#\/schema\/person\/1f4e491e0907b413d61089e8eb573acc","name":"Webdo","image":{"@type":"ImageObject","inLanguage":"fr-FR","@id":"https:\/\/secure.gravatar.com\/avatar\/de97aeec1bb80978a9dbb127e47dfc88aaacb2f3c29aac907d8d3222e3495d49?s=96&d=mm&r=g","url":"https:\/\/secure.gravatar.com\/avatar\/de97aeec1bb80978a9dbb127e47dfc88aaacb2f3c29aac907d8d3222e3495d49?s=96&d=mm&r=g","contentUrl":"https:\/\/secure.gravatar.com\/avatar\/de97aeec1bb80978a9dbb127e47dfc88aaacb2f3c29aac907d8d3222e3495d49?s=96&d=mm&r=g","caption":"Webdo"},"url":"https:\/\/www.webdo.tn\/fr\/actualite\/author\/webdo\/"}]}},"_links":{"self":[{"href":"https:\/\/www.webdo.tn\/fr\/wp-json\/wp\/v2\/posts\/206018","targetHints":{"allow":["GET"]}}],"collection":[{"href":"https:\/\/www.webdo.tn\/fr\/wp-json\/wp\/v2\/posts"}],"about":[{"href":"https:\/\/www.webdo.tn\/fr\/wp-json\/wp\/v2\/types\/post"}],"author":[{"embeddable":true,"href":"https:\/\/www.webdo.tn\/fr\/wp-json\/wp\/v2\/users\/3169"}],"replies":[{"embeddable":true,"href":"https:\/\/www.webdo.tn\/fr\/wp-json\/wp\/v2\/comments?post=206018"}],"version-history":[{"count":0,"href":"https:\/\/www.webdo.tn\/fr\/wp-json\/wp\/v2\/posts\/206018\/revisions"}],"wp:featuredmedia":[{"embeddable":true,"href":"https:\/\/www.webdo.tn\/fr\/wp-json\/wp\/v2\/media\/251068"}],"wp:attachment":[{"href":"https:\/\/www.webdo.tn\/fr\/wp-json\/wp\/v2\/media?parent=206018"}],"wp:term":[{"taxonomy":"category","embeddable":true,"href":"https:\/\/www.webdo.tn\/fr\/wp-json\/wp\/v2\/categories?post=206018"},{"taxonomy":"post_tag","embeddable":true,"href":"https:\/\/www.webdo.tn\/fr\/wp-json\/wp\/v2\/tags?post=206018"}],"curies":[{"name":"wp","href":"https:\/\/api.w.org\/{rel}","templated":true}]}}