{"id":206008,"date":"2023-05-24T15:22:00","date_gmt":"2023-05-24T15:22:00","guid":{"rendered":"https:\/\/www.webdo.tn\/fr\/blog\/accuse-de-viol-tariq-ramadan-a-ete-acquitte-par-la-justice-suisse\/206008\/"},"modified":"2025-05-20T21:59:27","modified_gmt":"2025-05-20T21:59:27","slug":"accuse-de-viol-tariq-ramadan-a-ete-acquitte-par-la-justice-suisse","status":"publish","type":"post","link":"https:\/\/www.webdo.tn\/fr\/actualite\/international\/accuse-de-viol-tariq-ramadan-a-ete-acquitte-par-la-justice-suisse\/206008\/","title":{"rendered":"Accus\u00e9 de viol, Tariq Ramadan a \u00e9t\u00e9 acquitt\u00e9 par la justice suisse"},"content":{"rendered":"<p>Poursuivi pour viol et contrainte sexuelle en Suisse dans une affaire qui remonte \u00e0 2008, le pr\u00e9dicateur, proche des Fr\u00e8res musulmans, a \u00e9t\u00e9 blanchi.<\/p>\n<p>\t\t\t\t\t\t\t\t\tTariq Ramadan \u00e9tait accus\u00e9 en Suisse de viol et de contrainte sexuelle. Quinze ans apr\u00e8s, le Tribunal correctionnel de Gen\u00e8ve l&rsquo;a innocent\u00e9, alors qu\u2019il est menac\u00e9 d&rsquo;un proc\u00e8s en France pour des faits similaires&#8230;<\/p>\n<p>Dans le dossier suisse, le procureur avait requis trois ans de prison dont la moiti\u00e9 ferme. Mais Tariq Ramadan a \u00e9t\u00e9 acquitt\u00e9 pour absence de preuves, des t\u00e9moignages contradictoires, y compris des psychiatres, et des \u00abmessages d&rsquo;amour\u00bb envoy\u00e9s par la plaignante apr\u00e8s les faits.<\/p>\n<p>Les avocats de la plaignante, 57 ans, convertie \u00e0 l&rsquo;islam, ont annonc\u00e9 faire appel.<\/p>\n<p>Selon la plaignante, Tariq Ramadan l&rsquo;a soumise \u00e0 des actes sexuels brutaux accompagn\u00e9s de coups et d&rsquo;insultes dans la chambre de l&rsquo;h\u00f4tel genevois o\u00f9 il s\u00e9journait, la nuit du 28 octobre 2008. Elle avait port\u00e9 plainte dix ans apr\u00e8s les faits.<\/p>\n<p>En France, Tariq Ramadan est soup\u00e7onn\u00e9 de viols commis entre 2009 et 2016 sur quatre femmes, une affaire qui a d\u00e9clench\u00e9 sa chute en 2017. Le parquet de Paris a requis en juillet son renvoi devant une cour d&rsquo;assises et il appartient aux juges d&rsquo;instruction d&rsquo;ordonner un proc\u00e8s ou pas.<\/p>\n","protected":false},"excerpt":{"rendered":"<p>Poursuivi pour viol et contrainte sexuelle en Suisse, Tariq Ramadan a \u00e9t\u00e9 blanchi.<\/p>\n","protected":false},"author":3162,"featured_media":251061,"comment_status":"open","ping_status":"closed","sticky":false,"template":"","format":"standard","meta":{"footnotes":""},"categories":[2598],"tags":[2619,3155,8390,8034],"class_list":["post-206008","post","type-post","status-publish","format-standard","has-post-thumbnail","hentry","category-international","tag-justice","tag-suisse","tag-tariq-ramadan","tag-viol"],"yoast_head":"<!-- This site is optimized with the Yoast SEO Premium plugin v27.5 (Yoast SEO v27.5) - https:\/\/yoast.com\/product\/yoast-seo-premium-wordpress\/ -->\n<title>Accus\u00e9 de viol, Tariq Ramadan a \u00e9t\u00e9 acquitt\u00e9 par la justice suisse<\/title>\n<meta name=\"description\" content=\"Poursuivi pour viol et contrainte sexuelle en Suisse, Tariq Ramadan a \u00e9t\u00e9 blanchi.\" \/>\n<link rel=\"canonical\" href=\"https:\/\/www.webdo.tn\/fr\/actualite\/international\/accuse-de-viol-tariq-ramadan-a-ete-acquitte-par-la-justice-suisse\/206008\/\" \/>\n<meta property=\"og:locale\" content=\"fr_FR\" \/>\n<meta property=\"og:type\" content=\"article\" \/>\n<meta property=\"og:title\" content=\"Accus\u00e9 de viol, Tariq Ramadan a \u00e9t\u00e9 acquitt\u00e9 par la justice suisse\" \/>\n<meta property=\"og:description\" content=\"Poursuivi pour viol et contrainte sexuelle en Suisse, Tariq Ramadan a \u00e9t\u00e9 blanchi.\" \/>\n<meta property=\"og:url\" content=\"https:\/\/www.webdo.tn\/fr\/actualite\/international\/accuse-de-viol-tariq-ramadan-a-ete-acquitte-par-la-justice-suisse\/206008\/\" \/>\n<meta property=\"og:site_name\" content=\"webdo\" \/>\n<meta property=\"article:publisher\" content=\"https:\/\/www.facebook.com\/webdotn\" \/>\n<meta property=\"article:published_time\" content=\"2023-05-24T15:22:00+00:00\" \/>\n<meta property=\"article:modified_time\" content=\"2025-05-20T21:59:27+00:00\" \/>\n<meta property=\"og:image\" content=\"https:\/\/www.webdo.tn\/fr\/wp-content\/uploads\/2023\/05\/14d15b33e65570f9f2e47c82bb1b57b1.jpg\" \/>\n\t<meta property=\"og:image:width\" content=\"750\" \/>\n\t<meta property=\"og:image:height\" content=\"400\" \/>\n\t<meta property=\"og:image:type\" content=\"image\/jpeg\" \/>\n<meta name=\"author\" content=\"MC\" \/>\n<meta name=\"twitter:card\" content=\"summary_large_image\" \/>\n<meta name=\"twitter:creator\" content=\"@webdo_tn\" \/>\n<meta name=\"twitter:site\" content=\"@webdo_tn\" \/>\n<meta name=\"twitter:label1\" content=\"\u00c9crit par\" \/>\n\t<meta name=\"twitter:data1\" content=\"MC\" \/>\n\t<meta name=\"twitter:label2\" content=\"Dur\u00e9e de lecture estim\u00e9e\" \/>\n\t<meta name=\"twitter:data2\" content=\"1 minute\" \/>\n<script type=\"application\/ld+json\" class=\"yoast-schema-graph\">{\"@context\":\"https:\\\/\\\/schema.org\",\"@graph\":[{\"@type\":\"NewsArticle\",\"@id\":\"https:\\\/\\\/www.webdo.tn\\\/fr\\\/actualite\\\/international\\\/accuse-de-viol-tariq-ramadan-a-ete-acquitte-par-la-justice-suisse\\\/206008\\\/#article\",\"isPartOf\":{\"@id\":\"https:\\\/\\\/www.webdo.tn\\\/fr\\\/actualite\\\/international\\\/accuse-de-viol-tariq-ramadan-a-ete-acquitte-par-la-justice-suisse\\\/206008\\\/\"},\"author\":{\"name\":\"MC\",\"@id\":\"https:\\\/\\\/www.webdo.tn\\\/fr\\\/#\\\/schema\\\/person\\\/2c4929cbf5a809e3bd38617c6ce150f6\"},\"headline\":\"Accus\u00e9 de viol, Tariq Ramadan a \u00e9t\u00e9 acquitt\u00e9 par la justice suisse\",\"datePublished\":\"2023-05-24T15:22:00+00:00\",\"dateModified\":\"2025-05-20T21:59:27+00:00\",\"mainEntityOfPage\":{\"@id\":\"https:\\\/\\\/www.webdo.tn\\\/fr\\\/actualite\\\/international\\\/accuse-de-viol-tariq-ramadan-a-ete-acquitte-par-la-justice-suisse\\\/206008\\\/\"},\"wordCount\":235,\"commentCount\":0,\"publisher\":{\"@id\":\"https:\\\/\\\/www.webdo.tn\\\/fr\\\/#organization\"},\"image\":{\"@id\":\"https:\\\/\\\/www.webdo.tn\\\/fr\\\/actualite\\\/international\\\/accuse-de-viol-tariq-ramadan-a-ete-acquitte-par-la-justice-suisse\\\/206008\\\/#primaryimage\"},\"thumbnailUrl\":\"https:\\\/\\\/www.webdo.tn\\\/fr\\\/wp-content\\\/uploads\\\/2023\\\/05\\\/14d15b33e65570f9f2e47c82bb1b57b1.jpg\",\"keywords\":[\"justice\",\"suisse\",\"tariq ramadan\",\"Viol\"],\"articleSection\":[\"International\"],\"inLanguage\":\"fr-FR\"},{\"@type\":\"WebPage\",\"@id\":\"https:\\\/\\\/www.webdo.tn\\\/fr\\\/actualite\\\/international\\\/accuse-de-viol-tariq-ramadan-a-ete-acquitte-par-la-justice-suisse\\\/206008\\\/\",\"url\":\"https:\\\/\\\/www.webdo.tn\\\/fr\\\/actualite\\\/international\\\/accuse-de-viol-tariq-ramadan-a-ete-acquitte-par-la-justice-suisse\\\/206008\\\/\",\"name\":\"Accus\u00e9 de viol, Tariq Ramadan a \u00e9t\u00e9 acquitt\u00e9 par la justice suisse\",\"isPartOf\":{\"@id\":\"https:\\\/\\\/www.webdo.tn\\\/fr\\\/#website\"},\"primaryImageOfPage\":{\"@id\":\"https:\\\/\\\/www.webdo.tn\\\/fr\\\/actualite\\\/international\\\/accuse-de-viol-tariq-ramadan-a-ete-acquitte-par-la-justice-suisse\\\/206008\\\/#primaryimage\"},\"image\":{\"@id\":\"https:\\\/\\\/www.webdo.tn\\\/fr\\\/actualite\\\/international\\\/accuse-de-viol-tariq-ramadan-a-ete-acquitte-par-la-justice-suisse\\\/206008\\\/#primaryimage\"},\"thumbnailUrl\":\"https:\\\/\\\/www.webdo.tn\\\/fr\\\/wp-content\\\/uploads\\\/2023\\\/05\\\/14d15b33e65570f9f2e47c82bb1b57b1.jpg\",\"datePublished\":\"2023-05-24T15:22:00+00:00\",\"dateModified\":\"2025-05-20T21:59:27+00:00\",\"description\":\"Poursuivi pour viol et contrainte sexuelle en Suisse, Tariq Ramadan a \u00e9t\u00e9 blanchi.\",\"breadcrumb\":{\"@id\":\"https:\\\/\\\/www.webdo.tn\\\/fr\\\/actualite\\\/international\\\/accuse-de-viol-tariq-ramadan-a-ete-acquitte-par-la-justice-suisse\\\/206008\\\/#breadcrumb\"},\"inLanguage\":\"fr-FR\",\"potentialAction\":[{\"@type\":\"ReadAction\",\"target\":[\"https:\\\/\\\/www.webdo.tn\\\/fr\\\/actualite\\\/international\\\/accuse-de-viol-tariq-ramadan-a-ete-acquitte-par-la-justice-suisse\\\/206008\\\/\"]}]},{\"@type\":\"ImageObject\",\"inLanguage\":\"fr-FR\",\"@id\":\"https:\\\/\\\/www.webdo.tn\\\/fr\\\/actualite\\\/international\\\/accuse-de-viol-tariq-ramadan-a-ete-acquitte-par-la-justice-suisse\\\/206008\\\/#primaryimage\",\"url\":\"https:\\\/\\\/www.webdo.tn\\\/fr\\\/wp-content\\\/uploads\\\/2023\\\/05\\\/14d15b33e65570f9f2e47c82bb1b57b1.jpg\",\"contentUrl\":\"https:\\\/\\\/www.webdo.tn\\\/fr\\\/wp-content\\\/uploads\\\/2023\\\/05\\\/14d15b33e65570f9f2e47c82bb1b57b1.jpg\",\"width\":750,\"height\":400,\"caption\":\"Accus\u00e9 de viol, Tariq Ramadan a \u00e9t\u00e9 acquitt\u00e9 par la justice suisse\"},{\"@type\":\"BreadcrumbList\",\"@id\":\"https:\\\/\\\/www.webdo.tn\\\/fr\\\/actualite\\\/international\\\/accuse-de-viol-tariq-ramadan-a-ete-acquitte-par-la-justice-suisse\\\/206008\\\/#breadcrumb\",\"itemListElement\":[{\"@type\":\"ListItem\",\"position\":1,\"name\":\"Accueil\",\"item\":\"https:\\\/\\\/www.webdo.tn\\\/fr\\\/\"},{\"@type\":\"ListItem\",\"position\":2,\"name\":\"Accus\u00e9 de viol, Tariq Ramadan a \u00e9t\u00e9 acquitt\u00e9 par la justice suisse\"}]},{\"@type\":\"WebSite\",\"@id\":\"https:\\\/\\\/www.webdo.tn\\\/fr\\\/#website\",\"url\":\"https:\\\/\\\/www.webdo.tn\\\/fr\\\/\",\"name\":\"webdo\",\"description\":\"Tunisie - News en Tunisie et \u00e0 l&#039;international sur Webdo.tn\",\"publisher\":{\"@id\":\"https:\\\/\\\/www.webdo.tn\\\/fr\\\/#organization\"},\"potentialAction\":[{\"@type\":\"SearchAction\",\"target\":{\"@type\":\"EntryPoint\",\"urlTemplate\":\"https:\\\/\\\/www.webdo.tn\\\/fr\\\/?s={search_term_string}\"},\"query-input\":{\"@type\":\"PropertyValueSpecification\",\"valueRequired\":true,\"valueName\":\"search_term_string\"}}],\"inLanguage\":\"fr-FR\"},{\"@type\":\"Organization\",\"@id\":\"https:\\\/\\\/www.webdo.tn\\\/fr\\\/#organization\",\"name\":\"Webdo\",\"alternateName\":\"Webdo.tn\",\"url\":\"https:\\\/\\\/www.webdo.tn\\\/fr\\\/\",\"logo\":{\"@type\":\"ImageObject\",\"inLanguage\":\"fr-FR\",\"@id\":\"https:\\\/\\\/www.webdo.tn\\\/fr\\\/#\\\/schema\\\/logo\\\/image\\\/\",\"url\":\"https:\\\/\\\/www.webdo.tn\\\/fr\\\/wp-content\\\/uploads\\\/2025\\\/06\\\/Webdo-Tunisie_168377.jpg\",\"contentUrl\":\"https:\\\/\\\/www.webdo.tn\\\/fr\\\/wp-content\\\/uploads\\\/2025\\\/06\\\/Webdo-Tunisie_168377.jpg\",\"width\":301,\"height\":301,\"caption\":\"Webdo\"},\"image\":{\"@id\":\"https:\\\/\\\/www.webdo.tn\\\/fr\\\/#\\\/schema\\\/logo\\\/image\\\/\"},\"sameAs\":[\"https:\\\/\\\/www.facebook.com\\\/webdotn\",\"https:\\\/\\\/x.com\\\/webdo_tn\"],\"description\":\"Webdo est un m\u00e9dia num\u00e9rique tunisien fond\u00e9 en 2010, sp\u00e9cialis\u00e9 dans l\u2019actualit\u00e9 nationale et internationale, l\u2019\u00e9conomie, la soci\u00e9t\u00e9 et les analyses politiques. Le site s\u2019adresse \u00e0 un large public francophone et couvre l\u2019information tunisienne en temps r\u00e9el.\",\"email\":\"redac@webdo.tn\",\"legalName\":\"YNJ SARL\",\"foundingDate\":\"2010-09-06\",\"numberOfEmployees\":{\"@type\":\"QuantitativeValue\",\"minValue\":\"11\",\"maxValue\":\"50\"}},{\"@type\":\"Person\",\"@id\":\"https:\\\/\\\/www.webdo.tn\\\/fr\\\/#\\\/schema\\\/person\\\/2c4929cbf5a809e3bd38617c6ce150f6\",\"name\":\"MC\",\"image\":{\"@type\":\"ImageObject\",\"inLanguage\":\"fr-FR\",\"@id\":\"https:\\\/\\\/secure.gravatar.com\\\/avatar\\\/a545bbb6f84efdd5553dbbc2895e3ca8f1d12c5215e00a041c9670b54aa9b18a?s=96&d=mm&r=g\",\"url\":\"https:\\\/\\\/secure.gravatar.com\\\/avatar\\\/a545bbb6f84efdd5553dbbc2895e3ca8f1d12c5215e00a041c9670b54aa9b18a?s=96&d=mm&r=g\",\"contentUrl\":\"https:\\\/\\\/secure.gravatar.com\\\/avatar\\\/a545bbb6f84efdd5553dbbc2895e3ca8f1d12c5215e00a041c9670b54aa9b18a?s=96&d=mm&r=g\",\"caption\":\"MC\"},\"url\":\"https:\\\/\\\/www.webdo.tn\\\/fr\\\/actualite\\\/author\\\/mc\\\/\"}]}<\/script>\n<!-- \/ Yoast SEO Premium plugin. -->","yoast_head_json":{"title":"Accus\u00e9 de viol, Tariq Ramadan a \u00e9t\u00e9 acquitt\u00e9 par la justice suisse","description":"Poursuivi pour viol et contrainte sexuelle en Suisse, Tariq Ramadan a \u00e9t\u00e9 blanchi.","canonical":"https:\/\/www.webdo.tn\/fr\/actualite\/international\/accuse-de-viol-tariq-ramadan-a-ete-acquitte-par-la-justice-suisse\/206008\/","og_locale":"fr_FR","og_type":"article","og_title":"Accus\u00e9 de viol, Tariq Ramadan a \u00e9t\u00e9 acquitt\u00e9 par la justice suisse","og_description":"Poursuivi pour viol et contrainte sexuelle en Suisse, Tariq Ramadan a \u00e9t\u00e9 blanchi.","og_url":"https:\/\/www.webdo.tn\/fr\/actualite\/international\/accuse-de-viol-tariq-ramadan-a-ete-acquitte-par-la-justice-suisse\/206008\/","og_site_name":"webdo","article_publisher":"https:\/\/www.facebook.com\/webdotn","article_published_time":"2023-05-24T15:22:00+00:00","article_modified_time":"2025-05-20T21:59:27+00:00","og_image":[{"width":750,"height":400,"url":"https:\/\/www.webdo.tn\/fr\/wp-content\/uploads\/2023\/05\/14d15b33e65570f9f2e47c82bb1b57b1.jpg","type":"image\/jpeg"}],"author":"MC","twitter_card":"summary_large_image","twitter_creator":"@webdo_tn","twitter_site":"@webdo_tn","twitter_misc":{"\u00c9crit par":"MC","Dur\u00e9e de lecture estim\u00e9e":"1 minute"},"schema":{"@context":"https:\/\/schema.org","@graph":[{"@type":"NewsArticle","@id":"https:\/\/www.webdo.tn\/fr\/actualite\/international\/accuse-de-viol-tariq-ramadan-a-ete-acquitte-par-la-justice-suisse\/206008\/#article","isPartOf":{"@id":"https:\/\/www.webdo.tn\/fr\/actualite\/international\/accuse-de-viol-tariq-ramadan-a-ete-acquitte-par-la-justice-suisse\/206008\/"},"author":{"name":"MC","@id":"https:\/\/www.webdo.tn\/fr\/#\/schema\/person\/2c4929cbf5a809e3bd38617c6ce150f6"},"headline":"Accus\u00e9 de viol, Tariq Ramadan a \u00e9t\u00e9 acquitt\u00e9 par la justice suisse","datePublished":"2023-05-24T15:22:00+00:00","dateModified":"2025-05-20T21:59:27+00:00","mainEntityOfPage":{"@id":"https:\/\/www.webdo.tn\/fr\/actualite\/international\/accuse-de-viol-tariq-ramadan-a-ete-acquitte-par-la-justice-suisse\/206008\/"},"wordCount":235,"commentCount":0,"publisher":{"@id":"https:\/\/www.webdo.tn\/fr\/#organization"},"image":{"@id":"https:\/\/www.webdo.tn\/fr\/actualite\/international\/accuse-de-viol-tariq-ramadan-a-ete-acquitte-par-la-justice-suisse\/206008\/#primaryimage"},"thumbnailUrl":"https:\/\/www.webdo.tn\/fr\/wp-content\/uploads\/2023\/05\/14d15b33e65570f9f2e47c82bb1b57b1.jpg","keywords":["justice","suisse","tariq ramadan","Viol"],"articleSection":["International"],"inLanguage":"fr-FR"},{"@type":"WebPage","@id":"https:\/\/www.webdo.tn\/fr\/actualite\/international\/accuse-de-viol-tariq-ramadan-a-ete-acquitte-par-la-justice-suisse\/206008\/","url":"https:\/\/www.webdo.tn\/fr\/actualite\/international\/accuse-de-viol-tariq-ramadan-a-ete-acquitte-par-la-justice-suisse\/206008\/","name":"Accus\u00e9 de viol, Tariq Ramadan a \u00e9t\u00e9 acquitt\u00e9 par la justice suisse","isPartOf":{"@id":"https:\/\/www.webdo.tn\/fr\/#website"},"primaryImageOfPage":{"@id":"https:\/\/www.webdo.tn\/fr\/actualite\/international\/accuse-de-viol-tariq-ramadan-a-ete-acquitte-par-la-justice-suisse\/206008\/#primaryimage"},"image":{"@id":"https:\/\/www.webdo.tn\/fr\/actualite\/international\/accuse-de-viol-tariq-ramadan-a-ete-acquitte-par-la-justice-suisse\/206008\/#primaryimage"},"thumbnailUrl":"https:\/\/www.webdo.tn\/fr\/wp-content\/uploads\/2023\/05\/14d15b33e65570f9f2e47c82bb1b57b1.jpg","datePublished":"2023-05-24T15:22:00+00:00","dateModified":"2025-05-20T21:59:27+00:00","description":"Poursuivi pour viol et contrainte sexuelle en Suisse, Tariq Ramadan a \u00e9t\u00e9 blanchi.","breadcrumb":{"@id":"https:\/\/www.webdo.tn\/fr\/actualite\/international\/accuse-de-viol-tariq-ramadan-a-ete-acquitte-par-la-justice-suisse\/206008\/#breadcrumb"},"inLanguage":"fr-FR","potentialAction":[{"@type":"ReadAction","target":["https:\/\/www.webdo.tn\/fr\/actualite\/international\/accuse-de-viol-tariq-ramadan-a-ete-acquitte-par-la-justice-suisse\/206008\/"]}]},{"@type":"ImageObject","inLanguage":"fr-FR","@id":"https:\/\/www.webdo.tn\/fr\/actualite\/international\/accuse-de-viol-tariq-ramadan-a-ete-acquitte-par-la-justice-suisse\/206008\/#primaryimage","url":"https:\/\/www.webdo.tn\/fr\/wp-content\/uploads\/2023\/05\/14d15b33e65570f9f2e47c82bb1b57b1.jpg","contentUrl":"https:\/\/www.webdo.tn\/fr\/wp-content\/uploads\/2023\/05\/14d15b33e65570f9f2e47c82bb1b57b1.jpg","width":750,"height":400,"caption":"Accus\u00e9 de viol, Tariq Ramadan a \u00e9t\u00e9 acquitt\u00e9 par la justice suisse"},{"@type":"BreadcrumbList","@id":"https:\/\/www.webdo.tn\/fr\/actualite\/international\/accuse-de-viol-tariq-ramadan-a-ete-acquitte-par-la-justice-suisse\/206008\/#breadcrumb","itemListElement":[{"@type":"ListItem","position":1,"name":"Accueil","item":"https:\/\/www.webdo.tn\/fr\/"},{"@type":"ListItem","position":2,"name":"Accus\u00e9 de viol, Tariq Ramadan a \u00e9t\u00e9 acquitt\u00e9 par la justice suisse"}]},{"@type":"WebSite","@id":"https:\/\/www.webdo.tn\/fr\/#website","url":"https:\/\/www.webdo.tn\/fr\/","name":"webdo","description":"Tunisie - News en Tunisie et \u00e0 l&#039;international sur Webdo.tn","publisher":{"@id":"https:\/\/www.webdo.tn\/fr\/#organization"},"potentialAction":[{"@type":"SearchAction","target":{"@type":"EntryPoint","urlTemplate":"https:\/\/www.webdo.tn\/fr\/?s={search_term_string}"},"query-input":{"@type":"PropertyValueSpecification","valueRequired":true,"valueName":"search_term_string"}}],"inLanguage":"fr-FR"},{"@type":"Organization","@id":"https:\/\/www.webdo.tn\/fr\/#organization","name":"Webdo","alternateName":"Webdo.tn","url":"https:\/\/www.webdo.tn\/fr\/","logo":{"@type":"ImageObject","inLanguage":"fr-FR","@id":"https:\/\/www.webdo.tn\/fr\/#\/schema\/logo\/image\/","url":"https:\/\/www.webdo.tn\/fr\/wp-content\/uploads\/2025\/06\/Webdo-Tunisie_168377.jpg","contentUrl":"https:\/\/www.webdo.tn\/fr\/wp-content\/uploads\/2025\/06\/Webdo-Tunisie_168377.jpg","width":301,"height":301,"caption":"Webdo"},"image":{"@id":"https:\/\/www.webdo.tn\/fr\/#\/schema\/logo\/image\/"},"sameAs":["https:\/\/www.facebook.com\/webdotn","https:\/\/x.com\/webdo_tn"],"description":"Webdo est un m\u00e9dia num\u00e9rique tunisien fond\u00e9 en 2010, sp\u00e9cialis\u00e9 dans l\u2019actualit\u00e9 nationale et internationale, l\u2019\u00e9conomie, la soci\u00e9t\u00e9 et les analyses politiques. Le site s\u2019adresse \u00e0 un large public francophone et couvre l\u2019information tunisienne en temps r\u00e9el.","email":"redac@webdo.tn","legalName":"YNJ SARL","foundingDate":"2010-09-06","numberOfEmployees":{"@type":"QuantitativeValue","minValue":"11","maxValue":"50"}},{"@type":"Person","@id":"https:\/\/www.webdo.tn\/fr\/#\/schema\/person\/2c4929cbf5a809e3bd38617c6ce150f6","name":"MC","image":{"@type":"ImageObject","inLanguage":"fr-FR","@id":"https:\/\/secure.gravatar.com\/avatar\/a545bbb6f84efdd5553dbbc2895e3ca8f1d12c5215e00a041c9670b54aa9b18a?s=96&d=mm&r=g","url":"https:\/\/secure.gravatar.com\/avatar\/a545bbb6f84efdd5553dbbc2895e3ca8f1d12c5215e00a041c9670b54aa9b18a?s=96&d=mm&r=g","contentUrl":"https:\/\/secure.gravatar.com\/avatar\/a545bbb6f84efdd5553dbbc2895e3ca8f1d12c5215e00a041c9670b54aa9b18a?s=96&d=mm&r=g","caption":"MC"},"url":"https:\/\/www.webdo.tn\/fr\/actualite\/author\/mc\/"}]}},"_links":{"self":[{"href":"https:\/\/www.webdo.tn\/fr\/wp-json\/wp\/v2\/posts\/206008","targetHints":{"allow":["GET"]}}],"collection":[{"href":"https:\/\/www.webdo.tn\/fr\/wp-json\/wp\/v2\/posts"}],"about":[{"href":"https:\/\/www.webdo.tn\/fr\/wp-json\/wp\/v2\/types\/post"}],"author":[{"embeddable":true,"href":"https:\/\/www.webdo.tn\/fr\/wp-json\/wp\/v2\/users\/3162"}],"replies":[{"embeddable":true,"href":"https:\/\/www.webdo.tn\/fr\/wp-json\/wp\/v2\/comments?post=206008"}],"version-history":[{"count":0,"href":"https:\/\/www.webdo.tn\/fr\/wp-json\/wp\/v2\/posts\/206008\/revisions"}],"wp:featuredmedia":[{"embeddable":true,"href":"https:\/\/www.webdo.tn\/fr\/wp-json\/wp\/v2\/media\/251061"}],"wp:attachment":[{"href":"https:\/\/www.webdo.tn\/fr\/wp-json\/wp\/v2\/media?parent=206008"}],"wp:term":[{"taxonomy":"category","embeddable":true,"href":"https:\/\/www.webdo.tn\/fr\/wp-json\/wp\/v2\/categories?post=206008"},{"taxonomy":"post_tag","embeddable":true,"href":"https:\/\/www.webdo.tn\/fr\/wp-json\/wp\/v2\/tags?post=206008"}],"curies":[{"name":"wp","href":"https:\/\/api.w.org\/{rel}","templated":true}]}}