{"id":206006,"date":"2023-05-24T14:56:00","date_gmt":"2023-05-24T14:56:00","guid":{"rendered":"https:\/\/www.webdo.tn\/fr\/blog\/tunisie-la-bad-prevoit-un-taux-de-croissance-de-2-3-en-2023\/206006\/"},"modified":"2025-05-20T21:59:28","modified_gmt":"2025-05-20T21:59:28","slug":"tunisie-la-bad-prevoit-un-taux-de-croissance-de-2-3-en-2023","status":"publish","type":"post","link":"https:\/\/www.webdo.tn\/fr\/actualite\/national\/tunisie-la-bad-prevoit-un-taux-de-croissance-de-2-3-en-2023\/206006\/","title":{"rendered":"Tunisie : La BAD pr\u00e9voit un taux de croissance de 2,3% en 2023"},"content":{"rendered":"<p>La Banque africaine de d\u00e9veloppement (BAD) pr\u00e9voit un taux de croissance de 2,3% pour la Tunisie durant la p\u00e9riode 2023\/2024, selon un rapport sur les perspectives \u00e9conomiques en Afrique de 2023 pr\u00e9sent\u00e9e aujourd\u2019hui, \u00e0 Charm el-Cheikh.<\/p>\n<p>\t\t\t\t\t\t\t\t\tLa BAD pr\u00e9voit \u00e9galement, un taux d\u2019inflation de 8,8% durant la m\u00eame p\u00e9riode contre 8,3% pr\u00e9vu en 2023 par l&rsquo;Institut national de la statistique (INS) alors qu&rsquo;il est actuellement \u00e0 plus de 10%.<\/p>\n<p>Selon la Banque mondiale, La Tunisie devrait en effet r\u00e9aliser une croissance du PIB de 2,3 % en 2023 \u00e0 condition que des r\u00e9formes structurelles \u00ab\u00a0suffisamment ambitieuses\u00a0\u00bb soient adopt\u00e9es.<\/p>\n<p>Ces pr\u00e9visions supposent la finalisation de l\u2019accord avec le Fonds Mon\u00e9taire International au cours du premier semestre de 2023 et la mobilisation d\u2019un financement suffisant pour couvrir les besoins ext\u00e9rieurs et budg\u00e9taires. Elles supposent, \u00e9galement, la concr\u00e9tisation des r\u00e9formes fiscales dans la loi de finances 2023 dont celles relatives aux subventions et \u00e0 l\u2019\u00e9limination des obstacles entravant la concurrence.<\/p>\n<p>Le Fonds mon\u00e9taire international, quant \u00e0 lui, table sur une croissance de 1,3% en 2023, et de 1,9% en 2024.<\/p>\n<p>Dans son dernier rapport sur les perspectives \u00e9conomiques de la r\u00e9gion SEMED, la Banque europ\u00e9enne pour la reconstruction et le d\u00e9veloppement (BERD) a pr\u00e9vu un ralentissement de la croissance en Tunisie \u00e0 2% en 2023, avant de reprendre l\u00e9g\u00e8rement \u00e0 2,3% en 2024.<\/p>\n","protected":false},"excerpt":{"rendered":"<p>La BAD pr\u00e9voit un taux de croissance de 2,3% pour la Tunisie durant la p\u00e9riode 2023\/2024<\/p>\n","protected":false},"author":3162,"featured_media":251063,"comment_status":"open","ping_status":"closed","sticky":false,"template":"","format":"standard","meta":{"footnotes":""},"categories":[44],"tags":[2686,3854,2610,2608],"class_list":["post-206006","post","type-post","status-publish","format-standard","has-post-thumbnail","hentry","category-national","tag-bad","tag-croissance","tag-inflation","tag-tunisie"],"yoast_head":"<!-- This site is optimized with the Yoast SEO Premium plugin v27.4 (Yoast SEO v27.5) - https:\/\/yoast.com\/product\/yoast-seo-premium-wordpress\/ -->\n<title>Tunisie : La BAD pr\u00e9voit un taux de croissance de 2,3% en 2023<\/title>\n<meta name=\"description\" content=\"La BAD pr\u00e9voit un taux de croissance de 2,3% pour la Tunisie durant la p\u00e9riode 2023\/2024\" \/>\n<link rel=\"canonical\" href=\"https:\/\/www.webdo.tn\/fr\/actualite\/national\/tunisie-la-bad-prevoit-un-taux-de-croissance-de-2-3-en-2023\/206006\/\" \/>\n<meta property=\"og:locale\" content=\"fr_FR\" \/>\n<meta property=\"og:type\" content=\"article\" \/>\n<meta property=\"og:title\" content=\"Tunisie : La BAD pr\u00e9voit un taux de croissance de 2,3% en 2023\" \/>\n<meta property=\"og:description\" content=\"La BAD pr\u00e9voit un taux de croissance de 2,3% pour la Tunisie durant la p\u00e9riode 2023\/2024\" \/>\n<meta property=\"og:url\" content=\"https:\/\/www.webdo.tn\/fr\/actualite\/national\/tunisie-la-bad-prevoit-un-taux-de-croissance-de-2-3-en-2023\/206006\/\" \/>\n<meta property=\"og:site_name\" content=\"webdo\" \/>\n<meta property=\"article:publisher\" content=\"https:\/\/www.facebook.com\/webdotn\" \/>\n<meta property=\"article:published_time\" content=\"2023-05-24T14:56:00+00:00\" \/>\n<meta property=\"article:modified_time\" content=\"2025-05-20T21:59:28+00:00\" \/>\n<meta property=\"og:image\" content=\"https:\/\/www.webdo.tn\/fr\/wp-content\/uploads\/2023\/05\/74fa5758356217c6956fd9839f47e156.jpg\" \/>\n\t<meta property=\"og:image:width\" content=\"750\" \/>\n\t<meta property=\"og:image:height\" content=\"400\" \/>\n\t<meta property=\"og:image:type\" content=\"image\/jpeg\" \/>\n<meta name=\"author\" content=\"MC\" \/>\n<meta name=\"twitter:card\" content=\"summary_large_image\" \/>\n<meta name=\"twitter:creator\" content=\"@webdo_tn\" \/>\n<meta name=\"twitter:site\" content=\"@webdo_tn\" \/>\n<meta name=\"twitter:label1\" content=\"\u00c9crit par\" \/>\n\t<meta name=\"twitter:data1\" content=\"MC\" \/>\n\t<meta name=\"twitter:label2\" content=\"Dur\u00e9e de lecture estim\u00e9e\" \/>\n\t<meta name=\"twitter:data2\" content=\"1 minute\" \/>\n<script type=\"application\/ld+json\" class=\"yoast-schema-graph\">{\"@context\":\"https:\\\/\\\/schema.org\",\"@graph\":[{\"@type\":\"NewsArticle\",\"@id\":\"https:\\\/\\\/www.webdo.tn\\\/fr\\\/actualite\\\/national\\\/tunisie-la-bad-prevoit-un-taux-de-croissance-de-2-3-en-2023\\\/206006\\\/#article\",\"isPartOf\":{\"@id\":\"https:\\\/\\\/www.webdo.tn\\\/fr\\\/actualite\\\/national\\\/tunisie-la-bad-prevoit-un-taux-de-croissance-de-2-3-en-2023\\\/206006\\\/\"},\"author\":{\"name\":\"MC\",\"@id\":\"https:\\\/\\\/www.webdo.tn\\\/fr\\\/#\\\/schema\\\/person\\\/2c4929cbf5a809e3bd38617c6ce150f6\"},\"headline\":\"Tunisie : La BAD pr\u00e9voit un taux de croissance de 2,3% en 2023\",\"datePublished\":\"2023-05-24T14:56:00+00:00\",\"dateModified\":\"2025-05-20T21:59:28+00:00\",\"mainEntityOfPage\":{\"@id\":\"https:\\\/\\\/www.webdo.tn\\\/fr\\\/actualite\\\/national\\\/tunisie-la-bad-prevoit-un-taux-de-croissance-de-2-3-en-2023\\\/206006\\\/\"},\"wordCount\":236,\"commentCount\":0,\"publisher\":{\"@id\":\"https:\\\/\\\/www.webdo.tn\\\/fr\\\/#organization\"},\"image\":{\"@id\":\"https:\\\/\\\/www.webdo.tn\\\/fr\\\/actualite\\\/national\\\/tunisie-la-bad-prevoit-un-taux-de-croissance-de-2-3-en-2023\\\/206006\\\/#primaryimage\"},\"thumbnailUrl\":\"https:\\\/\\\/www.webdo.tn\\\/fr\\\/wp-content\\\/uploads\\\/2023\\\/05\\\/74fa5758356217c6956fd9839f47e156.jpg\",\"keywords\":[\"BAD\",\"Croissance\",\"inflation\",\"Tunisie\"],\"articleSection\":[\"National\"],\"inLanguage\":\"fr-FR\"},{\"@type\":\"WebPage\",\"@id\":\"https:\\\/\\\/www.webdo.tn\\\/fr\\\/actualite\\\/national\\\/tunisie-la-bad-prevoit-un-taux-de-croissance-de-2-3-en-2023\\\/206006\\\/\",\"url\":\"https:\\\/\\\/www.webdo.tn\\\/fr\\\/actualite\\\/national\\\/tunisie-la-bad-prevoit-un-taux-de-croissance-de-2-3-en-2023\\\/206006\\\/\",\"name\":\"Tunisie : La BAD pr\u00e9voit un taux de croissance de 2,3% en 2023\",\"isPartOf\":{\"@id\":\"https:\\\/\\\/www.webdo.tn\\\/fr\\\/#website\"},\"primaryImageOfPage\":{\"@id\":\"https:\\\/\\\/www.webdo.tn\\\/fr\\\/actualite\\\/national\\\/tunisie-la-bad-prevoit-un-taux-de-croissance-de-2-3-en-2023\\\/206006\\\/#primaryimage\"},\"image\":{\"@id\":\"https:\\\/\\\/www.webdo.tn\\\/fr\\\/actualite\\\/national\\\/tunisie-la-bad-prevoit-un-taux-de-croissance-de-2-3-en-2023\\\/206006\\\/#primaryimage\"},\"thumbnailUrl\":\"https:\\\/\\\/www.webdo.tn\\\/fr\\\/wp-content\\\/uploads\\\/2023\\\/05\\\/74fa5758356217c6956fd9839f47e156.jpg\",\"datePublished\":\"2023-05-24T14:56:00+00:00\",\"dateModified\":\"2025-05-20T21:59:28+00:00\",\"description\":\"La BAD pr\u00e9voit un taux de croissance de 2,3% pour la Tunisie durant la p\u00e9riode 2023\\\/2024\",\"breadcrumb\":{\"@id\":\"https:\\\/\\\/www.webdo.tn\\\/fr\\\/actualite\\\/national\\\/tunisie-la-bad-prevoit-un-taux-de-croissance-de-2-3-en-2023\\\/206006\\\/#breadcrumb\"},\"inLanguage\":\"fr-FR\",\"potentialAction\":[{\"@type\":\"ReadAction\",\"target\":[\"https:\\\/\\\/www.webdo.tn\\\/fr\\\/actualite\\\/national\\\/tunisie-la-bad-prevoit-un-taux-de-croissance-de-2-3-en-2023\\\/206006\\\/\"]}]},{\"@type\":\"ImageObject\",\"inLanguage\":\"fr-FR\",\"@id\":\"https:\\\/\\\/www.webdo.tn\\\/fr\\\/actualite\\\/national\\\/tunisie-la-bad-prevoit-un-taux-de-croissance-de-2-3-en-2023\\\/206006\\\/#primaryimage\",\"url\":\"https:\\\/\\\/www.webdo.tn\\\/fr\\\/wp-content\\\/uploads\\\/2023\\\/05\\\/74fa5758356217c6956fd9839f47e156.jpg\",\"contentUrl\":\"https:\\\/\\\/www.webdo.tn\\\/fr\\\/wp-content\\\/uploads\\\/2023\\\/05\\\/74fa5758356217c6956fd9839f47e156.jpg\",\"width\":750,\"height\":400,\"caption\":\"Tunisie : La BAD pr\u00e9voit un taux de croissance de 2,3% en 2023\"},{\"@type\":\"BreadcrumbList\",\"@id\":\"https:\\\/\\\/www.webdo.tn\\\/fr\\\/actualite\\\/national\\\/tunisie-la-bad-prevoit-un-taux-de-croissance-de-2-3-en-2023\\\/206006\\\/#breadcrumb\",\"itemListElement\":[{\"@type\":\"ListItem\",\"position\":1,\"name\":\"Accueil\",\"item\":\"https:\\\/\\\/www.webdo.tn\\\/fr\\\/\"},{\"@type\":\"ListItem\",\"position\":2,\"name\":\"Tunisie : La BAD pr\u00e9voit un taux de croissance de 2,3% en 2023\"}]},{\"@type\":\"WebSite\",\"@id\":\"https:\\\/\\\/www.webdo.tn\\\/fr\\\/#website\",\"url\":\"https:\\\/\\\/www.webdo.tn\\\/fr\\\/\",\"name\":\"webdo\",\"description\":\"Tunisie - News en Tunisie et \u00e0 l&#039;international sur Webdo.tn\",\"publisher\":{\"@id\":\"https:\\\/\\\/www.webdo.tn\\\/fr\\\/#organization\"},\"potentialAction\":[{\"@type\":\"SearchAction\",\"target\":{\"@type\":\"EntryPoint\",\"urlTemplate\":\"https:\\\/\\\/www.webdo.tn\\\/fr\\\/?s={search_term_string}\"},\"query-input\":{\"@type\":\"PropertyValueSpecification\",\"valueRequired\":true,\"valueName\":\"search_term_string\"}}],\"inLanguage\":\"fr-FR\"},{\"@type\":\"Organization\",\"@id\":\"https:\\\/\\\/www.webdo.tn\\\/fr\\\/#organization\",\"name\":\"Webdo\",\"alternateName\":\"Webdo.tn\",\"url\":\"https:\\\/\\\/www.webdo.tn\\\/fr\\\/\",\"logo\":{\"@type\":\"ImageObject\",\"inLanguage\":\"fr-FR\",\"@id\":\"https:\\\/\\\/www.webdo.tn\\\/fr\\\/#\\\/schema\\\/logo\\\/image\\\/\",\"url\":\"https:\\\/\\\/www.webdo.tn\\\/fr\\\/wp-content\\\/uploads\\\/2025\\\/06\\\/Webdo-Tunisie_168377.jpg\",\"contentUrl\":\"https:\\\/\\\/www.webdo.tn\\\/fr\\\/wp-content\\\/uploads\\\/2025\\\/06\\\/Webdo-Tunisie_168377.jpg\",\"width\":301,\"height\":301,\"caption\":\"Webdo\"},\"image\":{\"@id\":\"https:\\\/\\\/www.webdo.tn\\\/fr\\\/#\\\/schema\\\/logo\\\/image\\\/\"},\"sameAs\":[\"https:\\\/\\\/www.facebook.com\\\/webdotn\",\"https:\\\/\\\/x.com\\\/webdo_tn\"],\"description\":\"Webdo est un m\u00e9dia num\u00e9rique tunisien fond\u00e9 en 2010, sp\u00e9cialis\u00e9 dans l\u2019actualit\u00e9 nationale et internationale, l\u2019\u00e9conomie, la soci\u00e9t\u00e9 et les analyses politiques. Le site s\u2019adresse \u00e0 un large public francophone et couvre l\u2019information tunisienne en temps r\u00e9el.\",\"email\":\"redac@webdo.tn\",\"legalName\":\"YNJ SARL\",\"foundingDate\":\"2010-09-06\",\"numberOfEmployees\":{\"@type\":\"QuantitativeValue\",\"minValue\":\"11\",\"maxValue\":\"50\"}},{\"@type\":\"Person\",\"@id\":\"https:\\\/\\\/www.webdo.tn\\\/fr\\\/#\\\/schema\\\/person\\\/2c4929cbf5a809e3bd38617c6ce150f6\",\"name\":\"MC\",\"image\":{\"@type\":\"ImageObject\",\"inLanguage\":\"fr-FR\",\"@id\":\"https:\\\/\\\/secure.gravatar.com\\\/avatar\\\/a545bbb6f84efdd5553dbbc2895e3ca8f1d12c5215e00a041c9670b54aa9b18a?s=96&d=mm&r=g\",\"url\":\"https:\\\/\\\/secure.gravatar.com\\\/avatar\\\/a545bbb6f84efdd5553dbbc2895e3ca8f1d12c5215e00a041c9670b54aa9b18a?s=96&d=mm&r=g\",\"contentUrl\":\"https:\\\/\\\/secure.gravatar.com\\\/avatar\\\/a545bbb6f84efdd5553dbbc2895e3ca8f1d12c5215e00a041c9670b54aa9b18a?s=96&d=mm&r=g\",\"caption\":\"MC\"},\"url\":\"https:\\\/\\\/www.webdo.tn\\\/fr\\\/actualite\\\/author\\\/mc\\\/\"}]}<\/script>\n<!-- \/ Yoast SEO Premium plugin. -->","yoast_head_json":{"title":"Tunisie : La BAD pr\u00e9voit un taux de croissance de 2,3% en 2023","description":"La BAD pr\u00e9voit un taux de croissance de 2,3% pour la Tunisie durant la p\u00e9riode 2023\/2024","canonical":"https:\/\/www.webdo.tn\/fr\/actualite\/national\/tunisie-la-bad-prevoit-un-taux-de-croissance-de-2-3-en-2023\/206006\/","og_locale":"fr_FR","og_type":"article","og_title":"Tunisie : La BAD pr\u00e9voit un taux de croissance de 2,3% en 2023","og_description":"La BAD pr\u00e9voit un taux de croissance de 2,3% pour la Tunisie durant la p\u00e9riode 2023\/2024","og_url":"https:\/\/www.webdo.tn\/fr\/actualite\/national\/tunisie-la-bad-prevoit-un-taux-de-croissance-de-2-3-en-2023\/206006\/","og_site_name":"webdo","article_publisher":"https:\/\/www.facebook.com\/webdotn","article_published_time":"2023-05-24T14:56:00+00:00","article_modified_time":"2025-05-20T21:59:28+00:00","og_image":[{"width":750,"height":400,"url":"https:\/\/www.webdo.tn\/fr\/wp-content\/uploads\/2023\/05\/74fa5758356217c6956fd9839f47e156.jpg","type":"image\/jpeg"}],"author":"MC","twitter_card":"summary_large_image","twitter_creator":"@webdo_tn","twitter_site":"@webdo_tn","twitter_misc":{"\u00c9crit par":"MC","Dur\u00e9e de lecture estim\u00e9e":"1 minute"},"schema":{"@context":"https:\/\/schema.org","@graph":[{"@type":"NewsArticle","@id":"https:\/\/www.webdo.tn\/fr\/actualite\/national\/tunisie-la-bad-prevoit-un-taux-de-croissance-de-2-3-en-2023\/206006\/#article","isPartOf":{"@id":"https:\/\/www.webdo.tn\/fr\/actualite\/national\/tunisie-la-bad-prevoit-un-taux-de-croissance-de-2-3-en-2023\/206006\/"},"author":{"name":"MC","@id":"https:\/\/www.webdo.tn\/fr\/#\/schema\/person\/2c4929cbf5a809e3bd38617c6ce150f6"},"headline":"Tunisie : La BAD pr\u00e9voit un taux de croissance de 2,3% en 2023","datePublished":"2023-05-24T14:56:00+00:00","dateModified":"2025-05-20T21:59:28+00:00","mainEntityOfPage":{"@id":"https:\/\/www.webdo.tn\/fr\/actualite\/national\/tunisie-la-bad-prevoit-un-taux-de-croissance-de-2-3-en-2023\/206006\/"},"wordCount":236,"commentCount":0,"publisher":{"@id":"https:\/\/www.webdo.tn\/fr\/#organization"},"image":{"@id":"https:\/\/www.webdo.tn\/fr\/actualite\/national\/tunisie-la-bad-prevoit-un-taux-de-croissance-de-2-3-en-2023\/206006\/#primaryimage"},"thumbnailUrl":"https:\/\/www.webdo.tn\/fr\/wp-content\/uploads\/2023\/05\/74fa5758356217c6956fd9839f47e156.jpg","keywords":["BAD","Croissance","inflation","Tunisie"],"articleSection":["National"],"inLanguage":"fr-FR"},{"@type":"WebPage","@id":"https:\/\/www.webdo.tn\/fr\/actualite\/national\/tunisie-la-bad-prevoit-un-taux-de-croissance-de-2-3-en-2023\/206006\/","url":"https:\/\/www.webdo.tn\/fr\/actualite\/national\/tunisie-la-bad-prevoit-un-taux-de-croissance-de-2-3-en-2023\/206006\/","name":"Tunisie : La BAD pr\u00e9voit un taux de croissance de 2,3% en 2023","isPartOf":{"@id":"https:\/\/www.webdo.tn\/fr\/#website"},"primaryImageOfPage":{"@id":"https:\/\/www.webdo.tn\/fr\/actualite\/national\/tunisie-la-bad-prevoit-un-taux-de-croissance-de-2-3-en-2023\/206006\/#primaryimage"},"image":{"@id":"https:\/\/www.webdo.tn\/fr\/actualite\/national\/tunisie-la-bad-prevoit-un-taux-de-croissance-de-2-3-en-2023\/206006\/#primaryimage"},"thumbnailUrl":"https:\/\/www.webdo.tn\/fr\/wp-content\/uploads\/2023\/05\/74fa5758356217c6956fd9839f47e156.jpg","datePublished":"2023-05-24T14:56:00+00:00","dateModified":"2025-05-20T21:59:28+00:00","description":"La BAD pr\u00e9voit un taux de croissance de 2,3% pour la Tunisie durant la p\u00e9riode 2023\/2024","breadcrumb":{"@id":"https:\/\/www.webdo.tn\/fr\/actualite\/national\/tunisie-la-bad-prevoit-un-taux-de-croissance-de-2-3-en-2023\/206006\/#breadcrumb"},"inLanguage":"fr-FR","potentialAction":[{"@type":"ReadAction","target":["https:\/\/www.webdo.tn\/fr\/actualite\/national\/tunisie-la-bad-prevoit-un-taux-de-croissance-de-2-3-en-2023\/206006\/"]}]},{"@type":"ImageObject","inLanguage":"fr-FR","@id":"https:\/\/www.webdo.tn\/fr\/actualite\/national\/tunisie-la-bad-prevoit-un-taux-de-croissance-de-2-3-en-2023\/206006\/#primaryimage","url":"https:\/\/www.webdo.tn\/fr\/wp-content\/uploads\/2023\/05\/74fa5758356217c6956fd9839f47e156.jpg","contentUrl":"https:\/\/www.webdo.tn\/fr\/wp-content\/uploads\/2023\/05\/74fa5758356217c6956fd9839f47e156.jpg","width":750,"height":400,"caption":"Tunisie : La BAD pr\u00e9voit un taux de croissance de 2,3% en 2023"},{"@type":"BreadcrumbList","@id":"https:\/\/www.webdo.tn\/fr\/actualite\/national\/tunisie-la-bad-prevoit-un-taux-de-croissance-de-2-3-en-2023\/206006\/#breadcrumb","itemListElement":[{"@type":"ListItem","position":1,"name":"Accueil","item":"https:\/\/www.webdo.tn\/fr\/"},{"@type":"ListItem","position":2,"name":"Tunisie : La BAD pr\u00e9voit un taux de croissance de 2,3% en 2023"}]},{"@type":"WebSite","@id":"https:\/\/www.webdo.tn\/fr\/#website","url":"https:\/\/www.webdo.tn\/fr\/","name":"webdo","description":"Tunisie - News en Tunisie et \u00e0 l&#039;international sur Webdo.tn","publisher":{"@id":"https:\/\/www.webdo.tn\/fr\/#organization"},"potentialAction":[{"@type":"SearchAction","target":{"@type":"EntryPoint","urlTemplate":"https:\/\/www.webdo.tn\/fr\/?s={search_term_string}"},"query-input":{"@type":"PropertyValueSpecification","valueRequired":true,"valueName":"search_term_string"}}],"inLanguage":"fr-FR"},{"@type":"Organization","@id":"https:\/\/www.webdo.tn\/fr\/#organization","name":"Webdo","alternateName":"Webdo.tn","url":"https:\/\/www.webdo.tn\/fr\/","logo":{"@type":"ImageObject","inLanguage":"fr-FR","@id":"https:\/\/www.webdo.tn\/fr\/#\/schema\/logo\/image\/","url":"https:\/\/www.webdo.tn\/fr\/wp-content\/uploads\/2025\/06\/Webdo-Tunisie_168377.jpg","contentUrl":"https:\/\/www.webdo.tn\/fr\/wp-content\/uploads\/2025\/06\/Webdo-Tunisie_168377.jpg","width":301,"height":301,"caption":"Webdo"},"image":{"@id":"https:\/\/www.webdo.tn\/fr\/#\/schema\/logo\/image\/"},"sameAs":["https:\/\/www.facebook.com\/webdotn","https:\/\/x.com\/webdo_tn"],"description":"Webdo est un m\u00e9dia num\u00e9rique tunisien fond\u00e9 en 2010, sp\u00e9cialis\u00e9 dans l\u2019actualit\u00e9 nationale et internationale, l\u2019\u00e9conomie, la soci\u00e9t\u00e9 et les analyses politiques. Le site s\u2019adresse \u00e0 un large public francophone et couvre l\u2019information tunisienne en temps r\u00e9el.","email":"redac@webdo.tn","legalName":"YNJ SARL","foundingDate":"2010-09-06","numberOfEmployees":{"@type":"QuantitativeValue","minValue":"11","maxValue":"50"}},{"@type":"Person","@id":"https:\/\/www.webdo.tn\/fr\/#\/schema\/person\/2c4929cbf5a809e3bd38617c6ce150f6","name":"MC","image":{"@type":"ImageObject","inLanguage":"fr-FR","@id":"https:\/\/secure.gravatar.com\/avatar\/a545bbb6f84efdd5553dbbc2895e3ca8f1d12c5215e00a041c9670b54aa9b18a?s=96&d=mm&r=g","url":"https:\/\/secure.gravatar.com\/avatar\/a545bbb6f84efdd5553dbbc2895e3ca8f1d12c5215e00a041c9670b54aa9b18a?s=96&d=mm&r=g","contentUrl":"https:\/\/secure.gravatar.com\/avatar\/a545bbb6f84efdd5553dbbc2895e3ca8f1d12c5215e00a041c9670b54aa9b18a?s=96&d=mm&r=g","caption":"MC"},"url":"https:\/\/www.webdo.tn\/fr\/actualite\/author\/mc\/"}]}},"_links":{"self":[{"href":"https:\/\/www.webdo.tn\/fr\/wp-json\/wp\/v2\/posts\/206006","targetHints":{"allow":["GET"]}}],"collection":[{"href":"https:\/\/www.webdo.tn\/fr\/wp-json\/wp\/v2\/posts"}],"about":[{"href":"https:\/\/www.webdo.tn\/fr\/wp-json\/wp\/v2\/types\/post"}],"author":[{"embeddable":true,"href":"https:\/\/www.webdo.tn\/fr\/wp-json\/wp\/v2\/users\/3162"}],"replies":[{"embeddable":true,"href":"https:\/\/www.webdo.tn\/fr\/wp-json\/wp\/v2\/comments?post=206006"}],"version-history":[{"count":0,"href":"https:\/\/www.webdo.tn\/fr\/wp-json\/wp\/v2\/posts\/206006\/revisions"}],"wp:featuredmedia":[{"embeddable":true,"href":"https:\/\/www.webdo.tn\/fr\/wp-json\/wp\/v2\/media\/251063"}],"wp:attachment":[{"href":"https:\/\/www.webdo.tn\/fr\/wp-json\/wp\/v2\/media?parent=206006"}],"wp:term":[{"taxonomy":"category","embeddable":true,"href":"https:\/\/www.webdo.tn\/fr\/wp-json\/wp\/v2\/categories?post=206006"},{"taxonomy":"post_tag","embeddable":true,"href":"https:\/\/www.webdo.tn\/fr\/wp-json\/wp\/v2\/tags?post=206006"}],"curies":[{"name":"wp","href":"https:\/\/api.w.org\/{rel}","templated":true}]}}