{"id":206004,"date":"2023-05-24T14:44:00","date_gmt":"2023-05-24T14:44:00","guid":{"rendered":"https:\/\/www.webdo.tn\/fr\/blog\/trump-en-proces-pour-34-fraudes-comptables\/206004\/"},"modified":"2025-05-20T21:59:26","modified_gmt":"2025-05-20T21:59:26","slug":"trump-en-proces-pour-34-fraudes-comptables","status":"publish","type":"post","link":"https:\/\/www.webdo.tn\/fr\/actualite\/international\/trump-en-proces-pour-34-fraudes-comptables\/206004\/","title":{"rendered":"Trump en proc\u00e8s pour 34 fraudes comptables"},"content":{"rendered":"<p>Le d\u00e9but du proc\u00e8s au p\u00e9nal de Donald Trump pour fraudes comptables a \u00e9t\u00e9 fix\u00e9 mardi au 25 mars 2024, en pleine campagne de l&rsquo;ancien pr\u00e9sident am\u00e9ricain pour l&rsquo;investiture r\u00e9publicaine \u00e0 l&rsquo;\u00e9lection pr\u00e9sidentielle de novembre.<\/p>\n<p>\t\t\t\t\t\t\t\t\tLa d\u00e9cision a \u00e9t\u00e9 annonc\u00e9e par le juge de Manhattan Juan Merchan lors d&rsquo;une audience \u00e0 laquelle Donald Trump assistait de Floride, par visioconf\u00e9rence. Le magistrat a \u00e9galement impos\u00e9 des restrictions \u00e0 la communication en public de l&rsquo;ancien pr\u00e9sident sur la proc\u00e9dure judiciaire.<\/p>\n<p>Donald Trump a plaid\u00e9 non coupable de 34 chefs d&rsquo;accusation de fraudes comptables destin\u00e9es \u00e0 masquer des versements d&rsquo;argent visant \u00e0 acheter le silence de deux femmes ayant eu des relations sexuelles avec lui pendant la campagne pr\u00e9sidentielle de 2016.<\/p>\n<p>Donald Trump est le premier ancien pr\u00e9sident dans l&rsquo;histoire des Etats-Unis vis\u00e9 par une inculpation au p\u00e9nal.<\/p>\n","protected":false},"excerpt":{"rendered":"<p>Donald Trump sera jug\u00e9 pour fraudes comptables \u00e0 partir du 25 mars 2024, en pleine campagne pour l&rsquo;investiture r\u00e9publicaine \u00e0 l&rsquo;\u00e9lection pr\u00e9sidentielle<\/p>\n","protected":false},"author":3162,"featured_media":251059,"comment_status":"open","ping_status":"closed","sticky":false,"template":"","format":"standard","meta":{"footnotes":""},"categories":[2598],"tags":[3035,2619,3261,3309],"class_list":["post-206004","post","type-post","status-publish","format-standard","has-post-thumbnail","hentry","category-international","tag-etats-unis","tag-justice","tag-proces","tag-trump"],"yoast_head":"<!-- This site is optimized with the Yoast SEO Premium plugin v27.4 (Yoast SEO v27.5) - https:\/\/yoast.com\/product\/yoast-seo-premium-wordpress\/ -->\n<title>Trump en proc\u00e8s pour 34 fraudes comptables<\/title>\n<meta name=\"description\" content=\"Donald Trump sera jug\u00e9 pour fraudes comptables \u00e0 partir du 25 mars 2024, en pleine campagne pour l&#039;investiture r\u00e9publicaine \u00e0 l&#039;\u00e9lection pr\u00e9sidentielle\" \/>\n<link rel=\"canonical\" href=\"https:\/\/www.webdo.tn\/fr\/actualite\/international\/trump-en-proces-pour-34-fraudes-comptables\/206004\/\" \/>\n<meta property=\"og:locale\" content=\"fr_FR\" \/>\n<meta property=\"og:type\" content=\"article\" \/>\n<meta property=\"og:title\" content=\"Trump en proc\u00e8s pour 34 fraudes comptables\" \/>\n<meta property=\"og:description\" content=\"Donald Trump sera jug\u00e9 pour fraudes comptables \u00e0 partir du 25 mars 2024, en pleine campagne pour l&#039;investiture r\u00e9publicaine \u00e0 l&#039;\u00e9lection pr\u00e9sidentielle\" \/>\n<meta property=\"og:url\" content=\"https:\/\/www.webdo.tn\/fr\/actualite\/international\/trump-en-proces-pour-34-fraudes-comptables\/206004\/\" \/>\n<meta property=\"og:site_name\" content=\"webdo\" \/>\n<meta property=\"article:publisher\" content=\"https:\/\/www.facebook.com\/webdotn\" \/>\n<meta property=\"article:published_time\" content=\"2023-05-24T14:44:00+00:00\" \/>\n<meta property=\"article:modified_time\" content=\"2025-05-20T21:59:26+00:00\" \/>\n<meta property=\"og:image\" content=\"https:\/\/www.webdo.tn\/fr\/wp-content\/uploads\/2023\/05\/c5f2eb8ca5f0a3aad1312b875d9e93d6.jpg\" \/>\n\t<meta property=\"og:image:width\" content=\"750\" \/>\n\t<meta property=\"og:image:height\" content=\"400\" \/>\n\t<meta property=\"og:image:type\" content=\"image\/jpeg\" \/>\n<meta name=\"author\" content=\"MC\" \/>\n<meta name=\"twitter:card\" content=\"summary_large_image\" \/>\n<meta name=\"twitter:creator\" content=\"@webdo_tn\" \/>\n<meta name=\"twitter:site\" content=\"@webdo_tn\" \/>\n<meta name=\"twitter:label1\" content=\"\u00c9crit par\" \/>\n\t<meta name=\"twitter:data1\" content=\"MC\" \/>\n\t<meta name=\"twitter:label2\" content=\"Dur\u00e9e de lecture estim\u00e9e\" \/>\n\t<meta name=\"twitter:data2\" content=\"1 minute\" \/>\n<script type=\"application\/ld+json\" class=\"yoast-schema-graph\">{\"@context\":\"https:\\\/\\\/schema.org\",\"@graph\":[{\"@type\":\"NewsArticle\",\"@id\":\"https:\\\/\\\/www.webdo.tn\\\/fr\\\/actualite\\\/international\\\/trump-en-proces-pour-34-fraudes-comptables\\\/206004\\\/#article\",\"isPartOf\":{\"@id\":\"https:\\\/\\\/www.webdo.tn\\\/fr\\\/actualite\\\/international\\\/trump-en-proces-pour-34-fraudes-comptables\\\/206004\\\/\"},\"author\":{\"name\":\"MC\",\"@id\":\"https:\\\/\\\/www.webdo.tn\\\/fr\\\/#\\\/schema\\\/person\\\/2c4929cbf5a809e3bd38617c6ce150f6\"},\"headline\":\"Trump en proc\u00e8s pour 34 fraudes comptables\",\"datePublished\":\"2023-05-24T14:44:00+00:00\",\"dateModified\":\"2025-05-20T21:59:26+00:00\",\"mainEntityOfPage\":{\"@id\":\"https:\\\/\\\/www.webdo.tn\\\/fr\\\/actualite\\\/international\\\/trump-en-proces-pour-34-fraudes-comptables\\\/206004\\\/\"},\"wordCount\":157,\"commentCount\":0,\"publisher\":{\"@id\":\"https:\\\/\\\/www.webdo.tn\\\/fr\\\/#organization\"},\"image\":{\"@id\":\"https:\\\/\\\/www.webdo.tn\\\/fr\\\/actualite\\\/international\\\/trump-en-proces-pour-34-fraudes-comptables\\\/206004\\\/#primaryimage\"},\"thumbnailUrl\":\"https:\\\/\\\/www.webdo.tn\\\/fr\\\/wp-content\\\/uploads\\\/2023\\\/05\\\/c5f2eb8ca5f0a3aad1312b875d9e93d6.jpg\",\"keywords\":[\"Etats-Unis\",\"justice\",\"proc\u00e8s\",\"trump\"],\"articleSection\":[\"International\"],\"inLanguage\":\"fr-FR\"},{\"@type\":\"WebPage\",\"@id\":\"https:\\\/\\\/www.webdo.tn\\\/fr\\\/actualite\\\/international\\\/trump-en-proces-pour-34-fraudes-comptables\\\/206004\\\/\",\"url\":\"https:\\\/\\\/www.webdo.tn\\\/fr\\\/actualite\\\/international\\\/trump-en-proces-pour-34-fraudes-comptables\\\/206004\\\/\",\"name\":\"Trump en proc\u00e8s pour 34 fraudes comptables\",\"isPartOf\":{\"@id\":\"https:\\\/\\\/www.webdo.tn\\\/fr\\\/#website\"},\"primaryImageOfPage\":{\"@id\":\"https:\\\/\\\/www.webdo.tn\\\/fr\\\/actualite\\\/international\\\/trump-en-proces-pour-34-fraudes-comptables\\\/206004\\\/#primaryimage\"},\"image\":{\"@id\":\"https:\\\/\\\/www.webdo.tn\\\/fr\\\/actualite\\\/international\\\/trump-en-proces-pour-34-fraudes-comptables\\\/206004\\\/#primaryimage\"},\"thumbnailUrl\":\"https:\\\/\\\/www.webdo.tn\\\/fr\\\/wp-content\\\/uploads\\\/2023\\\/05\\\/c5f2eb8ca5f0a3aad1312b875d9e93d6.jpg\",\"datePublished\":\"2023-05-24T14:44:00+00:00\",\"dateModified\":\"2025-05-20T21:59:26+00:00\",\"description\":\"Donald Trump sera jug\u00e9 pour fraudes comptables \u00e0 partir du 25 mars 2024, en pleine campagne pour l'investiture r\u00e9publicaine \u00e0 l'\u00e9lection pr\u00e9sidentielle\",\"breadcrumb\":{\"@id\":\"https:\\\/\\\/www.webdo.tn\\\/fr\\\/actualite\\\/international\\\/trump-en-proces-pour-34-fraudes-comptables\\\/206004\\\/#breadcrumb\"},\"inLanguage\":\"fr-FR\",\"potentialAction\":[{\"@type\":\"ReadAction\",\"target\":[\"https:\\\/\\\/www.webdo.tn\\\/fr\\\/actualite\\\/international\\\/trump-en-proces-pour-34-fraudes-comptables\\\/206004\\\/\"]}]},{\"@type\":\"ImageObject\",\"inLanguage\":\"fr-FR\",\"@id\":\"https:\\\/\\\/www.webdo.tn\\\/fr\\\/actualite\\\/international\\\/trump-en-proces-pour-34-fraudes-comptables\\\/206004\\\/#primaryimage\",\"url\":\"https:\\\/\\\/www.webdo.tn\\\/fr\\\/wp-content\\\/uploads\\\/2023\\\/05\\\/c5f2eb8ca5f0a3aad1312b875d9e93d6.jpg\",\"contentUrl\":\"https:\\\/\\\/www.webdo.tn\\\/fr\\\/wp-content\\\/uploads\\\/2023\\\/05\\\/c5f2eb8ca5f0a3aad1312b875d9e93d6.jpg\",\"width\":750,\"height\":400,\"caption\":\"Trump en proc\u00e8s pour 34 fraudes comptables\"},{\"@type\":\"BreadcrumbList\",\"@id\":\"https:\\\/\\\/www.webdo.tn\\\/fr\\\/actualite\\\/international\\\/trump-en-proces-pour-34-fraudes-comptables\\\/206004\\\/#breadcrumb\",\"itemListElement\":[{\"@type\":\"ListItem\",\"position\":1,\"name\":\"Accueil\",\"item\":\"https:\\\/\\\/www.webdo.tn\\\/fr\\\/\"},{\"@type\":\"ListItem\",\"position\":2,\"name\":\"Trump en proc\u00e8s pour 34 fraudes comptables\"}]},{\"@type\":\"WebSite\",\"@id\":\"https:\\\/\\\/www.webdo.tn\\\/fr\\\/#website\",\"url\":\"https:\\\/\\\/www.webdo.tn\\\/fr\\\/\",\"name\":\"webdo\",\"description\":\"Tunisie - News en Tunisie et \u00e0 l&#039;international sur Webdo.tn\",\"publisher\":{\"@id\":\"https:\\\/\\\/www.webdo.tn\\\/fr\\\/#organization\"},\"potentialAction\":[{\"@type\":\"SearchAction\",\"target\":{\"@type\":\"EntryPoint\",\"urlTemplate\":\"https:\\\/\\\/www.webdo.tn\\\/fr\\\/?s={search_term_string}\"},\"query-input\":{\"@type\":\"PropertyValueSpecification\",\"valueRequired\":true,\"valueName\":\"search_term_string\"}}],\"inLanguage\":\"fr-FR\"},{\"@type\":\"Organization\",\"@id\":\"https:\\\/\\\/www.webdo.tn\\\/fr\\\/#organization\",\"name\":\"Webdo\",\"alternateName\":\"Webdo.tn\",\"url\":\"https:\\\/\\\/www.webdo.tn\\\/fr\\\/\",\"logo\":{\"@type\":\"ImageObject\",\"inLanguage\":\"fr-FR\",\"@id\":\"https:\\\/\\\/www.webdo.tn\\\/fr\\\/#\\\/schema\\\/logo\\\/image\\\/\",\"url\":\"https:\\\/\\\/www.webdo.tn\\\/fr\\\/wp-content\\\/uploads\\\/2025\\\/06\\\/Webdo-Tunisie_168377.jpg\",\"contentUrl\":\"https:\\\/\\\/www.webdo.tn\\\/fr\\\/wp-content\\\/uploads\\\/2025\\\/06\\\/Webdo-Tunisie_168377.jpg\",\"width\":301,\"height\":301,\"caption\":\"Webdo\"},\"image\":{\"@id\":\"https:\\\/\\\/www.webdo.tn\\\/fr\\\/#\\\/schema\\\/logo\\\/image\\\/\"},\"sameAs\":[\"https:\\\/\\\/www.facebook.com\\\/webdotn\",\"https:\\\/\\\/x.com\\\/webdo_tn\"],\"description\":\"Webdo est un m\u00e9dia num\u00e9rique tunisien fond\u00e9 en 2010, sp\u00e9cialis\u00e9 dans l\u2019actualit\u00e9 nationale et internationale, l\u2019\u00e9conomie, la soci\u00e9t\u00e9 et les analyses politiques. Le site s\u2019adresse \u00e0 un large public francophone et couvre l\u2019information tunisienne en temps r\u00e9el.\",\"email\":\"redac@webdo.tn\",\"legalName\":\"YNJ SARL\",\"foundingDate\":\"2010-09-06\",\"numberOfEmployees\":{\"@type\":\"QuantitativeValue\",\"minValue\":\"11\",\"maxValue\":\"50\"}},{\"@type\":\"Person\",\"@id\":\"https:\\\/\\\/www.webdo.tn\\\/fr\\\/#\\\/schema\\\/person\\\/2c4929cbf5a809e3bd38617c6ce150f6\",\"name\":\"MC\",\"image\":{\"@type\":\"ImageObject\",\"inLanguage\":\"fr-FR\",\"@id\":\"https:\\\/\\\/secure.gravatar.com\\\/avatar\\\/a545bbb6f84efdd5553dbbc2895e3ca8f1d12c5215e00a041c9670b54aa9b18a?s=96&d=mm&r=g\",\"url\":\"https:\\\/\\\/secure.gravatar.com\\\/avatar\\\/a545bbb6f84efdd5553dbbc2895e3ca8f1d12c5215e00a041c9670b54aa9b18a?s=96&d=mm&r=g\",\"contentUrl\":\"https:\\\/\\\/secure.gravatar.com\\\/avatar\\\/a545bbb6f84efdd5553dbbc2895e3ca8f1d12c5215e00a041c9670b54aa9b18a?s=96&d=mm&r=g\",\"caption\":\"MC\"},\"url\":\"https:\\\/\\\/www.webdo.tn\\\/fr\\\/actualite\\\/author\\\/mc\\\/\"}]}<\/script>\n<!-- \/ Yoast SEO Premium plugin. -->","yoast_head_json":{"title":"Trump en proc\u00e8s pour 34 fraudes comptables","description":"Donald Trump sera jug\u00e9 pour fraudes comptables \u00e0 partir du 25 mars 2024, en pleine campagne pour l'investiture r\u00e9publicaine \u00e0 l'\u00e9lection pr\u00e9sidentielle","canonical":"https:\/\/www.webdo.tn\/fr\/actualite\/international\/trump-en-proces-pour-34-fraudes-comptables\/206004\/","og_locale":"fr_FR","og_type":"article","og_title":"Trump en proc\u00e8s pour 34 fraudes comptables","og_description":"Donald Trump sera jug\u00e9 pour fraudes comptables \u00e0 partir du 25 mars 2024, en pleine campagne pour l'investiture r\u00e9publicaine \u00e0 l'\u00e9lection pr\u00e9sidentielle","og_url":"https:\/\/www.webdo.tn\/fr\/actualite\/international\/trump-en-proces-pour-34-fraudes-comptables\/206004\/","og_site_name":"webdo","article_publisher":"https:\/\/www.facebook.com\/webdotn","article_published_time":"2023-05-24T14:44:00+00:00","article_modified_time":"2025-05-20T21:59:26+00:00","og_image":[{"width":750,"height":400,"url":"https:\/\/www.webdo.tn\/fr\/wp-content\/uploads\/2023\/05\/c5f2eb8ca5f0a3aad1312b875d9e93d6.jpg","type":"image\/jpeg"}],"author":"MC","twitter_card":"summary_large_image","twitter_creator":"@webdo_tn","twitter_site":"@webdo_tn","twitter_misc":{"\u00c9crit par":"MC","Dur\u00e9e de lecture estim\u00e9e":"1 minute"},"schema":{"@context":"https:\/\/schema.org","@graph":[{"@type":"NewsArticle","@id":"https:\/\/www.webdo.tn\/fr\/actualite\/international\/trump-en-proces-pour-34-fraudes-comptables\/206004\/#article","isPartOf":{"@id":"https:\/\/www.webdo.tn\/fr\/actualite\/international\/trump-en-proces-pour-34-fraudes-comptables\/206004\/"},"author":{"name":"MC","@id":"https:\/\/www.webdo.tn\/fr\/#\/schema\/person\/2c4929cbf5a809e3bd38617c6ce150f6"},"headline":"Trump en proc\u00e8s pour 34 fraudes comptables","datePublished":"2023-05-24T14:44:00+00:00","dateModified":"2025-05-20T21:59:26+00:00","mainEntityOfPage":{"@id":"https:\/\/www.webdo.tn\/fr\/actualite\/international\/trump-en-proces-pour-34-fraudes-comptables\/206004\/"},"wordCount":157,"commentCount":0,"publisher":{"@id":"https:\/\/www.webdo.tn\/fr\/#organization"},"image":{"@id":"https:\/\/www.webdo.tn\/fr\/actualite\/international\/trump-en-proces-pour-34-fraudes-comptables\/206004\/#primaryimage"},"thumbnailUrl":"https:\/\/www.webdo.tn\/fr\/wp-content\/uploads\/2023\/05\/c5f2eb8ca5f0a3aad1312b875d9e93d6.jpg","keywords":["Etats-Unis","justice","proc\u00e8s","trump"],"articleSection":["International"],"inLanguage":"fr-FR"},{"@type":"WebPage","@id":"https:\/\/www.webdo.tn\/fr\/actualite\/international\/trump-en-proces-pour-34-fraudes-comptables\/206004\/","url":"https:\/\/www.webdo.tn\/fr\/actualite\/international\/trump-en-proces-pour-34-fraudes-comptables\/206004\/","name":"Trump en proc\u00e8s pour 34 fraudes comptables","isPartOf":{"@id":"https:\/\/www.webdo.tn\/fr\/#website"},"primaryImageOfPage":{"@id":"https:\/\/www.webdo.tn\/fr\/actualite\/international\/trump-en-proces-pour-34-fraudes-comptables\/206004\/#primaryimage"},"image":{"@id":"https:\/\/www.webdo.tn\/fr\/actualite\/international\/trump-en-proces-pour-34-fraudes-comptables\/206004\/#primaryimage"},"thumbnailUrl":"https:\/\/www.webdo.tn\/fr\/wp-content\/uploads\/2023\/05\/c5f2eb8ca5f0a3aad1312b875d9e93d6.jpg","datePublished":"2023-05-24T14:44:00+00:00","dateModified":"2025-05-20T21:59:26+00:00","description":"Donald Trump sera jug\u00e9 pour fraudes comptables \u00e0 partir du 25 mars 2024, en pleine campagne pour l'investiture r\u00e9publicaine \u00e0 l'\u00e9lection pr\u00e9sidentielle","breadcrumb":{"@id":"https:\/\/www.webdo.tn\/fr\/actualite\/international\/trump-en-proces-pour-34-fraudes-comptables\/206004\/#breadcrumb"},"inLanguage":"fr-FR","potentialAction":[{"@type":"ReadAction","target":["https:\/\/www.webdo.tn\/fr\/actualite\/international\/trump-en-proces-pour-34-fraudes-comptables\/206004\/"]}]},{"@type":"ImageObject","inLanguage":"fr-FR","@id":"https:\/\/www.webdo.tn\/fr\/actualite\/international\/trump-en-proces-pour-34-fraudes-comptables\/206004\/#primaryimage","url":"https:\/\/www.webdo.tn\/fr\/wp-content\/uploads\/2023\/05\/c5f2eb8ca5f0a3aad1312b875d9e93d6.jpg","contentUrl":"https:\/\/www.webdo.tn\/fr\/wp-content\/uploads\/2023\/05\/c5f2eb8ca5f0a3aad1312b875d9e93d6.jpg","width":750,"height":400,"caption":"Trump en proc\u00e8s pour 34 fraudes comptables"},{"@type":"BreadcrumbList","@id":"https:\/\/www.webdo.tn\/fr\/actualite\/international\/trump-en-proces-pour-34-fraudes-comptables\/206004\/#breadcrumb","itemListElement":[{"@type":"ListItem","position":1,"name":"Accueil","item":"https:\/\/www.webdo.tn\/fr\/"},{"@type":"ListItem","position":2,"name":"Trump en proc\u00e8s pour 34 fraudes comptables"}]},{"@type":"WebSite","@id":"https:\/\/www.webdo.tn\/fr\/#website","url":"https:\/\/www.webdo.tn\/fr\/","name":"webdo","description":"Tunisie - News en Tunisie et \u00e0 l&#039;international sur Webdo.tn","publisher":{"@id":"https:\/\/www.webdo.tn\/fr\/#organization"},"potentialAction":[{"@type":"SearchAction","target":{"@type":"EntryPoint","urlTemplate":"https:\/\/www.webdo.tn\/fr\/?s={search_term_string}"},"query-input":{"@type":"PropertyValueSpecification","valueRequired":true,"valueName":"search_term_string"}}],"inLanguage":"fr-FR"},{"@type":"Organization","@id":"https:\/\/www.webdo.tn\/fr\/#organization","name":"Webdo","alternateName":"Webdo.tn","url":"https:\/\/www.webdo.tn\/fr\/","logo":{"@type":"ImageObject","inLanguage":"fr-FR","@id":"https:\/\/www.webdo.tn\/fr\/#\/schema\/logo\/image\/","url":"https:\/\/www.webdo.tn\/fr\/wp-content\/uploads\/2025\/06\/Webdo-Tunisie_168377.jpg","contentUrl":"https:\/\/www.webdo.tn\/fr\/wp-content\/uploads\/2025\/06\/Webdo-Tunisie_168377.jpg","width":301,"height":301,"caption":"Webdo"},"image":{"@id":"https:\/\/www.webdo.tn\/fr\/#\/schema\/logo\/image\/"},"sameAs":["https:\/\/www.facebook.com\/webdotn","https:\/\/x.com\/webdo_tn"],"description":"Webdo est un m\u00e9dia num\u00e9rique tunisien fond\u00e9 en 2010, sp\u00e9cialis\u00e9 dans l\u2019actualit\u00e9 nationale et internationale, l\u2019\u00e9conomie, la soci\u00e9t\u00e9 et les analyses politiques. Le site s\u2019adresse \u00e0 un large public francophone et couvre l\u2019information tunisienne en temps r\u00e9el.","email":"redac@webdo.tn","legalName":"YNJ SARL","foundingDate":"2010-09-06","numberOfEmployees":{"@type":"QuantitativeValue","minValue":"11","maxValue":"50"}},{"@type":"Person","@id":"https:\/\/www.webdo.tn\/fr\/#\/schema\/person\/2c4929cbf5a809e3bd38617c6ce150f6","name":"MC","image":{"@type":"ImageObject","inLanguage":"fr-FR","@id":"https:\/\/secure.gravatar.com\/avatar\/a545bbb6f84efdd5553dbbc2895e3ca8f1d12c5215e00a041c9670b54aa9b18a?s=96&d=mm&r=g","url":"https:\/\/secure.gravatar.com\/avatar\/a545bbb6f84efdd5553dbbc2895e3ca8f1d12c5215e00a041c9670b54aa9b18a?s=96&d=mm&r=g","contentUrl":"https:\/\/secure.gravatar.com\/avatar\/a545bbb6f84efdd5553dbbc2895e3ca8f1d12c5215e00a041c9670b54aa9b18a?s=96&d=mm&r=g","caption":"MC"},"url":"https:\/\/www.webdo.tn\/fr\/actualite\/author\/mc\/"}]}},"_links":{"self":[{"href":"https:\/\/www.webdo.tn\/fr\/wp-json\/wp\/v2\/posts\/206004","targetHints":{"allow":["GET"]}}],"collection":[{"href":"https:\/\/www.webdo.tn\/fr\/wp-json\/wp\/v2\/posts"}],"about":[{"href":"https:\/\/www.webdo.tn\/fr\/wp-json\/wp\/v2\/types\/post"}],"author":[{"embeddable":true,"href":"https:\/\/www.webdo.tn\/fr\/wp-json\/wp\/v2\/users\/3162"}],"replies":[{"embeddable":true,"href":"https:\/\/www.webdo.tn\/fr\/wp-json\/wp\/v2\/comments?post=206004"}],"version-history":[{"count":0,"href":"https:\/\/www.webdo.tn\/fr\/wp-json\/wp\/v2\/posts\/206004\/revisions"}],"wp:featuredmedia":[{"embeddable":true,"href":"https:\/\/www.webdo.tn\/fr\/wp-json\/wp\/v2\/media\/251059"}],"wp:attachment":[{"href":"https:\/\/www.webdo.tn\/fr\/wp-json\/wp\/v2\/media?parent=206004"}],"wp:term":[{"taxonomy":"category","embeddable":true,"href":"https:\/\/www.webdo.tn\/fr\/wp-json\/wp\/v2\/categories?post=206004"},{"taxonomy":"post_tag","embeddable":true,"href":"https:\/\/www.webdo.tn\/fr\/wp-json\/wp\/v2\/tags?post=206004"}],"curies":[{"name":"wp","href":"https:\/\/api.w.org\/{rel}","templated":true}]}}