{"id":206002,"date":"2023-05-24T13:55:00","date_gmt":"2023-05-24T13:55:00","guid":{"rendered":"https:\/\/www.webdo.tn\/fr\/blog\/rupture-avec-le-gouvernement-l-ugtt-saisit-l-oit\/206002\/"},"modified":"2025-05-20T22:43:12","modified_gmt":"2025-05-20T22:43:12","slug":"rupture-avec-le-gouvernement-l-ugtt-saisit-l-oit","status":"publish","type":"post","link":"https:\/\/www.webdo.tn\/fr\/actualite\/national\/rupture-avec-le-gouvernement-l-ugtt-saisit-l-oit\/206002\/","title":{"rendered":"Rupture avec le gouvernement : L\u2019UGTT saisit l\u2019OIT"},"content":{"rendered":"<p>Ali Boubaker, secr\u00e9taire g\u00e9n\u00e9ral r\u00e9gional de l&rsquo;Union r\u00e9gionale du travail \u00e0 Gab\u00e8s, a d\u00e9clar\u00e9 ce mercredi 24 mai 2023 que la relation entre la Centrale syndicale et le gouvernement se dirige vers une rupture.<\/p>\n<p>C\u2019est pour cette raison que l\u2019Union a d\u00e9cid\u00e9 \u00e0 porter l&rsquo;affaire devant l&rsquo;Organisation internationale du travail (OIT), qui convoquera bient\u00f4t les deux parties pour examiner cette situation, a-t-il dit au micro de Mosa\u00efque FM.\u00a0<\/p>\n<p>Ali Boubaker a \u00e9galement affirm\u00e9 que le gouvernement actuel \u00ab\u00a0traite avec d\u00e9rision\u00a0\u00bb les engagements pr\u00e9c\u00e9dents, ce qui a pouss\u00e9 l&rsquo;Union g\u00e9n\u00e9rale tunisienne du travail \u00e0 saisir l&rsquo;Organisation internationale du travail.<\/p>\n<p>Il a ajout\u00e9 que \u00ab les autorit\u00e9s r\u00e9gionales travaillent \u00e0 marginaliser toutes les organisations nationales et la soci\u00e9t\u00e9 civile \u00bb.<\/p>\n","protected":false},"excerpt":{"rendered":"<p>l\u2019UGTT a d\u00e9cid\u00e9 \u00e0 porter l&rsquo;affaire devant l&rsquo;Organisation internationale du travail (OIT), qui convoquera bient\u00f4t les deux parties pour examiner cette situation,&#8230;<\/p>\n","protected":false},"author":3175,"featured_media":251058,"comment_status":"open","ping_status":"closed","sticky":false,"template":"","format":"standard","meta":{"footnotes":""},"categories":[44],"tags":[6223,2608,2649],"class_list":["post-206002","post","type-post","status-publish","format-standard","has-post-thumbnail","hentry","category-national","tag-oit","tag-tunisie","tag-ugtt"],"yoast_head":"<!-- This site is optimized with the Yoast SEO Premium plugin v27.4 (Yoast SEO v27.5) - https:\/\/yoast.com\/product\/yoast-seo-premium-wordpress\/ -->\n<title>Rupture avec le gouvernement : L\u2019UGTT saisit l\u2019OIT<\/title>\n<meta name=\"description\" content=\"l\u2019UGTT a d\u00e9cid\u00e9 \u00e0 porter l&#039;affaire devant l&#039;Organisation internationale du travail (OIT), qui convoquera bient\u00f4t les deux parties pour examiner cette situation,...\" \/>\n<link rel=\"canonical\" href=\"https:\/\/www.webdo.tn\/fr\/actualite\/national\/rupture-avec-le-gouvernement-l-ugtt-saisit-l-oit\/206002\/\" \/>\n<meta property=\"og:locale\" content=\"fr_FR\" \/>\n<meta property=\"og:type\" content=\"article\" \/>\n<meta property=\"og:title\" content=\"Rupture avec le gouvernement : L\u2019UGTT saisit l\u2019OIT\" \/>\n<meta property=\"og:description\" content=\"l\u2019UGTT a d\u00e9cid\u00e9 \u00e0 porter l&#039;affaire devant l&#039;Organisation internationale du travail (OIT), qui convoquera bient\u00f4t les deux parties pour examiner cette situation,...\" \/>\n<meta property=\"og:url\" content=\"https:\/\/www.webdo.tn\/fr\/actualite\/national\/rupture-avec-le-gouvernement-l-ugtt-saisit-l-oit\/206002\/\" \/>\n<meta property=\"og:site_name\" content=\"webdo\" \/>\n<meta property=\"article:publisher\" content=\"https:\/\/www.facebook.com\/webdotn\" \/>\n<meta property=\"article:published_time\" content=\"2023-05-24T13:55:00+00:00\" \/>\n<meta property=\"article:modified_time\" content=\"2025-05-20T22:43:12+00:00\" \/>\n<meta property=\"og:image\" content=\"https:\/\/www.webdo.tn\/fr\/wp-content\/uploads\/2023\/05\/559eccf7a26c9a67736ad00e7d5946cd.png\" \/>\n\t<meta property=\"og:image:width\" content=\"750\" \/>\n\t<meta property=\"og:image:height\" content=\"400\" \/>\n\t<meta property=\"og:image:type\" content=\"image\/png\" \/>\n<meta name=\"author\" content=\"CL\" \/>\n<meta name=\"twitter:card\" content=\"summary_large_image\" \/>\n<meta name=\"twitter:creator\" content=\"@webdo_tn\" \/>\n<meta name=\"twitter:site\" content=\"@webdo_tn\" \/>\n<meta name=\"twitter:label1\" content=\"\u00c9crit par\" \/>\n\t<meta name=\"twitter:data1\" content=\"CL\" \/>\n\t<meta name=\"twitter:label2\" content=\"Dur\u00e9e de lecture estim\u00e9e\" \/>\n\t<meta name=\"twitter:data2\" content=\"1 minute\" \/>\n<script type=\"application\/ld+json\" class=\"yoast-schema-graph\">{\"@context\":\"https:\\\/\\\/schema.org\",\"@graph\":[{\"@type\":\"NewsArticle\",\"@id\":\"https:\\\/\\\/www.webdo.tn\\\/fr\\\/actualite\\\/national\\\/rupture-avec-le-gouvernement-l-ugtt-saisit-l-oit\\\/206002\\\/#article\",\"isPartOf\":{\"@id\":\"https:\\\/\\\/www.webdo.tn\\\/fr\\\/actualite\\\/national\\\/rupture-avec-le-gouvernement-l-ugtt-saisit-l-oit\\\/206002\\\/\"},\"author\":{\"name\":\"CL\",\"@id\":\"https:\\\/\\\/www.webdo.tn\\\/fr\\\/#\\\/schema\\\/person\\\/f35b42a42c5e2511bbd282959d6385cc\"},\"headline\":\"Rupture avec le gouvernement : L\u2019UGTT saisit l\u2019OIT\",\"datePublished\":\"2023-05-24T13:55:00+00:00\",\"dateModified\":\"2025-05-20T22:43:12+00:00\",\"mainEntityOfPage\":{\"@id\":\"https:\\\/\\\/www.webdo.tn\\\/fr\\\/actualite\\\/national\\\/rupture-avec-le-gouvernement-l-ugtt-saisit-l-oit\\\/206002\\\/\"},\"wordCount\":144,\"commentCount\":0,\"publisher\":{\"@id\":\"https:\\\/\\\/www.webdo.tn\\\/fr\\\/#organization\"},\"image\":{\"@id\":\"https:\\\/\\\/www.webdo.tn\\\/fr\\\/actualite\\\/national\\\/rupture-avec-le-gouvernement-l-ugtt-saisit-l-oit\\\/206002\\\/#primaryimage\"},\"thumbnailUrl\":\"https:\\\/\\\/www.webdo.tn\\\/fr\\\/wp-content\\\/uploads\\\/2023\\\/05\\\/559eccf7a26c9a67736ad00e7d5946cd.png\",\"keywords\":[\"OIT\",\"Tunisie\",\"UGTT\"],\"articleSection\":[\"National\"],\"inLanguage\":\"fr-FR\"},{\"@type\":\"WebPage\",\"@id\":\"https:\\\/\\\/www.webdo.tn\\\/fr\\\/actualite\\\/national\\\/rupture-avec-le-gouvernement-l-ugtt-saisit-l-oit\\\/206002\\\/\",\"url\":\"https:\\\/\\\/www.webdo.tn\\\/fr\\\/actualite\\\/national\\\/rupture-avec-le-gouvernement-l-ugtt-saisit-l-oit\\\/206002\\\/\",\"name\":\"Rupture avec le gouvernement : L\u2019UGTT saisit l\u2019OIT\",\"isPartOf\":{\"@id\":\"https:\\\/\\\/www.webdo.tn\\\/fr\\\/#website\"},\"primaryImageOfPage\":{\"@id\":\"https:\\\/\\\/www.webdo.tn\\\/fr\\\/actualite\\\/national\\\/rupture-avec-le-gouvernement-l-ugtt-saisit-l-oit\\\/206002\\\/#primaryimage\"},\"image\":{\"@id\":\"https:\\\/\\\/www.webdo.tn\\\/fr\\\/actualite\\\/national\\\/rupture-avec-le-gouvernement-l-ugtt-saisit-l-oit\\\/206002\\\/#primaryimage\"},\"thumbnailUrl\":\"https:\\\/\\\/www.webdo.tn\\\/fr\\\/wp-content\\\/uploads\\\/2023\\\/05\\\/559eccf7a26c9a67736ad00e7d5946cd.png\",\"datePublished\":\"2023-05-24T13:55:00+00:00\",\"dateModified\":\"2025-05-20T22:43:12+00:00\",\"description\":\"l\u2019UGTT a d\u00e9cid\u00e9 \u00e0 porter l'affaire devant l'Organisation internationale du travail (OIT), qui convoquera bient\u00f4t les deux parties pour examiner cette situation,...\",\"breadcrumb\":{\"@id\":\"https:\\\/\\\/www.webdo.tn\\\/fr\\\/actualite\\\/national\\\/rupture-avec-le-gouvernement-l-ugtt-saisit-l-oit\\\/206002\\\/#breadcrumb\"},\"inLanguage\":\"fr-FR\",\"potentialAction\":[{\"@type\":\"ReadAction\",\"target\":[\"https:\\\/\\\/www.webdo.tn\\\/fr\\\/actualite\\\/national\\\/rupture-avec-le-gouvernement-l-ugtt-saisit-l-oit\\\/206002\\\/\"]}]},{\"@type\":\"ImageObject\",\"inLanguage\":\"fr-FR\",\"@id\":\"https:\\\/\\\/www.webdo.tn\\\/fr\\\/actualite\\\/national\\\/rupture-avec-le-gouvernement-l-ugtt-saisit-l-oit\\\/206002\\\/#primaryimage\",\"url\":\"https:\\\/\\\/www.webdo.tn\\\/fr\\\/wp-content\\\/uploads\\\/2023\\\/05\\\/559eccf7a26c9a67736ad00e7d5946cd.png\",\"contentUrl\":\"https:\\\/\\\/www.webdo.tn\\\/fr\\\/wp-content\\\/uploads\\\/2023\\\/05\\\/559eccf7a26c9a67736ad00e7d5946cd.png\",\"width\":750,\"height\":400,\"caption\":\"Rupture avec le gouvernement : L\u2019UGTT saisit l\u2019OIT\"},{\"@type\":\"BreadcrumbList\",\"@id\":\"https:\\\/\\\/www.webdo.tn\\\/fr\\\/actualite\\\/national\\\/rupture-avec-le-gouvernement-l-ugtt-saisit-l-oit\\\/206002\\\/#breadcrumb\",\"itemListElement\":[{\"@type\":\"ListItem\",\"position\":1,\"name\":\"Accueil\",\"item\":\"https:\\\/\\\/www.webdo.tn\\\/fr\\\/\"},{\"@type\":\"ListItem\",\"position\":2,\"name\":\"Rupture avec le gouvernement : L\u2019UGTT saisit l\u2019OIT\"}]},{\"@type\":\"WebSite\",\"@id\":\"https:\\\/\\\/www.webdo.tn\\\/fr\\\/#website\",\"url\":\"https:\\\/\\\/www.webdo.tn\\\/fr\\\/\",\"name\":\"webdo\",\"description\":\"Tunisie - News en Tunisie et \u00e0 l&#039;international sur Webdo.tn\",\"publisher\":{\"@id\":\"https:\\\/\\\/www.webdo.tn\\\/fr\\\/#organization\"},\"potentialAction\":[{\"@type\":\"SearchAction\",\"target\":{\"@type\":\"EntryPoint\",\"urlTemplate\":\"https:\\\/\\\/www.webdo.tn\\\/fr\\\/?s={search_term_string}\"},\"query-input\":{\"@type\":\"PropertyValueSpecification\",\"valueRequired\":true,\"valueName\":\"search_term_string\"}}],\"inLanguage\":\"fr-FR\"},{\"@type\":\"Organization\",\"@id\":\"https:\\\/\\\/www.webdo.tn\\\/fr\\\/#organization\",\"name\":\"Webdo\",\"alternateName\":\"Webdo.tn\",\"url\":\"https:\\\/\\\/www.webdo.tn\\\/fr\\\/\",\"logo\":{\"@type\":\"ImageObject\",\"inLanguage\":\"fr-FR\",\"@id\":\"https:\\\/\\\/www.webdo.tn\\\/fr\\\/#\\\/schema\\\/logo\\\/image\\\/\",\"url\":\"https:\\\/\\\/www.webdo.tn\\\/fr\\\/wp-content\\\/uploads\\\/2025\\\/06\\\/Webdo-Tunisie_168377.jpg\",\"contentUrl\":\"https:\\\/\\\/www.webdo.tn\\\/fr\\\/wp-content\\\/uploads\\\/2025\\\/06\\\/Webdo-Tunisie_168377.jpg\",\"width\":301,\"height\":301,\"caption\":\"Webdo\"},\"image\":{\"@id\":\"https:\\\/\\\/www.webdo.tn\\\/fr\\\/#\\\/schema\\\/logo\\\/image\\\/\"},\"sameAs\":[\"https:\\\/\\\/www.facebook.com\\\/webdotn\",\"https:\\\/\\\/x.com\\\/webdo_tn\"],\"description\":\"Webdo est un m\u00e9dia num\u00e9rique tunisien fond\u00e9 en 2010, sp\u00e9cialis\u00e9 dans l\u2019actualit\u00e9 nationale et internationale, l\u2019\u00e9conomie, la soci\u00e9t\u00e9 et les analyses politiques. Le site s\u2019adresse \u00e0 un large public francophone et couvre l\u2019information tunisienne en temps r\u00e9el.\",\"email\":\"redac@webdo.tn\",\"legalName\":\"YNJ SARL\",\"foundingDate\":\"2010-09-06\",\"numberOfEmployees\":{\"@type\":\"QuantitativeValue\",\"minValue\":\"11\",\"maxValue\":\"50\"}},{\"@type\":\"Person\",\"@id\":\"https:\\\/\\\/www.webdo.tn\\\/fr\\\/#\\\/schema\\\/person\\\/f35b42a42c5e2511bbd282959d6385cc\",\"name\":\"CL\",\"image\":{\"@type\":\"ImageObject\",\"inLanguage\":\"fr-FR\",\"@id\":\"https:\\\/\\\/secure.gravatar.com\\\/avatar\\\/1447a49909b67aa657c488aec6512e1dd6143a480c1ecfee9b5b5cd74eb3b59e?s=96&d=mm&r=g\",\"url\":\"https:\\\/\\\/secure.gravatar.com\\\/avatar\\\/1447a49909b67aa657c488aec6512e1dd6143a480c1ecfee9b5b5cd74eb3b59e?s=96&d=mm&r=g\",\"contentUrl\":\"https:\\\/\\\/secure.gravatar.com\\\/avatar\\\/1447a49909b67aa657c488aec6512e1dd6143a480c1ecfee9b5b5cd74eb3b59e?s=96&d=mm&r=g\",\"caption\":\"CL\"},\"url\":\"https:\\\/\\\/www.webdo.tn\\\/fr\\\/actualite\\\/author\\\/cl\\\/\"}]}<\/script>\n<!-- \/ Yoast SEO Premium plugin. -->","yoast_head_json":{"title":"Rupture avec le gouvernement : L\u2019UGTT saisit l\u2019OIT","description":"l\u2019UGTT a d\u00e9cid\u00e9 \u00e0 porter l'affaire devant l'Organisation internationale du travail (OIT), qui convoquera bient\u00f4t les deux parties pour examiner cette situation,...","canonical":"https:\/\/www.webdo.tn\/fr\/actualite\/national\/rupture-avec-le-gouvernement-l-ugtt-saisit-l-oit\/206002\/","og_locale":"fr_FR","og_type":"article","og_title":"Rupture avec le gouvernement : L\u2019UGTT saisit l\u2019OIT","og_description":"l\u2019UGTT a d\u00e9cid\u00e9 \u00e0 porter l'affaire devant l'Organisation internationale du travail (OIT), qui convoquera bient\u00f4t les deux parties pour examiner cette situation,...","og_url":"https:\/\/www.webdo.tn\/fr\/actualite\/national\/rupture-avec-le-gouvernement-l-ugtt-saisit-l-oit\/206002\/","og_site_name":"webdo","article_publisher":"https:\/\/www.facebook.com\/webdotn","article_published_time":"2023-05-24T13:55:00+00:00","article_modified_time":"2025-05-20T22:43:12+00:00","og_image":[{"width":750,"height":400,"url":"https:\/\/www.webdo.tn\/fr\/wp-content\/uploads\/2023\/05\/559eccf7a26c9a67736ad00e7d5946cd.png","type":"image\/png"}],"author":"CL","twitter_card":"summary_large_image","twitter_creator":"@webdo_tn","twitter_site":"@webdo_tn","twitter_misc":{"\u00c9crit par":"CL","Dur\u00e9e de lecture estim\u00e9e":"1 minute"},"schema":{"@context":"https:\/\/schema.org","@graph":[{"@type":"NewsArticle","@id":"https:\/\/www.webdo.tn\/fr\/actualite\/national\/rupture-avec-le-gouvernement-l-ugtt-saisit-l-oit\/206002\/#article","isPartOf":{"@id":"https:\/\/www.webdo.tn\/fr\/actualite\/national\/rupture-avec-le-gouvernement-l-ugtt-saisit-l-oit\/206002\/"},"author":{"name":"CL","@id":"https:\/\/www.webdo.tn\/fr\/#\/schema\/person\/f35b42a42c5e2511bbd282959d6385cc"},"headline":"Rupture avec le gouvernement : L\u2019UGTT saisit l\u2019OIT","datePublished":"2023-05-24T13:55:00+00:00","dateModified":"2025-05-20T22:43:12+00:00","mainEntityOfPage":{"@id":"https:\/\/www.webdo.tn\/fr\/actualite\/national\/rupture-avec-le-gouvernement-l-ugtt-saisit-l-oit\/206002\/"},"wordCount":144,"commentCount":0,"publisher":{"@id":"https:\/\/www.webdo.tn\/fr\/#organization"},"image":{"@id":"https:\/\/www.webdo.tn\/fr\/actualite\/national\/rupture-avec-le-gouvernement-l-ugtt-saisit-l-oit\/206002\/#primaryimage"},"thumbnailUrl":"https:\/\/www.webdo.tn\/fr\/wp-content\/uploads\/2023\/05\/559eccf7a26c9a67736ad00e7d5946cd.png","keywords":["OIT","Tunisie","UGTT"],"articleSection":["National"],"inLanguage":"fr-FR"},{"@type":"WebPage","@id":"https:\/\/www.webdo.tn\/fr\/actualite\/national\/rupture-avec-le-gouvernement-l-ugtt-saisit-l-oit\/206002\/","url":"https:\/\/www.webdo.tn\/fr\/actualite\/national\/rupture-avec-le-gouvernement-l-ugtt-saisit-l-oit\/206002\/","name":"Rupture avec le gouvernement : L\u2019UGTT saisit l\u2019OIT","isPartOf":{"@id":"https:\/\/www.webdo.tn\/fr\/#website"},"primaryImageOfPage":{"@id":"https:\/\/www.webdo.tn\/fr\/actualite\/national\/rupture-avec-le-gouvernement-l-ugtt-saisit-l-oit\/206002\/#primaryimage"},"image":{"@id":"https:\/\/www.webdo.tn\/fr\/actualite\/national\/rupture-avec-le-gouvernement-l-ugtt-saisit-l-oit\/206002\/#primaryimage"},"thumbnailUrl":"https:\/\/www.webdo.tn\/fr\/wp-content\/uploads\/2023\/05\/559eccf7a26c9a67736ad00e7d5946cd.png","datePublished":"2023-05-24T13:55:00+00:00","dateModified":"2025-05-20T22:43:12+00:00","description":"l\u2019UGTT a d\u00e9cid\u00e9 \u00e0 porter l'affaire devant l'Organisation internationale du travail (OIT), qui convoquera bient\u00f4t les deux parties pour examiner cette situation,...","breadcrumb":{"@id":"https:\/\/www.webdo.tn\/fr\/actualite\/national\/rupture-avec-le-gouvernement-l-ugtt-saisit-l-oit\/206002\/#breadcrumb"},"inLanguage":"fr-FR","potentialAction":[{"@type":"ReadAction","target":["https:\/\/www.webdo.tn\/fr\/actualite\/national\/rupture-avec-le-gouvernement-l-ugtt-saisit-l-oit\/206002\/"]}]},{"@type":"ImageObject","inLanguage":"fr-FR","@id":"https:\/\/www.webdo.tn\/fr\/actualite\/national\/rupture-avec-le-gouvernement-l-ugtt-saisit-l-oit\/206002\/#primaryimage","url":"https:\/\/www.webdo.tn\/fr\/wp-content\/uploads\/2023\/05\/559eccf7a26c9a67736ad00e7d5946cd.png","contentUrl":"https:\/\/www.webdo.tn\/fr\/wp-content\/uploads\/2023\/05\/559eccf7a26c9a67736ad00e7d5946cd.png","width":750,"height":400,"caption":"Rupture avec le gouvernement : L\u2019UGTT saisit l\u2019OIT"},{"@type":"BreadcrumbList","@id":"https:\/\/www.webdo.tn\/fr\/actualite\/national\/rupture-avec-le-gouvernement-l-ugtt-saisit-l-oit\/206002\/#breadcrumb","itemListElement":[{"@type":"ListItem","position":1,"name":"Accueil","item":"https:\/\/www.webdo.tn\/fr\/"},{"@type":"ListItem","position":2,"name":"Rupture avec le gouvernement : L\u2019UGTT saisit l\u2019OIT"}]},{"@type":"WebSite","@id":"https:\/\/www.webdo.tn\/fr\/#website","url":"https:\/\/www.webdo.tn\/fr\/","name":"webdo","description":"Tunisie - News en Tunisie et \u00e0 l&#039;international sur Webdo.tn","publisher":{"@id":"https:\/\/www.webdo.tn\/fr\/#organization"},"potentialAction":[{"@type":"SearchAction","target":{"@type":"EntryPoint","urlTemplate":"https:\/\/www.webdo.tn\/fr\/?s={search_term_string}"},"query-input":{"@type":"PropertyValueSpecification","valueRequired":true,"valueName":"search_term_string"}}],"inLanguage":"fr-FR"},{"@type":"Organization","@id":"https:\/\/www.webdo.tn\/fr\/#organization","name":"Webdo","alternateName":"Webdo.tn","url":"https:\/\/www.webdo.tn\/fr\/","logo":{"@type":"ImageObject","inLanguage":"fr-FR","@id":"https:\/\/www.webdo.tn\/fr\/#\/schema\/logo\/image\/","url":"https:\/\/www.webdo.tn\/fr\/wp-content\/uploads\/2025\/06\/Webdo-Tunisie_168377.jpg","contentUrl":"https:\/\/www.webdo.tn\/fr\/wp-content\/uploads\/2025\/06\/Webdo-Tunisie_168377.jpg","width":301,"height":301,"caption":"Webdo"},"image":{"@id":"https:\/\/www.webdo.tn\/fr\/#\/schema\/logo\/image\/"},"sameAs":["https:\/\/www.facebook.com\/webdotn","https:\/\/x.com\/webdo_tn"],"description":"Webdo est un m\u00e9dia num\u00e9rique tunisien fond\u00e9 en 2010, sp\u00e9cialis\u00e9 dans l\u2019actualit\u00e9 nationale et internationale, l\u2019\u00e9conomie, la soci\u00e9t\u00e9 et les analyses politiques. Le site s\u2019adresse \u00e0 un large public francophone et couvre l\u2019information tunisienne en temps r\u00e9el.","email":"redac@webdo.tn","legalName":"YNJ SARL","foundingDate":"2010-09-06","numberOfEmployees":{"@type":"QuantitativeValue","minValue":"11","maxValue":"50"}},{"@type":"Person","@id":"https:\/\/www.webdo.tn\/fr\/#\/schema\/person\/f35b42a42c5e2511bbd282959d6385cc","name":"CL","image":{"@type":"ImageObject","inLanguage":"fr-FR","@id":"https:\/\/secure.gravatar.com\/avatar\/1447a49909b67aa657c488aec6512e1dd6143a480c1ecfee9b5b5cd74eb3b59e?s=96&d=mm&r=g","url":"https:\/\/secure.gravatar.com\/avatar\/1447a49909b67aa657c488aec6512e1dd6143a480c1ecfee9b5b5cd74eb3b59e?s=96&d=mm&r=g","contentUrl":"https:\/\/secure.gravatar.com\/avatar\/1447a49909b67aa657c488aec6512e1dd6143a480c1ecfee9b5b5cd74eb3b59e?s=96&d=mm&r=g","caption":"CL"},"url":"https:\/\/www.webdo.tn\/fr\/actualite\/author\/cl\/"}]}},"_links":{"self":[{"href":"https:\/\/www.webdo.tn\/fr\/wp-json\/wp\/v2\/posts\/206002","targetHints":{"allow":["GET"]}}],"collection":[{"href":"https:\/\/www.webdo.tn\/fr\/wp-json\/wp\/v2\/posts"}],"about":[{"href":"https:\/\/www.webdo.tn\/fr\/wp-json\/wp\/v2\/types\/post"}],"author":[{"embeddable":true,"href":"https:\/\/www.webdo.tn\/fr\/wp-json\/wp\/v2\/users\/3175"}],"replies":[{"embeddable":true,"href":"https:\/\/www.webdo.tn\/fr\/wp-json\/wp\/v2\/comments?post=206002"}],"version-history":[{"count":0,"href":"https:\/\/www.webdo.tn\/fr\/wp-json\/wp\/v2\/posts\/206002\/revisions"}],"wp:featuredmedia":[{"embeddable":true,"href":"https:\/\/www.webdo.tn\/fr\/wp-json\/wp\/v2\/media\/251058"}],"wp:attachment":[{"href":"https:\/\/www.webdo.tn\/fr\/wp-json\/wp\/v2\/media?parent=206002"}],"wp:term":[{"taxonomy":"category","embeddable":true,"href":"https:\/\/www.webdo.tn\/fr\/wp-json\/wp\/v2\/categories?post=206002"},{"taxonomy":"post_tag","embeddable":true,"href":"https:\/\/www.webdo.tn\/fr\/wp-json\/wp\/v2\/tags?post=206002"}],"curies":[{"name":"wp","href":"https:\/\/api.w.org\/{rel}","templated":true}]}}