{"id":205995,"date":"2023-05-24T11:26:00","date_gmt":"2023-05-24T11:26:00","guid":{"rendered":"https:\/\/www.webdo.tn\/fr\/blog\/cpg-neuf-responsables-dont-un-ancien-pdg-devant-la-justice\/205995\/"},"modified":"2025-05-20T22:50:21","modified_gmt":"2025-05-20T22:50:21","slug":"cpg-neuf-responsables-dont-un-ancien-pdg-devant-la-justice","status":"publish","type":"post","link":"https:\/\/www.webdo.tn\/fr\/actualite\/national\/cpg-neuf-responsables-dont-un-ancien-pdg-devant-la-justice\/205995\/","title":{"rendered":"CPG : Neuf responsables, dont un ancien PDG, devant la justice"},"content":{"rendered":"<p>Neuf personnes, dont un ancien PDG de la Compagnie des phosphates de Gafsa (CPG) compara\u00eetront devant le juge d\u2019instruction pour soup\u00e7ons de corruption.<\/p>\n<p>\t\t\t\t\t\t\t\t\tCes personnes en \u00e9tat d\u2019arrestation, seront traduites devant la justice pour \u00ab soup\u00e7ons de corruption et de dilapidation de l\u2019argent public \u00bb, indique un communiqu\u00e9 de la Garde nationale.\u00a0<\/p>\n<p>L\u2019affaire concerne l\u2019acquisition de lourds engins d\u2019une valeur de 14 millions de dinars, a-t-on \u00e9galement affirm\u00e9, ajoutant qu\u2019une repr\u00e9sentante commerciale \u00e9trang\u00e8re serait impliqu\u00e9e.\u00a0<\/p>\n<p>Ces derniers temps, la CPG est vis\u00e9e par plusieurs enqu\u00eates pour corruption. Il y a quelques mois le juge d&rsquo;instruction pr\u00e8s du tribunal de premi\u00e8re instance de Gafsa, a \u00e9mis un mandat d&rsquo;arr\u00eat \u00e0 l&rsquo;encontre d&rsquo;un cadre sup\u00e9rieur de la Compagnie pour suspicion de corruption.<\/p>\n<p>Le suspect est impliqu\u00e9 \u00e9galement dans une affaire de corruption relative \u00e0 des contrats frauduleux pour l&rsquo;acquisition d&rsquo;engins lourds d&rsquo;une valeur.<\/p>\n","protected":false},"excerpt":{"rendered":"<p>Neuf personnes, dont un ancien PDG de la Compagnie des phosphates de Gafsa (CPG) compara\u00eetront devant le juge d\u2019instruction pour soup\u00e7ons de corruption.<\/p>\n","protected":false},"author":3175,"featured_media":278242,"comment_status":"open","ping_status":"closed","sticky":false,"template":"","format":"standard","meta":{"footnotes":""},"categories":[44],"tags":[3196,2977,2608],"class_list":["post-205995","post","type-post","status-publish","format-standard","has-post-thumbnail","hentry","category-national","tag-corruption","tag-cpg","tag-tunisie"],"yoast_head":"<!-- This site is optimized with the Yoast SEO Premium plugin v27.5 (Yoast SEO v27.5) - https:\/\/yoast.com\/product\/yoast-seo-premium-wordpress\/ -->\n<title>CPG : Neuf responsables, dont un ancien PDG, devant la justice<\/title>\n<meta name=\"description\" content=\"Neuf personnes, dont un ancien PDG de la Compagnie des phosphates de Gafsa (CPG) compara\u00eetront devant le juge d\u2019instruction pour soup\u00e7ons de corruption.\" \/>\n<link rel=\"canonical\" href=\"https:\/\/www.webdo.tn\/fr\/actualite\/national\/cpg-neuf-responsables-dont-un-ancien-pdg-devant-la-justice\/205995\/\" \/>\n<meta property=\"og:locale\" content=\"fr_FR\" \/>\n<meta property=\"og:type\" content=\"article\" \/>\n<meta property=\"og:title\" content=\"CPG : Neuf responsables, dont un ancien PDG, devant la justice\" \/>\n<meta property=\"og:description\" content=\"Neuf personnes, dont un ancien PDG de la Compagnie des phosphates de Gafsa (CPG) compara\u00eetront devant le juge d\u2019instruction pour soup\u00e7ons de corruption.\" \/>\n<meta property=\"og:url\" content=\"https:\/\/www.webdo.tn\/fr\/actualite\/national\/cpg-neuf-responsables-dont-un-ancien-pdg-devant-la-justice\/205995\/\" \/>\n<meta property=\"og:site_name\" content=\"webdo\" \/>\n<meta property=\"article:publisher\" content=\"https:\/\/www.facebook.com\/webdotn\" \/>\n<meta property=\"article:published_time\" content=\"2023-05-24T11:26:00+00:00\" \/>\n<meta property=\"article:modified_time\" content=\"2025-05-20T22:50:21+00:00\" \/>\n<meta property=\"og:image\" content=\"https:\/\/www.webdo.tn\/fr\/wp-content\/uploads\/2023\/05\/ee8f13eb34e31d207b149d4980a9377e.jpg\" \/>\n\t<meta property=\"og:image:width\" content=\"750\" \/>\n\t<meta property=\"og:image:height\" content=\"400\" \/>\n\t<meta property=\"og:image:type\" content=\"image\/jpeg\" \/>\n<meta name=\"author\" content=\"CL\" \/>\n<meta name=\"twitter:card\" content=\"summary_large_image\" \/>\n<meta name=\"twitter:creator\" content=\"@webdo_tn\" \/>\n<meta name=\"twitter:site\" content=\"@webdo_tn\" \/>\n<meta name=\"twitter:label1\" content=\"\u00c9crit par\" \/>\n\t<meta name=\"twitter:data1\" content=\"CL\" \/>\n\t<meta name=\"twitter:label2\" content=\"Dur\u00e9e de lecture estim\u00e9e\" \/>\n\t<meta name=\"twitter:data2\" content=\"1 minute\" \/>\n<script type=\"application\/ld+json\" class=\"yoast-schema-graph\">{\"@context\":\"https:\\\/\\\/schema.org\",\"@graph\":[{\"@type\":\"NewsArticle\",\"@id\":\"https:\\\/\\\/www.webdo.tn\\\/fr\\\/actualite\\\/national\\\/cpg-neuf-responsables-dont-un-ancien-pdg-devant-la-justice\\\/205995\\\/#article\",\"isPartOf\":{\"@id\":\"https:\\\/\\\/www.webdo.tn\\\/fr\\\/actualite\\\/national\\\/cpg-neuf-responsables-dont-un-ancien-pdg-devant-la-justice\\\/205995\\\/\"},\"author\":{\"name\":\"CL\",\"@id\":\"https:\\\/\\\/www.webdo.tn\\\/fr\\\/#\\\/schema\\\/person\\\/f35b42a42c5e2511bbd282959d6385cc\"},\"headline\":\"CPG : Neuf responsables, dont un ancien PDG, devant la justice\",\"datePublished\":\"2023-05-24T11:26:00+00:00\",\"dateModified\":\"2025-05-20T22:50:21+00:00\",\"mainEntityOfPage\":{\"@id\":\"https:\\\/\\\/www.webdo.tn\\\/fr\\\/actualite\\\/national\\\/cpg-neuf-responsables-dont-un-ancien-pdg-devant-la-justice\\\/205995\\\/\"},\"wordCount\":172,\"commentCount\":0,\"publisher\":{\"@id\":\"https:\\\/\\\/www.webdo.tn\\\/fr\\\/#organization\"},\"image\":{\"@id\":\"https:\\\/\\\/www.webdo.tn\\\/fr\\\/actualite\\\/national\\\/cpg-neuf-responsables-dont-un-ancien-pdg-devant-la-justice\\\/205995\\\/#primaryimage\"},\"thumbnailUrl\":\"https:\\\/\\\/www.webdo.tn\\\/fr\\\/wp-content\\\/uploads\\\/2023\\\/05\\\/ee8f13eb34e31d207b149d4980a9377e.jpg\",\"keywords\":[\"corruption\",\"CPG\",\"Tunisie\"],\"articleSection\":[\"National\"],\"inLanguage\":\"fr-FR\"},{\"@type\":\"WebPage\",\"@id\":\"https:\\\/\\\/www.webdo.tn\\\/fr\\\/actualite\\\/national\\\/cpg-neuf-responsables-dont-un-ancien-pdg-devant-la-justice\\\/205995\\\/\",\"url\":\"https:\\\/\\\/www.webdo.tn\\\/fr\\\/actualite\\\/national\\\/cpg-neuf-responsables-dont-un-ancien-pdg-devant-la-justice\\\/205995\\\/\",\"name\":\"CPG : Neuf responsables, dont un ancien PDG, devant la justice\",\"isPartOf\":{\"@id\":\"https:\\\/\\\/www.webdo.tn\\\/fr\\\/#website\"},\"primaryImageOfPage\":{\"@id\":\"https:\\\/\\\/www.webdo.tn\\\/fr\\\/actualite\\\/national\\\/cpg-neuf-responsables-dont-un-ancien-pdg-devant-la-justice\\\/205995\\\/#primaryimage\"},\"image\":{\"@id\":\"https:\\\/\\\/www.webdo.tn\\\/fr\\\/actualite\\\/national\\\/cpg-neuf-responsables-dont-un-ancien-pdg-devant-la-justice\\\/205995\\\/#primaryimage\"},\"thumbnailUrl\":\"https:\\\/\\\/www.webdo.tn\\\/fr\\\/wp-content\\\/uploads\\\/2023\\\/05\\\/ee8f13eb34e31d207b149d4980a9377e.jpg\",\"datePublished\":\"2023-05-24T11:26:00+00:00\",\"dateModified\":\"2025-05-20T22:50:21+00:00\",\"description\":\"Neuf personnes, dont un ancien PDG de la Compagnie des phosphates de Gafsa (CPG) compara\u00eetront devant le juge d\u2019instruction pour soup\u00e7ons de corruption.\",\"breadcrumb\":{\"@id\":\"https:\\\/\\\/www.webdo.tn\\\/fr\\\/actualite\\\/national\\\/cpg-neuf-responsables-dont-un-ancien-pdg-devant-la-justice\\\/205995\\\/#breadcrumb\"},\"inLanguage\":\"fr-FR\",\"potentialAction\":[{\"@type\":\"ReadAction\",\"target\":[\"https:\\\/\\\/www.webdo.tn\\\/fr\\\/actualite\\\/national\\\/cpg-neuf-responsables-dont-un-ancien-pdg-devant-la-justice\\\/205995\\\/\"]}]},{\"@type\":\"ImageObject\",\"inLanguage\":\"fr-FR\",\"@id\":\"https:\\\/\\\/www.webdo.tn\\\/fr\\\/actualite\\\/national\\\/cpg-neuf-responsables-dont-un-ancien-pdg-devant-la-justice\\\/205995\\\/#primaryimage\",\"url\":\"https:\\\/\\\/www.webdo.tn\\\/fr\\\/wp-content\\\/uploads\\\/2023\\\/05\\\/ee8f13eb34e31d207b149d4980a9377e.jpg\",\"contentUrl\":\"https:\\\/\\\/www.webdo.tn\\\/fr\\\/wp-content\\\/uploads\\\/2023\\\/05\\\/ee8f13eb34e31d207b149d4980a9377e.jpg\",\"width\":750,\"height\":400,\"caption\":\"CPG\"},{\"@type\":\"BreadcrumbList\",\"@id\":\"https:\\\/\\\/www.webdo.tn\\\/fr\\\/actualite\\\/national\\\/cpg-neuf-responsables-dont-un-ancien-pdg-devant-la-justice\\\/205995\\\/#breadcrumb\",\"itemListElement\":[{\"@type\":\"ListItem\",\"position\":1,\"name\":\"Accueil\",\"item\":\"https:\\\/\\\/www.webdo.tn\\\/fr\\\/\"},{\"@type\":\"ListItem\",\"position\":2,\"name\":\"CPG : Neuf responsables, dont un ancien PDG, devant la justice\"}]},{\"@type\":\"WebSite\",\"@id\":\"https:\\\/\\\/www.webdo.tn\\\/fr\\\/#website\",\"url\":\"https:\\\/\\\/www.webdo.tn\\\/fr\\\/\",\"name\":\"webdo\",\"description\":\"Tunisie - News en Tunisie et \u00e0 l&#039;international sur Webdo.tn\",\"publisher\":{\"@id\":\"https:\\\/\\\/www.webdo.tn\\\/fr\\\/#organization\"},\"potentialAction\":[{\"@type\":\"SearchAction\",\"target\":{\"@type\":\"EntryPoint\",\"urlTemplate\":\"https:\\\/\\\/www.webdo.tn\\\/fr\\\/?s={search_term_string}\"},\"query-input\":{\"@type\":\"PropertyValueSpecification\",\"valueRequired\":true,\"valueName\":\"search_term_string\"}}],\"inLanguage\":\"fr-FR\"},{\"@type\":\"Organization\",\"@id\":\"https:\\\/\\\/www.webdo.tn\\\/fr\\\/#organization\",\"name\":\"Webdo\",\"alternateName\":\"Webdo.tn\",\"url\":\"https:\\\/\\\/www.webdo.tn\\\/fr\\\/\",\"logo\":{\"@type\":\"ImageObject\",\"inLanguage\":\"fr-FR\",\"@id\":\"https:\\\/\\\/www.webdo.tn\\\/fr\\\/#\\\/schema\\\/logo\\\/image\\\/\",\"url\":\"https:\\\/\\\/www.webdo.tn\\\/fr\\\/wp-content\\\/uploads\\\/2025\\\/06\\\/Webdo-Tunisie_168377.jpg\",\"contentUrl\":\"https:\\\/\\\/www.webdo.tn\\\/fr\\\/wp-content\\\/uploads\\\/2025\\\/06\\\/Webdo-Tunisie_168377.jpg\",\"width\":301,\"height\":301,\"caption\":\"Webdo\"},\"image\":{\"@id\":\"https:\\\/\\\/www.webdo.tn\\\/fr\\\/#\\\/schema\\\/logo\\\/image\\\/\"},\"sameAs\":[\"https:\\\/\\\/www.facebook.com\\\/webdotn\",\"https:\\\/\\\/x.com\\\/webdo_tn\"],\"description\":\"Webdo est un m\u00e9dia num\u00e9rique tunisien fond\u00e9 en 2010, sp\u00e9cialis\u00e9 dans l\u2019actualit\u00e9 nationale et internationale, l\u2019\u00e9conomie, la soci\u00e9t\u00e9 et les analyses politiques. Le site s\u2019adresse \u00e0 un large public francophone et couvre l\u2019information tunisienne en temps r\u00e9el.\",\"email\":\"redac@webdo.tn\",\"legalName\":\"YNJ SARL\",\"foundingDate\":\"2010-09-06\",\"numberOfEmployees\":{\"@type\":\"QuantitativeValue\",\"minValue\":\"11\",\"maxValue\":\"50\"}},{\"@type\":\"Person\",\"@id\":\"https:\\\/\\\/www.webdo.tn\\\/fr\\\/#\\\/schema\\\/person\\\/f35b42a42c5e2511bbd282959d6385cc\",\"name\":\"CL\",\"image\":{\"@type\":\"ImageObject\",\"inLanguage\":\"fr-FR\",\"@id\":\"https:\\\/\\\/secure.gravatar.com\\\/avatar\\\/1447a49909b67aa657c488aec6512e1dd6143a480c1ecfee9b5b5cd74eb3b59e?s=96&d=mm&r=g\",\"url\":\"https:\\\/\\\/secure.gravatar.com\\\/avatar\\\/1447a49909b67aa657c488aec6512e1dd6143a480c1ecfee9b5b5cd74eb3b59e?s=96&d=mm&r=g\",\"contentUrl\":\"https:\\\/\\\/secure.gravatar.com\\\/avatar\\\/1447a49909b67aa657c488aec6512e1dd6143a480c1ecfee9b5b5cd74eb3b59e?s=96&d=mm&r=g\",\"caption\":\"CL\"},\"url\":\"https:\\\/\\\/www.webdo.tn\\\/fr\\\/actualite\\\/author\\\/cl\\\/\"}]}<\/script>\n<!-- \/ Yoast SEO Premium plugin. -->","yoast_head_json":{"title":"CPG : Neuf responsables, dont un ancien PDG, devant la justice","description":"Neuf personnes, dont un ancien PDG de la Compagnie des phosphates de Gafsa (CPG) compara\u00eetront devant le juge d\u2019instruction pour soup\u00e7ons de corruption.","canonical":"https:\/\/www.webdo.tn\/fr\/actualite\/national\/cpg-neuf-responsables-dont-un-ancien-pdg-devant-la-justice\/205995\/","og_locale":"fr_FR","og_type":"article","og_title":"CPG : Neuf responsables, dont un ancien PDG, devant la justice","og_description":"Neuf personnes, dont un ancien PDG de la Compagnie des phosphates de Gafsa (CPG) compara\u00eetront devant le juge d\u2019instruction pour soup\u00e7ons de corruption.","og_url":"https:\/\/www.webdo.tn\/fr\/actualite\/national\/cpg-neuf-responsables-dont-un-ancien-pdg-devant-la-justice\/205995\/","og_site_name":"webdo","article_publisher":"https:\/\/www.facebook.com\/webdotn","article_published_time":"2023-05-24T11:26:00+00:00","article_modified_time":"2025-05-20T22:50:21+00:00","og_image":[{"width":750,"height":400,"url":"https:\/\/www.webdo.tn\/fr\/wp-content\/uploads\/2023\/05\/ee8f13eb34e31d207b149d4980a9377e.jpg","type":"image\/jpeg"}],"author":"CL","twitter_card":"summary_large_image","twitter_creator":"@webdo_tn","twitter_site":"@webdo_tn","twitter_misc":{"\u00c9crit par":"CL","Dur\u00e9e de lecture estim\u00e9e":"1 minute"},"schema":{"@context":"https:\/\/schema.org","@graph":[{"@type":"NewsArticle","@id":"https:\/\/www.webdo.tn\/fr\/actualite\/national\/cpg-neuf-responsables-dont-un-ancien-pdg-devant-la-justice\/205995\/#article","isPartOf":{"@id":"https:\/\/www.webdo.tn\/fr\/actualite\/national\/cpg-neuf-responsables-dont-un-ancien-pdg-devant-la-justice\/205995\/"},"author":{"name":"CL","@id":"https:\/\/www.webdo.tn\/fr\/#\/schema\/person\/f35b42a42c5e2511bbd282959d6385cc"},"headline":"CPG : Neuf responsables, dont un ancien PDG, devant la justice","datePublished":"2023-05-24T11:26:00+00:00","dateModified":"2025-05-20T22:50:21+00:00","mainEntityOfPage":{"@id":"https:\/\/www.webdo.tn\/fr\/actualite\/national\/cpg-neuf-responsables-dont-un-ancien-pdg-devant-la-justice\/205995\/"},"wordCount":172,"commentCount":0,"publisher":{"@id":"https:\/\/www.webdo.tn\/fr\/#organization"},"image":{"@id":"https:\/\/www.webdo.tn\/fr\/actualite\/national\/cpg-neuf-responsables-dont-un-ancien-pdg-devant-la-justice\/205995\/#primaryimage"},"thumbnailUrl":"https:\/\/www.webdo.tn\/fr\/wp-content\/uploads\/2023\/05\/ee8f13eb34e31d207b149d4980a9377e.jpg","keywords":["corruption","CPG","Tunisie"],"articleSection":["National"],"inLanguage":"fr-FR"},{"@type":"WebPage","@id":"https:\/\/www.webdo.tn\/fr\/actualite\/national\/cpg-neuf-responsables-dont-un-ancien-pdg-devant-la-justice\/205995\/","url":"https:\/\/www.webdo.tn\/fr\/actualite\/national\/cpg-neuf-responsables-dont-un-ancien-pdg-devant-la-justice\/205995\/","name":"CPG : Neuf responsables, dont un ancien PDG, devant la justice","isPartOf":{"@id":"https:\/\/www.webdo.tn\/fr\/#website"},"primaryImageOfPage":{"@id":"https:\/\/www.webdo.tn\/fr\/actualite\/national\/cpg-neuf-responsables-dont-un-ancien-pdg-devant-la-justice\/205995\/#primaryimage"},"image":{"@id":"https:\/\/www.webdo.tn\/fr\/actualite\/national\/cpg-neuf-responsables-dont-un-ancien-pdg-devant-la-justice\/205995\/#primaryimage"},"thumbnailUrl":"https:\/\/www.webdo.tn\/fr\/wp-content\/uploads\/2023\/05\/ee8f13eb34e31d207b149d4980a9377e.jpg","datePublished":"2023-05-24T11:26:00+00:00","dateModified":"2025-05-20T22:50:21+00:00","description":"Neuf personnes, dont un ancien PDG de la Compagnie des phosphates de Gafsa (CPG) compara\u00eetront devant le juge d\u2019instruction pour soup\u00e7ons de corruption.","breadcrumb":{"@id":"https:\/\/www.webdo.tn\/fr\/actualite\/national\/cpg-neuf-responsables-dont-un-ancien-pdg-devant-la-justice\/205995\/#breadcrumb"},"inLanguage":"fr-FR","potentialAction":[{"@type":"ReadAction","target":["https:\/\/www.webdo.tn\/fr\/actualite\/national\/cpg-neuf-responsables-dont-un-ancien-pdg-devant-la-justice\/205995\/"]}]},{"@type":"ImageObject","inLanguage":"fr-FR","@id":"https:\/\/www.webdo.tn\/fr\/actualite\/national\/cpg-neuf-responsables-dont-un-ancien-pdg-devant-la-justice\/205995\/#primaryimage","url":"https:\/\/www.webdo.tn\/fr\/wp-content\/uploads\/2023\/05\/ee8f13eb34e31d207b149d4980a9377e.jpg","contentUrl":"https:\/\/www.webdo.tn\/fr\/wp-content\/uploads\/2023\/05\/ee8f13eb34e31d207b149d4980a9377e.jpg","width":750,"height":400,"caption":"CPG"},{"@type":"BreadcrumbList","@id":"https:\/\/www.webdo.tn\/fr\/actualite\/national\/cpg-neuf-responsables-dont-un-ancien-pdg-devant-la-justice\/205995\/#breadcrumb","itemListElement":[{"@type":"ListItem","position":1,"name":"Accueil","item":"https:\/\/www.webdo.tn\/fr\/"},{"@type":"ListItem","position":2,"name":"CPG : Neuf responsables, dont un ancien PDG, devant la justice"}]},{"@type":"WebSite","@id":"https:\/\/www.webdo.tn\/fr\/#website","url":"https:\/\/www.webdo.tn\/fr\/","name":"webdo","description":"Tunisie - News en Tunisie et \u00e0 l&#039;international sur Webdo.tn","publisher":{"@id":"https:\/\/www.webdo.tn\/fr\/#organization"},"potentialAction":[{"@type":"SearchAction","target":{"@type":"EntryPoint","urlTemplate":"https:\/\/www.webdo.tn\/fr\/?s={search_term_string}"},"query-input":{"@type":"PropertyValueSpecification","valueRequired":true,"valueName":"search_term_string"}}],"inLanguage":"fr-FR"},{"@type":"Organization","@id":"https:\/\/www.webdo.tn\/fr\/#organization","name":"Webdo","alternateName":"Webdo.tn","url":"https:\/\/www.webdo.tn\/fr\/","logo":{"@type":"ImageObject","inLanguage":"fr-FR","@id":"https:\/\/www.webdo.tn\/fr\/#\/schema\/logo\/image\/","url":"https:\/\/www.webdo.tn\/fr\/wp-content\/uploads\/2025\/06\/Webdo-Tunisie_168377.jpg","contentUrl":"https:\/\/www.webdo.tn\/fr\/wp-content\/uploads\/2025\/06\/Webdo-Tunisie_168377.jpg","width":301,"height":301,"caption":"Webdo"},"image":{"@id":"https:\/\/www.webdo.tn\/fr\/#\/schema\/logo\/image\/"},"sameAs":["https:\/\/www.facebook.com\/webdotn","https:\/\/x.com\/webdo_tn"],"description":"Webdo est un m\u00e9dia num\u00e9rique tunisien fond\u00e9 en 2010, sp\u00e9cialis\u00e9 dans l\u2019actualit\u00e9 nationale et internationale, l\u2019\u00e9conomie, la soci\u00e9t\u00e9 et les analyses politiques. Le site s\u2019adresse \u00e0 un large public francophone et couvre l\u2019information tunisienne en temps r\u00e9el.","email":"redac@webdo.tn","legalName":"YNJ SARL","foundingDate":"2010-09-06","numberOfEmployees":{"@type":"QuantitativeValue","minValue":"11","maxValue":"50"}},{"@type":"Person","@id":"https:\/\/www.webdo.tn\/fr\/#\/schema\/person\/f35b42a42c5e2511bbd282959d6385cc","name":"CL","image":{"@type":"ImageObject","inLanguage":"fr-FR","@id":"https:\/\/secure.gravatar.com\/avatar\/1447a49909b67aa657c488aec6512e1dd6143a480c1ecfee9b5b5cd74eb3b59e?s=96&d=mm&r=g","url":"https:\/\/secure.gravatar.com\/avatar\/1447a49909b67aa657c488aec6512e1dd6143a480c1ecfee9b5b5cd74eb3b59e?s=96&d=mm&r=g","contentUrl":"https:\/\/secure.gravatar.com\/avatar\/1447a49909b67aa657c488aec6512e1dd6143a480c1ecfee9b5b5cd74eb3b59e?s=96&d=mm&r=g","caption":"CL"},"url":"https:\/\/www.webdo.tn\/fr\/actualite\/author\/cl\/"}]}},"_links":{"self":[{"href":"https:\/\/www.webdo.tn\/fr\/wp-json\/wp\/v2\/posts\/205995","targetHints":{"allow":["GET"]}}],"collection":[{"href":"https:\/\/www.webdo.tn\/fr\/wp-json\/wp\/v2\/posts"}],"about":[{"href":"https:\/\/www.webdo.tn\/fr\/wp-json\/wp\/v2\/types\/post"}],"author":[{"embeddable":true,"href":"https:\/\/www.webdo.tn\/fr\/wp-json\/wp\/v2\/users\/3175"}],"replies":[{"embeddable":true,"href":"https:\/\/www.webdo.tn\/fr\/wp-json\/wp\/v2\/comments?post=205995"}],"version-history":[{"count":0,"href":"https:\/\/www.webdo.tn\/fr\/wp-json\/wp\/v2\/posts\/205995\/revisions"}],"wp:featuredmedia":[{"embeddable":true,"href":"https:\/\/www.webdo.tn\/fr\/wp-json\/wp\/v2\/media\/278242"}],"wp:attachment":[{"href":"https:\/\/www.webdo.tn\/fr\/wp-json\/wp\/v2\/media?parent=205995"}],"wp:term":[{"taxonomy":"category","embeddable":true,"href":"https:\/\/www.webdo.tn\/fr\/wp-json\/wp\/v2\/categories?post=205995"},{"taxonomy":"post_tag","embeddable":true,"href":"https:\/\/www.webdo.tn\/fr\/wp-json\/wp\/v2\/tags?post=205995"}],"curies":[{"name":"wp","href":"https:\/\/api.w.org\/{rel}","templated":true}]}}