{"id":205993,"date":"2023-05-24T10:43:00","date_gmt":"2023-05-24T10:43:00","guid":{"rendered":"https:\/\/www.webdo.tn\/fr\/blog\/tunisie-operations-mains-propres-au-sein-du-ministere-de-l-agriculture\/205993\/"},"modified":"2025-05-20T22:50:21","modified_gmt":"2025-05-20T22:50:21","slug":"tunisie-operations-mains-propres-au-sein-du-ministere-de-l-agriculture","status":"publish","type":"post","link":"https:\/\/www.webdo.tn\/fr\/actualite\/national\/tunisie-operations-mains-propres-au-sein-du-ministere-de-l-agriculture\/205993\/","title":{"rendered":"Tunisie : Op\u00e9ration mains propres au sein du minist\u00e8re de l\u2019Agriculture ?"},"content":{"rendered":"<p>La mouvance du 25 juillet conduite par le chef de l\u2019Etat a promis un renouveau pour la lutte contre la corruption. D\u2019ailleurs, \u00e0 l\u2019issue de cet \u00e9v\u00e8nement, plusieurs affaires de justices ont \u00e9t\u00e9 entam\u00e9es contre des formes de corruption et des dossiers ont \u00e9t\u00e9 ouverts.<\/p>\n<p>\t\t\t\t\t\t\t\t\tHier mardi 23 mai, le ministre de l\u2019Agriculture explique dans ce sens que plusieurs dossiers de corruption ont \u00e9t\u00e9 transf\u00e9r\u00e9s \u00e0 la justice.\u00a0<\/p>\n<p>S\u2019exprimant en marge d\u2019un \u00e9v\u00e8nement \u00e0 Monastir, il a affirm\u00e9 que ces dossiers concernent plusieurs secteurs d\u2019activit\u00e9s agricoles et plusieurs structures administratives.\u00a0<\/p>\n<p>Laissant entendre que la lutte contre la corruption est une revendication populaire, il a fait part de l\u2019intention du d\u00e9partement d\u2019ouvrir tous les dossiers douteux afin de rendre justice aux diff\u00e9rentes parties concern\u00e9es.\u00a0<\/p>\n<p>Rappelons dans ce meme contexte que me juge d\u2019instruction pr\u00e8s le tribunal de premi\u00e8re instance de Tunis 1, a \u00e9mis, le 12 mai, un mandat de d\u00e9p\u00f4t en prison \u00e0 l\u2019encontre de l\u2019ex-pr\u00e9sident de l\u2019UTAP, Abdelmajid Ezzar.<\/p>\n<p>Abdelmajid Ezzar a \u00e9t\u00e9 interdit de voyage en ao\u00fbt 2022 dans une affaire de suspicion de corruption financi\u00e8re et administrative en lien avec la gestion de l\u2019Organisation des agriculteurs.<\/p>\n","protected":false},"excerpt":{"rendered":"<p>Le ministre de l\u2019Agriculture explique dans ce sens que plusieurs dossiers de corruption ont \u00e9t\u00e9 transf\u00e9r\u00e9s \u00e0 la justice.<\/p>\n","protected":false},"author":3175,"featured_media":278240,"comment_status":"open","ping_status":"closed","sticky":false,"template":"","format":"standard","meta":{"footnotes":""},"categories":[44],"tags":[3271,3196,2608],"class_list":["post-205993","post","type-post","status-publish","format-standard","has-post-thumbnail","hentry","category-national","tag-agriculture","tag-corruption","tag-tunisie"],"yoast_head":"<!-- This site is optimized with the Yoast SEO Premium plugin v27.5 (Yoast SEO v27.5) - https:\/\/yoast.com\/product\/yoast-seo-premium-wordpress\/ -->\n<title>Tunisie : Op\u00e9ration mains propres au sein du minist\u00e8re de l\u2019Agriculture ?<\/title>\n<meta name=\"description\" content=\"Le ministre de l\u2019Agriculture explique dans ce sens que plusieurs dossiers de corruption ont \u00e9t\u00e9 transf\u00e9r\u00e9s \u00e0 la justice.\" \/>\n<link rel=\"canonical\" href=\"https:\/\/www.webdo.tn\/fr\/actualite\/national\/tunisie-operations-mains-propres-au-sein-du-ministere-de-l-agriculture\/205993\/\" \/>\n<meta property=\"og:locale\" content=\"fr_FR\" \/>\n<meta property=\"og:type\" content=\"article\" \/>\n<meta property=\"og:title\" content=\"Tunisie : Op\u00e9ration mains propres au sein du minist\u00e8re de l\u2019Agriculture ?\" \/>\n<meta property=\"og:description\" content=\"Le ministre de l\u2019Agriculture explique dans ce sens que plusieurs dossiers de corruption ont \u00e9t\u00e9 transf\u00e9r\u00e9s \u00e0 la justice.\" \/>\n<meta property=\"og:url\" content=\"https:\/\/www.webdo.tn\/fr\/actualite\/national\/tunisie-operations-mains-propres-au-sein-du-ministere-de-l-agriculture\/205993\/\" \/>\n<meta property=\"og:site_name\" content=\"webdo\" \/>\n<meta property=\"article:publisher\" content=\"https:\/\/www.facebook.com\/webdotn\" \/>\n<meta property=\"article:published_time\" content=\"2023-05-24T10:43:00+00:00\" \/>\n<meta property=\"article:modified_time\" content=\"2025-05-20T22:50:21+00:00\" \/>\n<meta property=\"og:image\" content=\"https:\/\/www.webdo.tn\/fr\/wp-content\/uploads\/2023\/05\/17b520d2cfd699e9582e0d78dc44aae2.jpg\" \/>\n\t<meta property=\"og:image:width\" content=\"750\" \/>\n\t<meta property=\"og:image:height\" content=\"400\" \/>\n\t<meta property=\"og:image:type\" content=\"image\/jpeg\" \/>\n<meta name=\"author\" content=\"CL\" \/>\n<meta name=\"twitter:card\" content=\"summary_large_image\" \/>\n<meta name=\"twitter:creator\" content=\"@webdo_tn\" \/>\n<meta name=\"twitter:site\" content=\"@webdo_tn\" \/>\n<meta name=\"twitter:label1\" content=\"\u00c9crit par\" \/>\n\t<meta name=\"twitter:data1\" content=\"CL\" \/>\n\t<meta name=\"twitter:label2\" content=\"Dur\u00e9e de lecture estim\u00e9e\" \/>\n\t<meta name=\"twitter:data2\" content=\"1 minute\" \/>\n<script type=\"application\/ld+json\" class=\"yoast-schema-graph\">{\"@context\":\"https:\\\/\\\/schema.org\",\"@graph\":[{\"@type\":\"NewsArticle\",\"@id\":\"https:\\\/\\\/www.webdo.tn\\\/fr\\\/actualite\\\/national\\\/tunisie-operations-mains-propres-au-sein-du-ministere-de-l-agriculture\\\/205993\\\/#article\",\"isPartOf\":{\"@id\":\"https:\\\/\\\/www.webdo.tn\\\/fr\\\/actualite\\\/national\\\/tunisie-operations-mains-propres-au-sein-du-ministere-de-l-agriculture\\\/205993\\\/\"},\"author\":{\"name\":\"CL\",\"@id\":\"https:\\\/\\\/www.webdo.tn\\\/fr\\\/#\\\/schema\\\/person\\\/f35b42a42c5e2511bbd282959d6385cc\"},\"headline\":\"Tunisie : Op\u00e9ration mains propres au sein du minist\u00e8re de l\u2019Agriculture ?\",\"datePublished\":\"2023-05-24T10:43:00+00:00\",\"dateModified\":\"2025-05-20T22:50:21+00:00\",\"mainEntityOfPage\":{\"@id\":\"https:\\\/\\\/www.webdo.tn\\\/fr\\\/actualite\\\/national\\\/tunisie-operations-mains-propres-au-sein-du-ministere-de-l-agriculture\\\/205993\\\/\"},\"wordCount\":223,\"commentCount\":0,\"publisher\":{\"@id\":\"https:\\\/\\\/www.webdo.tn\\\/fr\\\/#organization\"},\"image\":{\"@id\":\"https:\\\/\\\/www.webdo.tn\\\/fr\\\/actualite\\\/national\\\/tunisie-operations-mains-propres-au-sein-du-ministere-de-l-agriculture\\\/205993\\\/#primaryimage\"},\"thumbnailUrl\":\"https:\\\/\\\/www.webdo.tn\\\/fr\\\/wp-content\\\/uploads\\\/2023\\\/05\\\/17b520d2cfd699e9582e0d78dc44aae2.jpg\",\"keywords\":[\"agriculture\",\"corruption\",\"Tunisie\"],\"articleSection\":[\"National\"],\"inLanguage\":\"fr-FR\"},{\"@type\":\"WebPage\",\"@id\":\"https:\\\/\\\/www.webdo.tn\\\/fr\\\/actualite\\\/national\\\/tunisie-operations-mains-propres-au-sein-du-ministere-de-l-agriculture\\\/205993\\\/\",\"url\":\"https:\\\/\\\/www.webdo.tn\\\/fr\\\/actualite\\\/national\\\/tunisie-operations-mains-propres-au-sein-du-ministere-de-l-agriculture\\\/205993\\\/\",\"name\":\"Tunisie : Op\u00e9ration mains propres au sein du minist\u00e8re de l\u2019Agriculture ?\",\"isPartOf\":{\"@id\":\"https:\\\/\\\/www.webdo.tn\\\/fr\\\/#website\"},\"primaryImageOfPage\":{\"@id\":\"https:\\\/\\\/www.webdo.tn\\\/fr\\\/actualite\\\/national\\\/tunisie-operations-mains-propres-au-sein-du-ministere-de-l-agriculture\\\/205993\\\/#primaryimage\"},\"image\":{\"@id\":\"https:\\\/\\\/www.webdo.tn\\\/fr\\\/actualite\\\/national\\\/tunisie-operations-mains-propres-au-sein-du-ministere-de-l-agriculture\\\/205993\\\/#primaryimage\"},\"thumbnailUrl\":\"https:\\\/\\\/www.webdo.tn\\\/fr\\\/wp-content\\\/uploads\\\/2023\\\/05\\\/17b520d2cfd699e9582e0d78dc44aae2.jpg\",\"datePublished\":\"2023-05-24T10:43:00+00:00\",\"dateModified\":\"2025-05-20T22:50:21+00:00\",\"description\":\"Le ministre de l\u2019Agriculture explique dans ce sens que plusieurs dossiers de corruption ont \u00e9t\u00e9 transf\u00e9r\u00e9s \u00e0 la justice.\",\"breadcrumb\":{\"@id\":\"https:\\\/\\\/www.webdo.tn\\\/fr\\\/actualite\\\/national\\\/tunisie-operations-mains-propres-au-sein-du-ministere-de-l-agriculture\\\/205993\\\/#breadcrumb\"},\"inLanguage\":\"fr-FR\",\"potentialAction\":[{\"@type\":\"ReadAction\",\"target\":[\"https:\\\/\\\/www.webdo.tn\\\/fr\\\/actualite\\\/national\\\/tunisie-operations-mains-propres-au-sein-du-ministere-de-l-agriculture\\\/205993\\\/\"]}]},{\"@type\":\"ImageObject\",\"inLanguage\":\"fr-FR\",\"@id\":\"https:\\\/\\\/www.webdo.tn\\\/fr\\\/actualite\\\/national\\\/tunisie-operations-mains-propres-au-sein-du-ministere-de-l-agriculture\\\/205993\\\/#primaryimage\",\"url\":\"https:\\\/\\\/www.webdo.tn\\\/fr\\\/wp-content\\\/uploads\\\/2023\\\/05\\\/17b520d2cfd699e9582e0d78dc44aae2.jpg\",\"contentUrl\":\"https:\\\/\\\/www.webdo.tn\\\/fr\\\/wp-content\\\/uploads\\\/2023\\\/05\\\/17b520d2cfd699e9582e0d78dc44aae2.jpg\",\"width\":750,\"height\":400,\"caption\":\"Minist\u00e8re de l'Agriculture\"},{\"@type\":\"BreadcrumbList\",\"@id\":\"https:\\\/\\\/www.webdo.tn\\\/fr\\\/actualite\\\/national\\\/tunisie-operations-mains-propres-au-sein-du-ministere-de-l-agriculture\\\/205993\\\/#breadcrumb\",\"itemListElement\":[{\"@type\":\"ListItem\",\"position\":1,\"name\":\"Accueil\",\"item\":\"https:\\\/\\\/www.webdo.tn\\\/fr\\\/\"},{\"@type\":\"ListItem\",\"position\":2,\"name\":\"Tunisie : Op\u00e9ration mains propres au sein du minist\u00e8re de l\u2019Agriculture ?\"}]},{\"@type\":\"WebSite\",\"@id\":\"https:\\\/\\\/www.webdo.tn\\\/fr\\\/#website\",\"url\":\"https:\\\/\\\/www.webdo.tn\\\/fr\\\/\",\"name\":\"webdo\",\"description\":\"Tunisie - News en Tunisie et \u00e0 l&#039;international sur Webdo.tn\",\"publisher\":{\"@id\":\"https:\\\/\\\/www.webdo.tn\\\/fr\\\/#organization\"},\"potentialAction\":[{\"@type\":\"SearchAction\",\"target\":{\"@type\":\"EntryPoint\",\"urlTemplate\":\"https:\\\/\\\/www.webdo.tn\\\/fr\\\/?s={search_term_string}\"},\"query-input\":{\"@type\":\"PropertyValueSpecification\",\"valueRequired\":true,\"valueName\":\"search_term_string\"}}],\"inLanguage\":\"fr-FR\"},{\"@type\":\"Organization\",\"@id\":\"https:\\\/\\\/www.webdo.tn\\\/fr\\\/#organization\",\"name\":\"Webdo\",\"alternateName\":\"Webdo.tn\",\"url\":\"https:\\\/\\\/www.webdo.tn\\\/fr\\\/\",\"logo\":{\"@type\":\"ImageObject\",\"inLanguage\":\"fr-FR\",\"@id\":\"https:\\\/\\\/www.webdo.tn\\\/fr\\\/#\\\/schema\\\/logo\\\/image\\\/\",\"url\":\"https:\\\/\\\/www.webdo.tn\\\/fr\\\/wp-content\\\/uploads\\\/2025\\\/06\\\/Webdo-Tunisie_168377.jpg\",\"contentUrl\":\"https:\\\/\\\/www.webdo.tn\\\/fr\\\/wp-content\\\/uploads\\\/2025\\\/06\\\/Webdo-Tunisie_168377.jpg\",\"width\":301,\"height\":301,\"caption\":\"Webdo\"},\"image\":{\"@id\":\"https:\\\/\\\/www.webdo.tn\\\/fr\\\/#\\\/schema\\\/logo\\\/image\\\/\"},\"sameAs\":[\"https:\\\/\\\/www.facebook.com\\\/webdotn\",\"https:\\\/\\\/x.com\\\/webdo_tn\"],\"description\":\"Webdo est un m\u00e9dia num\u00e9rique tunisien fond\u00e9 en 2010, sp\u00e9cialis\u00e9 dans l\u2019actualit\u00e9 nationale et internationale, l\u2019\u00e9conomie, la soci\u00e9t\u00e9 et les analyses politiques. Le site s\u2019adresse \u00e0 un large public francophone et couvre l\u2019information tunisienne en temps r\u00e9el.\",\"email\":\"redac@webdo.tn\",\"legalName\":\"YNJ SARL\",\"foundingDate\":\"2010-09-06\",\"numberOfEmployees\":{\"@type\":\"QuantitativeValue\",\"minValue\":\"11\",\"maxValue\":\"50\"}},{\"@type\":\"Person\",\"@id\":\"https:\\\/\\\/www.webdo.tn\\\/fr\\\/#\\\/schema\\\/person\\\/f35b42a42c5e2511bbd282959d6385cc\",\"name\":\"CL\",\"image\":{\"@type\":\"ImageObject\",\"inLanguage\":\"fr-FR\",\"@id\":\"https:\\\/\\\/secure.gravatar.com\\\/avatar\\\/1447a49909b67aa657c488aec6512e1dd6143a480c1ecfee9b5b5cd74eb3b59e?s=96&d=mm&r=g\",\"url\":\"https:\\\/\\\/secure.gravatar.com\\\/avatar\\\/1447a49909b67aa657c488aec6512e1dd6143a480c1ecfee9b5b5cd74eb3b59e?s=96&d=mm&r=g\",\"contentUrl\":\"https:\\\/\\\/secure.gravatar.com\\\/avatar\\\/1447a49909b67aa657c488aec6512e1dd6143a480c1ecfee9b5b5cd74eb3b59e?s=96&d=mm&r=g\",\"caption\":\"CL\"},\"url\":\"https:\\\/\\\/www.webdo.tn\\\/fr\\\/actualite\\\/author\\\/cl\\\/\"}]}<\/script>\n<!-- \/ Yoast SEO Premium plugin. -->","yoast_head_json":{"title":"Tunisie : Op\u00e9ration mains propres au sein du minist\u00e8re de l\u2019Agriculture ?","description":"Le ministre de l\u2019Agriculture explique dans ce sens que plusieurs dossiers de corruption ont \u00e9t\u00e9 transf\u00e9r\u00e9s \u00e0 la justice.","canonical":"https:\/\/www.webdo.tn\/fr\/actualite\/national\/tunisie-operations-mains-propres-au-sein-du-ministere-de-l-agriculture\/205993\/","og_locale":"fr_FR","og_type":"article","og_title":"Tunisie : Op\u00e9ration mains propres au sein du minist\u00e8re de l\u2019Agriculture ?","og_description":"Le ministre de l\u2019Agriculture explique dans ce sens que plusieurs dossiers de corruption ont \u00e9t\u00e9 transf\u00e9r\u00e9s \u00e0 la justice.","og_url":"https:\/\/www.webdo.tn\/fr\/actualite\/national\/tunisie-operations-mains-propres-au-sein-du-ministere-de-l-agriculture\/205993\/","og_site_name":"webdo","article_publisher":"https:\/\/www.facebook.com\/webdotn","article_published_time":"2023-05-24T10:43:00+00:00","article_modified_time":"2025-05-20T22:50:21+00:00","og_image":[{"width":750,"height":400,"url":"https:\/\/www.webdo.tn\/fr\/wp-content\/uploads\/2023\/05\/17b520d2cfd699e9582e0d78dc44aae2.jpg","type":"image\/jpeg"}],"author":"CL","twitter_card":"summary_large_image","twitter_creator":"@webdo_tn","twitter_site":"@webdo_tn","twitter_misc":{"\u00c9crit par":"CL","Dur\u00e9e de lecture estim\u00e9e":"1 minute"},"schema":{"@context":"https:\/\/schema.org","@graph":[{"@type":"NewsArticle","@id":"https:\/\/www.webdo.tn\/fr\/actualite\/national\/tunisie-operations-mains-propres-au-sein-du-ministere-de-l-agriculture\/205993\/#article","isPartOf":{"@id":"https:\/\/www.webdo.tn\/fr\/actualite\/national\/tunisie-operations-mains-propres-au-sein-du-ministere-de-l-agriculture\/205993\/"},"author":{"name":"CL","@id":"https:\/\/www.webdo.tn\/fr\/#\/schema\/person\/f35b42a42c5e2511bbd282959d6385cc"},"headline":"Tunisie : Op\u00e9ration mains propres au sein du minist\u00e8re de l\u2019Agriculture ?","datePublished":"2023-05-24T10:43:00+00:00","dateModified":"2025-05-20T22:50:21+00:00","mainEntityOfPage":{"@id":"https:\/\/www.webdo.tn\/fr\/actualite\/national\/tunisie-operations-mains-propres-au-sein-du-ministere-de-l-agriculture\/205993\/"},"wordCount":223,"commentCount":0,"publisher":{"@id":"https:\/\/www.webdo.tn\/fr\/#organization"},"image":{"@id":"https:\/\/www.webdo.tn\/fr\/actualite\/national\/tunisie-operations-mains-propres-au-sein-du-ministere-de-l-agriculture\/205993\/#primaryimage"},"thumbnailUrl":"https:\/\/www.webdo.tn\/fr\/wp-content\/uploads\/2023\/05\/17b520d2cfd699e9582e0d78dc44aae2.jpg","keywords":["agriculture","corruption","Tunisie"],"articleSection":["National"],"inLanguage":"fr-FR"},{"@type":"WebPage","@id":"https:\/\/www.webdo.tn\/fr\/actualite\/national\/tunisie-operations-mains-propres-au-sein-du-ministere-de-l-agriculture\/205993\/","url":"https:\/\/www.webdo.tn\/fr\/actualite\/national\/tunisie-operations-mains-propres-au-sein-du-ministere-de-l-agriculture\/205993\/","name":"Tunisie : Op\u00e9ration mains propres au sein du minist\u00e8re de l\u2019Agriculture ?","isPartOf":{"@id":"https:\/\/www.webdo.tn\/fr\/#website"},"primaryImageOfPage":{"@id":"https:\/\/www.webdo.tn\/fr\/actualite\/national\/tunisie-operations-mains-propres-au-sein-du-ministere-de-l-agriculture\/205993\/#primaryimage"},"image":{"@id":"https:\/\/www.webdo.tn\/fr\/actualite\/national\/tunisie-operations-mains-propres-au-sein-du-ministere-de-l-agriculture\/205993\/#primaryimage"},"thumbnailUrl":"https:\/\/www.webdo.tn\/fr\/wp-content\/uploads\/2023\/05\/17b520d2cfd699e9582e0d78dc44aae2.jpg","datePublished":"2023-05-24T10:43:00+00:00","dateModified":"2025-05-20T22:50:21+00:00","description":"Le ministre de l\u2019Agriculture explique dans ce sens que plusieurs dossiers de corruption ont \u00e9t\u00e9 transf\u00e9r\u00e9s \u00e0 la justice.","breadcrumb":{"@id":"https:\/\/www.webdo.tn\/fr\/actualite\/national\/tunisie-operations-mains-propres-au-sein-du-ministere-de-l-agriculture\/205993\/#breadcrumb"},"inLanguage":"fr-FR","potentialAction":[{"@type":"ReadAction","target":["https:\/\/www.webdo.tn\/fr\/actualite\/national\/tunisie-operations-mains-propres-au-sein-du-ministere-de-l-agriculture\/205993\/"]}]},{"@type":"ImageObject","inLanguage":"fr-FR","@id":"https:\/\/www.webdo.tn\/fr\/actualite\/national\/tunisie-operations-mains-propres-au-sein-du-ministere-de-l-agriculture\/205993\/#primaryimage","url":"https:\/\/www.webdo.tn\/fr\/wp-content\/uploads\/2023\/05\/17b520d2cfd699e9582e0d78dc44aae2.jpg","contentUrl":"https:\/\/www.webdo.tn\/fr\/wp-content\/uploads\/2023\/05\/17b520d2cfd699e9582e0d78dc44aae2.jpg","width":750,"height":400,"caption":"Minist\u00e8re de l'Agriculture"},{"@type":"BreadcrumbList","@id":"https:\/\/www.webdo.tn\/fr\/actualite\/national\/tunisie-operations-mains-propres-au-sein-du-ministere-de-l-agriculture\/205993\/#breadcrumb","itemListElement":[{"@type":"ListItem","position":1,"name":"Accueil","item":"https:\/\/www.webdo.tn\/fr\/"},{"@type":"ListItem","position":2,"name":"Tunisie : Op\u00e9ration mains propres au sein du minist\u00e8re de l\u2019Agriculture ?"}]},{"@type":"WebSite","@id":"https:\/\/www.webdo.tn\/fr\/#website","url":"https:\/\/www.webdo.tn\/fr\/","name":"webdo","description":"Tunisie - News en Tunisie et \u00e0 l&#039;international sur Webdo.tn","publisher":{"@id":"https:\/\/www.webdo.tn\/fr\/#organization"},"potentialAction":[{"@type":"SearchAction","target":{"@type":"EntryPoint","urlTemplate":"https:\/\/www.webdo.tn\/fr\/?s={search_term_string}"},"query-input":{"@type":"PropertyValueSpecification","valueRequired":true,"valueName":"search_term_string"}}],"inLanguage":"fr-FR"},{"@type":"Organization","@id":"https:\/\/www.webdo.tn\/fr\/#organization","name":"Webdo","alternateName":"Webdo.tn","url":"https:\/\/www.webdo.tn\/fr\/","logo":{"@type":"ImageObject","inLanguage":"fr-FR","@id":"https:\/\/www.webdo.tn\/fr\/#\/schema\/logo\/image\/","url":"https:\/\/www.webdo.tn\/fr\/wp-content\/uploads\/2025\/06\/Webdo-Tunisie_168377.jpg","contentUrl":"https:\/\/www.webdo.tn\/fr\/wp-content\/uploads\/2025\/06\/Webdo-Tunisie_168377.jpg","width":301,"height":301,"caption":"Webdo"},"image":{"@id":"https:\/\/www.webdo.tn\/fr\/#\/schema\/logo\/image\/"},"sameAs":["https:\/\/www.facebook.com\/webdotn","https:\/\/x.com\/webdo_tn"],"description":"Webdo est un m\u00e9dia num\u00e9rique tunisien fond\u00e9 en 2010, sp\u00e9cialis\u00e9 dans l\u2019actualit\u00e9 nationale et internationale, l\u2019\u00e9conomie, la soci\u00e9t\u00e9 et les analyses politiques. Le site s\u2019adresse \u00e0 un large public francophone et couvre l\u2019information tunisienne en temps r\u00e9el.","email":"redac@webdo.tn","legalName":"YNJ SARL","foundingDate":"2010-09-06","numberOfEmployees":{"@type":"QuantitativeValue","minValue":"11","maxValue":"50"}},{"@type":"Person","@id":"https:\/\/www.webdo.tn\/fr\/#\/schema\/person\/f35b42a42c5e2511bbd282959d6385cc","name":"CL","image":{"@type":"ImageObject","inLanguage":"fr-FR","@id":"https:\/\/secure.gravatar.com\/avatar\/1447a49909b67aa657c488aec6512e1dd6143a480c1ecfee9b5b5cd74eb3b59e?s=96&d=mm&r=g","url":"https:\/\/secure.gravatar.com\/avatar\/1447a49909b67aa657c488aec6512e1dd6143a480c1ecfee9b5b5cd74eb3b59e?s=96&d=mm&r=g","contentUrl":"https:\/\/secure.gravatar.com\/avatar\/1447a49909b67aa657c488aec6512e1dd6143a480c1ecfee9b5b5cd74eb3b59e?s=96&d=mm&r=g","caption":"CL"},"url":"https:\/\/www.webdo.tn\/fr\/actualite\/author\/cl\/"}]}},"_links":{"self":[{"href":"https:\/\/www.webdo.tn\/fr\/wp-json\/wp\/v2\/posts\/205993","targetHints":{"allow":["GET"]}}],"collection":[{"href":"https:\/\/www.webdo.tn\/fr\/wp-json\/wp\/v2\/posts"}],"about":[{"href":"https:\/\/www.webdo.tn\/fr\/wp-json\/wp\/v2\/types\/post"}],"author":[{"embeddable":true,"href":"https:\/\/www.webdo.tn\/fr\/wp-json\/wp\/v2\/users\/3175"}],"replies":[{"embeddable":true,"href":"https:\/\/www.webdo.tn\/fr\/wp-json\/wp\/v2\/comments?post=205993"}],"version-history":[{"count":0,"href":"https:\/\/www.webdo.tn\/fr\/wp-json\/wp\/v2\/posts\/205993\/revisions"}],"wp:featuredmedia":[{"embeddable":true,"href":"https:\/\/www.webdo.tn\/fr\/wp-json\/wp\/v2\/media\/278240"}],"wp:attachment":[{"href":"https:\/\/www.webdo.tn\/fr\/wp-json\/wp\/v2\/media?parent=205993"}],"wp:term":[{"taxonomy":"category","embeddable":true,"href":"https:\/\/www.webdo.tn\/fr\/wp-json\/wp\/v2\/categories?post=205993"},{"taxonomy":"post_tag","embeddable":true,"href":"https:\/\/www.webdo.tn\/fr\/wp-json\/wp\/v2\/tags?post=205993"}],"curies":[{"name":"wp","href":"https:\/\/api.w.org\/{rel}","templated":true}]}}