{"id":205986,"date":"2023-05-24T09:12:00","date_gmt":"2023-05-24T09:12:00","guid":{"rendered":"https:\/\/www.webdo.tn\/fr\/blog\/nouveau-mandat-d-amener-a-l-encontre-l-avocat-mahdi-zagrouba\/205986\/"},"modified":"2025-05-20T22:50:20","modified_gmt":"2025-05-20T22:50:20","slug":"nouveau-mandat-d-amener-a-l-encontre-l-avocat-mahdi-zagrouba","status":"publish","type":"post","link":"https:\/\/www.webdo.tn\/fr\/actualite\/national\/nouveau-mandat-d-amener-a-l-encontre-l-avocat-mahdi-zagrouba\/205986\/","title":{"rendered":"Nouveau mandat d\u2019amener \u00e0 l\u2019encontre de l\u2019avocat Mehdi Zagrouba"},"content":{"rendered":"<p>L\u2019avocate Dalila Msaddek a annonc\u00e9 qu\u2019un nouveau mandat d\u2019amener a \u00e9t\u00e9 \u00e9mis, hier mardi 23 mai, \u00e0 l\u2019encontre de son coll\u00e8gue Mehdi Zagrouba.<\/p>\n<p>\t\t\t\t\t\t\t\t\tL\u2019avocat en question a annonc\u00e9 pour sa part qu\u2019il a entam\u00e9 une gr\u00e8ve de la faim, au si\u00e8ge de l\u2019Ordre nationale des avocats, pour d\u00e9noncer ce qu\u2019il appelle une injustice.\u00a0<\/p>\n<p>Dans post Facebook publi\u00e9 ce mercredi 24 mai 2023, l\u2019avocat pr\u00e9cise qu\u2019il est personnellement cibl\u00e9 par la ministre de la Justice Leila Jaffal qui fait usage, selon ses dires, du d\u00e9cret 54 pour pourchasser ses opposants politiques.\u00a0<\/p>\n<p>Rappelons que la justice avait condamn\u00e9, en janvier dernier, l\u2019avocat Mehdi Zagrouba \u00e0 onze mois de prison ferme avec cinq ans d\u2019interdiction d\u2019exercer.<\/p>\n","protected":false},"excerpt":{"rendered":"<p>Un nouveau mandat d\u2019amener a \u00e9t\u00e9 \u00e9mis, hier mardi 23 mai, \u00e0 l\u2019encontre de l&rsquo;avocat Mehdi Zagrouba.<\/p>\n","protected":false},"author":3175,"featured_media":278237,"comment_status":"open","ping_status":"closed","sticky":false,"template":"","format":"standard","meta":{"footnotes":""},"categories":[44],"tags":[3042,2619,2608],"class_list":["post-205986","post","type-post","status-publish","format-standard","has-post-thumbnail","hentry","category-national","tag-avocat","tag-justice","tag-tunisie"],"yoast_head":"<!-- This site is optimized with the Yoast SEO Premium plugin v27.5 (Yoast SEO v27.5) - https:\/\/yoast.com\/product\/yoast-seo-premium-wordpress\/ -->\n<title>Nouveau mandat d\u2019amener \u00e0 l\u2019encontre de l\u2019avocat Mehdi Zagrouba<\/title>\n<meta name=\"description\" content=\"Un nouveau mandat d\u2019amener a \u00e9t\u00e9 \u00e9mis, hier mardi 23 mai, \u00e0 l\u2019encontre de l&#039;avocat Mehdi Zagrouba.\" \/>\n<link rel=\"canonical\" href=\"https:\/\/www.webdo.tn\/fr\/actualite\/national\/nouveau-mandat-d-amener-a-l-encontre-l-avocat-mahdi-zagrouba\/205986\/\" \/>\n<meta property=\"og:locale\" content=\"fr_FR\" \/>\n<meta property=\"og:type\" content=\"article\" \/>\n<meta property=\"og:title\" content=\"Nouveau mandat d\u2019amener \u00e0 l\u2019encontre de l\u2019avocat Mehdi Zagrouba\" \/>\n<meta property=\"og:description\" content=\"Un nouveau mandat d\u2019amener a \u00e9t\u00e9 \u00e9mis, hier mardi 23 mai, \u00e0 l\u2019encontre de l&#039;avocat Mehdi Zagrouba.\" \/>\n<meta property=\"og:url\" content=\"https:\/\/www.webdo.tn\/fr\/actualite\/national\/nouveau-mandat-d-amener-a-l-encontre-l-avocat-mahdi-zagrouba\/205986\/\" \/>\n<meta property=\"og:site_name\" content=\"webdo\" \/>\n<meta property=\"article:publisher\" content=\"https:\/\/www.facebook.com\/webdotn\" \/>\n<meta property=\"article:published_time\" content=\"2023-05-24T09:12:00+00:00\" \/>\n<meta property=\"article:modified_time\" content=\"2025-05-20T22:50:20+00:00\" \/>\n<meta property=\"og:image\" content=\"https:\/\/www.webdo.tn\/fr\/wp-content\/uploads\/2023\/05\/2109abe77c8f06eb531060c8070df63d.jpg\" \/>\n\t<meta property=\"og:image:width\" content=\"750\" \/>\n\t<meta property=\"og:image:height\" content=\"400\" \/>\n\t<meta property=\"og:image:type\" content=\"image\/jpeg\" \/>\n<meta name=\"author\" content=\"CL\" \/>\n<meta name=\"twitter:card\" content=\"summary_large_image\" \/>\n<meta name=\"twitter:creator\" content=\"@webdo_tn\" \/>\n<meta name=\"twitter:site\" content=\"@webdo_tn\" \/>\n<meta name=\"twitter:label1\" content=\"\u00c9crit par\" \/>\n\t<meta name=\"twitter:data1\" content=\"CL\" \/>\n\t<meta name=\"twitter:label2\" content=\"Dur\u00e9e de lecture estim\u00e9e\" \/>\n\t<meta name=\"twitter:data2\" content=\"1 minute\" \/>\n<script type=\"application\/ld+json\" class=\"yoast-schema-graph\">{\"@context\":\"https:\\\/\\\/schema.org\",\"@graph\":[{\"@type\":\"NewsArticle\",\"@id\":\"https:\\\/\\\/www.webdo.tn\\\/fr\\\/actualite\\\/national\\\/nouveau-mandat-d-amener-a-l-encontre-l-avocat-mahdi-zagrouba\\\/205986\\\/#article\",\"isPartOf\":{\"@id\":\"https:\\\/\\\/www.webdo.tn\\\/fr\\\/actualite\\\/national\\\/nouveau-mandat-d-amener-a-l-encontre-l-avocat-mahdi-zagrouba\\\/205986\\\/\"},\"author\":{\"name\":\"CL\",\"@id\":\"https:\\\/\\\/www.webdo.tn\\\/fr\\\/#\\\/schema\\\/person\\\/f35b42a42c5e2511bbd282959d6385cc\"},\"headline\":\"Nouveau mandat d\u2019amener \u00e0 l\u2019encontre de l\u2019avocat Mehdi Zagrouba\",\"datePublished\":\"2023-05-24T09:12:00+00:00\",\"dateModified\":\"2025-05-20T22:50:20+00:00\",\"mainEntityOfPage\":{\"@id\":\"https:\\\/\\\/www.webdo.tn\\\/fr\\\/actualite\\\/national\\\/nouveau-mandat-d-amener-a-l-encontre-l-avocat-mahdi-zagrouba\\\/205986\\\/\"},\"wordCount\":137,\"commentCount\":0,\"publisher\":{\"@id\":\"https:\\\/\\\/www.webdo.tn\\\/fr\\\/#organization\"},\"image\":{\"@id\":\"https:\\\/\\\/www.webdo.tn\\\/fr\\\/actualite\\\/national\\\/nouveau-mandat-d-amener-a-l-encontre-l-avocat-mahdi-zagrouba\\\/205986\\\/#primaryimage\"},\"thumbnailUrl\":\"https:\\\/\\\/www.webdo.tn\\\/fr\\\/wp-content\\\/uploads\\\/2023\\\/05\\\/2109abe77c8f06eb531060c8070df63d.jpg\",\"keywords\":[\"avocat\",\"justice\",\"Tunisie\"],\"articleSection\":[\"National\"],\"inLanguage\":\"fr-FR\"},{\"@type\":\"WebPage\",\"@id\":\"https:\\\/\\\/www.webdo.tn\\\/fr\\\/actualite\\\/national\\\/nouveau-mandat-d-amener-a-l-encontre-l-avocat-mahdi-zagrouba\\\/205986\\\/\",\"url\":\"https:\\\/\\\/www.webdo.tn\\\/fr\\\/actualite\\\/national\\\/nouveau-mandat-d-amener-a-l-encontre-l-avocat-mahdi-zagrouba\\\/205986\\\/\",\"name\":\"Nouveau mandat d\u2019amener \u00e0 l\u2019encontre de l\u2019avocat Mehdi Zagrouba\",\"isPartOf\":{\"@id\":\"https:\\\/\\\/www.webdo.tn\\\/fr\\\/#website\"},\"primaryImageOfPage\":{\"@id\":\"https:\\\/\\\/www.webdo.tn\\\/fr\\\/actualite\\\/national\\\/nouveau-mandat-d-amener-a-l-encontre-l-avocat-mahdi-zagrouba\\\/205986\\\/#primaryimage\"},\"image\":{\"@id\":\"https:\\\/\\\/www.webdo.tn\\\/fr\\\/actualite\\\/national\\\/nouveau-mandat-d-amener-a-l-encontre-l-avocat-mahdi-zagrouba\\\/205986\\\/#primaryimage\"},\"thumbnailUrl\":\"https:\\\/\\\/www.webdo.tn\\\/fr\\\/wp-content\\\/uploads\\\/2023\\\/05\\\/2109abe77c8f06eb531060c8070df63d.jpg\",\"datePublished\":\"2023-05-24T09:12:00+00:00\",\"dateModified\":\"2025-05-20T22:50:20+00:00\",\"description\":\"Un nouveau mandat d\u2019amener a \u00e9t\u00e9 \u00e9mis, hier mardi 23 mai, \u00e0 l\u2019encontre de l'avocat Mehdi Zagrouba.\",\"breadcrumb\":{\"@id\":\"https:\\\/\\\/www.webdo.tn\\\/fr\\\/actualite\\\/national\\\/nouveau-mandat-d-amener-a-l-encontre-l-avocat-mahdi-zagrouba\\\/205986\\\/#breadcrumb\"},\"inLanguage\":\"fr-FR\",\"potentialAction\":[{\"@type\":\"ReadAction\",\"target\":[\"https:\\\/\\\/www.webdo.tn\\\/fr\\\/actualite\\\/national\\\/nouveau-mandat-d-amener-a-l-encontre-l-avocat-mahdi-zagrouba\\\/205986\\\/\"]}]},{\"@type\":\"ImageObject\",\"inLanguage\":\"fr-FR\",\"@id\":\"https:\\\/\\\/www.webdo.tn\\\/fr\\\/actualite\\\/national\\\/nouveau-mandat-d-amener-a-l-encontre-l-avocat-mahdi-zagrouba\\\/205986\\\/#primaryimage\",\"url\":\"https:\\\/\\\/www.webdo.tn\\\/fr\\\/wp-content\\\/uploads\\\/2023\\\/05\\\/2109abe77c8f06eb531060c8070df63d.jpg\",\"contentUrl\":\"https:\\\/\\\/www.webdo.tn\\\/fr\\\/wp-content\\\/uploads\\\/2023\\\/05\\\/2109abe77c8f06eb531060c8070df63d.jpg\",\"width\":750,\"height\":400,\"caption\":\"Nouveau mandat d\u2019amener \u00e0 l\u2019encontre de l\u2019avocat Mehdi Zagrouba\"},{\"@type\":\"BreadcrumbList\",\"@id\":\"https:\\\/\\\/www.webdo.tn\\\/fr\\\/actualite\\\/national\\\/nouveau-mandat-d-amener-a-l-encontre-l-avocat-mahdi-zagrouba\\\/205986\\\/#breadcrumb\",\"itemListElement\":[{\"@type\":\"ListItem\",\"position\":1,\"name\":\"Accueil\",\"item\":\"https:\\\/\\\/www.webdo.tn\\\/fr\\\/\"},{\"@type\":\"ListItem\",\"position\":2,\"name\":\"Nouveau mandat d\u2019amener \u00e0 l\u2019encontre de l\u2019avocat Mehdi Zagrouba\"}]},{\"@type\":\"WebSite\",\"@id\":\"https:\\\/\\\/www.webdo.tn\\\/fr\\\/#website\",\"url\":\"https:\\\/\\\/www.webdo.tn\\\/fr\\\/\",\"name\":\"webdo\",\"description\":\"Tunisie - News en Tunisie et \u00e0 l&#039;international sur Webdo.tn\",\"publisher\":{\"@id\":\"https:\\\/\\\/www.webdo.tn\\\/fr\\\/#organization\"},\"potentialAction\":[{\"@type\":\"SearchAction\",\"target\":{\"@type\":\"EntryPoint\",\"urlTemplate\":\"https:\\\/\\\/www.webdo.tn\\\/fr\\\/?s={search_term_string}\"},\"query-input\":{\"@type\":\"PropertyValueSpecification\",\"valueRequired\":true,\"valueName\":\"search_term_string\"}}],\"inLanguage\":\"fr-FR\"},{\"@type\":\"Organization\",\"@id\":\"https:\\\/\\\/www.webdo.tn\\\/fr\\\/#organization\",\"name\":\"Webdo\",\"alternateName\":\"Webdo.tn\",\"url\":\"https:\\\/\\\/www.webdo.tn\\\/fr\\\/\",\"logo\":{\"@type\":\"ImageObject\",\"inLanguage\":\"fr-FR\",\"@id\":\"https:\\\/\\\/www.webdo.tn\\\/fr\\\/#\\\/schema\\\/logo\\\/image\\\/\",\"url\":\"https:\\\/\\\/www.webdo.tn\\\/fr\\\/wp-content\\\/uploads\\\/2025\\\/06\\\/Webdo-Tunisie_168377.jpg\",\"contentUrl\":\"https:\\\/\\\/www.webdo.tn\\\/fr\\\/wp-content\\\/uploads\\\/2025\\\/06\\\/Webdo-Tunisie_168377.jpg\",\"width\":301,\"height\":301,\"caption\":\"Webdo\"},\"image\":{\"@id\":\"https:\\\/\\\/www.webdo.tn\\\/fr\\\/#\\\/schema\\\/logo\\\/image\\\/\"},\"sameAs\":[\"https:\\\/\\\/www.facebook.com\\\/webdotn\",\"https:\\\/\\\/x.com\\\/webdo_tn\"],\"description\":\"Webdo est un m\u00e9dia num\u00e9rique tunisien fond\u00e9 en 2010, sp\u00e9cialis\u00e9 dans l\u2019actualit\u00e9 nationale et internationale, l\u2019\u00e9conomie, la soci\u00e9t\u00e9 et les analyses politiques. Le site s\u2019adresse \u00e0 un large public francophone et couvre l\u2019information tunisienne en temps r\u00e9el.\",\"email\":\"redac@webdo.tn\",\"legalName\":\"YNJ SARL\",\"foundingDate\":\"2010-09-06\",\"numberOfEmployees\":{\"@type\":\"QuantitativeValue\",\"minValue\":\"11\",\"maxValue\":\"50\"}},{\"@type\":\"Person\",\"@id\":\"https:\\\/\\\/www.webdo.tn\\\/fr\\\/#\\\/schema\\\/person\\\/f35b42a42c5e2511bbd282959d6385cc\",\"name\":\"CL\",\"image\":{\"@type\":\"ImageObject\",\"inLanguage\":\"fr-FR\",\"@id\":\"https:\\\/\\\/secure.gravatar.com\\\/avatar\\\/1447a49909b67aa657c488aec6512e1dd6143a480c1ecfee9b5b5cd74eb3b59e?s=96&d=mm&r=g\",\"url\":\"https:\\\/\\\/secure.gravatar.com\\\/avatar\\\/1447a49909b67aa657c488aec6512e1dd6143a480c1ecfee9b5b5cd74eb3b59e?s=96&d=mm&r=g\",\"contentUrl\":\"https:\\\/\\\/secure.gravatar.com\\\/avatar\\\/1447a49909b67aa657c488aec6512e1dd6143a480c1ecfee9b5b5cd74eb3b59e?s=96&d=mm&r=g\",\"caption\":\"CL\"},\"url\":\"https:\\\/\\\/www.webdo.tn\\\/fr\\\/actualite\\\/author\\\/cl\\\/\"}]}<\/script>\n<!-- \/ Yoast SEO Premium plugin. -->","yoast_head_json":{"title":"Nouveau mandat d\u2019amener \u00e0 l\u2019encontre de l\u2019avocat Mehdi Zagrouba","description":"Un nouveau mandat d\u2019amener a \u00e9t\u00e9 \u00e9mis, hier mardi 23 mai, \u00e0 l\u2019encontre de l'avocat Mehdi Zagrouba.","canonical":"https:\/\/www.webdo.tn\/fr\/actualite\/national\/nouveau-mandat-d-amener-a-l-encontre-l-avocat-mahdi-zagrouba\/205986\/","og_locale":"fr_FR","og_type":"article","og_title":"Nouveau mandat d\u2019amener \u00e0 l\u2019encontre de l\u2019avocat Mehdi Zagrouba","og_description":"Un nouveau mandat d\u2019amener a \u00e9t\u00e9 \u00e9mis, hier mardi 23 mai, \u00e0 l\u2019encontre de l'avocat Mehdi Zagrouba.","og_url":"https:\/\/www.webdo.tn\/fr\/actualite\/national\/nouveau-mandat-d-amener-a-l-encontre-l-avocat-mahdi-zagrouba\/205986\/","og_site_name":"webdo","article_publisher":"https:\/\/www.facebook.com\/webdotn","article_published_time":"2023-05-24T09:12:00+00:00","article_modified_time":"2025-05-20T22:50:20+00:00","og_image":[{"width":750,"height":400,"url":"https:\/\/www.webdo.tn\/fr\/wp-content\/uploads\/2023\/05\/2109abe77c8f06eb531060c8070df63d.jpg","type":"image\/jpeg"}],"author":"CL","twitter_card":"summary_large_image","twitter_creator":"@webdo_tn","twitter_site":"@webdo_tn","twitter_misc":{"\u00c9crit par":"CL","Dur\u00e9e de lecture estim\u00e9e":"1 minute"},"schema":{"@context":"https:\/\/schema.org","@graph":[{"@type":"NewsArticle","@id":"https:\/\/www.webdo.tn\/fr\/actualite\/national\/nouveau-mandat-d-amener-a-l-encontre-l-avocat-mahdi-zagrouba\/205986\/#article","isPartOf":{"@id":"https:\/\/www.webdo.tn\/fr\/actualite\/national\/nouveau-mandat-d-amener-a-l-encontre-l-avocat-mahdi-zagrouba\/205986\/"},"author":{"name":"CL","@id":"https:\/\/www.webdo.tn\/fr\/#\/schema\/person\/f35b42a42c5e2511bbd282959d6385cc"},"headline":"Nouveau mandat d\u2019amener \u00e0 l\u2019encontre de l\u2019avocat Mehdi Zagrouba","datePublished":"2023-05-24T09:12:00+00:00","dateModified":"2025-05-20T22:50:20+00:00","mainEntityOfPage":{"@id":"https:\/\/www.webdo.tn\/fr\/actualite\/national\/nouveau-mandat-d-amener-a-l-encontre-l-avocat-mahdi-zagrouba\/205986\/"},"wordCount":137,"commentCount":0,"publisher":{"@id":"https:\/\/www.webdo.tn\/fr\/#organization"},"image":{"@id":"https:\/\/www.webdo.tn\/fr\/actualite\/national\/nouveau-mandat-d-amener-a-l-encontre-l-avocat-mahdi-zagrouba\/205986\/#primaryimage"},"thumbnailUrl":"https:\/\/www.webdo.tn\/fr\/wp-content\/uploads\/2023\/05\/2109abe77c8f06eb531060c8070df63d.jpg","keywords":["avocat","justice","Tunisie"],"articleSection":["National"],"inLanguage":"fr-FR"},{"@type":"WebPage","@id":"https:\/\/www.webdo.tn\/fr\/actualite\/national\/nouveau-mandat-d-amener-a-l-encontre-l-avocat-mahdi-zagrouba\/205986\/","url":"https:\/\/www.webdo.tn\/fr\/actualite\/national\/nouveau-mandat-d-amener-a-l-encontre-l-avocat-mahdi-zagrouba\/205986\/","name":"Nouveau mandat d\u2019amener \u00e0 l\u2019encontre de l\u2019avocat Mehdi Zagrouba","isPartOf":{"@id":"https:\/\/www.webdo.tn\/fr\/#website"},"primaryImageOfPage":{"@id":"https:\/\/www.webdo.tn\/fr\/actualite\/national\/nouveau-mandat-d-amener-a-l-encontre-l-avocat-mahdi-zagrouba\/205986\/#primaryimage"},"image":{"@id":"https:\/\/www.webdo.tn\/fr\/actualite\/national\/nouveau-mandat-d-amener-a-l-encontre-l-avocat-mahdi-zagrouba\/205986\/#primaryimage"},"thumbnailUrl":"https:\/\/www.webdo.tn\/fr\/wp-content\/uploads\/2023\/05\/2109abe77c8f06eb531060c8070df63d.jpg","datePublished":"2023-05-24T09:12:00+00:00","dateModified":"2025-05-20T22:50:20+00:00","description":"Un nouveau mandat d\u2019amener a \u00e9t\u00e9 \u00e9mis, hier mardi 23 mai, \u00e0 l\u2019encontre de l'avocat Mehdi Zagrouba.","breadcrumb":{"@id":"https:\/\/www.webdo.tn\/fr\/actualite\/national\/nouveau-mandat-d-amener-a-l-encontre-l-avocat-mahdi-zagrouba\/205986\/#breadcrumb"},"inLanguage":"fr-FR","potentialAction":[{"@type":"ReadAction","target":["https:\/\/www.webdo.tn\/fr\/actualite\/national\/nouveau-mandat-d-amener-a-l-encontre-l-avocat-mahdi-zagrouba\/205986\/"]}]},{"@type":"ImageObject","inLanguage":"fr-FR","@id":"https:\/\/www.webdo.tn\/fr\/actualite\/national\/nouveau-mandat-d-amener-a-l-encontre-l-avocat-mahdi-zagrouba\/205986\/#primaryimage","url":"https:\/\/www.webdo.tn\/fr\/wp-content\/uploads\/2023\/05\/2109abe77c8f06eb531060c8070df63d.jpg","contentUrl":"https:\/\/www.webdo.tn\/fr\/wp-content\/uploads\/2023\/05\/2109abe77c8f06eb531060c8070df63d.jpg","width":750,"height":400,"caption":"Nouveau mandat d\u2019amener \u00e0 l\u2019encontre de l\u2019avocat Mehdi Zagrouba"},{"@type":"BreadcrumbList","@id":"https:\/\/www.webdo.tn\/fr\/actualite\/national\/nouveau-mandat-d-amener-a-l-encontre-l-avocat-mahdi-zagrouba\/205986\/#breadcrumb","itemListElement":[{"@type":"ListItem","position":1,"name":"Accueil","item":"https:\/\/www.webdo.tn\/fr\/"},{"@type":"ListItem","position":2,"name":"Nouveau mandat d\u2019amener \u00e0 l\u2019encontre de l\u2019avocat Mehdi Zagrouba"}]},{"@type":"WebSite","@id":"https:\/\/www.webdo.tn\/fr\/#website","url":"https:\/\/www.webdo.tn\/fr\/","name":"webdo","description":"Tunisie - News en Tunisie et \u00e0 l&#039;international sur Webdo.tn","publisher":{"@id":"https:\/\/www.webdo.tn\/fr\/#organization"},"potentialAction":[{"@type":"SearchAction","target":{"@type":"EntryPoint","urlTemplate":"https:\/\/www.webdo.tn\/fr\/?s={search_term_string}"},"query-input":{"@type":"PropertyValueSpecification","valueRequired":true,"valueName":"search_term_string"}}],"inLanguage":"fr-FR"},{"@type":"Organization","@id":"https:\/\/www.webdo.tn\/fr\/#organization","name":"Webdo","alternateName":"Webdo.tn","url":"https:\/\/www.webdo.tn\/fr\/","logo":{"@type":"ImageObject","inLanguage":"fr-FR","@id":"https:\/\/www.webdo.tn\/fr\/#\/schema\/logo\/image\/","url":"https:\/\/www.webdo.tn\/fr\/wp-content\/uploads\/2025\/06\/Webdo-Tunisie_168377.jpg","contentUrl":"https:\/\/www.webdo.tn\/fr\/wp-content\/uploads\/2025\/06\/Webdo-Tunisie_168377.jpg","width":301,"height":301,"caption":"Webdo"},"image":{"@id":"https:\/\/www.webdo.tn\/fr\/#\/schema\/logo\/image\/"},"sameAs":["https:\/\/www.facebook.com\/webdotn","https:\/\/x.com\/webdo_tn"],"description":"Webdo est un m\u00e9dia num\u00e9rique tunisien fond\u00e9 en 2010, sp\u00e9cialis\u00e9 dans l\u2019actualit\u00e9 nationale et internationale, l\u2019\u00e9conomie, la soci\u00e9t\u00e9 et les analyses politiques. Le site s\u2019adresse \u00e0 un large public francophone et couvre l\u2019information tunisienne en temps r\u00e9el.","email":"redac@webdo.tn","legalName":"YNJ SARL","foundingDate":"2010-09-06","numberOfEmployees":{"@type":"QuantitativeValue","minValue":"11","maxValue":"50"}},{"@type":"Person","@id":"https:\/\/www.webdo.tn\/fr\/#\/schema\/person\/f35b42a42c5e2511bbd282959d6385cc","name":"CL","image":{"@type":"ImageObject","inLanguage":"fr-FR","@id":"https:\/\/secure.gravatar.com\/avatar\/1447a49909b67aa657c488aec6512e1dd6143a480c1ecfee9b5b5cd74eb3b59e?s=96&d=mm&r=g","url":"https:\/\/secure.gravatar.com\/avatar\/1447a49909b67aa657c488aec6512e1dd6143a480c1ecfee9b5b5cd74eb3b59e?s=96&d=mm&r=g","contentUrl":"https:\/\/secure.gravatar.com\/avatar\/1447a49909b67aa657c488aec6512e1dd6143a480c1ecfee9b5b5cd74eb3b59e?s=96&d=mm&r=g","caption":"CL"},"url":"https:\/\/www.webdo.tn\/fr\/actualite\/author\/cl\/"}]}},"_links":{"self":[{"href":"https:\/\/www.webdo.tn\/fr\/wp-json\/wp\/v2\/posts\/205986","targetHints":{"allow":["GET"]}}],"collection":[{"href":"https:\/\/www.webdo.tn\/fr\/wp-json\/wp\/v2\/posts"}],"about":[{"href":"https:\/\/www.webdo.tn\/fr\/wp-json\/wp\/v2\/types\/post"}],"author":[{"embeddable":true,"href":"https:\/\/www.webdo.tn\/fr\/wp-json\/wp\/v2\/users\/3175"}],"replies":[{"embeddable":true,"href":"https:\/\/www.webdo.tn\/fr\/wp-json\/wp\/v2\/comments?post=205986"}],"version-history":[{"count":0,"href":"https:\/\/www.webdo.tn\/fr\/wp-json\/wp\/v2\/posts\/205986\/revisions"}],"wp:featuredmedia":[{"embeddable":true,"href":"https:\/\/www.webdo.tn\/fr\/wp-json\/wp\/v2\/media\/278237"}],"wp:attachment":[{"href":"https:\/\/www.webdo.tn\/fr\/wp-json\/wp\/v2\/media?parent=205986"}],"wp:term":[{"taxonomy":"category","embeddable":true,"href":"https:\/\/www.webdo.tn\/fr\/wp-json\/wp\/v2\/categories?post=205986"},{"taxonomy":"post_tag","embeddable":true,"href":"https:\/\/www.webdo.tn\/fr\/wp-json\/wp\/v2\/tags?post=205986"}],"curies":[{"name":"wp","href":"https:\/\/api.w.org\/{rel}","templated":true}]}}