{"id":205977,"date":"2023-05-23T20:56:00","date_gmt":"2023-05-23T20:56:00","guid":{"rendered":"https:\/\/www.webdo.tn\/fr\/blog\/l-utap-s-attend-a-une-augmentation-du-prix-du-lait-a-la-production-d-au-moins-500-mil\/205977\/"},"modified":"2025-05-14T10:41:46","modified_gmt":"2025-05-14T10:41:46","slug":"l-utap-s-attend-a-une-augmentation-du-prix-du-lait-a-la-production-d-au-moins-500-mil","status":"publish","type":"post","link":"https:\/\/www.webdo.tn\/fr\/actualite\/national\/l-utap-s-attend-a-une-augmentation-du-prix-du-lait-a-la-production-d-au-moins-500-mil\/205977\/","title":{"rendered":"L&rsquo;UTAP s&rsquo;attend \u00e0 une augmentation du prix du lait \u00e0 la production d&rsquo;au moins 500 millimes"},"content":{"rendered":"<p>Le vice-pr\u00e9sident de l&rsquo;Union tunisienne de l&rsquo;agriculture et de la p\u00eache (UTAP) charg\u00e9 de la production agricole, Chokri Rezgui, a expliqu\u00e9 que la hausse attendue du prix du lait \u00e0 la production ne doit pas \u00eatre, inf\u00e9rieure \u00e0 500 millimes, dans une d\u00e9claration \u00e0 l&rsquo;agence  TAP.<\/p>\n<p>\t\t\t\t\t\t\t\t\t\u00a0Chokri Rezgui a \u00e9galement confi\u00e9 que la d\u00e9cision doit \u00eatre prise d&rsquo;urgence pour \u00e9viter l&rsquo;effondrement de la fili\u00e8re laiti\u00e8re.\u00a0Les \u00e9leveurs des vaches vendent un litre de lait aux collecteurs et aux industriels \u00e0 1350 millimes, ce qui peut menacer la fili\u00e8re de l&rsquo;effondrement \u00e0 cause de la hausse du co\u00fbt de production et causer ainsi la faillite des \u00e9leveurs.<\/p>\n<p>Cette d\u00e9claration de l&rsquo;UTAP intervient quelques heures apr\u00e8s celle du\u00a0ministre de l&rsquo;Agriculture, des ressources hydrauliques et de la p\u00eache, Abdelmonem Belati, dans lesquelles il a indiqu\u00e9 qu&rsquo;un ajustement attendu du prix du lait \u00e0 la production sera appliqu\u00e9 au cours de la prochaine p\u00e9riode et que le prix d&rsquo;un litre de lait ne doit pas \u00eatre inf\u00e9rieur \u00e0 1850 millimes.<\/p>\n","protected":false},"excerpt":{"rendered":"<p>Le vice-pr\u00e9sident de l&rsquo;Union tunisienne de l&rsquo;agriculture et de la p\u00eache (UTAP) charg\u00e9 de la production agricole, Chokri Rezgui, a expliqu\u00e9 que la hausse attendu&#8230;<\/p>\n","protected":false},"author":3169,"featured_media":251079,"comment_status":"open","ping_status":"closed","sticky":false,"template":"","format":"standard","meta":{"footnotes":""},"categories":[44],"tags":[8401,8400,6911,5618,2608,5235],"class_list":["post-205977","post","type-post","status-publish","format-standard","has-post-thumbnail","hentry","category-national","tag-ajustement","tag-filiere-laitiere","tag-hausse","tag-lait","tag-tunisie","tag-utap"],"yoast_head":"<!-- This site is optimized with the Yoast SEO Premium plugin v27.5 (Yoast SEO v27.5) - https:\/\/yoast.com\/product\/yoast-seo-premium-wordpress\/ -->\n<title>L&#039;UTAP s&#039;attend \u00e0 une augmentation du prix du lait \u00e0 la production d&#039;au moins 500 millimes<\/title>\n<meta name=\"description\" content=\"Le vice-pr\u00e9sident de l&#039;Union tunisienne de l&#039;agriculture et de la p\u00eache (UTAP) charg\u00e9 de la production agricole, Chokri Rezgui, a expliqu\u00e9 que la hausse attendu...\" \/>\n<link rel=\"canonical\" href=\"https:\/\/www.webdo.tn\/fr\/actualite\/national\/l-utap-s-attend-a-une-augmentation-du-prix-du-lait-a-la-production-d-au-moins-500-mil\/205977\/\" \/>\n<meta property=\"og:locale\" content=\"fr_FR\" \/>\n<meta property=\"og:type\" content=\"article\" \/>\n<meta property=\"og:title\" content=\"L&#039;UTAP s&#039;attend \u00e0 une augmentation du prix du lait \u00e0 la production d&#039;au moins 500 millimes\" \/>\n<meta property=\"og:description\" content=\"Le vice-pr\u00e9sident de l&#039;Union tunisienne de l&#039;agriculture et de la p\u00eache (UTAP) charg\u00e9 de la production agricole, Chokri Rezgui, a expliqu\u00e9 que la hausse attendu...\" \/>\n<meta property=\"og:url\" content=\"https:\/\/www.webdo.tn\/fr\/actualite\/national\/l-utap-s-attend-a-une-augmentation-du-prix-du-lait-a-la-production-d-au-moins-500-mil\/205977\/\" \/>\n<meta property=\"og:site_name\" content=\"webdo\" \/>\n<meta property=\"article:publisher\" content=\"https:\/\/www.facebook.com\/webdotn\" \/>\n<meta property=\"article:published_time\" content=\"2023-05-23T20:56:00+00:00\" \/>\n<meta property=\"article:modified_time\" content=\"2025-05-14T10:41:46+00:00\" \/>\n<meta property=\"og:image\" content=\"https:\/\/www.webdo.tn\/fr\/wp-content\/uploads\/2023\/05\/4ebb81bf66f6b86c0f18890cf98ff18e.jpeg\" \/>\n\t<meta property=\"og:image:width\" content=\"656\" \/>\n\t<meta property=\"og:image:height\" content=\"350\" \/>\n\t<meta property=\"og:image:type\" content=\"image\/jpeg\" \/>\n<meta name=\"author\" content=\"Webdo\" \/>\n<meta name=\"twitter:card\" content=\"summary_large_image\" \/>\n<meta name=\"twitter:creator\" content=\"@webdo_tn\" \/>\n<meta name=\"twitter:site\" content=\"@webdo_tn\" \/>\n<meta name=\"twitter:label1\" content=\"\u00c9crit par\" \/>\n\t<meta name=\"twitter:data1\" content=\"Webdo\" \/>\n\t<meta name=\"twitter:label2\" content=\"Dur\u00e9e de lecture estim\u00e9e\" \/>\n\t<meta name=\"twitter:data2\" content=\"1 minute\" \/>\n<script type=\"application\/ld+json\" class=\"yoast-schema-graph\">{\"@context\":\"https:\\\/\\\/schema.org\",\"@graph\":[{\"@type\":\"NewsArticle\",\"@id\":\"https:\\\/\\\/www.webdo.tn\\\/fr\\\/actualite\\\/national\\\/l-utap-s-attend-a-une-augmentation-du-prix-du-lait-a-la-production-d-au-moins-500-mil\\\/205977\\\/#article\",\"isPartOf\":{\"@id\":\"https:\\\/\\\/www.webdo.tn\\\/fr\\\/actualite\\\/national\\\/l-utap-s-attend-a-une-augmentation-du-prix-du-lait-a-la-production-d-au-moins-500-mil\\\/205977\\\/\"},\"author\":{\"name\":\"Webdo\",\"@id\":\"https:\\\/\\\/www.webdo.tn\\\/fr\\\/#\\\/schema\\\/person\\\/1f4e491e0907b413d61089e8eb573acc\"},\"headline\":\"L&rsquo;UTAP s&rsquo;attend \u00e0 une augmentation du prix du lait \u00e0 la production d&rsquo;au moins 500 millimes\",\"datePublished\":\"2023-05-23T20:56:00+00:00\",\"dateModified\":\"2025-05-14T10:41:46+00:00\",\"mainEntityOfPage\":{\"@id\":\"https:\\\/\\\/www.webdo.tn\\\/fr\\\/actualite\\\/national\\\/l-utap-s-attend-a-une-augmentation-du-prix-du-lait-a-la-production-d-au-moins-500-mil\\\/205977\\\/\"},\"wordCount\":197,\"commentCount\":0,\"publisher\":{\"@id\":\"https:\\\/\\\/www.webdo.tn\\\/fr\\\/#organization\"},\"image\":{\"@id\":\"https:\\\/\\\/www.webdo.tn\\\/fr\\\/actualite\\\/national\\\/l-utap-s-attend-a-une-augmentation-du-prix-du-lait-a-la-production-d-au-moins-500-mil\\\/205977\\\/#primaryimage\"},\"thumbnailUrl\":\"https:\\\/\\\/www.webdo.tn\\\/fr\\\/wp-content\\\/uploads\\\/2023\\\/05\\\/4ebb81bf66f6b86c0f18890cf98ff18e.jpeg\",\"keywords\":[\"ajustement\",\"fili\u00e8re laiti\u00e8re\",\"hausse\",\"Lait\",\"Tunisie\",\"UTAP\"],\"articleSection\":[\"National\"],\"inLanguage\":\"fr-FR\"},{\"@type\":\"WebPage\",\"@id\":\"https:\\\/\\\/www.webdo.tn\\\/fr\\\/actualite\\\/national\\\/l-utap-s-attend-a-une-augmentation-du-prix-du-lait-a-la-production-d-au-moins-500-mil\\\/205977\\\/\",\"url\":\"https:\\\/\\\/www.webdo.tn\\\/fr\\\/actualite\\\/national\\\/l-utap-s-attend-a-une-augmentation-du-prix-du-lait-a-la-production-d-au-moins-500-mil\\\/205977\\\/\",\"name\":\"L'UTAP s'attend \u00e0 une augmentation du prix du lait \u00e0 la production d'au moins 500 millimes\",\"isPartOf\":{\"@id\":\"https:\\\/\\\/www.webdo.tn\\\/fr\\\/#website\"},\"primaryImageOfPage\":{\"@id\":\"https:\\\/\\\/www.webdo.tn\\\/fr\\\/actualite\\\/national\\\/l-utap-s-attend-a-une-augmentation-du-prix-du-lait-a-la-production-d-au-moins-500-mil\\\/205977\\\/#primaryimage\"},\"image\":{\"@id\":\"https:\\\/\\\/www.webdo.tn\\\/fr\\\/actualite\\\/national\\\/l-utap-s-attend-a-une-augmentation-du-prix-du-lait-a-la-production-d-au-moins-500-mil\\\/205977\\\/#primaryimage\"},\"thumbnailUrl\":\"https:\\\/\\\/www.webdo.tn\\\/fr\\\/wp-content\\\/uploads\\\/2023\\\/05\\\/4ebb81bf66f6b86c0f18890cf98ff18e.jpeg\",\"datePublished\":\"2023-05-23T20:56:00+00:00\",\"dateModified\":\"2025-05-14T10:41:46+00:00\",\"description\":\"Le vice-pr\u00e9sident de l'Union tunisienne de l'agriculture et de la p\u00eache (UTAP) charg\u00e9 de la production agricole, Chokri Rezgui, a expliqu\u00e9 que la hausse attendu...\",\"breadcrumb\":{\"@id\":\"https:\\\/\\\/www.webdo.tn\\\/fr\\\/actualite\\\/national\\\/l-utap-s-attend-a-une-augmentation-du-prix-du-lait-a-la-production-d-au-moins-500-mil\\\/205977\\\/#breadcrumb\"},\"inLanguage\":\"fr-FR\",\"potentialAction\":[{\"@type\":\"ReadAction\",\"target\":[\"https:\\\/\\\/www.webdo.tn\\\/fr\\\/actualite\\\/national\\\/l-utap-s-attend-a-une-augmentation-du-prix-du-lait-a-la-production-d-au-moins-500-mil\\\/205977\\\/\"]}]},{\"@type\":\"ImageObject\",\"inLanguage\":\"fr-FR\",\"@id\":\"https:\\\/\\\/www.webdo.tn\\\/fr\\\/actualite\\\/national\\\/l-utap-s-attend-a-une-augmentation-du-prix-du-lait-a-la-production-d-au-moins-500-mil\\\/205977\\\/#primaryimage\",\"url\":\"https:\\\/\\\/www.webdo.tn\\\/fr\\\/wp-content\\\/uploads\\\/2023\\\/05\\\/4ebb81bf66f6b86c0f18890cf98ff18e.jpeg\",\"contentUrl\":\"https:\\\/\\\/www.webdo.tn\\\/fr\\\/wp-content\\\/uploads\\\/2023\\\/05\\\/4ebb81bf66f6b86c0f18890cf98ff18e.jpeg\",\"width\":656,\"height\":350,\"caption\":\"L'UTAP s'attend \u00e0 une augmentation du prix du lait \u00e0 la production d'au moins 500 millimes\"},{\"@type\":\"BreadcrumbList\",\"@id\":\"https:\\\/\\\/www.webdo.tn\\\/fr\\\/actualite\\\/national\\\/l-utap-s-attend-a-une-augmentation-du-prix-du-lait-a-la-production-d-au-moins-500-mil\\\/205977\\\/#breadcrumb\",\"itemListElement\":[{\"@type\":\"ListItem\",\"position\":1,\"name\":\"Accueil\",\"item\":\"https:\\\/\\\/www.webdo.tn\\\/fr\\\/\"},{\"@type\":\"ListItem\",\"position\":2,\"name\":\"L&#8217;UTAP s&#8217;attend \u00e0 une augmentation du prix du lait \u00e0 la production d&#8217;au moins 500 millimes\"}]},{\"@type\":\"WebSite\",\"@id\":\"https:\\\/\\\/www.webdo.tn\\\/fr\\\/#website\",\"url\":\"https:\\\/\\\/www.webdo.tn\\\/fr\\\/\",\"name\":\"webdo\",\"description\":\"Tunisie - News en Tunisie et \u00e0 l&#039;international sur Webdo.tn\",\"publisher\":{\"@id\":\"https:\\\/\\\/www.webdo.tn\\\/fr\\\/#organization\"},\"potentialAction\":[{\"@type\":\"SearchAction\",\"target\":{\"@type\":\"EntryPoint\",\"urlTemplate\":\"https:\\\/\\\/www.webdo.tn\\\/fr\\\/?s={search_term_string}\"},\"query-input\":{\"@type\":\"PropertyValueSpecification\",\"valueRequired\":true,\"valueName\":\"search_term_string\"}}],\"inLanguage\":\"fr-FR\"},{\"@type\":\"Organization\",\"@id\":\"https:\\\/\\\/www.webdo.tn\\\/fr\\\/#organization\",\"name\":\"Webdo\",\"alternateName\":\"Webdo.tn\",\"url\":\"https:\\\/\\\/www.webdo.tn\\\/fr\\\/\",\"logo\":{\"@type\":\"ImageObject\",\"inLanguage\":\"fr-FR\",\"@id\":\"https:\\\/\\\/www.webdo.tn\\\/fr\\\/#\\\/schema\\\/logo\\\/image\\\/\",\"url\":\"https:\\\/\\\/www.webdo.tn\\\/fr\\\/wp-content\\\/uploads\\\/2025\\\/06\\\/Webdo-Tunisie_168377.jpg\",\"contentUrl\":\"https:\\\/\\\/www.webdo.tn\\\/fr\\\/wp-content\\\/uploads\\\/2025\\\/06\\\/Webdo-Tunisie_168377.jpg\",\"width\":301,\"height\":301,\"caption\":\"Webdo\"},\"image\":{\"@id\":\"https:\\\/\\\/www.webdo.tn\\\/fr\\\/#\\\/schema\\\/logo\\\/image\\\/\"},\"sameAs\":[\"https:\\\/\\\/www.facebook.com\\\/webdotn\",\"https:\\\/\\\/x.com\\\/webdo_tn\"],\"description\":\"Webdo est un m\u00e9dia num\u00e9rique tunisien fond\u00e9 en 2010, sp\u00e9cialis\u00e9 dans l\u2019actualit\u00e9 nationale et internationale, l\u2019\u00e9conomie, la soci\u00e9t\u00e9 et les analyses politiques. Le site s\u2019adresse \u00e0 un large public francophone et couvre l\u2019information tunisienne en temps r\u00e9el.\",\"email\":\"redac@webdo.tn\",\"legalName\":\"YNJ SARL\",\"foundingDate\":\"2010-09-06\",\"numberOfEmployees\":{\"@type\":\"QuantitativeValue\",\"minValue\":\"11\",\"maxValue\":\"50\"}},{\"@type\":\"Person\",\"@id\":\"https:\\\/\\\/www.webdo.tn\\\/fr\\\/#\\\/schema\\\/person\\\/1f4e491e0907b413d61089e8eb573acc\",\"name\":\"Webdo\",\"image\":{\"@type\":\"ImageObject\",\"inLanguage\":\"fr-FR\",\"@id\":\"https:\\\/\\\/secure.gravatar.com\\\/avatar\\\/de97aeec1bb80978a9dbb127e47dfc88aaacb2f3c29aac907d8d3222e3495d49?s=96&d=mm&r=g\",\"url\":\"https:\\\/\\\/secure.gravatar.com\\\/avatar\\\/de97aeec1bb80978a9dbb127e47dfc88aaacb2f3c29aac907d8d3222e3495d49?s=96&d=mm&r=g\",\"contentUrl\":\"https:\\\/\\\/secure.gravatar.com\\\/avatar\\\/de97aeec1bb80978a9dbb127e47dfc88aaacb2f3c29aac907d8d3222e3495d49?s=96&d=mm&r=g\",\"caption\":\"Webdo\"},\"url\":\"https:\\\/\\\/www.webdo.tn\\\/fr\\\/actualite\\\/author\\\/webdo\\\/\"}]}<\/script>\n<!-- \/ Yoast SEO Premium plugin. -->","yoast_head_json":{"title":"L'UTAP s'attend \u00e0 une augmentation du prix du lait \u00e0 la production d'au moins 500 millimes","description":"Le vice-pr\u00e9sident de l'Union tunisienne de l'agriculture et de la p\u00eache (UTAP) charg\u00e9 de la production agricole, Chokri Rezgui, a expliqu\u00e9 que la hausse attendu...","canonical":"https:\/\/www.webdo.tn\/fr\/actualite\/national\/l-utap-s-attend-a-une-augmentation-du-prix-du-lait-a-la-production-d-au-moins-500-mil\/205977\/","og_locale":"fr_FR","og_type":"article","og_title":"L'UTAP s'attend \u00e0 une augmentation du prix du lait \u00e0 la production d'au moins 500 millimes","og_description":"Le vice-pr\u00e9sident de l'Union tunisienne de l'agriculture et de la p\u00eache (UTAP) charg\u00e9 de la production agricole, Chokri Rezgui, a expliqu\u00e9 que la hausse attendu...","og_url":"https:\/\/www.webdo.tn\/fr\/actualite\/national\/l-utap-s-attend-a-une-augmentation-du-prix-du-lait-a-la-production-d-au-moins-500-mil\/205977\/","og_site_name":"webdo","article_publisher":"https:\/\/www.facebook.com\/webdotn","article_published_time":"2023-05-23T20:56:00+00:00","article_modified_time":"2025-05-14T10:41:46+00:00","og_image":[{"width":656,"height":350,"url":"https:\/\/www.webdo.tn\/fr\/wp-content\/uploads\/2023\/05\/4ebb81bf66f6b86c0f18890cf98ff18e.jpeg","type":"image\/jpeg"}],"author":"Webdo","twitter_card":"summary_large_image","twitter_creator":"@webdo_tn","twitter_site":"@webdo_tn","twitter_misc":{"\u00c9crit par":"Webdo","Dur\u00e9e de lecture estim\u00e9e":"1 minute"},"schema":{"@context":"https:\/\/schema.org","@graph":[{"@type":"NewsArticle","@id":"https:\/\/www.webdo.tn\/fr\/actualite\/national\/l-utap-s-attend-a-une-augmentation-du-prix-du-lait-a-la-production-d-au-moins-500-mil\/205977\/#article","isPartOf":{"@id":"https:\/\/www.webdo.tn\/fr\/actualite\/national\/l-utap-s-attend-a-une-augmentation-du-prix-du-lait-a-la-production-d-au-moins-500-mil\/205977\/"},"author":{"name":"Webdo","@id":"https:\/\/www.webdo.tn\/fr\/#\/schema\/person\/1f4e491e0907b413d61089e8eb573acc"},"headline":"L&rsquo;UTAP s&rsquo;attend \u00e0 une augmentation du prix du lait \u00e0 la production d&rsquo;au moins 500 millimes","datePublished":"2023-05-23T20:56:00+00:00","dateModified":"2025-05-14T10:41:46+00:00","mainEntityOfPage":{"@id":"https:\/\/www.webdo.tn\/fr\/actualite\/national\/l-utap-s-attend-a-une-augmentation-du-prix-du-lait-a-la-production-d-au-moins-500-mil\/205977\/"},"wordCount":197,"commentCount":0,"publisher":{"@id":"https:\/\/www.webdo.tn\/fr\/#organization"},"image":{"@id":"https:\/\/www.webdo.tn\/fr\/actualite\/national\/l-utap-s-attend-a-une-augmentation-du-prix-du-lait-a-la-production-d-au-moins-500-mil\/205977\/#primaryimage"},"thumbnailUrl":"https:\/\/www.webdo.tn\/fr\/wp-content\/uploads\/2023\/05\/4ebb81bf66f6b86c0f18890cf98ff18e.jpeg","keywords":["ajustement","fili\u00e8re laiti\u00e8re","hausse","Lait","Tunisie","UTAP"],"articleSection":["National"],"inLanguage":"fr-FR"},{"@type":"WebPage","@id":"https:\/\/www.webdo.tn\/fr\/actualite\/national\/l-utap-s-attend-a-une-augmentation-du-prix-du-lait-a-la-production-d-au-moins-500-mil\/205977\/","url":"https:\/\/www.webdo.tn\/fr\/actualite\/national\/l-utap-s-attend-a-une-augmentation-du-prix-du-lait-a-la-production-d-au-moins-500-mil\/205977\/","name":"L'UTAP s'attend \u00e0 une augmentation du prix du lait \u00e0 la production d'au moins 500 millimes","isPartOf":{"@id":"https:\/\/www.webdo.tn\/fr\/#website"},"primaryImageOfPage":{"@id":"https:\/\/www.webdo.tn\/fr\/actualite\/national\/l-utap-s-attend-a-une-augmentation-du-prix-du-lait-a-la-production-d-au-moins-500-mil\/205977\/#primaryimage"},"image":{"@id":"https:\/\/www.webdo.tn\/fr\/actualite\/national\/l-utap-s-attend-a-une-augmentation-du-prix-du-lait-a-la-production-d-au-moins-500-mil\/205977\/#primaryimage"},"thumbnailUrl":"https:\/\/www.webdo.tn\/fr\/wp-content\/uploads\/2023\/05\/4ebb81bf66f6b86c0f18890cf98ff18e.jpeg","datePublished":"2023-05-23T20:56:00+00:00","dateModified":"2025-05-14T10:41:46+00:00","description":"Le vice-pr\u00e9sident de l'Union tunisienne de l'agriculture et de la p\u00eache (UTAP) charg\u00e9 de la production agricole, Chokri Rezgui, a expliqu\u00e9 que la hausse attendu...","breadcrumb":{"@id":"https:\/\/www.webdo.tn\/fr\/actualite\/national\/l-utap-s-attend-a-une-augmentation-du-prix-du-lait-a-la-production-d-au-moins-500-mil\/205977\/#breadcrumb"},"inLanguage":"fr-FR","potentialAction":[{"@type":"ReadAction","target":["https:\/\/www.webdo.tn\/fr\/actualite\/national\/l-utap-s-attend-a-une-augmentation-du-prix-du-lait-a-la-production-d-au-moins-500-mil\/205977\/"]}]},{"@type":"ImageObject","inLanguage":"fr-FR","@id":"https:\/\/www.webdo.tn\/fr\/actualite\/national\/l-utap-s-attend-a-une-augmentation-du-prix-du-lait-a-la-production-d-au-moins-500-mil\/205977\/#primaryimage","url":"https:\/\/www.webdo.tn\/fr\/wp-content\/uploads\/2023\/05\/4ebb81bf66f6b86c0f18890cf98ff18e.jpeg","contentUrl":"https:\/\/www.webdo.tn\/fr\/wp-content\/uploads\/2023\/05\/4ebb81bf66f6b86c0f18890cf98ff18e.jpeg","width":656,"height":350,"caption":"L'UTAP s'attend \u00e0 une augmentation du prix du lait \u00e0 la production d'au moins 500 millimes"},{"@type":"BreadcrumbList","@id":"https:\/\/www.webdo.tn\/fr\/actualite\/national\/l-utap-s-attend-a-une-augmentation-du-prix-du-lait-a-la-production-d-au-moins-500-mil\/205977\/#breadcrumb","itemListElement":[{"@type":"ListItem","position":1,"name":"Accueil","item":"https:\/\/www.webdo.tn\/fr\/"},{"@type":"ListItem","position":2,"name":"L&#8217;UTAP s&#8217;attend \u00e0 une augmentation du prix du lait \u00e0 la production d&#8217;au moins 500 millimes"}]},{"@type":"WebSite","@id":"https:\/\/www.webdo.tn\/fr\/#website","url":"https:\/\/www.webdo.tn\/fr\/","name":"webdo","description":"Tunisie - News en Tunisie et \u00e0 l&#039;international sur Webdo.tn","publisher":{"@id":"https:\/\/www.webdo.tn\/fr\/#organization"},"potentialAction":[{"@type":"SearchAction","target":{"@type":"EntryPoint","urlTemplate":"https:\/\/www.webdo.tn\/fr\/?s={search_term_string}"},"query-input":{"@type":"PropertyValueSpecification","valueRequired":true,"valueName":"search_term_string"}}],"inLanguage":"fr-FR"},{"@type":"Organization","@id":"https:\/\/www.webdo.tn\/fr\/#organization","name":"Webdo","alternateName":"Webdo.tn","url":"https:\/\/www.webdo.tn\/fr\/","logo":{"@type":"ImageObject","inLanguage":"fr-FR","@id":"https:\/\/www.webdo.tn\/fr\/#\/schema\/logo\/image\/","url":"https:\/\/www.webdo.tn\/fr\/wp-content\/uploads\/2025\/06\/Webdo-Tunisie_168377.jpg","contentUrl":"https:\/\/www.webdo.tn\/fr\/wp-content\/uploads\/2025\/06\/Webdo-Tunisie_168377.jpg","width":301,"height":301,"caption":"Webdo"},"image":{"@id":"https:\/\/www.webdo.tn\/fr\/#\/schema\/logo\/image\/"},"sameAs":["https:\/\/www.facebook.com\/webdotn","https:\/\/x.com\/webdo_tn"],"description":"Webdo est un m\u00e9dia num\u00e9rique tunisien fond\u00e9 en 2010, sp\u00e9cialis\u00e9 dans l\u2019actualit\u00e9 nationale et internationale, l\u2019\u00e9conomie, la soci\u00e9t\u00e9 et les analyses politiques. Le site s\u2019adresse \u00e0 un large public francophone et couvre l\u2019information tunisienne en temps r\u00e9el.","email":"redac@webdo.tn","legalName":"YNJ SARL","foundingDate":"2010-09-06","numberOfEmployees":{"@type":"QuantitativeValue","minValue":"11","maxValue":"50"}},{"@type":"Person","@id":"https:\/\/www.webdo.tn\/fr\/#\/schema\/person\/1f4e491e0907b413d61089e8eb573acc","name":"Webdo","image":{"@type":"ImageObject","inLanguage":"fr-FR","@id":"https:\/\/secure.gravatar.com\/avatar\/de97aeec1bb80978a9dbb127e47dfc88aaacb2f3c29aac907d8d3222e3495d49?s=96&d=mm&r=g","url":"https:\/\/secure.gravatar.com\/avatar\/de97aeec1bb80978a9dbb127e47dfc88aaacb2f3c29aac907d8d3222e3495d49?s=96&d=mm&r=g","contentUrl":"https:\/\/secure.gravatar.com\/avatar\/de97aeec1bb80978a9dbb127e47dfc88aaacb2f3c29aac907d8d3222e3495d49?s=96&d=mm&r=g","caption":"Webdo"},"url":"https:\/\/www.webdo.tn\/fr\/actualite\/author\/webdo\/"}]}},"_links":{"self":[{"href":"https:\/\/www.webdo.tn\/fr\/wp-json\/wp\/v2\/posts\/205977","targetHints":{"allow":["GET"]}}],"collection":[{"href":"https:\/\/www.webdo.tn\/fr\/wp-json\/wp\/v2\/posts"}],"about":[{"href":"https:\/\/www.webdo.tn\/fr\/wp-json\/wp\/v2\/types\/post"}],"author":[{"embeddable":true,"href":"https:\/\/www.webdo.tn\/fr\/wp-json\/wp\/v2\/users\/3169"}],"replies":[{"embeddable":true,"href":"https:\/\/www.webdo.tn\/fr\/wp-json\/wp\/v2\/comments?post=205977"}],"version-history":[{"count":0,"href":"https:\/\/www.webdo.tn\/fr\/wp-json\/wp\/v2\/posts\/205977\/revisions"}],"wp:featuredmedia":[{"embeddable":true,"href":"https:\/\/www.webdo.tn\/fr\/wp-json\/wp\/v2\/media\/251079"}],"wp:attachment":[{"href":"https:\/\/www.webdo.tn\/fr\/wp-json\/wp\/v2\/media?parent=205977"}],"wp:term":[{"taxonomy":"category","embeddable":true,"href":"https:\/\/www.webdo.tn\/fr\/wp-json\/wp\/v2\/categories?post=205977"},{"taxonomy":"post_tag","embeddable":true,"href":"https:\/\/www.webdo.tn\/fr\/wp-json\/wp\/v2\/tags?post=205977"}],"curies":[{"name":"wp","href":"https:\/\/api.w.org\/{rel}","templated":true}]}}