{"id":205972,"date":"2023-05-23T19:05:00","date_gmt":"2023-05-23T19:05:00","guid":{"rendered":"https:\/\/www.webdo.tn\/fr\/blog\/ligue-1-l-esperance-se-rebiffe-et-remonte-sur-le-podium\/205972\/"},"modified":"2025-05-14T10:41:43","modified_gmt":"2025-05-14T10:41:43","slug":"ligue-1-l-esperance-se-rebiffe-et-remonte-sur-le-podium","status":"publish","type":"post","link":"https:\/\/www.webdo.tn\/fr\/actualite\/sport\/ligue-1-l-esperance-se-rebiffe-et-remonte-sur-le-podium\/205972\/","title":{"rendered":"Ligue 1 : L&rsquo;Esp\u00e9rance se rebiffe et remonte sur le podium"},"content":{"rendered":"<p>Oppos\u00e9s \u00e0 l&rsquo;US Tataouine, au cours du match en retard de la 7\u00e8me journ\u00e9e des Play-offs, l&rsquo;Esp\u00e9rance a remport\u00e9 les trois points et remonte ainsi \u00e0 la troisi\u00e8me place au classement, \u00e0 un point du CA et \u00e0 cinq de l&rsquo;ESS.<\/p>\n<p>\t\t\t\t\t\t\t\t\tAvec un onze de d\u00e9part remani\u00e9e, en raison des blessures et autres suspensions, les Sang et Or ont domin\u00e9 la rencontre de bout en bout, pour la premi\u00e8re de Moine Chaabani, sur leur banc.<\/p>\n<p>Anis Badri a ouvert le score en premi\u00e8re p\u00e9riode, pour l&rsquo;EST, avant que les entrants Mimouni et Charara ne fassent trembler les filets, au retour des vestiaires.<\/p>\n","protected":false},"excerpt":{"rendered":"<p>Oppos\u00e9s \u00e0 l&rsquo;US Tataouine, au cours du match en retard de la 7\u00e8me journ\u00e9e des Play-offs, l&rsquo;Esp\u00e9rance a remport\u00e9 les trois points et remonte ainsi \u00e0 la troisi\u00e8me&#8230;<\/p>\n","protected":false},"author":3169,"featured_media":251075,"comment_status":"open","ping_status":"closed","sticky":false,"template":"","format":"standard","meta":{"footnotes":""},"categories":[2593],"tags":[5122,3436,2777,6308,2608],"class_list":["post-205972","post","type-post","status-publish","format-standard","has-post-thumbnail","hentry","category-sport","tag-esperance-sportive-de-tunis","tag-est","tag-ligue-1","tag-play-off","tag-tunisie"],"yoast_head":"<!-- This site is optimized with the Yoast SEO Premium plugin v27.5 (Yoast SEO v27.5) - https:\/\/yoast.com\/product\/yoast-seo-premium-wordpress\/ -->\n<title>Ligue 1 : L&#039;Esp\u00e9rance se rebiffe et remonte sur le podium<\/title>\n<meta name=\"description\" content=\"Oppos\u00e9s \u00e0 l&#039;US Tataouine, au cours du match en retard de la 7\u00e8me journ\u00e9e des Play-offs, l&#039;Esp\u00e9rance a remport\u00e9 les trois points et remonte ainsi \u00e0 la troisi\u00e8me...\" \/>\n<link rel=\"canonical\" href=\"https:\/\/www.webdo.tn\/fr\/actualite\/sport\/ligue-1-l-esperance-se-rebiffe-et-remonte-sur-le-podium\/205972\/\" \/>\n<meta property=\"og:locale\" content=\"fr_FR\" \/>\n<meta property=\"og:type\" content=\"article\" \/>\n<meta property=\"og:title\" content=\"Ligue 1 : L&#039;Esp\u00e9rance se rebiffe et remonte sur le podium\" \/>\n<meta property=\"og:description\" content=\"Oppos\u00e9s \u00e0 l&#039;US Tataouine, au cours du match en retard de la 7\u00e8me journ\u00e9e des Play-offs, l&#039;Esp\u00e9rance a remport\u00e9 les trois points et remonte ainsi \u00e0 la troisi\u00e8me...\" \/>\n<meta property=\"og:url\" content=\"https:\/\/www.webdo.tn\/fr\/actualite\/sport\/ligue-1-l-esperance-se-rebiffe-et-remonte-sur-le-podium\/205972\/\" \/>\n<meta property=\"og:site_name\" content=\"webdo\" \/>\n<meta property=\"article:publisher\" content=\"https:\/\/www.facebook.com\/webdotn\" \/>\n<meta property=\"article:published_time\" content=\"2023-05-23T19:05:00+00:00\" \/>\n<meta property=\"article:modified_time\" content=\"2025-05-14T10:41:43+00:00\" \/>\n<meta property=\"og:image\" content=\"https:\/\/www.webdo.tn\/fr\/wp-content\/uploads\/2023\/05\/b2dc8588cb10c1673050ea1e00876784.jpg\" \/>\n\t<meta property=\"og:image:width\" content=\"750\" \/>\n\t<meta property=\"og:image:height\" content=\"400\" \/>\n\t<meta property=\"og:image:type\" content=\"image\/jpeg\" \/>\n<meta name=\"author\" content=\"Webdo\" \/>\n<meta name=\"twitter:card\" content=\"summary_large_image\" \/>\n<meta name=\"twitter:creator\" content=\"@webdo_tn\" \/>\n<meta name=\"twitter:site\" content=\"@webdo_tn\" \/>\n<meta name=\"twitter:label1\" content=\"\u00c9crit par\" \/>\n\t<meta name=\"twitter:data1\" content=\"Webdo\" \/>\n\t<meta name=\"twitter:label2\" content=\"Dur\u00e9e de lecture estim\u00e9e\" \/>\n\t<meta name=\"twitter:data2\" content=\"1 minute\" \/>\n<script type=\"application\/ld+json\" class=\"yoast-schema-graph\">{\"@context\":\"https:\\\/\\\/schema.org\",\"@graph\":[{\"@type\":\"NewsArticle\",\"@id\":\"https:\\\/\\\/www.webdo.tn\\\/fr\\\/actualite\\\/sport\\\/ligue-1-l-esperance-se-rebiffe-et-remonte-sur-le-podium\\\/205972\\\/#article\",\"isPartOf\":{\"@id\":\"https:\\\/\\\/www.webdo.tn\\\/fr\\\/actualite\\\/sport\\\/ligue-1-l-esperance-se-rebiffe-et-remonte-sur-le-podium\\\/205972\\\/\"},\"author\":{\"name\":\"Webdo\",\"@id\":\"https:\\\/\\\/www.webdo.tn\\\/fr\\\/#\\\/schema\\\/person\\\/1f4e491e0907b413d61089e8eb573acc\"},\"headline\":\"Ligue 1 : L&rsquo;Esp\u00e9rance se rebiffe et remonte sur le podium\",\"datePublished\":\"2023-05-23T19:05:00+00:00\",\"dateModified\":\"2025-05-14T10:41:43+00:00\",\"mainEntityOfPage\":{\"@id\":\"https:\\\/\\\/www.webdo.tn\\\/fr\\\/actualite\\\/sport\\\/ligue-1-l-esperance-se-rebiffe-et-remonte-sur-le-podium\\\/205972\\\/\"},\"wordCount\":122,\"commentCount\":0,\"publisher\":{\"@id\":\"https:\\\/\\\/www.webdo.tn\\\/fr\\\/#organization\"},\"image\":{\"@id\":\"https:\\\/\\\/www.webdo.tn\\\/fr\\\/actualite\\\/sport\\\/ligue-1-l-esperance-se-rebiffe-et-remonte-sur-le-podium\\\/205972\\\/#primaryimage\"},\"thumbnailUrl\":\"https:\\\/\\\/www.webdo.tn\\\/fr\\\/wp-content\\\/uploads\\\/2023\\\/05\\\/b2dc8588cb10c1673050ea1e00876784.jpg\",\"keywords\":[\"Esp\u00e9rance Sportive de Tunis\",\"EST\",\"Ligue 1\",\"play-off\",\"Tunisie\"],\"articleSection\":[\"Sport\"],\"inLanguage\":\"fr-FR\"},{\"@type\":\"WebPage\",\"@id\":\"https:\\\/\\\/www.webdo.tn\\\/fr\\\/actualite\\\/sport\\\/ligue-1-l-esperance-se-rebiffe-et-remonte-sur-le-podium\\\/205972\\\/\",\"url\":\"https:\\\/\\\/www.webdo.tn\\\/fr\\\/actualite\\\/sport\\\/ligue-1-l-esperance-se-rebiffe-et-remonte-sur-le-podium\\\/205972\\\/\",\"name\":\"Ligue 1 : L'Esp\u00e9rance se rebiffe et remonte sur le podium\",\"isPartOf\":{\"@id\":\"https:\\\/\\\/www.webdo.tn\\\/fr\\\/#website\"},\"primaryImageOfPage\":{\"@id\":\"https:\\\/\\\/www.webdo.tn\\\/fr\\\/actualite\\\/sport\\\/ligue-1-l-esperance-se-rebiffe-et-remonte-sur-le-podium\\\/205972\\\/#primaryimage\"},\"image\":{\"@id\":\"https:\\\/\\\/www.webdo.tn\\\/fr\\\/actualite\\\/sport\\\/ligue-1-l-esperance-se-rebiffe-et-remonte-sur-le-podium\\\/205972\\\/#primaryimage\"},\"thumbnailUrl\":\"https:\\\/\\\/www.webdo.tn\\\/fr\\\/wp-content\\\/uploads\\\/2023\\\/05\\\/b2dc8588cb10c1673050ea1e00876784.jpg\",\"datePublished\":\"2023-05-23T19:05:00+00:00\",\"dateModified\":\"2025-05-14T10:41:43+00:00\",\"description\":\"Oppos\u00e9s \u00e0 l'US Tataouine, au cours du match en retard de la 7\u00e8me journ\u00e9e des Play-offs, l'Esp\u00e9rance a remport\u00e9 les trois points et remonte ainsi \u00e0 la troisi\u00e8me...\",\"breadcrumb\":{\"@id\":\"https:\\\/\\\/www.webdo.tn\\\/fr\\\/actualite\\\/sport\\\/ligue-1-l-esperance-se-rebiffe-et-remonte-sur-le-podium\\\/205972\\\/#breadcrumb\"},\"inLanguage\":\"fr-FR\",\"potentialAction\":[{\"@type\":\"ReadAction\",\"target\":[\"https:\\\/\\\/www.webdo.tn\\\/fr\\\/actualite\\\/sport\\\/ligue-1-l-esperance-se-rebiffe-et-remonte-sur-le-podium\\\/205972\\\/\"]}]},{\"@type\":\"ImageObject\",\"inLanguage\":\"fr-FR\",\"@id\":\"https:\\\/\\\/www.webdo.tn\\\/fr\\\/actualite\\\/sport\\\/ligue-1-l-esperance-se-rebiffe-et-remonte-sur-le-podium\\\/205972\\\/#primaryimage\",\"url\":\"https:\\\/\\\/www.webdo.tn\\\/fr\\\/wp-content\\\/uploads\\\/2023\\\/05\\\/b2dc8588cb10c1673050ea1e00876784.jpg\",\"contentUrl\":\"https:\\\/\\\/www.webdo.tn\\\/fr\\\/wp-content\\\/uploads\\\/2023\\\/05\\\/b2dc8588cb10c1673050ea1e00876784.jpg\",\"width\":750,\"height\":400,\"caption\":\"Ligue 1 : L'Esp\u00e9rance se rebiffe et remonte sur le podium\"},{\"@type\":\"BreadcrumbList\",\"@id\":\"https:\\\/\\\/www.webdo.tn\\\/fr\\\/actualite\\\/sport\\\/ligue-1-l-esperance-se-rebiffe-et-remonte-sur-le-podium\\\/205972\\\/#breadcrumb\",\"itemListElement\":[{\"@type\":\"ListItem\",\"position\":1,\"name\":\"Accueil\",\"item\":\"https:\\\/\\\/www.webdo.tn\\\/fr\\\/\"},{\"@type\":\"ListItem\",\"position\":2,\"name\":\"Ligue 1 : L&rsquo;Esp\u00e9rance se rebiffe et remonte sur le podium\"}]},{\"@type\":\"WebSite\",\"@id\":\"https:\\\/\\\/www.webdo.tn\\\/fr\\\/#website\",\"url\":\"https:\\\/\\\/www.webdo.tn\\\/fr\\\/\",\"name\":\"webdo\",\"description\":\"Tunisie - News en Tunisie et \u00e0 l&#039;international sur Webdo.tn\",\"publisher\":{\"@id\":\"https:\\\/\\\/www.webdo.tn\\\/fr\\\/#organization\"},\"potentialAction\":[{\"@type\":\"SearchAction\",\"target\":{\"@type\":\"EntryPoint\",\"urlTemplate\":\"https:\\\/\\\/www.webdo.tn\\\/fr\\\/?s={search_term_string}\"},\"query-input\":{\"@type\":\"PropertyValueSpecification\",\"valueRequired\":true,\"valueName\":\"search_term_string\"}}],\"inLanguage\":\"fr-FR\"},{\"@type\":\"Organization\",\"@id\":\"https:\\\/\\\/www.webdo.tn\\\/fr\\\/#organization\",\"name\":\"Webdo\",\"alternateName\":\"Webdo.tn\",\"url\":\"https:\\\/\\\/www.webdo.tn\\\/fr\\\/\",\"logo\":{\"@type\":\"ImageObject\",\"inLanguage\":\"fr-FR\",\"@id\":\"https:\\\/\\\/www.webdo.tn\\\/fr\\\/#\\\/schema\\\/logo\\\/image\\\/\",\"url\":\"https:\\\/\\\/www.webdo.tn\\\/fr\\\/wp-content\\\/uploads\\\/2025\\\/06\\\/Webdo-Tunisie_168377.jpg\",\"contentUrl\":\"https:\\\/\\\/www.webdo.tn\\\/fr\\\/wp-content\\\/uploads\\\/2025\\\/06\\\/Webdo-Tunisie_168377.jpg\",\"width\":301,\"height\":301,\"caption\":\"Webdo\"},\"image\":{\"@id\":\"https:\\\/\\\/www.webdo.tn\\\/fr\\\/#\\\/schema\\\/logo\\\/image\\\/\"},\"sameAs\":[\"https:\\\/\\\/www.facebook.com\\\/webdotn\",\"https:\\\/\\\/x.com\\\/webdo_tn\"],\"description\":\"Webdo est un m\u00e9dia num\u00e9rique tunisien fond\u00e9 en 2010, sp\u00e9cialis\u00e9 dans l\u2019actualit\u00e9 nationale et internationale, l\u2019\u00e9conomie, la soci\u00e9t\u00e9 et les analyses politiques. Le site s\u2019adresse \u00e0 un large public francophone et couvre l\u2019information tunisienne en temps r\u00e9el.\",\"email\":\"redac@webdo.tn\",\"legalName\":\"YNJ SARL\",\"foundingDate\":\"2010-09-06\",\"numberOfEmployees\":{\"@type\":\"QuantitativeValue\",\"minValue\":\"11\",\"maxValue\":\"50\"}},{\"@type\":\"Person\",\"@id\":\"https:\\\/\\\/www.webdo.tn\\\/fr\\\/#\\\/schema\\\/person\\\/1f4e491e0907b413d61089e8eb573acc\",\"name\":\"Webdo\",\"image\":{\"@type\":\"ImageObject\",\"inLanguage\":\"fr-FR\",\"@id\":\"https:\\\/\\\/secure.gravatar.com\\\/avatar\\\/de97aeec1bb80978a9dbb127e47dfc88aaacb2f3c29aac907d8d3222e3495d49?s=96&d=mm&r=g\",\"url\":\"https:\\\/\\\/secure.gravatar.com\\\/avatar\\\/de97aeec1bb80978a9dbb127e47dfc88aaacb2f3c29aac907d8d3222e3495d49?s=96&d=mm&r=g\",\"contentUrl\":\"https:\\\/\\\/secure.gravatar.com\\\/avatar\\\/de97aeec1bb80978a9dbb127e47dfc88aaacb2f3c29aac907d8d3222e3495d49?s=96&d=mm&r=g\",\"caption\":\"Webdo\"},\"url\":\"https:\\\/\\\/www.webdo.tn\\\/fr\\\/actualite\\\/author\\\/webdo\\\/\"}]}<\/script>\n<!-- \/ Yoast SEO Premium plugin. -->","yoast_head_json":{"title":"Ligue 1 : L'Esp\u00e9rance se rebiffe et remonte sur le podium","description":"Oppos\u00e9s \u00e0 l'US Tataouine, au cours du match en retard de la 7\u00e8me journ\u00e9e des Play-offs, l'Esp\u00e9rance a remport\u00e9 les trois points et remonte ainsi \u00e0 la troisi\u00e8me...","canonical":"https:\/\/www.webdo.tn\/fr\/actualite\/sport\/ligue-1-l-esperance-se-rebiffe-et-remonte-sur-le-podium\/205972\/","og_locale":"fr_FR","og_type":"article","og_title":"Ligue 1 : L'Esp\u00e9rance se rebiffe et remonte sur le podium","og_description":"Oppos\u00e9s \u00e0 l'US Tataouine, au cours du match en retard de la 7\u00e8me journ\u00e9e des Play-offs, l'Esp\u00e9rance a remport\u00e9 les trois points et remonte ainsi \u00e0 la troisi\u00e8me...","og_url":"https:\/\/www.webdo.tn\/fr\/actualite\/sport\/ligue-1-l-esperance-se-rebiffe-et-remonte-sur-le-podium\/205972\/","og_site_name":"webdo","article_publisher":"https:\/\/www.facebook.com\/webdotn","article_published_time":"2023-05-23T19:05:00+00:00","article_modified_time":"2025-05-14T10:41:43+00:00","og_image":[{"width":750,"height":400,"url":"https:\/\/www.webdo.tn\/fr\/wp-content\/uploads\/2023\/05\/b2dc8588cb10c1673050ea1e00876784.jpg","type":"image\/jpeg"}],"author":"Webdo","twitter_card":"summary_large_image","twitter_creator":"@webdo_tn","twitter_site":"@webdo_tn","twitter_misc":{"\u00c9crit par":"Webdo","Dur\u00e9e de lecture estim\u00e9e":"1 minute"},"schema":{"@context":"https:\/\/schema.org","@graph":[{"@type":"NewsArticle","@id":"https:\/\/www.webdo.tn\/fr\/actualite\/sport\/ligue-1-l-esperance-se-rebiffe-et-remonte-sur-le-podium\/205972\/#article","isPartOf":{"@id":"https:\/\/www.webdo.tn\/fr\/actualite\/sport\/ligue-1-l-esperance-se-rebiffe-et-remonte-sur-le-podium\/205972\/"},"author":{"name":"Webdo","@id":"https:\/\/www.webdo.tn\/fr\/#\/schema\/person\/1f4e491e0907b413d61089e8eb573acc"},"headline":"Ligue 1 : L&rsquo;Esp\u00e9rance se rebiffe et remonte sur le podium","datePublished":"2023-05-23T19:05:00+00:00","dateModified":"2025-05-14T10:41:43+00:00","mainEntityOfPage":{"@id":"https:\/\/www.webdo.tn\/fr\/actualite\/sport\/ligue-1-l-esperance-se-rebiffe-et-remonte-sur-le-podium\/205972\/"},"wordCount":122,"commentCount":0,"publisher":{"@id":"https:\/\/www.webdo.tn\/fr\/#organization"},"image":{"@id":"https:\/\/www.webdo.tn\/fr\/actualite\/sport\/ligue-1-l-esperance-se-rebiffe-et-remonte-sur-le-podium\/205972\/#primaryimage"},"thumbnailUrl":"https:\/\/www.webdo.tn\/fr\/wp-content\/uploads\/2023\/05\/b2dc8588cb10c1673050ea1e00876784.jpg","keywords":["Esp\u00e9rance Sportive de Tunis","EST","Ligue 1","play-off","Tunisie"],"articleSection":["Sport"],"inLanguage":"fr-FR"},{"@type":"WebPage","@id":"https:\/\/www.webdo.tn\/fr\/actualite\/sport\/ligue-1-l-esperance-se-rebiffe-et-remonte-sur-le-podium\/205972\/","url":"https:\/\/www.webdo.tn\/fr\/actualite\/sport\/ligue-1-l-esperance-se-rebiffe-et-remonte-sur-le-podium\/205972\/","name":"Ligue 1 : L'Esp\u00e9rance se rebiffe et remonte sur le podium","isPartOf":{"@id":"https:\/\/www.webdo.tn\/fr\/#website"},"primaryImageOfPage":{"@id":"https:\/\/www.webdo.tn\/fr\/actualite\/sport\/ligue-1-l-esperance-se-rebiffe-et-remonte-sur-le-podium\/205972\/#primaryimage"},"image":{"@id":"https:\/\/www.webdo.tn\/fr\/actualite\/sport\/ligue-1-l-esperance-se-rebiffe-et-remonte-sur-le-podium\/205972\/#primaryimage"},"thumbnailUrl":"https:\/\/www.webdo.tn\/fr\/wp-content\/uploads\/2023\/05\/b2dc8588cb10c1673050ea1e00876784.jpg","datePublished":"2023-05-23T19:05:00+00:00","dateModified":"2025-05-14T10:41:43+00:00","description":"Oppos\u00e9s \u00e0 l'US Tataouine, au cours du match en retard de la 7\u00e8me journ\u00e9e des Play-offs, l'Esp\u00e9rance a remport\u00e9 les trois points et remonte ainsi \u00e0 la troisi\u00e8me...","breadcrumb":{"@id":"https:\/\/www.webdo.tn\/fr\/actualite\/sport\/ligue-1-l-esperance-se-rebiffe-et-remonte-sur-le-podium\/205972\/#breadcrumb"},"inLanguage":"fr-FR","potentialAction":[{"@type":"ReadAction","target":["https:\/\/www.webdo.tn\/fr\/actualite\/sport\/ligue-1-l-esperance-se-rebiffe-et-remonte-sur-le-podium\/205972\/"]}]},{"@type":"ImageObject","inLanguage":"fr-FR","@id":"https:\/\/www.webdo.tn\/fr\/actualite\/sport\/ligue-1-l-esperance-se-rebiffe-et-remonte-sur-le-podium\/205972\/#primaryimage","url":"https:\/\/www.webdo.tn\/fr\/wp-content\/uploads\/2023\/05\/b2dc8588cb10c1673050ea1e00876784.jpg","contentUrl":"https:\/\/www.webdo.tn\/fr\/wp-content\/uploads\/2023\/05\/b2dc8588cb10c1673050ea1e00876784.jpg","width":750,"height":400,"caption":"Ligue 1 : L'Esp\u00e9rance se rebiffe et remonte sur le podium"},{"@type":"BreadcrumbList","@id":"https:\/\/www.webdo.tn\/fr\/actualite\/sport\/ligue-1-l-esperance-se-rebiffe-et-remonte-sur-le-podium\/205972\/#breadcrumb","itemListElement":[{"@type":"ListItem","position":1,"name":"Accueil","item":"https:\/\/www.webdo.tn\/fr\/"},{"@type":"ListItem","position":2,"name":"Ligue 1 : L&rsquo;Esp\u00e9rance se rebiffe et remonte sur le podium"}]},{"@type":"WebSite","@id":"https:\/\/www.webdo.tn\/fr\/#website","url":"https:\/\/www.webdo.tn\/fr\/","name":"webdo","description":"Tunisie - News en Tunisie et \u00e0 l&#039;international sur Webdo.tn","publisher":{"@id":"https:\/\/www.webdo.tn\/fr\/#organization"},"potentialAction":[{"@type":"SearchAction","target":{"@type":"EntryPoint","urlTemplate":"https:\/\/www.webdo.tn\/fr\/?s={search_term_string}"},"query-input":{"@type":"PropertyValueSpecification","valueRequired":true,"valueName":"search_term_string"}}],"inLanguage":"fr-FR"},{"@type":"Organization","@id":"https:\/\/www.webdo.tn\/fr\/#organization","name":"Webdo","alternateName":"Webdo.tn","url":"https:\/\/www.webdo.tn\/fr\/","logo":{"@type":"ImageObject","inLanguage":"fr-FR","@id":"https:\/\/www.webdo.tn\/fr\/#\/schema\/logo\/image\/","url":"https:\/\/www.webdo.tn\/fr\/wp-content\/uploads\/2025\/06\/Webdo-Tunisie_168377.jpg","contentUrl":"https:\/\/www.webdo.tn\/fr\/wp-content\/uploads\/2025\/06\/Webdo-Tunisie_168377.jpg","width":301,"height":301,"caption":"Webdo"},"image":{"@id":"https:\/\/www.webdo.tn\/fr\/#\/schema\/logo\/image\/"},"sameAs":["https:\/\/www.facebook.com\/webdotn","https:\/\/x.com\/webdo_tn"],"description":"Webdo est un m\u00e9dia num\u00e9rique tunisien fond\u00e9 en 2010, sp\u00e9cialis\u00e9 dans l\u2019actualit\u00e9 nationale et internationale, l\u2019\u00e9conomie, la soci\u00e9t\u00e9 et les analyses politiques. Le site s\u2019adresse \u00e0 un large public francophone et couvre l\u2019information tunisienne en temps r\u00e9el.","email":"redac@webdo.tn","legalName":"YNJ SARL","foundingDate":"2010-09-06","numberOfEmployees":{"@type":"QuantitativeValue","minValue":"11","maxValue":"50"}},{"@type":"Person","@id":"https:\/\/www.webdo.tn\/fr\/#\/schema\/person\/1f4e491e0907b413d61089e8eb573acc","name":"Webdo","image":{"@type":"ImageObject","inLanguage":"fr-FR","@id":"https:\/\/secure.gravatar.com\/avatar\/de97aeec1bb80978a9dbb127e47dfc88aaacb2f3c29aac907d8d3222e3495d49?s=96&d=mm&r=g","url":"https:\/\/secure.gravatar.com\/avatar\/de97aeec1bb80978a9dbb127e47dfc88aaacb2f3c29aac907d8d3222e3495d49?s=96&d=mm&r=g","contentUrl":"https:\/\/secure.gravatar.com\/avatar\/de97aeec1bb80978a9dbb127e47dfc88aaacb2f3c29aac907d8d3222e3495d49?s=96&d=mm&r=g","caption":"Webdo"},"url":"https:\/\/www.webdo.tn\/fr\/actualite\/author\/webdo\/"}]}},"_links":{"self":[{"href":"https:\/\/www.webdo.tn\/fr\/wp-json\/wp\/v2\/posts\/205972","targetHints":{"allow":["GET"]}}],"collection":[{"href":"https:\/\/www.webdo.tn\/fr\/wp-json\/wp\/v2\/posts"}],"about":[{"href":"https:\/\/www.webdo.tn\/fr\/wp-json\/wp\/v2\/types\/post"}],"author":[{"embeddable":true,"href":"https:\/\/www.webdo.tn\/fr\/wp-json\/wp\/v2\/users\/3169"}],"replies":[{"embeddable":true,"href":"https:\/\/www.webdo.tn\/fr\/wp-json\/wp\/v2\/comments?post=205972"}],"version-history":[{"count":0,"href":"https:\/\/www.webdo.tn\/fr\/wp-json\/wp\/v2\/posts\/205972\/revisions"}],"wp:featuredmedia":[{"embeddable":true,"href":"https:\/\/www.webdo.tn\/fr\/wp-json\/wp\/v2\/media\/251075"}],"wp:attachment":[{"href":"https:\/\/www.webdo.tn\/fr\/wp-json\/wp\/v2\/media?parent=205972"}],"wp:term":[{"taxonomy":"category","embeddable":true,"href":"https:\/\/www.webdo.tn\/fr\/wp-json\/wp\/v2\/categories?post=205972"},{"taxonomy":"post_tag","embeddable":true,"href":"https:\/\/www.webdo.tn\/fr\/wp-json\/wp\/v2\/tags?post=205972"}],"curies":[{"name":"wp","href":"https:\/\/api.w.org\/{rel}","templated":true}]}}